{"id":202683,"date":"2025-09-25T10:27:48","date_gmt":"2025-09-25T10:27:48","guid":{"rendered":"https:\/\/www.welovecycling.com\/wide\/?p=202683"},"modified":"2025-09-25T14:40:30","modified_gmt":"2025-09-25T14:40:30","slug":"just-4-km-of-bike-commuting-boosts-fitness-and-cuts-emissions","status":"publish","type":"post","link":"https:\/\/www.welovecycling.com\/wide\/2025\/09\/25\/just-4-km-of-bike-commuting-boosts-fitness-and-cuts-emissions\/","title":{"rendered":"Just 4 km of Bike Commuting Boosts Fitness and Cuts Emissions"},"content":{"rendered":"<p><strong>Cycling just 4 km to work might sound too short to count as exercise, but a new study suggests it\u2019s enough to meaningfully contribute to your fitness and perhaps even our planet\u2019s health. Researchers in Italy and the UK found that even modest bike commutes deliver measurable cardiovascular benefits while slashing carbon emissions compared with driving. Let\u2019s take a closer look.<\/strong><\/p>\n<p><!--more--><\/p>\n<h2><strong>31% higher peak aerobic power<\/strong><\/h2>\n<p><a href=\"https:\/\/pubmed.ncbi.nlm.nih.gov\/40879662\/\">The research,<\/a> published in Experimental Physiology, compared 26 regular bike commuters with 31 car commuters in the city of Udine, Italy. On average, the commute was about 4-5 km one way, roughly a 15-17 minute ride at a self-selected moderate pace.<\/p>\n<p>Despite the short distance, the results were striking. The cyclists had 31% higher peak aerobic power (VO\u2082 peak), a key marker of cardiovascular health. They also showed greater muscle oxidative metabolism, more favourable body composition, and better femoral artery blood flow. In practical terms, their hearts and muscles were simply working more efficiently.<\/p>\n<p>To check causality, the team followed 20 car commuters who agreed to switch to cycling for 6 months. After this period, these new riders showed the same gains in aerobic fitness and vascular function, confirming that the changes were a direct effect of pedalling to work.<\/p>\n<p>\u201cThis study provides a strong case for encouraging active transportation as a simple and effective way to improve personal well-being, reduce our carbon footprint and the environmental impact of transport,\u201d said co-author Dr Caterina Ursella of the University of Udine.<\/p>\n<h2><strong>Why even short rides matter<\/strong><\/h2>\n<p>The most surprising result, according to senior author Prof. Federico Formenti of King\u2019s College London, was just how little was needed: \u201cEven short 4 km bicycle commutes at a leisure pace, a few days per week, are sufficient to improve our health.\u201d<\/p>\n<figure id=\"attachment_194474\" aria-describedby=\"caption-attachment-194474\" style=\"width: 990px\" class=\"wp-caption alignnone\"><a href=\"https:\/\/d2p6e6u75xmxt8.cloudfront.net\/2\/2023\/11\/Paris-Urban-Cycling-profimedia-0803784586-CVR.webp\"><img loading=\"lazy\" decoding=\"async\" class=\"wp-image-194474 size-full\" src=\"https:\/\/d2p6e6u75xmxt8.cloudfront.net\/2\/2023\/11\/Paris-Urban-Cycling-profimedia-0803784586-CVR.webp\" alt=\"Cycling in Paris\" width=\"990\" height=\"660\" srcset=\"https:\/\/d2p6e6u75xmxt8.cloudfront.net\/2\/2023\/11\/Paris-Urban-Cycling-profimedia-0803784586-CVR.webp 990w, https:\/\/d2p6e6u75xmxt8.cloudfront.net\/2\/2023\/11\/Paris-Urban-Cycling-profimedia-0803784586-CVR-300x200.webp 300w, https:\/\/d2p6e6u75xmxt8.cloudfront.net\/2\/2023\/11\/Paris-Urban-Cycling-profimedia-0803784586-CVR-768x512.webp 768w, https:\/\/d2p6e6u75xmxt8.cloudfront.net\/2\/2023\/11\/Paris-Urban-Cycling-profimedia-0803784586-CVR-400x267.webp 400w, https:\/\/d2p6e6u75xmxt8.cloudfront.net\/2\/2023\/11\/Paris-Urban-Cycling-profimedia-0803784586-CVR-272x182.webp 272w\" sizes=\"auto, (max-width: 990px) 100vw, 990px\" \/><\/a><figcaption id=\"caption-attachment-194474\" class=\"wp-caption-text\">Cycling just 4 km to work might sound too short to count as exercise, but a new study suggests it\u2019s enough to meaningfully contribute to your fitness and perhaps even our planet\u2019s health. \u00a9 Profimedia<\/figcaption><\/figure>\n<p>Previous intervention studies often looked at longer commutes of 7\u201315 km, which naturally deliver a solid workout. This new trial shows that even half that distance can move the dial on cardiovascular health. The 6-month \u201cswitchers\u201d burned about 850 kcal per week purely through commuting, just shy of the American College of Sports Medicine\u2019s 1,000 kcal weekly recommendation for health.<\/p>\n<p>For those who log weekend centuries or regular training blocks, that may sound like pocket change. But the real lesson is accessibility: for the many adults who fall into the \u201cminimally active\u201d or \u201cinactive\u201d categories, even brief daily rides to work can provide the missing exercise dose.<\/p>\n<h2><strong>The emissions equation<\/strong><\/h2>\n<p>On the environmental side, the researchers measured CO\u2082 output directly during commuting. The metabolic emissions from cycling were about 10 g CO\u2082 per km, compared with 108 g per km from a gas car. That\u2019s roughly 12 times less. Over 6 months, the group that switched from cars to bikes collectively prevented over a ton of CO\u2082 from entering the atmosphere.<\/p>\n<p>For cyclists who sometimes feel guilty about the emissions tied to race travel or new gear, it\u2019s worth remembering that a simple decision like replacing short car trips with bike rides delivers a measurable climate benefit.<\/p>\n<h2><strong>Evidence keeps piling up for active commuting<\/strong><\/h2>\n<p><a href=\"https:\/\/pubmed.ncbi.nlm.nih.gov\/40018109\/\">This study<\/a> builds on a growing body of research showing that active commuting extends life expectancy and lowers risks of cardiovascular disease, cancer and depression. A recent large-scale Scottish study, for example, linked cycling to work with reduced all-cause mortality and fewer hospital admissions.<\/p>\n<p>What sets the new Italian study apart is its focus on short commutes and its combination of physiological and environmental data. It confirms that the everyday rides many of us dismiss as \u201ctoo small to count\u201d can actually form the backbone of a healthier lifestyle, and a greener city.<\/p>\n<h2><strong>What should you take away?<\/strong><\/h2>\n<p><strong>For non-cyclists:<\/strong> Doing a 15-minute ride, 4 days a week, is enough to improve heart health. That\u2019s a relatively attainable entry point for those who are willing.<\/p>\n<p><strong>For cyclists:<\/strong> Commuting can complement training. While it won\u2019t replace intervals, it boosts your base training, and it\u2019s already built into your lifestyle.<\/p>\n<p><strong>For city officials:<\/strong> As cities look to reduce traffic congestion and carbon output, the message is clear \u2013 supporting safe, accessible bike commutes isn\u2019t just good urban planning, it\u2019s preventive medicine.<\/p>\n<p><strong>For everyone:<\/strong> Cycling is a climate action. Choosing the bike over the car, even for short errands, makes a measurable dent in emissions.<\/p>\n","protected":false},"excerpt":{"rendered":"<p>Cycling just 4 km to work might sound too short to count as exercise, but a new study suggests it\u2019s [&hellip;]<\/p>\n","protected":false},"author":99,"featured_media":202684,"comment_status":"closed","ping_status":"open","sticky":false,"template":"","format":"standard","meta":{"footnotes":""},"categories":[332,330],"tags":[4284,6601,8691,8690,2865],"global-categories":[3366],"class_list":["post-202683","post","type-post","status-publish","format-standard","has-post-thumbnail","hentry","category-health-and-training","category-urban-cycling","tag-bicycle-commuting","tag-cardiovascular-health","tag-cycling-and-fitness","tag-daily-commute","tag-urban-cycling","global-categories-cycling"],"yoast_head":"<!-- This site is optimized with the Yoast SEO Premium plugin v25.3 (Yoast SEO v25.9) - https:\/\/yoast.com\/wordpress\/plugins\/seo\/ -->\n<title>Just 4 km of Bike Commuting Boosts Fitness and Cuts Emissions - \u0160koda We Love Cycling<\/title>\n<meta name=\"description\" content=\"Cycling just 4 km to work might sound too short to count as exercise, but a new study suggests it\u2019s enough to meaningfully contribute to your fitness and\" \/>\n<meta name=\"robots\" content=\"index, follow, max-snippet:-1, max-image-preview:large, max-video-preview:-1\" \/>\n<link rel=\"canonical\" href=\"https:\/\/www.welovecycling.com\/wide\/2025\/09\/25\/just-4-km-of-bike-commuting-boosts-fitness-and-cuts-emissions\/\" \/>\n<meta property=\"og:locale\" content=\"en_US\" \/>\n<meta property=\"og:type\" content=\"article\" \/>\n<meta property=\"og:title\" content=\"Just 4 km of Bike Commuting Boosts Fitness and Cuts Emissions\" \/>\n<meta property=\"og:description\" content=\"Cycling just 4 km to work might sound too short to count as exercise, but a new study suggests it\u2019s enough to meaningfully contribute to your fitness and\" \/>\n<meta property=\"og:url\" content=\"https:\/\/www.welovecycling.com\/wide\/2025\/09\/25\/just-4-km-of-bike-commuting-boosts-fitness-and-cuts-emissions\/\" \/>\n<meta property=\"og:site_name\" content=\"\u0160koda We Love Cycling\" \/>\n<meta property=\"article:published_time\" content=\"2025-09-25T10:27:48+00:00\" \/>\n<meta property=\"article:modified_time\" content=\"2025-09-25T14:40:30+00:00\" \/>\n<meta property=\"og:image\" content=\"https:\/\/d2p6e6u75xmxt8.cloudfront.net\/2\/2025\/09\/Munster-City-Urban-Cycling-Women-profimedia-1032522309-CVR.webp\" \/>\n\t<meta property=\"og:image:width\" content=\"990\" \/>\n\t<meta property=\"og:image:height\" content=\"660\" \/>\n\t<meta property=\"og:image:type\" content=\"image\/webp\" \/>\n<meta name=\"author\" content=\"tereza\" \/>\n<meta name=\"twitter:card\" content=\"summary_large_image\" \/>\n<meta name=\"twitter:label1\" content=\"Written by\" \/>\n\t<meta name=\"twitter:data1\" content=\"Jiri Kaloc\" \/>\n\t<meta name=\"twitter:label2\" content=\"Est. reading time\" \/>\n\t<meta name=\"twitter:data2\" content=\"2\" \/>\n<script type=\"application\/ld+json\" class=\"yoast-schema-graph\">{\"@context\":\"https:\/\/schema.org\",\"@graph\":[{\"@type\":\"WebPage\",\"@id\":\"https:\/\/www.welovecycling.com\/wide\/2025\/09\/25\/just-4-km-of-bike-commuting-boosts-fitness-and-cuts-emissions\/\",\"url\":\"https:\/\/www.welovecycling.com\/wide\/2025\/09\/25\/just-4-km-of-bike-commuting-boosts-fitness-and-cuts-emissions\/\",\"name\":\"Just 4 km of Bike Commuting Boosts Fitness and Cuts Emissions - \u0160koda We Love Cycling\",\"isPartOf\":{\"@id\":\"https:\/\/www.welovecycling.com\/wide\/#website\"},\"primaryImageOfPage\":{\"@id\":\"https:\/\/www.welovecycling.com\/wide\/2025\/09\/25\/just-4-km-of-bike-commuting-boosts-fitness-and-cuts-emissions\/#primaryimage\"},\"image\":{\"@id\":\"https:\/\/www.welovecycling.com\/wide\/2025\/09\/25\/just-4-km-of-bike-commuting-boosts-fitness-and-cuts-emissions\/#primaryimage\"},\"thumbnailUrl\":\"https:\/\/d2p6e6u75xmxt8.cloudfront.net\/2\/2025\/09\/Munster-City-Urban-Cycling-Women-profimedia-1032522309-CVR.webp\",\"datePublished\":\"2025-09-25T10:27:48+00:00\",\"dateModified\":\"2025-09-25T14:40:30+00:00\",\"author\":{\"@id\":\"https:\/\/www.welovecycling.com\/wide\/#\/schema\/person\/50f01ecd18718d2333cf72e823c4f926\"},\"description\":\"Cycling just 4 km to work might sound too short to count as exercise, but a new study suggests it\u2019s enough to meaningfully contribute to your fitness and\",\"breadcrumb\":{\"@id\":\"https:\/\/www.welovecycling.com\/wide\/2025\/09\/25\/just-4-km-of-bike-commuting-boosts-fitness-and-cuts-emissions\/#breadcrumb\"},\"inLanguage\":\"en-US\",\"potentialAction\":[{\"@type\":\"ReadAction\",\"target\":[\"https:\/\/www.welovecycling.com\/wide\/2025\/09\/25\/just-4-km-of-bike-commuting-boosts-fitness-and-cuts-emissions\/\"]}]},{\"@type\":\"ImageObject\",\"inLanguage\":\"en-US\",\"@id\":\"https:\/\/www.welovecycling.com\/wide\/2025\/09\/25\/just-4-km-of-bike-commuting-boosts-fitness-and-cuts-emissions\/#primaryimage\",\"url\":\"https:\/\/d2p6e6u75xmxt8.cloudfront.net\/2\/2025\/09\/Munster-City-Urban-Cycling-Women-profimedia-1032522309-CVR.webp\",\"contentUrl\":\"https:\/\/d2p6e6u75xmxt8.cloudfront.net\/2\/2025\/09\/Munster-City-Urban-Cycling-Women-profimedia-1032522309-CVR.webp\",\"width\":990,\"height\":660,\"caption\":\"Women Cycling\"},{\"@type\":\"BreadcrumbList\",\"@id\":\"https:\/\/www.welovecycling.com\/wide\/2025\/09\/25\/just-4-km-of-bike-commuting-boosts-fitness-and-cuts-emissions\/#breadcrumb\",\"itemListElement\":[{\"@type\":\"ListItem\",\"position\":1,\"name\":\"Home\",\"item\":\"https:\/\/www.welovecycling.com\/wide\/\"},{\"@type\":\"ListItem\",\"position\":2,\"name\":\"Just 4 km of Bike Commuting Boosts Fitness and Cuts Emissions\"}]},{\"@type\":\"WebSite\",\"@id\":\"https:\/\/www.welovecycling.com\/wide\/#website\",\"url\":\"https:\/\/www.welovecycling.com\/wide\/\",\"name\":\"\u0160koda We Love Cycling\",\"description\":\"\u0160koda We Love Cycling magazine\",\"alternateName\":\"\u0160koda WLC\",\"potentialAction\":[{\"@type\":\"SearchAction\",\"target\":{\"@type\":\"EntryPoint\",\"urlTemplate\":\"https:\/\/www.welovecycling.com\/wide\/?s={search_term_string}\"},\"query-input\":{\"@type\":\"PropertyValueSpecification\",\"valueRequired\":true,\"valueName\":\"search_term_string\"}}],\"inLanguage\":\"en-US\"},{\"@type\":\"Person\",\"@id\":\"https:\/\/www.welovecycling.com\/wide\/#\/schema\/person\/50f01ecd18718d2333cf72e823c4f926\",\"name\":\"tereza\",\"image\":{\"@type\":\"ImageObject\",\"inLanguage\":\"en-US\",\"@id\":\"https:\/\/www.welovecycling.com\/wide\/#\/schema\/person\/image\/\",\"url\":\"https:\/\/secure.gravatar.com\/avatar\/1f9eb71be33845f0afabce3791bc1c58ecdb0a25c62964987e5dbcf7a20d2ec7?s=96&d=mm&r=g\",\"contentUrl\":\"https:\/\/secure.gravatar.com\/avatar\/1f9eb71be33845f0afabce3791bc1c58ecdb0a25c62964987e5dbcf7a20d2ec7?s=96&d=mm&r=g\",\"caption\":\"tereza\"},\"url\":\"https:\/\/www.welovecycling.com\/wide\/author\/tereza\/\"}]}<\/script>\n<!-- \/ Yoast SEO Premium plugin. -->","yoast_head_json":{"title":"Just 4 km of Bike Commuting Boosts Fitness and Cuts Emissions - \u0160koda We Love Cycling","description":"Cycling just 4 km to work might sound too short to count as exercise, but a new study suggests it\u2019s enough to meaningfully contribute to your fitness and","robots":{"index":"index","follow":"follow","max-snippet":"max-snippet:-1","max-image-preview":"max-image-preview:large","max-video-preview":"max-video-preview:-1"},"canonical":"https:\/\/www.welovecycling.com\/wide\/2025\/09\/25\/just-4-km-of-bike-commuting-boosts-fitness-and-cuts-emissions\/","og_locale":"en_US","og_type":"article","og_title":"Just 4 km of Bike Commuting Boosts Fitness and Cuts Emissions","og_description":"Cycling just 4 km to work might sound too short to count as exercise, but a new study suggests it\u2019s enough to meaningfully contribute to your fitness and","og_url":"https:\/\/www.welovecycling.com\/wide\/2025\/09\/25\/just-4-km-of-bike-commuting-boosts-fitness-and-cuts-emissions\/","og_site_name":"\u0160koda We Love Cycling","article_published_time":"2025-09-25T10:27:48+00:00","article_modified_time":"2025-09-25T14:40:30+00:00","og_image":[{"width":990,"height":660,"url":"https:\/\/d2p6e6u75xmxt8.cloudfront.net\/2\/2025\/09\/Munster-City-Urban-Cycling-Women-profimedia-1032522309-CVR.webp","type":"image\/webp"}],"author":"tereza","twitter_card":"summary_large_image","twitter_misc":{"Written by":"Jiri Kaloc","Est. reading time":"2"},"schema":{"@context":"https:\/\/schema.org","@graph":[{"@type":"WebPage","@id":"https:\/\/www.welovecycling.com\/wide\/2025\/09\/25\/just-4-km-of-bike-commuting-boosts-fitness-and-cuts-emissions\/","url":"https:\/\/www.welovecycling.com\/wide\/2025\/09\/25\/just-4-km-of-bike-commuting-boosts-fitness-and-cuts-emissions\/","name":"Just 4 km of Bike Commuting Boosts Fitness and Cuts Emissions - \u0160koda We Love Cycling","isPartOf":{"@id":"https:\/\/www.welovecycling.com\/wide\/#website"},"primaryImageOfPage":{"@id":"https:\/\/www.welovecycling.com\/wide\/2025\/09\/25\/just-4-km-of-bike-commuting-boosts-fitness-and-cuts-emissions\/#primaryimage"},"image":{"@id":"https:\/\/www.welovecycling.com\/wide\/2025\/09\/25\/just-4-km-of-bike-commuting-boosts-fitness-and-cuts-emissions\/#primaryimage"},"thumbnailUrl":"https:\/\/d2p6e6u75xmxt8.cloudfront.net\/2\/2025\/09\/Munster-City-Urban-Cycling-Women-profimedia-1032522309-CVR.webp","datePublished":"2025-09-25T10:27:48+00:00","dateModified":"2025-09-25T14:40:30+00:00","author":{"@id":"https:\/\/www.welovecycling.com\/wide\/#\/schema\/person\/50f01ecd18718d2333cf72e823c4f926"},"description":"Cycling just 4 km to work might sound too short to count as exercise, but a new study suggests it\u2019s enough to meaningfully contribute to your fitness and","breadcrumb":{"@id":"https:\/\/www.welovecycling.com\/wide\/2025\/09\/25\/just-4-km-of-bike-commuting-boosts-fitness-and-cuts-emissions\/#breadcrumb"},"inLanguage":"en-US","potentialAction":[{"@type":"ReadAction","target":["https:\/\/www.welovecycling.com\/wide\/2025\/09\/25\/just-4-km-of-bike-commuting-boosts-fitness-and-cuts-emissions\/"]}]},{"@type":"ImageObject","inLanguage":"en-US","@id":"https:\/\/www.welovecycling.com\/wide\/2025\/09\/25\/just-4-km-of-bike-commuting-boosts-fitness-and-cuts-emissions\/#primaryimage","url":"https:\/\/d2p6e6u75xmxt8.cloudfront.net\/2\/2025\/09\/Munster-City-Urban-Cycling-Women-profimedia-1032522309-CVR.webp","contentUrl":"https:\/\/d2p6e6u75xmxt8.cloudfront.net\/2\/2025\/09\/Munster-City-Urban-Cycling-Women-profimedia-1032522309-CVR.webp","width":990,"height":660,"caption":"Women Cycling"},{"@type":"BreadcrumbList","@id":"https:\/\/www.welovecycling.com\/wide\/2025\/09\/25\/just-4-km-of-bike-commuting-boosts-fitness-and-cuts-emissions\/#breadcrumb","itemListElement":[{"@type":"ListItem","position":1,"name":"Home","item":"https:\/\/www.welovecycling.com\/wide\/"},{"@type":"ListItem","position":2,"name":"Just 4 km of Bike Commuting Boosts Fitness and Cuts Emissions"}]},{"@type":"WebSite","@id":"https:\/\/www.welovecycling.com\/wide\/#website","url":"https:\/\/www.welovecycling.com\/wide\/","name":"\u0160koda We Love Cycling","description":"\u0160koda We Love Cycling magazine","alternateName":"\u0160koda WLC","potentialAction":[{"@type":"SearchAction","target":{"@type":"EntryPoint","urlTemplate":"https:\/\/www.welovecycling.com\/wide\/?s={search_term_string}"},"query-input":{"@type":"PropertyValueSpecification","valueRequired":true,"valueName":"search_term_string"}}],"inLanguage":"en-US"},{"@type":"Person","@id":"https:\/\/www.welovecycling.com\/wide\/#\/schema\/person\/50f01ecd18718d2333cf72e823c4f926","name":"tereza","image":{"@type":"ImageObject","inLanguage":"en-US","@id":"https:\/\/www.welovecycling.com\/wide\/#\/schema\/person\/image\/","url":"https:\/\/secure.gravatar.com\/avatar\/1f9eb71be33845f0afabce3791bc1c58ecdb0a25c62964987e5dbcf7a20d2ec7?s=96&d=mm&r=g","contentUrl":"https:\/\/secure.gravatar.com\/avatar\/1f9eb71be33845f0afabce3791bc1c58ecdb0a25c62964987e5dbcf7a20d2ec7?s=96&d=mm&r=g","caption":"tereza"},"url":"https:\/\/www.welovecycling.com\/wide\/author\/tereza\/"}]}},"_links":{"self":[{"href":"https:\/\/www.welovecycling.com\/wide\/wp-json\/wp\/v2\/posts\/202683","targetHints":{"allow":["GET"]}}],"collection":[{"href":"https:\/\/www.welovecycling.com\/wide\/wp-json\/wp\/v2\/posts"}],"about":[{"href":"https:\/\/www.welovecycling.com\/wide\/wp-json\/wp\/v2\/types\/post"}],"author":[{"embeddable":true,"href":"https:\/\/www.welovecycling.com\/wide\/wp-json\/wp\/v2\/users\/99"}],"replies":[{"embeddable":true,"href":"https:\/\/www.welovecycling.com\/wide\/wp-json\/wp\/v2\/comments?post=202683"}],"version-history":[{"count":1,"href":"https:\/\/www.welovecycling.com\/wide\/wp-json\/wp\/v2\/posts\/202683\/revisions"}],"predecessor-version":[{"id":202685,"href":"https:\/\/www.welovecycling.com\/wide\/wp-json\/wp\/v2\/posts\/202683\/revisions\/202685"}],"wp:featuredmedia":[{"embeddable":true,"href":"https:\/\/www.welovecycling.com\/wide\/wp-json\/wp\/v2\/media\/202684"}],"wp:attachment":[{"href":"https:\/\/www.welovecycling.com\/wide\/wp-json\/wp\/v2\/media?parent=202683"}],"wp:term":[{"taxonomy":"category","embeddable":true,"href":"https:\/\/www.welovecycling.com\/wide\/wp-json\/wp\/v2\/categories?post=202683"},{"taxonomy":"post_tag","embeddable":true,"href":"https:\/\/www.welovecycling.com\/wide\/wp-json\/wp\/v2\/tags?post=202683"},{"taxonomy":"global-categories","embeddable":true,"href":"https:\/\/www.welovecycling.com\/wide\/wp-json\/wp\/v2\/global-categories?post=202683"}],"curies":[{"name":"wp","href":"https:\/\/api.w.org\/{rel}","templated":true}]}}