{"id":202646,"date":"2025-09-24T11:39:55","date_gmt":"2025-09-24T11:39:55","guid":{"rendered":"https:\/\/www.welovecycling.com\/wide\/?p=202646"},"modified":"2025-09-24T11:40:11","modified_gmt":"2025-09-24T11:40:11","slug":"kooij-and-benoot-leave-visma-while-ayuso-girmay-and-vauquelin-await-offers","status":"publish","type":"post","link":"https:\/\/www.welovecycling.com\/wide\/2025\/09\/24\/kooij-and-benoot-leave-visma-while-ayuso-girmay-and-vauquelin-await-offers\/","title":{"rendered":"Kooij and Benoot Leave Visma While Ayuso, Girmay and Vauquelin Await Offers"},"content":{"rendered":"<p style=\"font-weight: 400;\"><strong>This year\u2019s transfer season has been explosive so far, with stars and superstars breaking their contracts, and it looks like there\u2019ll be more detonations in the future. The biggest bombshell came right at the beginning, with Remco Evenepoel leaving Soudal Quick-Step for Red Bull\u2013BORA\u2013hansgrohe with a year to go on his contract.<\/strong><\/p>\n<p><!--more--><\/p>\n<p style=\"font-weight: 400;\">That was followed by Derek Gee demanding to get out of his contract with Israel\u2013Premier Tech and, most recently, Juan Ayuso leaving UAE Team Emirates\u2013XRG. Reports suggest that he will be signed by Lidl-Trek. In addition, unsubstantiated reports and rumours suggest that top sprinter <a href=\"https:\/\/www.welovecycling.com\/wide\/2024\/07\/22\/girmays-historic-skoda-green-jersey-will-change-the-sport\/\" target=\"_blank\" rel=\"noopener\">Biniam Girmay<\/a> will leave his Intermarch\u00e9-Wanty team, where he is signed up to ride until 2028.<\/p>\n<p style=\"font-weight: 400;\">In the meantime, there has been a flurry of more traditional deals involving important riders that will have consequences for their former and future teams. One of these big deals has 23-year-old sprinter Olav Kooij moving from Visma\u2013Lease a Bike to the French team Decathlon CMA CGM (formerly Decathlon AG2R La Mondiale). He has racked up 11 wins so far this year, including two stages and the green jersey in the recent Tour of Britain. He\u2019ll be travelling to Decathlon with Visma teammate and excellent domestique Tiesj Benoot.<\/p>\n<p style=\"font-weight: 400;\">Visma also lost Dylan van Baarle, who was outstanding in the Vuelta and will be riding for Soudal Quick-Step next year, under its new name, T-Rex Quick-Step. They have also splurged, acquiring the all-rounders Jasper Stuyven (from Lidl-Trek) and Filippo Zana (Jayco AlUla), the sprinter Albert Dainese (Tudor) and Jasper Philipsen\u2019s main lead-out rider, Edward Planckaert.<\/p>\n<figure id=\"attachment_202648\" aria-describedby=\"caption-attachment-202648\" style=\"width: 990px\" class=\"wp-caption alignnone\"><a href=\"https:\/\/d2p6e6u75xmxt8.cloudfront.net\/2\/2025\/09\/Dylan-van-Baarle-profimedia-1031733163.webp\"><img loading=\"lazy\" decoding=\"async\" class=\"wp-image-202648 size-full\" src=\"https:\/\/d2p6e6u75xmxt8.cloudfront.net\/2\/2025\/09\/Dylan-van-Baarle-profimedia-1031733163.webp\" alt=\"Dylan van Baarle\" width=\"990\" height=\"660\" srcset=\"https:\/\/d2p6e6u75xmxt8.cloudfront.net\/2\/2025\/09\/Dylan-van-Baarle-profimedia-1031733163.webp 990w, https:\/\/d2p6e6u75xmxt8.cloudfront.net\/2\/2025\/09\/Dylan-van-Baarle-profimedia-1031733163-300x200.webp 300w, https:\/\/d2p6e6u75xmxt8.cloudfront.net\/2\/2025\/09\/Dylan-van-Baarle-profimedia-1031733163-768x512.webp 768w, https:\/\/d2p6e6u75xmxt8.cloudfront.net\/2\/2025\/09\/Dylan-van-Baarle-profimedia-1031733163-400x267.webp 400w, https:\/\/d2p6e6u75xmxt8.cloudfront.net\/2\/2025\/09\/Dylan-van-Baarle-profimedia-1031733163-272x182.webp 272w\" sizes=\"auto, (max-width: 990px) 100vw, 990px\" \/><\/a><figcaption id=\"caption-attachment-202648\" class=\"wp-caption-text\">Visma also lost Dylan van Baarle. \u00a9 Profimedia<\/figcaption><\/figure>\n<p style=\"font-weight: 400;\">Decathlon is the world\u2019s largest sporting goods retailer, and it has been spending its money hand over fist to upgrade the squad. Its eight acquisitions so far also include the excellent time trial rider Dan Hoole (from Lidl-Trek) and the 23-year-old American Matthew Riccitello, winner of the white jersey for best young rider in the recent Vuelta Ciclista a Espa\u00f1a, where he also finished fifth in the GC. On the other hand, it lost the excellent all-rounder Bruno Armirail to Visma, who will no doubt use his stamina and legs to replace van Baarle.<\/p>\n<p style=\"font-weight: 400;\">The Swiss Pro Team Q36.5, which is having a banner year, due primarily to Tom Pidcock\u2019s third-place finish in the Vuelta, has also been flashing its credit card, signing the climbers Eddie Dunbar and Chris Harper (both Jayco AlUla) and Fred Wright (Bahrain Victorious). That\u2019s a trio of heavyweight riders, so it appears that, buoyed by Pidcock\u2019s Vuelta success, the team will attack the Grand Tours next year and make a concerted push for promotion to WorldTour status. They also acquired two excellent veteran riders from Alpecin-Deceuninck, Quinten Hermans and Xandro Meurisse.<\/p>\n<p style=\"font-weight: 400;\">And what\u2019s going on at Mathieu van der Poel\u2019s team? Alpecin-Deceuninck has so far lost seven riders, including the very good one-day riders and domestiques Gianni Vermeersch (to Red Bull\u2013BORA\u2013hansgrohe, where he\u2019ll be invaluable to Evenepoel) and Timo Kielich (to Visma\u2013Lease a Bike, where he will help Jonas Vingegaard). But so far, Alpecin has only promoted three development riders to replace them. However, 19-year-old Senna Remijn looks very promising. He finished second in the U23 Li\u00e8ge-Bastogne-Li\u00e8ge and third in the Paris-Roubaix Espoirs.<\/p>\n<p style=\"font-weight: 400;\">Speaking of promising promotions, Lidl-Trek has promoted the winner of Monday\u2019s U23 ITT World Championship, Jakob S\u00f6derqvist, to its WorldTour squad. He looks like a future powerhouse. But with Stuyven and Hoole leaving, they still have some holes to fill. Will they fill one with Ayuso? And where will the 24-year-old rising French star K\u00e9vin Vauquelin wind up, even if his Ark\u00e9a\u2013B&amp;B Hotels team manages to find a sponsor and survives to ride another few years?<\/p>\n<p style=\"font-weight: 400;\">Last year, he won the team\u2019s first (and only) Grand Tour stage and this year he has accounted for five of its nine victories. Vauquelin also finished second in La Fl\u00e8che Wallonne, 10 seconds behind Tadej Poga\u010dar, was second in the Tour de Suisse and rode a very brave race to finish seventh in the Tour de France. Rumours have him joining INEOS Grenadiers. We\u2019ll see.<\/p>\n","protected":false},"excerpt":{"rendered":"<p>This year\u2019s transfer season has been explosive so far, with stars and superstars breaking their contracts, and it looks like [&hellip;]<\/p>\n","protected":false},"author":99,"featured_media":202647,"comment_status":"closed","ping_status":"open","sticky":false,"template":"","format":"standard","meta":{"footnotes":""},"categories":[329],"tags":[6356,8481,7378,3544,1770,3871],"global-categories":[3366],"class_list":["post-202646","post","type-post","status-publish","format-standard","has-post-thumbnail","hentry","category-road-cycling","tag-biniam-girmay","tag-kevin-vauquelin","tag-olav-kooij","tag-remco-evenepoel","tag-tiesj-benoot","tag-tom-pidcock","global-categories-cycling"],"yoast_head":"<!-- This site is optimized with the Yoast SEO Premium plugin v25.3 (Yoast SEO v25.9) - https:\/\/yoast.com\/wordpress\/plugins\/seo\/ -->\n<title>Kooij and Benoot Leave Visma While Ayuso, Girmay and Vauquelin Await Offers - \u0160koda We Love Cycling<\/title>\n<meta name=\"description\" content=\"This year\u2019s transfer season has been explosive so far, with stars and superstars breaking their contracts, and it looks like there\u2019ll be more detonations\" \/>\n<meta name=\"robots\" content=\"index, follow, max-snippet:-1, max-image-preview:large, max-video-preview:-1\" \/>\n<link rel=\"canonical\" href=\"https:\/\/www.welovecycling.com\/wide\/2025\/09\/24\/kooij-and-benoot-leave-visma-while-ayuso-girmay-and-vauquelin-await-offers\/\" \/>\n<meta property=\"og:locale\" content=\"en_US\" \/>\n<meta property=\"og:type\" content=\"article\" \/>\n<meta property=\"og:title\" content=\"Kooij and Benoot Leave Visma While Ayuso, Girmay and Vauquelin Await Offers\" \/>\n<meta property=\"og:description\" content=\"This year\u2019s transfer season has been explosive so far, with stars and superstars breaking their contracts, and it looks like there\u2019ll be more detonations\" \/>\n<meta property=\"og:url\" content=\"https:\/\/www.welovecycling.com\/wide\/2025\/09\/24\/kooij-and-benoot-leave-visma-while-ayuso-girmay-and-vauquelin-await-offers\/\" \/>\n<meta property=\"og:site_name\" content=\"\u0160koda We Love Cycling\" \/>\n<meta property=\"article:published_time\" content=\"2025-09-24T11:39:55+00:00\" \/>\n<meta property=\"article:modified_time\" content=\"2025-09-24T11:40:11+00:00\" \/>\n<meta property=\"og:image\" content=\"https:\/\/d2p6e6u75xmxt8.cloudfront.net\/2\/2025\/09\/Olav-Kooij-profimedia-1038596319-CVR.webp\" \/>\n\t<meta property=\"og:image:width\" content=\"990\" \/>\n\t<meta property=\"og:image:height\" content=\"660\" \/>\n\t<meta property=\"og:image:type\" content=\"image\/webp\" \/>\n<meta name=\"author\" content=\"tereza\" \/>\n<meta name=\"twitter:card\" content=\"summary_large_image\" \/>\n<meta name=\"twitter:label1\" content=\"Written by\" \/>\n\t<meta name=\"twitter:data1\" content=\"Siegfried Mortkowitz\" \/>\n\t<meta name=\"twitter:label2\" content=\"Est. reading time\" \/>\n\t<meta name=\"twitter:data2\" content=\"2\" \/>\n<script type=\"application\/ld+json\" class=\"yoast-schema-graph\">{\"@context\":\"https:\/\/schema.org\",\"@graph\":[{\"@type\":\"WebPage\",\"@id\":\"https:\/\/www.welovecycling.com\/wide\/2025\/09\/24\/kooij-and-benoot-leave-visma-while-ayuso-girmay-and-vauquelin-await-offers\/\",\"url\":\"https:\/\/www.welovecycling.com\/wide\/2025\/09\/24\/kooij-and-benoot-leave-visma-while-ayuso-girmay-and-vauquelin-await-offers\/\",\"name\":\"Kooij and Benoot Leave Visma While Ayuso, Girmay and Vauquelin Await Offers - \u0160koda We Love Cycling\",\"isPartOf\":{\"@id\":\"https:\/\/www.welovecycling.com\/wide\/#website\"},\"primaryImageOfPage\":{\"@id\":\"https:\/\/www.welovecycling.com\/wide\/2025\/09\/24\/kooij-and-benoot-leave-visma-while-ayuso-girmay-and-vauquelin-await-offers\/#primaryimage\"},\"image\":{\"@id\":\"https:\/\/www.welovecycling.com\/wide\/2025\/09\/24\/kooij-and-benoot-leave-visma-while-ayuso-girmay-and-vauquelin-await-offers\/#primaryimage\"},\"thumbnailUrl\":\"https:\/\/d2p6e6u75xmxt8.cloudfront.net\/2\/2025\/09\/Olav-Kooij-profimedia-1038596319-CVR.webp\",\"datePublished\":\"2025-09-24T11:39:55+00:00\",\"dateModified\":\"2025-09-24T11:40:11+00:00\",\"author\":{\"@id\":\"https:\/\/www.welovecycling.com\/wide\/#\/schema\/person\/50f01ecd18718d2333cf72e823c4f926\"},\"description\":\"This year\u2019s transfer season has been explosive so far, with stars and superstars breaking their contracts, and it looks like there\u2019ll be more detonations\",\"breadcrumb\":{\"@id\":\"https:\/\/www.welovecycling.com\/wide\/2025\/09\/24\/kooij-and-benoot-leave-visma-while-ayuso-girmay-and-vauquelin-await-offers\/#breadcrumb\"},\"inLanguage\":\"en-US\",\"potentialAction\":[{\"@type\":\"ReadAction\",\"target\":[\"https:\/\/www.welovecycling.com\/wide\/2025\/09\/24\/kooij-and-benoot-leave-visma-while-ayuso-girmay-and-vauquelin-await-offers\/\"]}]},{\"@type\":\"ImageObject\",\"inLanguage\":\"en-US\",\"@id\":\"https:\/\/www.welovecycling.com\/wide\/2025\/09\/24\/kooij-and-benoot-leave-visma-while-ayuso-girmay-and-vauquelin-await-offers\/#primaryimage\",\"url\":\"https:\/\/d2p6e6u75xmxt8.cloudfront.net\/2\/2025\/09\/Olav-Kooij-profimedia-1038596319-CVR.webp\",\"contentUrl\":\"https:\/\/d2p6e6u75xmxt8.cloudfront.net\/2\/2025\/09\/Olav-Kooij-profimedia-1038596319-CVR.webp\",\"width\":990,\"height\":660,\"caption\":\"Olav Kooij\"},{\"@type\":\"BreadcrumbList\",\"@id\":\"https:\/\/www.welovecycling.com\/wide\/2025\/09\/24\/kooij-and-benoot-leave-visma-while-ayuso-girmay-and-vauquelin-await-offers\/#breadcrumb\",\"itemListElement\":[{\"@type\":\"ListItem\",\"position\":1,\"name\":\"Home\",\"item\":\"https:\/\/www.welovecycling.com\/wide\/\"},{\"@type\":\"ListItem\",\"position\":2,\"name\":\"Kooij and Benoot Leave Visma While Ayuso, Girmay and Vauquelin Await Offers\"}]},{\"@type\":\"WebSite\",\"@id\":\"https:\/\/www.welovecycling.com\/wide\/#website\",\"url\":\"https:\/\/www.welovecycling.com\/wide\/\",\"name\":\"\u0160koda We Love Cycling\",\"description\":\"\u0160koda We Love Cycling magazine\",\"alternateName\":\"\u0160koda WLC\",\"potentialAction\":[{\"@type\":\"SearchAction\",\"target\":{\"@type\":\"EntryPoint\",\"urlTemplate\":\"https:\/\/www.welovecycling.com\/wide\/?s={search_term_string}\"},\"query-input\":{\"@type\":\"PropertyValueSpecification\",\"valueRequired\":true,\"valueName\":\"search_term_string\"}}],\"inLanguage\":\"en-US\"},{\"@type\":\"Person\",\"@id\":\"https:\/\/www.welovecycling.com\/wide\/#\/schema\/person\/50f01ecd18718d2333cf72e823c4f926\",\"name\":\"tereza\",\"image\":{\"@type\":\"ImageObject\",\"inLanguage\":\"en-US\",\"@id\":\"https:\/\/www.welovecycling.com\/wide\/#\/schema\/person\/image\/\",\"url\":\"https:\/\/secure.gravatar.com\/avatar\/1f9eb71be33845f0afabce3791bc1c58ecdb0a25c62964987e5dbcf7a20d2ec7?s=96&d=mm&r=g\",\"contentUrl\":\"https:\/\/secure.gravatar.com\/avatar\/1f9eb71be33845f0afabce3791bc1c58ecdb0a25c62964987e5dbcf7a20d2ec7?s=96&d=mm&r=g\",\"caption\":\"tereza\"},\"url\":\"https:\/\/www.welovecycling.com\/wide\/author\/tereza\/\"}]}<\/script>\n<!-- \/ Yoast SEO Premium plugin. -->","yoast_head_json":{"title":"Kooij and Benoot Leave Visma While Ayuso, Girmay and Vauquelin Await Offers - \u0160koda We Love Cycling","description":"This year\u2019s transfer season has been explosive so far, with stars and superstars breaking their contracts, and it looks like there\u2019ll be more detonations","robots":{"index":"index","follow":"follow","max-snippet":"max-snippet:-1","max-image-preview":"max-image-preview:large","max-video-preview":"max-video-preview:-1"},"canonical":"https:\/\/www.welovecycling.com\/wide\/2025\/09\/24\/kooij-and-benoot-leave-visma-while-ayuso-girmay-and-vauquelin-await-offers\/","og_locale":"en_US","og_type":"article","og_title":"Kooij and Benoot Leave Visma While Ayuso, Girmay and Vauquelin Await Offers","og_description":"This year\u2019s transfer season has been explosive so far, with stars and superstars breaking their contracts, and it looks like there\u2019ll be more detonations","og_url":"https:\/\/www.welovecycling.com\/wide\/2025\/09\/24\/kooij-and-benoot-leave-visma-while-ayuso-girmay-and-vauquelin-await-offers\/","og_site_name":"\u0160koda We Love Cycling","article_published_time":"2025-09-24T11:39:55+00:00","article_modified_time":"2025-09-24T11:40:11+00:00","og_image":[{"width":990,"height":660,"url":"https:\/\/d2p6e6u75xmxt8.cloudfront.net\/2\/2025\/09\/Olav-Kooij-profimedia-1038596319-CVR.webp","type":"image\/webp"}],"author":"tereza","twitter_card":"summary_large_image","twitter_misc":{"Written by":"Siegfried Mortkowitz","Est. reading time":"2"},"schema":{"@context":"https:\/\/schema.org","@graph":[{"@type":"WebPage","@id":"https:\/\/www.welovecycling.com\/wide\/2025\/09\/24\/kooij-and-benoot-leave-visma-while-ayuso-girmay-and-vauquelin-await-offers\/","url":"https:\/\/www.welovecycling.com\/wide\/2025\/09\/24\/kooij-and-benoot-leave-visma-while-ayuso-girmay-and-vauquelin-await-offers\/","name":"Kooij and Benoot Leave Visma While Ayuso, Girmay and Vauquelin Await Offers - \u0160koda We Love Cycling","isPartOf":{"@id":"https:\/\/www.welovecycling.com\/wide\/#website"},"primaryImageOfPage":{"@id":"https:\/\/www.welovecycling.com\/wide\/2025\/09\/24\/kooij-and-benoot-leave-visma-while-ayuso-girmay-and-vauquelin-await-offers\/#primaryimage"},"image":{"@id":"https:\/\/www.welovecycling.com\/wide\/2025\/09\/24\/kooij-and-benoot-leave-visma-while-ayuso-girmay-and-vauquelin-await-offers\/#primaryimage"},"thumbnailUrl":"https:\/\/d2p6e6u75xmxt8.cloudfront.net\/2\/2025\/09\/Olav-Kooij-profimedia-1038596319-CVR.webp","datePublished":"2025-09-24T11:39:55+00:00","dateModified":"2025-09-24T11:40:11+00:00","author":{"@id":"https:\/\/www.welovecycling.com\/wide\/#\/schema\/person\/50f01ecd18718d2333cf72e823c4f926"},"description":"This year\u2019s transfer season has been explosive so far, with stars and superstars breaking their contracts, and it looks like there\u2019ll be more detonations","breadcrumb":{"@id":"https:\/\/www.welovecycling.com\/wide\/2025\/09\/24\/kooij-and-benoot-leave-visma-while-ayuso-girmay-and-vauquelin-await-offers\/#breadcrumb"},"inLanguage":"en-US","potentialAction":[{"@type":"ReadAction","target":["https:\/\/www.welovecycling.com\/wide\/2025\/09\/24\/kooij-and-benoot-leave-visma-while-ayuso-girmay-and-vauquelin-await-offers\/"]}]},{"@type":"ImageObject","inLanguage":"en-US","@id":"https:\/\/www.welovecycling.com\/wide\/2025\/09\/24\/kooij-and-benoot-leave-visma-while-ayuso-girmay-and-vauquelin-await-offers\/#primaryimage","url":"https:\/\/d2p6e6u75xmxt8.cloudfront.net\/2\/2025\/09\/Olav-Kooij-profimedia-1038596319-CVR.webp","contentUrl":"https:\/\/d2p6e6u75xmxt8.cloudfront.net\/2\/2025\/09\/Olav-Kooij-profimedia-1038596319-CVR.webp","width":990,"height":660,"caption":"Olav Kooij"},{"@type":"BreadcrumbList","@id":"https:\/\/www.welovecycling.com\/wide\/2025\/09\/24\/kooij-and-benoot-leave-visma-while-ayuso-girmay-and-vauquelin-await-offers\/#breadcrumb","itemListElement":[{"@type":"ListItem","position":1,"name":"Home","item":"https:\/\/www.welovecycling.com\/wide\/"},{"@type":"ListItem","position":2,"name":"Kooij and Benoot Leave Visma While Ayuso, Girmay and Vauquelin Await Offers"}]},{"@type":"WebSite","@id":"https:\/\/www.welovecycling.com\/wide\/#website","url":"https:\/\/www.welovecycling.com\/wide\/","name":"\u0160koda We Love Cycling","description":"\u0160koda We Love Cycling magazine","alternateName":"\u0160koda WLC","potentialAction":[{"@type":"SearchAction","target":{"@type":"EntryPoint","urlTemplate":"https:\/\/www.welovecycling.com\/wide\/?s={search_term_string}"},"query-input":{"@type":"PropertyValueSpecification","valueRequired":true,"valueName":"search_term_string"}}],"inLanguage":"en-US"},{"@type":"Person","@id":"https:\/\/www.welovecycling.com\/wide\/#\/schema\/person\/50f01ecd18718d2333cf72e823c4f926","name":"tereza","image":{"@type":"ImageObject","inLanguage":"en-US","@id":"https:\/\/www.welovecycling.com\/wide\/#\/schema\/person\/image\/","url":"https:\/\/secure.gravatar.com\/avatar\/1f9eb71be33845f0afabce3791bc1c58ecdb0a25c62964987e5dbcf7a20d2ec7?s=96&d=mm&r=g","contentUrl":"https:\/\/secure.gravatar.com\/avatar\/1f9eb71be33845f0afabce3791bc1c58ecdb0a25c62964987e5dbcf7a20d2ec7?s=96&d=mm&r=g","caption":"tereza"},"url":"https:\/\/www.welovecycling.com\/wide\/author\/tereza\/"}]}},"_links":{"self":[{"href":"https:\/\/www.welovecycling.com\/wide\/wp-json\/wp\/v2\/posts\/202646","targetHints":{"allow":["GET"]}}],"collection":[{"href":"https:\/\/www.welovecycling.com\/wide\/wp-json\/wp\/v2\/posts"}],"about":[{"href":"https:\/\/www.welovecycling.com\/wide\/wp-json\/wp\/v2\/types\/post"}],"author":[{"embeddable":true,"href":"https:\/\/www.welovecycling.com\/wide\/wp-json\/wp\/v2\/users\/99"}],"replies":[{"embeddable":true,"href":"https:\/\/www.welovecycling.com\/wide\/wp-json\/wp\/v2\/comments?post=202646"}],"version-history":[{"count":2,"href":"https:\/\/www.welovecycling.com\/wide\/wp-json\/wp\/v2\/posts\/202646\/revisions"}],"predecessor-version":[{"id":202650,"href":"https:\/\/www.welovecycling.com\/wide\/wp-json\/wp\/v2\/posts\/202646\/revisions\/202650"}],"wp:featuredmedia":[{"embeddable":true,"href":"https:\/\/www.welovecycling.com\/wide\/wp-json\/wp\/v2\/media\/202647"}],"wp:attachment":[{"href":"https:\/\/www.welovecycling.com\/wide\/wp-json\/wp\/v2\/media?parent=202646"}],"wp:term":[{"taxonomy":"category","embeddable":true,"href":"https:\/\/www.welovecycling.com\/wide\/wp-json\/wp\/v2\/categories?post=202646"},{"taxonomy":"post_tag","embeddable":true,"href":"https:\/\/www.welovecycling.com\/wide\/wp-json\/wp\/v2\/tags?post=202646"},{"taxonomy":"global-categories","embeddable":true,"href":"https:\/\/www.welovecycling.com\/wide\/wp-json\/wp\/v2\/global-categories?post=202646"}],"curies":[{"name":"wp","href":"https:\/\/api.w.org\/{rel}","templated":true}]}}