{"id":202564,"date":"2025-09-23T11:34:45","date_gmt":"2025-09-23T11:34:45","guid":{"rendered":"https:\/\/www.welovecycling.com\/wide\/?p=202564"},"modified":"2025-09-23T11:34:45","modified_gmt":"2025-09-23T11:34:45","slug":"goat-says-goodbye-nino-schurter-closes-the-world-cup-chapter","status":"publish","type":"post","link":"https:\/\/www.welovecycling.com\/wide\/2025\/09\/23\/goat-says-goodbye-nino-schurter-closes-the-world-cup-chapter\/","title":{"rendered":"GOAT Says Goodbye: Nino Schurter Closes the World Cup Chapter"},"content":{"rendered":"<p><strong>At thirty-nine, Nino Schurter has taken his final bow from World Cup racing, closing an era that defined modern cross-country mountain biking. The stage for his farewell? None other than Lenzerheide, Switzerland \u2013 not just the site of some of his greatest triumphs, but also the valley next door to where he lives. For this last dance, his team sponsor gave him a brand-new bike with a bold message stamped on the seat tube: \u201cGreatest Of All Time\u201d (GOAT).<\/strong><\/p>\n<p><!--more--><\/p>\n<p>And rightly so. The farewell was attended by a host of past and present rivals, including Jaroslav Kulhav\u00fd, the Czech powerhouse who shared with Nino some of the most dramatic Olympic battles of his career.<\/p>\n<h2><strong>A legendary legacy<\/strong><\/h2>\n<p>When you say modern mountain biking, one name towers above all: Nino Schurter. For almost two decades, the Swiss rider embodied what perfection looks like in cross-country racing. His announcement that he would retire from the UCI World Cup closes a monumental chapter and leaves the sport reflecting on the extraordinary legacy he carved into its history.<\/p>\n<p>\u201cI\u2019ve given my body, mind, and soul to mountain biking for the last two decades. It\u2019s a beautiful sport, but at the pro level, it\u2019s brutal. You\u2019re either winning or you\u2019re done. There\u2019s no middle ground. It\u2019s all or nothing, 24\/7,\u201d Schurter said. He hails from Tersnaus, an old Alpine village in the canton of Graub\u00fcnden, where many still speak Romansh \u2013 a reminder of the deep mountain roots from which he rose.<\/p>\n<h2><strong>The title collector<\/strong><\/h2>\n<p>Lining up in Lenzerheide, Schurter ended his career after twenty years at the very top. Few athletes in any sport have shaped their discipline as profoundly as he did. His rise began in 2004, when he claimed the junior world title in Wa\u0142brzych, Poland. Thanks to the mentorship of Swiss legend Thomas Frischknecht, he launched his pro career three years later and quickly became unstoppable.<\/p>\n<figure id=\"attachment_202566\" aria-describedby=\"caption-attachment-202566\" style=\"width: 990px\" class=\"wp-caption alignnone\"><a href=\"https:\/\/d2p6e6u75xmxt8.cloudfront.net\/2\/2025\/09\/Nino-Schurter-profimedia-1039286452.webp\"><img loading=\"lazy\" decoding=\"async\" class=\"wp-image-202566 size-full\" src=\"https:\/\/d2p6e6u75xmxt8.cloudfront.net\/2\/2025\/09\/Nino-Schurter-profimedia-1039286452.webp\" alt=\"Nino Schurter\" width=\"990\" height=\"660\" srcset=\"https:\/\/d2p6e6u75xmxt8.cloudfront.net\/2\/2025\/09\/Nino-Schurter-profimedia-1039286452.webp 990w, https:\/\/d2p6e6u75xmxt8.cloudfront.net\/2\/2025\/09\/Nino-Schurter-profimedia-1039286452-300x200.webp 300w, https:\/\/d2p6e6u75xmxt8.cloudfront.net\/2\/2025\/09\/Nino-Schurter-profimedia-1039286452-768x512.webp 768w, https:\/\/d2p6e6u75xmxt8.cloudfront.net\/2\/2025\/09\/Nino-Schurter-profimedia-1039286452-400x267.webp 400w, https:\/\/d2p6e6u75xmxt8.cloudfront.net\/2\/2025\/09\/Nino-Schurter-profimedia-1039286452-272x182.webp 272w\" sizes=\"auto, (max-width: 990px) 100vw, 990px\" \/><\/a><figcaption id=\"caption-attachment-202566\" class=\"wp-caption-text\">At thirty-nine, Nino Schurter has taken his final bow from World Cup racing, closing an era that defined modern cross-country mountain biking. \u00a9 Profimedia<\/figcaption><\/figure>\n<p>The stats? Staggering. Ten world championship titles (the last in 2022), nine overall World Cup victories, 36 individual World Cup wins, including the legendary 2017 season where he didn\u2019t let anyone else stand on the top step. He last dominated the circuit in Val di Sole in 2023. And then, of course, the Olympic hardware: gold in Rio (2016), silver in London (2012), and bronze in Beijing (2008) \u2013 a complete set.<\/p>\n<h2><strong>Master of technique<\/strong><\/h2>\n<p>What set Schurter apart wasn\u2019t just the sheer number of wins, but the consistency with which he delivered them. Season after season, on every type of track, under every kind of pressure, he always found another gear. From the start, he was recognised as a brilliant bike handler, carving down treacherous descents and navigating technical sections with surgical precision.<\/p>\n<p>Nino helped redefine what cross-country racing could be. He brought downhill-level skill to rock gardens and drops that once terrified even specialists. His aggressive yet controlled style forced rivals to step up their technical game, reshaping XC into the more dynamic, technical spectacle we see today.<\/p>\n<h2><strong>Rivalries that made history<\/strong><\/h2>\n<p>Schurter was famous for his blistering starts, where he\u2019d instantly crank up the tempo and shred the field. But every legend needs rivals, and Nino had plenty: early duels with Julien Absalon, later showdowns with the new guard, such as Mathieu van der Poel and <a href=\"https:\/\/www.welovecycling.com\/wide\/2024\/12\/06\/pidcock-and-ineos-grenadiers-finally-divorce\/\" target=\"_blank\" rel=\"noopener\">Tom Pidcock.<\/a> And of course, the Olympic clashes with Jaroslav Kulhav\u00fd: beaten to gold in London 2012, but coming back in Rio 2016 to reclaim the top step. These rivalries produced some of the sport\u2019s greatest drama and drew global audiences to cross-country MTB like never before.<\/p>\n<h2><strong>The decision to walk away<\/strong><\/h2>\n<p>Schurter broke the news in a social media video, thanking fans, his team, and his family for their support. \u201cWhen I went to my first World Championships in Lugano in 2003, I was just a kid chasing a dream, and I left with my first big medal. I had no idea that dream would bring me countless unforgettable moments and more than half of all those titles along the way,\u201d he wrote.<\/p>\n<p>His career has been tied closely to Scott-SRAM, the team with which he became synonymous. Though he\u2019s stepping away from elite World Cup racing, he\u2019ll stay with the squad as an ambassador \u2013 planning charity projects, fan events, and possibly toeing the line at gravel races and marathon epics.<\/p>\n<p>\u201cI\u2019m saying goodbye to World Cup racing in cross-country. I\u2019m incredibly grateful for everything I achieved as a professional mountain biker. Now it\u2019s time to channel that experience into a new chapter,\u201d Schurter said. His 2025 season had already signalled a transition \u2013 just two top-ten finishes, with a best result of fifth. His very last World Cup race, on home soil in Lenzerheide on September 21, 2025, ended with a 24<sup>th<\/sup>-place finish, but the thunderous cheers made it clear: the result didn\u2019t matter.<\/p>\n<h2><strong>Still going strong<\/strong><\/h2>\n<p>He may be done with the World Cup, but not with cycling. Proof? Earlier this year, Schurter teamed up with Filippo Colombo to win gold at the Absa Cape Epic in South Africa, the toughest stage race on the planet.<\/p>\n<p>What\u2019s next? We\u2019ll see. But one thing\u2019s for sure: whatever comes, it\u2019ll be on two wheels, joined by a frame.<\/p>\n","protected":false},"excerpt":{"rendered":"<p>At thirty-nine, Nino Schurter has taken his final bow from World Cup racing, closing an era that defined modern cross-country [&hellip;]<\/p>\n","protected":false},"author":99,"featured_media":202565,"comment_status":"closed","ping_status":"open","sticky":false,"template":"","format":"standard","meta":{"footnotes":""},"categories":[328],"tags":[7087,458,2814,8682],"global-categories":[3366],"class_list":["post-202564","post","type-post","status-publish","format-standard","has-post-thumbnail","hentry","category-outdoor-mountain","tag-cross-country","tag-jaroslav-kulhavy","tag-nino-schurter","tag-thomas-frischknech","global-categories-cycling"],"yoast_head":"<!-- This site is optimized with the Yoast SEO Premium plugin v25.3 (Yoast SEO v25.9) - https:\/\/yoast.com\/wordpress\/plugins\/seo\/ -->\n<title>GOAT Says Goodbye: Nino Schurter Closes the World Cup Chapter - \u0160koda We Love Cycling<\/title>\n<meta name=\"description\" content=\"At thirty-nine, Nino Schurter has taken his final bow from World Cup racing, closing an era that defined modern cross-country mountain biking. The stage\" \/>\n<meta name=\"robots\" content=\"index, follow, max-snippet:-1, max-image-preview:large, max-video-preview:-1\" \/>\n<link rel=\"canonical\" href=\"https:\/\/www.welovecycling.com\/wide\/2025\/09\/23\/goat-says-goodbye-nino-schurter-closes-the-world-cup-chapter\/\" \/>\n<meta property=\"og:locale\" content=\"en_US\" \/>\n<meta property=\"og:type\" content=\"article\" \/>\n<meta property=\"og:title\" content=\"GOAT Says Goodbye: Nino Schurter Closes the World Cup Chapter\" \/>\n<meta property=\"og:description\" content=\"At thirty-nine, Nino Schurter has taken his final bow from World Cup racing, closing an era that defined modern cross-country mountain biking. The stage\" \/>\n<meta property=\"og:url\" content=\"https:\/\/www.welovecycling.com\/wide\/2025\/09\/23\/goat-says-goodbye-nino-schurter-closes-the-world-cup-chapter\/\" \/>\n<meta property=\"og:site_name\" content=\"\u0160koda We Love Cycling\" \/>\n<meta property=\"article:published_time\" content=\"2025-09-23T11:34:45+00:00\" \/>\n<meta property=\"og:image\" content=\"https:\/\/d2p6e6u75xmxt8.cloudfront.net\/2\/2025\/09\/Nino-Schurter-profimedia-1039296062-CVR.webp\" \/>\n\t<meta property=\"og:image:width\" content=\"990\" \/>\n\t<meta property=\"og:image:height\" content=\"660\" \/>\n\t<meta property=\"og:image:type\" content=\"image\/webp\" \/>\n<meta name=\"author\" content=\"tereza\" \/>\n<meta name=\"twitter:card\" content=\"summary_large_image\" \/>\n<meta name=\"twitter:label1\" content=\"Written by\" \/>\n\t<meta name=\"twitter:data1\" content=\"Adam Marsal\" \/>\n\t<meta name=\"twitter:label2\" content=\"Est. reading time\" \/>\n\t<meta name=\"twitter:data2\" content=\"3\" \/>\n<script type=\"application\/ld+json\" class=\"yoast-schema-graph\">{\"@context\":\"https:\/\/schema.org\",\"@graph\":[{\"@type\":\"WebPage\",\"@id\":\"https:\/\/www.welovecycling.com\/wide\/2025\/09\/23\/goat-says-goodbye-nino-schurter-closes-the-world-cup-chapter\/\",\"url\":\"https:\/\/www.welovecycling.com\/wide\/2025\/09\/23\/goat-says-goodbye-nino-schurter-closes-the-world-cup-chapter\/\",\"name\":\"GOAT Says Goodbye: Nino Schurter Closes the World Cup Chapter - \u0160koda We Love Cycling\",\"isPartOf\":{\"@id\":\"https:\/\/www.welovecycling.com\/wide\/#website\"},\"primaryImageOfPage\":{\"@id\":\"https:\/\/www.welovecycling.com\/wide\/2025\/09\/23\/goat-says-goodbye-nino-schurter-closes-the-world-cup-chapter\/#primaryimage\"},\"image\":{\"@id\":\"https:\/\/www.welovecycling.com\/wide\/2025\/09\/23\/goat-says-goodbye-nino-schurter-closes-the-world-cup-chapter\/#primaryimage\"},\"thumbnailUrl\":\"https:\/\/d2p6e6u75xmxt8.cloudfront.net\/2\/2025\/09\/Nino-Schurter-profimedia-1039296062-CVR.webp\",\"datePublished\":\"2025-09-23T11:34:45+00:00\",\"author\":{\"@id\":\"https:\/\/www.welovecycling.com\/wide\/#\/schema\/person\/50f01ecd18718d2333cf72e823c4f926\"},\"description\":\"At thirty-nine, Nino Schurter has taken his final bow from World Cup racing, closing an era that defined modern cross-country mountain biking. The stage\",\"breadcrumb\":{\"@id\":\"https:\/\/www.welovecycling.com\/wide\/2025\/09\/23\/goat-says-goodbye-nino-schurter-closes-the-world-cup-chapter\/#breadcrumb\"},\"inLanguage\":\"en-US\",\"potentialAction\":[{\"@type\":\"ReadAction\",\"target\":[\"https:\/\/www.welovecycling.com\/wide\/2025\/09\/23\/goat-says-goodbye-nino-schurter-closes-the-world-cup-chapter\/\"]}]},{\"@type\":\"ImageObject\",\"inLanguage\":\"en-US\",\"@id\":\"https:\/\/www.welovecycling.com\/wide\/2025\/09\/23\/goat-says-goodbye-nino-schurter-closes-the-world-cup-chapter\/#primaryimage\",\"url\":\"https:\/\/d2p6e6u75xmxt8.cloudfront.net\/2\/2025\/09\/Nino-Schurter-profimedia-1039296062-CVR.webp\",\"contentUrl\":\"https:\/\/d2p6e6u75xmxt8.cloudfront.net\/2\/2025\/09\/Nino-Schurter-profimedia-1039296062-CVR.webp\",\"width\":990,\"height\":660,\"caption\":\"Nino Schurter\"},{\"@type\":\"BreadcrumbList\",\"@id\":\"https:\/\/www.welovecycling.com\/wide\/2025\/09\/23\/goat-says-goodbye-nino-schurter-closes-the-world-cup-chapter\/#breadcrumb\",\"itemListElement\":[{\"@type\":\"ListItem\",\"position\":1,\"name\":\"Home\",\"item\":\"https:\/\/www.welovecycling.com\/wide\/\"},{\"@type\":\"ListItem\",\"position\":2,\"name\":\"GOAT Says Goodbye: Nino Schurter Closes the World Cup Chapter\"}]},{\"@type\":\"WebSite\",\"@id\":\"https:\/\/www.welovecycling.com\/wide\/#website\",\"url\":\"https:\/\/www.welovecycling.com\/wide\/\",\"name\":\"\u0160koda We Love Cycling\",\"description\":\"\u0160koda We Love Cycling magazine\",\"alternateName\":\"\u0160koda WLC\",\"potentialAction\":[{\"@type\":\"SearchAction\",\"target\":{\"@type\":\"EntryPoint\",\"urlTemplate\":\"https:\/\/www.welovecycling.com\/wide\/?s={search_term_string}\"},\"query-input\":{\"@type\":\"PropertyValueSpecification\",\"valueRequired\":true,\"valueName\":\"search_term_string\"}}],\"inLanguage\":\"en-US\"},{\"@type\":\"Person\",\"@id\":\"https:\/\/www.welovecycling.com\/wide\/#\/schema\/person\/50f01ecd18718d2333cf72e823c4f926\",\"name\":\"tereza\",\"image\":{\"@type\":\"ImageObject\",\"inLanguage\":\"en-US\",\"@id\":\"https:\/\/www.welovecycling.com\/wide\/#\/schema\/person\/image\/\",\"url\":\"https:\/\/secure.gravatar.com\/avatar\/1f9eb71be33845f0afabce3791bc1c58ecdb0a25c62964987e5dbcf7a20d2ec7?s=96&d=mm&r=g\",\"contentUrl\":\"https:\/\/secure.gravatar.com\/avatar\/1f9eb71be33845f0afabce3791bc1c58ecdb0a25c62964987e5dbcf7a20d2ec7?s=96&d=mm&r=g\",\"caption\":\"tereza\"},\"url\":\"https:\/\/www.welovecycling.com\/wide\/author\/tereza\/\"}]}<\/script>\n<!-- \/ Yoast SEO Premium plugin. -->","yoast_head_json":{"title":"GOAT Says Goodbye: Nino Schurter Closes the World Cup Chapter - \u0160koda We Love Cycling","description":"At thirty-nine, Nino Schurter has taken his final bow from World Cup racing, closing an era that defined modern cross-country mountain biking. The stage","robots":{"index":"index","follow":"follow","max-snippet":"max-snippet:-1","max-image-preview":"max-image-preview:large","max-video-preview":"max-video-preview:-1"},"canonical":"https:\/\/www.welovecycling.com\/wide\/2025\/09\/23\/goat-says-goodbye-nino-schurter-closes-the-world-cup-chapter\/","og_locale":"en_US","og_type":"article","og_title":"GOAT Says Goodbye: Nino Schurter Closes the World Cup Chapter","og_description":"At thirty-nine, Nino Schurter has taken his final bow from World Cup racing, closing an era that defined modern cross-country mountain biking. The stage","og_url":"https:\/\/www.welovecycling.com\/wide\/2025\/09\/23\/goat-says-goodbye-nino-schurter-closes-the-world-cup-chapter\/","og_site_name":"\u0160koda We Love Cycling","article_published_time":"2025-09-23T11:34:45+00:00","og_image":[{"width":990,"height":660,"url":"https:\/\/d2p6e6u75xmxt8.cloudfront.net\/2\/2025\/09\/Nino-Schurter-profimedia-1039296062-CVR.webp","type":"image\/webp"}],"author":"tereza","twitter_card":"summary_large_image","twitter_misc":{"Written by":"Adam Marsal","Est. reading time":"3"},"schema":{"@context":"https:\/\/schema.org","@graph":[{"@type":"WebPage","@id":"https:\/\/www.welovecycling.com\/wide\/2025\/09\/23\/goat-says-goodbye-nino-schurter-closes-the-world-cup-chapter\/","url":"https:\/\/www.welovecycling.com\/wide\/2025\/09\/23\/goat-says-goodbye-nino-schurter-closes-the-world-cup-chapter\/","name":"GOAT Says Goodbye: Nino Schurter Closes the World Cup Chapter - \u0160koda We Love Cycling","isPartOf":{"@id":"https:\/\/www.welovecycling.com\/wide\/#website"},"primaryImageOfPage":{"@id":"https:\/\/www.welovecycling.com\/wide\/2025\/09\/23\/goat-says-goodbye-nino-schurter-closes-the-world-cup-chapter\/#primaryimage"},"image":{"@id":"https:\/\/www.welovecycling.com\/wide\/2025\/09\/23\/goat-says-goodbye-nino-schurter-closes-the-world-cup-chapter\/#primaryimage"},"thumbnailUrl":"https:\/\/d2p6e6u75xmxt8.cloudfront.net\/2\/2025\/09\/Nino-Schurter-profimedia-1039296062-CVR.webp","datePublished":"2025-09-23T11:34:45+00:00","author":{"@id":"https:\/\/www.welovecycling.com\/wide\/#\/schema\/person\/50f01ecd18718d2333cf72e823c4f926"},"description":"At thirty-nine, Nino Schurter has taken his final bow from World Cup racing, closing an era that defined modern cross-country mountain biking. The stage","breadcrumb":{"@id":"https:\/\/www.welovecycling.com\/wide\/2025\/09\/23\/goat-says-goodbye-nino-schurter-closes-the-world-cup-chapter\/#breadcrumb"},"inLanguage":"en-US","potentialAction":[{"@type":"ReadAction","target":["https:\/\/www.welovecycling.com\/wide\/2025\/09\/23\/goat-says-goodbye-nino-schurter-closes-the-world-cup-chapter\/"]}]},{"@type":"ImageObject","inLanguage":"en-US","@id":"https:\/\/www.welovecycling.com\/wide\/2025\/09\/23\/goat-says-goodbye-nino-schurter-closes-the-world-cup-chapter\/#primaryimage","url":"https:\/\/d2p6e6u75xmxt8.cloudfront.net\/2\/2025\/09\/Nino-Schurter-profimedia-1039296062-CVR.webp","contentUrl":"https:\/\/d2p6e6u75xmxt8.cloudfront.net\/2\/2025\/09\/Nino-Schurter-profimedia-1039296062-CVR.webp","width":990,"height":660,"caption":"Nino Schurter"},{"@type":"BreadcrumbList","@id":"https:\/\/www.welovecycling.com\/wide\/2025\/09\/23\/goat-says-goodbye-nino-schurter-closes-the-world-cup-chapter\/#breadcrumb","itemListElement":[{"@type":"ListItem","position":1,"name":"Home","item":"https:\/\/www.welovecycling.com\/wide\/"},{"@type":"ListItem","position":2,"name":"GOAT Says Goodbye: Nino Schurter Closes the World Cup Chapter"}]},{"@type":"WebSite","@id":"https:\/\/www.welovecycling.com\/wide\/#website","url":"https:\/\/www.welovecycling.com\/wide\/","name":"\u0160koda We Love Cycling","description":"\u0160koda We Love Cycling magazine","alternateName":"\u0160koda WLC","potentialAction":[{"@type":"SearchAction","target":{"@type":"EntryPoint","urlTemplate":"https:\/\/www.welovecycling.com\/wide\/?s={search_term_string}"},"query-input":{"@type":"PropertyValueSpecification","valueRequired":true,"valueName":"search_term_string"}}],"inLanguage":"en-US"},{"@type":"Person","@id":"https:\/\/www.welovecycling.com\/wide\/#\/schema\/person\/50f01ecd18718d2333cf72e823c4f926","name":"tereza","image":{"@type":"ImageObject","inLanguage":"en-US","@id":"https:\/\/www.welovecycling.com\/wide\/#\/schema\/person\/image\/","url":"https:\/\/secure.gravatar.com\/avatar\/1f9eb71be33845f0afabce3791bc1c58ecdb0a25c62964987e5dbcf7a20d2ec7?s=96&d=mm&r=g","contentUrl":"https:\/\/secure.gravatar.com\/avatar\/1f9eb71be33845f0afabce3791bc1c58ecdb0a25c62964987e5dbcf7a20d2ec7?s=96&d=mm&r=g","caption":"tereza"},"url":"https:\/\/www.welovecycling.com\/wide\/author\/tereza\/"}]}},"_links":{"self":[{"href":"https:\/\/www.welovecycling.com\/wide\/wp-json\/wp\/v2\/posts\/202564","targetHints":{"allow":["GET"]}}],"collection":[{"href":"https:\/\/www.welovecycling.com\/wide\/wp-json\/wp\/v2\/posts"}],"about":[{"href":"https:\/\/www.welovecycling.com\/wide\/wp-json\/wp\/v2\/types\/post"}],"author":[{"embeddable":true,"href":"https:\/\/www.welovecycling.com\/wide\/wp-json\/wp\/v2\/users\/99"}],"replies":[{"embeddable":true,"href":"https:\/\/www.welovecycling.com\/wide\/wp-json\/wp\/v2\/comments?post=202564"}],"version-history":[{"count":1,"href":"https:\/\/www.welovecycling.com\/wide\/wp-json\/wp\/v2\/posts\/202564\/revisions"}],"predecessor-version":[{"id":202567,"href":"https:\/\/www.welovecycling.com\/wide\/wp-json\/wp\/v2\/posts\/202564\/revisions\/202567"}],"wp:featuredmedia":[{"embeddable":true,"href":"https:\/\/www.welovecycling.com\/wide\/wp-json\/wp\/v2\/media\/202565"}],"wp:attachment":[{"href":"https:\/\/www.welovecycling.com\/wide\/wp-json\/wp\/v2\/media?parent=202564"}],"wp:term":[{"taxonomy":"category","embeddable":true,"href":"https:\/\/www.welovecycling.com\/wide\/wp-json\/wp\/v2\/categories?post=202564"},{"taxonomy":"post_tag","embeddable":true,"href":"https:\/\/www.welovecycling.com\/wide\/wp-json\/wp\/v2\/tags?post=202564"},{"taxonomy":"global-categories","embeddable":true,"href":"https:\/\/www.welovecycling.com\/wide\/wp-json\/wp\/v2\/global-categories?post=202564"}],"curies":[{"name":"wp","href":"https:\/\/api.w.org\/{rel}","templated":true}]}}