{"id":202322,"date":"2025-09-22T11:58:38","date_gmt":"2025-09-22T11:58:38","guid":{"rendered":"https:\/\/www.welovecycling.com\/wide\/?p=202322"},"modified":"2025-09-22T11:58:38","modified_gmt":"2025-09-22T11:58:38","slug":"evenepoel-demolishes-rivals-in-itt-worlds-as-reusser-dominates-womens-race","status":"publish","type":"post","link":"https:\/\/www.welovecycling.com\/wide\/2025\/09\/22\/evenepoel-demolishes-rivals-in-itt-worlds-as-reusser-dominates-womens-race\/","title":{"rendered":"Evenepoel Demolishes Rivals in ITT Worlds as Reusser Dominates Women&#8217;s Race"},"content":{"rendered":"<p><strong>Sunday\u2019s UCI Elite Men\u2019s World Championship Time Trial provided the most incredible image of the year, if not the decade, when with 2.1km left to ride on the 40.6km course in the Rwandan capital Kigali, defending champion Remco Evenepoel passed Tadej Poga\u010dar, who had started 2:30 before him.<\/strong><\/p>\n<p><!--more--><\/p>\n<h2><strong>A bitter pill for Poga\u010dar<\/strong><\/h2>\n<p>\u201cThat was a bitter one to swallow,\u201d the clearly chagrined Slovenian said after the race. The 25-year-old Belgian then left the defending world road race champion behind on the last of four climbs, the cobbled C\u00f4te de Kimihurura (1.3km @ 6.3%), and went on to win his third ITT world championship in succession, the third man to accomplish the feat after Australia\u2019s Michael Rogers (2003-5) and Tony Martin of Germany (2011-13). Australian Jay Vine rode a superb race to finish \u2018only\u2019 1:14 behind, while another Belgian, Ilan van Wilder, completed the podium, at 2:36.<\/p>\n<p>That\u2019s right, Poga\u010dar didn\u2019t even finish on the podium, crossing the line 1 second behind Van Wilder, and that on his 27th birthday. He clearly had a bad day, but it was such a bad day that you have to wonder how he will fare in the Road Race World Championship in a week\u2019s time. But Poga\u010dar being <a href=\"https:\/\/www.welovecycling.com\/wide\/2025\/08\/11\/i-have-to-enjoy-the-moment-pogacar-targets-hilly-european-championships-while-counting-down-to-retirement\/\" target=\"_blank\" rel=\"noopener\">Poga\u010dar,<\/a> you have to believe that he will come out punching.<\/p>\n<p>\u201cIt\u2019s really bittersweet,\u201d he said, visibly chagrined. \u201cMaybe if I\u2019d known I was only one second from the podium in the last kilometer, I could have found a little extra. Today I\u2019ll probably regret that, but tomorrow is a new day. It wasn\u2019t my best performance, but given the circumstances I can be satisfied with how I suffered.\u201d Then he looked forward. \u201cI hope [Evenepoel] prepared 100 percent for the time trial and 99 percent for next Sunday.<\/p>\n<h2><strong>Remco goes all in<\/strong><\/h2>\n<p>As for Evenepoel, he said,\u00a0 &#8220;I felt pretty good straight away. On the first flat part, I felt that the legs were turning. I was holding my pace without going over the limit. And then, the first climb of the day was actually quite hard, together with the last two ones, so I really pushed it there.<\/p>\n<p>&#8220;And then after, I saw I had quite a big gap, so I just wanted to keep a pace that I could hold until the bottom of [the C\u00f4te de P\u00e9age], and then I just went flat out on every climb. But I must say, the cobbles, I hated them at some point. It was so, so hard to really push through them. But in the end, I won is the most important. And Ilan, my teammate, and same age generation guy came third. So a phenomenal day for us, I guess.&#8221;<\/p>\n<p>Asked on TNT about passing Poga\u010dar, he said, \u201cOn a day like today it doesn\u2019t matter who it is [in front]. I just wanted to push as hard as possible from the first climb on and try and recover on the descents. Of course, on the cobbles, when I saw I was coming close [to Poga\u010dar] quite quickly, I knew I had to push through. But I have to say I knew it was really tough on the false flat part at the end, so I didn\u2019t want to go over the limit because I knew that last 400 meters were hard.\u201d<\/p>\n<p>He went on to say that he was looking forward to next year\u2019s race and becoming the only man to win four ITT world championships in a row. Don\u2019t bet against him doing that.<\/p>\n<blockquote class=\"instagram-media\" style=\"background: #FFF; border: 0; border-radius: 3px; box-shadow: 0 0 1px 0 rgba(0,0,0,0.5),0 1px 10px 0 rgba(0,0,0,0.15); margin: 1px; max-width: 540px; min-width: 326px; padding: 0; width: calc(100% - 2px);\" data-instgrm-captioned=\"\" data-instgrm-permalink=\"https:\/\/www.instagram.com\/p\/DO5O7_cDIjj\/?utm_source=ig_embed&amp;utm_campaign=loading\" data-instgrm-version=\"14\">\n<div style=\"padding: 16px;\">\n<p>&nbsp;<\/p>\n<div style=\"display: flex; flex-direction: row; align-items: center;\">\n<div style=\"background-color: #f4f4f4; border-radius: 50%; flex-grow: 0; height: 40px; margin-right: 14px; width: 40px;\"><\/div>\n<div style=\"display: flex; flex-direction: column; flex-grow: 1; justify-content: center;\">\n<div style=\"background-color: #f4f4f4; border-radius: 4px; flex-grow: 0; height: 14px; margin-bottom: 6px; width: 100px;\"><\/div>\n<div style=\"background-color: #f4f4f4; border-radius: 4px; flex-grow: 0; height: 14px; width: 60px;\"><\/div>\n<\/div>\n<\/div>\n<div style=\"padding: 19% 0;\"><\/div>\n<div style=\"display: block; height: 50px; margin: 0 auto 12px; width: 50px;\"><\/div>\n<div style=\"padding-top: 8px;\">\n<div style=\"color: #3897f0; font-family: Arial,sans-serif; font-size: 14px; font-style: normal; font-weight: 550; line-height: 18px;\">View this post on Instagram<\/div>\n<\/div>\n<div style=\"padding: 12.5% 0;\"><\/div>\n<div style=\"display: flex; flex-direction: row; margin-bottom: 14px; align-items: center;\">\n<div>\n<div style=\"background-color: #f4f4f4; border-radius: 50%; height: 12.5px; width: 12.5px; transform: translateX(0px) translateY(7px);\"><\/div>\n<div style=\"background-color: #f4f4f4; height: 12.5px; transform: rotate(-45deg) translateX(3px) translateY(1px); width: 12.5px; flex-grow: 0; margin-right: 14px; margin-left: 2px;\"><\/div>\n<div style=\"background-color: #f4f4f4; border-radius: 50%; height: 12.5px; width: 12.5px; transform: translateX(9px) translateY(-18px);\"><\/div>\n<\/div>\n<div style=\"margin-left: 8px;\">\n<div style=\"background-color: #f4f4f4; border-radius: 50%; flex-grow: 0; height: 20px; width: 20px;\"><\/div>\n<div style=\"width: 0; height: 0; border-top: 2px solid transparent; border-left: 6px solid #f4f4f4; border-bottom: 2px solid transparent; transform: translateX(16px) translateY(-4px) rotate(30deg);\"><\/div>\n<\/div>\n<div style=\"margin-left: auto;\">\n<div style=\"width: 0px; border-top: 8px solid #F4F4F4; border-right: 8px solid transparent; transform: translateY(16px);\"><\/div>\n<div style=\"background-color: #f4f4f4; flex-grow: 0; height: 12px; width: 16px; transform: translateY(-4px);\"><\/div>\n<div style=\"width: 0; height: 0; border-top: 8px solid #F4F4F4; border-left: 8px solid transparent; transform: translateY(-4px) translateX(8px);\"><\/div>\n<\/div>\n<\/div>\n<div style=\"display: flex; flex-direction: column; flex-grow: 1; justify-content: center; margin-bottom: 24px;\">\n<div style=\"background-color: #f4f4f4; border-radius: 4px; flex-grow: 0; height: 14px; margin-bottom: 6px; width: 224px;\"><\/div>\n<div style=\"background-color: #f4f4f4; border-radius: 4px; flex-grow: 0; height: 14px; width: 144px;\"><\/div>\n<\/div>\n<p>&nbsp;<\/p>\n<p style=\"color: #c9c8cd; font-family: Arial,sans-serif; font-size: 14px; line-height: 17px; margin-bottom: 0; margin-top: 8px; overflow: hidden; padding: 8px 0 7px; text-align: center; text-overflow: ellipsis; white-space: nowrap;\"><a style=\"color: #c9c8cd; font-family: Arial,sans-serif; font-size: 14px; font-style: normal; font-weight: normal; line-height: 17px; text-decoration: none;\" href=\"https:\/\/www.instagram.com\/p\/DO5O7_cDIjj\/?utm_source=ig_embed&amp;utm_campaign=loading\" target=\"_blank\" rel=\"noopener\">A post shared by Kigali 2025 (@kigali2025)<\/a><\/p>\n<\/div>\n<\/blockquote>\n<p><script async src=\"\/\/www.instagram.com\/embed.js\"><\/script><\/p>\n<h2><strong>Sweet redemption for Reusser<\/strong><\/h2>\n<p>In the Elite Women\u2019s race, Marlen Reusser of Switzerland finally redeemed her hard-luck record in the competition with a powerful and well-measured ride on the brutal course, beating Dutch riders Anna van der Breggen and Demi Vollering by 52 seconds and 1:05 respectively.<\/p>\n<p>The 31.2km course featured three climbs with the difficult cobblestone ascent of the C\u00f4te de Kimihurura near the finish. That climb always looked to be decisive, but the 34-year-old Reusser decided the race well before, leading at every timing point. She had only 23 seconds over van der Breggen at the third timing point, just before the final climb. But she had saved her best for last and powered up the Kimihurura to leave no doubt as to who was the best rider in the race.<\/p>\n<p>The first-ever cycling world championships held on the African continent was the scene of sweet redemption for Reusser, who had finished second in the race in 2021 and 2022 and had been forced to abandon the race in 2023 due to burnout after a hard season. In 2024 a crash and then Covid forced her to miss the competition. This year it seemed that she would again miss out due to misfortune as she fell ill during the Giro d\u2019Italia Women and was forced to abandon the opening stage of the Tour de France Femmes avec Zwift in July, again because of illness. No wonder she could hardly believe that she had won the race this year.<\/p>\n<p>\u201cI almost can&#8217;t believe it. I know it\u2019s real and it happened, but I\u2019ve tried so many times and it didn\u2019t work out and now I\u2019ve made it. It\u2019s really special,\u201d she said on TNT. She went on to say, \u201cI went really hard on the climbs and on the final climb I think I went too hard in the beginning, so I was full of lactic acid, but I think it was the right way to pace it. I have an advantage as I\u2019m quite a heavy rider so without a lot of effort I can go downhill pretty fast and then I can put in all my efforts in on the climbs.\u201d<\/p>\n<p>It was a disappointing race for 2019 and 2023 ITT world champion, Chlo\u00e9 Dygert, who had finished third in last year\u2019s race. But the 28-year-old American seemed out of sorts right from the start and never looked like challenging for the title. She finished ninth, 2:25 behind the winner. The result was also disappointing for Vollering. She trailed Reusser by less than a second at the first timing point, but gradually fell back as the race progressed, as she seemed to struggle with her gearing. She will now go into next Saturday\u2019s road race hoping to win the first rainbow jersey of her career.<\/p>\n<p>The final words of this eventful first day of the eight-day world championships belong to Reusser, who said, beaming, \u201cI made it. I\u2019m so glad, I\u2019m so happy.\u201d<\/p>\n<h4><strong>Results of the Elite Men\u2019s World Championship Time Trial<\/strong><\/h4>\n<ol>\n<li>Remco Evenepoel, Belgium \u00a0\u00a0\u00a0\u00a0\u00a049.46<br \/>\n2. Jay Vine, Australia\u00a0\u00a0\u00a0\u00a0\u00a0\u00a0\u00a0\u00a0\u00a0\u00a0\u00a0\u00a0\u00a0\u00a0\u00a0\u00a0\u00a0\u00a0\u00a0\u00a0 \u00a0\u00a0\u00a0\u00a0\u00a0\u00a0\u00a0+1:14<br \/>\n3. Ilan Van Wilder, Belgium\u00a0\u00a0\u00a0\u00a0\u00a0\u00a0\u00a0\u00a0\u00a0\u00a0\u00a0\u00a0\u00a0\u00a0\u00a0 \u00a0+2:36<br \/>\n4. Tadej Poga\u010dar, Slovenia\u00a0\u00a0\u00a0\u00a0\u00a0\u00a0\u00a0\u00a0\u00a0\u00a0\u00a0\u00a0\u00a0\u00a0\u00a0\u00a0\u00a0\u00a0 \u00a0+2:37<br \/>\n5. Isaac del Toro, Mexico\u00a0\u00a0\u00a0\u00a0\u00a0\u00a0\u00a0\u00a0\u00a0\u00a0\u00a0\u00a0\u00a0\u00a0\u00a0\u00a0\u00a0\u00a0\u00a0\u00a0 \u00a0+2:40<br \/>\n6. Andreas Leknessund, Norway\u00a0\u00a0\u00a0\u00a0\u00a0\u00a0\u00a0\u00a0\u00a0 \u00a0+2:57<br \/>\n7. Luke Plapp, Australia\u00a0\u00a0\u00a0\u00a0\u00a0\u00a0\u00a0\u00a0\u00a0\u00a0\u00a0\u00a0\u00a0\u00a0\u00a0\u00a0\u00a0\u00a0\u00a0\u00a0\u00a0\u00a0\u00a0 \u00a0+3:03<br \/>\n8. Bruno Armirail, France\u00a0\u00a0\u00a0\u00a0\u00a0\u00a0\u00a0\u00a0\u00a0\u00a0\u00a0\u00a0\u00a0\u00a0\u00a0\u00a0\u00a0\u00a0\u00a0\u00a0 \u00a0+3:06<br \/>\n9. Thymen Arensman, Netherlands\u00a0\u00a0\u00a0\u00a0\u00a0\u00a0 \u00a0+3:39<br \/>\n10. Stefan K\u00fcng, Switzerland\u00a0\u00a0\u00a0\u00a0\u00a0\u00a0\u00a0\u00a0\u00a0\u00a0\u00a0\u00a0\u00a0\u00a0\u00a0 \u00a0+3:48<\/li>\n<\/ol>\n<h4><strong>Results of the Elite Women\u2019s World Championship Time Trial<\/strong><\/h4>\n<ol>\n<li>Marlen Reusser, Switzerland \u00a0\u00a043:09<br \/>\n2. Anna van der Breggen, Netherlands\u00a0\u00a0\u00a0 \u00a0\u00a0+0:52<br \/>\n3. Demi Vollering, Netherlands\u00a0\u00a0\u00a0\u00a0\u00a0\u00a0\u00a0\u00a0\u00a0\u00a0\u00a0\u00a0\u00a0\u00a0 \u00a0\u00a0+1:05<br \/>\n4. Brodie Chapman, Australia\u00a0\u00a0\u00a0\u00a0\u00a0\u00a0\u00a0\u00a0\u00a0\u00a0\u00a0\u00a0\u00a0\u00a0\u00a0\u00a0\u00a0 \u00a0\u00a0+1:21<br \/>\n5. Katrine Aalerud, Norway\u00a0\u00a0\u00a0\u00a0\u00a0\u00a0\u00a0\u00a0\u00a0\u00a0\u00a0\u00a0\u00a0\u00a0\u00a0\u00a0\u00a0\u00a0\u00a0\u00a0 \u00a0\u00a0+1:24<br \/>\n6. Antonia Niedermaier, Germany\u00a0\u00a0\u00a0\u00a0\u00a0\u00a0\u00a0\u00a0\u00a0\u00a0\u00a0\u00a0 +1:29<br \/>\n7. Juliette Labous, France\u00a0\u00a0\u00a0\u00a0\u00a0\u00a0\u00a0\u00a0\u00a0\u00a0\u00a0\u00a0\u00a0\u00a0\u00a0\u00a0\u00a0\u00a0\u00a0\u00a0\u00a0\u00a0\u00a0\u00a0\u00a0 \u00a0+1:33<br \/>\n8. Anna Henderson, Great Britain\u00a0\u00a0\u00a0\u00a0\u00a0\u00a0\u00a0\u00a0\u00a0\u00a0\u00a0\u00a0 \u00a0+1:38<br \/>\n9. Chlo\u00e9 Dygert, US\u00a0\u00a0\u00a0\u00a0\u00a0\u00a0\u00a0\u00a0\u00a0\u00a0\u00a0\u00a0\u00a0\u00a0\u00a0\u00a0\u00a0\u00a0\u00a0\u00a0\u00a0\u00a0 \u00a0\u00a0\u00a0\u00a0\u00a0\u00a0\u00a0\u00a0\u00a0\u00a0\u00a0\u00a0+2:25<br \/>\n10. Mireia Benito, Spain\u00a0\u00a0\u00a0\u00a0\u00a0\u00a0\u00a0\u00a0\u00a0\u00a0\u00a0\u00a0\u00a0\u00a0\u00a0\u00a0\u00a0\u00a0\u00a0\u00a0 \u00a0\u00a0\u00a0\u00a0\u00a0\u00a0\u00a0+2:32<\/li>\n<\/ol>\n<p>&nbsp;<\/p>\n","protected":false},"excerpt":{"rendered":"<p>Sunday\u2019s UCI Elite Men\u2019s World Championship Time Trial provided the most incredible image of the year, if not the decade, [&hellip;]<\/p>\n","protected":false},"author":99,"featured_media":202323,"comment_status":"closed","ping_status":"open","sticky":false,"template":"","format":"standard","meta":{"footnotes":""},"categories":[329],"tags":[8504,3771,6900,5518,3544,8679],"global-categories":[3366],"class_list":["post-202322","post","type-post","status-publish","format-standard","has-post-thumbnail","hentry","category-road-cycling","tag-2025-uci-road-world-championships-rwanda","tag-demi-vollering","tag-jay-vine","tag-marlen-reusser","tag-remco-evenepoel","tag-uci-elite-mens-world-championship-time-trial","global-categories-cycling"],"yoast_head":"<!-- This site is optimized with the Yoast SEO Premium plugin v25.3 (Yoast SEO v25.9) - https:\/\/yoast.com\/wordpress\/plugins\/seo\/ -->\n<title>Evenepoel Demolishes Rivals in ITT Worlds as Reusser Dominates Women&#039;s Race - \u0160koda We Love Cycling<\/title>\n<meta name=\"description\" content=\"Sunday\u2019s UCI Elite Men\u2019s World Championship Time Trial provided the most incredible image of the year, if not the decade, when with 2.1km left to ride on\" \/>\n<meta name=\"robots\" content=\"index, follow, max-snippet:-1, max-image-preview:large, max-video-preview:-1\" \/>\n<link rel=\"canonical\" href=\"https:\/\/www.welovecycling.com\/wide\/2025\/09\/22\/evenepoel-demolishes-rivals-in-itt-worlds-as-reusser-dominates-womens-race\/\" \/>\n<meta property=\"og:locale\" content=\"en_US\" \/>\n<meta property=\"og:type\" content=\"article\" \/>\n<meta property=\"og:title\" content=\"Evenepoel Demolishes Rivals in ITT Worlds as Reusser Dominates Women&#039;s Race\" \/>\n<meta property=\"og:description\" content=\"Sunday\u2019s UCI Elite Men\u2019s World Championship Time Trial provided the most incredible image of the year, if not the decade, when with 2.1km left to ride on\" \/>\n<meta property=\"og:url\" content=\"https:\/\/www.welovecycling.com\/wide\/2025\/09\/22\/evenepoel-demolishes-rivals-in-itt-worlds-as-reusser-dominates-womens-race\/\" \/>\n<meta property=\"og:site_name\" content=\"\u0160koda We Love Cycling\" \/>\n<meta property=\"article:published_time\" content=\"2025-09-22T11:58:38+00:00\" \/>\n<meta property=\"og:image\" content=\"https:\/\/d2p6e6u75xmxt8.cloudfront.net\/2\/2025\/09\/Marlen-Reusser-Rwanda-Championships-profimedia-1039099660-CVR.webp\" \/>\n\t<meta property=\"og:image:width\" content=\"990\" \/>\n\t<meta property=\"og:image:height\" content=\"660\" \/>\n\t<meta property=\"og:image:type\" content=\"image\/webp\" \/>\n<meta name=\"author\" content=\"tereza\" \/>\n<meta name=\"twitter:card\" content=\"summary_large_image\" \/>\n<meta name=\"twitter:label1\" content=\"Written by\" \/>\n\t<meta name=\"twitter:data1\" content=\"Siegfried Mortkowitz\" \/>\n\t<meta name=\"twitter:label2\" content=\"Est. reading time\" \/>\n\t<meta name=\"twitter:data2\" content=\"3\" \/>\n<script type=\"application\/ld+json\" class=\"yoast-schema-graph\">{\"@context\":\"https:\/\/schema.org\",\"@graph\":[{\"@type\":\"WebPage\",\"@id\":\"https:\/\/www.welovecycling.com\/wide\/2025\/09\/22\/evenepoel-demolishes-rivals-in-itt-worlds-as-reusser-dominates-womens-race\/\",\"url\":\"https:\/\/www.welovecycling.com\/wide\/2025\/09\/22\/evenepoel-demolishes-rivals-in-itt-worlds-as-reusser-dominates-womens-race\/\",\"name\":\"Evenepoel Demolishes Rivals in ITT Worlds as Reusser Dominates Women's Race - \u0160koda We Love Cycling\",\"isPartOf\":{\"@id\":\"https:\/\/www.welovecycling.com\/wide\/#website\"},\"primaryImageOfPage\":{\"@id\":\"https:\/\/www.welovecycling.com\/wide\/2025\/09\/22\/evenepoel-demolishes-rivals-in-itt-worlds-as-reusser-dominates-womens-race\/#primaryimage\"},\"image\":{\"@id\":\"https:\/\/www.welovecycling.com\/wide\/2025\/09\/22\/evenepoel-demolishes-rivals-in-itt-worlds-as-reusser-dominates-womens-race\/#primaryimage\"},\"thumbnailUrl\":\"https:\/\/d2p6e6u75xmxt8.cloudfront.net\/2\/2025\/09\/Marlen-Reusser-Rwanda-Championships-profimedia-1039099660-CVR.webp\",\"datePublished\":\"2025-09-22T11:58:38+00:00\",\"author\":{\"@id\":\"https:\/\/www.welovecycling.com\/wide\/#\/schema\/person\/50f01ecd18718d2333cf72e823c4f926\"},\"description\":\"Sunday\u2019s UCI Elite Men\u2019s World Championship Time Trial provided the most incredible image of the year, if not the decade, when with 2.1km left to ride on\",\"breadcrumb\":{\"@id\":\"https:\/\/www.welovecycling.com\/wide\/2025\/09\/22\/evenepoel-demolishes-rivals-in-itt-worlds-as-reusser-dominates-womens-race\/#breadcrumb\"},\"inLanguage\":\"en-US\",\"potentialAction\":[{\"@type\":\"ReadAction\",\"target\":[\"https:\/\/www.welovecycling.com\/wide\/2025\/09\/22\/evenepoel-demolishes-rivals-in-itt-worlds-as-reusser-dominates-womens-race\/\"]}]},{\"@type\":\"ImageObject\",\"inLanguage\":\"en-US\",\"@id\":\"https:\/\/www.welovecycling.com\/wide\/2025\/09\/22\/evenepoel-demolishes-rivals-in-itt-worlds-as-reusser-dominates-womens-race\/#primaryimage\",\"url\":\"https:\/\/d2p6e6u75xmxt8.cloudfront.net\/2\/2025\/09\/Marlen-Reusser-Rwanda-Championships-profimedia-1039099660-CVR.webp\",\"contentUrl\":\"https:\/\/d2p6e6u75xmxt8.cloudfront.net\/2\/2025\/09\/Marlen-Reusser-Rwanda-Championships-profimedia-1039099660-CVR.webp\",\"width\":990,\"height\":660,\"caption\":\"Marlen Reusser\"},{\"@type\":\"BreadcrumbList\",\"@id\":\"https:\/\/www.welovecycling.com\/wide\/2025\/09\/22\/evenepoel-demolishes-rivals-in-itt-worlds-as-reusser-dominates-womens-race\/#breadcrumb\",\"itemListElement\":[{\"@type\":\"ListItem\",\"position\":1,\"name\":\"Home\",\"item\":\"https:\/\/www.welovecycling.com\/wide\/\"},{\"@type\":\"ListItem\",\"position\":2,\"name\":\"Evenepoel Demolishes Rivals in ITT Worlds as Reusser Dominates Women&#8217;s Race\"}]},{\"@type\":\"WebSite\",\"@id\":\"https:\/\/www.welovecycling.com\/wide\/#website\",\"url\":\"https:\/\/www.welovecycling.com\/wide\/\",\"name\":\"\u0160koda We Love Cycling\",\"description\":\"\u0160koda We Love Cycling magazine\",\"alternateName\":\"\u0160koda WLC\",\"potentialAction\":[{\"@type\":\"SearchAction\",\"target\":{\"@type\":\"EntryPoint\",\"urlTemplate\":\"https:\/\/www.welovecycling.com\/wide\/?s={search_term_string}\"},\"query-input\":{\"@type\":\"PropertyValueSpecification\",\"valueRequired\":true,\"valueName\":\"search_term_string\"}}],\"inLanguage\":\"en-US\"},{\"@type\":\"Person\",\"@id\":\"https:\/\/www.welovecycling.com\/wide\/#\/schema\/person\/50f01ecd18718d2333cf72e823c4f926\",\"name\":\"tereza\",\"image\":{\"@type\":\"ImageObject\",\"inLanguage\":\"en-US\",\"@id\":\"https:\/\/www.welovecycling.com\/wide\/#\/schema\/person\/image\/\",\"url\":\"https:\/\/secure.gravatar.com\/avatar\/1f9eb71be33845f0afabce3791bc1c58ecdb0a25c62964987e5dbcf7a20d2ec7?s=96&d=mm&r=g\",\"contentUrl\":\"https:\/\/secure.gravatar.com\/avatar\/1f9eb71be33845f0afabce3791bc1c58ecdb0a25c62964987e5dbcf7a20d2ec7?s=96&d=mm&r=g\",\"caption\":\"tereza\"},\"url\":\"https:\/\/www.welovecycling.com\/wide\/author\/tereza\/\"}]}<\/script>\n<!-- \/ Yoast SEO Premium plugin. -->","yoast_head_json":{"title":"Evenepoel Demolishes Rivals in ITT Worlds as Reusser Dominates Women's Race - \u0160koda We Love Cycling","description":"Sunday\u2019s UCI Elite Men\u2019s World Championship Time Trial provided the most incredible image of the year, if not the decade, when with 2.1km left to ride on","robots":{"index":"index","follow":"follow","max-snippet":"max-snippet:-1","max-image-preview":"max-image-preview:large","max-video-preview":"max-video-preview:-1"},"canonical":"https:\/\/www.welovecycling.com\/wide\/2025\/09\/22\/evenepoel-demolishes-rivals-in-itt-worlds-as-reusser-dominates-womens-race\/","og_locale":"en_US","og_type":"article","og_title":"Evenepoel Demolishes Rivals in ITT Worlds as Reusser Dominates Women's Race","og_description":"Sunday\u2019s UCI Elite Men\u2019s World Championship Time Trial provided the most incredible image of the year, if not the decade, when with 2.1km left to ride on","og_url":"https:\/\/www.welovecycling.com\/wide\/2025\/09\/22\/evenepoel-demolishes-rivals-in-itt-worlds-as-reusser-dominates-womens-race\/","og_site_name":"\u0160koda We Love Cycling","article_published_time":"2025-09-22T11:58:38+00:00","og_image":[{"width":990,"height":660,"url":"https:\/\/d2p6e6u75xmxt8.cloudfront.net\/2\/2025\/09\/Marlen-Reusser-Rwanda-Championships-profimedia-1039099660-CVR.webp","type":"image\/webp"}],"author":"tereza","twitter_card":"summary_large_image","twitter_misc":{"Written by":"Siegfried Mortkowitz","Est. reading time":"3"},"schema":{"@context":"https:\/\/schema.org","@graph":[{"@type":"WebPage","@id":"https:\/\/www.welovecycling.com\/wide\/2025\/09\/22\/evenepoel-demolishes-rivals-in-itt-worlds-as-reusser-dominates-womens-race\/","url":"https:\/\/www.welovecycling.com\/wide\/2025\/09\/22\/evenepoel-demolishes-rivals-in-itt-worlds-as-reusser-dominates-womens-race\/","name":"Evenepoel Demolishes Rivals in ITT Worlds as Reusser Dominates Women's Race - \u0160koda We Love Cycling","isPartOf":{"@id":"https:\/\/www.welovecycling.com\/wide\/#website"},"primaryImageOfPage":{"@id":"https:\/\/www.welovecycling.com\/wide\/2025\/09\/22\/evenepoel-demolishes-rivals-in-itt-worlds-as-reusser-dominates-womens-race\/#primaryimage"},"image":{"@id":"https:\/\/www.welovecycling.com\/wide\/2025\/09\/22\/evenepoel-demolishes-rivals-in-itt-worlds-as-reusser-dominates-womens-race\/#primaryimage"},"thumbnailUrl":"https:\/\/d2p6e6u75xmxt8.cloudfront.net\/2\/2025\/09\/Marlen-Reusser-Rwanda-Championships-profimedia-1039099660-CVR.webp","datePublished":"2025-09-22T11:58:38+00:00","author":{"@id":"https:\/\/www.welovecycling.com\/wide\/#\/schema\/person\/50f01ecd18718d2333cf72e823c4f926"},"description":"Sunday\u2019s UCI Elite Men\u2019s World Championship Time Trial provided the most incredible image of the year, if not the decade, when with 2.1km left to ride on","breadcrumb":{"@id":"https:\/\/www.welovecycling.com\/wide\/2025\/09\/22\/evenepoel-demolishes-rivals-in-itt-worlds-as-reusser-dominates-womens-race\/#breadcrumb"},"inLanguage":"en-US","potentialAction":[{"@type":"ReadAction","target":["https:\/\/www.welovecycling.com\/wide\/2025\/09\/22\/evenepoel-demolishes-rivals-in-itt-worlds-as-reusser-dominates-womens-race\/"]}]},{"@type":"ImageObject","inLanguage":"en-US","@id":"https:\/\/www.welovecycling.com\/wide\/2025\/09\/22\/evenepoel-demolishes-rivals-in-itt-worlds-as-reusser-dominates-womens-race\/#primaryimage","url":"https:\/\/d2p6e6u75xmxt8.cloudfront.net\/2\/2025\/09\/Marlen-Reusser-Rwanda-Championships-profimedia-1039099660-CVR.webp","contentUrl":"https:\/\/d2p6e6u75xmxt8.cloudfront.net\/2\/2025\/09\/Marlen-Reusser-Rwanda-Championships-profimedia-1039099660-CVR.webp","width":990,"height":660,"caption":"Marlen Reusser"},{"@type":"BreadcrumbList","@id":"https:\/\/www.welovecycling.com\/wide\/2025\/09\/22\/evenepoel-demolishes-rivals-in-itt-worlds-as-reusser-dominates-womens-race\/#breadcrumb","itemListElement":[{"@type":"ListItem","position":1,"name":"Home","item":"https:\/\/www.welovecycling.com\/wide\/"},{"@type":"ListItem","position":2,"name":"Evenepoel Demolishes Rivals in ITT Worlds as Reusser Dominates Women&#8217;s Race"}]},{"@type":"WebSite","@id":"https:\/\/www.welovecycling.com\/wide\/#website","url":"https:\/\/www.welovecycling.com\/wide\/","name":"\u0160koda We Love Cycling","description":"\u0160koda We Love Cycling magazine","alternateName":"\u0160koda WLC","potentialAction":[{"@type":"SearchAction","target":{"@type":"EntryPoint","urlTemplate":"https:\/\/www.welovecycling.com\/wide\/?s={search_term_string}"},"query-input":{"@type":"PropertyValueSpecification","valueRequired":true,"valueName":"search_term_string"}}],"inLanguage":"en-US"},{"@type":"Person","@id":"https:\/\/www.welovecycling.com\/wide\/#\/schema\/person\/50f01ecd18718d2333cf72e823c4f926","name":"tereza","image":{"@type":"ImageObject","inLanguage":"en-US","@id":"https:\/\/www.welovecycling.com\/wide\/#\/schema\/person\/image\/","url":"https:\/\/secure.gravatar.com\/avatar\/1f9eb71be33845f0afabce3791bc1c58ecdb0a25c62964987e5dbcf7a20d2ec7?s=96&d=mm&r=g","contentUrl":"https:\/\/secure.gravatar.com\/avatar\/1f9eb71be33845f0afabce3791bc1c58ecdb0a25c62964987e5dbcf7a20d2ec7?s=96&d=mm&r=g","caption":"tereza"},"url":"https:\/\/www.welovecycling.com\/wide\/author\/tereza\/"}]}},"_links":{"self":[{"href":"https:\/\/www.welovecycling.com\/wide\/wp-json\/wp\/v2\/posts\/202322","targetHints":{"allow":["GET"]}}],"collection":[{"href":"https:\/\/www.welovecycling.com\/wide\/wp-json\/wp\/v2\/posts"}],"about":[{"href":"https:\/\/www.welovecycling.com\/wide\/wp-json\/wp\/v2\/types\/post"}],"author":[{"embeddable":true,"href":"https:\/\/www.welovecycling.com\/wide\/wp-json\/wp\/v2\/users\/99"}],"replies":[{"embeddable":true,"href":"https:\/\/www.welovecycling.com\/wide\/wp-json\/wp\/v2\/comments?post=202322"}],"version-history":[{"count":2,"href":"https:\/\/www.welovecycling.com\/wide\/wp-json\/wp\/v2\/posts\/202322\/revisions"}],"predecessor-version":[{"id":202325,"href":"https:\/\/www.welovecycling.com\/wide\/wp-json\/wp\/v2\/posts\/202322\/revisions\/202325"}],"wp:featuredmedia":[{"embeddable":true,"href":"https:\/\/www.welovecycling.com\/wide\/wp-json\/wp\/v2\/media\/202323"}],"wp:attachment":[{"href":"https:\/\/www.welovecycling.com\/wide\/wp-json\/wp\/v2\/media?parent=202322"}],"wp:term":[{"taxonomy":"category","embeddable":true,"href":"https:\/\/www.welovecycling.com\/wide\/wp-json\/wp\/v2\/categories?post=202322"},{"taxonomy":"post_tag","embeddable":true,"href":"https:\/\/www.welovecycling.com\/wide\/wp-json\/wp\/v2\/tags?post=202322"},{"taxonomy":"global-categories","embeddable":true,"href":"https:\/\/www.welovecycling.com\/wide\/wp-json\/wp\/v2\/global-categories?post=202322"}],"curies":[{"name":"wp","href":"https:\/\/api.w.org\/{rel}","templated":true}]}}