{"id":202273,"date":"2025-09-17T20:11:08","date_gmt":"2025-09-17T20:11:08","guid":{"rendered":"https:\/\/www.welovecycling.com\/wide\/?p=202273"},"modified":"2025-09-17T20:11:53","modified_gmt":"2025-09-17T20:11:53","slug":"who-is-three-time-grand-tour-winner-jonas-vingegaard","status":"publish","type":"post","link":"https:\/\/www.welovecycling.com\/wide\/2025\/09\/17\/who-is-three-time-grand-tour-winner-jonas-vingegaard\/","title":{"rendered":"Who Is Three-Time Grand Tour Winner Jonas Vingegaard?"},"content":{"rendered":"<p style=\"font-weight: 400;\"><strong>For one thing, Jonas Vingegaard is the 28-year-old Dane and Visma\u2013Lease a Bike rider who on Sunday was (unceremoniously) crowned champion of the 2025 La Vuelta following a dominant ride to the summit of the Bolsa del Mundo in what turned out to be the final kilometer of the race.<\/strong><\/p>\n<p><!--more--><\/p>\n<p style=\"font-weight: 400;\">The victory on Saturday was his third stage win of the race, more than any other rider, and solidified the third Grand Tour victory of his career, after his Tour de France wins in 2022 and 2023. He might have won at least two, perhaps even three, more Tours and been celebrated as the best cyclist of his generation if not for a certain <a href=\"https:\/\/www.welovecycling.com\/wide\/2024\/10\/16\/opinion-is-pogacar-too-good-for-the-sport\/\" target=\"_blank\" rel=\"noopener\">Tadej Poga\u010dar,<\/a> who has now defeated him in three Tours, including the last two. In fact, Poga\u010dar\u2019s recent dominance in road racing can be at least indirectly linked to Vingegaard\u2019s 2023 Tour victory, as the Slovenian raised his skillset to another level after that defeat.<\/p>\n<h2 style=\"font-weight: 400;\"><strong>From fish to stardom<\/strong><\/h2>\n<p style=\"font-weight: 400;\">Vingegaard was working part-time in a fish factory in the town of Hanstholm [see the photos <a href=\"https:\/\/velo.outsideonline.com\/road\/road-racing\/tour-de-france\/before-hitting-the-tour-de-france-podium-jonas-vingegaard-worked-in-a-fish-packing-plant\/\">here<\/a>], gutting, cleaning, and packing fish, before getting on his bike to train. He has <a href=\"https:\/\/www.nytimes.com\/2022\/07\/24\/sports\/cycling\/tour-de-france-jonas-vingegaard.html#:~:text=Six%20months%20before%20joining%20Jumbo,top%20of%20the%20cycling%20world.\">said<\/a> that this early morning work and the hard physical labor in cold conditions helped him develop the mental toughness and work ethic necessary for professional cycling.\u00a0He rode for the Continental-level Coloquick-CULT team at the time, first as a stagiaire in 2016, and then as a full member in 2017 and 2018.<\/p>\n<p style=\"font-weight: 400;\">He registered several top-10 finishes in U23 races as well as a stage win at the 2018 Tour de l\u2019Avenir in a team time trial. That caught the attention of Jumbo-Visma, who signed him in 2019. He won a stage of that year\u2019s Tour of Poland, ahead of Pavel Sivakov and Jai Hindley, and rode in his first Grand Tour the following year. It was the Vuelta, which was won by Visma teammate Primo\u017e Rogli\u010d.<\/p>\n<p style=\"font-weight: 400;\">Rogli\u010d was also indirectly responsible for establishing the Dane as a potential Tour de France winner. Vingegaard went into the 2021 Tour as a domestique for his Slovenian teammate, but Rogli\u010d had to abandon the race after crashing on stage 8. Vingegaard was then fifth in the GC standings, 5:00 behind Poga\u010dar, and was named team leader. He managed to finish second on both mountaintop finishes in the third week before finishing third, 27 seconds ahead of Poga\u010dar, in the\u00a0final time trial. He went on to place second in the final GC, losing only 20 seconds to the Slovenian in the remaining 13 stages. A star was born.<\/p>\n<div class=\"shortcode-ys-post-pinup\"><article class=\"loop-simple post-202239 post type-post status-publish format-standard has-post-thumbnail hentry category-road-cycling tag-2025-la-vuelta tag-joao-almeida tag-jonas-vingegaard tag-la-vuelta tag-tom-pidcock global-categories-cycling\" data-postid=\"202239\" role=\"article\" data-post-id=\"202239\" data-word-count=\"1343\" data-headline-length=\"62\" data-category=\"Road cycling\" data-global-category=\"Cycling\" data-author=\"Siegfried Mortkowitz\" data-published=\"2025-09-15T09:01:24+00:00\" data-published-day=\"Monday\">\n    <div class=\"entry-thumbnail article-thumbnail\" content=\"https:\/\/d2p6e6u75xmxt8.cloudfront.net\/2\/2025\/09\/La-Vuelta-Jonas-Vingegaard-profimedia-1037265060-CVR-150x150.webp\"><a href=\"https:\/\/www.welovecycling.com\/wide\/2025\/09\/15\/better-late-than-never-some-takeaways-from-the-2025-la-vuelta\/\" class=\"image-holder\" target=\"_self\"><img decoding=\"async\" loading=\"lazy\" class=\"\" src=\"https:\/\/d2p6e6u75xmxt8.cloudfront.net\/2\/2025\/09\/La-Vuelta-Jonas-Vingegaard-profimedia-1037265060-CVR.webp\" srcset=\"https:\/\/d2p6e6u75xmxt8.cloudfront.net\/2\/2025\/09\/La-Vuelta-Jonas-Vingegaard-profimedia-1037265060-CVR.webp 990w, https:\/\/d2p6e6u75xmxt8.cloudfront.net\/2\/2025\/09\/La-Vuelta-Jonas-Vingegaard-profimedia-1037265060-CVR-300x200.webp 300w, https:\/\/d2p6e6u75xmxt8.cloudfront.net\/2\/2025\/09\/La-Vuelta-Jonas-Vingegaard-profimedia-1037265060-CVR-768x512.webp 768w, https:\/\/d2p6e6u75xmxt8.cloudfront.net\/2\/2025\/09\/La-Vuelta-Jonas-Vingegaard-profimedia-1037265060-CVR-400x267.webp 400w, https:\/\/d2p6e6u75xmxt8.cloudfront.net\/2\/2025\/09\/La-Vuelta-Jonas-Vingegaard-profimedia-1037265060-CVR-272x182.webp 272w\" width=\"990\" height=\"660\" sizes=\"auto, (min-width: 1200px) 300px, (min-width: 768px) 25vw, 100vw\" alt=\"better-late-than-never-some-takeaways-from-the-2025-la-vuelta\"\/><\/a><\/div>    <div class=\"entry-meta\">\n        <a class=\"label label-secondary post-category\" href=\"https:\/\/www.welovecycling.com\/wide\/category\/road-cycling\/\" title=\"Road cycling\">Road cycling<\/a>\n    <\/div>\n    <div class=\"entry-details\">\n        <a href=\"https:\/\/www.welovecycling.com\/wide\/2025\/09\/15\/better-late-than-never-some-takeaways-from-the-2025-la-vuelta\/\" class='entry-title-wrapper'>\n            <h3 class=\"entry-title\"><span>Better Late Than Never: Some Takeaways from the 2025 La Vuelta<\/span><\/h3>\n        <\/a>\n    <\/div>\n    <\/article>\n<\/div>\n<h2 style=\"font-weight: 400;\"><strong>A terrifying crash and redemption<\/strong><\/h2>\n<p style=\"font-weight: 400;\">Last year was probably the low point in Vingegaard\u2019s career. On a curve at the end of a low-speed descent on stage 4 of the Itzulia Basque Country, he rode over a section of the road surface that had been deformed by underground tree roots and crashed into a concrete drainage ditch. He sustained seven broken ribs, a fractured sternum, a fractured collarbone, and a broken finger, as well as bruising and bleeding around the lungs and a collapsed lung. He was rushed to a Spanish hospital and placed in intensive care. The crash significantly impacted his training and racing schedule, forcing him to miss planned training camps and races and jeopardized his riding in the\u00a0<a href=\"http:\/\/letour.fr\">Tour de France,<\/a> which started less than three months later.<\/p>\n<p style=\"font-weight: 400;\">He made it to the Tour but without having raced a single preparatory race. That he finished second in the race and even won a stage remains for me one of his most remarkable performances. After beating Poga\u010dar to the finish line on stage 11, he broke down in tears during <a href=\"https:\/\/www.tiktok.com\/@itvsport\/video\/7390021357632752928\">the post-race interview<\/a>. \u201cComing back from the crash, [the win] means a lot,\u201d he said. \u201cAll the things I went through, in the last three months, . . I would never have been able to do that without my family. I\u2019m just happy to be here. It means so much to win a stage, especially to win it for my family; they were there supporting me the whole time.\u201d<\/p>\n<h2 style=\"font-weight: 400;\"><strong>The family is everything<\/strong><\/h2>\n<p style=\"font-weight: 400;\">If there is a single key to his personality, it is the importance to his well-being of his wife, Trine Marie Vingegaard Hansen, and their two children,\u00a0daughter Frida, born in September 2020, and son Hugo, born in September 2024.\u00a0He has often been seen calling home after a victory and wife and daughter have often come to the races to meet him at the finish line. He loves his children so much, in fact, that he will forbid them to become professional cyclists. Asked by<a href=\"https:\/\/www.nieuwsblad.be\/\">\u00a0<em>Nieuwsblad<\/em>\u00a0<\/a>if he would let his two children race when they were older, Vingegaard answered: &#8220;To be honest, if my daughter or son asks that question \u2013 &#8216;Daddy, can we race?&#8217; \u2013 the answer is \u2018no\u2019. The way the sport is now\u2026 It\u2019s just too dangerous.\u201d<\/p>\n<p style=\"font-weight: 400;\">And just so we get it right, his full name is Jonas Vingegaard Hansen, as he has taken his wife\u2019s last name, just as he took his mother\u2019s surname, Vingegaard. <a href=\"https:\/\/ororide.com\/who-is-jonas-vingegaards-wife-surprising-truth-tour-de-france-champions-partner\/\">According to Ororide.com<\/a>, his mother, Karina Vingegaard Rasmussen, was instrumental in making her son a star road racer, helping him overcome anxiety and self-doubt and refusing to let him quit the sport due to early struggles, which were accompanied by such intense nervousness that he used to vomit due to the pressure and stress.<\/p>\n<p style=\"font-weight: 400;\">At this Vuelta, perhaps because he has matured, Vingegaard was uncharacteristically carefree and confident, even when illness affected his performances and there were doubts in the media that he could live up to his billing as race favorite. In fact, he also showed surprising explosiveness in the Tour, attacking when it might have been more prudent to sit back, and actually keeping up with his Slovenian nemesis on many of the big climbs. I believe that was one of the factors in Poga\u010dar\u2019s irritation and testiness in the second half of the race.<\/p>\n<p style=\"font-weight: 400;\">In fact, Vingegaard\u2019s confidence has grown so much that he now believes that he just might be able to beat his nemesis the next time they meet in a Grand Tour. \u201cI think this Vuelta gives me hope and belief that I can challenge him even more next year,\u201d Vingegaard told <a href=\"https:\/\/www.feltet.dk\/landevej\/vingegaard-foeler-han-har-lukket-hullet-til-pogacar\/10944965\"><em>feltet.dk<\/em><\/a>. \u201cEven at the Tour de France, although it was a clear defeat, I still took confidence from it. I had some bad days in the Tour, which I still find difficult to explain. But when I was on my best days, he couldn\u2019t ride away from me. That makes me feel like I\u2019ve closed the gap compared to last year.\u201d<\/p>\n<p style=\"font-weight: 400;\">The trick now is to bridge that gap. But even if he never beats Poga\u010dar again, he has already secured his place in racing history. And if he rides in next year\u2019s Giro d\u2019Italia, as he said he will, and wins it, he will have won all three Grand Tours, a feat only seven riders have achieved, none of them named Poga\u010dar.<\/p>\n","protected":false},"excerpt":{"rendered":"<p>For one thing, Jonas Vingegaard is the 28-year-old Dane and Visma\u2013Lease a Bike rider who on Sunday was (unceremoniously) crowned [&hellip;]<\/p>\n","protected":false},"author":99,"featured_media":197645,"comment_status":"closed","ping_status":"open","sticky":false,"template":"","format":"standard","meta":{"footnotes":""},"categories":[329],"tags":[5450,8673,479,433],"global-categories":[3366],"class_list":["post-202273","post","type-post","status-publish","format-standard","has-post-thumbnail","hentry","category-road-cycling","tag-jonas-vingegaard","tag-jonas-vingegaard-profile","tag-la-vuelta","tag-tour-de-france","global-categories-cycling"],"yoast_head":"<!-- This site is optimized with the Yoast SEO Premium plugin v25.3 (Yoast SEO v25.9) - https:\/\/yoast.com\/wordpress\/plugins\/seo\/ -->\n<title>Who Is Three-Time Grand Tour Winner Jonas Vingegaard? - \u0160koda We Love Cycling<\/title>\n<meta name=\"description\" content=\"For one thing, Jonas Vingegaard is the 28-year-old Dane and Visma\u2013Lease a Bike rider who on Sunday was (unceremoniously) crowned champion of the 2025 La\" \/>\n<meta name=\"robots\" content=\"index, follow, max-snippet:-1, max-image-preview:large, max-video-preview:-1\" \/>\n<link rel=\"canonical\" href=\"https:\/\/www.welovecycling.com\/wide\/2025\/09\/17\/who-is-three-time-grand-tour-winner-jonas-vingegaard\/\" \/>\n<meta property=\"og:locale\" content=\"en_US\" \/>\n<meta property=\"og:type\" content=\"article\" \/>\n<meta property=\"og:title\" content=\"Who Is Three-Time Grand Tour Winner Jonas Vingegaard?\" \/>\n<meta property=\"og:description\" content=\"For one thing, Jonas Vingegaard is the 28-year-old Dane and Visma\u2013Lease a Bike rider who on Sunday was (unceremoniously) crowned champion of the 2025 La\" \/>\n<meta property=\"og:url\" content=\"https:\/\/www.welovecycling.com\/wide\/2025\/09\/17\/who-is-three-time-grand-tour-winner-jonas-vingegaard\/\" \/>\n<meta property=\"og:site_name\" content=\"\u0160koda We Love Cycling\" \/>\n<meta property=\"article:published_time\" content=\"2025-09-17T20:11:08+00:00\" \/>\n<meta property=\"article:modified_time\" content=\"2025-09-17T20:11:53+00:00\" \/>\n<meta property=\"og:image\" content=\"https:\/\/d2p6e6u75xmxt8.cloudfront.net\/2\/2025\/01\/Jonas-Vingegaard-profimedia-0953478425-CVR.webp\" \/>\n\t<meta property=\"og:image:width\" content=\"990\" \/>\n\t<meta property=\"og:image:height\" content=\"660\" \/>\n\t<meta property=\"og:image:type\" content=\"image\/webp\" \/>\n<meta name=\"author\" content=\"tereza\" \/>\n<meta name=\"twitter:card\" content=\"summary_large_image\" \/>\n<meta name=\"twitter:label1\" content=\"Written by\" \/>\n\t<meta name=\"twitter:data1\" content=\"Siegfried Mortkowitz\" \/>\n\t<meta name=\"twitter:label2\" content=\"Est. reading time\" \/>\n\t<meta name=\"twitter:data2\" content=\"3\" \/>\n<script type=\"application\/ld+json\" class=\"yoast-schema-graph\">{\"@context\":\"https:\/\/schema.org\",\"@graph\":[{\"@type\":\"WebPage\",\"@id\":\"https:\/\/www.welovecycling.com\/wide\/2025\/09\/17\/who-is-three-time-grand-tour-winner-jonas-vingegaard\/\",\"url\":\"https:\/\/www.welovecycling.com\/wide\/2025\/09\/17\/who-is-three-time-grand-tour-winner-jonas-vingegaard\/\",\"name\":\"Who Is Three-Time Grand Tour Winner Jonas Vingegaard? - \u0160koda We Love Cycling\",\"isPartOf\":{\"@id\":\"https:\/\/www.welovecycling.com\/wide\/#website\"},\"primaryImageOfPage\":{\"@id\":\"https:\/\/www.welovecycling.com\/wide\/2025\/09\/17\/who-is-three-time-grand-tour-winner-jonas-vingegaard\/#primaryimage\"},\"image\":{\"@id\":\"https:\/\/www.welovecycling.com\/wide\/2025\/09\/17\/who-is-three-time-grand-tour-winner-jonas-vingegaard\/#primaryimage\"},\"thumbnailUrl\":\"https:\/\/d2p6e6u75xmxt8.cloudfront.net\/2\/2025\/01\/Jonas-Vingegaard-profimedia-0953478425-CVR.webp\",\"datePublished\":\"2025-09-17T20:11:08+00:00\",\"dateModified\":\"2025-09-17T20:11:53+00:00\",\"author\":{\"@id\":\"https:\/\/www.welovecycling.com\/wide\/#\/schema\/person\/50f01ecd18718d2333cf72e823c4f926\"},\"description\":\"For one thing, Jonas Vingegaard is the 28-year-old Dane and Visma\u2013Lease a Bike rider who on Sunday was (unceremoniously) crowned champion of the 2025 La\",\"breadcrumb\":{\"@id\":\"https:\/\/www.welovecycling.com\/wide\/2025\/09\/17\/who-is-three-time-grand-tour-winner-jonas-vingegaard\/#breadcrumb\"},\"inLanguage\":\"en-US\",\"potentialAction\":[{\"@type\":\"ReadAction\",\"target\":[\"https:\/\/www.welovecycling.com\/wide\/2025\/09\/17\/who-is-three-time-grand-tour-winner-jonas-vingegaard\/\"]}]},{\"@type\":\"ImageObject\",\"inLanguage\":\"en-US\",\"@id\":\"https:\/\/www.welovecycling.com\/wide\/2025\/09\/17\/who-is-three-time-grand-tour-winner-jonas-vingegaard\/#primaryimage\",\"url\":\"https:\/\/d2p6e6u75xmxt8.cloudfront.net\/2\/2025\/01\/Jonas-Vingegaard-profimedia-0953478425-CVR.webp\",\"contentUrl\":\"https:\/\/d2p6e6u75xmxt8.cloudfront.net\/2\/2025\/01\/Jonas-Vingegaard-profimedia-0953478425-CVR.webp\",\"width\":990,\"height\":660,\"caption\":\"Jonas Vingegaard\"},{\"@type\":\"BreadcrumbList\",\"@id\":\"https:\/\/www.welovecycling.com\/wide\/2025\/09\/17\/who-is-three-time-grand-tour-winner-jonas-vingegaard\/#breadcrumb\",\"itemListElement\":[{\"@type\":\"ListItem\",\"position\":1,\"name\":\"Home\",\"item\":\"https:\/\/www.welovecycling.com\/wide\/\"},{\"@type\":\"ListItem\",\"position\":2,\"name\":\"Who Is Three-Time Grand Tour Winner Jonas Vingegaard?\"}]},{\"@type\":\"WebSite\",\"@id\":\"https:\/\/www.welovecycling.com\/wide\/#website\",\"url\":\"https:\/\/www.welovecycling.com\/wide\/\",\"name\":\"\u0160koda We Love Cycling\",\"description\":\"\u0160koda We Love Cycling magazine\",\"alternateName\":\"\u0160koda WLC\",\"potentialAction\":[{\"@type\":\"SearchAction\",\"target\":{\"@type\":\"EntryPoint\",\"urlTemplate\":\"https:\/\/www.welovecycling.com\/wide\/?s={search_term_string}\"},\"query-input\":{\"@type\":\"PropertyValueSpecification\",\"valueRequired\":true,\"valueName\":\"search_term_string\"}}],\"inLanguage\":\"en-US\"},{\"@type\":\"Person\",\"@id\":\"https:\/\/www.welovecycling.com\/wide\/#\/schema\/person\/50f01ecd18718d2333cf72e823c4f926\",\"name\":\"tereza\",\"image\":{\"@type\":\"ImageObject\",\"inLanguage\":\"en-US\",\"@id\":\"https:\/\/www.welovecycling.com\/wide\/#\/schema\/person\/image\/\",\"url\":\"https:\/\/secure.gravatar.com\/avatar\/1f9eb71be33845f0afabce3791bc1c58ecdb0a25c62964987e5dbcf7a20d2ec7?s=96&d=mm&r=g\",\"contentUrl\":\"https:\/\/secure.gravatar.com\/avatar\/1f9eb71be33845f0afabce3791bc1c58ecdb0a25c62964987e5dbcf7a20d2ec7?s=96&d=mm&r=g\",\"caption\":\"tereza\"},\"url\":\"https:\/\/www.welovecycling.com\/wide\/author\/tereza\/\"}]}<\/script>\n<!-- \/ Yoast SEO Premium plugin. -->","yoast_head_json":{"title":"Who Is Three-Time Grand Tour Winner Jonas Vingegaard? - \u0160koda We Love Cycling","description":"For one thing, Jonas Vingegaard is the 28-year-old Dane and Visma\u2013Lease a Bike rider who on Sunday was (unceremoniously) crowned champion of the 2025 La","robots":{"index":"index","follow":"follow","max-snippet":"max-snippet:-1","max-image-preview":"max-image-preview:large","max-video-preview":"max-video-preview:-1"},"canonical":"https:\/\/www.welovecycling.com\/wide\/2025\/09\/17\/who-is-three-time-grand-tour-winner-jonas-vingegaard\/","og_locale":"en_US","og_type":"article","og_title":"Who Is Three-Time Grand Tour Winner Jonas Vingegaard?","og_description":"For one thing, Jonas Vingegaard is the 28-year-old Dane and Visma\u2013Lease a Bike rider who on Sunday was (unceremoniously) crowned champion of the 2025 La","og_url":"https:\/\/www.welovecycling.com\/wide\/2025\/09\/17\/who-is-three-time-grand-tour-winner-jonas-vingegaard\/","og_site_name":"\u0160koda We Love Cycling","article_published_time":"2025-09-17T20:11:08+00:00","article_modified_time":"2025-09-17T20:11:53+00:00","og_image":[{"width":990,"height":660,"url":"https:\/\/d2p6e6u75xmxt8.cloudfront.net\/2\/2025\/01\/Jonas-Vingegaard-profimedia-0953478425-CVR.webp","type":"image\/webp"}],"author":"tereza","twitter_card":"summary_large_image","twitter_misc":{"Written by":"Siegfried Mortkowitz","Est. reading time":"3"},"schema":{"@context":"https:\/\/schema.org","@graph":[{"@type":"WebPage","@id":"https:\/\/www.welovecycling.com\/wide\/2025\/09\/17\/who-is-three-time-grand-tour-winner-jonas-vingegaard\/","url":"https:\/\/www.welovecycling.com\/wide\/2025\/09\/17\/who-is-three-time-grand-tour-winner-jonas-vingegaard\/","name":"Who Is Three-Time Grand Tour Winner Jonas Vingegaard? - \u0160koda We Love Cycling","isPartOf":{"@id":"https:\/\/www.welovecycling.com\/wide\/#website"},"primaryImageOfPage":{"@id":"https:\/\/www.welovecycling.com\/wide\/2025\/09\/17\/who-is-three-time-grand-tour-winner-jonas-vingegaard\/#primaryimage"},"image":{"@id":"https:\/\/www.welovecycling.com\/wide\/2025\/09\/17\/who-is-three-time-grand-tour-winner-jonas-vingegaard\/#primaryimage"},"thumbnailUrl":"https:\/\/d2p6e6u75xmxt8.cloudfront.net\/2\/2025\/01\/Jonas-Vingegaard-profimedia-0953478425-CVR.webp","datePublished":"2025-09-17T20:11:08+00:00","dateModified":"2025-09-17T20:11:53+00:00","author":{"@id":"https:\/\/www.welovecycling.com\/wide\/#\/schema\/person\/50f01ecd18718d2333cf72e823c4f926"},"description":"For one thing, Jonas Vingegaard is the 28-year-old Dane and Visma\u2013Lease a Bike rider who on Sunday was (unceremoniously) crowned champion of the 2025 La","breadcrumb":{"@id":"https:\/\/www.welovecycling.com\/wide\/2025\/09\/17\/who-is-three-time-grand-tour-winner-jonas-vingegaard\/#breadcrumb"},"inLanguage":"en-US","potentialAction":[{"@type":"ReadAction","target":["https:\/\/www.welovecycling.com\/wide\/2025\/09\/17\/who-is-three-time-grand-tour-winner-jonas-vingegaard\/"]}]},{"@type":"ImageObject","inLanguage":"en-US","@id":"https:\/\/www.welovecycling.com\/wide\/2025\/09\/17\/who-is-three-time-grand-tour-winner-jonas-vingegaard\/#primaryimage","url":"https:\/\/d2p6e6u75xmxt8.cloudfront.net\/2\/2025\/01\/Jonas-Vingegaard-profimedia-0953478425-CVR.webp","contentUrl":"https:\/\/d2p6e6u75xmxt8.cloudfront.net\/2\/2025\/01\/Jonas-Vingegaard-profimedia-0953478425-CVR.webp","width":990,"height":660,"caption":"Jonas Vingegaard"},{"@type":"BreadcrumbList","@id":"https:\/\/www.welovecycling.com\/wide\/2025\/09\/17\/who-is-three-time-grand-tour-winner-jonas-vingegaard\/#breadcrumb","itemListElement":[{"@type":"ListItem","position":1,"name":"Home","item":"https:\/\/www.welovecycling.com\/wide\/"},{"@type":"ListItem","position":2,"name":"Who Is Three-Time Grand Tour Winner Jonas Vingegaard?"}]},{"@type":"WebSite","@id":"https:\/\/www.welovecycling.com\/wide\/#website","url":"https:\/\/www.welovecycling.com\/wide\/","name":"\u0160koda We Love Cycling","description":"\u0160koda We Love Cycling magazine","alternateName":"\u0160koda WLC","potentialAction":[{"@type":"SearchAction","target":{"@type":"EntryPoint","urlTemplate":"https:\/\/www.welovecycling.com\/wide\/?s={search_term_string}"},"query-input":{"@type":"PropertyValueSpecification","valueRequired":true,"valueName":"search_term_string"}}],"inLanguage":"en-US"},{"@type":"Person","@id":"https:\/\/www.welovecycling.com\/wide\/#\/schema\/person\/50f01ecd18718d2333cf72e823c4f926","name":"tereza","image":{"@type":"ImageObject","inLanguage":"en-US","@id":"https:\/\/www.welovecycling.com\/wide\/#\/schema\/person\/image\/","url":"https:\/\/secure.gravatar.com\/avatar\/1f9eb71be33845f0afabce3791bc1c58ecdb0a25c62964987e5dbcf7a20d2ec7?s=96&d=mm&r=g","contentUrl":"https:\/\/secure.gravatar.com\/avatar\/1f9eb71be33845f0afabce3791bc1c58ecdb0a25c62964987e5dbcf7a20d2ec7?s=96&d=mm&r=g","caption":"tereza"},"url":"https:\/\/www.welovecycling.com\/wide\/author\/tereza\/"}]}},"_links":{"self":[{"href":"https:\/\/www.welovecycling.com\/wide\/wp-json\/wp\/v2\/posts\/202273","targetHints":{"allow":["GET"]}}],"collection":[{"href":"https:\/\/www.welovecycling.com\/wide\/wp-json\/wp\/v2\/posts"}],"about":[{"href":"https:\/\/www.welovecycling.com\/wide\/wp-json\/wp\/v2\/types\/post"}],"author":[{"embeddable":true,"href":"https:\/\/www.welovecycling.com\/wide\/wp-json\/wp\/v2\/users\/99"}],"replies":[{"embeddable":true,"href":"https:\/\/www.welovecycling.com\/wide\/wp-json\/wp\/v2\/comments?post=202273"}],"version-history":[{"count":3,"href":"https:\/\/www.welovecycling.com\/wide\/wp-json\/wp\/v2\/posts\/202273\/revisions"}],"predecessor-version":[{"id":202276,"href":"https:\/\/www.welovecycling.com\/wide\/wp-json\/wp\/v2\/posts\/202273\/revisions\/202276"}],"wp:featuredmedia":[{"embeddable":true,"href":"https:\/\/www.welovecycling.com\/wide\/wp-json\/wp\/v2\/media\/197645"}],"wp:attachment":[{"href":"https:\/\/www.welovecycling.com\/wide\/wp-json\/wp\/v2\/media?parent=202273"}],"wp:term":[{"taxonomy":"category","embeddable":true,"href":"https:\/\/www.welovecycling.com\/wide\/wp-json\/wp\/v2\/categories?post=202273"},{"taxonomy":"post_tag","embeddable":true,"href":"https:\/\/www.welovecycling.com\/wide\/wp-json\/wp\/v2\/tags?post=202273"},{"taxonomy":"global-categories","embeddable":true,"href":"https:\/\/www.welovecycling.com\/wide\/wp-json\/wp\/v2\/global-categories?post=202273"}],"curies":[{"name":"wp","href":"https:\/\/api.w.org\/{rel}","templated":true}]}}