{"id":202099,"date":"2025-09-12T12:03:03","date_gmt":"2025-09-12T12:03:03","guid":{"rendered":"https:\/\/www.welovecycling.com\/wide\/?p=202099"},"modified":"2025-09-12T12:03:03","modified_gmt":"2025-09-12T12:03:03","slug":"gc-victory-in-balance-as-la-vuelta-heads-to-final-showdown","status":"publish","type":"post","link":"https:\/\/www.welovecycling.com\/wide\/2025\/09\/12\/gc-victory-in-balance-as-la-vuelta-heads-to-final-showdown\/","title":{"rendered":"GC Victory in Balance as La Vuelta Heads to Final Showdown"},"content":{"rendered":"<p style=\"font-weight: 400;\"><strong>There is something odd about this Vuelta Ciclista a Espa\u00f1a. The racing itself \u2013 exciting though it often was \u2013 has lacked a certain panache, for want of a better word. Perhaps this was because the two main rivals, Jonas Vinegaard (Visma\u2013Lease a Bike) and Jo\u00e3o Almeida (UAE Team Emirates\u2013XRG), have not been at their best when it counted.<\/strong><\/p>\n<p><!--more--><\/p>\n<h2 style=\"font-weight: 400;\"><strong>Two tired favorites <\/strong><\/h2>\n<p style=\"font-weight: 400;\">Almeida may have come into the third week of the Vuelta with tired legs caused by his team\u2019s hunger for stage victories, rather than winning the GC. UAE has won seven stages so far and Almeida may yet win the red jersey, but the Portuguese team leader deserved better. I have stopped counting the stages on which he was left to ride alone on steep summit finishes while his alleged domestiques, weary from trying to win stages or saving themselves for the next stage, abandoned him to his fate.<\/p>\n<p style=\"font-weight: 400;\">Fortunately for him, <a href=\"https:\/\/www.welovecycling.com\/wide\/2025\/08\/22\/vingegaard-looks-to-break-his-grand-tour-slump-in-the-vuelta\/\" target=\"_blank\" rel=\"noopener\">Vingegaard<\/a> is also not at his best, whether it was from the many mountains he has climbed, the lingering effects of having ridden a very tough Tour de France or suffering from an illness that has affected the peloton and caused several riders to drop out. It could be the latter, for he was caught coughing on camera at the end of Thursday\u2019s time trial, which saw him lose 10 seconds to his rival. But whatever the reason, it was wearisome to see the two favorites ride together again on the tough ascent to the summit of the Alto de El Morredero (8.8km @ 9.5%) on Wednesday\u2019s stage 17 without mounting even the shadow of an attack.<\/p>\n<p style=\"font-weight: 400;\">&#8220;I didn&#8217;t have the very best day for me but I survived,\u201d Vingegaard said. \u201cThat&#8217;s the days you need to survive \u2013 the days you don&#8217;t feel 100%. If you can get through those without losing any time, that&#8217;s a good day.&#8221; So the Dane was in survival mood.<\/p>\n<p style=\"font-weight: 400;\">As for Almeida, he didn\u2019t feel great either. &#8220;[Vingegaard] was not looking super. But I didn&#8217;t as well. I think we&#8217;re all a little bit in the same boat,&#8221; he said. Because of the final climb, this was yet another supposedly \u201cdecisive\u201d stage for the GC that wasn\u2019t. But it was decisive for the 21-year-old Red Bull\u2013BORA\u2013hansgrohe prodigy Giulio Pellizzari, who did what Vingegaard and Almeida should have done and attacked. He burst out of the small GC group 3.4km from the finish and rode alone to win the first professional victory of his career. Tom Pidcock (Q36.5) finished second, 16 seconds behind, while the Briton\u2019s main rival for the final podium spot, Red Bull\u2019s Jai Hindley, finished third, at 18 seconds. All three were stronger than the two race favorites, who failed to pick up any bonus seconds at the finish.<\/p>\n<p style=\"font-weight: 400;\">\u00a0&#8220;I suffered on the hardest section, but I felt that today could be my day and so it was,&#8221; Pellizzari said after the stage, as reported by the Italian site <a href=\"https:\/\/sport.quotidiano.net\/ciclismo\/vuelta-2025-la-gioia-di-pellizzari-3e8bd997\">sport.quotidiano.net<\/a>. \u201cThis is the best moment of my career, even if it is clearly short so far. Today I had the strange feeling that it could be my day. I have to thank my teammates and of course\u00a0Jai [Hindley].\u201d<\/p>\n<h2 style=\"font-weight: 400;\"><strong>Bernal, at last!<\/strong><\/h2>\n<p style=\"font-weight: 400;\">Egan Bernal (INEOS Grenadiers) celebrated his first Grand Tour victory in four years and his first WorldTour win since his life-threatening crash in 2022 when he outsprinted Mikel Landa (T-Rex Quick-Step) \u2013 another rider returning from a bad injury \u2013 at the end of yet another stage shortened by protesters.<\/p>\n<p style=\"font-weight: 400;\">The two riders were what remained of a 17-rider breakaway that broke away from the peleton with about 118km left to ride, though the final route distance was unclear after organizers eliminated the final climb and set up the finish line about 8km from the original finish because protesters had blocked the road.<\/p>\n<p style=\"font-weight: 400;\">\u201cAfter I dropped out of the GC I really wanted a win,&#8221; Bernal said. &#8220;And actually, I wanted to win with the national [Colombian champion&#8217;s] jersey, which means a lot for me. To win a stage in the Vuelta is something that I was really looking for after everything that [has] passed in the last few years for me.\u201d.<\/p>\n<p style=\"font-weight: 400;\">He went on to say, &#8220;Until the end, apart from the last climb, it was a beautiful stage, super hard. The whole day we were going super full gas. Even with Landa, the cooperation was super good. And when we knew that the final would be at 8km to go, we just sprinted.&#8221;<\/p>\n<p style=\"font-weight: 400;\">I think every rider in the peloton and every cycling fan was delighted for the Colombian, who has been patiently working for something to celebrate again. And credit to the staff at INEOS Grenadiers, who were also patient and so also deserved this reward. And to celebrate the victory as well as Ben Turner\u2019s win on stage 4, two INEOS riders, Brandon Rivera and\u00a0Michal Kwiatkowski, had their heads shaved by Filippo Ganna.<\/p>\n<figure id=\"attachment_202097\" aria-describedby=\"caption-attachment-202097\" style=\"width: 990px\" class=\"wp-caption alignnone\"><a href=\"https:\/\/d2p6e6u75xmxt8.cloudfront.net\/2\/2025\/09\/Filippo-Ganna-profimedia-1036246160-CVR.webp\"><img loading=\"lazy\" decoding=\"async\" class=\"wp-image-202097 size-full\" src=\"https:\/\/d2p6e6u75xmxt8.cloudfront.net\/2\/2025\/09\/Filippo-Ganna-profimedia-1036246160-CVR.webp\" alt=\"Filippo Ganna\" width=\"990\" height=\"660\" srcset=\"https:\/\/d2p6e6u75xmxt8.cloudfront.net\/2\/2025\/09\/Filippo-Ganna-profimedia-1036246160-CVR.webp 990w, https:\/\/d2p6e6u75xmxt8.cloudfront.net\/2\/2025\/09\/Filippo-Ganna-profimedia-1036246160-CVR-300x200.webp 300w, https:\/\/d2p6e6u75xmxt8.cloudfront.net\/2\/2025\/09\/Filippo-Ganna-profimedia-1036246160-CVR-768x512.webp 768w, https:\/\/d2p6e6u75xmxt8.cloudfront.net\/2\/2025\/09\/Filippo-Ganna-profimedia-1036246160-CVR-400x267.webp 400w, https:\/\/d2p6e6u75xmxt8.cloudfront.net\/2\/2025\/09\/Filippo-Ganna-profimedia-1036246160-CVR-272x182.webp 272w\" sizes=\"auto, (max-width: 990px) 100vw, 990px\" \/><\/a><figcaption id=\"caption-attachment-202097\" class=\"wp-caption-text\">Filippo Ganna (Ineos Grenadiers) clung to victory by the narrowest of margins in the stage 18 time trial at the Vuelta a Espa\u00f1a, beating Jay Vine (UAE Team Emirates-XRG) by just 0.9 seconds in Valladolid. \u00a9 Profimedia<\/figcaption><\/figure>\n<h2 style=\"font-weight: 400;\"><strong>A close shave<\/strong><\/h2>\n<p style=\"font-weight: 400;\">Ganna will now have to scalp himself because he won Thursday\u2019s stage 18 time trial, beating UAE\u2019s double-stage winner Jay Vine by 1 second. A very close shave indeed! Almeida finished third, 8 seconds adrift but 10 seconds ahead of Vingegaard, who finished ninth. The UAE leader now trails the Visma leader by only 40 seconds ahead of Saturday\u2019s, yes, decisive stage.<\/p>\n<p style=\"font-weight: 400;\">Luckily for the Dane, the stage was shortened by organizers from 27.2 km to 12.2 km because of the threats of yet another protest. Otherwise, he would have lost more time to Almeida. I guess we will have to wait for Saturday\u2019s penultimate stage 20 and the final summit finish on the Bola del Mundo (12.4km @ 8.6%, with the final kilometer averaging about 12%) to finally have a decisive battle in this race.<\/p>\n<p style=\"font-weight: 400;\">But all in all, it was an exciting time trial, with Vine losing by the smallest of margins, 0.9 seconds, to the best time trial rider in the world and falling just short of winning his third stage in the race and his team\u2019s eighth. &#8220;I went all-in, emptied the tank, and came up less than one second short of the win,\u201d the 29-year-old Australian said on Instagram, as reported by <a href=\"https:\/\/www.msn.com\/en-us\/sports\/other\/absolutely-gutted-jay-vine-absorbs-sting-of-missing-win-at-shortened-vuelta-a-espa%C3%B1a-time-trial-by-one-second\/ar-AA1MoH6B?ocid=msedgdhp&amp;pc=U531&amp;cvid=68c3c41072a44ddc90c8bb3cdd775c36&amp;ei=13\"><em>Cyclingnews<\/em><\/a>. \u201cHonestly, I\u2019m absolutely gutted. To prepare for one thing, have it flipped overnight, and then miss by the smallest of margins \u2013 it stings badly. Chapeau to Ganna, he was a beast out on the road today.&#8221;<\/p>\n<p style=\"font-weight: 400;\">The barbering \u201cbeast\u201d was of course delighted with his win and \u00a0also for grabbing INEOS\u2019s third win of the Vuelta. &#8220;I struggled to find my rhythm in the first part of the course, so then I just tried to push with everything I had, without thinking about the numbers or anything,\u201d he said. &#8220;I&#8217;m really happy about today. It&#8217;s been a really good Vuelta for the team and we&#8217;ll try to do the best for the rest of the race.&#8221;<\/p>\n<p style=\"font-weight: 400;\">Another rider delighted with his performance was Q36.5\u2019s Tom Pidcock, who padded his advantage over Hindley for the third podium spot by 3 seconds. Not known for his time-trialing, he finished 22nd in the stage, and now leads Hindley by 39 seconds with three stages left to ride.<\/p>\n<p style=\"font-weight: 400;\">&#8220;I think that was my best-ever time trial, looking at the numbers I was doing,&#8221; Pidcock said afterwards. &#8220;So I can be pretty happy. We didn&#8217;t focus it all on the time-trialing before this, you know. I wanted to improve my climbing, and I did a team time trial session and a team time trial [on stage 5]. So I felt super strong, to be honest.&#8221;<\/p>\n<p style=\"font-weight: 400;\">If the Vuelta has lacked some decisive GC drama so far, we can at least look forward to a dramatic finale, with the podium standings still in the balance.<\/p>\n<h4 style=\"font-weight: 400;\"><strong>Results of Stage 18 of the 2025 Vuelta Ciclista a Espa\u00f1a<\/strong><\/h4>\n<p>1. Filippo Ganna, INEOS Grenadiers \u00a0\u00a0\u00a0\u00a0\u00a0\u00a0\u00a0\u00a0\u00a0\u00a0\u00a0\u00a0\u00a0\u00a0\u00a0\u00a0\u00a0\u00a013:00<br \/>\n2. Jay Vine, UAE Team Emirates\u2013XRG\u00a0\u00a0\u00a0\u00a0\u00a0\u00a0\u00a0\u00a0\u00a0\u00a0\u00a0\u00a0\u00a0\u00a0\u00a0\u00a0 \u00a0\u00a0\u00a0\u00a0\u00a0\u00a0\u00a0\u00a0+ 0:01<br \/>\n3. Jo\u00e3o Almeida, UAE Team Emirates\u2013XRG\u00a0\u00a0\u00a0\u00a0\u00a0\u00a0\u00a0\u00a0\u00a0\u00a0\u00a0\u00a0\u00a0\u00a0\u00a0\u00a0 + 0:08<br \/>\n4. Bruno Armirail, Decathlon AG2R La Mondiale\u00a0\u00a0\u00a0\u00a0\u00a0\u00a0\u00a0 \u00a0+ 0:09<br \/>\n5. Ivo Oliveira, UAE Team Emirates\u2013XRG\u00a0\u00a0\u00a0\u00a0\u00a0\u00a0\u00a0\u00a0\u00a0\u00a0\u00a0\u00a0\u00a0\u00a0\u00a0\u00a0 \u00a0\u00a0\u00a0+ 0:10<br \/>\n6. Stefan K\u00fcng, Groupama-FDJ\u00a0\u00a0\u00a0\u00a0\u00a0\u00a0\u00a0\u00a0\u00a0\u00a0\u00a0\u00a0\u00a0\u00a0\u00a0\u00a0\u00a0\u00a0\u00a0\u00a0\u00a0\u00a0\u00a0\u00a0\u00a0\u00a0\u00a0\u00a0\u00a0\u00a0\u00a0\u00a0\u00a0\u00a0\u00a0\u00a0\u00a0 +0:11<br \/>\n7. Kelland O&#8217;Brien (Aus) Jayco-AlUla\u00a0\u00a0\u00a0\u00a0\u00a0\u00a0\u00a0\u00a0\u00a0\u00a0\u00a0\u00a0\u00a0\u00a0\u00a0\u00a0\u00a0\u00a0\u00a0\u00a0\u00a0\u00a0\u00a0\u00a0\u00a0\u00a0 \u00a0+ 0:14<br \/>\n8. Alec Segaert, Lotto\u00a0\u00a0\u00a0\u00a0\u00a0\u00a0\u00a0\u00a0\u00a0\u00a0\u00a0\u00a0\u00a0\u00a0\u00a0\u00a0\u00a0\u00a0\u00a0\u00a0\u00a0\u00a0\u00a0\u00a0\u00a0\u00a0\u00a0\u00a0\u00a0\u00a0\u00a0\u00a0\u00a0\u00a0\u00a0\u00a0\u00a0\u00a0\u00a0\u00a0\u00a0\u00a0\u00a0\u00a0\u00a0\u00a0\u00a0\u00a0\u00a0\u00a0\u00a0\u00a0 \u00a0+ 0:15<br \/>\n9. Jonas Vingegaard, Visma\u2013Lease a Bike\u00a0\u00a0\u00a0\u00a0\u00a0\u00a0\u00a0\u00a0\u00a0\u00a0\u00a0\u00a0\u00a0\u00a0\u00a0\u00a0\u00a0\u00a0\u00a0\u00a0\u00a0 + 0:18<br \/>\n10. Daan Hoole, Lidl-Trek\u00a0\u00a0\u00a0\u00a0\u00a0\u00a0\u00a0\u00a0\u00a0\u00a0\u00a0\u00a0\u00a0\u00a0\u00a0\u00a0\u00a0\u00a0\u00a0\u00a0\u00a0\u00a0\u00a0\u00a0\u00a0\u00a0\u00a0\u00a0\u00a0\u00a0\u00a0\u00a0\u00a0\u00a0\u00a0\u00a0\u00a0\u00a0\u00a0\u00a0\u00a0\u00a0\u00a0\u00a0\u00a0 \u00a0+ 0:18<\/p>\n<p style=\"font-weight: 400;\"><strong>General classification after stage 18<\/strong><\/p>\n<p>1. Jonas Vingegaard, Visma\u2013Lease a Bike \u00a0\u00a0\u00a0\u00a0\u00a0\u00a0\u00a0\u00a0\u00a0\u00a065:07:13<br \/>\n2. Jo\u00e3o Almeida, UAE Team Emirates\u2013XRG\u00a0\u00a0\u00a0\u00a0\u00a0\u00a0\u00a0\u00a0\u00a0\u00a0\u00a0\u00a0\u00a0\u00a0\u00a0 \u00a0\u00a0\u00a0+ 0:40<br \/>\n3. Tom Pidcock, Q36.5 \u00a0\u00a0\u00a0\u00a0\u00a0\u00a0\u00a0\u00a0\u00a0\u00a0\u00a0\u00a0\u00a0\u00a0\u00a0\u00a0\u00a0\u00a0\u00a0\u00a0\u00a0\u00a0\u00a0\u00a0\u00a0\u00a0\u00a0\u00a0\u00a0\u00a0\u00a0\u00a0\u00a0\u00a0\u00a0\u00a0\u00a0\u00a0\u00a0\u00a0\u00a0\u00a0\u00a0\u00a0\u00a0\u00a0\u00a0\u00a0\u00a0\u00a0\u00a0\u00a0\u00a0+2:39<br \/>\n4. Jai Hindley, Red Bull\u2013BORA\u2013hansgrohe\u00a0\u00a0\u00a0\u00a0\u00a0\u00a0\u00a0\u00a0\u00a0\u00a0\u00a0\u00a0\u00a0\u00a0\u00a0\u00a0\u00a0\u00a0\u00a0\u00a0 +3:18<br \/>\n5. Giulio Pellizzari, Red Bull\u2013BORA\u2013hansgrohe\u00a0\u00a0\u00a0 \u00a0\u00a0\u00a0\u00a0\u00a0\u00a0\u00a0\u00a0\u00a0+4:19<br \/>\n6. Matthew Riccitello, Israel\u2013Premier Tech\u00a0\u00a0\u00a0\u00a0\u00a0\u00a0\u00a0\u00a0\u00a0\u00a0\u00a0\u00a0\u00a0\u00a0\u00a0\u00a0\u00a0\u00a0\u00a0\u00a0\u00a0 +5:17<br \/>\n7. Felix Gall, Decathlon AG2R La Mondiale\u00a0\u00a0\u00a0\u00a0\u00a0\u00a0\u00a0\u00a0\u00a0\u00a0\u00a0\u00a0\u00a0\u00a0\u00a0\u00a0\u00a0\u00a0 \u00a0+5:20<br \/>\n8. Matthew Riccitello, Israel\u2013Premier Tech\u00a0\u00a0\u00a0\u00a0\u00a0\u00a0\u00a0\u00a0\u00a0\u00a0\u00a0\u00a0\u00a0\u00a0\u00a0\u00a0\u00a0\u00a0\u00a0\u00a0\u00a0 +7:26<br \/>\n9. Torstein Tr\u00e6en, Bahrain-Victorious\u00a0\u00a0\u00a0\u00a0\u00a0\u00a0\u00a0\u00a0\u00a0\u00a0\u00a0\u00a0\u00a0\u00a0\u00a0\u00a0\u00a0\u00a0\u00a0\u00a0\u00a0\u00a0\u00a0\u00a0\u00a0\u00a0\u00a0\u00a0 \u00a0+7:42<br \/>\n10. Matteo Jorgenson, Visma\u2013Lease a Bike\u00a0\u00a0\u00a0\u00a0\u00a0\u00a0\u00a0\u00a0\u00a0\u00a0\u00a0\u00a0\u00a0\u00a0\u00a0\u00a0\u00a0\u00a0\u00a0\u00a0\u00a0 +10:19<\/p>\n","protected":false},"excerpt":{"rendered":"<p>There is something odd about this Vuelta Ciclista a Espa\u00f1a. The racing itself \u2013 exciting though it often was \u2013 [&hellip;]<\/p>\n","protected":false},"author":99,"featured_media":202100,"comment_status":"closed","ping_status":"open","sticky":false,"template":"","format":"standard","meta":{"footnotes":""},"categories":[329],"tags":[8642,2621,4293,4479,5450,479],"global-categories":[3366],"class_list":["post-202099","post","type-post","status-publish","format-standard","has-post-thumbnail","hentry","category-road-cycling","tag-2025-la-vuelta","tag-egan-bernal","tag-filippo-ganna","tag-joao-almeida","tag-jonas-vingegaard","tag-la-vuelta","global-categories-cycling"],"yoast_head":"<!-- This site is optimized with the Yoast SEO Premium plugin v25.3 (Yoast SEO v25.9) - https:\/\/yoast.com\/wordpress\/plugins\/seo\/ -->\n<title>GC Victory in Balance as La Vuelta Heads to Final Showdown - \u0160koda We Love Cycling<\/title>\n<meta name=\"description\" content=\"There is something odd about this Vuelta Ciclista a Espa\u00f1a. The racing itself \u2013 exciting though it often was \u2013 has lacked a certain panache, for want of a\" \/>\n<meta name=\"robots\" content=\"index, follow, max-snippet:-1, max-image-preview:large, max-video-preview:-1\" \/>\n<link rel=\"canonical\" href=\"https:\/\/www.welovecycling.com\/wide\/2025\/09\/12\/gc-victory-in-balance-as-la-vuelta-heads-to-final-showdown\/\" \/>\n<meta property=\"og:locale\" content=\"en_US\" \/>\n<meta property=\"og:type\" content=\"article\" \/>\n<meta property=\"og:title\" content=\"GC Victory in Balance as La Vuelta Heads to Final Showdown\" \/>\n<meta property=\"og:description\" content=\"There is something odd about this Vuelta Ciclista a Espa\u00f1a. The racing itself \u2013 exciting though it often was \u2013 has lacked a certain panache, for want of a\" \/>\n<meta property=\"og:url\" content=\"https:\/\/www.welovecycling.com\/wide\/2025\/09\/12\/gc-victory-in-balance-as-la-vuelta-heads-to-final-showdown\/\" \/>\n<meta property=\"og:site_name\" content=\"\u0160koda We Love Cycling\" \/>\n<meta property=\"article:published_time\" content=\"2025-09-12T12:03:03+00:00\" \/>\n<meta property=\"og:image\" content=\"https:\/\/d2p6e6u75xmxt8.cloudfront.net\/2\/2025\/09\/La-Vuelta-Peloton-profimedia-1035614507-CVR.webp\" \/>\n\t<meta property=\"og:image:width\" content=\"990\" \/>\n\t<meta property=\"og:image:height\" content=\"660\" \/>\n\t<meta property=\"og:image:type\" content=\"image\/webp\" \/>\n<meta name=\"author\" content=\"tereza\" \/>\n<meta name=\"twitter:card\" content=\"summary_large_image\" \/>\n<meta name=\"twitter:label1\" content=\"Written by\" \/>\n\t<meta name=\"twitter:data1\" content=\"Siegfried Mortkowitzied\" \/>\n\t<meta name=\"twitter:label2\" content=\"Est. reading time\" \/>\n\t<meta name=\"twitter:data2\" content=\"3\" \/>\n<script type=\"application\/ld+json\" class=\"yoast-schema-graph\">{\"@context\":\"https:\/\/schema.org\",\"@graph\":[{\"@type\":\"WebPage\",\"@id\":\"https:\/\/www.welovecycling.com\/wide\/2025\/09\/12\/gc-victory-in-balance-as-la-vuelta-heads-to-final-showdown\/\",\"url\":\"https:\/\/www.welovecycling.com\/wide\/2025\/09\/12\/gc-victory-in-balance-as-la-vuelta-heads-to-final-showdown\/\",\"name\":\"GC Victory in Balance as La Vuelta Heads to Final Showdown - \u0160koda We Love Cycling\",\"isPartOf\":{\"@id\":\"https:\/\/www.welovecycling.com\/wide\/#website\"},\"primaryImageOfPage\":{\"@id\":\"https:\/\/www.welovecycling.com\/wide\/2025\/09\/12\/gc-victory-in-balance-as-la-vuelta-heads-to-final-showdown\/#primaryimage\"},\"image\":{\"@id\":\"https:\/\/www.welovecycling.com\/wide\/2025\/09\/12\/gc-victory-in-balance-as-la-vuelta-heads-to-final-showdown\/#primaryimage\"},\"thumbnailUrl\":\"https:\/\/d2p6e6u75xmxt8.cloudfront.net\/2\/2025\/09\/La-Vuelta-Peloton-profimedia-1035614507-CVR.webp\",\"datePublished\":\"2025-09-12T12:03:03+00:00\",\"author\":{\"@id\":\"https:\/\/www.welovecycling.com\/wide\/#\/schema\/person\/50f01ecd18718d2333cf72e823c4f926\"},\"description\":\"There is something odd about this Vuelta Ciclista a Espa\u00f1a. The racing itself \u2013 exciting though it often was \u2013 has lacked a certain panache, for want of a\",\"breadcrumb\":{\"@id\":\"https:\/\/www.welovecycling.com\/wide\/2025\/09\/12\/gc-victory-in-balance-as-la-vuelta-heads-to-final-showdown\/#breadcrumb\"},\"inLanguage\":\"en-US\",\"potentialAction\":[{\"@type\":\"ReadAction\",\"target\":[\"https:\/\/www.welovecycling.com\/wide\/2025\/09\/12\/gc-victory-in-balance-as-la-vuelta-heads-to-final-showdown\/\"]}]},{\"@type\":\"ImageObject\",\"inLanguage\":\"en-US\",\"@id\":\"https:\/\/www.welovecycling.com\/wide\/2025\/09\/12\/gc-victory-in-balance-as-la-vuelta-heads-to-final-showdown\/#primaryimage\",\"url\":\"https:\/\/d2p6e6u75xmxt8.cloudfront.net\/2\/2025\/09\/La-Vuelta-Peloton-profimedia-1035614507-CVR.webp\",\"contentUrl\":\"https:\/\/d2p6e6u75xmxt8.cloudfront.net\/2\/2025\/09\/La-Vuelta-Peloton-profimedia-1035614507-CVR.webp\",\"width\":990,\"height\":660,\"caption\":\"La Vuelta\"},{\"@type\":\"BreadcrumbList\",\"@id\":\"https:\/\/www.welovecycling.com\/wide\/2025\/09\/12\/gc-victory-in-balance-as-la-vuelta-heads-to-final-showdown\/#breadcrumb\",\"itemListElement\":[{\"@type\":\"ListItem\",\"position\":1,\"name\":\"Home\",\"item\":\"https:\/\/www.welovecycling.com\/wide\/\"},{\"@type\":\"ListItem\",\"position\":2,\"name\":\"GC Victory in Balance as La Vuelta Heads to Final Showdown\"}]},{\"@type\":\"WebSite\",\"@id\":\"https:\/\/www.welovecycling.com\/wide\/#website\",\"url\":\"https:\/\/www.welovecycling.com\/wide\/\",\"name\":\"\u0160koda We Love Cycling\",\"description\":\"\u0160koda We Love Cycling magazine\",\"alternateName\":\"\u0160koda WLC\",\"potentialAction\":[{\"@type\":\"SearchAction\",\"target\":{\"@type\":\"EntryPoint\",\"urlTemplate\":\"https:\/\/www.welovecycling.com\/wide\/?s={search_term_string}\"},\"query-input\":{\"@type\":\"PropertyValueSpecification\",\"valueRequired\":true,\"valueName\":\"search_term_string\"}}],\"inLanguage\":\"en-US\"},{\"@type\":\"Person\",\"@id\":\"https:\/\/www.welovecycling.com\/wide\/#\/schema\/person\/50f01ecd18718d2333cf72e823c4f926\",\"name\":\"tereza\",\"image\":{\"@type\":\"ImageObject\",\"inLanguage\":\"en-US\",\"@id\":\"https:\/\/www.welovecycling.com\/wide\/#\/schema\/person\/image\/\",\"url\":\"https:\/\/secure.gravatar.com\/avatar\/1f9eb71be33845f0afabce3791bc1c58ecdb0a25c62964987e5dbcf7a20d2ec7?s=96&d=mm&r=g\",\"contentUrl\":\"https:\/\/secure.gravatar.com\/avatar\/1f9eb71be33845f0afabce3791bc1c58ecdb0a25c62964987e5dbcf7a20d2ec7?s=96&d=mm&r=g\",\"caption\":\"tereza\"},\"url\":\"https:\/\/www.welovecycling.com\/wide\/author\/tereza\/\"}]}<\/script>\n<!-- \/ Yoast SEO Premium plugin. -->","yoast_head_json":{"title":"GC Victory in Balance as La Vuelta Heads to Final Showdown - \u0160koda We Love Cycling","description":"There is something odd about this Vuelta Ciclista a Espa\u00f1a. The racing itself \u2013 exciting though it often was \u2013 has lacked a certain panache, for want of a","robots":{"index":"index","follow":"follow","max-snippet":"max-snippet:-1","max-image-preview":"max-image-preview:large","max-video-preview":"max-video-preview:-1"},"canonical":"https:\/\/www.welovecycling.com\/wide\/2025\/09\/12\/gc-victory-in-balance-as-la-vuelta-heads-to-final-showdown\/","og_locale":"en_US","og_type":"article","og_title":"GC Victory in Balance as La Vuelta Heads to Final Showdown","og_description":"There is something odd about this Vuelta Ciclista a Espa\u00f1a. The racing itself \u2013 exciting though it often was \u2013 has lacked a certain panache, for want of a","og_url":"https:\/\/www.welovecycling.com\/wide\/2025\/09\/12\/gc-victory-in-balance-as-la-vuelta-heads-to-final-showdown\/","og_site_name":"\u0160koda We Love Cycling","article_published_time":"2025-09-12T12:03:03+00:00","og_image":[{"width":990,"height":660,"url":"https:\/\/d2p6e6u75xmxt8.cloudfront.net\/2\/2025\/09\/La-Vuelta-Peloton-profimedia-1035614507-CVR.webp","type":"image\/webp"}],"author":"tereza","twitter_card":"summary_large_image","twitter_misc":{"Written by":"Siegfried Mortkowitzied","Est. reading time":"3"},"schema":{"@context":"https:\/\/schema.org","@graph":[{"@type":"WebPage","@id":"https:\/\/www.welovecycling.com\/wide\/2025\/09\/12\/gc-victory-in-balance-as-la-vuelta-heads-to-final-showdown\/","url":"https:\/\/www.welovecycling.com\/wide\/2025\/09\/12\/gc-victory-in-balance-as-la-vuelta-heads-to-final-showdown\/","name":"GC Victory in Balance as La Vuelta Heads to Final Showdown - \u0160koda We Love Cycling","isPartOf":{"@id":"https:\/\/www.welovecycling.com\/wide\/#website"},"primaryImageOfPage":{"@id":"https:\/\/www.welovecycling.com\/wide\/2025\/09\/12\/gc-victory-in-balance-as-la-vuelta-heads-to-final-showdown\/#primaryimage"},"image":{"@id":"https:\/\/www.welovecycling.com\/wide\/2025\/09\/12\/gc-victory-in-balance-as-la-vuelta-heads-to-final-showdown\/#primaryimage"},"thumbnailUrl":"https:\/\/d2p6e6u75xmxt8.cloudfront.net\/2\/2025\/09\/La-Vuelta-Peloton-profimedia-1035614507-CVR.webp","datePublished":"2025-09-12T12:03:03+00:00","author":{"@id":"https:\/\/www.welovecycling.com\/wide\/#\/schema\/person\/50f01ecd18718d2333cf72e823c4f926"},"description":"There is something odd about this Vuelta Ciclista a Espa\u00f1a. The racing itself \u2013 exciting though it often was \u2013 has lacked a certain panache, for want of a","breadcrumb":{"@id":"https:\/\/www.welovecycling.com\/wide\/2025\/09\/12\/gc-victory-in-balance-as-la-vuelta-heads-to-final-showdown\/#breadcrumb"},"inLanguage":"en-US","potentialAction":[{"@type":"ReadAction","target":["https:\/\/www.welovecycling.com\/wide\/2025\/09\/12\/gc-victory-in-balance-as-la-vuelta-heads-to-final-showdown\/"]}]},{"@type":"ImageObject","inLanguage":"en-US","@id":"https:\/\/www.welovecycling.com\/wide\/2025\/09\/12\/gc-victory-in-balance-as-la-vuelta-heads-to-final-showdown\/#primaryimage","url":"https:\/\/d2p6e6u75xmxt8.cloudfront.net\/2\/2025\/09\/La-Vuelta-Peloton-profimedia-1035614507-CVR.webp","contentUrl":"https:\/\/d2p6e6u75xmxt8.cloudfront.net\/2\/2025\/09\/La-Vuelta-Peloton-profimedia-1035614507-CVR.webp","width":990,"height":660,"caption":"La Vuelta"},{"@type":"BreadcrumbList","@id":"https:\/\/www.welovecycling.com\/wide\/2025\/09\/12\/gc-victory-in-balance-as-la-vuelta-heads-to-final-showdown\/#breadcrumb","itemListElement":[{"@type":"ListItem","position":1,"name":"Home","item":"https:\/\/www.welovecycling.com\/wide\/"},{"@type":"ListItem","position":2,"name":"GC Victory in Balance as La Vuelta Heads to Final Showdown"}]},{"@type":"WebSite","@id":"https:\/\/www.welovecycling.com\/wide\/#website","url":"https:\/\/www.welovecycling.com\/wide\/","name":"\u0160koda We Love Cycling","description":"\u0160koda We Love Cycling magazine","alternateName":"\u0160koda WLC","potentialAction":[{"@type":"SearchAction","target":{"@type":"EntryPoint","urlTemplate":"https:\/\/www.welovecycling.com\/wide\/?s={search_term_string}"},"query-input":{"@type":"PropertyValueSpecification","valueRequired":true,"valueName":"search_term_string"}}],"inLanguage":"en-US"},{"@type":"Person","@id":"https:\/\/www.welovecycling.com\/wide\/#\/schema\/person\/50f01ecd18718d2333cf72e823c4f926","name":"tereza","image":{"@type":"ImageObject","inLanguage":"en-US","@id":"https:\/\/www.welovecycling.com\/wide\/#\/schema\/person\/image\/","url":"https:\/\/secure.gravatar.com\/avatar\/1f9eb71be33845f0afabce3791bc1c58ecdb0a25c62964987e5dbcf7a20d2ec7?s=96&d=mm&r=g","contentUrl":"https:\/\/secure.gravatar.com\/avatar\/1f9eb71be33845f0afabce3791bc1c58ecdb0a25c62964987e5dbcf7a20d2ec7?s=96&d=mm&r=g","caption":"tereza"},"url":"https:\/\/www.welovecycling.com\/wide\/author\/tereza\/"}]}},"_links":{"self":[{"href":"https:\/\/www.welovecycling.com\/wide\/wp-json\/wp\/v2\/posts\/202099","targetHints":{"allow":["GET"]}}],"collection":[{"href":"https:\/\/www.welovecycling.com\/wide\/wp-json\/wp\/v2\/posts"}],"about":[{"href":"https:\/\/www.welovecycling.com\/wide\/wp-json\/wp\/v2\/types\/post"}],"author":[{"embeddable":true,"href":"https:\/\/www.welovecycling.com\/wide\/wp-json\/wp\/v2\/users\/99"}],"replies":[{"embeddable":true,"href":"https:\/\/www.welovecycling.com\/wide\/wp-json\/wp\/v2\/comments?post=202099"}],"version-history":[{"count":1,"href":"https:\/\/www.welovecycling.com\/wide\/wp-json\/wp\/v2\/posts\/202099\/revisions"}],"predecessor-version":[{"id":202101,"href":"https:\/\/www.welovecycling.com\/wide\/wp-json\/wp\/v2\/posts\/202099\/revisions\/202101"}],"wp:featuredmedia":[{"embeddable":true,"href":"https:\/\/www.welovecycling.com\/wide\/wp-json\/wp\/v2\/media\/202100"}],"wp:attachment":[{"href":"https:\/\/www.welovecycling.com\/wide\/wp-json\/wp\/v2\/media?parent=202099"}],"wp:term":[{"taxonomy":"category","embeddable":true,"href":"https:\/\/www.welovecycling.com\/wide\/wp-json\/wp\/v2\/categories?post=202099"},{"taxonomy":"post_tag","embeddable":true,"href":"https:\/\/www.welovecycling.com\/wide\/wp-json\/wp\/v2\/tags?post=202099"},{"taxonomy":"global-categories","embeddable":true,"href":"https:\/\/www.welovecycling.com\/wide\/wp-json\/wp\/v2\/global-categories?post=202099"}],"curies":[{"name":"wp","href":"https:\/\/api.w.org\/{rel}","templated":true}]}}