{"id":201901,"date":"2025-09-08T12:06:55","date_gmt":"2025-09-08T12:06:55","guid":{"rendered":"https:\/\/www.welovecycling.com\/wide\/?p=201901"},"modified":"2025-09-08T12:07:18","modified_gmt":"2025-09-08T12:07:18","slug":"the-evolution-of-the-womens-calendar-whats-grown-whats-still-missing","status":"publish","type":"post","link":"https:\/\/www.welovecycling.com\/wide\/2025\/09\/08\/the-evolution-of-the-womens-calendar-whats-grown-whats-still-missing\/","title":{"rendered":"The Evolution of the Women\u2019s Calendar \u2014 What\u2019s Grown, What\u2019s Still Missing"},"content":{"rendered":"<p><strong>For years, women\u2019s professional cycling existed in the shadow of the men\u2019s calendar. There\u2019s been shorter races, patchy coverage, and fewer opportunities to build a true season narrative. However, over the last decade, the landscape has undergone a significant transformation. From the rebirth of iconic events to the launch of new stage races across multiple continents, the Women\u2019s WorldTour now offers fans a rhythm and depth that once felt unimaginable. Still, despite the progress we\u2019ve seen, there are gaps that remind us the journey toward full parity isn\u2019t yet finished.<\/strong><\/p>\n<p><!--more--><\/p>\n<h2><b>A rocket-fuel decade<\/b><\/h2>\n<p><span style=\"font-weight: 400;\">If you\u2019ve been following women\u2019s road racing since the mid\u20112010s, the calendar you scroll through today looks <\/span><i><span style=\"font-weight: 400;\">nothing<\/span><\/i><span style=\"font-weight: 400;\"> like the one you learned back then. In 2016, the UCI Women\u2019s WorldTour (WWT) replaced the old one\u2011day World Cup and set out to stitch the best races into a coherent season with minimum broadcast standards and a clear top tier. Fast\u2011forward to now, and we\u2019ve got Monument\u2011level cobbles, three marquee stage races, Oceania and the Middle East on the map, and a late\u2011season swing in China. The sport has scaled up in depth, geography, and visibility, and fans have more meaningful racing windows than ever.<\/span><\/p>\n<p><span style=\"font-weight: 400;\">So what actually changed? And what still needs to click into place for the calendar to feel truly complete?<\/span><\/p>\n<h2><b>From World Cup to WorldTour: The structural pivot<\/b><\/h2>\n<p><span style=\"font-weight: 400;\">Before 2016, most headline women\u2019s races were isolated one-day events. The WWT brought a season-long spine with rankings, guaranteed TV time, and a framework that encouraged organisers to add women\u2019s editions of their established men\u2019s races. That single policy shift unlocked a wave of upgrades. Spring classics like Omloop Het Nieuwsblad and Strade Bianche became cornerstone openers. The entire Ardennes week\u2014Amstel Gold, Fl\u00e8che Wallonne, and Li\u00e8ge\u2014turned into a proper trilogy for women. And organisers began building stage races that asked more of GC riders than a single summit finish.<\/span><\/p>\n<p><span style=\"font-weight: 400;\">The knock\u2011on effects were bigger fields, higher speeds, and a calendar that rewards versatility. You can now trace a rider\u2019s year from early\u2011season cobbles through punchy classics and into grand\u2011tour\u2011style stage racing.<\/span><\/p>\n<h2><b>The milestone additions<\/b><\/h2>\n<p><span style=\"font-weight: 400;\">A few moments changed the trajectory of the calendar overnight.<\/span><\/p>\n<p><b>Paris\u2011Roubaix Femmes (2021).<\/b><span style=\"font-weight: 400;\"> The mythical cobbles arrived and immediately became a season\u2011defining objective. The \u201cHell of the North\u201d is now an annual litmus test for power, handling, and luck, and it anchors April alongside Flanders.<\/span><\/p>\n<p><b>Tour de France Femmes avec Zwift (2022).<\/b><span style=\"font-weight: 400;\"> An eight\u2011stage return to the biggest name in cycling delivered monster audiences and a main\u2011course July target for GC riders. With mountains, gravel, sprints and a GC crescendo, it instantly reset expectations for what a women\u2019s stage race can look like.<\/span><\/p>\n<p><b>Australia &amp; the Gulf join the party (2023).<\/b><span style=\"font-weight: 400;\"> The <a href=\"https:\/\/tourdownunder.com.au\/race\/womens\/stages\">Women\u2019s Tour Down Under<\/a> stepped up to WorldTour, and the new UAE Tour Women arrived a month later. That gave the peloton a structured January\u2011to\u2011February block outside Europe, with meaningful GC days in summer conditions and crosswind\u2011heavy racing on pristine roads.<\/span><\/p>\n<p><b>La Vuelta Femenina levels up (2023).<\/b><span style=\"font-weight: 400;\"> Spain\u2019s race evolved from the late\u2011season \u201cChallenge by La Vuelta\u201d into a full week in early May, adding a high\u2011mountain finale. That put three marquee stage races on the calendar, each with a distinct identity and timing.<\/span><\/p>\n<p><b>Giro d\u2019Italia Women refresh (2024).<\/b><span style=\"font-weight: 400;\"> Under the new organisation, Italy\u2019s grand tour modernised presentation and route design and found a firmer midsummer slot between the other GT\u2011style races.<\/span><\/p>\n<p><b>Milan\u2013Sanremo Donne returns (2025).<\/b><span style=\"font-weight: 400;\"> After decades in the lore books, La Classicissima finally has a modern women\u2019s edition again, sliding into March to complete a near\u2011full set of spring monuments for the women.<\/span><\/p>\n<figure id=\"attachment_199112\" aria-describedby=\"caption-attachment-199112\" style=\"width: 990px\" class=\"wp-caption alignnone\"><a href=\"https:\/\/d2p6e6u75xmxt8.cloudfront.net\/2\/2025\/07\/Giro-Women-Donne-profimedia-1021648560.webp\"><img loading=\"lazy\" decoding=\"async\" class=\"wp-image-199112 size-full\" src=\"https:\/\/d2p6e6u75xmxt8.cloudfront.net\/2\/2025\/07\/Giro-Women-Donne-profimedia-1021648560.webp\" alt=\"Giro Donne\" width=\"990\" height=\"660\" srcset=\"https:\/\/d2p6e6u75xmxt8.cloudfront.net\/2\/2025\/07\/Giro-Women-Donne-profimedia-1021648560.webp 990w, https:\/\/d2p6e6u75xmxt8.cloudfront.net\/2\/2025\/07\/Giro-Women-Donne-profimedia-1021648560-300x200.webp 300w, https:\/\/d2p6e6u75xmxt8.cloudfront.net\/2\/2025\/07\/Giro-Women-Donne-profimedia-1021648560-768x512.webp 768w, https:\/\/d2p6e6u75xmxt8.cloudfront.net\/2\/2025\/07\/Giro-Women-Donne-profimedia-1021648560-400x267.webp 400w, https:\/\/d2p6e6u75xmxt8.cloudfront.net\/2\/2025\/07\/Giro-Women-Donne-profimedia-1021648560-272x182.webp 272w\" sizes=\"auto, (max-width: 990px) 100vw, 990px\" \/><\/a><figcaption id=\"caption-attachment-199112\" class=\"wp-caption-text\">Under the new organisation, the Giro Donne modernised presentation and route design and found a firmer midsummer slot between the other GT\u2011style races. \u00a9 Profimedia<\/figcaption><\/figure>\n<h2><strong>What the calendar looks like now<\/strong><\/h2>\n<p><span style=\"font-weight: 400;\">Today\u2019s WWT has a clear rhythm:<\/span><\/p>\n<p><b>Opening block (Jan\u2013Feb):<\/b><span style=\"font-weight: 400;\"> Australia\u2019s Tour Down Under and Cadel Evans Road Race set the tone, followed by the <\/span><b>UAE Tour Women<\/b><span style=\"font-weight: 400;\">, fast, windy, and already shaping GC form.<\/span><\/p>\n<p><b>Spring classics (Feb\u2013April):<\/b><span style=\"font-weight: 400;\"> From <\/span><b>Omloop Het Nieuwsblad<\/b><span style=\"font-weight: 400;\"> to <\/span><b>Strade Bianche<\/b><span style=\"font-weight: 400;\">, then a dense Flanders\u2013Roubaix\u2013Ardennes run. This is the defining stretch for classics specialists.<\/span><\/p>\n<p><b>Early grand\u2011tour window (May\u2013July):<\/b> <b>La Vuelta Femenina<\/b><span style=\"font-weight: 400;\"> opens the long\u2011climb season, <\/span><b>Giro d\u2019Italia Women<\/b><span style=\"font-weight: 400;\"> holds the midsummer stage\u2011race slot, and <\/span><a href=\"https:\/\/www.welovecycling.com\/wide\/2025\/08\/06\/tour-de-france-femmes-avec-zwift-2025-the-moments-that-mattered\/\" target=\"_blank\" rel=\"noopener\"><b>Tour de France Femmes avec Zwift<\/b><\/a><span style=\"font-weight: 400;\"> closes July\/early August with the biggest spotlight.<\/span><\/p>\n<p><b>Late season (Aug\u2013Oct):<\/b><span style=\"font-weight: 400;\"> A mix of northern stage races and one-day events, followed by a long-haul finale featuring <\/span><b>Chongming Island<\/b><span style=\"font-weight: 400;\"> and <\/span><b>Guangxi<\/b><span style=\"font-weight: 400;\"> in China.<\/span><\/p>\n<p><span style=\"font-weight: 400;\">The other big story is <\/span><i><span style=\"font-weight: 400;\">breadth<\/span><\/i><span style=\"font-weight: 400;\">. The WWT now spans multiple continents, with 80\u2011plus days at the top tier and a deeper second division to feed it. For fans, that means fewer \u201cdead zones\u201d in the year and more time\u2011zone variety, you can watch breakfast stages from Australia, afternoon cobbles in Belgium, and nighttime coverage from the Gulf or China.<\/span><\/p>\n<h2><b>Progress beyond the route maps<\/b><\/h2>\n<p><span style=\"font-weight: 400;\">Calendar growth didn\u2019t happen in a vacuum. A few off-bike reforms made the whole thing sustainable. Minimum live coverage requirements forced events to invest in TV, raising the floor on production quality and sponsor value. That visibility is why organisers have the confidence to upgrade women\u2019s editions. At the same time, structural reforms such as a higher guaranteed minimum salary for Women\u2019s WorldTeams, formal maternity protections, and clearer development pathways have made it realistic for riders and staff to build long careers. The addition of Women\u2019s ProTeams, a new second tier from 2025, also gives ambitious squads a promotion route and keeps pressure on the elite level.<\/span><\/p>\n<h2><b>What\u2019s still missing<\/b><\/h2>\n<p><span style=\"font-weight: 400;\">Even with all the momentum, there are gaps the sport can (and should) tackle next.<\/span><\/p>\n<p><b>1) The fifth Monument.<\/b><span style=\"font-weight: 400;\"> With Flanders, Roubaix, Li\u00e8ge and now Sanremo on the calendar, <\/span>Il Lombardia<span style=\"font-weight: 400;\"> is the glaring missing piece. An autumn Monument for women would give climbers a true late\u2011season pinnacle and neatly bookend the year.<\/span><\/p>\n<p><b>2) A North American anchor.<\/b><span style=\"font-weight: 400;\"> The WWT once flirted with a bigger US\/Canada presence but hasn\u2019t nailed down a stable, long\u2011term top\u2011tier race there. A late\u2011spring or late\u2011summer North American block (one stage race plus a classic) would diversify the calendar and the fan base.<\/span><\/p>\n<p><b>3) More high\u2011mountain days across the big tours.<\/b><span style=\"font-weight: 400;\"> The marquee stage races have all delivered summit\u2011finish drama, but the depth of sustained high\u2011altitude climbing still lags behind the men\u2019s calendars. We\u2019re seeing progress\u2014harder queen stages and better time trials\u2014but doubling down on big-mountain identity will help differentiate each race.<\/span><\/p>\n<p><b>4) Date harmonisation.<\/b><span style=\"font-weight: 400;\"> The calendar\u2019s expansion occasionally creates overlaps that force teams to split squads or skip events they\u2019d happily attend. A clearer classics\u2011to\u2011stage\u2011race handoff, plus a little room around national championships and the Olympics in summer, would prevent logjams.<\/span><\/p>\n<p><b>5) Deeper geographic spread thoughtfully.<\/b><span style=\"font-weight: 400;\"> The pushes into Australia, the Gulf and China are working because they come with solid logistics and broadcast. If the WWT explores new regions (say, North America or South America), success will hinge on that same formula: predictable travel, TV that works for global audiences, and routes that showcase local terrain.<\/span><\/p>\n<p><b>6) Unequal race lengths and prize money.<\/b><span style=\"font-weight: 400;\"> Women\u2019s editions of major races are still often shorter than men\u2019s, with fewer race days and capped stage lengths. Despite progress on minimum salaries, prize purses remain significantly lower across most events. Bridging those gaps is essential for genuine parity.<\/span><\/p>\n<p><b>7) Keep raising the production bar.<\/b><span style=\"font-weight: 400;\"> Live coverage exists; now the focus should be on richer storytelling, more cameras on decisive climbs, consistent moto placement on gravel\/cobbles, on\u2011bike data, and post\u2011race analysis that treats women\u2019s races with the same editorial depth as the men\u2019s.<\/span><\/p>\n<h2><b>The fan experience: Why this matters<\/b><\/h2>\n<p><span style=\"font-weight: 400;\">For casual fans, the modern calendar is easier to understand and easier to follow. You know when the heavy cobbles are coming, when the punchers take over, and when to block off a week for GC fireworks. Bigger, better\u2011covered events mean it\u2019s simpler to pick a team or rider to follow and actually see their season arc play out, something that was much harder a decade ago.<\/span><\/p>\n<h2><b>What to watch next<\/b><\/h2>\n<p><b>Spring 2.0:<\/b><span style=\"font-weight: 400;\"> With Milan\u2013Sanremo Donne back, watch how teams balance that Ultra\u2011Classic with Strade, Flanders and Roubaix in quick succession.<\/span><\/p>\n<p><b>The GC arms race:<\/b><span style=\"font-weight: 400;\"> The Giro, Tour, and Vuelta now sit close enough on the calendar to force choices. Expect more specialisation\u2014teams targeting two rather than all three\u2014and smarter rider rotations.<\/span><\/p>\n<p><b>Promotion\/Relegation pressure:<\/b><span style=\"font-weight: 400;\"> With Women\u2019s ProTeams established, mid\u2011table WorldTeams will feel more heat to chase points week\u2011in, week\u2011out. That usually makes for aggressive racing in \u201csmaller\u201d WWT rounds.<\/span><\/p>\n<h2><b>Bottom line<\/b><\/h2>\n<p><span style=\"font-weight: 400;\">The Women\u2019s WorldTour calendar has evolved from a string of great one\u2011days into a full\u2011season ecosystem with signature events, clear peaks, and an increasingly global footprint. The work isn\u2019t finished, there\u2019s room for a fifth Monument, a North American block, and even richer coverage, but the foundation is there. For fans, that means more can\u2019t\u2011miss weekends, more meaningful weekdays, and a season that finally feels as big as the racing deserves.<\/span><\/p>\n","protected":false},"excerpt":{"rendered":"<p>For years, women\u2019s professional cycling existed in the shadow of the men\u2019s calendar. There\u2019s been shorter races, patchy coverage, and [&hellip;]<\/p>\n","protected":false},"author":99,"featured_media":201902,"comment_status":"closed","ping_status":"open","sticky":false,"template":"","format":"standard","meta":{"footnotes":""},"categories":[329],"tags":[7184,2264],"global-categories":[3366],"class_list":["post-201901","post","type-post","status-publish","format-standard","has-post-thumbnail","hentry","category-road-cycling","tag-pro-womens-cycling","tag-womens-cycling","global-categories-cycling"],"yoast_head":"<!-- This site is optimized with the Yoast SEO Premium plugin v25.3 (Yoast SEO v25.9) - https:\/\/yoast.com\/wordpress\/plugins\/seo\/ -->\n<title>The Evolution of the Women\u2019s Calendar \u2014 What\u2019s Grown, What\u2019s Still Missing - \u0160koda We Love Cycling<\/title>\n<meta name=\"description\" content=\"For years, women\u2019s professional cycling existed in the shadow of the men\u2019s calendar. There\u2019s been shorter races, patchy coverage, and fewer opportunities\" \/>\n<meta name=\"robots\" content=\"index, follow, max-snippet:-1, max-image-preview:large, max-video-preview:-1\" \/>\n<link rel=\"canonical\" href=\"https:\/\/www.welovecycling.com\/wide\/2025\/09\/08\/the-evolution-of-the-womens-calendar-whats-grown-whats-still-missing\/\" \/>\n<meta property=\"og:locale\" content=\"en_US\" \/>\n<meta property=\"og:type\" content=\"article\" \/>\n<meta property=\"og:title\" content=\"The Evolution of the Women\u2019s Calendar \u2014 What\u2019s Grown, What\u2019s Still Missing\" \/>\n<meta property=\"og:description\" content=\"For years, women\u2019s professional cycling existed in the shadow of the men\u2019s calendar. There\u2019s been shorter races, patchy coverage, and fewer opportunities\" \/>\n<meta property=\"og:url\" content=\"https:\/\/www.welovecycling.com\/wide\/2025\/09\/08\/the-evolution-of-the-womens-calendar-whats-grown-whats-still-missing\/\" \/>\n<meta property=\"og:site_name\" content=\"\u0160koda We Love Cycling\" \/>\n<meta property=\"article:published_time\" content=\"2025-09-08T12:06:55+00:00\" \/>\n<meta property=\"article:modified_time\" content=\"2025-09-08T12:07:18+00:00\" \/>\n<meta property=\"og:image\" content=\"https:\/\/d2p6e6u75xmxt8.cloudfront.net\/2\/2025\/09\/Tour-de-France-Femmes-2025-Peloton-profimedia-1026533029-CVR.webp\" \/>\n\t<meta property=\"og:image:width\" content=\"990\" \/>\n\t<meta property=\"og:image:height\" content=\"660\" \/>\n\t<meta property=\"og:image:type\" content=\"image\/webp\" \/>\n<meta name=\"author\" content=\"tereza\" \/>\n<meta name=\"twitter:card\" content=\"summary_large_image\" \/>\n<meta name=\"twitter:label1\" content=\"Written by\" \/>\n\t<meta name=\"twitter:data1\" content=\"Megan Flottorp\" \/>\n\t<meta name=\"twitter:label2\" content=\"Est. reading time\" \/>\n\t<meta name=\"twitter:data2\" content=\"4\" \/>\n<script type=\"application\/ld+json\" class=\"yoast-schema-graph\">{\"@context\":\"https:\/\/schema.org\",\"@graph\":[{\"@type\":\"WebPage\",\"@id\":\"https:\/\/www.welovecycling.com\/wide\/2025\/09\/08\/the-evolution-of-the-womens-calendar-whats-grown-whats-still-missing\/\",\"url\":\"https:\/\/www.welovecycling.com\/wide\/2025\/09\/08\/the-evolution-of-the-womens-calendar-whats-grown-whats-still-missing\/\",\"name\":\"The Evolution of the Women\u2019s Calendar \u2014 What\u2019s Grown, What\u2019s Still Missing - \u0160koda We Love Cycling\",\"isPartOf\":{\"@id\":\"https:\/\/www.welovecycling.com\/wide\/#website\"},\"primaryImageOfPage\":{\"@id\":\"https:\/\/www.welovecycling.com\/wide\/2025\/09\/08\/the-evolution-of-the-womens-calendar-whats-grown-whats-still-missing\/#primaryimage\"},\"image\":{\"@id\":\"https:\/\/www.welovecycling.com\/wide\/2025\/09\/08\/the-evolution-of-the-womens-calendar-whats-grown-whats-still-missing\/#primaryimage\"},\"thumbnailUrl\":\"https:\/\/d2p6e6u75xmxt8.cloudfront.net\/2\/2025\/09\/Tour-de-France-Femmes-2025-Peloton-profimedia-1026533029-CVR.webp\",\"datePublished\":\"2025-09-08T12:06:55+00:00\",\"dateModified\":\"2025-09-08T12:07:18+00:00\",\"author\":{\"@id\":\"https:\/\/www.welovecycling.com\/wide\/#\/schema\/person\/50f01ecd18718d2333cf72e823c4f926\"},\"description\":\"For years, women\u2019s professional cycling existed in the shadow of the men\u2019s calendar. There\u2019s been shorter races, patchy coverage, and fewer opportunities\",\"breadcrumb\":{\"@id\":\"https:\/\/www.welovecycling.com\/wide\/2025\/09\/08\/the-evolution-of-the-womens-calendar-whats-grown-whats-still-missing\/#breadcrumb\"},\"inLanguage\":\"en-US\",\"potentialAction\":[{\"@type\":\"ReadAction\",\"target\":[\"https:\/\/www.welovecycling.com\/wide\/2025\/09\/08\/the-evolution-of-the-womens-calendar-whats-grown-whats-still-missing\/\"]}]},{\"@type\":\"ImageObject\",\"inLanguage\":\"en-US\",\"@id\":\"https:\/\/www.welovecycling.com\/wide\/2025\/09\/08\/the-evolution-of-the-womens-calendar-whats-grown-whats-still-missing\/#primaryimage\",\"url\":\"https:\/\/d2p6e6u75xmxt8.cloudfront.net\/2\/2025\/09\/Tour-de-France-Femmes-2025-Peloton-profimedia-1026533029-CVR.webp\",\"contentUrl\":\"https:\/\/d2p6e6u75xmxt8.cloudfront.net\/2\/2025\/09\/Tour-de-France-Femmes-2025-Peloton-profimedia-1026533029-CVR.webp\",\"width\":990,\"height\":660,\"caption\":\"Tour de France Femmes\"},{\"@type\":\"BreadcrumbList\",\"@id\":\"https:\/\/www.welovecycling.com\/wide\/2025\/09\/08\/the-evolution-of-the-womens-calendar-whats-grown-whats-still-missing\/#breadcrumb\",\"itemListElement\":[{\"@type\":\"ListItem\",\"position\":1,\"name\":\"Home\",\"item\":\"https:\/\/www.welovecycling.com\/wide\/\"},{\"@type\":\"ListItem\",\"position\":2,\"name\":\"The Evolution of the Women\u2019s Calendar \u2014 What\u2019s Grown, What\u2019s Still Missing\"}]},{\"@type\":\"WebSite\",\"@id\":\"https:\/\/www.welovecycling.com\/wide\/#website\",\"url\":\"https:\/\/www.welovecycling.com\/wide\/\",\"name\":\"\u0160koda We Love Cycling\",\"description\":\"\u0160koda We Love Cycling magazine\",\"alternateName\":\"\u0160koda WLC\",\"potentialAction\":[{\"@type\":\"SearchAction\",\"target\":{\"@type\":\"EntryPoint\",\"urlTemplate\":\"https:\/\/www.welovecycling.com\/wide\/?s={search_term_string}\"},\"query-input\":{\"@type\":\"PropertyValueSpecification\",\"valueRequired\":true,\"valueName\":\"search_term_string\"}}],\"inLanguage\":\"en-US\"},{\"@type\":\"Person\",\"@id\":\"https:\/\/www.welovecycling.com\/wide\/#\/schema\/person\/50f01ecd18718d2333cf72e823c4f926\",\"name\":\"tereza\",\"image\":{\"@type\":\"ImageObject\",\"inLanguage\":\"en-US\",\"@id\":\"https:\/\/www.welovecycling.com\/wide\/#\/schema\/person\/image\/\",\"url\":\"https:\/\/secure.gravatar.com\/avatar\/1f9eb71be33845f0afabce3791bc1c58ecdb0a25c62964987e5dbcf7a20d2ec7?s=96&d=mm&r=g\",\"contentUrl\":\"https:\/\/secure.gravatar.com\/avatar\/1f9eb71be33845f0afabce3791bc1c58ecdb0a25c62964987e5dbcf7a20d2ec7?s=96&d=mm&r=g\",\"caption\":\"tereza\"},\"url\":\"https:\/\/www.welovecycling.com\/wide\/author\/tereza\/\"}]}<\/script>\n<!-- \/ Yoast SEO Premium plugin. -->","yoast_head_json":{"title":"The Evolution of the Women\u2019s Calendar \u2014 What\u2019s Grown, What\u2019s Still Missing - \u0160koda We Love Cycling","description":"For years, women\u2019s professional cycling existed in the shadow of the men\u2019s calendar. There\u2019s been shorter races, patchy coverage, and fewer opportunities","robots":{"index":"index","follow":"follow","max-snippet":"max-snippet:-1","max-image-preview":"max-image-preview:large","max-video-preview":"max-video-preview:-1"},"canonical":"https:\/\/www.welovecycling.com\/wide\/2025\/09\/08\/the-evolution-of-the-womens-calendar-whats-grown-whats-still-missing\/","og_locale":"en_US","og_type":"article","og_title":"The Evolution of the Women\u2019s Calendar \u2014 What\u2019s Grown, What\u2019s Still Missing","og_description":"For years, women\u2019s professional cycling existed in the shadow of the men\u2019s calendar. There\u2019s been shorter races, patchy coverage, and fewer opportunities","og_url":"https:\/\/www.welovecycling.com\/wide\/2025\/09\/08\/the-evolution-of-the-womens-calendar-whats-grown-whats-still-missing\/","og_site_name":"\u0160koda We Love Cycling","article_published_time":"2025-09-08T12:06:55+00:00","article_modified_time":"2025-09-08T12:07:18+00:00","og_image":[{"width":990,"height":660,"url":"https:\/\/d2p6e6u75xmxt8.cloudfront.net\/2\/2025\/09\/Tour-de-France-Femmes-2025-Peloton-profimedia-1026533029-CVR.webp","type":"image\/webp"}],"author":"tereza","twitter_card":"summary_large_image","twitter_misc":{"Written by":"Megan Flottorp","Est. reading time":"4"},"schema":{"@context":"https:\/\/schema.org","@graph":[{"@type":"WebPage","@id":"https:\/\/www.welovecycling.com\/wide\/2025\/09\/08\/the-evolution-of-the-womens-calendar-whats-grown-whats-still-missing\/","url":"https:\/\/www.welovecycling.com\/wide\/2025\/09\/08\/the-evolution-of-the-womens-calendar-whats-grown-whats-still-missing\/","name":"The Evolution of the Women\u2019s Calendar \u2014 What\u2019s Grown, What\u2019s Still Missing - \u0160koda We Love Cycling","isPartOf":{"@id":"https:\/\/www.welovecycling.com\/wide\/#website"},"primaryImageOfPage":{"@id":"https:\/\/www.welovecycling.com\/wide\/2025\/09\/08\/the-evolution-of-the-womens-calendar-whats-grown-whats-still-missing\/#primaryimage"},"image":{"@id":"https:\/\/www.welovecycling.com\/wide\/2025\/09\/08\/the-evolution-of-the-womens-calendar-whats-grown-whats-still-missing\/#primaryimage"},"thumbnailUrl":"https:\/\/d2p6e6u75xmxt8.cloudfront.net\/2\/2025\/09\/Tour-de-France-Femmes-2025-Peloton-profimedia-1026533029-CVR.webp","datePublished":"2025-09-08T12:06:55+00:00","dateModified":"2025-09-08T12:07:18+00:00","author":{"@id":"https:\/\/www.welovecycling.com\/wide\/#\/schema\/person\/50f01ecd18718d2333cf72e823c4f926"},"description":"For years, women\u2019s professional cycling existed in the shadow of the men\u2019s calendar. There\u2019s been shorter races, patchy coverage, and fewer opportunities","breadcrumb":{"@id":"https:\/\/www.welovecycling.com\/wide\/2025\/09\/08\/the-evolution-of-the-womens-calendar-whats-grown-whats-still-missing\/#breadcrumb"},"inLanguage":"en-US","potentialAction":[{"@type":"ReadAction","target":["https:\/\/www.welovecycling.com\/wide\/2025\/09\/08\/the-evolution-of-the-womens-calendar-whats-grown-whats-still-missing\/"]}]},{"@type":"ImageObject","inLanguage":"en-US","@id":"https:\/\/www.welovecycling.com\/wide\/2025\/09\/08\/the-evolution-of-the-womens-calendar-whats-grown-whats-still-missing\/#primaryimage","url":"https:\/\/d2p6e6u75xmxt8.cloudfront.net\/2\/2025\/09\/Tour-de-France-Femmes-2025-Peloton-profimedia-1026533029-CVR.webp","contentUrl":"https:\/\/d2p6e6u75xmxt8.cloudfront.net\/2\/2025\/09\/Tour-de-France-Femmes-2025-Peloton-profimedia-1026533029-CVR.webp","width":990,"height":660,"caption":"Tour de France Femmes"},{"@type":"BreadcrumbList","@id":"https:\/\/www.welovecycling.com\/wide\/2025\/09\/08\/the-evolution-of-the-womens-calendar-whats-grown-whats-still-missing\/#breadcrumb","itemListElement":[{"@type":"ListItem","position":1,"name":"Home","item":"https:\/\/www.welovecycling.com\/wide\/"},{"@type":"ListItem","position":2,"name":"The Evolution of the Women\u2019s Calendar \u2014 What\u2019s Grown, What\u2019s Still Missing"}]},{"@type":"WebSite","@id":"https:\/\/www.welovecycling.com\/wide\/#website","url":"https:\/\/www.welovecycling.com\/wide\/","name":"\u0160koda We Love Cycling","description":"\u0160koda We Love Cycling magazine","alternateName":"\u0160koda WLC","potentialAction":[{"@type":"SearchAction","target":{"@type":"EntryPoint","urlTemplate":"https:\/\/www.welovecycling.com\/wide\/?s={search_term_string}"},"query-input":{"@type":"PropertyValueSpecification","valueRequired":true,"valueName":"search_term_string"}}],"inLanguage":"en-US"},{"@type":"Person","@id":"https:\/\/www.welovecycling.com\/wide\/#\/schema\/person\/50f01ecd18718d2333cf72e823c4f926","name":"tereza","image":{"@type":"ImageObject","inLanguage":"en-US","@id":"https:\/\/www.welovecycling.com\/wide\/#\/schema\/person\/image\/","url":"https:\/\/secure.gravatar.com\/avatar\/1f9eb71be33845f0afabce3791bc1c58ecdb0a25c62964987e5dbcf7a20d2ec7?s=96&d=mm&r=g","contentUrl":"https:\/\/secure.gravatar.com\/avatar\/1f9eb71be33845f0afabce3791bc1c58ecdb0a25c62964987e5dbcf7a20d2ec7?s=96&d=mm&r=g","caption":"tereza"},"url":"https:\/\/www.welovecycling.com\/wide\/author\/tereza\/"}]}},"_links":{"self":[{"href":"https:\/\/www.welovecycling.com\/wide\/wp-json\/wp\/v2\/posts\/201901","targetHints":{"allow":["GET"]}}],"collection":[{"href":"https:\/\/www.welovecycling.com\/wide\/wp-json\/wp\/v2\/posts"}],"about":[{"href":"https:\/\/www.welovecycling.com\/wide\/wp-json\/wp\/v2\/types\/post"}],"author":[{"embeddable":true,"href":"https:\/\/www.welovecycling.com\/wide\/wp-json\/wp\/v2\/users\/99"}],"replies":[{"embeddable":true,"href":"https:\/\/www.welovecycling.com\/wide\/wp-json\/wp\/v2\/comments?post=201901"}],"version-history":[{"count":1,"href":"https:\/\/www.welovecycling.com\/wide\/wp-json\/wp\/v2\/posts\/201901\/revisions"}],"predecessor-version":[{"id":201903,"href":"https:\/\/www.welovecycling.com\/wide\/wp-json\/wp\/v2\/posts\/201901\/revisions\/201903"}],"wp:featuredmedia":[{"embeddable":true,"href":"https:\/\/www.welovecycling.com\/wide\/wp-json\/wp\/v2\/media\/201902"}],"wp:attachment":[{"href":"https:\/\/www.welovecycling.com\/wide\/wp-json\/wp\/v2\/media?parent=201901"}],"wp:term":[{"taxonomy":"category","embeddable":true,"href":"https:\/\/www.welovecycling.com\/wide\/wp-json\/wp\/v2\/categories?post=201901"},{"taxonomy":"post_tag","embeddable":true,"href":"https:\/\/www.welovecycling.com\/wide\/wp-json\/wp\/v2\/tags?post=201901"},{"taxonomy":"global-categories","embeddable":true,"href":"https:\/\/www.welovecycling.com\/wide\/wp-json\/wp\/v2\/global-categories?post=201901"}],"curies":[{"name":"wp","href":"https:\/\/api.w.org\/{rel}","templated":true}]}}