{"id":201734,"date":"2025-09-05T10:11:26","date_gmt":"2025-09-05T10:11:26","guid":{"rendered":"https:\/\/www.welovecycling.com\/wide\/?p=201734"},"modified":"2025-09-05T10:11:26","modified_gmt":"2025-09-05T10:11:26","slug":"a-disrupted-week-ayuso-protests-and-vingegaard-in-red-again","status":"publish","type":"post","link":"https:\/\/www.welovecycling.com\/wide\/2025\/09\/05\/a-disrupted-week-ayuso-protests-and-vingegaard-in-red-again\/","title":{"rendered":"A Disrupted Week: Ayuso, Protests and Vingegaard in Red Again"},"content":{"rendered":"<p style=\"font-weight: 400;\"><strong>It was a week during which it was hard to remember that we were in the middle of the Vuelta Ciclista a Espa\u00f1a. First, Juan Ayuso broke his contract with UAE Team Emirates\u2013XRG, labeled the team a \u201cdictatorship\u201d and then won his second stage of the race, and the team\u2019s fifth. The day before, the last 3km of the stage were canceled and the finish was neutralized, with no winner declared, because of a mass pro-Palestine protest. And, oh yes, race favorite Jonas Vingegaard (Visma\u2013Lease a Bike) recaptured the race leader\u2019s red jersey and said that he wants to hold on to it until the end of the race.<\/strong><\/p>\n<p><!--more--><\/p>\n<p style=\"font-weight: 400;\">Vingegaard\u2019s leads his main GC rival, Jo\u00e3o Almeida (UAE Team Emirates\u2013XRG), by 50 seconds, with Tom Pidcock (Q36.5) sitting in third, at 56 seconds. The race is nicely poised as the riders take on the two most difficult stages in the race on Friday and Saturday, with the fearsome Angliru (12.4km @ 8.8%, with\u00a0 gradients of up to 23.5%!), arguably the most difficult ascent in the sport, waiting at the end of Friday\u2019s stage 13.<\/p>\n<h2 style=\"font-weight: 400;\"><strong>Ayuso! Ayuso! Ayuso!<\/strong><\/h2>\n<p style=\"font-weight: 400;\">In addition to branding his team a dictatorship, Ayuso also said that he would devote the rest of the race to helping team leader, Jo\u00e3o Almeida, win the GC. And he did, leading the peloton for five minutes on Wednesday\u2019s stage 11 before dropping back at the foot of the final climb. The next day, on Thursday\u2019s stage 12, he burst out of the peloton on the first of the stage\u2019s two categorized climbs, 109km from the finish, joined a massive 50+ rider breakaway, broke away from what remained of it and then beat Javier Romo (Movistar) to the finish line to prove what everyone already knew, that he is a terrific cyclist and will always put his own interests before those of the team.<\/p>\n<p style=\"font-weight: 400;\">Though, apparently, if he is to be believed, he carried out his latest <em>solo yo<\/em> (only me) with the team\u2019s blessings. Not only did he get valuable help from his indefatigable teammate Marc Soler, but he was advised in the finale by a sports director in his team car, who told him to let Romo do most of the work in the run to the line. Then he sat in back of the Movistar rider in the final kilometer and easily beat him to the line.<\/p>\n<p style=\"font-weight: 400;\">&#8220;At 5 kilometers to the finish, I sat up a bit and Javi was getting nervous because he was looking at his first stage win in the Vuelta a Espa\u00f1a,&#8221; said Ayuso, and confirmed that the advice from the team car was to hold back from pulling. &#8220;I was told from the car to play like this. This is not something that I really enjoy \u2013 to play a bit and not cooperate fully, but sometimes you have to play smart, and that&#8217;s what I did in the finale.&#8221;<\/p>\n<p style=\"font-weight: 400;\">Romo was left banging his handlebars in frustration. I was annoyed,&#8221; he <a href=\"https:\/\/www.cyclingnews.com\/news\/i-was-told-from-the-car-to-play-like-this-its-not-something-i-really-enjoy-juan-ayuso-lets-legs-and-team-orders-do-the-talking-at-vuelta-a-espana-ahead-of-split-from-uae\/?utm_medium=referral&amp;utm_source=pushly&amp;utm_campaign=All%20Push%20Subscribers\">told Spanish media<\/a> at the finish. &#8220;Juan wasn&#8217;t just the strongest, he was the most intelligent. He almost didn&#8217;t want to work in the end.&#8221;<\/p>\n<p style=\"font-weight: 400;\">Asked if he felt vindicated by his victory, Ayuso said, \u201cI don\u2019t know. I had to face unpleasant things in these last few days and talking on the bike with my legs is always the best answer. It wasn&#8217;t a message, but to be able to do it was important.&#8221;<\/p>\n<p style=\"font-weight: 400;\">It\u2019s clear that one of UAE\u2019s goals this year \u2013 and perhaps its primary goal in the Vuelta \u2013 is to break the record for team victories in a calendar year. That record, set by HTC-Colombia in 2009, stands at 85 wins. UAE\u2019s count after this latest win is now 78 victories. I have to wonder what the team would do in the Vuelta if the choice came down to breaking the record or having Almeida win the race without winning a single stage.<\/p>\n<blockquote class=\"instagram-media\" style=\"background: #FFF; border: 0; border-radius: 3px; box-shadow: 0 0 1px 0 rgba(0,0,0,0.5),0 1px 10px 0 rgba(0,0,0,0.15); margin: 1px; max-width: 540px; min-width: 326px; padding: 0; width: calc(100% - 2px);\" data-instgrm-captioned=\"\" data-instgrm-permalink=\"https:\/\/www.instagram.com\/p\/DN3dw_mUHER\/?utm_source=ig_embed&amp;utm_campaign=loading\" data-instgrm-version=\"14\">\n<div style=\"padding: 16px;\">\n<p>&nbsp;<\/p>\n<div style=\"display: flex; flex-direction: row; align-items: center;\">\n<div style=\"background-color: #f4f4f4; border-radius: 50%; flex-grow: 0; height: 40px; margin-right: 14px; width: 40px;\"><\/div>\n<div style=\"display: flex; flex-direction: column; flex-grow: 1; justify-content: center;\">\n<div style=\"background-color: #f4f4f4; border-radius: 4px; flex-grow: 0; height: 14px; margin-bottom: 6px; width: 100px;\"><\/div>\n<div style=\"background-color: #f4f4f4; border-radius: 4px; flex-grow: 0; height: 14px; width: 60px;\"><\/div>\n<\/div>\n<\/div>\n<div style=\"padding: 19% 0;\"><\/div>\n<div style=\"display: block; height: 50px; margin: 0 auto 12px; width: 50px;\"><\/div>\n<div style=\"padding-top: 8px;\">\n<div style=\"color: #3897f0; font-family: Arial,sans-serif; font-size: 14px; font-style: normal; font-weight: 550; line-height: 18px;\">Zobrazit p\u0159\u00edsp\u011bvek na Instagramu<\/div>\n<\/div>\n<div style=\"padding: 12.5% 0;\"><\/div>\n<div style=\"display: flex; flex-direction: row; margin-bottom: 14px; align-items: center;\">\n<div>\n<div style=\"background-color: #f4f4f4; border-radius: 50%; height: 12.5px; width: 12.5px; transform: translateX(0px) translateY(7px);\"><\/div>\n<div style=\"background-color: #f4f4f4; height: 12.5px; transform: rotate(-45deg) translateX(3px) translateY(1px); width: 12.5px; flex-grow: 0; margin-right: 14px; margin-left: 2px;\"><\/div>\n<div style=\"background-color: #f4f4f4; border-radius: 50%; height: 12.5px; width: 12.5px; transform: translateX(9px) translateY(-18px);\"><\/div>\n<\/div>\n<div style=\"margin-left: 8px;\">\n<div style=\"background-color: #f4f4f4; border-radius: 50%; flex-grow: 0; height: 20px; width: 20px;\"><\/div>\n<div style=\"width: 0; height: 0; border-top: 2px solid transparent; border-left: 6px solid #f4f4f4; border-bottom: 2px solid transparent; transform: translateX(16px) translateY(-4px) rotate(30deg);\"><\/div>\n<\/div>\n<div style=\"margin-left: auto;\">\n<div style=\"width: 0px; border-top: 8px solid #F4F4F4; border-right: 8px solid transparent; transform: translateY(16px);\"><\/div>\n<div style=\"background-color: #f4f4f4; flex-grow: 0; height: 12px; width: 16px; transform: translateY(-4px);\"><\/div>\n<div style=\"width: 0; height: 0; border-top: 8px solid #F4F4F4; border-left: 8px solid transparent; transform: translateY(-4px) translateX(8px);\"><\/div>\n<\/div>\n<\/div>\n<div style=\"display: flex; flex-direction: column; flex-grow: 1; justify-content: center; margin-bottom: 24px;\">\n<div style=\"background-color: #f4f4f4; border-radius: 4px; flex-grow: 0; height: 14px; margin-bottom: 6px; width: 224px;\"><\/div>\n<div style=\"background-color: #f4f4f4; border-radius: 4px; flex-grow: 0; height: 14px; width: 144px;\"><\/div>\n<\/div>\n<p>&nbsp;<\/p>\n<p style=\"color: #c9c8cd; font-family: Arial,sans-serif; font-size: 14px; line-height: 17px; margin-bottom: 0; margin-top: 8px; overflow: hidden; padding: 8px 0 7px; text-align: center; text-overflow: ellipsis; white-space: nowrap;\"><a style=\"color: #c9c8cd; font-family: Arial,sans-serif; font-size: 14px; font-style: normal; font-weight: normal; line-height: 17px; text-decoration: none;\" href=\"https:\/\/www.instagram.com\/p\/DN3dw_mUHER\/?utm_source=ig_embed&amp;utm_campaign=loading\" target=\"_blank\" rel=\"noopener\">P\u0159\u00edsp\u011bvek sd\u00edlen\u00fd \u0160koda We Love Cycling (@wlcmagazine)<\/a><\/p>\n<\/div>\n<\/blockquote>\n<h2><script async src=\"\/\/www.instagram.com\/embed.js\"><\/script><strong>Protests disrupt stage 11<\/strong><\/h2>\n<p style=\"font-weight: 400;\">The conflict in Gaza has been a visible presence in the Vuelta from the first stage, with Palestinian flags waved on the roadsides and placards condemning Israel held high on virtually every stage. But the protests reached a climax on Wednesday\u2019s stage 11, when organizers were forced to annul the final 3km of the stage and neutralize the finish by not declaring a winner because hundreds of protestors were roaming the road near the finish line.<\/p>\n<p style=\"font-weight: 400;\">The situation grew explosive after <a href=\"https:\/\/escapecollective.com\/riders-call-for-israel-premier-tech-to-leave-the-vuelta-a-espana\/\"><em>Escape Collective<\/em><\/a> published WhatsApp messages in which several riders called on Israel\u2013Premier Tech to drop out of the race, a demand <a href=\"https:\/\/www.cyclingweekly.com\/racing\/israel-premier-tech-committed-to-racing-on-at-vuelta-a-espana-as-pressure-grows-for-team-to-leave-race-whats-going-on\">apparently seconded<\/a> by the race\u2019s technical director, Kiko Garc\u00eda. The team refused, declaring in a statement, \u201cIsrael\u2013Premier Tech is a professional cycling team. As such, the team remains committed to racing on at the Vuelta a Espa\u00f1a. Any other course of action sets a dangerous precedent in the sport of cycling not only for Israel\u2013Premier Tech, but for all teams.\u201d Fortunately for all concerned, stage 12 was raced without any problems.<\/p>\n<p style=\"font-weight: 400;\">And speaking of racing, though the stage was truncated and no official winner was declared, there was still time to gain on rivals. And that is exactly what Vingegaard and Tom Pidcock (Q36.5) did, with the Brit bursting out of the peloton on the killer final climb of the stage, the Alto de Pike (2.1km @ 8.8km, with ramps up to 16%). Only Vingegaard could follow him, and the two rode the descent together, with the Dane winning the sprint to the new finish line. Both riders gained time on the rest of the GC, with Vingegaard\u2019s lead over Almeida ballooning to 50 seconds and Pidcock climbing onto the podium, at 56 seconds.<\/p>\n<h2 style=\"font-weight: 400;\"><strong>Vinegaard back in Red<\/strong><\/h2>\n<p style=\"font-weight: 400;\">A race that had not been frantic turned super fast on Tuesday\u2019s stage 10, with riders desperate to join a breakaway. It took 70km before a 30-rider breakaway managed to form, as the average for the first 80km of the 175.3km course from Parque de la Naturaleza Sendaviva to El Ferial Larra Belagua was a stunning 50kph. That large group eventually splintered. The fight for the stage victory was played out on the slopes of the final climb, to the Puerto de Belagua (9.4km @ 6.2%), where Jay Vine (UAE Team Emirates\u2013XRG) distanced Movistar\u2019s Pablo Castrillo and won his second stage of this Vuelta and his team\u2019s fourth. Romo finished third.<\/p>\n<p style=\"font-weight: 400;\">More significantly, the surprise race leader Torstein Tr\u00e6en (Bahrain-Victorious), who had taken the red jersey after stage 6, faltered halfway up that final climb and finished 23rd, 2:08 behind the winner and 1:03 behind Vingegaard, which put the jersey back on the Dane, who said he was determined to wear it for the rest of the race.<\/p>\n<p style=\"font-weight: 400;\">\u201cI&#8217;m always happy to be in the leader&#8217;s jersey; I won&#8217;t complain at all,\u201d he said after the stage. \u201cIt&#8217;s one of the most beautiful in cycling, and I want to keep it now all the way to Madrid.&#8221;<\/p>\n<p style=\"font-weight: 400;\">Vingegaard went on to say that the fact that Ayuso was no longer a GC threat made his task a little easier, but that didn\u2019t mean there weren\u2019t other riders to worry about. &#8220;Just having to watch Almeida is good,\u201d he said. \u201cFor sure, it makes it easier only having to follow one guy. But Pidcock doesn&#8217;t surprise me, either. He&#8217;s a super good rider, and the way he&#8217;s been racing here shows just how good he is. I think he is one of the big rivals for the GC.&#8221;<\/p>\n<p style=\"font-weight: 400;\"><strong>Results of Stage 12 of the 2025 Vuelta Ciclista a Espa\u00f1a<\/strong><\/p>\n<p>1. Juan Ayuso, UAE Team Emirates\u2013XRG 3:16:21<br \/>\n2. Javier Romo, Movistar \u201c<br \/>\n3. Brieuc Rolland, Groupama-FDJ\u00a0\u00a0\u00a0\u00a0\u00a0\u00a0\u00a0\u00a0\u00a0\u00a0\u00a0\u00a0\u00a0\u00a0\u00a0\u00a0 \u00a0\u00a0\u00a0\u00a0\u00a0\u00a0\u00a0\u00a0\u00a0\u00a0\u00a0\u00a0\u00a0\u00a0\u00a0\u00a0\u00a0+ 0:13<br \/>\n4. Victor Campanaerts,\u00a0 Visma\u2013Lease a Bike\u00a0\u00a0\u00a0\u00a0\u00a0\u00a0\u00a0\u00a0\u00a0\u00a0\u00a0\u00a0\u00a0\u00a0\u00a0\u00a0 + 0:17<br \/>\n5. Mads Pedersen, Lidl-Trek\u00a0\u00a0\u00a0\u00a0\u00a0\u00a0\u00a0\u00a0\u00a0\u00a0\u00a0\u00a0\u00a0\u00a0\u00a0\u00a0\u00a0\u00a0\u00a0\u00a0\u00a0\u00a0\u00a0\u00a0\u00a0\u00a0\u00a0\u00a0\u00a0\u00a0\u00a0\u00a0\u00a0\u00a0\u00a0\u00a0\u00a0\u00a0\u00a0\u00a0\u00a0\u00a0\u00a0\u00a0\u00a0\u00a0 \u201c<br \/>\n6. Nico Denz, Red Bull\u2013BORA\u2013hansgrohe\u00a0\u00a0\u00a0\u00a0\u00a0\u00a0\u00a0\u00a0\u00a0\u00a0 \u00a0\u00a0\u00a0\u00a0\u00a0\u00a0\u00a0\u00a0\u00a0\u00a0\u00a0\u00a0\u00a0\u201c<br \/>\n7. Damian Howson, Q36.5 \u00a0\u00a0\u00a0\u00a0\u00a0\u00a0\u00a0\u00a0\u00a0\u00a0\u00a0\u00a0\u00a0\u00a0\u00a0\u00a0\u00a0\u00a0\u00a0\u00a0\u00a0\u00a0\u00a0\u00a0\u00a0\u00a0\u00a0\u00a0\u00a0\u00a0\u00a0\u00a0\u00a0\u00a0\u00a0\u00a0\u00a0\u00a0\u00a0\u00a0\u00a0\u00a0\u00a0\u00a0\u00a0+ 0:18<br \/>\n8. Santiago Buitrago, Bahrain Victorious\u00a0\u00a0\u00a0\u00a0\u00a0\u00a0\u00a0\u00a0\u00a0\u00a0\u00a0\u00a0\u00a0\u00a0\u00a0\u00a0\u00a0\u00a0\u00a0\u00a0\u00a0\u00a0\u00a0\u00a0\u00a0\u00a0\u00a0 \u201c<br \/>\n9. Markel Beloki, EF Education\u2013EasyPost \u00a0\u00a0\u00a0\u00a0\u00a0\u00a0\u00a0\u00a0\u00a0\u00a0\u00a0\u00a0\u00a0\u00a0\u00a0\u00a0\u00a0\u00a0\u00a0\u00a0\u00a0\u00a0\u00a0\u00a0\u00a0\u201c<br \/>\n10. Pablo Castrillo, Movistar \u201c<\/p>\n<p style=\"font-weight: 400;\"><strong>General Classification after Stage 12 of the Vuelta Ciclista a Espa\u00f1a <\/strong><\/p>\n<p>1. Jonas Vingegaard, Visma\u2013Lease a Bike \u00a044:36:45<br \/>\n2. Jo\u00e3o Almeida, UAE Team Emirates\u2013XRG\u00a0\u00a0\u00a0\u00a0\u00a0\u00a0\u00a0\u00a0\u00a0\u00a0\u00a0\u00a0\u00a0\u00a0\u00a0\u00a0\u00a0 \u00a0+ 0:50<br \/>\n3. Tom Pidcock, Q36.5 \u00a0\u00a0\u00a0\u00a0\u00a0\u00a0\u00a0\u00a0\u00a0\u00a0\u00a0\u00a0\u00a0\u00a0\u00a0\u00a0\u00a0\u00a0\u00a0\u00a0\u00a0\u00a0\u00a0\u00a0\u00a0\u00a0\u00a0\u00a0\u00a0\u00a0\u00a0\u00a0\u00a0\u00a0\u00a0\u00a0\u00a0\u00a0\u00a0\u00a0\u00a0\u00a0\u00a0\u00a0\u00a0\u00a0\u00a0\u00a0\u00a0\u00a0\u00a0\u00a0\u00a0+ 0:56<br \/>\n4. Torstein Tr\u00e6en, Bahrain-Victorious\u00a0\u00a0\u00a0\u00a0\u00a0\u00a0\u00a0\u00a0\u00a0\u00a0\u00a0\u00a0\u00a0\u00a0\u00a0\u00a0\u00a0\u00a0\u00a0\u00a0\u00a0\u00a0\u00a0\u00a0\u00a0\u00a0\u00a0\u00a0 \u00a0+ 1:06<br \/>\n5. Felix Gall, Decathlon AG2R La Mondiale\u00a0\u00a0\u00a0\u00a0\u00a0\u00a0\u00a0\u00a0\u00a0\u00a0\u00a0\u00a0\u00a0\u00a0\u00a0\u00a0\u00a0\u00a0 \u00a0+ 2:17<br \/>\n6. Bruno Amirail, Decathlon AG2R La Mondiale\u00a0\u00a0\u00a0\u00a0\u00a0\u00a0\u00a0\u00a0\u00a0\u00a0\u00a0 \u00a0+ 2:23<br \/>\n7. Matteo Jorgenson, Visma\u2013Lease a Bike\u00a0\u00a0\u00a0\u00a0\u00a0\u00a0\u00a0\u00a0\u00a0\u00a0\u00a0\u00a0\u00a0\u00a0\u00a0\u00a0\u00a0\u00a0\u00a0\u00a0 \u00a0\u00a0\u00a0\u00a0+ 2:26<br \/>\n8. Jai Hindley, Red Bull\u2013BORA\u2013hansgrohe\u00a0\u00a0\u00a0\u00a0\u00a0\u00a0\u00a0\u00a0\u00a0\u00a0\u00a0\u00a0 \u00a0\u00a0\u00a0\u00a0\u00a0\u00a0\u00a0\u00a0\u00a0+ 2:30<br \/>\n9. Giulio Ciccone, Lidl-Trek\u00a0\u00a0\u00a0\u00a0\u00a0\u00a0\u00a0\u00a0\u00a0\u00a0\u00a0\u00a0\u00a0\u00a0\u00a0\u00a0\u00a0\u00a0\u00a0\u00a0\u00a0\u00a0\u00a0\u00a0\u00a0\u00a0\u00a0\u00a0\u00a0\u00a0\u00a0\u00a0\u00a0\u00a0\u00a0\u00a0\u00a0\u00a0\u00a0\u00a0\u00a0\u00a0\u00a0\u00a0 \u00a0+ 2:33<br \/>\n10. Giulio Pellizzari, Red Bull\u2013BORA\u2013hansgrohe\u00a0\u00a0\u00a0\u00a0\u00a0\u00a0\u00a0\u00a0\u00a0\u00a0\u00a0 + 2:44<\/p>\n","protected":false},"excerpt":{"rendered":"<p>It was a week during which it was hard to remember that we were in the middle of the Vuelta [&hellip;]<\/p>\n","protected":false},"author":99,"featured_media":201741,"comment_status":"closed","ping_status":"open","sticky":false,"template":"","format":"standard","meta":{"footnotes":""},"categories":[329],"tags":[8642,5450,6699,479,3871],"global-categories":[3366],"class_list":["post-201734","post","type-post","status-publish","format-standard","has-post-thumbnail","hentry","category-road-cycling","tag-2025-la-vuelta","tag-jonas-vingegaard","tag-juan-ayuso","tag-la-vuelta","tag-tom-pidcock","global-categories-cycling"],"yoast_head":"<!-- This site is optimized with the Yoast SEO Premium plugin v25.3 (Yoast SEO v25.9) - https:\/\/yoast.com\/wordpress\/plugins\/seo\/ -->\n<title>A Disrupted Week: Ayuso, Protests and Vingegaard in Red Again - \u0160koda We Love Cycling<\/title>\n<meta name=\"description\" content=\"It was a week during which it was hard to remember that we were in the middle of the Vuelta Ciclista a Espa\u00f1a. First, Juan Ayuso broke his contract with\" \/>\n<meta name=\"robots\" content=\"index, follow, max-snippet:-1, max-image-preview:large, max-video-preview:-1\" \/>\n<link rel=\"canonical\" href=\"https:\/\/www.welovecycling.com\/wide\/2025\/09\/05\/a-disrupted-week-ayuso-protests-and-vingegaard-in-red-again\/\" \/>\n<meta property=\"og:locale\" content=\"en_US\" \/>\n<meta property=\"og:type\" content=\"article\" \/>\n<meta property=\"og:title\" content=\"A Disrupted Week: Ayuso, Protests and Vingegaard in Red Again\" \/>\n<meta property=\"og:description\" content=\"It was a week during which it was hard to remember that we were in the middle of the Vuelta Ciclista a Espa\u00f1a. First, Juan Ayuso broke his contract with\" \/>\n<meta property=\"og:url\" content=\"https:\/\/www.welovecycling.com\/wide\/2025\/09\/05\/a-disrupted-week-ayuso-protests-and-vingegaard-in-red-again\/\" \/>\n<meta property=\"og:site_name\" content=\"\u0160koda We Love Cycling\" \/>\n<meta property=\"article:published_time\" content=\"2025-09-05T10:11:26+00:00\" \/>\n<meta property=\"og:image\" content=\"https:\/\/d2p6e6u75xmxt8.cloudfront.net\/2\/2025\/09\/Ayuso-La-Vuelta-2025-profimedia-1034168016-CVR.webp\" \/>\n\t<meta property=\"og:image:width\" content=\"990\" \/>\n\t<meta property=\"og:image:height\" content=\"660\" \/>\n\t<meta property=\"og:image:type\" content=\"image\/webp\" \/>\n<meta name=\"author\" content=\"tereza\" \/>\n<meta name=\"twitter:card\" content=\"summary_large_image\" \/>\n<meta name=\"twitter:label1\" content=\"Written by\" \/>\n\t<meta name=\"twitter:data1\" content=\"Siegfried Mortkowitz\" \/>\n\t<meta name=\"twitter:label2\" content=\"Est. reading time\" \/>\n\t<meta name=\"twitter:data2\" content=\"3\" \/>\n<script type=\"application\/ld+json\" class=\"yoast-schema-graph\">{\"@context\":\"https:\/\/schema.org\",\"@graph\":[{\"@type\":\"WebPage\",\"@id\":\"https:\/\/www.welovecycling.com\/wide\/2025\/09\/05\/a-disrupted-week-ayuso-protests-and-vingegaard-in-red-again\/\",\"url\":\"https:\/\/www.welovecycling.com\/wide\/2025\/09\/05\/a-disrupted-week-ayuso-protests-and-vingegaard-in-red-again\/\",\"name\":\"A Disrupted Week: Ayuso, Protests and Vingegaard in Red Again - \u0160koda We Love Cycling\",\"isPartOf\":{\"@id\":\"https:\/\/www.welovecycling.com\/wide\/#website\"},\"primaryImageOfPage\":{\"@id\":\"https:\/\/www.welovecycling.com\/wide\/2025\/09\/05\/a-disrupted-week-ayuso-protests-and-vingegaard-in-red-again\/#primaryimage\"},\"image\":{\"@id\":\"https:\/\/www.welovecycling.com\/wide\/2025\/09\/05\/a-disrupted-week-ayuso-protests-and-vingegaard-in-red-again\/#primaryimage\"},\"thumbnailUrl\":\"https:\/\/d2p6e6u75xmxt8.cloudfront.net\/2\/2025\/09\/Ayuso-La-Vuelta-2025-profimedia-1034168016-CVR.webp\",\"datePublished\":\"2025-09-05T10:11:26+00:00\",\"author\":{\"@id\":\"https:\/\/www.welovecycling.com\/wide\/#\/schema\/person\/50f01ecd18718d2333cf72e823c4f926\"},\"description\":\"It was a week during which it was hard to remember that we were in the middle of the Vuelta Ciclista a Espa\u00f1a. First, Juan Ayuso broke his contract with\",\"breadcrumb\":{\"@id\":\"https:\/\/www.welovecycling.com\/wide\/2025\/09\/05\/a-disrupted-week-ayuso-protests-and-vingegaard-in-red-again\/#breadcrumb\"},\"inLanguage\":\"en-US\",\"potentialAction\":[{\"@type\":\"ReadAction\",\"target\":[\"https:\/\/www.welovecycling.com\/wide\/2025\/09\/05\/a-disrupted-week-ayuso-protests-and-vingegaard-in-red-again\/\"]}]},{\"@type\":\"ImageObject\",\"inLanguage\":\"en-US\",\"@id\":\"https:\/\/www.welovecycling.com\/wide\/2025\/09\/05\/a-disrupted-week-ayuso-protests-and-vingegaard-in-red-again\/#primaryimage\",\"url\":\"https:\/\/d2p6e6u75xmxt8.cloudfront.net\/2\/2025\/09\/Ayuso-La-Vuelta-2025-profimedia-1034168016-CVR.webp\",\"contentUrl\":\"https:\/\/d2p6e6u75xmxt8.cloudfront.net\/2\/2025\/09\/Ayuso-La-Vuelta-2025-profimedia-1034168016-CVR.webp\",\"width\":990,\"height\":660,\"caption\":\"Juan Ayuso\"},{\"@type\":\"BreadcrumbList\",\"@id\":\"https:\/\/www.welovecycling.com\/wide\/2025\/09\/05\/a-disrupted-week-ayuso-protests-and-vingegaard-in-red-again\/#breadcrumb\",\"itemListElement\":[{\"@type\":\"ListItem\",\"position\":1,\"name\":\"Home\",\"item\":\"https:\/\/www.welovecycling.com\/wide\/\"},{\"@type\":\"ListItem\",\"position\":2,\"name\":\"A Disrupted Week: Ayuso, Protests and Vingegaard in Red Again\"}]},{\"@type\":\"WebSite\",\"@id\":\"https:\/\/www.welovecycling.com\/wide\/#website\",\"url\":\"https:\/\/www.welovecycling.com\/wide\/\",\"name\":\"\u0160koda We Love Cycling\",\"description\":\"\u0160koda We Love Cycling magazine\",\"alternateName\":\"\u0160koda WLC\",\"potentialAction\":[{\"@type\":\"SearchAction\",\"target\":{\"@type\":\"EntryPoint\",\"urlTemplate\":\"https:\/\/www.welovecycling.com\/wide\/?s={search_term_string}\"},\"query-input\":{\"@type\":\"PropertyValueSpecification\",\"valueRequired\":true,\"valueName\":\"search_term_string\"}}],\"inLanguage\":\"en-US\"},{\"@type\":\"Person\",\"@id\":\"https:\/\/www.welovecycling.com\/wide\/#\/schema\/person\/50f01ecd18718d2333cf72e823c4f926\",\"name\":\"tereza\",\"image\":{\"@type\":\"ImageObject\",\"inLanguage\":\"en-US\",\"@id\":\"https:\/\/www.welovecycling.com\/wide\/#\/schema\/person\/image\/\",\"url\":\"https:\/\/secure.gravatar.com\/avatar\/1f9eb71be33845f0afabce3791bc1c58ecdb0a25c62964987e5dbcf7a20d2ec7?s=96&d=mm&r=g\",\"contentUrl\":\"https:\/\/secure.gravatar.com\/avatar\/1f9eb71be33845f0afabce3791bc1c58ecdb0a25c62964987e5dbcf7a20d2ec7?s=96&d=mm&r=g\",\"caption\":\"tereza\"},\"url\":\"https:\/\/www.welovecycling.com\/wide\/author\/tereza\/\"}]}<\/script>\n<!-- \/ Yoast SEO Premium plugin. -->","yoast_head_json":{"title":"A Disrupted Week: Ayuso, Protests and Vingegaard in Red Again - \u0160koda We Love Cycling","description":"It was a week during which it was hard to remember that we were in the middle of the Vuelta Ciclista a Espa\u00f1a. First, Juan Ayuso broke his contract with","robots":{"index":"index","follow":"follow","max-snippet":"max-snippet:-1","max-image-preview":"max-image-preview:large","max-video-preview":"max-video-preview:-1"},"canonical":"https:\/\/www.welovecycling.com\/wide\/2025\/09\/05\/a-disrupted-week-ayuso-protests-and-vingegaard-in-red-again\/","og_locale":"en_US","og_type":"article","og_title":"A Disrupted Week: Ayuso, Protests and Vingegaard in Red Again","og_description":"It was a week during which it was hard to remember that we were in the middle of the Vuelta Ciclista a Espa\u00f1a. First, Juan Ayuso broke his contract with","og_url":"https:\/\/www.welovecycling.com\/wide\/2025\/09\/05\/a-disrupted-week-ayuso-protests-and-vingegaard-in-red-again\/","og_site_name":"\u0160koda We Love Cycling","article_published_time":"2025-09-05T10:11:26+00:00","og_image":[{"width":990,"height":660,"url":"https:\/\/d2p6e6u75xmxt8.cloudfront.net\/2\/2025\/09\/Ayuso-La-Vuelta-2025-profimedia-1034168016-CVR.webp","type":"image\/webp"}],"author":"tereza","twitter_card":"summary_large_image","twitter_misc":{"Written by":"Siegfried Mortkowitz","Est. reading time":"3"},"schema":{"@context":"https:\/\/schema.org","@graph":[{"@type":"WebPage","@id":"https:\/\/www.welovecycling.com\/wide\/2025\/09\/05\/a-disrupted-week-ayuso-protests-and-vingegaard-in-red-again\/","url":"https:\/\/www.welovecycling.com\/wide\/2025\/09\/05\/a-disrupted-week-ayuso-protests-and-vingegaard-in-red-again\/","name":"A Disrupted Week: Ayuso, Protests and Vingegaard in Red Again - \u0160koda We Love Cycling","isPartOf":{"@id":"https:\/\/www.welovecycling.com\/wide\/#website"},"primaryImageOfPage":{"@id":"https:\/\/www.welovecycling.com\/wide\/2025\/09\/05\/a-disrupted-week-ayuso-protests-and-vingegaard-in-red-again\/#primaryimage"},"image":{"@id":"https:\/\/www.welovecycling.com\/wide\/2025\/09\/05\/a-disrupted-week-ayuso-protests-and-vingegaard-in-red-again\/#primaryimage"},"thumbnailUrl":"https:\/\/d2p6e6u75xmxt8.cloudfront.net\/2\/2025\/09\/Ayuso-La-Vuelta-2025-profimedia-1034168016-CVR.webp","datePublished":"2025-09-05T10:11:26+00:00","author":{"@id":"https:\/\/www.welovecycling.com\/wide\/#\/schema\/person\/50f01ecd18718d2333cf72e823c4f926"},"description":"It was a week during which it was hard to remember that we were in the middle of the Vuelta Ciclista a Espa\u00f1a. First, Juan Ayuso broke his contract with","breadcrumb":{"@id":"https:\/\/www.welovecycling.com\/wide\/2025\/09\/05\/a-disrupted-week-ayuso-protests-and-vingegaard-in-red-again\/#breadcrumb"},"inLanguage":"en-US","potentialAction":[{"@type":"ReadAction","target":["https:\/\/www.welovecycling.com\/wide\/2025\/09\/05\/a-disrupted-week-ayuso-protests-and-vingegaard-in-red-again\/"]}]},{"@type":"ImageObject","inLanguage":"en-US","@id":"https:\/\/www.welovecycling.com\/wide\/2025\/09\/05\/a-disrupted-week-ayuso-protests-and-vingegaard-in-red-again\/#primaryimage","url":"https:\/\/d2p6e6u75xmxt8.cloudfront.net\/2\/2025\/09\/Ayuso-La-Vuelta-2025-profimedia-1034168016-CVR.webp","contentUrl":"https:\/\/d2p6e6u75xmxt8.cloudfront.net\/2\/2025\/09\/Ayuso-La-Vuelta-2025-profimedia-1034168016-CVR.webp","width":990,"height":660,"caption":"Juan Ayuso"},{"@type":"BreadcrumbList","@id":"https:\/\/www.welovecycling.com\/wide\/2025\/09\/05\/a-disrupted-week-ayuso-protests-and-vingegaard-in-red-again\/#breadcrumb","itemListElement":[{"@type":"ListItem","position":1,"name":"Home","item":"https:\/\/www.welovecycling.com\/wide\/"},{"@type":"ListItem","position":2,"name":"A Disrupted Week: Ayuso, Protests and Vingegaard in Red Again"}]},{"@type":"WebSite","@id":"https:\/\/www.welovecycling.com\/wide\/#website","url":"https:\/\/www.welovecycling.com\/wide\/","name":"\u0160koda We Love Cycling","description":"\u0160koda We Love Cycling magazine","alternateName":"\u0160koda WLC","potentialAction":[{"@type":"SearchAction","target":{"@type":"EntryPoint","urlTemplate":"https:\/\/www.welovecycling.com\/wide\/?s={search_term_string}"},"query-input":{"@type":"PropertyValueSpecification","valueRequired":true,"valueName":"search_term_string"}}],"inLanguage":"en-US"},{"@type":"Person","@id":"https:\/\/www.welovecycling.com\/wide\/#\/schema\/person\/50f01ecd18718d2333cf72e823c4f926","name":"tereza","image":{"@type":"ImageObject","inLanguage":"en-US","@id":"https:\/\/www.welovecycling.com\/wide\/#\/schema\/person\/image\/","url":"https:\/\/secure.gravatar.com\/avatar\/1f9eb71be33845f0afabce3791bc1c58ecdb0a25c62964987e5dbcf7a20d2ec7?s=96&d=mm&r=g","contentUrl":"https:\/\/secure.gravatar.com\/avatar\/1f9eb71be33845f0afabce3791bc1c58ecdb0a25c62964987e5dbcf7a20d2ec7?s=96&d=mm&r=g","caption":"tereza"},"url":"https:\/\/www.welovecycling.com\/wide\/author\/tereza\/"}]}},"_links":{"self":[{"href":"https:\/\/www.welovecycling.com\/wide\/wp-json\/wp\/v2\/posts\/201734","targetHints":{"allow":["GET"]}}],"collection":[{"href":"https:\/\/www.welovecycling.com\/wide\/wp-json\/wp\/v2\/posts"}],"about":[{"href":"https:\/\/www.welovecycling.com\/wide\/wp-json\/wp\/v2\/types\/post"}],"author":[{"embeddable":true,"href":"https:\/\/www.welovecycling.com\/wide\/wp-json\/wp\/v2\/users\/99"}],"replies":[{"embeddable":true,"href":"https:\/\/www.welovecycling.com\/wide\/wp-json\/wp\/v2\/comments?post=201734"}],"version-history":[{"count":3,"href":"https:\/\/www.welovecycling.com\/wide\/wp-json\/wp\/v2\/posts\/201734\/revisions"}],"predecessor-version":[{"id":201742,"href":"https:\/\/www.welovecycling.com\/wide\/wp-json\/wp\/v2\/posts\/201734\/revisions\/201742"}],"wp:featuredmedia":[{"embeddable":true,"href":"https:\/\/www.welovecycling.com\/wide\/wp-json\/wp\/v2\/media\/201741"}],"wp:attachment":[{"href":"https:\/\/www.welovecycling.com\/wide\/wp-json\/wp\/v2\/media?parent=201734"}],"wp:term":[{"taxonomy":"category","embeddable":true,"href":"https:\/\/www.welovecycling.com\/wide\/wp-json\/wp\/v2\/categories?post=201734"},{"taxonomy":"post_tag","embeddable":true,"href":"https:\/\/www.welovecycling.com\/wide\/wp-json\/wp\/v2\/tags?post=201734"},{"taxonomy":"global-categories","embeddable":true,"href":"https:\/\/www.welovecycling.com\/wide\/wp-json\/wp\/v2\/global-categories?post=201734"}],"curies":[{"name":"wp","href":"https:\/\/api.w.org\/{rel}","templated":true}]}}