{"id":201497,"date":"2025-09-03T11:49:45","date_gmt":"2025-09-03T11:49:45","guid":{"rendered":"https:\/\/www.welovecycling.com\/wide\/?p=201497"},"modified":"2025-09-03T11:55:13","modified_gmt":"2025-09-03T11:55:13","slug":"ayuso-and-uae-to-part-ways-in-latest-contract-rupture-start-of-a-wave","status":"publish","type":"post","link":"https:\/\/www.welovecycling.com\/wide\/2025\/09\/03\/ayuso-and-uae-to-part-ways-in-latest-contract-rupture-start-of-a-wave\/","title":{"rendered":"Opinion: Ayuso and UAE to Part Ways in Latest Contract Rupture: Start of a Wave?"},"content":{"rendered":"<p style=\"font-weight: 400;\"><strong>Juan Ayuso finally got his wish as UAE Team Emirates\u2013XRG announced that they have agreed to part ways with the Spaniard after rumours of an imminent divorce had circulated at the Vuelta Ciclista a Espa\u00f1a, and the 22-year-old had ignored the needs of his team and its leader, Jo\u00e3o Almeida, to pursue his own goals.<\/strong><\/p>\n<p><!--more--><\/p>\n<h2 style=\"font-weight: 400;\"><strong>An uncivil war<\/strong><\/h2>\n<p style=\"font-weight: 400;\">During Monday\u2019s rest day, UAE released a statement on its <a href=\"https:\/\/www.uaeteamemirates.com\/uae-team-emirates-xrg-agreement-part-ways-juan-ayuso\/\">website<\/a> that declared, in part, \u201cUAE Team Emirates\u2013XRG and Spanish rider Juan Ayuso have mutually agreed to an early termination of his contract, which was originally set to run until 2028. Ayuso will now remain on the roster until the end of 2025 after a decision was made following differences in the vision of development plans and in the alignment with the team\u2019s sporting philosophy.\u201d<\/p>\n<p style=\"font-weight: 400;\">UAE then quoted team CEO Mauro Gianetti as saying: \u201cJuan has been a valuable talent and we are grateful for what we have built together. At the same time, our sporting project has always been focused on continuity, group harmony, and building a winning team. We believe that, in the best interests of both parties, this decision is the most consistent with the values that define our organisation.\u201d<\/p>\n<p style=\"font-weight: 400;\">Well, that did not please Ayuso, not at all. \u201cI would have liked to\u00a0conclude my adventure with the team well, but it&#8217;s not possible\u00a0when you&#8217;re dealing with a dictatorship\u00a0and a unilateral exercise of power,\u201d he told a select group of journalists, according to <a href=\"https:\/\/www.tuttobiciweb.it\/article\/2025\/09\/02\/1756815372\/cycling-vuelta-a-espaA%EF%BF%BDa-uae-emirates?lang=en\"><em>TuttoBiciWeb<\/em><\/a><em>, <\/em>before the start of stage 10. \u201cI want to tell everyone that I don&#8217;t agree with the statement released by the team: yesterday, a statement came out around seven in the evening, and I was only notified at six-thirty, when journalists already knew for hours that the statement would be issued.<\/p>\n<p style=\"font-weight: 400;\">\u201cWe had agreed it would be made public after the Vuelta, to not compromise anything at a sporting level, nor the team atmosphere, nor our teammates. They should be asked why it was released yesterday, why it was so sudden and without notice. Obviously, I have clear ideas about why they did it, to try to damage my image again, as the statement confirms, which I disagree with. And when I pointed this out, they responded that\u00a0the first draft was much worse\u00a0and that, therefore, I should be happy about it.\u201d<\/p>\n<p style=\"font-weight: 400;\">More words of the same tone followed, suggesting that UAE are in the midst of a civil war. Not the best conditions for team leader Jo\u00e3o Almeida\u2019s battle against <a href=\"https:\/\/www.welovecycling.com\/wide\/2025\/09\/01\/vingegaard-and-visma-lease-a-bike-strike-a-blow-as-ayuso-backpedals-again\/\" target=\"_blank\" rel=\"noopener\">Jonas Vingegaard<\/a> (Visma\u2013Lease a Bike), who leads the Portuguese rider by 38 seconds in the GC. Though Ayuso did say on Tuesday: \u201cJo\u00e3o deserves all the support I can give him and that&#8217;s what I&#8217;ll try to do.\u201d Not that he hasn\u2019t had ample chances to help him already, but he abstained, citing fatigue.<\/p>\n<div class=\"shortcode-ys-post-pinup\"><article class=\"loop-simple post-199682 post type-post status-publish format-standard has-post-thumbnail hentry category-road-cycling tag-2025-la-vuelta tag-jasper-philipsen tag-jonas-vingegaard tag-juan-ayuso tag-la-vuelta tag-vuelta-ciclista-a-espana global-categories-cycling\" data-postid=\"199682\" role=\"article\" data-post-id=\"199682\" data-word-count=\"1086\" data-headline-length=\"75\" data-category=\"Road cycling\" data-global-category=\"Cycling\" data-author=\"Siegfried Mortkowitz\" data-published=\"2025-09-01T09:46:16+00:00\" data-published-day=\"Monday\">\n    <div class=\"entry-thumbnail article-thumbnail\" content=\"https:\/\/d2p6e6u75xmxt8.cloudfront.net\/2\/2025\/09\/Jonas-Vingegaard-La-Vuelta-profimedia-1032987154-CVR-150x150.webp\"><a href=\"https:\/\/www.welovecycling.com\/wide\/2025\/09\/01\/vingegaard-and-visma-lease-a-bike-strike-a-blow-as-ayuso-backpedals-again\/\" class=\"image-holder\" target=\"_self\"><img decoding=\"async\" loading=\"lazy\" class=\"\" src=\"https:\/\/d2p6e6u75xmxt8.cloudfront.net\/2\/2025\/09\/Jonas-Vingegaard-La-Vuelta-profimedia-1032987154-CVR.webp\" srcset=\"https:\/\/d2p6e6u75xmxt8.cloudfront.net\/2\/2025\/09\/Jonas-Vingegaard-La-Vuelta-profimedia-1032987154-CVR.webp 990w, https:\/\/d2p6e6u75xmxt8.cloudfront.net\/2\/2025\/09\/Jonas-Vingegaard-La-Vuelta-profimedia-1032987154-CVR-300x200.webp 300w, https:\/\/d2p6e6u75xmxt8.cloudfront.net\/2\/2025\/09\/Jonas-Vingegaard-La-Vuelta-profimedia-1032987154-CVR-768x512.webp 768w, https:\/\/d2p6e6u75xmxt8.cloudfront.net\/2\/2025\/09\/Jonas-Vingegaard-La-Vuelta-profimedia-1032987154-CVR-400x267.webp 400w, https:\/\/d2p6e6u75xmxt8.cloudfront.net\/2\/2025\/09\/Jonas-Vingegaard-La-Vuelta-profimedia-1032987154-CVR-272x182.webp 272w\" width=\"990\" height=\"660\" sizes=\"auto, (min-width: 1200px) 300px, (min-width: 768px) 25vw, 100vw\" alt=\"vingegaard-and-visma-lease-a-bike-strike-a-blow-as-ayuso-backpedals-again\"\/><\/a><\/div>    <div class=\"entry-meta\">\n        <a class=\"label label-secondary post-category\" href=\"https:\/\/www.welovecycling.com\/wide\/category\/road-cycling\/\" title=\"Road cycling\">Road cycling<\/a>\n    <\/div>\n    <div class=\"entry-details\">\n        <a href=\"https:\/\/www.welovecycling.com\/wide\/2025\/09\/01\/vingegaard-and-visma-lease-a-bike-strike-a-blow-as-ayuso-backpedals-again\/\" class='entry-title-wrapper'>\n            <h3 class=\"entry-title\"><span>Vingegaard and Visma | Lease a Bike Strike a Blow as Ayuso Backpedals Again<\/span><\/h3>\n        <\/a>\n    <\/div>\n    <\/article>\n<\/div>\n<h2 style=\"font-weight: 400;\"><strong>Is Ayuso worth the bother?<\/strong><\/h2>\n<p style=\"font-weight: 400;\">That makes two Grand Tours that Ayuso has helped sabotage for his team \u2013 though UAE contributed to the chaos by not making a decision about who was the team leader in the Giro d\u2019Italia and by again choosing \u201cco-leaders\u201d for this Vuelta, a choice that suited no one, especially not the wayward Spaniard. The UAE\u2019s dithering in the Giro contributed to del Toro losing the race on the final stage to Simon Yates. Who knows what it will do to Almeida\u2019s chances now.<\/p>\n<p style=\"font-weight: 400;\">But one thing is clear: By announcing Ayuso\u2019s defection in the middle of the Vuelta, UAE only made the situation worse. The rumours would have faded away, as they always do, and the team might have had a tranquil race \u2013 though Ayuso has been a wild card throughout the first week of the race and certainly did himself no favours with his bitter rant on Tuesday. But he just couldn\u2019t control his anger and his feelings of injustice.<\/p>\n<p style=\"font-weight: 400;\">I have to wonder what his next team \u2013 whether it\u2019s Lidl-Trek or another big, moneyed squad \u2013 thinks of his behaviour. Will they perhaps fear that, if Ayuso can do this to the most successful team on the road, he could just as easily do it to them? Unless, of course, they despise UAE so much that they are rubbing their hands with glee over the knife Ayuso thrust into its back. Whoever signs him will inherit a problem. Ayuso sees himself as a team leader and will probably accept no other role.<\/p>\n<p style=\"font-weight: 400;\">He certainly gave no thought to his reputation, such as it was. Regardless of what he has said and will say in the future, he will always be seen by many in the sport as a selfish loner, eschewing the team for his own needs and goals. It isn\u2019t so much the breaking of the contract \u2013 that is now a trend and may eventually become a wave \u2013 but the way he did it, after clearly refusing to work for Almeida even though he, Ayuso, has said that he was not targeting the GC in the Vuelta.<\/p>\n<p style=\"font-weight: 400;\">I\u2019m fairly certain that his stunning performance on stage 7 was meant to show his future team, or prospective teams, that they are getting a top rider. And they are. Ayuso is a terrific climber and a very good time trial rider. What he isn\u2019t is a team player. And there\u2019s a chance that he may not be as good as he thinks he is. After all, Isaac del Toro proved to be the better rider in the Giro \u2013 though Ayuso was the team leader, until he wasn\u2019t. He is intelligent and articulate and clearly loves his dog, which he sometimes brings on the <a href=\"https:\/\/www.elcorreo.com\/deportes\/ciclismo\/itzulia-vuelta-pais-vasco\/divertida-imagen-juan-ayuso-junto-perro-podium-20240403110113-nt.html\">podium<\/a>. But he\u2019s only 22 and needs to grow up and realise that he is only harming himself.<\/p>\n<p style=\"font-weight: 400;\">He did ride for Almeida on stage 19, but only in the flat and only for 5 minutes, dropping away before the start of the final climb. I\u2019m certain he will go for another stage win, on his own, in the next few days. On that climb, Almeida was alone again, with no UAE domestique there to help him. They are probably saving their legs for the big mountains, but Jay Vine was up ahead winning the stage, his second win in this Vuelta and UAE\u2019s fourth. Yes, that was important for the team because it momentarily diverted the conversation from Ayuso. But Almeida is going for the big prize. Surely that\u2019s worth more than a single stage. But what do I know? (And, just to be up-to-date, Vingegaard recaptured the race leader\u2019s red jersey on the stage.)<\/p>\n<h2 style=\"font-weight: 400;\"><strong>Will contracts become meaningless?<\/strong><\/h2>\n<p style=\"font-weight: 400;\">More importantly, perhaps, is what effect the latest high-profile contract break \u2013 after Remco Evenepoel (Soudal Quick-Step) and Derek Gee\u2019s ongoing attempt to leave Israel\u2013 Premier Tech \u2013 will have on the future of, well, contracts. The UCI fine for breaking a contract before its expiration date is half the rider\u2019s annual salary. But the team that takes the rider from his contracted team always compensates that team for taking the rider. In other words, they buy the rider, just as the Liverpool football club bought Swedish striker Alexander Isak from Newcastle for \u00a3130 million. Red Bull\u2013BORA\u2013hansgrohe didn\u2019t pay Soudal nearly that amount for Evenepoel, but you can be sure that it took a big bite out of its piggybank.<\/p>\n<p style=\"font-weight: 400;\">What if this trend turns into a wave? One consequence will be that teams with small budgets won\u2019t be able to hold on to their top riders if big-budget teams come calling. And what will it do to the integrity of the professional contract? Because what&#8217;s a contract worth if it doesn\u2019t mean anything? I expect more riders to try to opt out of their contracts in the future, so perhaps it will simply become a part of the sport\u2019s business landscape, as banal as million-euro salaries.<\/p>\n","protected":false},"excerpt":{"rendered":"<p>Juan Ayuso finally got his wish as UAE Team Emirates\u2013XRG announced that they have agreed to part ways with the [&hellip;]<\/p>\n","protected":false},"author":99,"featured_media":198524,"comment_status":"closed","ping_status":"open","sticky":false,"template":"","format":"standard","meta":{"footnotes":""},"categories":[329],"tags":[8642,6699,479],"global-categories":[3366],"class_list":["post-201497","post","type-post","status-publish","format-standard","has-post-thumbnail","hentry","category-road-cycling","tag-2025-la-vuelta","tag-juan-ayuso","tag-la-vuelta","global-categories-cycling"],"yoast_head":"<!-- This site is optimized with the Yoast SEO Premium plugin v25.3 (Yoast SEO v25.9) - https:\/\/yoast.com\/wordpress\/plugins\/seo\/ -->\n<title>Opinion: Ayuso and UAE to Part Ways in Latest Contract Rupture: Start of a Wave? - \u0160koda We Love Cycling<\/title>\n<meta name=\"description\" content=\"Juan Ayuso finally got his wish as UAE Team Emirates\u2013XRG announced that they have agreed to part ways with the Spaniard after rumours of an imminent\" \/>\n<meta name=\"robots\" content=\"index, follow, max-snippet:-1, max-image-preview:large, max-video-preview:-1\" \/>\n<link rel=\"canonical\" href=\"https:\/\/www.welovecycling.com\/wide\/2025\/09\/03\/ayuso-and-uae-to-part-ways-in-latest-contract-rupture-start-of-a-wave\/\" \/>\n<meta property=\"og:locale\" content=\"en_US\" \/>\n<meta property=\"og:type\" content=\"article\" \/>\n<meta property=\"og:title\" content=\"Opinion: Ayuso and UAE to Part Ways in Latest Contract Rupture: Start of a Wave?\" \/>\n<meta property=\"og:description\" content=\"Juan Ayuso finally got his wish as UAE Team Emirates\u2013XRG announced that they have agreed to part ways with the Spaniard after rumours of an imminent\" \/>\n<meta property=\"og:url\" content=\"https:\/\/www.welovecycling.com\/wide\/2025\/09\/03\/ayuso-and-uae-to-part-ways-in-latest-contract-rupture-start-of-a-wave\/\" \/>\n<meta property=\"og:site_name\" content=\"\u0160koda We Love Cycling\" \/>\n<meta property=\"article:published_time\" content=\"2025-09-03T11:49:45+00:00\" \/>\n<meta property=\"article:modified_time\" content=\"2025-09-03T11:55:13+00:00\" \/>\n<meta property=\"og:image\" content=\"https:\/\/d2p6e6u75xmxt8.cloudfront.net\/2\/2025\/05\/Juan-Ayuso-profimedia-0996288869-CVR.webp\" \/>\n\t<meta property=\"og:image:width\" content=\"990\" \/>\n\t<meta property=\"og:image:height\" content=\"660\" \/>\n\t<meta property=\"og:image:type\" content=\"image\/webp\" \/>\n<meta name=\"author\" content=\"tereza\" \/>\n<meta name=\"twitter:card\" content=\"summary_large_image\" \/>\n<meta name=\"twitter:label1\" content=\"Written by\" \/>\n\t<meta name=\"twitter:data1\" content=\"Siegfried Mortkowitz\" \/>\n\t<meta name=\"twitter:label2\" content=\"Est. reading time\" \/>\n\t<meta name=\"twitter:data2\" content=\"2\" \/>\n<script type=\"application\/ld+json\" class=\"yoast-schema-graph\">{\"@context\":\"https:\/\/schema.org\",\"@graph\":[{\"@type\":\"WebPage\",\"@id\":\"https:\/\/www.welovecycling.com\/wide\/2025\/09\/03\/ayuso-and-uae-to-part-ways-in-latest-contract-rupture-start-of-a-wave\/\",\"url\":\"https:\/\/www.welovecycling.com\/wide\/2025\/09\/03\/ayuso-and-uae-to-part-ways-in-latest-contract-rupture-start-of-a-wave\/\",\"name\":\"Opinion: Ayuso and UAE to Part Ways in Latest Contract Rupture: Start of a Wave? - \u0160koda We Love Cycling\",\"isPartOf\":{\"@id\":\"https:\/\/www.welovecycling.com\/wide\/#website\"},\"primaryImageOfPage\":{\"@id\":\"https:\/\/www.welovecycling.com\/wide\/2025\/09\/03\/ayuso-and-uae-to-part-ways-in-latest-contract-rupture-start-of-a-wave\/#primaryimage\"},\"image\":{\"@id\":\"https:\/\/www.welovecycling.com\/wide\/2025\/09\/03\/ayuso-and-uae-to-part-ways-in-latest-contract-rupture-start-of-a-wave\/#primaryimage\"},\"thumbnailUrl\":\"https:\/\/d2p6e6u75xmxt8.cloudfront.net\/2\/2025\/05\/Juan-Ayuso-profimedia-0996288869-CVR.webp\",\"datePublished\":\"2025-09-03T11:49:45+00:00\",\"dateModified\":\"2025-09-03T11:55:13+00:00\",\"author\":{\"@id\":\"https:\/\/www.welovecycling.com\/wide\/#\/schema\/person\/50f01ecd18718d2333cf72e823c4f926\"},\"description\":\"Juan Ayuso finally got his wish as UAE Team Emirates\u2013XRG announced that they have agreed to part ways with the Spaniard after rumours of an imminent\",\"breadcrumb\":{\"@id\":\"https:\/\/www.welovecycling.com\/wide\/2025\/09\/03\/ayuso-and-uae-to-part-ways-in-latest-contract-rupture-start-of-a-wave\/#breadcrumb\"},\"inLanguage\":\"en-US\",\"potentialAction\":[{\"@type\":\"ReadAction\",\"target\":[\"https:\/\/www.welovecycling.com\/wide\/2025\/09\/03\/ayuso-and-uae-to-part-ways-in-latest-contract-rupture-start-of-a-wave\/\"]}]},{\"@type\":\"ImageObject\",\"inLanguage\":\"en-US\",\"@id\":\"https:\/\/www.welovecycling.com\/wide\/2025\/09\/03\/ayuso-and-uae-to-part-ways-in-latest-contract-rupture-start-of-a-wave\/#primaryimage\",\"url\":\"https:\/\/d2p6e6u75xmxt8.cloudfront.net\/2\/2025\/05\/Juan-Ayuso-profimedia-0996288869-CVR.webp\",\"contentUrl\":\"https:\/\/d2p6e6u75xmxt8.cloudfront.net\/2\/2025\/05\/Juan-Ayuso-profimedia-0996288869-CVR.webp\",\"width\":990,\"height\":660,\"caption\":\"Juan Ayuso\"},{\"@type\":\"BreadcrumbList\",\"@id\":\"https:\/\/www.welovecycling.com\/wide\/2025\/09\/03\/ayuso-and-uae-to-part-ways-in-latest-contract-rupture-start-of-a-wave\/#breadcrumb\",\"itemListElement\":[{\"@type\":\"ListItem\",\"position\":1,\"name\":\"Home\",\"item\":\"https:\/\/www.welovecycling.com\/wide\/\"},{\"@type\":\"ListItem\",\"position\":2,\"name\":\"Opinion: Ayuso and UAE to Part Ways in Latest Contract Rupture: Start of a Wave?\"}]},{\"@type\":\"WebSite\",\"@id\":\"https:\/\/www.welovecycling.com\/wide\/#website\",\"url\":\"https:\/\/www.welovecycling.com\/wide\/\",\"name\":\"\u0160koda We Love Cycling\",\"description\":\"\u0160koda We Love Cycling magazine\",\"alternateName\":\"\u0160koda WLC\",\"potentialAction\":[{\"@type\":\"SearchAction\",\"target\":{\"@type\":\"EntryPoint\",\"urlTemplate\":\"https:\/\/www.welovecycling.com\/wide\/?s={search_term_string}\"},\"query-input\":{\"@type\":\"PropertyValueSpecification\",\"valueRequired\":true,\"valueName\":\"search_term_string\"}}],\"inLanguage\":\"en-US\"},{\"@type\":\"Person\",\"@id\":\"https:\/\/www.welovecycling.com\/wide\/#\/schema\/person\/50f01ecd18718d2333cf72e823c4f926\",\"name\":\"tereza\",\"image\":{\"@type\":\"ImageObject\",\"inLanguage\":\"en-US\",\"@id\":\"https:\/\/www.welovecycling.com\/wide\/#\/schema\/person\/image\/\",\"url\":\"https:\/\/secure.gravatar.com\/avatar\/1f9eb71be33845f0afabce3791bc1c58ecdb0a25c62964987e5dbcf7a20d2ec7?s=96&d=mm&r=g\",\"contentUrl\":\"https:\/\/secure.gravatar.com\/avatar\/1f9eb71be33845f0afabce3791bc1c58ecdb0a25c62964987e5dbcf7a20d2ec7?s=96&d=mm&r=g\",\"caption\":\"tereza\"},\"url\":\"https:\/\/www.welovecycling.com\/wide\/author\/tereza\/\"}]}<\/script>\n<!-- \/ Yoast SEO Premium plugin. -->","yoast_head_json":{"title":"Opinion: Ayuso and UAE to Part Ways in Latest Contract Rupture: Start of a Wave? - \u0160koda We Love Cycling","description":"Juan Ayuso finally got his wish as UAE Team Emirates\u2013XRG announced that they have agreed to part ways with the Spaniard after rumours of an imminent","robots":{"index":"index","follow":"follow","max-snippet":"max-snippet:-1","max-image-preview":"max-image-preview:large","max-video-preview":"max-video-preview:-1"},"canonical":"https:\/\/www.welovecycling.com\/wide\/2025\/09\/03\/ayuso-and-uae-to-part-ways-in-latest-contract-rupture-start-of-a-wave\/","og_locale":"en_US","og_type":"article","og_title":"Opinion: Ayuso and UAE to Part Ways in Latest Contract Rupture: Start of a Wave?","og_description":"Juan Ayuso finally got his wish as UAE Team Emirates\u2013XRG announced that they have agreed to part ways with the Spaniard after rumours of an imminent","og_url":"https:\/\/www.welovecycling.com\/wide\/2025\/09\/03\/ayuso-and-uae-to-part-ways-in-latest-contract-rupture-start-of-a-wave\/","og_site_name":"\u0160koda We Love Cycling","article_published_time":"2025-09-03T11:49:45+00:00","article_modified_time":"2025-09-03T11:55:13+00:00","og_image":[{"width":990,"height":660,"url":"https:\/\/d2p6e6u75xmxt8.cloudfront.net\/2\/2025\/05\/Juan-Ayuso-profimedia-0996288869-CVR.webp","type":"image\/webp"}],"author":"tereza","twitter_card":"summary_large_image","twitter_misc":{"Written by":"Siegfried Mortkowitz","Est. reading time":"2"},"schema":{"@context":"https:\/\/schema.org","@graph":[{"@type":"WebPage","@id":"https:\/\/www.welovecycling.com\/wide\/2025\/09\/03\/ayuso-and-uae-to-part-ways-in-latest-contract-rupture-start-of-a-wave\/","url":"https:\/\/www.welovecycling.com\/wide\/2025\/09\/03\/ayuso-and-uae-to-part-ways-in-latest-contract-rupture-start-of-a-wave\/","name":"Opinion: Ayuso and UAE to Part Ways in Latest Contract Rupture: Start of a Wave? - \u0160koda We Love Cycling","isPartOf":{"@id":"https:\/\/www.welovecycling.com\/wide\/#website"},"primaryImageOfPage":{"@id":"https:\/\/www.welovecycling.com\/wide\/2025\/09\/03\/ayuso-and-uae-to-part-ways-in-latest-contract-rupture-start-of-a-wave\/#primaryimage"},"image":{"@id":"https:\/\/www.welovecycling.com\/wide\/2025\/09\/03\/ayuso-and-uae-to-part-ways-in-latest-contract-rupture-start-of-a-wave\/#primaryimage"},"thumbnailUrl":"https:\/\/d2p6e6u75xmxt8.cloudfront.net\/2\/2025\/05\/Juan-Ayuso-profimedia-0996288869-CVR.webp","datePublished":"2025-09-03T11:49:45+00:00","dateModified":"2025-09-03T11:55:13+00:00","author":{"@id":"https:\/\/www.welovecycling.com\/wide\/#\/schema\/person\/50f01ecd18718d2333cf72e823c4f926"},"description":"Juan Ayuso finally got his wish as UAE Team Emirates\u2013XRG announced that they have agreed to part ways with the Spaniard after rumours of an imminent","breadcrumb":{"@id":"https:\/\/www.welovecycling.com\/wide\/2025\/09\/03\/ayuso-and-uae-to-part-ways-in-latest-contract-rupture-start-of-a-wave\/#breadcrumb"},"inLanguage":"en-US","potentialAction":[{"@type":"ReadAction","target":["https:\/\/www.welovecycling.com\/wide\/2025\/09\/03\/ayuso-and-uae-to-part-ways-in-latest-contract-rupture-start-of-a-wave\/"]}]},{"@type":"ImageObject","inLanguage":"en-US","@id":"https:\/\/www.welovecycling.com\/wide\/2025\/09\/03\/ayuso-and-uae-to-part-ways-in-latest-contract-rupture-start-of-a-wave\/#primaryimage","url":"https:\/\/d2p6e6u75xmxt8.cloudfront.net\/2\/2025\/05\/Juan-Ayuso-profimedia-0996288869-CVR.webp","contentUrl":"https:\/\/d2p6e6u75xmxt8.cloudfront.net\/2\/2025\/05\/Juan-Ayuso-profimedia-0996288869-CVR.webp","width":990,"height":660,"caption":"Juan Ayuso"},{"@type":"BreadcrumbList","@id":"https:\/\/www.welovecycling.com\/wide\/2025\/09\/03\/ayuso-and-uae-to-part-ways-in-latest-contract-rupture-start-of-a-wave\/#breadcrumb","itemListElement":[{"@type":"ListItem","position":1,"name":"Home","item":"https:\/\/www.welovecycling.com\/wide\/"},{"@type":"ListItem","position":2,"name":"Opinion: Ayuso and UAE to Part Ways in Latest Contract Rupture: Start of a Wave?"}]},{"@type":"WebSite","@id":"https:\/\/www.welovecycling.com\/wide\/#website","url":"https:\/\/www.welovecycling.com\/wide\/","name":"\u0160koda We Love Cycling","description":"\u0160koda We Love Cycling magazine","alternateName":"\u0160koda WLC","potentialAction":[{"@type":"SearchAction","target":{"@type":"EntryPoint","urlTemplate":"https:\/\/www.welovecycling.com\/wide\/?s={search_term_string}"},"query-input":{"@type":"PropertyValueSpecification","valueRequired":true,"valueName":"search_term_string"}}],"inLanguage":"en-US"},{"@type":"Person","@id":"https:\/\/www.welovecycling.com\/wide\/#\/schema\/person\/50f01ecd18718d2333cf72e823c4f926","name":"tereza","image":{"@type":"ImageObject","inLanguage":"en-US","@id":"https:\/\/www.welovecycling.com\/wide\/#\/schema\/person\/image\/","url":"https:\/\/secure.gravatar.com\/avatar\/1f9eb71be33845f0afabce3791bc1c58ecdb0a25c62964987e5dbcf7a20d2ec7?s=96&d=mm&r=g","contentUrl":"https:\/\/secure.gravatar.com\/avatar\/1f9eb71be33845f0afabce3791bc1c58ecdb0a25c62964987e5dbcf7a20d2ec7?s=96&d=mm&r=g","caption":"tereza"},"url":"https:\/\/www.welovecycling.com\/wide\/author\/tereza\/"}]}},"_links":{"self":[{"href":"https:\/\/www.welovecycling.com\/wide\/wp-json\/wp\/v2\/posts\/201497","targetHints":{"allow":["GET"]}}],"collection":[{"href":"https:\/\/www.welovecycling.com\/wide\/wp-json\/wp\/v2\/posts"}],"about":[{"href":"https:\/\/www.welovecycling.com\/wide\/wp-json\/wp\/v2\/types\/post"}],"author":[{"embeddable":true,"href":"https:\/\/www.welovecycling.com\/wide\/wp-json\/wp\/v2\/users\/99"}],"replies":[{"embeddable":true,"href":"https:\/\/www.welovecycling.com\/wide\/wp-json\/wp\/v2\/comments?post=201497"}],"version-history":[{"count":2,"href":"https:\/\/www.welovecycling.com\/wide\/wp-json\/wp\/v2\/posts\/201497\/revisions"}],"predecessor-version":[{"id":201499,"href":"https:\/\/www.welovecycling.com\/wide\/wp-json\/wp\/v2\/posts\/201497\/revisions\/201499"}],"wp:featuredmedia":[{"embeddable":true,"href":"https:\/\/www.welovecycling.com\/wide\/wp-json\/wp\/v2\/media\/198524"}],"wp:attachment":[{"href":"https:\/\/www.welovecycling.com\/wide\/wp-json\/wp\/v2\/media?parent=201497"}],"wp:term":[{"taxonomy":"category","embeddable":true,"href":"https:\/\/www.welovecycling.com\/wide\/wp-json\/wp\/v2\/categories?post=201497"},{"taxonomy":"post_tag","embeddable":true,"href":"https:\/\/www.welovecycling.com\/wide\/wp-json\/wp\/v2\/tags?post=201497"},{"taxonomy":"global-categories","embeddable":true,"href":"https:\/\/www.welovecycling.com\/wide\/wp-json\/wp\/v2\/global-categories?post=201497"}],"curies":[{"name":"wp","href":"https:\/\/api.w.org\/{rel}","templated":true}]}}