{"id":200775,"date":"2025-08-29T15:02:39","date_gmt":"2025-08-29T15:02:39","guid":{"rendered":"https:\/\/www.welovecycling.com\/wide\/?p=200775"},"modified":"2025-08-29T15:02:54","modified_gmt":"2025-08-29T15:02:54","slug":"the-fans-guide-to-the-2025-mtb-world-championships-in-valais","status":"publish","type":"post","link":"https:\/\/www.welovecycling.com\/wide\/2025\/08\/29\/the-fans-guide-to-the-2025-mtb-world-championships-in-valais\/","title":{"rendered":"The Fan&#8217;s Guide to the 2025 MTB World Championships in Valais"},"content":{"rendered":"<p><strong>This year, the UCI Mountain Bike World Championships won&#8217;t hold any punches. For two weeks, the racing will jump from alpine glaciers to ancient castles, from high-speed downhill tracks to marathon routes that stretch across entire valleys. Eight destinations in Valais will host 27 world titles, and every single one is worth the trip.<\/strong><\/p>\n<p><!--more--><\/p>\n<p>The entire event will be an MTB extravaganza, and if you&#8217;re planning on becoming a part of this celebration of the sport, you should plan it more thoroughly. After all, Valais is not a small canton and getting from venue to venue requires some careful planning.<\/p>\n<p>So, let&#8217;s discuss fan strategy. Where to sleep, what to eat, what to visit, and how to behave near the tracks. This is your <a href=\"https:\/\/www.valais2025.ch\">2025 UCI MTB World Championship&#8217;s<\/a> fans&#8217; guide.<\/p>\n<h2><strong>Know your venues<\/strong><\/h2>\n<p>Eight venues in one championship means eight different reasons to show up early, pick your spot, and soak it all in. Each has its own style, terrain, and atmosphere, so chasing the races across Valais is like flicking through the best parts of an MTB bucket list.<\/p>\n<h2><strong>Start with Sion (30-31 August)<\/strong><\/h2>\n<p>The heart of the canton kicks things off with the Castle Ride BCVS, an urban downhill weaving past Tourbillon Castle and through the old town. It&#8217;s fast, tight, and right in the middle of a street festival. This is where you&#8217;ll find the music, the food stalls, and the &#8220;Ride to the Champs&#8221; Guinness World Record attempt (which will take place on September 6-7). Bring walking shoes and a camera.<\/p>\n<p>So, if you&#8217;re there for the race, there&#8217;s a great rock right before the switchback at the fortrace gates. There, you can see the most technical section, grab some astounding images when the riders fly off the main gate, and enjoy the scenery altogether.<\/p>\n<p>Still, it won&#8217;t be easy to get off there once the race starts, so you have to choose whether to enjoy the race or immerse in the atmosphere in the city below.<\/p>\n<h2><strong>Aletsch Arena \/ Bellwald \u2013 Enduro &amp; E-Enduro<\/strong><\/h2>\n<p>High alpine riding with big views and even bigger descents. Expect altitude legs here\u2014Peter van den Abeele, UCI Director of Sports, warns that &#8220;destinations like Verbier, Zermatt, and Aletsch bring significant altitude changes&#8221; and the weather can switch without notice. Spectators should plan their route in advance; some stages might require a cable car ride and a short hike.<\/p>\n<blockquote class=\"instagram-media\" style=\"background: #FFF; border: 0; border-radius: 3px; box-shadow: 0 0 1px 0 rgba(0,0,0,0.5),0 1px 10px 0 rgba(0,0,0,0.15); margin: 1px; max-width: 540px; min-width: 326px; padding: 0; width: calc(100% - 2px);\" data-instgrm-captioned=\"\" data-instgrm-permalink=\"https:\/\/www.instagram.com\/p\/DL5J7JoI79w\/?utm_source=ig_embed&amp;utm_campaign=loading\" data-instgrm-version=\"14\">\n<div style=\"padding: 16px;\">\n<p>&nbsp;<\/p>\n<div style=\"display: flex; flex-direction: row; align-items: center;\">\n<div style=\"background-color: #f4f4f4; border-radius: 50%; flex-grow: 0; height: 40px; margin-right: 14px; width: 40px;\"><\/div>\n<div style=\"display: flex; flex-direction: column; flex-grow: 1; justify-content: center;\">\n<div style=\"background-color: #f4f4f4; border-radius: 4px; flex-grow: 0; height: 14px; margin-bottom: 6px; width: 100px;\"><\/div>\n<div style=\"background-color: #f4f4f4; border-radius: 4px; flex-grow: 0; height: 14px; width: 60px;\"><\/div>\n<\/div>\n<\/div>\n<div style=\"padding: 19% 0;\"><\/div>\n<div style=\"display: block; height: 50px; margin: 0 auto 12px; width: 50px;\"><\/div>\n<div style=\"padding-top: 8px;\">\n<div style=\"color: #3897f0; font-family: Arial,sans-serif; font-size: 14px; font-style: normal; font-weight: 550; line-height: 18px;\">Zobrazit p\u0159\u00edsp\u011bvek na Instagramu<\/div>\n<\/div>\n<div style=\"padding: 12.5% 0;\"><\/div>\n<div style=\"display: flex; flex-direction: row; margin-bottom: 14px; align-items: center;\">\n<div>\n<div style=\"background-color: #f4f4f4; border-radius: 50%; height: 12.5px; width: 12.5px; transform: translateX(0px) translateY(7px);\"><\/div>\n<div style=\"background-color: #f4f4f4; height: 12.5px; transform: rotate(-45deg) translateX(3px) translateY(1px); width: 12.5px; flex-grow: 0; margin-right: 14px; margin-left: 2px;\"><\/div>\n<div style=\"background-color: #f4f4f4; border-radius: 50%; height: 12.5px; width: 12.5px; transform: translateX(9px) translateY(-18px);\"><\/div>\n<\/div>\n<div style=\"margin-left: 8px;\">\n<div style=\"background-color: #f4f4f4; border-radius: 50%; flex-grow: 0; height: 20px; width: 20px;\"><\/div>\n<div style=\"width: 0; height: 0; border-top: 2px solid transparent; border-left: 6px solid #f4f4f4; border-bottom: 2px solid transparent; transform: translateX(16px) translateY(-4px) rotate(30deg);\"><\/div>\n<\/div>\n<div style=\"margin-left: auto;\">\n<div style=\"width: 0px; border-top: 8px solid #F4F4F4; border-right: 8px solid transparent; transform: translateY(16px);\"><\/div>\n<div style=\"background-color: #f4f4f4; flex-grow: 0; height: 12px; width: 16px; transform: translateY(-4px);\"><\/div>\n<div style=\"width: 0; height: 0; border-top: 8px solid #F4F4F4; border-left: 8px solid transparent; transform: translateY(-4px) translateX(8px);\"><\/div>\n<\/div>\n<\/div>\n<div style=\"display: flex; flex-direction: column; flex-grow: 1; justify-content: center; margin-bottom: 24px;\">\n<div style=\"background-color: #f4f4f4; border-radius: 4px; flex-grow: 0; height: 14px; margin-bottom: 6px; width: 224px;\"><\/div>\n<div style=\"background-color: #f4f4f4; border-radius: 4px; flex-grow: 0; height: 14px; width: 144px;\"><\/div>\n<\/div>\n<p>&nbsp;<\/p>\n<p style=\"color: #c9c8cd; font-family: Arial,sans-serif; font-size: 14px; line-height: 17px; margin-bottom: 0; margin-top: 8px; overflow: hidden; padding: 8px 0 7px; text-align: center; text-overflow: ellipsis; white-space: nowrap;\"><a style=\"color: #c9c8cd; font-family: Arial,sans-serif; font-size: 14px; font-style: normal; font-weight: normal; line-height: 17px; text-decoration: none;\" href=\"https:\/\/www.instagram.com\/p\/DL5J7JoI79w\/?utm_source=ig_embed&amp;utm_campaign=loading\" target=\"_blank\" rel=\"noopener\">P\u0159\u00edsp\u011bvek sd\u00edlen\u00fd valais2025 (@valais2025)<\/a><\/p>\n<\/div>\n<\/blockquote>\n<h2><script async src=\"\/\/www.instagram.com\/embed.js\"><\/script><strong>Monthey \u2013 pump track<\/strong><\/h2>\n<p>A compact, high-energy format perfect for fans who want constant action without chasing riders across a mountain. Stand trackside and you&#8217;ll see elite pros and young talent back-to-back. Easy access from the town makes it one of the most family-friendly stops.<\/p>\n<h2><strong>Verbier to Grimentz \u2013 Cross-Country Marathon<\/strong><\/h2>\n<p>This is the Grand Raid BCVS, a point-to-point odyssey through the Alps. You can&#8217;t see it all unless you ride it yourself, but following along at key checkpoints is worth the effort. van den Abeele called it &#8220;a breathtaking journey through some of the most iconic landscapes in the Alps.&#8221; Translation: take a spare battery for your phone. You&#8217;ll be taking a lot of photos.<\/p>\n<h2><strong>Champ\u00e9ry \u2013 Downhill<\/strong><\/h2>\n<p>A steep, technical, and historic track that has challenged the world&#8217;s best riders for decades. &#8220;The downhill in Champ\u00e9ry is one of the most famous tracks in the world,&#8221; Peter van den Abeele said. Watching riders navigate its roots and drops at full speed will give you a whole new respect for bike handling.<\/p>\n<h2><strong>Zermatt \u2013 Cross-Country Short Track<\/strong><\/h2>\n<p>The Matterhorn backdrop will be all over Instagram, but the race itself will be just as photogenic. Short, explosive laps mean you&#8217;ll see the leaders fly past multiple times. Bring layers\u2014the weather up here can turn in minutes.<\/p>\n<h2><strong>Crans-Montana \u2013 Cross-Country Olympic<\/strong><\/h2>\n<p>The final days of racing will be staged in Crans-Montana, with the Cross-Country Olympic events for Elite, U23, Juniors, and the team relay. Large crowds are expected, so plan to arrive early if you want a good viewing spot. Also, make sure you book your stay in advance. There are not a lot of places to sleep there, so if you want a budget-friendly option, you might already be late.<\/p>\n<h2><strong>Getting around<\/strong><\/h2>\n<p>Covering eight venues in two weeks sounds easy until you remember that these aren&#8217;t city blocks. They&#8217;re valleys, passes, and alpine plateaus. You&#8217;ll see more cable cars than traffic lights, and while the Swiss transport system is famously reliable, you&#8217;ll still want a plan.<\/p>\n<p>Peter van den Abeele admitted that &#8220;the most complex challenge is the logistics of moving between eight different destinations,&#8221; especially when each has its own terrain and access. Fans will face the same reality, but with a little planning, you can make it part of the adventure.<\/p>\n<h2><strong>Practical tips for chasing the races<\/strong><\/h2>\n<p><strong>Buy a Swiss Half Fare Card<\/strong> \u2013 If you&#8217;re planning to attend multiple venues, the savings add up fast. It works for trains, buses, and most mountain lifts.<\/p>\n<p><strong>Book your rides in advance<\/strong> \u2013 The Swiss will be ready for the influx, but at peak times, trains can fill up. If you don&#8217;t have a reservation, you might be left on the platform waiting for the next one.<\/p>\n<p><strong>Check schedules and arrive early<\/strong> \u2013 A little patience gets you a better seat, or guarantees you one if you&#8217;ve reserved in advance.<\/p>\n<p><strong>Don&#8217;t panic over connections<\/strong> \u2013 If your train is late and you&#8217;re chasing a connection, the Swiss system is designed to hold departures for incoming passengers.<\/p>\n<p><strong>Plan for cable cars<\/strong> \u2013 Some venues, like Zermatt and Aletsch, are accessed mainly by lifts. Know the operating times so you don&#8217;t get stuck on the wrong side of a mountain after the podium ceremony.<\/p>\n<p><strong>Limit your reliance on buses<\/strong> \u2013 Traffic will be redirected in some areas due to the events, and buses may be slower than usual.<\/p>\n<p><strong>Hitchhiking is possible, but not guaranteed<\/strong> \u2013 You might get lucky, but don&#8217;t count on it as your primary transport option.<\/p>\n<p>If you&#8217;re smart about your route and build in time for the scenery, the travel between venues will feel like an extra part of the experience rather than a chore. As Peter van den Abeele put it, &#8220;We want fans to connect with the landscape, not just the race.&#8221;<\/p>\n<h2><strong>Be part of the action<\/strong><\/h2>\n<p>Valais 2025 isn&#8217;t a &#8220;stand behind the tape and clap when someone passes&#8221; kind of event. This is a championship that will hand you a bike, point you at the road, and dare you to get involved.<\/p>\n<p>The clearest invitation comes during the opening weekend in Sion with the &#8220;Ride to the Champs.&#8221; It&#8217;s a mass participation ride aiming to set a Guinness World Record for the longest single-file line of cyclists.. Imagine thousands of riders rolling through the capital of the canton, tyres humming on cobblestones, cowbells echoing between medieval walls, and the line ahead so long you can&#8217;t see where it started.<\/p>\n<p>Registration details and route maps are available through the Valais 2025 website, but the essentials are simple. Show up early, bring something with working brakes, and be ready to ride at a steady pace rather than full gas. Somewhere in the middle of it all, you&#8217;ll realise you&#8217;re part of a Guinness World Record attempt. And when that happens, you&#8217;ll forget whether you came to watch or to ride.<\/p>\n<p>The rest of the fortnight offers other chances to swap spectating for saddle time. Local clubs will lead group rides into the mountains. Demo zones will let you try the latest gear. Monthey&#8217;s pump track will be open to anyone with a bike and the nerve to use it between heats. In Verbier and Zermatt, you might find yourself riding in a sunset train of strangers who feel like teammates by the time you reach the end.<\/p>\n<p>Make time for at least one of these. You&#8217;ll leave with more than race-day memories. You&#8217;ll leave with your own tyre tracks in the same mountains as the world&#8217;s best.<\/p>\n<h2><strong>Eat, drink, repeat<\/strong><\/h2>\n<p>Eating in Switzerland can hit your wallet harder than a poorly judged gap jump. Restaurants in Valais are excellent, but they&#8217;re priced like the Alps themselves are part of the bill. A sit-down dinner for two will sail past 60 CHF before drinks, and that&#8217;s if you keep it modest.<\/p>\n<p>Start by never skipping your hotel breakfast. Treat it like the feed zone at a marathon \u2014 you don&#8217;t know when the next affordable bite is coming. For lunch and everyday meals, aim for the Coop Restaurant or Migros Restaurant. These self-service buffet setups are a gift to travelling fans, offering solid hot meals for around 25\u201335 CHF without drinks. You grab a tray, pick your portions, and eat like a local without feeling like you&#8217;ve just sponsored the Swiss national team.<\/p>\n<p>Then there&#8217;s the festival food, which is almost always excellent. The raclette is the headliner here. It&#8217;s molten cheese scraped onto potatoes or bread, served until you can&#8217;t eat another bite. The smell is\u2026 committed. Think of your grandfather&#8217;s wet feet after a day in leather hiking boots. But the taste? Like angel&#8217;s wings drifting straight onto your tongue. Once you try it, you&#8217;ll forgive the aroma instantly.<\/p>\n<h2><strong>Make the most of the culture<\/strong><\/h2>\n<p>And while we&#8217;re talking about raclettes, you should definitely immerse yourself in the local culture. Switzerland isn&#8217;t just postcard views and precision clocks. In Valais, the mountains aren&#8217;t a backdrop. They&#8217;re part of daily life. People here hike, ski, and ride with the same ease as others check the weather. The connection to nature runs deep, and it shows in everything from the food to the festivals.<\/p>\n<p>Sion&#8217;s opening weekend is where this really comes alive. As Peter van den Abeele put it, &#8220;The opening weekend in Sion is definitely a highlight, not just because it marks the start of the event but also because it celebrates everything that makes Valais special: its culture, people, and passion for cycling. There&#8217;ll be music, local food, and a real festive atmosphere in the heart of the canton.&#8221; That means live bands in the streets, market stalls selling cheese and cured meats you&#8217;ve never heard of, and enough local wine to make you forget you&#8217;re at altitude.<\/p>\n<p>If you&#8217;re from the flatter European countries, don&#8217;t throw yourself too hard on the local wines (though you will be tempted to). The next day, you will have to climb high in the mountains, and while at 2500m altitude sickness is usually an afterthought, if you&#8217;re hungover, you will understand how people feel on the Matterhorn after a speed climb.<\/p>\n<p>If you&#8217;ve got time between races, wander through Sion&#8217;s old town and up to Tourbillon Castle for a view across the valley. Stop by a mountain market for apricot jam or dried sausage. And if you hear the sound of an alphorn somewhere in the crowd, follow it. It&#8217;s worth seeing how such music can come out of something that looks like a three-metre-long drainpipe.<\/p>\n<h2><strong>Fan etiquette 101<\/strong><\/h2>\n<p>Mountain biking is best enjoyed up close, but being a good fan is part of keeping it that way. The riders are here to race, not dodge stray elbows, camera tripods, or overenthusiastic cowbell swings.<\/p>\n<p>First rule: respect the tape. It&#8217;s there for a reason. Lean over it for a photo, and you&#8217;re not just risking your camera, you&#8217;re risking the race. If you want a better shot, find a safe angle. There&#8217;s always another corner.<\/p>\n<p>Second: cheer smart. Shouting encouragement is great, but timing matters. Save it for when the rider can actually hear you, not when they&#8217;re focusing on threading a line through roots at 40 km\/h.<\/p>\n<p>Third: don&#8217;t block other spectators. Everyone wants a good view. If you&#8217;ve staked out the perfect spot early, fair enough. Just don&#8217;t sprawl across it like it&#8217;s your living room couch.<\/p>\n<p>And finally, remember you&#8217;re part of the scenery too. The World Championships are as much about the atmosphere as they are about the racing. Smile, ring your cowbell, share a beer with the stranger next to you, and keep the mood light. Valais will give you some of the best racing in the world \u2014 give it your best fandom in return.<\/p>\n<h2><strong>Eight venues. Two weeks. One chance to be there.<\/strong><\/h2>\n<p>The 2025 UCI Mountain Bike World Championships in Valais isn&#8217;t just another date on the race calendar. It&#8217;s eight world-class venues, thousands of vertical metres, and two weeks where the Swiss Alps turn into the biggest MTB playground on the planet. Whether you&#8217;re chasing every event or just dropping in for a few days, you&#8217;ll get racing that pushes the limits, landscapes that feel unreal, and a culture that makes you want to stay long after the podiums are packed away.<\/p>\n<p>Peter van den Abeele and his team have built something that\u2019s as ambitious as any line on the trail \u2014 the kind you commit to without hesitation and remember for the rest of your life. All that\u2019s left is for the riders to bring the speed, the fans to bring the noise, and you to bring yourself.<\/p>\n<p>So pack the cowbell, charge the camera, and make your way to Valais. The mountains are ready. The races are set. All that\u2019s missing is you on the sidelines.<\/p>\n","protected":false},"excerpt":{"rendered":"<p>This year, the UCI Mountain Bike World Championships won&#8217;t hold any punches. For two weeks, the racing will jump from [&hellip;]<\/p>\n","protected":false},"author":99,"featured_media":200778,"comment_status":"closed","ping_status":"open","sticky":false,"template":"","format":"standard","meta":{"footnotes":""},"categories":[328],"tags":[8656,397,8657,4764],"global-categories":[3366],"class_list":["post-200775","post","type-post","status-publish","format-standard","has-post-thumbnail","hentry","category-outdoor-mountain","tag-2025-mtb-world-championships","tag-mtb","tag-mtb-world-championships-guide","tag-peter-van-den-abeele","global-categories-cycling"],"yoast_head":"<!-- This site is optimized with the Yoast SEO Premium plugin v25.3 (Yoast SEO v25.9) - https:\/\/yoast.com\/wordpress\/plugins\/seo\/ -->\n<title>The Fan&#039;s Guide to the 2025 MTB World Championships in Valais - \u0160koda We Love Cycling<\/title>\n<meta name=\"description\" content=\"This year, the UCI Mountain Bike World Championships won&#039;t hold any punches. For two weeks, the racing will jump from alpine glaciers to ancient castles,\" \/>\n<meta name=\"robots\" content=\"index, follow, max-snippet:-1, max-image-preview:large, max-video-preview:-1\" \/>\n<link rel=\"canonical\" href=\"https:\/\/www.welovecycling.com\/wide\/2025\/08\/29\/the-fans-guide-to-the-2025-mtb-world-championships-in-valais\/\" \/>\n<meta property=\"og:locale\" content=\"en_US\" \/>\n<meta property=\"og:type\" content=\"article\" \/>\n<meta property=\"og:title\" content=\"The Fan&#039;s Guide to the 2025 MTB World Championships in Valais\" \/>\n<meta property=\"og:description\" content=\"This year, the UCI Mountain Bike World Championships won&#039;t hold any punches. For two weeks, the racing will jump from alpine glaciers to ancient castles,\" \/>\n<meta property=\"og:url\" content=\"https:\/\/www.welovecycling.com\/wide\/2025\/08\/29\/the-fans-guide-to-the-2025-mtb-world-championships-in-valais\/\" \/>\n<meta property=\"og:site_name\" content=\"\u0160koda We Love Cycling\" \/>\n<meta property=\"article:published_time\" content=\"2025-08-29T15:02:39+00:00\" \/>\n<meta property=\"article:modified_time\" content=\"2025-08-29T15:02:54+00:00\" \/>\n<meta property=\"og:image\" content=\"https:\/\/d2p6e6u75xmxt8.cloudfront.net\/2\/2025\/08\/Verbier-MTB-Switzerland-profimedia-1028782229-CVR.webp\" \/>\n\t<meta property=\"og:image:width\" content=\"990\" \/>\n\t<meta property=\"og:image:height\" content=\"660\" \/>\n\t<meta property=\"og:image:type\" content=\"image\/webp\" \/>\n<meta name=\"author\" content=\"tereza\" \/>\n<meta name=\"twitter:card\" content=\"summary_large_image\" \/>\n<meta name=\"twitter:label1\" content=\"Written by\" \/>\n\t<meta name=\"twitter:data1\" content=\"Martin Atanasov\" \/>\n\t<meta name=\"twitter:label2\" content=\"Est. reading time\" \/>\n\t<meta name=\"twitter:data2\" content=\"3\" \/>\n<script type=\"application\/ld+json\" class=\"yoast-schema-graph\">{\"@context\":\"https:\/\/schema.org\",\"@graph\":[{\"@type\":\"WebPage\",\"@id\":\"https:\/\/www.welovecycling.com\/wide\/2025\/08\/29\/the-fans-guide-to-the-2025-mtb-world-championships-in-valais\/\",\"url\":\"https:\/\/www.welovecycling.com\/wide\/2025\/08\/29\/the-fans-guide-to-the-2025-mtb-world-championships-in-valais\/\",\"name\":\"The Fan's Guide to the 2025 MTB World Championships in Valais - \u0160koda We Love Cycling\",\"isPartOf\":{\"@id\":\"https:\/\/www.welovecycling.com\/wide\/#website\"},\"primaryImageOfPage\":{\"@id\":\"https:\/\/www.welovecycling.com\/wide\/2025\/08\/29\/the-fans-guide-to-the-2025-mtb-world-championships-in-valais\/#primaryimage\"},\"image\":{\"@id\":\"https:\/\/www.welovecycling.com\/wide\/2025\/08\/29\/the-fans-guide-to-the-2025-mtb-world-championships-in-valais\/#primaryimage\"},\"thumbnailUrl\":\"https:\/\/d2p6e6u75xmxt8.cloudfront.net\/2\/2025\/08\/Verbier-MTB-Switzerland-profimedia-1028782229-CVR.webp\",\"datePublished\":\"2025-08-29T15:02:39+00:00\",\"dateModified\":\"2025-08-29T15:02:54+00:00\",\"author\":{\"@id\":\"https:\/\/www.welovecycling.com\/wide\/#\/schema\/person\/50f01ecd18718d2333cf72e823c4f926\"},\"description\":\"This year, the UCI Mountain Bike World Championships won't hold any punches. For two weeks, the racing will jump from alpine glaciers to ancient castles,\",\"breadcrumb\":{\"@id\":\"https:\/\/www.welovecycling.com\/wide\/2025\/08\/29\/the-fans-guide-to-the-2025-mtb-world-championships-in-valais\/#breadcrumb\"},\"inLanguage\":\"en-US\",\"potentialAction\":[{\"@type\":\"ReadAction\",\"target\":[\"https:\/\/www.welovecycling.com\/wide\/2025\/08\/29\/the-fans-guide-to-the-2025-mtb-world-championships-in-valais\/\"]}]},{\"@type\":\"ImageObject\",\"inLanguage\":\"en-US\",\"@id\":\"https:\/\/www.welovecycling.com\/wide\/2025\/08\/29\/the-fans-guide-to-the-2025-mtb-world-championships-in-valais\/#primaryimage\",\"url\":\"https:\/\/d2p6e6u75xmxt8.cloudfront.net\/2\/2025\/08\/Verbier-MTB-Switzerland-profimedia-1028782229-CVR.webp\",\"contentUrl\":\"https:\/\/d2p6e6u75xmxt8.cloudfront.net\/2\/2025\/08\/Verbier-MTB-Switzerland-profimedia-1028782229-CVR.webp\",\"width\":990,\"height\":660,\"caption\":\"Verbier\"},{\"@type\":\"BreadcrumbList\",\"@id\":\"https:\/\/www.welovecycling.com\/wide\/2025\/08\/29\/the-fans-guide-to-the-2025-mtb-world-championships-in-valais\/#breadcrumb\",\"itemListElement\":[{\"@type\":\"ListItem\",\"position\":1,\"name\":\"Home\",\"item\":\"https:\/\/www.welovecycling.com\/wide\/\"},{\"@type\":\"ListItem\",\"position\":2,\"name\":\"The Fan&#8217;s Guide to the 2025 MTB World Championships in Valais\"}]},{\"@type\":\"WebSite\",\"@id\":\"https:\/\/www.welovecycling.com\/wide\/#website\",\"url\":\"https:\/\/www.welovecycling.com\/wide\/\",\"name\":\"\u0160koda We Love Cycling\",\"description\":\"\u0160koda We Love Cycling magazine\",\"alternateName\":\"\u0160koda WLC\",\"potentialAction\":[{\"@type\":\"SearchAction\",\"target\":{\"@type\":\"EntryPoint\",\"urlTemplate\":\"https:\/\/www.welovecycling.com\/wide\/?s={search_term_string}\"},\"query-input\":{\"@type\":\"PropertyValueSpecification\",\"valueRequired\":true,\"valueName\":\"search_term_string\"}}],\"inLanguage\":\"en-US\"},{\"@type\":\"Person\",\"@id\":\"https:\/\/www.welovecycling.com\/wide\/#\/schema\/person\/50f01ecd18718d2333cf72e823c4f926\",\"name\":\"tereza\",\"image\":{\"@type\":\"ImageObject\",\"inLanguage\":\"en-US\",\"@id\":\"https:\/\/www.welovecycling.com\/wide\/#\/schema\/person\/image\/\",\"url\":\"https:\/\/secure.gravatar.com\/avatar\/1f9eb71be33845f0afabce3791bc1c58ecdb0a25c62964987e5dbcf7a20d2ec7?s=96&d=mm&r=g\",\"contentUrl\":\"https:\/\/secure.gravatar.com\/avatar\/1f9eb71be33845f0afabce3791bc1c58ecdb0a25c62964987e5dbcf7a20d2ec7?s=96&d=mm&r=g\",\"caption\":\"tereza\"},\"url\":\"https:\/\/www.welovecycling.com\/wide\/author\/tereza\/\"}]}<\/script>\n<!-- \/ Yoast SEO Premium plugin. -->","yoast_head_json":{"title":"The Fan's Guide to the 2025 MTB World Championships in Valais - \u0160koda We Love Cycling","description":"This year, the UCI Mountain Bike World Championships won't hold any punches. For two weeks, the racing will jump from alpine glaciers to ancient castles,","robots":{"index":"index","follow":"follow","max-snippet":"max-snippet:-1","max-image-preview":"max-image-preview:large","max-video-preview":"max-video-preview:-1"},"canonical":"https:\/\/www.welovecycling.com\/wide\/2025\/08\/29\/the-fans-guide-to-the-2025-mtb-world-championships-in-valais\/","og_locale":"en_US","og_type":"article","og_title":"The Fan's Guide to the 2025 MTB World Championships in Valais","og_description":"This year, the UCI Mountain Bike World Championships won't hold any punches. For two weeks, the racing will jump from alpine glaciers to ancient castles,","og_url":"https:\/\/www.welovecycling.com\/wide\/2025\/08\/29\/the-fans-guide-to-the-2025-mtb-world-championships-in-valais\/","og_site_name":"\u0160koda We Love Cycling","article_published_time":"2025-08-29T15:02:39+00:00","article_modified_time":"2025-08-29T15:02:54+00:00","og_image":[{"width":990,"height":660,"url":"https:\/\/d2p6e6u75xmxt8.cloudfront.net\/2\/2025\/08\/Verbier-MTB-Switzerland-profimedia-1028782229-CVR.webp","type":"image\/webp"}],"author":"tereza","twitter_card":"summary_large_image","twitter_misc":{"Written by":"Martin Atanasov","Est. reading time":"3"},"schema":{"@context":"https:\/\/schema.org","@graph":[{"@type":"WebPage","@id":"https:\/\/www.welovecycling.com\/wide\/2025\/08\/29\/the-fans-guide-to-the-2025-mtb-world-championships-in-valais\/","url":"https:\/\/www.welovecycling.com\/wide\/2025\/08\/29\/the-fans-guide-to-the-2025-mtb-world-championships-in-valais\/","name":"The Fan's Guide to the 2025 MTB World Championships in Valais - \u0160koda We Love Cycling","isPartOf":{"@id":"https:\/\/www.welovecycling.com\/wide\/#website"},"primaryImageOfPage":{"@id":"https:\/\/www.welovecycling.com\/wide\/2025\/08\/29\/the-fans-guide-to-the-2025-mtb-world-championships-in-valais\/#primaryimage"},"image":{"@id":"https:\/\/www.welovecycling.com\/wide\/2025\/08\/29\/the-fans-guide-to-the-2025-mtb-world-championships-in-valais\/#primaryimage"},"thumbnailUrl":"https:\/\/d2p6e6u75xmxt8.cloudfront.net\/2\/2025\/08\/Verbier-MTB-Switzerland-profimedia-1028782229-CVR.webp","datePublished":"2025-08-29T15:02:39+00:00","dateModified":"2025-08-29T15:02:54+00:00","author":{"@id":"https:\/\/www.welovecycling.com\/wide\/#\/schema\/person\/50f01ecd18718d2333cf72e823c4f926"},"description":"This year, the UCI Mountain Bike World Championships won't hold any punches. For two weeks, the racing will jump from alpine glaciers to ancient castles,","breadcrumb":{"@id":"https:\/\/www.welovecycling.com\/wide\/2025\/08\/29\/the-fans-guide-to-the-2025-mtb-world-championships-in-valais\/#breadcrumb"},"inLanguage":"en-US","potentialAction":[{"@type":"ReadAction","target":["https:\/\/www.welovecycling.com\/wide\/2025\/08\/29\/the-fans-guide-to-the-2025-mtb-world-championships-in-valais\/"]}]},{"@type":"ImageObject","inLanguage":"en-US","@id":"https:\/\/www.welovecycling.com\/wide\/2025\/08\/29\/the-fans-guide-to-the-2025-mtb-world-championships-in-valais\/#primaryimage","url":"https:\/\/d2p6e6u75xmxt8.cloudfront.net\/2\/2025\/08\/Verbier-MTB-Switzerland-profimedia-1028782229-CVR.webp","contentUrl":"https:\/\/d2p6e6u75xmxt8.cloudfront.net\/2\/2025\/08\/Verbier-MTB-Switzerland-profimedia-1028782229-CVR.webp","width":990,"height":660,"caption":"Verbier"},{"@type":"BreadcrumbList","@id":"https:\/\/www.welovecycling.com\/wide\/2025\/08\/29\/the-fans-guide-to-the-2025-mtb-world-championships-in-valais\/#breadcrumb","itemListElement":[{"@type":"ListItem","position":1,"name":"Home","item":"https:\/\/www.welovecycling.com\/wide\/"},{"@type":"ListItem","position":2,"name":"The Fan&#8217;s Guide to the 2025 MTB World Championships in Valais"}]},{"@type":"WebSite","@id":"https:\/\/www.welovecycling.com\/wide\/#website","url":"https:\/\/www.welovecycling.com\/wide\/","name":"\u0160koda We Love Cycling","description":"\u0160koda We Love Cycling magazine","alternateName":"\u0160koda WLC","potentialAction":[{"@type":"SearchAction","target":{"@type":"EntryPoint","urlTemplate":"https:\/\/www.welovecycling.com\/wide\/?s={search_term_string}"},"query-input":{"@type":"PropertyValueSpecification","valueRequired":true,"valueName":"search_term_string"}}],"inLanguage":"en-US"},{"@type":"Person","@id":"https:\/\/www.welovecycling.com\/wide\/#\/schema\/person\/50f01ecd18718d2333cf72e823c4f926","name":"tereza","image":{"@type":"ImageObject","inLanguage":"en-US","@id":"https:\/\/www.welovecycling.com\/wide\/#\/schema\/person\/image\/","url":"https:\/\/secure.gravatar.com\/avatar\/1f9eb71be33845f0afabce3791bc1c58ecdb0a25c62964987e5dbcf7a20d2ec7?s=96&d=mm&r=g","contentUrl":"https:\/\/secure.gravatar.com\/avatar\/1f9eb71be33845f0afabce3791bc1c58ecdb0a25c62964987e5dbcf7a20d2ec7?s=96&d=mm&r=g","caption":"tereza"},"url":"https:\/\/www.welovecycling.com\/wide\/author\/tereza\/"}]}},"_links":{"self":[{"href":"https:\/\/www.welovecycling.com\/wide\/wp-json\/wp\/v2\/posts\/200775","targetHints":{"allow":["GET"]}}],"collection":[{"href":"https:\/\/www.welovecycling.com\/wide\/wp-json\/wp\/v2\/posts"}],"about":[{"href":"https:\/\/www.welovecycling.com\/wide\/wp-json\/wp\/v2\/types\/post"}],"author":[{"embeddable":true,"href":"https:\/\/www.welovecycling.com\/wide\/wp-json\/wp\/v2\/users\/99"}],"replies":[{"embeddable":true,"href":"https:\/\/www.welovecycling.com\/wide\/wp-json\/wp\/v2\/comments?post=200775"}],"version-history":[{"count":1,"href":"https:\/\/www.welovecycling.com\/wide\/wp-json\/wp\/v2\/posts\/200775\/revisions"}],"predecessor-version":[{"id":200779,"href":"https:\/\/www.welovecycling.com\/wide\/wp-json\/wp\/v2\/posts\/200775\/revisions\/200779"}],"wp:featuredmedia":[{"embeddable":true,"href":"https:\/\/www.welovecycling.com\/wide\/wp-json\/wp\/v2\/media\/200778"}],"wp:attachment":[{"href":"https:\/\/www.welovecycling.com\/wide\/wp-json\/wp\/v2\/media?parent=200775"}],"wp:term":[{"taxonomy":"category","embeddable":true,"href":"https:\/\/www.welovecycling.com\/wide\/wp-json\/wp\/v2\/categories?post=200775"},{"taxonomy":"post_tag","embeddable":true,"href":"https:\/\/www.welovecycling.com\/wide\/wp-json\/wp\/v2\/tags?post=200775"},{"taxonomy":"global-categories","embeddable":true,"href":"https:\/\/www.welovecycling.com\/wide\/wp-json\/wp\/v2\/global-categories?post=200775"}],"curies":[{"name":"wp","href":"https:\/\/api.w.org\/{rel}","templated":true}]}}