{"id":200770,"date":"2025-08-29T13:07:04","date_gmt":"2025-08-29T13:07:04","guid":{"rendered":"https:\/\/www.welovecycling.com\/wide\/?p=200770"},"modified":"2025-08-29T13:07:04","modified_gmt":"2025-08-29T13:07:04","slug":"week-of-surprises-at-la-vuelta-ends-with-a-norwegian-in-red-and-the-gc-war-just-getting-started","status":"publish","type":"post","link":"https:\/\/www.welovecycling.com\/wide\/2025\/08\/29\/week-of-surprises-at-la-vuelta-ends-with-a-norwegian-in-red-and-the-gc-war-just-getting-started\/","title":{"rendered":"Week of Surprises at La Vuelta Ends with a Norwegian in Red and the GC War Just Getting Started"},"content":{"rendered":"<p><strong>It\u2019s been an exciting and, above all, surprising week in the Vuelta Ciclista a Espa\u00f1a, with astonishing upsets, the race leader\u2019s red jersey changing hands like seats in a game of Musical Chairs, a rare team time trial and new leaders in the GC and points classification.<\/strong><\/p>\n<p><!--more--><\/p>\n<p>The latest red jersey change (and surprise) occurred after Thursday\u2019s stage 6, the first difficult (but not super hard) mountain stage, with 3,600 meters of climbing over its 170.3 km from Olot to Pal. Andorra and ending with the second of 10 summit finishes, atop the Alto de Pal (9.6 km @ 6.5%). Race favourite Jonas Vingegaard (Visma\u2013Lease a Bike) wore the red jersey for the third stage in the race but wasn\u2019t intent on keeping it, as his team let a 10-rider breakaway take a lead of 6:30.<\/p>\n<h2><strong>Vine\u2019s solo victory and a new leader<\/strong><\/h2>\n<p>The breakaway\u2019s lead shrank to 4 minutes on the penultimate categorised climb, the Alto de la Comella (4.2 km @ 8%). Jay Vine (UAE Team Emirates\u2013XRG) launched a solo breakaway from the breakaway on the wet descent and then rode a 20 km solo to win the third Vuelta (and Grand Tour) stage of his career. The Aussie lives in Andorra, near the foot of that climb, and was welcomed at the finish by his wife and infant son.<\/p>\n<p>\u201cI decided to go at the top [of the climb] and\u2026 I know the descent really well, and I thought, \u2018OK, this is my chance to get away, and then there\u2019s no funny business. It\u2019s just <em>mano y mano<\/em>\u2019,\u201d Vine said after the stage. \u201cThe Vuelta wasn\u2019t on my schedule originally, so to be able to win in Andorra in front of my son and wife is unbelievable and incredibly motivating. That last 5 km, all I could think of was \u2018This is for you, Harrison, this is for you\u2019.\u201d<\/p>\n<p>The surprising Norwegian Torstein Tr\u00e6en (Bahrain-Victorious) finished second, 54 seconds behind Vine but 3:25 ahead of Vingegaard, and will wear the red jersey on Friday. It is the first Grand Tour stage podium finish for the 30-year-old Norwegian and the first time he has led a Grand Tour in his career. This represents more than just a sporting success, for Tr\u00e6en was diagnosed with cancer in May 2022. He had surgery and was declared cancer-free two months later. Two years later, in June 2024, he won his first World Tour race, a stage in the Tour de Suisse. Now he has taken an even bigger step in his career, leading the GC in the Vuelta.<\/p>\n<p>He leads Bruno Armirail (Decathlon AG2R La Mondiale) by 31 seconds, with Lorenzo Fortunato in third, at 1:01. Vingegaard now sits fifth, 2:33 adrift and 8 seconds ahead of his main rival, Vine\u2019s Portuguese UAE teammate, Jo\u00e3o Almeida.<\/p>\n<blockquote class=\"instagram-media\" style=\"background: #FFF; border: 0; border-radius: 3px; box-shadow: 0 0 1px 0 rgba(0,0,0,0.5),0 1px 10px 0 rgba(0,0,0,0.15); margin: 1px; max-width: 540px; min-width: 326px; padding: 0; width: calc(100% - 2px);\" data-instgrm-captioned=\"\" data-instgrm-permalink=\"https:\/\/www.instagram.com\/p\/DN6D8NQiEYa\/?utm_source=ig_embed&amp;utm_campaign=loading\" data-instgrm-version=\"14\">\n<div style=\"padding: 16px;\">\n<p>&nbsp;<\/p>\n<div style=\"display: flex; flex-direction: row; align-items: center;\">\n<div style=\"background-color: #f4f4f4; border-radius: 50%; flex-grow: 0; height: 40px; margin-right: 14px; width: 40px;\"><\/div>\n<div style=\"display: flex; flex-direction: column; flex-grow: 1; justify-content: center;\">\n<div style=\"background-color: #f4f4f4; border-radius: 4px; flex-grow: 0; height: 14px; margin-bottom: 6px; width: 100px;\"><\/div>\n<div style=\"background-color: #f4f4f4; border-radius: 4px; flex-grow: 0; height: 14px; width: 60px;\"><\/div>\n<\/div>\n<\/div>\n<div style=\"padding: 19% 0;\"><\/div>\n<div style=\"display: block; height: 50px; margin: 0 auto 12px; width: 50px;\"><\/div>\n<div style=\"padding-top: 8px;\">\n<div style=\"color: #3897f0; font-family: Arial,sans-serif; font-size: 14px; font-style: normal; font-weight: 550; line-height: 18px;\">View this post on Instagram<\/div>\n<\/div>\n<div style=\"padding: 12.5% 0;\"><\/div>\n<div style=\"display: flex; flex-direction: row; margin-bottom: 14px; align-items: center;\">\n<div>\n<div style=\"background-color: #f4f4f4; border-radius: 50%; height: 12.5px; width: 12.5px; transform: translateX(0px) translateY(7px);\"><\/div>\n<div style=\"background-color: #f4f4f4; height: 12.5px; transform: rotate(-45deg) translateX(3px) translateY(1px); width: 12.5px; flex-grow: 0; margin-right: 14px; margin-left: 2px;\"><\/div>\n<div style=\"background-color: #f4f4f4; border-radius: 50%; height: 12.5px; width: 12.5px; transform: translateX(9px) translateY(-18px);\"><\/div>\n<\/div>\n<div style=\"margin-left: 8px;\">\n<div style=\"background-color: #f4f4f4; border-radius: 50%; flex-grow: 0; height: 20px; width: 20px;\"><\/div>\n<div style=\"width: 0; height: 0; border-top: 2px solid transparent; border-left: 6px solid #f4f4f4; border-bottom: 2px solid transparent; transform: translateX(16px) translateY(-4px) rotate(30deg);\"><\/div>\n<\/div>\n<div style=\"margin-left: auto;\">\n<div style=\"width: 0px; border-top: 8px solid #F4F4F4; border-right: 8px solid transparent; transform: translateY(16px);\"><\/div>\n<div style=\"background-color: #f4f4f4; flex-grow: 0; height: 12px; width: 16px; transform: translateY(-4px);\"><\/div>\n<div style=\"width: 0; height: 0; border-top: 8px solid #F4F4F4; border-left: 8px solid transparent; transform: translateY(-4px) translateX(8px);\"><\/div>\n<\/div>\n<\/div>\n<div style=\"display: flex; flex-direction: column; flex-grow: 1; justify-content: center; margin-bottom: 24px;\">\n<div style=\"background-color: #f4f4f4; border-radius: 4px; flex-grow: 0; height: 14px; margin-bottom: 6px; width: 224px;\"><\/div>\n<div style=\"background-color: #f4f4f4; border-radius: 4px; flex-grow: 0; height: 14px; width: 144px;\"><\/div>\n<\/div>\n<p>&nbsp;<\/p>\n<p style=\"color: #c9c8cd; font-family: Arial,sans-serif; font-size: 14px; line-height: 17px; margin-bottom: 0; margin-top: 8px; overflow: hidden; padding: 8px 0 7px; text-align: center; text-overflow: ellipsis; white-space: nowrap;\"><a style=\"color: #c9c8cd; font-family: Arial,sans-serif; font-size: 14px; font-style: normal; font-weight: normal; line-height: 17px; text-decoration: none;\" href=\"https:\/\/www.instagram.com\/p\/DN6D8NQiEYa\/?utm_source=ig_embed&amp;utm_campaign=loading\" target=\"_blank\" rel=\"noopener\">A post shared by La Vuelta (@lavuelta)<\/a><\/p>\n<\/div>\n<\/blockquote>\n<h2><script async src=\"\/\/www.instagram.com\/embed.js\"><\/script><strong>Ayuso falters, Almeida leads UAE<\/strong><\/h2>\n<p>Another major result of this stage is that the question about who the UAE leader is has been settled. Almeida and Juan Ayuso had been named co-leaders for the race, but the Spaniard was dropped about 6 km from the finish line and finished 52nd,\u00a0 11:51 behind the winner. He now sits 43rd, at 10:13. The upside for Ayuso is that with such a gap, he will be allowed by the GC contenders to ride in breakaways and go for stage wins, form permitting.<\/p>\n<p>The Spaniard said after the stage that, contrary to what most people believed, he was not targeting the GC and had not regarded himself as a co-leader. \u201cI&#8217;ve been saying it since the start, and even before, my aim was not to go for the overall,\u201d he said. \u201cThe team asked me to test myself to see if I got better [during the race]. So out of respect, I tried it, and as I wasn&#8217;t feeling good, I dropped back.\u201d<\/p>\n<p>Friday\u2019s stage 7 will be a more difficult trial for the GC contenders, with four hard categorised climbs and another mountaintop finish at Cerler (12.1 km @ 5.8 km). But it\u2019s doubtful that it will be decisive in the GC race as the mighty Angliru, which has gradients up to 23.5%, waits at the end of stage 13.<\/p>\n<h2><strong>Pedersen in green &amp; Gaudu\u2019s moments<\/strong><\/h2>\n<p>The green jersey switched hands on Tuesday\u2019s stage 4, with Lidl-Trek\u2019s Mads Pedersen taking enough bonus points on the intermediate sprints to pass Jasper Philipsen (Alpecin-Deceuninck), and lead the competition by a scant 2 points over Ethan Vernon (Israel\u2013Premier Tech) with Philipsen a point farther back. Philipsen was beaten in the bunch sprint by Ben Turner (INEOS Grenadiers), who won his first Grand Tour stage after being summoned to the Vuelta while riding in the Renewi Tour. In the sprint, it appeared that Philipsen was blocked by his lead-out rider, Edward Planckaert, but he had a different explanation.<\/p>\n<p>\u201cI wanted to pass on the left, but Edward [Planckaert] couldn&#8217;t hear me because of the spectators, and it was still quite far,\u201d Philipsen said. \u201cI lost a bit of speed and momentum. But I also didn&#8217;t have the best legs.\u201d<\/p>\n<p>With only one bunch sprint remaining, on the final stage, it\u2019s possible that the green jersey will be won by a GC contender. At the moment, Vingegaard is fifth, just 8 points behind the leader.<\/p>\n<p>The other notable event of stage 4 was that David Gaudu (Groupama-FDJ) took the red jersey from <a href=\"https:\/\/www.welovecycling.com\/wide\/2025\/08\/25\/vingegaard-ends-grand-tour-victory-drought-with-hard-earned-win-on-vuelta-stage-2\/\" target=\"_blank\" rel=\"noopener\">Vingegaard.<\/a> They ended the stage on the same time, but the Frenchman finished 25th and Vingegaard finished 42nd, which overturned a stage placements advantage the Dane had. That he took the race lead in France just sweetened the success, Gaudu said. \u201cWhen I was on the podium, it was incredible, with the French fans. It\u2019s just incredible and one of the best moments of my career.\u201d<\/p>\n<p>Gaudu had another big moment 24 hours earlier, when he engineered one of the biggest upsets of the year on Monday\u2019s stage 3. He dived to the inside on the final sharp corner of the stage, 75 meters from the finish. The move took him past Vingegaard and stage favourite Pedersen, who he beat to the line to register his first Grand Tour stage win since 2020, when he won two Vuelta stages. That left him tied in the GC standings with Vingegaard, who was then ranked first because of his placement advantage. But only for a day.<\/p>\n<h4><strong>Results of Stage 6 of the 2025 Vuelta Ciclista a Espa\u00f1a<\/strong><\/h4>\n<ol>\n<li>Jay Vine, UAE Team Emirates\u2013XRG \u00a0\u00a0\u00a0\u00a0\u00a04:12:36<\/li>\n<li>Torstein Tr\u00e6en, Bahrain-Victorious + 0:54<\/li>\n<li>Lorenzo Fortunato, XDS Astana +1:10<\/li>\n<li>Bruno Armirail, Decathlon AG2R La Mondiale +1:15<\/li>\n<li>Pablo Castrillo, Movistar +1:52<\/li>\n<li>James Shaw, EF Education\u2013EasyPost +2:05<\/li>\n<li>Louis Vervaeke, Soudal Quick-Step +2:15<\/li>\n<li>Ramses Debruyne, Alpecin-Deceuninck +2:19<\/li>\n<li>Archie Ryan, EF Education\u2013EasyPost +2:42<\/li>\n<li>Jo\u00e3o Almeida, EF Education\u2013EasyPost +4:19<\/li>\n<\/ol>\n<h4><strong>General Classification after Stage 6 of the Vuelta Ciclista a Espa\u00f1a <\/strong><\/h4>\n<ol>\n<li>Torstein Tr\u00e6en, Bahrain-Victorious 20:25:46<\/li>\n<li>Bruno Armirail, Decathlon AG2R La Mondiale + 0:31<\/li>\n<li>Lorenzo Fortunato, XDS Astana +1:01<\/li>\n<li>Louis Vervaeke, Soudal Quick-Step +1:58<\/li>\n<li>Jonas Vingegaard, Visma\u2013Lease a Bike +2:33<\/li>\n<li>Jo\u00e3o Almeida, UAE Team Emirates\u2013XRG +2:41<\/li>\n<li>Giulio Ciccone, Lidl-Trek +2:42<\/li>\n<li>Matteo Jorgenson, Visma\u2013Lease a Bike +2:49<\/li>\n<li>Jai Hindley, Red Bull\u2013BORA\u2013hansgrohe +2:53<\/li>\n<li>Giulio Pellizzari, Red Bull\u2013BORA\u2013hansgrohe \u201c<\/li>\n<\/ol>\n<h4><strong>Vuelta a Espa\u00f1a 2025 Points Classification after Stage 6<\/strong><\/h4>\n<ol>\n<li>Mads Pedersen, Lidl-Trek \u00a0\u00a0\u00a0\u00a0\u00a0\u00a0\u00a078 pts<\/li>\n<li>Ethan Vernon, Israel\u2013Premier Tech \u00a0\u00a0\u00a0\u00a0\u00a0\u00a076 pts<\/li>\n<li>Jasper Philipsen, Alpecin-Deceuninck \u00a0\u00a0\u00a075 pts<\/li>\n<li>Giulio Ciccone, Lidl-Trek \u00a0\u00a071pts<\/li>\n<li>Jonas Vingegaard, Visma\u2013Lease a Bike 70pts<\/li>\n<\/ol>\n","protected":false},"excerpt":{"rendered":"<p>It\u2019s been an exciting and, above all, surprising week in the Vuelta Ciclista a Espa\u00f1a, with astonishing upsets, the race [&hellip;]<\/p>\n","protected":false},"author":99,"featured_media":200771,"comment_status":"closed","ping_status":"open","sticky":false,"template":"","format":"standard","meta":{"footnotes":""},"categories":[329],"tags":[8642,5122,4479,6699,479,3559],"global-categories":[3366],"class_list":["post-200770","post","type-post","status-publish","format-standard","has-post-thumbnail","hentry","category-road-cycling","tag-2025-la-vuelta","tag-david-gaudu","tag-joao-almeida","tag-juan-ayuso","tag-la-vuelta","tag-mads-pedersen","global-categories-cycling"],"yoast_head":"<!-- This site is optimized with the Yoast SEO Premium plugin v25.3 (Yoast SEO v25.9) - https:\/\/yoast.com\/wordpress\/plugins\/seo\/ -->\n<title>Week of Surprises at La Vuelta Ends with a Norwegian in Red and the GC War Just Getting Started - \u0160koda We Love Cycling<\/title>\n<meta name=\"description\" content=\"It\u2019s been an exciting and, above all, surprising week in the Vuelta Ciclista a Espa\u00f1a, with astonishing upsets, the race leader\u2019s red jersey changing\" \/>\n<meta name=\"robots\" content=\"index, follow, max-snippet:-1, max-image-preview:large, max-video-preview:-1\" \/>\n<link rel=\"canonical\" href=\"https:\/\/www.welovecycling.com\/wide\/2025\/08\/29\/week-of-surprises-at-la-vuelta-ends-with-a-norwegian-in-red-and-the-gc-war-just-getting-started\/\" \/>\n<meta property=\"og:locale\" content=\"en_US\" \/>\n<meta property=\"og:type\" content=\"article\" \/>\n<meta property=\"og:title\" content=\"Week of Surprises at La Vuelta Ends with a Norwegian in Red and the GC War Just Getting Started\" \/>\n<meta property=\"og:description\" content=\"It\u2019s been an exciting and, above all, surprising week in the Vuelta Ciclista a Espa\u00f1a, with astonishing upsets, the race leader\u2019s red jersey changing\" \/>\n<meta property=\"og:url\" content=\"https:\/\/www.welovecycling.com\/wide\/2025\/08\/29\/week-of-surprises-at-la-vuelta-ends-with-a-norwegian-in-red-and-the-gc-war-just-getting-started\/\" \/>\n<meta property=\"og:site_name\" content=\"\u0160koda We Love Cycling\" \/>\n<meta property=\"article:published_time\" content=\"2025-08-29T13:07:04+00:00\" \/>\n<meta property=\"og:image\" content=\"https:\/\/d2p6e6u75xmxt8.cloudfront.net\/2\/2025\/08\/La-Vuelta-Peloton-profimedia-1032086940-CVR.webp\" \/>\n\t<meta property=\"og:image:width\" content=\"990\" \/>\n\t<meta property=\"og:image:height\" content=\"660\" \/>\n\t<meta property=\"og:image:type\" content=\"image\/webp\" \/>\n<meta name=\"author\" content=\"tereza\" \/>\n<meta name=\"twitter:card\" content=\"summary_large_image\" \/>\n<meta name=\"twitter:label1\" content=\"Written by\" \/>\n\t<meta name=\"twitter:data1\" content=\"Siegfried Mortkowitz\" \/>\n\t<meta name=\"twitter:label2\" content=\"Est. reading time\" \/>\n\t<meta name=\"twitter:data2\" content=\"3\" \/>\n<script type=\"application\/ld+json\" class=\"yoast-schema-graph\">{\"@context\":\"https:\/\/schema.org\",\"@graph\":[{\"@type\":\"WebPage\",\"@id\":\"https:\/\/www.welovecycling.com\/wide\/2025\/08\/29\/week-of-surprises-at-la-vuelta-ends-with-a-norwegian-in-red-and-the-gc-war-just-getting-started\/\",\"url\":\"https:\/\/www.welovecycling.com\/wide\/2025\/08\/29\/week-of-surprises-at-la-vuelta-ends-with-a-norwegian-in-red-and-the-gc-war-just-getting-started\/\",\"name\":\"Week of Surprises at La Vuelta Ends with a Norwegian in Red and the GC War Just Getting Started - \u0160koda We Love Cycling\",\"isPartOf\":{\"@id\":\"https:\/\/www.welovecycling.com\/wide\/#website\"},\"primaryImageOfPage\":{\"@id\":\"https:\/\/www.welovecycling.com\/wide\/2025\/08\/29\/week-of-surprises-at-la-vuelta-ends-with-a-norwegian-in-red-and-the-gc-war-just-getting-started\/#primaryimage\"},\"image\":{\"@id\":\"https:\/\/www.welovecycling.com\/wide\/2025\/08\/29\/week-of-surprises-at-la-vuelta-ends-with-a-norwegian-in-red-and-the-gc-war-just-getting-started\/#primaryimage\"},\"thumbnailUrl\":\"https:\/\/d2p6e6u75xmxt8.cloudfront.net\/2\/2025\/08\/La-Vuelta-Peloton-profimedia-1032086940-CVR.webp\",\"datePublished\":\"2025-08-29T13:07:04+00:00\",\"author\":{\"@id\":\"https:\/\/www.welovecycling.com\/wide\/#\/schema\/person\/50f01ecd18718d2333cf72e823c4f926\"},\"description\":\"It\u2019s been an exciting and, above all, surprising week in the Vuelta Ciclista a Espa\u00f1a, with astonishing upsets, the race leader\u2019s red jersey changing\",\"breadcrumb\":{\"@id\":\"https:\/\/www.welovecycling.com\/wide\/2025\/08\/29\/week-of-surprises-at-la-vuelta-ends-with-a-norwegian-in-red-and-the-gc-war-just-getting-started\/#breadcrumb\"},\"inLanguage\":\"en-US\",\"potentialAction\":[{\"@type\":\"ReadAction\",\"target\":[\"https:\/\/www.welovecycling.com\/wide\/2025\/08\/29\/week-of-surprises-at-la-vuelta-ends-with-a-norwegian-in-red-and-the-gc-war-just-getting-started\/\"]}]},{\"@type\":\"ImageObject\",\"inLanguage\":\"en-US\",\"@id\":\"https:\/\/www.welovecycling.com\/wide\/2025\/08\/29\/week-of-surprises-at-la-vuelta-ends-with-a-norwegian-in-red-and-the-gc-war-just-getting-started\/#primaryimage\",\"url\":\"https:\/\/d2p6e6u75xmxt8.cloudfront.net\/2\/2025\/08\/La-Vuelta-Peloton-profimedia-1032086940-CVR.webp\",\"contentUrl\":\"https:\/\/d2p6e6u75xmxt8.cloudfront.net\/2\/2025\/08\/La-Vuelta-Peloton-profimedia-1032086940-CVR.webp\",\"width\":990,\"height\":660,\"caption\":\"La Vuelta\"},{\"@type\":\"BreadcrumbList\",\"@id\":\"https:\/\/www.welovecycling.com\/wide\/2025\/08\/29\/week-of-surprises-at-la-vuelta-ends-with-a-norwegian-in-red-and-the-gc-war-just-getting-started\/#breadcrumb\",\"itemListElement\":[{\"@type\":\"ListItem\",\"position\":1,\"name\":\"Home\",\"item\":\"https:\/\/www.welovecycling.com\/wide\/\"},{\"@type\":\"ListItem\",\"position\":2,\"name\":\"Week of Surprises at La Vuelta Ends with a Norwegian in Red and the GC War Just Getting Started\"}]},{\"@type\":\"WebSite\",\"@id\":\"https:\/\/www.welovecycling.com\/wide\/#website\",\"url\":\"https:\/\/www.welovecycling.com\/wide\/\",\"name\":\"\u0160koda We Love Cycling\",\"description\":\"\u0160koda We Love Cycling magazine\",\"alternateName\":\"\u0160koda WLC\",\"potentialAction\":[{\"@type\":\"SearchAction\",\"target\":{\"@type\":\"EntryPoint\",\"urlTemplate\":\"https:\/\/www.welovecycling.com\/wide\/?s={search_term_string}\"},\"query-input\":{\"@type\":\"PropertyValueSpecification\",\"valueRequired\":true,\"valueName\":\"search_term_string\"}}],\"inLanguage\":\"en-US\"},{\"@type\":\"Person\",\"@id\":\"https:\/\/www.welovecycling.com\/wide\/#\/schema\/person\/50f01ecd18718d2333cf72e823c4f926\",\"name\":\"tereza\",\"image\":{\"@type\":\"ImageObject\",\"inLanguage\":\"en-US\",\"@id\":\"https:\/\/www.welovecycling.com\/wide\/#\/schema\/person\/image\/\",\"url\":\"https:\/\/secure.gravatar.com\/avatar\/1f9eb71be33845f0afabce3791bc1c58ecdb0a25c62964987e5dbcf7a20d2ec7?s=96&d=mm&r=g\",\"contentUrl\":\"https:\/\/secure.gravatar.com\/avatar\/1f9eb71be33845f0afabce3791bc1c58ecdb0a25c62964987e5dbcf7a20d2ec7?s=96&d=mm&r=g\",\"caption\":\"tereza\"},\"url\":\"https:\/\/www.welovecycling.com\/wide\/author\/tereza\/\"}]}<\/script>\n<!-- \/ Yoast SEO Premium plugin. -->","yoast_head_json":{"title":"Week of Surprises at La Vuelta Ends with a Norwegian in Red and the GC War Just Getting Started - \u0160koda We Love Cycling","description":"It\u2019s been an exciting and, above all, surprising week in the Vuelta Ciclista a Espa\u00f1a, with astonishing upsets, the race leader\u2019s red jersey changing","robots":{"index":"index","follow":"follow","max-snippet":"max-snippet:-1","max-image-preview":"max-image-preview:large","max-video-preview":"max-video-preview:-1"},"canonical":"https:\/\/www.welovecycling.com\/wide\/2025\/08\/29\/week-of-surprises-at-la-vuelta-ends-with-a-norwegian-in-red-and-the-gc-war-just-getting-started\/","og_locale":"en_US","og_type":"article","og_title":"Week of Surprises at La Vuelta Ends with a Norwegian in Red and the GC War Just Getting Started","og_description":"It\u2019s been an exciting and, above all, surprising week in the Vuelta Ciclista a Espa\u00f1a, with astonishing upsets, the race leader\u2019s red jersey changing","og_url":"https:\/\/www.welovecycling.com\/wide\/2025\/08\/29\/week-of-surprises-at-la-vuelta-ends-with-a-norwegian-in-red-and-the-gc-war-just-getting-started\/","og_site_name":"\u0160koda We Love Cycling","article_published_time":"2025-08-29T13:07:04+00:00","og_image":[{"width":990,"height":660,"url":"https:\/\/d2p6e6u75xmxt8.cloudfront.net\/2\/2025\/08\/La-Vuelta-Peloton-profimedia-1032086940-CVR.webp","type":"image\/webp"}],"author":"tereza","twitter_card":"summary_large_image","twitter_misc":{"Written by":"Siegfried Mortkowitz","Est. reading time":"3"},"schema":{"@context":"https:\/\/schema.org","@graph":[{"@type":"WebPage","@id":"https:\/\/www.welovecycling.com\/wide\/2025\/08\/29\/week-of-surprises-at-la-vuelta-ends-with-a-norwegian-in-red-and-the-gc-war-just-getting-started\/","url":"https:\/\/www.welovecycling.com\/wide\/2025\/08\/29\/week-of-surprises-at-la-vuelta-ends-with-a-norwegian-in-red-and-the-gc-war-just-getting-started\/","name":"Week of Surprises at La Vuelta Ends with a Norwegian in Red and the GC War Just Getting Started - \u0160koda We Love Cycling","isPartOf":{"@id":"https:\/\/www.welovecycling.com\/wide\/#website"},"primaryImageOfPage":{"@id":"https:\/\/www.welovecycling.com\/wide\/2025\/08\/29\/week-of-surprises-at-la-vuelta-ends-with-a-norwegian-in-red-and-the-gc-war-just-getting-started\/#primaryimage"},"image":{"@id":"https:\/\/www.welovecycling.com\/wide\/2025\/08\/29\/week-of-surprises-at-la-vuelta-ends-with-a-norwegian-in-red-and-the-gc-war-just-getting-started\/#primaryimage"},"thumbnailUrl":"https:\/\/d2p6e6u75xmxt8.cloudfront.net\/2\/2025\/08\/La-Vuelta-Peloton-profimedia-1032086940-CVR.webp","datePublished":"2025-08-29T13:07:04+00:00","author":{"@id":"https:\/\/www.welovecycling.com\/wide\/#\/schema\/person\/50f01ecd18718d2333cf72e823c4f926"},"description":"It\u2019s been an exciting and, above all, surprising week in the Vuelta Ciclista a Espa\u00f1a, with astonishing upsets, the race leader\u2019s red jersey changing","breadcrumb":{"@id":"https:\/\/www.welovecycling.com\/wide\/2025\/08\/29\/week-of-surprises-at-la-vuelta-ends-with-a-norwegian-in-red-and-the-gc-war-just-getting-started\/#breadcrumb"},"inLanguage":"en-US","potentialAction":[{"@type":"ReadAction","target":["https:\/\/www.welovecycling.com\/wide\/2025\/08\/29\/week-of-surprises-at-la-vuelta-ends-with-a-norwegian-in-red-and-the-gc-war-just-getting-started\/"]}]},{"@type":"ImageObject","inLanguage":"en-US","@id":"https:\/\/www.welovecycling.com\/wide\/2025\/08\/29\/week-of-surprises-at-la-vuelta-ends-with-a-norwegian-in-red-and-the-gc-war-just-getting-started\/#primaryimage","url":"https:\/\/d2p6e6u75xmxt8.cloudfront.net\/2\/2025\/08\/La-Vuelta-Peloton-profimedia-1032086940-CVR.webp","contentUrl":"https:\/\/d2p6e6u75xmxt8.cloudfront.net\/2\/2025\/08\/La-Vuelta-Peloton-profimedia-1032086940-CVR.webp","width":990,"height":660,"caption":"La Vuelta"},{"@type":"BreadcrumbList","@id":"https:\/\/www.welovecycling.com\/wide\/2025\/08\/29\/week-of-surprises-at-la-vuelta-ends-with-a-norwegian-in-red-and-the-gc-war-just-getting-started\/#breadcrumb","itemListElement":[{"@type":"ListItem","position":1,"name":"Home","item":"https:\/\/www.welovecycling.com\/wide\/"},{"@type":"ListItem","position":2,"name":"Week of Surprises at La Vuelta Ends with a Norwegian in Red and the GC War Just Getting Started"}]},{"@type":"WebSite","@id":"https:\/\/www.welovecycling.com\/wide\/#website","url":"https:\/\/www.welovecycling.com\/wide\/","name":"\u0160koda We Love Cycling","description":"\u0160koda We Love Cycling magazine","alternateName":"\u0160koda WLC","potentialAction":[{"@type":"SearchAction","target":{"@type":"EntryPoint","urlTemplate":"https:\/\/www.welovecycling.com\/wide\/?s={search_term_string}"},"query-input":{"@type":"PropertyValueSpecification","valueRequired":true,"valueName":"search_term_string"}}],"inLanguage":"en-US"},{"@type":"Person","@id":"https:\/\/www.welovecycling.com\/wide\/#\/schema\/person\/50f01ecd18718d2333cf72e823c4f926","name":"tereza","image":{"@type":"ImageObject","inLanguage":"en-US","@id":"https:\/\/www.welovecycling.com\/wide\/#\/schema\/person\/image\/","url":"https:\/\/secure.gravatar.com\/avatar\/1f9eb71be33845f0afabce3791bc1c58ecdb0a25c62964987e5dbcf7a20d2ec7?s=96&d=mm&r=g","contentUrl":"https:\/\/secure.gravatar.com\/avatar\/1f9eb71be33845f0afabce3791bc1c58ecdb0a25c62964987e5dbcf7a20d2ec7?s=96&d=mm&r=g","caption":"tereza"},"url":"https:\/\/www.welovecycling.com\/wide\/author\/tereza\/"}]}},"_links":{"self":[{"href":"https:\/\/www.welovecycling.com\/wide\/wp-json\/wp\/v2\/posts\/200770","targetHints":{"allow":["GET"]}}],"collection":[{"href":"https:\/\/www.welovecycling.com\/wide\/wp-json\/wp\/v2\/posts"}],"about":[{"href":"https:\/\/www.welovecycling.com\/wide\/wp-json\/wp\/v2\/types\/post"}],"author":[{"embeddable":true,"href":"https:\/\/www.welovecycling.com\/wide\/wp-json\/wp\/v2\/users\/99"}],"replies":[{"embeddable":true,"href":"https:\/\/www.welovecycling.com\/wide\/wp-json\/wp\/v2\/comments?post=200770"}],"version-history":[{"count":1,"href":"https:\/\/www.welovecycling.com\/wide\/wp-json\/wp\/v2\/posts\/200770\/revisions"}],"predecessor-version":[{"id":200772,"href":"https:\/\/www.welovecycling.com\/wide\/wp-json\/wp\/v2\/posts\/200770\/revisions\/200772"}],"wp:featuredmedia":[{"embeddable":true,"href":"https:\/\/www.welovecycling.com\/wide\/wp-json\/wp\/v2\/media\/200771"}],"wp:attachment":[{"href":"https:\/\/www.welovecycling.com\/wide\/wp-json\/wp\/v2\/media?parent=200770"}],"wp:term":[{"taxonomy":"category","embeddable":true,"href":"https:\/\/www.welovecycling.com\/wide\/wp-json\/wp\/v2\/categories?post=200770"},{"taxonomy":"post_tag","embeddable":true,"href":"https:\/\/www.welovecycling.com\/wide\/wp-json\/wp\/v2\/tags?post=200770"},{"taxonomy":"global-categories","embeddable":true,"href":"https:\/\/www.welovecycling.com\/wide\/wp-json\/wp\/v2\/global-categories?post=200770"}],"curies":[{"name":"wp","href":"https:\/\/api.w.org\/{rel}","templated":true}]}}