{"id":200610,"date":"2025-08-27T15:33:15","date_gmt":"2025-08-27T15:33:15","guid":{"rendered":"https:\/\/www.welovecycling.com\/wide\/?p=200610"},"modified":"2025-08-28T15:09:53","modified_gmt":"2025-08-28T15:09:53","slug":"david-gaudu-breaks-new-ground-in-vuelta","status":"publish","type":"post","link":"https:\/\/www.welovecycling.com\/wide\/2025\/08\/27\/david-gaudu-breaks-new-ground-in-vuelta\/","title":{"rendered":"After Injuries and Disappointments, David Gaudu Breaks New Ground in La Vuelta"},"content":{"rendered":"<p><strong>The look of disbelief on the face of Frenchman David Gaudu when he crossed the finish line of Monday\u2019s stage 3 of the Vuelta Ciclista a Espa\u00f1a, a half bike length ahead of Lidl-Trek\u2019s big stage favourite Mads Pedersen, must also have reflected the feelings of most cycling fans. After all, the 28-year-old Groupama-FDJ rider hadn\u2019t won a Grand Tour stage since 2020, when he won two Vuelta stages. And he had registered only one win this year, a stage in the Pro-level Tour of Oman, and had finished 66th in this year\u2019s Giro d\u2019Italia.<\/strong><\/p>\n<p><!--more--><\/p>\n<h2><strong>A bold winning move<\/strong><\/h2>\n<p>Sure, he finished third in Sunday\u2019s stage 2 summit finish and therefore stood third in the GC, 8 seconds behind Jonas Vingegaard (Visma\u2013Lease a Bike). But that must have been a fluke, right? And the man is not a sprinter, certainly not one of Pedersen\u2019s level. So what\u2019s going on?<\/p>\n<p>For one thing, Gaudu made one of the most audacious moves you\u2019ll ever see in a bike race when, trailing both Pedersen and Vingegaard with just 75 meters left to ride, he dropped to the inside of both riders on the final sharp curve of the uphill finish, saving several meters, and came out of that tight turn as if shot out of a cannon. He passed his rivals with several pedal strokes and scored one of the biggest upsets of this cycling year. And he hadn\u2019t even thought about going for the win when he woke up Monday morning, but a helpful teammate changed his mind.<\/p>\n<p>\u201cI was thinking, on the bus this morning, it was more for Pedersen, but [Stefan] K\u00fcng said to me this morning that I have a punch and I can win today,\u201d the still grinning Gaudu told TNT Sports after the finish. He also gave credit to his team, who made sure that he was near the front of the peloton when the race reached the final climb (2.5 km @ 3.2%).<\/p>\n<p>\u201cThe team did a very, very, very good job,\u201d he said. \u201cThey kept us in the first position all day. So I&#8217;m very happy. I&#8217;m very, very proud to win for me, for the team. This is, I think, the best start to the Vuelta we could get.\u201d<\/p>\n<p>In his exhilaration, Gaudu no doubt forgot that one of Groupama\u2019s main GC hopes, Guillaume Martin, broke two vertebrae in a crash on stage 2 and had to abandon the race. That makes Gaudu\u2019s early success a real morale boost for the Groupama-FDJ squad.<\/p>\n<p>Asked about his strategy for that final rush to the finish line, he said that it was all instinct. \u201cWhen I [saw] Pedersen launching the sprint at 200-250 meters, I disconnected totally on the last corner, and pushed all my limits to the finish line,\u201d he explained.<\/p>\n<figure id=\"attachment_200611\" aria-describedby=\"caption-attachment-200611\" style=\"width: 990px\" class=\"wp-caption alignnone\"><a href=\"https:\/\/d2p6e6u75xmxt8.cloudfront.net\/2\/2025\/08\/David-Gaudu-La-Vuelta-profimedia-1031550041.webp\"><img loading=\"lazy\" decoding=\"async\" class=\"wp-image-200611 size-full\" src=\"https:\/\/d2p6e6u75xmxt8.cloudfront.net\/2\/2025\/08\/David-Gaudu-La-Vuelta-profimedia-1031550041.webp\" alt=\"David Gaudu\" width=\"990\" height=\"660\" srcset=\"https:\/\/d2p6e6u75xmxt8.cloudfront.net\/2\/2025\/08\/David-Gaudu-La-Vuelta-profimedia-1031550041.webp 990w, https:\/\/d2p6e6u75xmxt8.cloudfront.net\/2\/2025\/08\/David-Gaudu-La-Vuelta-profimedia-1031550041-300x200.webp 300w, https:\/\/d2p6e6u75xmxt8.cloudfront.net\/2\/2025\/08\/David-Gaudu-La-Vuelta-profimedia-1031550041-768x512.webp 768w, https:\/\/d2p6e6u75xmxt8.cloudfront.net\/2\/2025\/08\/David-Gaudu-La-Vuelta-profimedia-1031550041-400x267.webp 400w, https:\/\/d2p6e6u75xmxt8.cloudfront.net\/2\/2025\/08\/David-Gaudu-La-Vuelta-profimedia-1031550041-272x182.webp 272w\" sizes=\"auto, (max-width: 990px) 100vw, 990px\" \/><\/a><figcaption id=\"caption-attachment-200611\" class=\"wp-caption-text\">Gaudu made one of the most audacious moves you\u2019ll ever see in a bike race. \u00a9 Profimedia<\/figcaption><\/figure>\n<h2><strong>A first-ever Grand Tour lead<\/strong><\/h2>\n<p>He was then tied with Vingegaard for the race lead in terms of time, but stood second in the GC because of comparative placements in earlier stages. But the party continued for Gaudu after the bunch sprint finish of Tuesday\u2019s stage 4, in which he finished 25th, the same time as Vingegaard. But the Dane finished 42nd, far enough behind the Frenchman to reverse the placement advantage and put Gaudu into the race leader\u2019s red jersey, a first for him in a Grand Tour. And he achieved that on home soil, in the French town of Voiron, where the stage finished after the Vuelta had spent the first three and a half days in Italy.<\/p>\n<p>After his podium \u2018coronation\u2019, a grinning Gaudu told TNT Sports, \u201cFor sure, [going for red] was in my mind this morning, but I don&#8217;t really know if I fight for position in the bunch sprint because it is very, very dangerous. But with the feeling I had at the finish, I just went for it. The team did an incredible job. When I was on the podium, it was incredible, with the French fans\u2026 \u00a0It&#8217;s just incredible and one of the best moments of my career.\u201d<\/p>\n<p>Gaudu\u2019s career certainly needed a \u201cbest moment\u201d, though he began it in the best possible way, winning the Tour de l\u2019Avenir and the U23 Tour de la Paix in 2016. That same year, he finished fifth in the Tour de l\u2019Ain. The following year, he finished second in that race, behind fellow Frenchman and then FDJ teammate Thibaut Pinot. He also won his first professional victory in that race, taking stage 3. The belief began to grow in France that he could be someone special.<\/p>\n<h2><strong>From injuries to redemption<\/strong><\/h2>\n<p>But he was never able to live up to the expectations of a country that was starving for a great French Grand Tour rider. He has ridden the Tour de France seven times, with his best GC showing a fourth in 2022. But there were performances that hinted that he could still fulfil his promise. He finished eighth in the 2020 Vuelta and sixth last year. However, injuries have played too large a part in his progress.<\/p>\n<p>He crashed on stage 1 of the 2020 Tour de France and was forced to withdraw. But he recovered and placed eighth in that year\u2019s Vuelta. In the 2022 Paris-Nice, he crashed and broke a vertebra, but was then well enough to finish fourth in that year\u2019s Tour. Ironically, this year has been his worst year for injuries. Early in the year, Gaudu injured a gluteal muscle during a training crash, then fractured his left hand in March in a crash at Tirreno-Adriatico. Finally, he injured his right hand in a crash at the Giro, when he was infamously told by a race commissaire to stop holding onto the medical car while having a gaping wound treated. Gaudu could be <a href=\"https:\/\/www.facebook.com\/reel\/674810372176347\">heard shouting<\/a>, \u201cI have a hole in my hand.\u201d He was due to ride this year\u2019s Tour, but withdrew before the race started because of his many injuries and his bad form.<\/p>\n<p>Yet here he is, after a most difficult year, leading a Grand Tour for the first time and eyeball to eyeball with <a href=\"https:\/\/www.welovecycling.com\/wide\/2025\/08\/22\/vingegaard-looks-to-break-his-grand-tour-slump-in-the-vuelta\/\" target=\"_blank\" rel=\"noopener\">the great Jonas Vingegaard.<\/a> No one is suggesting that Gaudu can beat Vingegaard in the race, but the man who was once considered one of France\u2019s great hopes for Grand Tour success has apparently found his second wind.<\/p>\n","protected":false},"excerpt":{"rendered":"<p>The look of disbelief on the face of Frenchman David Gaudu when he crossed the finish line of Monday\u2019s stage [&hellip;]<\/p>\n","protected":false},"author":99,"featured_media":200612,"comment_status":"closed","ping_status":"open","sticky":false,"template":"","format":"standard","meta":{"footnotes":""},"categories":[329],"tags":[8642,5122,479,3559,2059],"global-categories":[3366],"class_list":["post-200610","post","type-post","status-publish","format-standard","has-post-thumbnail","hentry","category-road-cycling","tag-2025-la-vuelta","tag-david-gaudu","tag-la-vuelta","tag-mads-pedersen","tag-stefan-kung","global-categories-cycling"],"yoast_head":"<!-- This site is optimized with the Yoast SEO Premium plugin v25.3 (Yoast SEO v25.9) - https:\/\/yoast.com\/wordpress\/plugins\/seo\/ -->\n<title>David Gaudu Breaks New Ground in La Vuelta<\/title>\n<meta name=\"description\" content=\"The look of disbelief on the face of Frenchman David Gaudu when he crossed the finish line of Monday\u2019s stage 3 of the Vuelta Ciclista a Espa\u00f1a, a half\" \/>\n<meta name=\"robots\" content=\"index, follow, max-snippet:-1, max-image-preview:large, max-video-preview:-1\" \/>\n<link rel=\"canonical\" href=\"https:\/\/www.welovecycling.com\/wide\/2025\/08\/27\/david-gaudu-breaks-new-ground-in-vuelta\/\" \/>\n<meta property=\"og:locale\" content=\"en_US\" \/>\n<meta property=\"og:type\" content=\"article\" \/>\n<meta property=\"og:title\" content=\"After Injuries and Disappointments, David Gaudu Breaks New Ground in La Vuelta\" \/>\n<meta property=\"og:description\" content=\"The look of disbelief on the face of Frenchman David Gaudu when he crossed the finish line of Monday\u2019s stage 3 of the Vuelta Ciclista a Espa\u00f1a, a half\" \/>\n<meta property=\"og:url\" content=\"https:\/\/www.welovecycling.com\/wide\/2025\/08\/27\/david-gaudu-breaks-new-ground-in-vuelta\/\" \/>\n<meta property=\"og:site_name\" content=\"\u0160koda We Love Cycling\" \/>\n<meta property=\"article:published_time\" content=\"2025-08-27T15:33:15+00:00\" \/>\n<meta property=\"article:modified_time\" content=\"2025-08-28T15:09:53+00:00\" \/>\n<meta property=\"og:image\" content=\"https:\/\/d2p6e6u75xmxt8.cloudfront.net\/2\/2025\/08\/David-Gaudu-La-Vuelta-profimedia-1031550057-CVR.webp\" \/>\n\t<meta property=\"og:image:width\" content=\"990\" \/>\n\t<meta property=\"og:image:height\" content=\"660\" \/>\n\t<meta property=\"og:image:type\" content=\"image\/webp\" \/>\n<meta name=\"author\" content=\"tereza\" \/>\n<meta name=\"twitter:card\" content=\"summary_large_image\" \/>\n<meta name=\"twitter:label1\" content=\"Written by\" \/>\n\t<meta name=\"twitter:data1\" content=\"Siegfried Mortkowitz\" \/>\n\t<meta name=\"twitter:label2\" content=\"Est. reading time\" \/>\n\t<meta name=\"twitter:data2\" content=\"3\" \/>\n<script type=\"application\/ld+json\" class=\"yoast-schema-graph\">{\"@context\":\"https:\/\/schema.org\",\"@graph\":[{\"@type\":\"WebPage\",\"@id\":\"https:\/\/www.welovecycling.com\/wide\/2025\/08\/27\/david-gaudu-breaks-new-ground-in-vuelta\/\",\"url\":\"https:\/\/www.welovecycling.com\/wide\/2025\/08\/27\/david-gaudu-breaks-new-ground-in-vuelta\/\",\"name\":\"David Gaudu Breaks New Ground in La Vuelta\",\"isPartOf\":{\"@id\":\"https:\/\/www.welovecycling.com\/wide\/#website\"},\"primaryImageOfPage\":{\"@id\":\"https:\/\/www.welovecycling.com\/wide\/2025\/08\/27\/david-gaudu-breaks-new-ground-in-vuelta\/#primaryimage\"},\"image\":{\"@id\":\"https:\/\/www.welovecycling.com\/wide\/2025\/08\/27\/david-gaudu-breaks-new-ground-in-vuelta\/#primaryimage\"},\"thumbnailUrl\":\"https:\/\/d2p6e6u75xmxt8.cloudfront.net\/2\/2025\/08\/David-Gaudu-La-Vuelta-profimedia-1031550057-CVR.webp\",\"datePublished\":\"2025-08-27T15:33:15+00:00\",\"dateModified\":\"2025-08-28T15:09:53+00:00\",\"author\":{\"@id\":\"https:\/\/www.welovecycling.com\/wide\/#\/schema\/person\/50f01ecd18718d2333cf72e823c4f926\"},\"description\":\"The look of disbelief on the face of Frenchman David Gaudu when he crossed the finish line of Monday\u2019s stage 3 of the Vuelta Ciclista a Espa\u00f1a, a half\",\"breadcrumb\":{\"@id\":\"https:\/\/www.welovecycling.com\/wide\/2025\/08\/27\/david-gaudu-breaks-new-ground-in-vuelta\/#breadcrumb\"},\"inLanguage\":\"en-US\",\"potentialAction\":[{\"@type\":\"ReadAction\",\"target\":[\"https:\/\/www.welovecycling.com\/wide\/2025\/08\/27\/david-gaudu-breaks-new-ground-in-vuelta\/\"]}]},{\"@type\":\"ImageObject\",\"inLanguage\":\"en-US\",\"@id\":\"https:\/\/www.welovecycling.com\/wide\/2025\/08\/27\/david-gaudu-breaks-new-ground-in-vuelta\/#primaryimage\",\"url\":\"https:\/\/d2p6e6u75xmxt8.cloudfront.net\/2\/2025\/08\/David-Gaudu-La-Vuelta-profimedia-1031550057-CVR.webp\",\"contentUrl\":\"https:\/\/d2p6e6u75xmxt8.cloudfront.net\/2\/2025\/08\/David-Gaudu-La-Vuelta-profimedia-1031550057-CVR.webp\",\"width\":990,\"height\":660,\"caption\":\"David Gaudu\"},{\"@type\":\"BreadcrumbList\",\"@id\":\"https:\/\/www.welovecycling.com\/wide\/2025\/08\/27\/david-gaudu-breaks-new-ground-in-vuelta\/#breadcrumb\",\"itemListElement\":[{\"@type\":\"ListItem\",\"position\":1,\"name\":\"Home\",\"item\":\"https:\/\/www.welovecycling.com\/wide\/\"},{\"@type\":\"ListItem\",\"position\":2,\"name\":\"After Injuries and Disappointments, David Gaudu Breaks New Ground in La Vuelta\"}]},{\"@type\":\"WebSite\",\"@id\":\"https:\/\/www.welovecycling.com\/wide\/#website\",\"url\":\"https:\/\/www.welovecycling.com\/wide\/\",\"name\":\"\u0160koda We Love Cycling\",\"description\":\"\u0160koda We Love Cycling magazine\",\"alternateName\":\"\u0160koda WLC\",\"potentialAction\":[{\"@type\":\"SearchAction\",\"target\":{\"@type\":\"EntryPoint\",\"urlTemplate\":\"https:\/\/www.welovecycling.com\/wide\/?s={search_term_string}\"},\"query-input\":{\"@type\":\"PropertyValueSpecification\",\"valueRequired\":true,\"valueName\":\"search_term_string\"}}],\"inLanguage\":\"en-US\"},{\"@type\":\"Person\",\"@id\":\"https:\/\/www.welovecycling.com\/wide\/#\/schema\/person\/50f01ecd18718d2333cf72e823c4f926\",\"name\":\"tereza\",\"image\":{\"@type\":\"ImageObject\",\"inLanguage\":\"en-US\",\"@id\":\"https:\/\/www.welovecycling.com\/wide\/#\/schema\/person\/image\/\",\"url\":\"https:\/\/secure.gravatar.com\/avatar\/1f9eb71be33845f0afabce3791bc1c58ecdb0a25c62964987e5dbcf7a20d2ec7?s=96&d=mm&r=g\",\"contentUrl\":\"https:\/\/secure.gravatar.com\/avatar\/1f9eb71be33845f0afabce3791bc1c58ecdb0a25c62964987e5dbcf7a20d2ec7?s=96&d=mm&r=g\",\"caption\":\"tereza\"},\"url\":\"https:\/\/www.welovecycling.com\/wide\/author\/tereza\/\"}]}<\/script>\n<!-- \/ Yoast SEO Premium plugin. -->","yoast_head_json":{"title":"David Gaudu Breaks New Ground in La Vuelta","description":"The look of disbelief on the face of Frenchman David Gaudu when he crossed the finish line of Monday\u2019s stage 3 of the Vuelta Ciclista a Espa\u00f1a, a half","robots":{"index":"index","follow":"follow","max-snippet":"max-snippet:-1","max-image-preview":"max-image-preview:large","max-video-preview":"max-video-preview:-1"},"canonical":"https:\/\/www.welovecycling.com\/wide\/2025\/08\/27\/david-gaudu-breaks-new-ground-in-vuelta\/","og_locale":"en_US","og_type":"article","og_title":"After Injuries and Disappointments, David Gaudu Breaks New Ground in La Vuelta","og_description":"The look of disbelief on the face of Frenchman David Gaudu when he crossed the finish line of Monday\u2019s stage 3 of the Vuelta Ciclista a Espa\u00f1a, a half","og_url":"https:\/\/www.welovecycling.com\/wide\/2025\/08\/27\/david-gaudu-breaks-new-ground-in-vuelta\/","og_site_name":"\u0160koda We Love Cycling","article_published_time":"2025-08-27T15:33:15+00:00","article_modified_time":"2025-08-28T15:09:53+00:00","og_image":[{"width":990,"height":660,"url":"https:\/\/d2p6e6u75xmxt8.cloudfront.net\/2\/2025\/08\/David-Gaudu-La-Vuelta-profimedia-1031550057-CVR.webp","type":"image\/webp"}],"author":"tereza","twitter_card":"summary_large_image","twitter_misc":{"Written by":"Siegfried Mortkowitz","Est. reading time":"3"},"schema":{"@context":"https:\/\/schema.org","@graph":[{"@type":"WebPage","@id":"https:\/\/www.welovecycling.com\/wide\/2025\/08\/27\/david-gaudu-breaks-new-ground-in-vuelta\/","url":"https:\/\/www.welovecycling.com\/wide\/2025\/08\/27\/david-gaudu-breaks-new-ground-in-vuelta\/","name":"David Gaudu Breaks New Ground in La Vuelta","isPartOf":{"@id":"https:\/\/www.welovecycling.com\/wide\/#website"},"primaryImageOfPage":{"@id":"https:\/\/www.welovecycling.com\/wide\/2025\/08\/27\/david-gaudu-breaks-new-ground-in-vuelta\/#primaryimage"},"image":{"@id":"https:\/\/www.welovecycling.com\/wide\/2025\/08\/27\/david-gaudu-breaks-new-ground-in-vuelta\/#primaryimage"},"thumbnailUrl":"https:\/\/d2p6e6u75xmxt8.cloudfront.net\/2\/2025\/08\/David-Gaudu-La-Vuelta-profimedia-1031550057-CVR.webp","datePublished":"2025-08-27T15:33:15+00:00","dateModified":"2025-08-28T15:09:53+00:00","author":{"@id":"https:\/\/www.welovecycling.com\/wide\/#\/schema\/person\/50f01ecd18718d2333cf72e823c4f926"},"description":"The look of disbelief on the face of Frenchman David Gaudu when he crossed the finish line of Monday\u2019s stage 3 of the Vuelta Ciclista a Espa\u00f1a, a half","breadcrumb":{"@id":"https:\/\/www.welovecycling.com\/wide\/2025\/08\/27\/david-gaudu-breaks-new-ground-in-vuelta\/#breadcrumb"},"inLanguage":"en-US","potentialAction":[{"@type":"ReadAction","target":["https:\/\/www.welovecycling.com\/wide\/2025\/08\/27\/david-gaudu-breaks-new-ground-in-vuelta\/"]}]},{"@type":"ImageObject","inLanguage":"en-US","@id":"https:\/\/www.welovecycling.com\/wide\/2025\/08\/27\/david-gaudu-breaks-new-ground-in-vuelta\/#primaryimage","url":"https:\/\/d2p6e6u75xmxt8.cloudfront.net\/2\/2025\/08\/David-Gaudu-La-Vuelta-profimedia-1031550057-CVR.webp","contentUrl":"https:\/\/d2p6e6u75xmxt8.cloudfront.net\/2\/2025\/08\/David-Gaudu-La-Vuelta-profimedia-1031550057-CVR.webp","width":990,"height":660,"caption":"David Gaudu"},{"@type":"BreadcrumbList","@id":"https:\/\/www.welovecycling.com\/wide\/2025\/08\/27\/david-gaudu-breaks-new-ground-in-vuelta\/#breadcrumb","itemListElement":[{"@type":"ListItem","position":1,"name":"Home","item":"https:\/\/www.welovecycling.com\/wide\/"},{"@type":"ListItem","position":2,"name":"After Injuries and Disappointments, David Gaudu Breaks New Ground in La Vuelta"}]},{"@type":"WebSite","@id":"https:\/\/www.welovecycling.com\/wide\/#website","url":"https:\/\/www.welovecycling.com\/wide\/","name":"\u0160koda We Love Cycling","description":"\u0160koda We Love Cycling magazine","alternateName":"\u0160koda WLC","potentialAction":[{"@type":"SearchAction","target":{"@type":"EntryPoint","urlTemplate":"https:\/\/www.welovecycling.com\/wide\/?s={search_term_string}"},"query-input":{"@type":"PropertyValueSpecification","valueRequired":true,"valueName":"search_term_string"}}],"inLanguage":"en-US"},{"@type":"Person","@id":"https:\/\/www.welovecycling.com\/wide\/#\/schema\/person\/50f01ecd18718d2333cf72e823c4f926","name":"tereza","image":{"@type":"ImageObject","inLanguage":"en-US","@id":"https:\/\/www.welovecycling.com\/wide\/#\/schema\/person\/image\/","url":"https:\/\/secure.gravatar.com\/avatar\/1f9eb71be33845f0afabce3791bc1c58ecdb0a25c62964987e5dbcf7a20d2ec7?s=96&d=mm&r=g","contentUrl":"https:\/\/secure.gravatar.com\/avatar\/1f9eb71be33845f0afabce3791bc1c58ecdb0a25c62964987e5dbcf7a20d2ec7?s=96&d=mm&r=g","caption":"tereza"},"url":"https:\/\/www.welovecycling.com\/wide\/author\/tereza\/"}]}},"_links":{"self":[{"href":"https:\/\/www.welovecycling.com\/wide\/wp-json\/wp\/v2\/posts\/200610","targetHints":{"allow":["GET"]}}],"collection":[{"href":"https:\/\/www.welovecycling.com\/wide\/wp-json\/wp\/v2\/posts"}],"about":[{"href":"https:\/\/www.welovecycling.com\/wide\/wp-json\/wp\/v2\/types\/post"}],"author":[{"embeddable":true,"href":"https:\/\/www.welovecycling.com\/wide\/wp-json\/wp\/v2\/users\/99"}],"replies":[{"embeddable":true,"href":"https:\/\/www.welovecycling.com\/wide\/wp-json\/wp\/v2\/comments?post=200610"}],"version-history":[{"count":1,"href":"https:\/\/www.welovecycling.com\/wide\/wp-json\/wp\/v2\/posts\/200610\/revisions"}],"predecessor-version":[{"id":200613,"href":"https:\/\/www.welovecycling.com\/wide\/wp-json\/wp\/v2\/posts\/200610\/revisions\/200613"}],"wp:featuredmedia":[{"embeddable":true,"href":"https:\/\/www.welovecycling.com\/wide\/wp-json\/wp\/v2\/media\/200612"}],"wp:attachment":[{"href":"https:\/\/www.welovecycling.com\/wide\/wp-json\/wp\/v2\/media?parent=200610"}],"wp:term":[{"taxonomy":"category","embeddable":true,"href":"https:\/\/www.welovecycling.com\/wide\/wp-json\/wp\/v2\/categories?post=200610"},{"taxonomy":"post_tag","embeddable":true,"href":"https:\/\/www.welovecycling.com\/wide\/wp-json\/wp\/v2\/tags?post=200610"},{"taxonomy":"global-categories","embeddable":true,"href":"https:\/\/www.welovecycling.com\/wide\/wp-json\/wp\/v2\/global-categories?post=200610"}],"curies":[{"name":"wp","href":"https:\/\/api.w.org\/{rel}","templated":true}]}}