{"id":199964,"date":"2025-08-25T14:34:12","date_gmt":"2025-08-25T14:34:12","guid":{"rendered":"https:\/\/www.welovecycling.com\/wide\/?p=199964"},"modified":"2025-08-28T15:10:18","modified_gmt":"2025-08-28T15:10:18","slug":"why-la-vuelta-is-actually-better-than-the-tour-de-france","status":"publish","type":"post","link":"https:\/\/www.welovecycling.com\/wide\/2025\/08\/25\/why-la-vuelta-is-actually-better-than-the-tour-de-france\/","title":{"rendered":"Why La Vuelta Is Actually Better Than the Tour de France"},"content":{"rendered":"<p style=\"font-weight: 400;\"><strong>Everyone loves the Tour de France. It\u2019s the prom queen of pro cycling. The Super Bowl of suffering. The only time your uncle who \u201cused to ride a bit\u201d suddenly has opinions about watts per kilo.<\/strong><\/p>\n<p><!--more--><\/p>\n<p style=\"font-weight: 400;\">But here\u2019s the truth, whispered by true fans and screamed by sweaty Spanish mountains:<\/p>\n<p style=\"font-weight: 400;\">La Vuelta is actually better.<\/p>\n<p style=\"font-weight: 400;\">Yes. <a href=\"http:\/\/lavuelta.es\">The Vuelta a Espa\u00f1a<\/a><em>. <\/em>The late-summer chaos machine. The third Grand Tour. The one you sort of forget about until suddenly you\u2019re watching some guy named Juanpe solo up a goat path at 20% gradient while the commentary team yells in five languages.<\/p>\n<p style=\"font-weight: 400;\">Let\u2019s break it down \u2014 because while the Tour may have the prestige, the Vuelta has the <em>drama<\/em>. And tapas. And so much heat-induced hallucination.<\/p>\n<h2><strong>1. La Vuelta doesn\u2019t care about your feelings<\/strong><\/h2>\n<p style=\"font-weight: 400;\">The Tour flirts with riders. It builds up. It teases. It gives you time to get comfortable before destroying you in the Alps.<\/p>\n<p style=\"font-weight: 400;\"><strong>The Vuelta?<br \/>\n<\/strong>Stage 3: surprise summit finish at 2,000 metres.<br \/>\nStage 5: \u201cOops, all climbs.\u201d<br \/>\nRest day? More like <em>&#8220;Active recovery, but make it unkind.&#8221;<\/em><\/p>\n<p style=\"font-weight: 400;\">It doesn&#8217;t ease in \u2014 it dropkicks you into the furnace and says, \u201cPedal, coward.\u201d<\/p>\n<h2><strong>2. Every stage feels like a coin toss<\/strong><\/h2>\n<p style=\"font-weight: 400;\">You know that feeling in the Tour when a break goes and you think, \u201cThey\u2019ll be caught in 40km, and then Poga\u010dar will win again\u201d?<\/p>\n<p style=\"font-weight: 400;\">La Vuelta says: \u201cSure, the break has 11 minutes and no one\u2019s chasing, because the GC guys are too busy attacking each other while riding sideways through a crosswind in 38\u00b0C.\u201d<\/p>\n<p style=\"font-weight: 400;\"><strong>Anything. Can. Happen.<br \/>\n<\/strong>Entire GC dreams are shattered on random Tuesdays because someone misjudged a roundabout.<\/p>\n<h2><strong>3.The climbs are disrespectful in a beautiful way<\/strong><\/h2>\n<p style=\"font-weight: 400;\">Alpe d\u2019Huez? Romantic.<br \/>\nCol du Tourmalet? Glorious.<\/p>\n<p style=\"font-weight: 400;\">Angliru?<br \/>\nRude.<br \/>\nLa Vuelta\u2019s climbs aren\u2019t just steep. They\u2019re <em>personal<\/em>.<br \/>\nWe\u2019re talking gradients that make Froome run, bikes spin backwards, and grown men weep while wearing \u20ac3,000 of carbon.<\/p>\n<p style=\"font-weight: 400;\">No switchbacks. No rhythm. Just <em>pain walls<\/em> with names like \u201cLos Machucos,\u201d \u201cLa Camperona,\u201d and \u201cThat One Where You Question All Your Life Choices.\u201d<\/p>\n<figure id=\"attachment_196685\" aria-describedby=\"caption-attachment-196685\" style=\"width: 990px\" class=\"wp-caption alignnone\"><a href=\"https:\/\/d2p6e6u75xmxt8.cloudfront.net\/2\/2024\/09\/Alto-del-Angliru-profimedia-0349131139.webp\"><img loading=\"lazy\" decoding=\"async\" class=\"wp-image-196685 size-full\" src=\"https:\/\/d2p6e6u75xmxt8.cloudfront.net\/2\/2024\/09\/Alto-del-Angliru-profimedia-0349131139.webp\" alt=\"Alto de'lAngliru\" width=\"990\" height=\"660\" srcset=\"https:\/\/d2p6e6u75xmxt8.cloudfront.net\/2\/2024\/09\/Alto-del-Angliru-profimedia-0349131139.webp 990w, https:\/\/d2p6e6u75xmxt8.cloudfront.net\/2\/2024\/09\/Alto-del-Angliru-profimedia-0349131139-300x200.webp 300w, https:\/\/d2p6e6u75xmxt8.cloudfront.net\/2\/2024\/09\/Alto-del-Angliru-profimedia-0349131139-768x512.webp 768w, https:\/\/d2p6e6u75xmxt8.cloudfront.net\/2\/2024\/09\/Alto-del-Angliru-profimedia-0349131139-400x267.webp 400w, https:\/\/d2p6e6u75xmxt8.cloudfront.net\/2\/2024\/09\/Alto-del-Angliru-profimedia-0349131139-272x182.webp 272w\" sizes=\"auto, (max-width: 990px) 100vw, 990px\" \/><\/a><figcaption id=\"caption-attachment-196685\" class=\"wp-caption-text\">La Vuelta\u2019s climbs aren\u2019t just steep. They\u2019re personal. \u00a9 Profimedia<\/figcaption><\/figure>\n<h2><strong>4. The heat is the fourth category<\/strong><\/h2>\n<p style=\"font-weight: 400;\">The Vuelta doesn\u2019t need Belgian rain or Alpine snow. It weaponises <strong>sunlight<\/strong>.<\/p>\n<p style=\"font-weight: 400;\">Riders don\u2019t just battle gradients \u2014 they battle:<\/p>\n<ul>\n<li>Melting tarmac<\/li>\n<li>Dehydration hallucinations<\/li>\n<li>That weird moment when your gel turns into jam in your pocket<\/li>\n<li>Sunburn <em>through<\/em> your jersey<\/li>\n<\/ul>\n<p style=\"font-weight: 400;\">By Stage 10, half the peloton is 30% salt.<\/p>\n<h2><strong>5. The chaos factor is delicious<\/strong><\/h2>\n<p style=\"font-weight: 400;\">Remember the time a fan with a giant flag accidentally took down a breakaway? Or when a random stray cow joined the race? Or when a moto blocked the Angliru?<\/p>\n<p style=\"font-weight: 400;\"><strong>That\u2019s the Vuelta.<\/strong><\/p>\n<p style=\"font-weight: 400;\">It\u2019s <em>reality TV on bikes<\/em>. The production value is slightly shambolic. The crowd control is optimistic. But the entertainment? <strong>Chef\u2019s kiss.<\/strong><\/p>\n<h2><strong>6. The GC battle is often spicier<\/strong><\/h2>\n<p style=\"font-weight: 400;\">Let\u2019s be honest: the Tour usually has a heavy favourite. <a href=\"https:\/\/www.welovecycling.com\/wide\/2025\/08\/11\/i-have-to-enjoy-the-moment-pogacar-targets-hilly-european-championships-while-counting-down-to-retirement\/\" target=\"_blank\" rel=\"noopener\">Poga\u010dar,<\/a> Vingegaard, Froome. There\u2019s a narrative arc.<\/p>\n<p style=\"font-weight: 400;\"><strong>In the Vuelta?<\/strong><\/p>\n<ul>\n<li>One week in: \u201cHe\u2019s got it.\u201d<\/li>\n<li>Week two: \u201cOh no he doesn\u2019t.\u201d<\/li>\n<li>Week three: \u201cWho the hell is this guy in red??\u201d<\/li>\n<\/ul>\n<p style=\"font-weight: 400;\">There are surprise leaders, implosions, and riders you&#8217;ve never heard of until suddenly they&#8217;re five minutes up and everyone\u2019s Googling \u201cis this guy real?\u201d<\/p>\n<h2><strong>7. The Spanish fans are unhinged in the best way<\/strong><\/h2>\n<p style=\"font-weight: 400;\">French fans? Classy. Reserved. A little scared of gendarmes.<\/p>\n<p style=\"font-weight: 400;\">Spanish fans? <strong>Chaotic neutral.<br \/>\n<\/strong>They\u2019re on the barriers in flip-flops, waving frying pans, wearing capes, sprinting up 20% slopes just to scream <em>\u201cVAMOSSSS\u201d<\/em> an inch from someone\u2019s face.<\/p>\n<p style=\"font-weight: 400;\">They\u2019re the energy gel of spectators.<br \/>\nAnd we love them for it.<\/p>\n<h2><strong>8. The Vuelta loves a plot twist<\/strong><\/h2>\n<ul>\n<li>Chris Horner winning at 41? Iconic.<\/li>\n<li>Rogli\u010d crashing out from the lead? Classic.<\/li>\n<li>Jumbo vs Jumbo in 2023? A Shakespearean play on wheels.<\/li>\n<\/ul>\n<p style=\"font-weight: 400;\">It\u2019s never just <em>\u201cthis guy wins.\u201d<br \/>\n<\/em>It\u2019s <em>\u201cthis guy wins unless a rogue dog, an untimely bonk, or his own teammate says no.\u201d<\/em><\/p>\n<p style=\"font-weight: 400;\">No scriptwriter could make up the endings La Vuelta casually delivers <em>every year<\/em>.<\/p>\n<h2><strong>9. It\u2019s pure cycling, no fluff<\/strong><\/h2>\n<p style=\"font-weight: 400;\">The Tour is a global media circus, and don\u2019t get us wrong, it\u2019s amazing. But it also comes with drones, helicopters, suits, and sponsors who want <em>narrative arcs.<\/em><\/p>\n<p style=\"font-weight: 400;\"><strong>The Vuelta?<br \/>\n<\/strong>It\u2019s just about bikes. Riders. Heat. Mountains.<br \/>\nAnd the occasional farmer who doesn\u2019t move his sheep in time.<\/p>\n<p style=\"font-weight: 400;\">No ceremonial laps. No Eiffel Tower. Just 21 days of \u201chope you ate enough rice, son.\u201d<\/p>\n<h2><strong>The people\u2019s Grand Tour<\/strong><\/h2>\n<p style=\"font-weight: 400;\">La Vuelta may not be the most famous. It may not have the biggest crowds or the prettiest podium. But what it <em>does<\/em> have is chaos, heart, suffering, and unpredictability \u2014 in the purest, most glorious way. It\u2019s the weird little brother who grew up wild and never stopped fighting. And when you find yourself screaming at the TV as someone named Jes\u00fas attacks from 11th on GC with 30km to go, in 39\u00b0C heat, with a bidon down his shorts, you\u2019ll realise:<\/p>\n<p style=\"font-weight: 400;\">This is cycling.<\/p>\n","protected":false},"excerpt":{"rendered":"<p>Everyone loves the Tour de France. It\u2019s the prom queen of pro cycling. The Super Bowl of suffering. The only [&hellip;]<\/p>\n","protected":false},"author":99,"featured_media":199970,"comment_status":"closed","ping_status":"open","sticky":false,"template":"","format":"standard","meta":{"footnotes":""},"categories":[329,334],"tags":[2668,479,8651],"global-categories":[3366],"class_list":["post-199964","post","type-post","status-publish","format-standard","has-post-thumbnail","hentry","category-road-cycling","category-socialising-and-culture","tag-cycling-fun","tag-la-vuelta","tag-la-vuelta-vs-tour-de-france","global-categories-cycling"],"yoast_head":"<!-- This site is optimized with the Yoast SEO Premium plugin v25.3 (Yoast SEO v25.9) - https:\/\/yoast.com\/wordpress\/plugins\/seo\/ -->\n<title>Why La Vuelta Is Actually Better Than the Tour de France - \u0160koda We Love Cycling<\/title>\n<meta name=\"description\" content=\"Everyone loves the Tour de France. It\u2019s the prom queen of pro cycling. The Super Bowl of suffering. The only time your uncle who \u201cused to ride a bit\u201d\" \/>\n<meta name=\"robots\" content=\"index, follow, max-snippet:-1, max-image-preview:large, max-video-preview:-1\" \/>\n<link rel=\"canonical\" href=\"https:\/\/www.welovecycling.com\/wide\/2025\/08\/25\/why-la-vuelta-is-actually-better-than-the-tour-de-france\/\" \/>\n<meta property=\"og:locale\" content=\"en_US\" \/>\n<meta property=\"og:type\" content=\"article\" \/>\n<meta property=\"og:title\" content=\"Why La Vuelta Is Actually Better Than the Tour de France\" \/>\n<meta property=\"og:description\" content=\"Everyone loves the Tour de France. It\u2019s the prom queen of pro cycling. The Super Bowl of suffering. The only time your uncle who \u201cused to ride a bit\u201d\" \/>\n<meta property=\"og:url\" content=\"https:\/\/www.welovecycling.com\/wide\/2025\/08\/25\/why-la-vuelta-is-actually-better-than-the-tour-de-france\/\" \/>\n<meta property=\"og:site_name\" content=\"\u0160koda We Love Cycling\" \/>\n<meta property=\"article:published_time\" content=\"2025-08-25T14:34:12+00:00\" \/>\n<meta property=\"article:modified_time\" content=\"2025-08-28T15:10:18+00:00\" \/>\n<meta property=\"og:image\" content=\"https:\/\/d2p6e6u75xmxt8.cloudfront.net\/2\/2025\/08\/2025-La-Vuelta-Peloton-Finish-profimedia-1030883109-CVR.webp\" \/>\n\t<meta property=\"og:image:width\" content=\"990\" \/>\n\t<meta property=\"og:image:height\" content=\"660\" \/>\n\t<meta property=\"og:image:type\" content=\"image\/webp\" \/>\n<meta name=\"author\" content=\"tereza\" \/>\n<meta name=\"twitter:card\" content=\"summary_large_image\" \/>\n<meta name=\"twitter:label1\" content=\"Written by\" \/>\n\t<meta name=\"twitter:data1\" content=\"Monica Buck\" \/>\n\t<meta name=\"twitter:label2\" content=\"Est. reading time\" \/>\n\t<meta name=\"twitter:data2\" content=\"2\" \/>\n<script type=\"application\/ld+json\" class=\"yoast-schema-graph\">{\"@context\":\"https:\/\/schema.org\",\"@graph\":[{\"@type\":\"WebPage\",\"@id\":\"https:\/\/www.welovecycling.com\/wide\/2025\/08\/25\/why-la-vuelta-is-actually-better-than-the-tour-de-france\/\",\"url\":\"https:\/\/www.welovecycling.com\/wide\/2025\/08\/25\/why-la-vuelta-is-actually-better-than-the-tour-de-france\/\",\"name\":\"Why La Vuelta Is Actually Better Than the Tour de France - \u0160koda We Love Cycling\",\"isPartOf\":{\"@id\":\"https:\/\/www.welovecycling.com\/wide\/#website\"},\"primaryImageOfPage\":{\"@id\":\"https:\/\/www.welovecycling.com\/wide\/2025\/08\/25\/why-la-vuelta-is-actually-better-than-the-tour-de-france\/#primaryimage\"},\"image\":{\"@id\":\"https:\/\/www.welovecycling.com\/wide\/2025\/08\/25\/why-la-vuelta-is-actually-better-than-the-tour-de-france\/#primaryimage\"},\"thumbnailUrl\":\"https:\/\/d2p6e6u75xmxt8.cloudfront.net\/2\/2025\/08\/2025-La-Vuelta-Peloton-Finish-profimedia-1030883109-CVR.webp\",\"datePublished\":\"2025-08-25T14:34:12+00:00\",\"dateModified\":\"2025-08-28T15:10:18+00:00\",\"author\":{\"@id\":\"https:\/\/www.welovecycling.com\/wide\/#\/schema\/person\/50f01ecd18718d2333cf72e823c4f926\"},\"description\":\"Everyone loves the Tour de France. It\u2019s the prom queen of pro cycling. The Super Bowl of suffering. The only time your uncle who \u201cused to ride a bit\u201d\",\"breadcrumb\":{\"@id\":\"https:\/\/www.welovecycling.com\/wide\/2025\/08\/25\/why-la-vuelta-is-actually-better-than-the-tour-de-france\/#breadcrumb\"},\"inLanguage\":\"en-US\",\"potentialAction\":[{\"@type\":\"ReadAction\",\"target\":[\"https:\/\/www.welovecycling.com\/wide\/2025\/08\/25\/why-la-vuelta-is-actually-better-than-the-tour-de-france\/\"]}]},{\"@type\":\"ImageObject\",\"inLanguage\":\"en-US\",\"@id\":\"https:\/\/www.welovecycling.com\/wide\/2025\/08\/25\/why-la-vuelta-is-actually-better-than-the-tour-de-france\/#primaryimage\",\"url\":\"https:\/\/d2p6e6u75xmxt8.cloudfront.net\/2\/2025\/08\/2025-La-Vuelta-Peloton-Finish-profimedia-1030883109-CVR.webp\",\"contentUrl\":\"https:\/\/d2p6e6u75xmxt8.cloudfront.net\/2\/2025\/08\/2025-La-Vuelta-Peloton-Finish-profimedia-1030883109-CVR.webp\",\"width\":990,\"height\":660,\"caption\":\"La Vuelta\"},{\"@type\":\"BreadcrumbList\",\"@id\":\"https:\/\/www.welovecycling.com\/wide\/2025\/08\/25\/why-la-vuelta-is-actually-better-than-the-tour-de-france\/#breadcrumb\",\"itemListElement\":[{\"@type\":\"ListItem\",\"position\":1,\"name\":\"Home\",\"item\":\"https:\/\/www.welovecycling.com\/wide\/\"},{\"@type\":\"ListItem\",\"position\":2,\"name\":\"Why La Vuelta Is Actually Better Than the Tour de France\"}]},{\"@type\":\"WebSite\",\"@id\":\"https:\/\/www.welovecycling.com\/wide\/#website\",\"url\":\"https:\/\/www.welovecycling.com\/wide\/\",\"name\":\"\u0160koda We Love Cycling\",\"description\":\"\u0160koda We Love Cycling magazine\",\"alternateName\":\"\u0160koda WLC\",\"potentialAction\":[{\"@type\":\"SearchAction\",\"target\":{\"@type\":\"EntryPoint\",\"urlTemplate\":\"https:\/\/www.welovecycling.com\/wide\/?s={search_term_string}\"},\"query-input\":{\"@type\":\"PropertyValueSpecification\",\"valueRequired\":true,\"valueName\":\"search_term_string\"}}],\"inLanguage\":\"en-US\"},{\"@type\":\"Person\",\"@id\":\"https:\/\/www.welovecycling.com\/wide\/#\/schema\/person\/50f01ecd18718d2333cf72e823c4f926\",\"name\":\"tereza\",\"image\":{\"@type\":\"ImageObject\",\"inLanguage\":\"en-US\",\"@id\":\"https:\/\/www.welovecycling.com\/wide\/#\/schema\/person\/image\/\",\"url\":\"https:\/\/secure.gravatar.com\/avatar\/1f9eb71be33845f0afabce3791bc1c58ecdb0a25c62964987e5dbcf7a20d2ec7?s=96&d=mm&r=g\",\"contentUrl\":\"https:\/\/secure.gravatar.com\/avatar\/1f9eb71be33845f0afabce3791bc1c58ecdb0a25c62964987e5dbcf7a20d2ec7?s=96&d=mm&r=g\",\"caption\":\"tereza\"},\"url\":\"https:\/\/www.welovecycling.com\/wide\/author\/tereza\/\"}]}<\/script>\n<!-- \/ Yoast SEO Premium plugin. -->","yoast_head_json":{"title":"Why La Vuelta Is Actually Better Than the Tour de France - \u0160koda We Love Cycling","description":"Everyone loves the Tour de France. It\u2019s the prom queen of pro cycling. The Super Bowl of suffering. The only time your uncle who \u201cused to ride a bit\u201d","robots":{"index":"index","follow":"follow","max-snippet":"max-snippet:-1","max-image-preview":"max-image-preview:large","max-video-preview":"max-video-preview:-1"},"canonical":"https:\/\/www.welovecycling.com\/wide\/2025\/08\/25\/why-la-vuelta-is-actually-better-than-the-tour-de-france\/","og_locale":"en_US","og_type":"article","og_title":"Why La Vuelta Is Actually Better Than the Tour de France","og_description":"Everyone loves the Tour de France. It\u2019s the prom queen of pro cycling. The Super Bowl of suffering. The only time your uncle who \u201cused to ride a bit\u201d","og_url":"https:\/\/www.welovecycling.com\/wide\/2025\/08\/25\/why-la-vuelta-is-actually-better-than-the-tour-de-france\/","og_site_name":"\u0160koda We Love Cycling","article_published_time":"2025-08-25T14:34:12+00:00","article_modified_time":"2025-08-28T15:10:18+00:00","og_image":[{"width":990,"height":660,"url":"https:\/\/d2p6e6u75xmxt8.cloudfront.net\/2\/2025\/08\/2025-La-Vuelta-Peloton-Finish-profimedia-1030883109-CVR.webp","type":"image\/webp"}],"author":"tereza","twitter_card":"summary_large_image","twitter_misc":{"Written by":"Monica Buck","Est. reading time":"2"},"schema":{"@context":"https:\/\/schema.org","@graph":[{"@type":"WebPage","@id":"https:\/\/www.welovecycling.com\/wide\/2025\/08\/25\/why-la-vuelta-is-actually-better-than-the-tour-de-france\/","url":"https:\/\/www.welovecycling.com\/wide\/2025\/08\/25\/why-la-vuelta-is-actually-better-than-the-tour-de-france\/","name":"Why La Vuelta Is Actually Better Than the Tour de France - \u0160koda We Love Cycling","isPartOf":{"@id":"https:\/\/www.welovecycling.com\/wide\/#website"},"primaryImageOfPage":{"@id":"https:\/\/www.welovecycling.com\/wide\/2025\/08\/25\/why-la-vuelta-is-actually-better-than-the-tour-de-france\/#primaryimage"},"image":{"@id":"https:\/\/www.welovecycling.com\/wide\/2025\/08\/25\/why-la-vuelta-is-actually-better-than-the-tour-de-france\/#primaryimage"},"thumbnailUrl":"https:\/\/d2p6e6u75xmxt8.cloudfront.net\/2\/2025\/08\/2025-La-Vuelta-Peloton-Finish-profimedia-1030883109-CVR.webp","datePublished":"2025-08-25T14:34:12+00:00","dateModified":"2025-08-28T15:10:18+00:00","author":{"@id":"https:\/\/www.welovecycling.com\/wide\/#\/schema\/person\/50f01ecd18718d2333cf72e823c4f926"},"description":"Everyone loves the Tour de France. It\u2019s the prom queen of pro cycling. The Super Bowl of suffering. The only time your uncle who \u201cused to ride a bit\u201d","breadcrumb":{"@id":"https:\/\/www.welovecycling.com\/wide\/2025\/08\/25\/why-la-vuelta-is-actually-better-than-the-tour-de-france\/#breadcrumb"},"inLanguage":"en-US","potentialAction":[{"@type":"ReadAction","target":["https:\/\/www.welovecycling.com\/wide\/2025\/08\/25\/why-la-vuelta-is-actually-better-than-the-tour-de-france\/"]}]},{"@type":"ImageObject","inLanguage":"en-US","@id":"https:\/\/www.welovecycling.com\/wide\/2025\/08\/25\/why-la-vuelta-is-actually-better-than-the-tour-de-france\/#primaryimage","url":"https:\/\/d2p6e6u75xmxt8.cloudfront.net\/2\/2025\/08\/2025-La-Vuelta-Peloton-Finish-profimedia-1030883109-CVR.webp","contentUrl":"https:\/\/d2p6e6u75xmxt8.cloudfront.net\/2\/2025\/08\/2025-La-Vuelta-Peloton-Finish-profimedia-1030883109-CVR.webp","width":990,"height":660,"caption":"La Vuelta"},{"@type":"BreadcrumbList","@id":"https:\/\/www.welovecycling.com\/wide\/2025\/08\/25\/why-la-vuelta-is-actually-better-than-the-tour-de-france\/#breadcrumb","itemListElement":[{"@type":"ListItem","position":1,"name":"Home","item":"https:\/\/www.welovecycling.com\/wide\/"},{"@type":"ListItem","position":2,"name":"Why La Vuelta Is Actually Better Than the Tour de France"}]},{"@type":"WebSite","@id":"https:\/\/www.welovecycling.com\/wide\/#website","url":"https:\/\/www.welovecycling.com\/wide\/","name":"\u0160koda We Love Cycling","description":"\u0160koda We Love Cycling magazine","alternateName":"\u0160koda WLC","potentialAction":[{"@type":"SearchAction","target":{"@type":"EntryPoint","urlTemplate":"https:\/\/www.welovecycling.com\/wide\/?s={search_term_string}"},"query-input":{"@type":"PropertyValueSpecification","valueRequired":true,"valueName":"search_term_string"}}],"inLanguage":"en-US"},{"@type":"Person","@id":"https:\/\/www.welovecycling.com\/wide\/#\/schema\/person\/50f01ecd18718d2333cf72e823c4f926","name":"tereza","image":{"@type":"ImageObject","inLanguage":"en-US","@id":"https:\/\/www.welovecycling.com\/wide\/#\/schema\/person\/image\/","url":"https:\/\/secure.gravatar.com\/avatar\/1f9eb71be33845f0afabce3791bc1c58ecdb0a25c62964987e5dbcf7a20d2ec7?s=96&d=mm&r=g","contentUrl":"https:\/\/secure.gravatar.com\/avatar\/1f9eb71be33845f0afabce3791bc1c58ecdb0a25c62964987e5dbcf7a20d2ec7?s=96&d=mm&r=g","caption":"tereza"},"url":"https:\/\/www.welovecycling.com\/wide\/author\/tereza\/"}]}},"_links":{"self":[{"href":"https:\/\/www.welovecycling.com\/wide\/wp-json\/wp\/v2\/posts\/199964","targetHints":{"allow":["GET"]}}],"collection":[{"href":"https:\/\/www.welovecycling.com\/wide\/wp-json\/wp\/v2\/posts"}],"about":[{"href":"https:\/\/www.welovecycling.com\/wide\/wp-json\/wp\/v2\/types\/post"}],"author":[{"embeddable":true,"href":"https:\/\/www.welovecycling.com\/wide\/wp-json\/wp\/v2\/users\/99"}],"replies":[{"embeddable":true,"href":"https:\/\/www.welovecycling.com\/wide\/wp-json\/wp\/v2\/comments?post=199964"}],"version-history":[{"count":4,"href":"https:\/\/www.welovecycling.com\/wide\/wp-json\/wp\/v2\/posts\/199964\/revisions"}],"predecessor-version":[{"id":199973,"href":"https:\/\/www.welovecycling.com\/wide\/wp-json\/wp\/v2\/posts\/199964\/revisions\/199973"}],"wp:featuredmedia":[{"embeddable":true,"href":"https:\/\/www.welovecycling.com\/wide\/wp-json\/wp\/v2\/media\/199970"}],"wp:attachment":[{"href":"https:\/\/www.welovecycling.com\/wide\/wp-json\/wp\/v2\/media?parent=199964"}],"wp:term":[{"taxonomy":"category","embeddable":true,"href":"https:\/\/www.welovecycling.com\/wide\/wp-json\/wp\/v2\/categories?post=199964"},{"taxonomy":"post_tag","embeddable":true,"href":"https:\/\/www.welovecycling.com\/wide\/wp-json\/wp\/v2\/tags?post=199964"},{"taxonomy":"global-categories","embeddable":true,"href":"https:\/\/www.welovecycling.com\/wide\/wp-json\/wp\/v2\/global-categories?post=199964"}],"curies":[{"name":"wp","href":"https:\/\/api.w.org\/{rel}","templated":true}]}}