{"id":199920,"date":"2025-08-25T09:24:18","date_gmt":"2025-08-25T09:24:18","guid":{"rendered":"https:\/\/www.welovecycling.com\/wide\/?p=199920"},"modified":"2025-08-25T09:24:18","modified_gmt":"2025-08-25T09:24:18","slug":"vingegaard-ends-grand-tour-victory-drought-with-hard-earned-win-on-vuelta-stage-2","status":"publish","type":"post","link":"https:\/\/www.welovecycling.com\/wide\/2025\/08\/25\/vingegaard-ends-grand-tour-victory-drought-with-hard-earned-win-on-vuelta-stage-2\/","title":{"rendered":"Vingegaard Ends Grand Tour Victory Drought with Hard-Earned Win on Vuelta Stage 2"},"content":{"rendered":"<p style=\"font-weight: 400;\"><strong>Jonas Vingegaard earned his first Grand Tour victory in more than 14 months when he nipped Lidl-Trek\u2019s Giulio Ciccone on the finish line of Sunday\u2019s stage 2 of the Vuelta Ciclista a Espa\u00f1a. On the first of ten summit finishes in the race, the Visma\u2013Lease a Bike leader went in pursuit of Ciccone with 300 meters left to ride and caught him in the last centimetres.<\/strong><\/p>\n<p><!--more--><\/p>\n<h2 style=\"font-weight: 400;\"><strong>A crash in the rain and a surge to the line<\/strong><\/h2>\n<p style=\"font-weight: 400;\">The two-time Tour de France champion survived a mass crash on a roundabout made slippery by rain with 26 km to go in the 159.5 km course from the Italian city of Alba to Limone Piemonte and registered only his second victory of the year, after stage 5 of the Volta ao Algarve on February 23. His last Grand Tour win dates back to stage 11 of the 2024 Tour de France, on July 10.<\/p>\n<p style=\"font-weight: 400;\">\u201cTo be honest, you&#8217;re not going to let a stage win go by, so when I saw the opportunity, of course I&#8217;ll take it,\u201d he said afterwards. \u201cSuper happy with the victory today, it&#8217;s been a while since my last victory,obviously. Super happy with how I felt and how the team did today, also super happy having the red jersey.\u201d<\/p>\n<p style=\"font-weight: 400;\">Asked about how he managed to catch Ciccone, he said, \u201cI just went on his wheel and, to be honest, before the corner I didn&#8217;t think it would be possible to pass him. But then, from the corner, it was a bit longer to the finish than I thought, so then luckily I could just pass him.\u201d<\/p>\n<p style=\"font-weight: 400;\">Vingegaard\u2019s Visma teammates set a high-speed pace at the front of what was left of the peloton on the first half of the climb to Limone Piemonte (9.8 km @ 5.1%, with a 10% ramp near the top), but it was a large group of riders that came into the stage\u2019s final kilometre. Marc Soler (UAE Team Emirates\u2013XRG) set off the fight for the finish, but was caught by former Vuelta winner Sepp Kuss, who then put Vingegaard in position to go for the win.<\/p>\n<p style=\"font-weight: 400;\">But Ciccone was the first to sprint towards the line, at 300 meters, and had a lead of two bike lengths when Vingegaard set out in pursuit. It looked as if he had moved too late, but a final burst took him past the 30-year-old Italian as they both crossed the line. David Gaudu (Groupama-FDJ) finished third, earning his first Grand Tour stage podium since winning two stages of the 2020 Vuelta, while the resurgent Egan Bernal (INEOS Grenadiers) finished fourth.<\/p>\n<p style=\"font-weight: 400;\">Vingegaard benefited from the peloton slowing down to allow him to rejoin it after he crashed with several other riders. Ciccone said this was simply part of the sport\u2019s unwritten rules. \u201cYou can&#8217;t take advantage when a great champion is down,\u201d he said. Nevertheless, he was disappointed that he couldn\u2019t win the stage. \u201cI went for it on gut instinct, but that was maybe a bit too early,\u201d he explained. \u201cIt was too difficult to keep it up. My legs are very good, but it&#8217;s a shame I didn&#8217;t win.\u201d<\/p>\n<p style=\"font-weight: 400;\">Vingegaard also won his first race leader\u2019s jersey, colored red in the Vuelta, since winning the 2023 Tour de France. With 19 stages still to race, he leads Ciccone by 4 seconds, with Gaudu in third at 6 seconds. Vingegaard\u2019s main rivals, Joao Almeida\u00a0and Juan Ayuso (both UAE Team Emirates\u2013XRG) and Ben O\u2019Connor (Jayco AlUla) finished 2 seconds behind and trail him in the GC by 12 seconds.<\/p>\n<h2 style=\"font-weight: 400;\"><strong>Philipsen\u2019s d\u00e9j\u00e0 vu victory<\/strong><\/h2>\n<p style=\"font-weight: 400;\">It was d\u00e9j\u00e0 vu on Saturday when Jasper Philipsen (Alpecin-Deceuninck) easily won the opening stage of the Vuelta just as he had won stage 1 of this year\u2019s Tour de France. But he will hope that the similarity ends with that as he crashed on stage 3 of the Tour, breaking his collarbone, and had to abandon. Saturday\u2019s stage was the first of only two classified as bunch sprint races (stage 21 is the other), which means he took home 50 points in the \u0160koda Green Jersey competition.<\/p>\n<p style=\"font-weight: 400;\">Ethan Vernon (Israel\u2013Premier Tech) finished second, and Orluis Orlar (Movistar) finished third. More importantly, one of Philipsen\u2019s big rivals for the green jersey, Mads Pedersen (Lidl-Trek), was caught out of position when the sprint began and finished tenth. This means that the 2021 Vuelta green jersey winner trails Philipsen by 47 points in the points classification race.<\/p>\n<p style=\"font-weight: 400;\">\u201cIt&#8217;s a dream come true to be back here,\u201d Philipsen said. \u201cAfter the Tour, I was a bit down, my motivation was low, but then I got the opportunity to do the Vuelta. I didn&#8217;t know if it was possible; time was not on my side. I had to come back really fast from my injuries to achieve this. But when you have a setback, you have to find new goals. This win was especially nice, because I knew that for the kind of sprinter I am, there was only one real chance in the Vuelta, and that was today.\u201d<\/p>\n<p style=\"font-weight: 400;\">The question is what he\u2019s going to do over the next three weeks, with only the final stage to look forward to. He will have to get into breakaways in order to take points on intermediate sprints and then hope for another dominant victory in Madrid on September 14, and that Vingegaard doesn\u2019t win many more races. The Dane is in third place in the green jersey race, with 30 points, with Philipsen at 50 and Vernon with 40.<\/p>\n<h4 style=\"font-weight: 400;\"><strong>Results of Stage 2 of the 2025 Vuelta Ciclista a Espa\u00f1a<\/strong><\/h4>\n<ol>\n<li style=\"font-weight: 400;\">Jonas Vingegaard, Visma\u2013Lease a Bike 3:47:14<\/li>\n<li style=\"font-weight: 400;\">Giulio Ciccone, Lidl-Trek \u201c<\/li>\n<li style=\"font-weight: 400;\">David Gaudu, Groupama-FDJ \u201c<\/li>\n<li style=\"font-weight: 400;\">Egan Bernal, INEOS Grenadiers \u201c<\/li>\n<li style=\"font-weight: 400;\">Jo\u00e3o Almeida, UAE Team Emirates\u2013XRG + 0.02<\/li>\n<li style=\"font-weight: 400;\">Felix Gall, Decathlon AG2R La Mondiale \u201c<\/li>\n<li style=\"font-weight: 400;\">Jai Hindley, Red Bull\u2013BORA\u2013hansgrohe \u201c<\/li>\n<li style=\"font-weight: 400;\">Juan Ayuso, UAE Team Emirates\u2013XRG \u00a0\u00a0\u00a0\u00a0\u00a0\u201c<\/li>\n<li style=\"font-weight: 400;\">Matteo Jorgenson, Visma\u2013Lease a Bike \u00a0\u00a0\u00a0\u00a0\u00a0\u00a0\u201c<\/li>\n<li style=\"font-weight: 400;\">Tom Pidcock, Q36.5 \u201c<\/li>\n<\/ol>\n<h4 style=\"font-weight: 400;\"><strong>General Classification after Stage 2 of the Vuelta Ciclista a Espa\u00f1a <\/strong><\/h4>\n<ol>\n<li style=\"font-weight: 400;\">Jonas Vingegaard, Visma\u2013Lease a Bike \u00a0\u00a0\u00a0\u00a0\u00a0\u00a0\u00a07:56:16<\/li>\n<li style=\"font-weight: 400;\">Giulio Ciccone, Lidl-Trek + 0.04<\/li>\n<li style=\"font-weight: 400;\">David Gaudu, Groupama-FDJ + 0.06<\/li>\n<li style=\"font-weight: 400;\">Egan Bernal, INEOS Grenadiers + 0.10<\/li>\n<li style=\"font-weight: 400;\">Tom Pidcock, Q36.5 + 0.12<\/li>\n<li style=\"font-weight: 400;\">Jai Hindley, Red Bull\u2013BORA\u2013hansgrohe \u201d<\/li>\n<li style=\"font-weight: 400;\">Santiago Buitrago, Bahrain-Victorious \u201c<\/li>\n<li style=\"font-weight: 400;\">Matteo Jorgenson, Visma\u2013Lease a Bike \u201c<\/li>\n<li style=\"font-weight: 400;\">Juan Ayuso, UAE Team Emirates\u2013XRG \u201c<\/li>\n<li style=\"font-weight: 400;\">Marc Soler, UAE Team Emirates\u2013XRG \u201c<\/li>\n<\/ol>\n","protected":false},"excerpt":{"rendered":"<p>Jonas Vingegaard earned his first Grand Tour victory in more than 14 months when he nipped Lidl-Trek\u2019s Giulio Ciccone on [&hellip;]<\/p>\n","protected":false},"author":99,"featured_media":199923,"comment_status":"closed","ping_status":"open","sticky":false,"template":"","format":"standard","meta":{"footnotes":""},"categories":[329],"tags":[8642,3939,5436,5450,6699,479],"global-categories":[3366],"class_list":["post-199920","post","type-post","status-publish","format-standard","has-post-thumbnail","hentry","category-road-cycling","tag-2025-la-vuelta","tag-giulio-ciccone","tag-jasper-philipsen","tag-jonas-vingegaard","tag-juan-ayuso","tag-la-vuelta","global-categories-cycling"],"yoast_head":"<!-- This site is optimized with the Yoast SEO Premium plugin v25.3 (Yoast SEO v25.9) - https:\/\/yoast.com\/wordpress\/plugins\/seo\/ -->\n<title>Jonas Vingegaard Wins La Vuelta Stage 2<\/title>\n<meta name=\"description\" content=\"Jonas Vingegaard earned his first Grand Tour victory in more than 14 months when he nipped Lidl-Trek\u2019s Giulio Ciccone on the finish line of Sunday\u2019s stage\" \/>\n<meta name=\"robots\" content=\"index, follow, max-snippet:-1, max-image-preview:large, max-video-preview:-1\" \/>\n<link rel=\"canonical\" href=\"https:\/\/www.welovecycling.com\/wide\/2025\/08\/25\/vingegaard-ends-grand-tour-victory-drought-with-hard-earned-win-on-vuelta-stage-2\/\" \/>\n<meta property=\"og:locale\" content=\"en_US\" \/>\n<meta property=\"og:type\" content=\"article\" \/>\n<meta property=\"og:title\" content=\"Vingegaard Ends Grand Tour Victory Drought with Hard-Earned Win on Vuelta Stage 2\" \/>\n<meta property=\"og:description\" content=\"Jonas Vingegaard earned his first Grand Tour victory in more than 14 months when he nipped Lidl-Trek\u2019s Giulio Ciccone on the finish line of Sunday\u2019s stage\" \/>\n<meta property=\"og:url\" content=\"https:\/\/www.welovecycling.com\/wide\/2025\/08\/25\/vingegaard-ends-grand-tour-victory-drought-with-hard-earned-win-on-vuelta-stage-2\/\" \/>\n<meta property=\"og:site_name\" content=\"\u0160koda We Love Cycling\" \/>\n<meta property=\"article:published_time\" content=\"2025-08-25T09:24:18+00:00\" \/>\n<meta property=\"og:image\" content=\"https:\/\/d2p6e6u75xmxt8.cloudfront.net\/2\/2025\/08\/Jonas-Vingegaard-profimedia-1031043532-CVR.webp\" \/>\n\t<meta property=\"og:image:width\" content=\"990\" \/>\n\t<meta property=\"og:image:height\" content=\"660\" \/>\n\t<meta property=\"og:image:type\" content=\"image\/webp\" \/>\n<meta name=\"author\" content=\"tereza\" \/>\n<meta name=\"twitter:card\" content=\"summary_large_image\" \/>\n<meta name=\"twitter:label1\" content=\"Written by\" \/>\n\t<meta name=\"twitter:data1\" content=\"Siegfried Mortkowitz\" \/>\n\t<meta name=\"twitter:label2\" content=\"Est. reading time\" \/>\n\t<meta name=\"twitter:data2\" content=\"2\" \/>\n<script type=\"application\/ld+json\" class=\"yoast-schema-graph\">{\"@context\":\"https:\/\/schema.org\",\"@graph\":[{\"@type\":\"WebPage\",\"@id\":\"https:\/\/www.welovecycling.com\/wide\/2025\/08\/25\/vingegaard-ends-grand-tour-victory-drought-with-hard-earned-win-on-vuelta-stage-2\/\",\"url\":\"https:\/\/www.welovecycling.com\/wide\/2025\/08\/25\/vingegaard-ends-grand-tour-victory-drought-with-hard-earned-win-on-vuelta-stage-2\/\",\"name\":\"Jonas Vingegaard Wins La Vuelta Stage 2\",\"isPartOf\":{\"@id\":\"https:\/\/www.welovecycling.com\/wide\/#website\"},\"primaryImageOfPage\":{\"@id\":\"https:\/\/www.welovecycling.com\/wide\/2025\/08\/25\/vingegaard-ends-grand-tour-victory-drought-with-hard-earned-win-on-vuelta-stage-2\/#primaryimage\"},\"image\":{\"@id\":\"https:\/\/www.welovecycling.com\/wide\/2025\/08\/25\/vingegaard-ends-grand-tour-victory-drought-with-hard-earned-win-on-vuelta-stage-2\/#primaryimage\"},\"thumbnailUrl\":\"https:\/\/d2p6e6u75xmxt8.cloudfront.net\/2\/2025\/08\/Jonas-Vingegaard-profimedia-1031043532-CVR.webp\",\"datePublished\":\"2025-08-25T09:24:18+00:00\",\"author\":{\"@id\":\"https:\/\/www.welovecycling.com\/wide\/#\/schema\/person\/50f01ecd18718d2333cf72e823c4f926\"},\"description\":\"Jonas Vingegaard earned his first Grand Tour victory in more than 14 months when he nipped Lidl-Trek\u2019s Giulio Ciccone on the finish line of Sunday\u2019s stage\",\"breadcrumb\":{\"@id\":\"https:\/\/www.welovecycling.com\/wide\/2025\/08\/25\/vingegaard-ends-grand-tour-victory-drought-with-hard-earned-win-on-vuelta-stage-2\/#breadcrumb\"},\"inLanguage\":\"en-US\",\"potentialAction\":[{\"@type\":\"ReadAction\",\"target\":[\"https:\/\/www.welovecycling.com\/wide\/2025\/08\/25\/vingegaard-ends-grand-tour-victory-drought-with-hard-earned-win-on-vuelta-stage-2\/\"]}]},{\"@type\":\"ImageObject\",\"inLanguage\":\"en-US\",\"@id\":\"https:\/\/www.welovecycling.com\/wide\/2025\/08\/25\/vingegaard-ends-grand-tour-victory-drought-with-hard-earned-win-on-vuelta-stage-2\/#primaryimage\",\"url\":\"https:\/\/d2p6e6u75xmxt8.cloudfront.net\/2\/2025\/08\/Jonas-Vingegaard-profimedia-1031043532-CVR.webp\",\"contentUrl\":\"https:\/\/d2p6e6u75xmxt8.cloudfront.net\/2\/2025\/08\/Jonas-Vingegaard-profimedia-1031043532-CVR.webp\",\"width\":990,\"height\":660,\"caption\":\"Jonas Vingegaard\"},{\"@type\":\"BreadcrumbList\",\"@id\":\"https:\/\/www.welovecycling.com\/wide\/2025\/08\/25\/vingegaard-ends-grand-tour-victory-drought-with-hard-earned-win-on-vuelta-stage-2\/#breadcrumb\",\"itemListElement\":[{\"@type\":\"ListItem\",\"position\":1,\"name\":\"Home\",\"item\":\"https:\/\/www.welovecycling.com\/wide\/\"},{\"@type\":\"ListItem\",\"position\":2,\"name\":\"Vingegaard Ends Grand Tour Victory Drought with Hard-Earned Win on Vuelta Stage 2\"}]},{\"@type\":\"WebSite\",\"@id\":\"https:\/\/www.welovecycling.com\/wide\/#website\",\"url\":\"https:\/\/www.welovecycling.com\/wide\/\",\"name\":\"\u0160koda We Love Cycling\",\"description\":\"\u0160koda We Love Cycling magazine\",\"alternateName\":\"\u0160koda WLC\",\"potentialAction\":[{\"@type\":\"SearchAction\",\"target\":{\"@type\":\"EntryPoint\",\"urlTemplate\":\"https:\/\/www.welovecycling.com\/wide\/?s={search_term_string}\"},\"query-input\":{\"@type\":\"PropertyValueSpecification\",\"valueRequired\":true,\"valueName\":\"search_term_string\"}}],\"inLanguage\":\"en-US\"},{\"@type\":\"Person\",\"@id\":\"https:\/\/www.welovecycling.com\/wide\/#\/schema\/person\/50f01ecd18718d2333cf72e823c4f926\",\"name\":\"tereza\",\"image\":{\"@type\":\"ImageObject\",\"inLanguage\":\"en-US\",\"@id\":\"https:\/\/www.welovecycling.com\/wide\/#\/schema\/person\/image\/\",\"url\":\"https:\/\/secure.gravatar.com\/avatar\/1f9eb71be33845f0afabce3791bc1c58ecdb0a25c62964987e5dbcf7a20d2ec7?s=96&d=mm&r=g\",\"contentUrl\":\"https:\/\/secure.gravatar.com\/avatar\/1f9eb71be33845f0afabce3791bc1c58ecdb0a25c62964987e5dbcf7a20d2ec7?s=96&d=mm&r=g\",\"caption\":\"tereza\"},\"url\":\"https:\/\/www.welovecycling.com\/wide\/author\/tereza\/\"}]}<\/script>\n<!-- \/ Yoast SEO Premium plugin. -->","yoast_head_json":{"title":"Jonas Vingegaard Wins La Vuelta Stage 2","description":"Jonas Vingegaard earned his first Grand Tour victory in more than 14 months when he nipped Lidl-Trek\u2019s Giulio Ciccone on the finish line of Sunday\u2019s stage","robots":{"index":"index","follow":"follow","max-snippet":"max-snippet:-1","max-image-preview":"max-image-preview:large","max-video-preview":"max-video-preview:-1"},"canonical":"https:\/\/www.welovecycling.com\/wide\/2025\/08\/25\/vingegaard-ends-grand-tour-victory-drought-with-hard-earned-win-on-vuelta-stage-2\/","og_locale":"en_US","og_type":"article","og_title":"Vingegaard Ends Grand Tour Victory Drought with Hard-Earned Win on Vuelta Stage 2","og_description":"Jonas Vingegaard earned his first Grand Tour victory in more than 14 months when he nipped Lidl-Trek\u2019s Giulio Ciccone on the finish line of Sunday\u2019s stage","og_url":"https:\/\/www.welovecycling.com\/wide\/2025\/08\/25\/vingegaard-ends-grand-tour-victory-drought-with-hard-earned-win-on-vuelta-stage-2\/","og_site_name":"\u0160koda We Love Cycling","article_published_time":"2025-08-25T09:24:18+00:00","og_image":[{"width":990,"height":660,"url":"https:\/\/d2p6e6u75xmxt8.cloudfront.net\/2\/2025\/08\/Jonas-Vingegaard-profimedia-1031043532-CVR.webp","type":"image\/webp"}],"author":"tereza","twitter_card":"summary_large_image","twitter_misc":{"Written by":"Siegfried Mortkowitz","Est. reading time":"2"},"schema":{"@context":"https:\/\/schema.org","@graph":[{"@type":"WebPage","@id":"https:\/\/www.welovecycling.com\/wide\/2025\/08\/25\/vingegaard-ends-grand-tour-victory-drought-with-hard-earned-win-on-vuelta-stage-2\/","url":"https:\/\/www.welovecycling.com\/wide\/2025\/08\/25\/vingegaard-ends-grand-tour-victory-drought-with-hard-earned-win-on-vuelta-stage-2\/","name":"Jonas Vingegaard Wins La Vuelta Stage 2","isPartOf":{"@id":"https:\/\/www.welovecycling.com\/wide\/#website"},"primaryImageOfPage":{"@id":"https:\/\/www.welovecycling.com\/wide\/2025\/08\/25\/vingegaard-ends-grand-tour-victory-drought-with-hard-earned-win-on-vuelta-stage-2\/#primaryimage"},"image":{"@id":"https:\/\/www.welovecycling.com\/wide\/2025\/08\/25\/vingegaard-ends-grand-tour-victory-drought-with-hard-earned-win-on-vuelta-stage-2\/#primaryimage"},"thumbnailUrl":"https:\/\/d2p6e6u75xmxt8.cloudfront.net\/2\/2025\/08\/Jonas-Vingegaard-profimedia-1031043532-CVR.webp","datePublished":"2025-08-25T09:24:18+00:00","author":{"@id":"https:\/\/www.welovecycling.com\/wide\/#\/schema\/person\/50f01ecd18718d2333cf72e823c4f926"},"description":"Jonas Vingegaard earned his first Grand Tour victory in more than 14 months when he nipped Lidl-Trek\u2019s Giulio Ciccone on the finish line of Sunday\u2019s stage","breadcrumb":{"@id":"https:\/\/www.welovecycling.com\/wide\/2025\/08\/25\/vingegaard-ends-grand-tour-victory-drought-with-hard-earned-win-on-vuelta-stage-2\/#breadcrumb"},"inLanguage":"en-US","potentialAction":[{"@type":"ReadAction","target":["https:\/\/www.welovecycling.com\/wide\/2025\/08\/25\/vingegaard-ends-grand-tour-victory-drought-with-hard-earned-win-on-vuelta-stage-2\/"]}]},{"@type":"ImageObject","inLanguage":"en-US","@id":"https:\/\/www.welovecycling.com\/wide\/2025\/08\/25\/vingegaard-ends-grand-tour-victory-drought-with-hard-earned-win-on-vuelta-stage-2\/#primaryimage","url":"https:\/\/d2p6e6u75xmxt8.cloudfront.net\/2\/2025\/08\/Jonas-Vingegaard-profimedia-1031043532-CVR.webp","contentUrl":"https:\/\/d2p6e6u75xmxt8.cloudfront.net\/2\/2025\/08\/Jonas-Vingegaard-profimedia-1031043532-CVR.webp","width":990,"height":660,"caption":"Jonas Vingegaard"},{"@type":"BreadcrumbList","@id":"https:\/\/www.welovecycling.com\/wide\/2025\/08\/25\/vingegaard-ends-grand-tour-victory-drought-with-hard-earned-win-on-vuelta-stage-2\/#breadcrumb","itemListElement":[{"@type":"ListItem","position":1,"name":"Home","item":"https:\/\/www.welovecycling.com\/wide\/"},{"@type":"ListItem","position":2,"name":"Vingegaard Ends Grand Tour Victory Drought with Hard-Earned Win on Vuelta Stage 2"}]},{"@type":"WebSite","@id":"https:\/\/www.welovecycling.com\/wide\/#website","url":"https:\/\/www.welovecycling.com\/wide\/","name":"\u0160koda We Love Cycling","description":"\u0160koda We Love Cycling magazine","alternateName":"\u0160koda WLC","potentialAction":[{"@type":"SearchAction","target":{"@type":"EntryPoint","urlTemplate":"https:\/\/www.welovecycling.com\/wide\/?s={search_term_string}"},"query-input":{"@type":"PropertyValueSpecification","valueRequired":true,"valueName":"search_term_string"}}],"inLanguage":"en-US"},{"@type":"Person","@id":"https:\/\/www.welovecycling.com\/wide\/#\/schema\/person\/50f01ecd18718d2333cf72e823c4f926","name":"tereza","image":{"@type":"ImageObject","inLanguage":"en-US","@id":"https:\/\/www.welovecycling.com\/wide\/#\/schema\/person\/image\/","url":"https:\/\/secure.gravatar.com\/avatar\/1f9eb71be33845f0afabce3791bc1c58ecdb0a25c62964987e5dbcf7a20d2ec7?s=96&d=mm&r=g","contentUrl":"https:\/\/secure.gravatar.com\/avatar\/1f9eb71be33845f0afabce3791bc1c58ecdb0a25c62964987e5dbcf7a20d2ec7?s=96&d=mm&r=g","caption":"tereza"},"url":"https:\/\/www.welovecycling.com\/wide\/author\/tereza\/"}]}},"_links":{"self":[{"href":"https:\/\/www.welovecycling.com\/wide\/wp-json\/wp\/v2\/posts\/199920","targetHints":{"allow":["GET"]}}],"collection":[{"href":"https:\/\/www.welovecycling.com\/wide\/wp-json\/wp\/v2\/posts"}],"about":[{"href":"https:\/\/www.welovecycling.com\/wide\/wp-json\/wp\/v2\/types\/post"}],"author":[{"embeddable":true,"href":"https:\/\/www.welovecycling.com\/wide\/wp-json\/wp\/v2\/users\/99"}],"replies":[{"embeddable":true,"href":"https:\/\/www.welovecycling.com\/wide\/wp-json\/wp\/v2\/comments?post=199920"}],"version-history":[{"count":3,"href":"https:\/\/www.welovecycling.com\/wide\/wp-json\/wp\/v2\/posts\/199920\/revisions"}],"predecessor-version":[{"id":199924,"href":"https:\/\/www.welovecycling.com\/wide\/wp-json\/wp\/v2\/posts\/199920\/revisions\/199924"}],"wp:featuredmedia":[{"embeddable":true,"href":"https:\/\/www.welovecycling.com\/wide\/wp-json\/wp\/v2\/media\/199923"}],"wp:attachment":[{"href":"https:\/\/www.welovecycling.com\/wide\/wp-json\/wp\/v2\/media?parent=199920"}],"wp:term":[{"taxonomy":"category","embeddable":true,"href":"https:\/\/www.welovecycling.com\/wide\/wp-json\/wp\/v2\/categories?post=199920"},{"taxonomy":"post_tag","embeddable":true,"href":"https:\/\/www.welovecycling.com\/wide\/wp-json\/wp\/v2\/tags?post=199920"},{"taxonomy":"global-categories","embeddable":true,"href":"https:\/\/www.welovecycling.com\/wide\/wp-json\/wp\/v2\/global-categories?post=199920"}],"curies":[{"name":"wp","href":"https:\/\/api.w.org\/{rel}","templated":true}]}}