{"id":199702,"date":"2025-08-22T05:10:46","date_gmt":"2025-08-22T05:10:46","guid":{"rendered":"https:\/\/www.welovecycling.com\/wide\/?p=199702"},"modified":"2025-08-22T05:10:46","modified_gmt":"2025-08-22T05:10:46","slug":"what-its-really-like-to-race-the-tour-de-france-femmes-avec-zwift","status":"publish","type":"post","link":"https:\/\/www.welovecycling.com\/wide\/2025\/08\/22\/what-its-really-like-to-race-the-tour-de-france-femmes-avec-zwift\/","title":{"rendered":"What It\u2019s Really Like to Race the Tour de France Femmes avec Zwift"},"content":{"rendered":"<p><strong>Now that the dust has settled and the riders have moved on to the season\u2019s remaining challenges, we wanted to take a moment to reflect on why the Tour de France Femmes is such an incredible event and what it felt like to race the 2025 edition.<\/strong><\/p>\n<p><!--more--><\/p>\n<p><span style=\"font-weight: 400;\">The streets of Brittany buzzed like a festival. Families leaned eagerly over barriers, kids waved homemade cardboard signs, and the air smelled of cr\u00eapes and sunscreen. For the riders of the <a href=\"https:\/\/www.letourfemmes.fr\/en\">2025 Tour de France Femmes avec Zwift,<\/a> the opening weekend in Vannes was a mix of nerves and adrenaline. Some were debutantes, pinching themselves that they were lining up for the world\u2019s biggest women\u2019s race. Others were veterans who knew precisely how unforgiving the next eight days would be.<\/span><\/p>\n<p><span style=\"font-weight: 400;\">From the outside, it all looks like a celebration. From inside the peloton, the Tour feels like a pressure cooker \u2014 equal parts exhaustion, fear, laughter, and fleeting moments of glory.<\/span><\/p>\n<h2><b>Crashes, relief, and the edge of disaster<\/b><\/h2>\n<p><span style=\"font-weight: 400;\">Just three stages in, the Tour showed its teeth. Demi Vollering, the reigning champion, hit the deck hard on stage three. She finished bloodied but upright, and when she rolled through stage four in the main group, the relief on her face told the story. Later, she admitted it was less about pain and more about doubt: once you\u2019ve hit the ground, every corner and every touch of wheels feels sharper.<\/span><\/p>\n<p><span style=\"font-weight: 400;\">That tension is something fans rarely see on television. Inside the bunch, crashes echo like warning shots. Riders who weren\u2019t anywhere near the fall still carry the aftershocks in their legs \u2014 stiff, hesitant, hyper-alert. For Vollering, surviving those days was as much a mental victory as a physical one.<\/span><\/p>\n<h2><b>A hometown hero\u2019s gamble<\/b><\/h2>\n<p><span style=\"font-weight: 400;\">Every Tour has a rider who becomes the heartbeat of the race. This year, it was Ma\u00ebva Squiban. At just 22, the Frenchwoman had already endured her share of setbacks: a career-threatening crash, months of rehab, and questions about whether she\u2019d ever return to her best.<\/span><\/p>\n<p><span style=\"font-weight: 400;\">On stage six, she answered those doubts in the most defiant way possible \u2014 launching a solo attack and holding off the peloton to win. \u201cI thought my computer was broken,\u201d she said afterwards, still stunned that the gap was real. Her disbelief became part of the charm.<\/span><\/p>\n<p><span style=\"font-weight: 400;\">And then she did it again the very next day. Two stages, back-to-back, from a rider most had written off. The crowds went wild, her name trended across French social media, and she rode away with the combativity prize and something less tangible: the affection of the peloton.<\/span><\/p>\n<h2><b>Pauline Ferrand-Pr\u00e9vot and the weight of expectation<\/b><\/h2>\n<p><span style=\"font-weight: 400;\">If Squiban was the surprise of the Tour, Pauline Ferrand-Pr\u00e9vot was the inevitability. The French star had returned to road racing after years of focusing on mountain bike and gravel, and from the first mountain stage, she looked like a rider carrying an entire country on her back.<\/span><\/p>\n<p><span style=\"font-weight: 400;\">On the Col de la Madeleine, she launched the kind of move that silences helicopters and commentators alike. One minute she was in the group, the next she was gone \u2014 climbing alone, legs hammering, face calm. By the summit, she was in yellow. By the final weekend, she was a national hero.<\/span><\/p>\n<p><span style=\"font-weight: 400;\">France hadn\u2019t felt this kind of Tour joy in decades. Presidents tweeted congratulations, newspapers ran front-page spreads comparing her to Hinault and Longo, and ordinary fans lined mountain roads chanting her name. From inside the race, though, it was less glamorous: long transfers, endless interviews, and the sheer loneliness of defending the maillot jaune.<\/span><\/p>\n<p><span style=\"font-weight: 400;\">Ferrand-Pr\u00e9vot admitted that at times she felt \u201ccarved open\u201d by the pressure. Every decision \u2014 when to eat, when to attack, when to sleep \u2014 felt like the whole of France would dissect it.\u00a0<\/span><\/p>\n<figure id=\"attachment_199279\" aria-describedby=\"caption-attachment-199279\" style=\"width: 990px\" class=\"wp-caption alignnone\"><a href=\"https:\/\/d2p6e6u75xmxt8.cloudfront.net\/2\/2025\/08\/Pauline-Ferrand-Prevot-Femmes-profimedia-1027389314-CVR.webp\"><img loading=\"lazy\" decoding=\"async\" class=\"wp-image-199279 size-full\" src=\"https:\/\/d2p6e6u75xmxt8.cloudfront.net\/2\/2025\/08\/Pauline-Ferrand-Prevot-Femmes-profimedia-1027389314-CVR.webp\" alt=\"Pauline Ferrand-Pr\u00e9vot\" width=\"990\" height=\"660\" srcset=\"https:\/\/d2p6e6u75xmxt8.cloudfront.net\/2\/2025\/08\/Pauline-Ferrand-Prevot-Femmes-profimedia-1027389314-CVR.webp 990w, https:\/\/d2p6e6u75xmxt8.cloudfront.net\/2\/2025\/08\/Pauline-Ferrand-Prevot-Femmes-profimedia-1027389314-CVR-300x200.webp 300w, https:\/\/d2p6e6u75xmxt8.cloudfront.net\/2\/2025\/08\/Pauline-Ferrand-Prevot-Femmes-profimedia-1027389314-CVR-768x512.webp 768w, https:\/\/d2p6e6u75xmxt8.cloudfront.net\/2\/2025\/08\/Pauline-Ferrand-Prevot-Femmes-profimedia-1027389314-CVR-400x267.webp 400w, https:\/\/d2p6e6u75xmxt8.cloudfront.net\/2\/2025\/08\/Pauline-Ferrand-Prevot-Femmes-profimedia-1027389314-CVR-272x182.webp 272w\" sizes=\"auto, (max-width: 990px) 100vw, 990px\" \/><\/a><figcaption id=\"caption-attachment-199279\" class=\"wp-caption-text\">French cycling had waited for a Tour de France winner since 1989, and will now, hopefully, reap the benefits. \u00a9 Profimedia<\/figcaption><\/figure>\n<h2><b>When the body says no<\/b><\/h2>\n<p><span style=\"font-weight: 400;\">Not everyone\u2019s race ended with champagne. For Sarah Gigante, the Tour turned in the mountains. She had been flying, second overall, legs sharp, eyes wide, until the road tilted down. The Alpine descents were slick, fast, and merciless, and each bend seemed to take a piece of her confidence. By the time the decisive stage came around, she wasn\u2019t fighting for the podium anymore. She was fighting herself.<\/span><\/p>\n<p><span style=\"font-weight: 400;\">\u201cShe was truly in no woman\u2019s land,\u201d one commentator sighed, and that\u2019s exactly how it looked: a rider caught between ambition and fear, alone against the course. Gigante still forced her way to the finish, but the strain showed. Tears slipped out before the microphones even reached her. Later, she wrote honestly on social media that she still hadn\u2019t shaken her fear of descending.<\/span><\/p>\n<h2><b>The weight debate<\/b><\/h2>\n<p><span style=\"font-weight: 400;\">In 2025, a debate raged around <a href=\"https:\/\/www.welovecycling.com\/wide\/2025\/08\/05\/pauline-ferrand-prevots-tdffaz-performance-will-change-cycling\/\" target=\"_blank\" rel=\"noopener\">Ferrand-Pr\u00e9vot\u2019s<\/a> significant weight loss leading into the event. Some riders praised her discipline; others, like Marlen Reusser, worried about the message it sent. \u201cIt puts pressure on all of us,\u201d she said, bluntly.<\/span><\/p>\n<p><span style=\"font-weight: 400;\">For fans, it was a glimpse of the razor-thin line these athletes walk. Every kilogram matters in the mountains, but so does health. Balancing performance and well-being is a constant tightrope, and the conversation around it hung over the race as much as the Alpine clouds.<\/span><\/p>\n<h2><b>What it feels like inside the bubble<\/b><\/h2>\n<p><span style=\"font-weight: 400;\">Away from headlines, the Tour is a strange, cloistered existence. Riders wake in anonymous hotels, eat carefully measured plates of rice and chicken, and spend hours in buses shuttling between start towns. Days blur. Messages from family go unanswered. Social media becomes both a lifeline and a burden.<\/span><\/p>\n<p><span style=\"font-weight: 400;\">For younger riders, the biggest shock isn\u2019t the speed or the climbs but the relentlessness. There are no easy stages, no chances to truly hide. Even the so-called flat days demand six hours of concentration just to avoid crashes. The Tour is a grind, but inside that grind, bonds form. Teammates swap jokes at breakfast, soigneurs sneak in chocolate bars, and rival teams sometimes share a knowing laugh in the bunch.<\/span><\/p>\n<p><span style=\"font-weight: 400;\">That camaraderie is what many say they\u2019ll remember long after the yellow jersey fades.<\/span><\/p>\n<h2><b>A race that finally feels whole<\/b><\/h2>\n<p><span style=\"font-weight: 400;\">By the time Ferrand-Pr\u00e9vot stood on the final podium in Alpe d\u2019Huez, confetti in her hair, race director <a href=\"https:\/\/www.welovecycling.com\/wide\/2022\/07\/26\/tdff-director-marion-rousse-opens-up-about-what-the-role-means-to-her\/\" target=\"_blank\" rel=\"noopener\">Marion Rousse\u2019s<\/a> promise of a more challenging course had delivered. There were long transfers, brutal climbs, and a finale that tested everyone. Critics and fans alike agreed it was the most complete Tour yet.<\/span><\/p>\n<p><span style=\"font-weight: 400;\">It wasn\u2019t just about the yellow jersey, either. It was about Vollering clawing back from a crash, Squiban rediscovering joy on two magical days, and Gigante confronting fear in full view of the world. It was about how human the Tour de France Femmes has become \u2014 not just a race of watts and tactics, but of vulnerability, resilience, and moments that made even the riders laugh or cry.<\/span><\/p>\n<h2><b>The exhale<\/b><\/h2>\n<p><span style=\"font-weight: 400;\">When the race finally ended, some riders sprinted straight into their families\u2019 arms. Others collapsed on massage tables, appearing genuniuely too tired to celebrate. Ferrand-Pr\u00e9vot, draped in yellow, looked both overjoyed and exhausted.<\/span><\/p>\n<p><span style=\"font-weight: 400;\">That\u2019s what it\u2019s really like to race the Tour de France Femmes. It\u2019s glory and heartbreak compressed into eight relentless days. And when it\u2019s all over, the only thought most riders have is simple: <\/span><i><span style=\"font-weight: 400;\">I can\u2019t believe I survived that.<\/span><\/i><\/p>\n","protected":false},"excerpt":{"rendered":"<p>Now that the dust has settled and the riders have moved on to the season\u2019s remaining challenges, we wanted to [&hellip;]<\/p>\n","protected":false},"author":99,"featured_media":199242,"comment_status":"closed","ping_status":"open","sticky":false,"template":"","format":"standard","meta":{"footnotes":""},"categories":[329],"tags":[8092,3771,8636,5780,2264],"global-categories":[3366],"class_list":["post-199702","post","type-post","status-publish","format-standard","has-post-thumbnail","hentry","category-road-cycling","tag-2025-tour-de-france-femmes-avec-zwift","tag-demi-vollering","tag-maeva-squiban","tag-tour-de-france-femmes","tag-womens-cycling","global-categories-cycling"],"yoast_head":"<!-- This site is optimized with the Yoast SEO Premium plugin v25.3 (Yoast SEO v25.9) - https:\/\/yoast.com\/wordpress\/plugins\/seo\/ -->\n<title>What It\u2019s Really Like to Race the Tour de France Femmes<\/title>\n<meta name=\"description\" content=\"Now that the dust has settled and the riders have moved on to the season\u2019s remaining challenges, we wanted to take a moment to reflect on why the Tour de\" \/>\n<meta name=\"robots\" content=\"index, follow, max-snippet:-1, max-image-preview:large, max-video-preview:-1\" \/>\n<link rel=\"canonical\" href=\"https:\/\/www.welovecycling.com\/wide\/2025\/08\/22\/what-its-really-like-to-race-the-tour-de-france-femmes-avec-zwift\/\" \/>\n<meta property=\"og:locale\" content=\"en_US\" \/>\n<meta property=\"og:type\" content=\"article\" \/>\n<meta property=\"og:title\" content=\"What It\u2019s Really Like to Race the Tour de France Femmes avec Zwift\" \/>\n<meta property=\"og:description\" content=\"Now that the dust has settled and the riders have moved on to the season\u2019s remaining challenges, we wanted to take a moment to reflect on why the Tour de\" \/>\n<meta property=\"og:url\" content=\"https:\/\/www.welovecycling.com\/wide\/2025\/08\/22\/what-its-really-like-to-race-the-tour-de-france-femmes-avec-zwift\/\" \/>\n<meta property=\"og:site_name\" content=\"\u0160koda We Love Cycling\" \/>\n<meta property=\"article:published_time\" content=\"2025-08-22T05:10:46+00:00\" \/>\n<meta property=\"og:image\" content=\"https:\/\/d2p6e6u75xmxt8.cloudfront.net\/2\/2025\/08\/Tour-de-France-Femmes-Start-Peloton-profimedia-1026791755-CVR.webp\" \/>\n\t<meta property=\"og:image:width\" content=\"990\" \/>\n\t<meta property=\"og:image:height\" content=\"660\" \/>\n\t<meta property=\"og:image:type\" content=\"image\/webp\" \/>\n<meta name=\"author\" content=\"tereza\" \/>\n<meta name=\"twitter:card\" content=\"summary_large_image\" \/>\n<meta name=\"twitter:label1\" content=\"Written by\" \/>\n\t<meta name=\"twitter:data1\" content=\"Megan Flottorp\" \/>\n\t<meta name=\"twitter:label2\" content=\"Est. reading time\" \/>\n\t<meta name=\"twitter:data2\" content=\"3\" \/>\n<script type=\"application\/ld+json\" class=\"yoast-schema-graph\">{\"@context\":\"https:\/\/schema.org\",\"@graph\":[{\"@type\":\"WebPage\",\"@id\":\"https:\/\/www.welovecycling.com\/wide\/2025\/08\/22\/what-its-really-like-to-race-the-tour-de-france-femmes-avec-zwift\/\",\"url\":\"https:\/\/www.welovecycling.com\/wide\/2025\/08\/22\/what-its-really-like-to-race-the-tour-de-france-femmes-avec-zwift\/\",\"name\":\"What It\u2019s Really Like to Race the Tour de France Femmes\",\"isPartOf\":{\"@id\":\"https:\/\/www.welovecycling.com\/wide\/#website\"},\"primaryImageOfPage\":{\"@id\":\"https:\/\/www.welovecycling.com\/wide\/2025\/08\/22\/what-its-really-like-to-race-the-tour-de-france-femmes-avec-zwift\/#primaryimage\"},\"image\":{\"@id\":\"https:\/\/www.welovecycling.com\/wide\/2025\/08\/22\/what-its-really-like-to-race-the-tour-de-france-femmes-avec-zwift\/#primaryimage\"},\"thumbnailUrl\":\"https:\/\/d2p6e6u75xmxt8.cloudfront.net\/2\/2025\/08\/Tour-de-France-Femmes-Start-Peloton-profimedia-1026791755-CVR.webp\",\"datePublished\":\"2025-08-22T05:10:46+00:00\",\"author\":{\"@id\":\"https:\/\/www.welovecycling.com\/wide\/#\/schema\/person\/50f01ecd18718d2333cf72e823c4f926\"},\"description\":\"Now that the dust has settled and the riders have moved on to the season\u2019s remaining challenges, we wanted to take a moment to reflect on why the Tour de\",\"breadcrumb\":{\"@id\":\"https:\/\/www.welovecycling.com\/wide\/2025\/08\/22\/what-its-really-like-to-race-the-tour-de-france-femmes-avec-zwift\/#breadcrumb\"},\"inLanguage\":\"en-US\",\"potentialAction\":[{\"@type\":\"ReadAction\",\"target\":[\"https:\/\/www.welovecycling.com\/wide\/2025\/08\/22\/what-its-really-like-to-race-the-tour-de-france-femmes-avec-zwift\/\"]}]},{\"@type\":\"ImageObject\",\"inLanguage\":\"en-US\",\"@id\":\"https:\/\/www.welovecycling.com\/wide\/2025\/08\/22\/what-its-really-like-to-race-the-tour-de-france-femmes-avec-zwift\/#primaryimage\",\"url\":\"https:\/\/d2p6e6u75xmxt8.cloudfront.net\/2\/2025\/08\/Tour-de-France-Femmes-Start-Peloton-profimedia-1026791755-CVR.webp\",\"contentUrl\":\"https:\/\/d2p6e6u75xmxt8.cloudfront.net\/2\/2025\/08\/Tour-de-France-Femmes-Start-Peloton-profimedia-1026791755-CVR.webp\",\"width\":990,\"height\":660,\"caption\":\"Tour de France Femmes Start\"},{\"@type\":\"BreadcrumbList\",\"@id\":\"https:\/\/www.welovecycling.com\/wide\/2025\/08\/22\/what-its-really-like-to-race-the-tour-de-france-femmes-avec-zwift\/#breadcrumb\",\"itemListElement\":[{\"@type\":\"ListItem\",\"position\":1,\"name\":\"Home\",\"item\":\"https:\/\/www.welovecycling.com\/wide\/\"},{\"@type\":\"ListItem\",\"position\":2,\"name\":\"What It\u2019s Really Like to Race the Tour de France Femmes avec Zwift\"}]},{\"@type\":\"WebSite\",\"@id\":\"https:\/\/www.welovecycling.com\/wide\/#website\",\"url\":\"https:\/\/www.welovecycling.com\/wide\/\",\"name\":\"\u0160koda We Love Cycling\",\"description\":\"\u0160koda We Love Cycling magazine\",\"alternateName\":\"\u0160koda WLC\",\"potentialAction\":[{\"@type\":\"SearchAction\",\"target\":{\"@type\":\"EntryPoint\",\"urlTemplate\":\"https:\/\/www.welovecycling.com\/wide\/?s={search_term_string}\"},\"query-input\":{\"@type\":\"PropertyValueSpecification\",\"valueRequired\":true,\"valueName\":\"search_term_string\"}}],\"inLanguage\":\"en-US\"},{\"@type\":\"Person\",\"@id\":\"https:\/\/www.welovecycling.com\/wide\/#\/schema\/person\/50f01ecd18718d2333cf72e823c4f926\",\"name\":\"tereza\",\"image\":{\"@type\":\"ImageObject\",\"inLanguage\":\"en-US\",\"@id\":\"https:\/\/www.welovecycling.com\/wide\/#\/schema\/person\/image\/\",\"url\":\"https:\/\/secure.gravatar.com\/avatar\/1f9eb71be33845f0afabce3791bc1c58ecdb0a25c62964987e5dbcf7a20d2ec7?s=96&d=mm&r=g\",\"contentUrl\":\"https:\/\/secure.gravatar.com\/avatar\/1f9eb71be33845f0afabce3791bc1c58ecdb0a25c62964987e5dbcf7a20d2ec7?s=96&d=mm&r=g\",\"caption\":\"tereza\"},\"url\":\"https:\/\/www.welovecycling.com\/wide\/author\/tereza\/\"}]}<\/script>\n<!-- \/ Yoast SEO Premium plugin. -->","yoast_head_json":{"title":"What It\u2019s Really Like to Race the Tour de France Femmes","description":"Now that the dust has settled and the riders have moved on to the season\u2019s remaining challenges, we wanted to take a moment to reflect on why the Tour de","robots":{"index":"index","follow":"follow","max-snippet":"max-snippet:-1","max-image-preview":"max-image-preview:large","max-video-preview":"max-video-preview:-1"},"canonical":"https:\/\/www.welovecycling.com\/wide\/2025\/08\/22\/what-its-really-like-to-race-the-tour-de-france-femmes-avec-zwift\/","og_locale":"en_US","og_type":"article","og_title":"What It\u2019s Really Like to Race the Tour de France Femmes avec Zwift","og_description":"Now that the dust has settled and the riders have moved on to the season\u2019s remaining challenges, we wanted to take a moment to reflect on why the Tour de","og_url":"https:\/\/www.welovecycling.com\/wide\/2025\/08\/22\/what-its-really-like-to-race-the-tour-de-france-femmes-avec-zwift\/","og_site_name":"\u0160koda We Love Cycling","article_published_time":"2025-08-22T05:10:46+00:00","og_image":[{"width":990,"height":660,"url":"https:\/\/d2p6e6u75xmxt8.cloudfront.net\/2\/2025\/08\/Tour-de-France-Femmes-Start-Peloton-profimedia-1026791755-CVR.webp","type":"image\/webp"}],"author":"tereza","twitter_card":"summary_large_image","twitter_misc":{"Written by":"Megan Flottorp","Est. reading time":"3"},"schema":{"@context":"https:\/\/schema.org","@graph":[{"@type":"WebPage","@id":"https:\/\/www.welovecycling.com\/wide\/2025\/08\/22\/what-its-really-like-to-race-the-tour-de-france-femmes-avec-zwift\/","url":"https:\/\/www.welovecycling.com\/wide\/2025\/08\/22\/what-its-really-like-to-race-the-tour-de-france-femmes-avec-zwift\/","name":"What It\u2019s Really Like to Race the Tour de France Femmes","isPartOf":{"@id":"https:\/\/www.welovecycling.com\/wide\/#website"},"primaryImageOfPage":{"@id":"https:\/\/www.welovecycling.com\/wide\/2025\/08\/22\/what-its-really-like-to-race-the-tour-de-france-femmes-avec-zwift\/#primaryimage"},"image":{"@id":"https:\/\/www.welovecycling.com\/wide\/2025\/08\/22\/what-its-really-like-to-race-the-tour-de-france-femmes-avec-zwift\/#primaryimage"},"thumbnailUrl":"https:\/\/d2p6e6u75xmxt8.cloudfront.net\/2\/2025\/08\/Tour-de-France-Femmes-Start-Peloton-profimedia-1026791755-CVR.webp","datePublished":"2025-08-22T05:10:46+00:00","author":{"@id":"https:\/\/www.welovecycling.com\/wide\/#\/schema\/person\/50f01ecd18718d2333cf72e823c4f926"},"description":"Now that the dust has settled and the riders have moved on to the season\u2019s remaining challenges, we wanted to take a moment to reflect on why the Tour de","breadcrumb":{"@id":"https:\/\/www.welovecycling.com\/wide\/2025\/08\/22\/what-its-really-like-to-race-the-tour-de-france-femmes-avec-zwift\/#breadcrumb"},"inLanguage":"en-US","potentialAction":[{"@type":"ReadAction","target":["https:\/\/www.welovecycling.com\/wide\/2025\/08\/22\/what-its-really-like-to-race-the-tour-de-france-femmes-avec-zwift\/"]}]},{"@type":"ImageObject","inLanguage":"en-US","@id":"https:\/\/www.welovecycling.com\/wide\/2025\/08\/22\/what-its-really-like-to-race-the-tour-de-france-femmes-avec-zwift\/#primaryimage","url":"https:\/\/d2p6e6u75xmxt8.cloudfront.net\/2\/2025\/08\/Tour-de-France-Femmes-Start-Peloton-profimedia-1026791755-CVR.webp","contentUrl":"https:\/\/d2p6e6u75xmxt8.cloudfront.net\/2\/2025\/08\/Tour-de-France-Femmes-Start-Peloton-profimedia-1026791755-CVR.webp","width":990,"height":660,"caption":"Tour de France Femmes Start"},{"@type":"BreadcrumbList","@id":"https:\/\/www.welovecycling.com\/wide\/2025\/08\/22\/what-its-really-like-to-race-the-tour-de-france-femmes-avec-zwift\/#breadcrumb","itemListElement":[{"@type":"ListItem","position":1,"name":"Home","item":"https:\/\/www.welovecycling.com\/wide\/"},{"@type":"ListItem","position":2,"name":"What It\u2019s Really Like to Race the Tour de France Femmes avec Zwift"}]},{"@type":"WebSite","@id":"https:\/\/www.welovecycling.com\/wide\/#website","url":"https:\/\/www.welovecycling.com\/wide\/","name":"\u0160koda We Love Cycling","description":"\u0160koda We Love Cycling magazine","alternateName":"\u0160koda WLC","potentialAction":[{"@type":"SearchAction","target":{"@type":"EntryPoint","urlTemplate":"https:\/\/www.welovecycling.com\/wide\/?s={search_term_string}"},"query-input":{"@type":"PropertyValueSpecification","valueRequired":true,"valueName":"search_term_string"}}],"inLanguage":"en-US"},{"@type":"Person","@id":"https:\/\/www.welovecycling.com\/wide\/#\/schema\/person\/50f01ecd18718d2333cf72e823c4f926","name":"tereza","image":{"@type":"ImageObject","inLanguage":"en-US","@id":"https:\/\/www.welovecycling.com\/wide\/#\/schema\/person\/image\/","url":"https:\/\/secure.gravatar.com\/avatar\/1f9eb71be33845f0afabce3791bc1c58ecdb0a25c62964987e5dbcf7a20d2ec7?s=96&d=mm&r=g","contentUrl":"https:\/\/secure.gravatar.com\/avatar\/1f9eb71be33845f0afabce3791bc1c58ecdb0a25c62964987e5dbcf7a20d2ec7?s=96&d=mm&r=g","caption":"tereza"},"url":"https:\/\/www.welovecycling.com\/wide\/author\/tereza\/"}]}},"_links":{"self":[{"href":"https:\/\/www.welovecycling.com\/wide\/wp-json\/wp\/v2\/posts\/199702","targetHints":{"allow":["GET"]}}],"collection":[{"href":"https:\/\/www.welovecycling.com\/wide\/wp-json\/wp\/v2\/posts"}],"about":[{"href":"https:\/\/www.welovecycling.com\/wide\/wp-json\/wp\/v2\/types\/post"}],"author":[{"embeddable":true,"href":"https:\/\/www.welovecycling.com\/wide\/wp-json\/wp\/v2\/users\/99"}],"replies":[{"embeddable":true,"href":"https:\/\/www.welovecycling.com\/wide\/wp-json\/wp\/v2\/comments?post=199702"}],"version-history":[{"count":1,"href":"https:\/\/www.welovecycling.com\/wide\/wp-json\/wp\/v2\/posts\/199702\/revisions"}],"predecessor-version":[{"id":199703,"href":"https:\/\/www.welovecycling.com\/wide\/wp-json\/wp\/v2\/posts\/199702\/revisions\/199703"}],"wp:featuredmedia":[{"embeddable":true,"href":"https:\/\/www.welovecycling.com\/wide\/wp-json\/wp\/v2\/media\/199242"}],"wp:attachment":[{"href":"https:\/\/www.welovecycling.com\/wide\/wp-json\/wp\/v2\/media?parent=199702"}],"wp:term":[{"taxonomy":"category","embeddable":true,"href":"https:\/\/www.welovecycling.com\/wide\/wp-json\/wp\/v2\/categories?post=199702"},{"taxonomy":"post_tag","embeddable":true,"href":"https:\/\/www.welovecycling.com\/wide\/wp-json\/wp\/v2\/tags?post=199702"},{"taxonomy":"global-categories","embeddable":true,"href":"https:\/\/www.welovecycling.com\/wide\/wp-json\/wp\/v2\/global-categories?post=199702"}],"curies":[{"name":"wp","href":"https:\/\/api.w.org\/{rel}","templated":true}]}}