{"id":199686,"date":"2025-08-21T08:49:02","date_gmt":"2025-08-21T08:49:02","guid":{"rendered":"https:\/\/www.welovecycling.com\/wide\/?p=199686"},"modified":"2025-08-21T11:33:08","modified_gmt":"2025-08-21T11:33:08","slug":"driving-the-streets-of-prague-in-the-skoda-elroq-a-cyclists-perspective-by-matt-stephens","status":"publish","type":"post","link":"https:\/\/www.welovecycling.com\/wide\/2025\/08\/21\/driving-the-streets-of-prague-in-the-skoda-elroq-a-cyclists-perspective-by-matt-stephens\/","title":{"rendered":"Driving the Streets of Prague in the \u0160koda Elroq: A Cyclist&#8217;s Perspective by Matt Stephens"},"content":{"rendered":"<p><strong>As a cyclist, my ideal vehicle is often, well, a bike. But let&#8217;s be real \u2013 sometimes you need a bit more horsepower, a bit more storage space, and let&#8217;s not forget the luxury of a roof when the heavens decide to open up. Enter the \u0160koda Elroq, an all-electric wonder that recently rolled into my life for a test drive around the cobbled streets and modern avenues of Prague. Put it this way, I had a lot of fun. Now, before you think I\u2019m abandoning my two-wheeled love for four, let me assure you, the Elroq is no ordinary car; it\u2019s a cyclist\u2019s dream on four wheels.<\/strong><\/p>\n<p><!--more--><\/p>\n<p>First off, the Elroq is undeniably sleek. It\u2019s got those clean lines and an aerodynamic design (we cyclists love those, of course) that make you feel like you\u2019re driving a futuristic spaceship. But what really piqued my interest was its electric nature. The Elroq is whisper-quiet, which is particularly handy when you\u2019re gliding through the serene, cobbled streets of Prague \u2013 no roaring engine to scare the pigeons or, more importantly, fellow cyclists. Driving the Elroq was an absolute breeze, especially with its regenerative braking system, which is a godsend, particularly when you\u2019re coming down those steep Prague hills. It\u2019s almost like freewheeling on a descent, but in a car!<\/p>\n<p><a href=\"https:\/\/d2p6e6u75xmxt8.cloudfront.net\/2\/2025\/08\/SKODA-ELROQ-1.webp\"><img loading=\"lazy\" decoding=\"async\" class=\"alignnone size-full wp-image-199691\" src=\"https:\/\/d2p6e6u75xmxt8.cloudfront.net\/2\/2025\/08\/SKODA-ELROQ-1.webp\" alt=\"\u0160koda Elroq\" width=\"990\" height=\"660\" srcset=\"https:\/\/d2p6e6u75xmxt8.cloudfront.net\/2\/2025\/08\/SKODA-ELROQ-1.webp 990w, https:\/\/d2p6e6u75xmxt8.cloudfront.net\/2\/2025\/08\/SKODA-ELROQ-1-300x200.webp 300w, https:\/\/d2p6e6u75xmxt8.cloudfront.net\/2\/2025\/08\/SKODA-ELROQ-1-768x512.webp 768w, https:\/\/d2p6e6u75xmxt8.cloudfront.net\/2\/2025\/08\/SKODA-ELROQ-1-400x267.webp 400w, https:\/\/d2p6e6u75xmxt8.cloudfront.net\/2\/2025\/08\/SKODA-ELROQ-1-272x182.webp 272w\" sizes=\"auto, (max-width: 990px) 100vw, 990px\" \/><\/a><\/p>\n<div id='gallery-1' class='gallery galleryid-199686 gallery-columns-2 gallery-size-large'><figure class='gallery-item'>\n\t\t\t<div class='gallery-icon landscape'>\n\t\t\t\t<a href='https:\/\/d2p6e6u75xmxt8.cloudfront.net\/2\/2025\/08\/SKODA-ELROQ-2.webp'><img loading=\"lazy\" decoding=\"async\" width=\"990\" height=\"660\" src=\"https:\/\/d2p6e6u75xmxt8.cloudfront.net\/2\/2025\/08\/SKODA-ELROQ-2.webp\" class=\"attachment-large size-large\" alt=\"\" srcset=\"https:\/\/d2p6e6u75xmxt8.cloudfront.net\/2\/2025\/08\/SKODA-ELROQ-2.webp 990w, https:\/\/d2p6e6u75xmxt8.cloudfront.net\/2\/2025\/08\/SKODA-ELROQ-2-300x200.webp 300w, https:\/\/d2p6e6u75xmxt8.cloudfront.net\/2\/2025\/08\/SKODA-ELROQ-2-768x512.webp 768w, https:\/\/d2p6e6u75xmxt8.cloudfront.net\/2\/2025\/08\/SKODA-ELROQ-2-400x267.webp 400w, https:\/\/d2p6e6u75xmxt8.cloudfront.net\/2\/2025\/08\/SKODA-ELROQ-2-272x182.webp 272w\" sizes=\"auto, (max-width: 990px) 100vw, 990px\" \/><\/a>\n\t\t\t<\/div><\/figure><figure class='gallery-item'>\n\t\t\t<div class='gallery-icon landscape'>\n\t\t\t\t<a href='https:\/\/d2p6e6u75xmxt8.cloudfront.net\/2\/2025\/08\/SKODA-ELROQ-3.webp'><img loading=\"lazy\" decoding=\"async\" width=\"990\" height=\"660\" src=\"https:\/\/d2p6e6u75xmxt8.cloudfront.net\/2\/2025\/08\/SKODA-ELROQ-3.webp\" class=\"attachment-large size-large\" alt=\"\" srcset=\"https:\/\/d2p6e6u75xmxt8.cloudfront.net\/2\/2025\/08\/SKODA-ELROQ-3.webp 990w, https:\/\/d2p6e6u75xmxt8.cloudfront.net\/2\/2025\/08\/SKODA-ELROQ-3-300x200.webp 300w, https:\/\/d2p6e6u75xmxt8.cloudfront.net\/2\/2025\/08\/SKODA-ELROQ-3-768x512.webp 768w, https:\/\/d2p6e6u75xmxt8.cloudfront.net\/2\/2025\/08\/SKODA-ELROQ-3-400x267.webp 400w, https:\/\/d2p6e6u75xmxt8.cloudfront.net\/2\/2025\/08\/SKODA-ELROQ-3-272x182.webp 272w\" sizes=\"auto, (max-width: 990px) 100vw, 990px\" \/><\/a>\n\t\t\t<\/div><\/figure>\n\t\t<\/div>\n\n<p>Now, let\u2019s get down to the all-important bit for us cyclists \u2013 space. As two-wheeled fanatics, we\u2019re always lugging around a fair bit of gear. Whether it\u2019s bags full of kit, spare wheels, helmets, track pumps and more, space is a valuable premium. The Elroq offers a surprisingly roomy boot; in fact, it\u2019s like the TARDIS in there, easily swallowing a bike frame with the wheels off or a bike with wheels on if you fold down the rear seats.<\/p>\n<p>On this drive, we managed to fit a complete bike in the boot and had two more securely mounted on the roof. The roof racks are sturdy, easy to use, and don\u2019t require a PhD in mechanical engineering to operate. This car is a bit like a mobile bike garage. Plus, there are multiple stowage points for tools and all-important snacks!<\/p>\n<div id='gallery-2' class='gallery galleryid-199686 gallery-columns-2 gallery-size-large'><figure class='gallery-item'>\n\t\t\t<div class='gallery-icon landscape'>\n\t\t\t\t<a href='https:\/\/d2p6e6u75xmxt8.cloudfront.net\/2\/2025\/08\/SKODA-ELROQ-5.webp'><img loading=\"lazy\" decoding=\"async\" width=\"990\" height=\"660\" src=\"https:\/\/d2p6e6u75xmxt8.cloudfront.net\/2\/2025\/08\/SKODA-ELROQ-5.webp\" class=\"attachment-large size-large\" alt=\"\" srcset=\"https:\/\/d2p6e6u75xmxt8.cloudfront.net\/2\/2025\/08\/SKODA-ELROQ-5.webp 990w, https:\/\/d2p6e6u75xmxt8.cloudfront.net\/2\/2025\/08\/SKODA-ELROQ-5-300x200.webp 300w, https:\/\/d2p6e6u75xmxt8.cloudfront.net\/2\/2025\/08\/SKODA-ELROQ-5-768x512.webp 768w, https:\/\/d2p6e6u75xmxt8.cloudfront.net\/2\/2025\/08\/SKODA-ELROQ-5-400x267.webp 400w, https:\/\/d2p6e6u75xmxt8.cloudfront.net\/2\/2025\/08\/SKODA-ELROQ-5-272x182.webp 272w\" sizes=\"auto, (max-width: 990px) 100vw, 990px\" \/><\/a>\n\t\t\t<\/div><\/figure><figure class='gallery-item'>\n\t\t\t<div class='gallery-icon landscape'>\n\t\t\t\t<a href='https:\/\/d2p6e6u75xmxt8.cloudfront.net\/2\/2025\/08\/SKODA-ELROQ-4.webp'><img loading=\"lazy\" decoding=\"async\" width=\"990\" height=\"660\" src=\"https:\/\/d2p6e6u75xmxt8.cloudfront.net\/2\/2025\/08\/SKODA-ELROQ-4.webp\" class=\"attachment-large size-large\" alt=\"\" srcset=\"https:\/\/d2p6e6u75xmxt8.cloudfront.net\/2\/2025\/08\/SKODA-ELROQ-4.webp 990w, https:\/\/d2p6e6u75xmxt8.cloudfront.net\/2\/2025\/08\/SKODA-ELROQ-4-300x200.webp 300w, https:\/\/d2p6e6u75xmxt8.cloudfront.net\/2\/2025\/08\/SKODA-ELROQ-4-768x512.webp 768w, https:\/\/d2p6e6u75xmxt8.cloudfront.net\/2\/2025\/08\/SKODA-ELROQ-4-400x267.webp 400w, https:\/\/d2p6e6u75xmxt8.cloudfront.net\/2\/2025\/08\/SKODA-ELROQ-4-272x182.webp 272w\" sizes=\"auto, (max-width: 990px) 100vw, 990px\" \/><\/a>\n\t\t\t<\/div><\/figure>\n\t\t<\/div>\n\n<p>Inside, the tech-savvy cockpit of the <a href=\"https:\/\/www.skoda-auto.com\/models\/range\/elroq\">Elroq<\/a> is a cyclist\u2019s delight. The infotainment system is intuitive and doesn\u2019t distract from the road. It\u2019s perfect for setting up your GPS for those cross-city adventures or tuning into your favourite cycling podcast. And the best part? It supports Apple CarPlay and Android Auto, so your smartphone becomes your co-pilot.<\/p>\n<p>In fact, it\u2019s almost as if you have a digital domestique by your side! And just in case you find yourself on one of those epic rides and need to recharge more than just your legs, the Elroq\u2019s USB ports are aplenty, ready to juice up your Garmin, Wahoo or smartphone.<\/p>\n<p>But wait, there&#8217;s more! The car\u2019s built-in navigation system can even highlight bike-friendly routes, a feature that got two thumbs up from me as I cruised through the delightful streets of, whisper it, my new favourite city!<\/p>\n","protected":false},"excerpt":{"rendered":"<p>As a cyclist, my ideal vehicle is often, well, a bike. But let&#8217;s be real \u2013 sometimes you need a [&hellip;]<\/p>\n","protected":false},"author":99,"featured_media":199700,"comment_status":"closed","ping_status":"open","sticky":false,"template":"","format":"standard","meta":{"footnotes":""},"categories":[8162],"tags":[6399,8073],"global-categories":[3366],"class_list":["post-199686","post","type-post","status-publish","format-standard","has-post-thumbnail","hentry","category-explore-and-travel","tag-matt-stephens","tag-skoda-elroq","global-categories-cycling"],"yoast_head":"<!-- This site is optimized with the Yoast SEO Premium plugin v25.3 (Yoast SEO v25.9) - https:\/\/yoast.com\/wordpress\/plugins\/seo\/ -->\n<title>Driving the Streets of Prague in the \u0160koda Elroq: A Cyclist&#039;s Perspective by Matt Stephens - \u0160koda We Love Cycling<\/title>\n<meta name=\"description\" content=\"As a cyclist, my ideal vehicle is often, well, a bike. But let&#039;s be real \u2013 sometimes you need a bit more horsepower, a bit more storage space, and let&#039;s\" \/>\n<meta name=\"robots\" content=\"index, follow, max-snippet:-1, max-image-preview:large, max-video-preview:-1\" \/>\n<link rel=\"canonical\" href=\"https:\/\/www.welovecycling.com\/wide\/2025\/08\/21\/driving-the-streets-of-prague-in-the-skoda-elroq-a-cyclists-perspective-by-matt-stephens\/\" \/>\n<meta property=\"og:locale\" content=\"en_US\" \/>\n<meta property=\"og:type\" content=\"article\" \/>\n<meta property=\"og:title\" content=\"Driving the Streets of Prague in the \u0160koda Elroq: A Cyclist&#039;s Perspective by Matt Stephens\" \/>\n<meta property=\"og:description\" content=\"As a cyclist, my ideal vehicle is often, well, a bike. But let&#039;s be real \u2013 sometimes you need a bit more horsepower, a bit more storage space, and let&#039;s\" \/>\n<meta property=\"og:url\" content=\"https:\/\/www.welovecycling.com\/wide\/2025\/08\/21\/driving-the-streets-of-prague-in-the-skoda-elroq-a-cyclists-perspective-by-matt-stephens\/\" \/>\n<meta property=\"og:site_name\" content=\"\u0160koda We Love Cycling\" \/>\n<meta property=\"article:published_time\" content=\"2025-08-21T08:49:02+00:00\" \/>\n<meta property=\"article:modified_time\" content=\"2025-08-21T11:33:08+00:00\" \/>\n<meta property=\"og:image\" content=\"https:\/\/d2p6e6u75xmxt8.cloudfront.net\/2\/2025\/08\/SKODA-ELROQ-CVR-2.webp\" \/>\n\t<meta property=\"og:image:width\" content=\"990\" \/>\n\t<meta property=\"og:image:height\" content=\"660\" \/>\n\t<meta property=\"og:image:type\" content=\"image\/webp\" \/>\n<meta name=\"author\" content=\"tereza\" \/>\n<meta name=\"twitter:card\" content=\"summary_large_image\" \/>\n<meta name=\"twitter:label1\" content=\"Written by\" \/>\n\t<meta name=\"twitter:data1\" content=\"Matt Stephens\" \/>\n\t<meta name=\"twitter:label2\" content=\"Est. reading time\" \/>\n\t<meta name=\"twitter:data2\" content=\"2\" \/>\n<script type=\"application\/ld+json\" class=\"yoast-schema-graph\">{\"@context\":\"https:\/\/schema.org\",\"@graph\":[{\"@type\":\"WebPage\",\"@id\":\"https:\/\/www.welovecycling.com\/wide\/2025\/08\/21\/driving-the-streets-of-prague-in-the-skoda-elroq-a-cyclists-perspective-by-matt-stephens\/\",\"url\":\"https:\/\/www.welovecycling.com\/wide\/2025\/08\/21\/driving-the-streets-of-prague-in-the-skoda-elroq-a-cyclists-perspective-by-matt-stephens\/\",\"name\":\"Driving the Streets of Prague in the \u0160koda Elroq: A Cyclist's Perspective by Matt Stephens - \u0160koda We Love Cycling\",\"isPartOf\":{\"@id\":\"https:\/\/www.welovecycling.com\/wide\/#website\"},\"primaryImageOfPage\":{\"@id\":\"https:\/\/www.welovecycling.com\/wide\/2025\/08\/21\/driving-the-streets-of-prague-in-the-skoda-elroq-a-cyclists-perspective-by-matt-stephens\/#primaryimage\"},\"image\":{\"@id\":\"https:\/\/www.welovecycling.com\/wide\/2025\/08\/21\/driving-the-streets-of-prague-in-the-skoda-elroq-a-cyclists-perspective-by-matt-stephens\/#primaryimage\"},\"thumbnailUrl\":\"https:\/\/d2p6e6u75xmxt8.cloudfront.net\/2\/2025\/08\/SKODA-ELROQ-CVR-2.webp\",\"datePublished\":\"2025-08-21T08:49:02+00:00\",\"dateModified\":\"2025-08-21T11:33:08+00:00\",\"author\":{\"@id\":\"https:\/\/www.welovecycling.com\/wide\/#\/schema\/person\/50f01ecd18718d2333cf72e823c4f926\"},\"description\":\"As a cyclist, my ideal vehicle is often, well, a bike. But let's be real \u2013 sometimes you need a bit more horsepower, a bit more storage space, and let's\",\"breadcrumb\":{\"@id\":\"https:\/\/www.welovecycling.com\/wide\/2025\/08\/21\/driving-the-streets-of-prague-in-the-skoda-elroq-a-cyclists-perspective-by-matt-stephens\/#breadcrumb\"},\"inLanguage\":\"en-US\",\"potentialAction\":[{\"@type\":\"ReadAction\",\"target\":[\"https:\/\/www.welovecycling.com\/wide\/2025\/08\/21\/driving-the-streets-of-prague-in-the-skoda-elroq-a-cyclists-perspective-by-matt-stephens\/\"]}]},{\"@type\":\"ImageObject\",\"inLanguage\":\"en-US\",\"@id\":\"https:\/\/www.welovecycling.com\/wide\/2025\/08\/21\/driving-the-streets-of-prague-in-the-skoda-elroq-a-cyclists-perspective-by-matt-stephens\/#primaryimage\",\"url\":\"https:\/\/d2p6e6u75xmxt8.cloudfront.net\/2\/2025\/08\/SKODA-ELROQ-CVR-2.webp\",\"contentUrl\":\"https:\/\/d2p6e6u75xmxt8.cloudfront.net\/2\/2025\/08\/SKODA-ELROQ-CVR-2.webp\",\"width\":990,\"height\":660,\"caption\":\"\u0160koda Elroq\"},{\"@type\":\"BreadcrumbList\",\"@id\":\"https:\/\/www.welovecycling.com\/wide\/2025\/08\/21\/driving-the-streets-of-prague-in-the-skoda-elroq-a-cyclists-perspective-by-matt-stephens\/#breadcrumb\",\"itemListElement\":[{\"@type\":\"ListItem\",\"position\":1,\"name\":\"Home\",\"item\":\"https:\/\/www.welovecycling.com\/wide\/\"},{\"@type\":\"ListItem\",\"position\":2,\"name\":\"Driving the Streets of Prague in the \u0160koda Elroq: A Cyclist&#8217;s Perspective by Matt Stephens\"}]},{\"@type\":\"WebSite\",\"@id\":\"https:\/\/www.welovecycling.com\/wide\/#website\",\"url\":\"https:\/\/www.welovecycling.com\/wide\/\",\"name\":\"\u0160koda We Love Cycling\",\"description\":\"\u0160koda We Love Cycling magazine\",\"alternateName\":\"\u0160koda WLC\",\"potentialAction\":[{\"@type\":\"SearchAction\",\"target\":{\"@type\":\"EntryPoint\",\"urlTemplate\":\"https:\/\/www.welovecycling.com\/wide\/?s={search_term_string}\"},\"query-input\":{\"@type\":\"PropertyValueSpecification\",\"valueRequired\":true,\"valueName\":\"search_term_string\"}}],\"inLanguage\":\"en-US\"},{\"@type\":\"Person\",\"@id\":\"https:\/\/www.welovecycling.com\/wide\/#\/schema\/person\/50f01ecd18718d2333cf72e823c4f926\",\"name\":\"tereza\",\"image\":{\"@type\":\"ImageObject\",\"inLanguage\":\"en-US\",\"@id\":\"https:\/\/www.welovecycling.com\/wide\/#\/schema\/person\/image\/\",\"url\":\"https:\/\/secure.gravatar.com\/avatar\/1f9eb71be33845f0afabce3791bc1c58ecdb0a25c62964987e5dbcf7a20d2ec7?s=96&d=mm&r=g\",\"contentUrl\":\"https:\/\/secure.gravatar.com\/avatar\/1f9eb71be33845f0afabce3791bc1c58ecdb0a25c62964987e5dbcf7a20d2ec7?s=96&d=mm&r=g\",\"caption\":\"tereza\"},\"url\":\"https:\/\/www.welovecycling.com\/wide\/author\/tereza\/\"}]}<\/script>\n<!-- \/ Yoast SEO Premium plugin. -->","yoast_head_json":{"title":"Driving the Streets of Prague in the \u0160koda Elroq: A Cyclist's Perspective by Matt Stephens - \u0160koda We Love Cycling","description":"As a cyclist, my ideal vehicle is often, well, a bike. But let's be real \u2013 sometimes you need a bit more horsepower, a bit more storage space, and let's","robots":{"index":"index","follow":"follow","max-snippet":"max-snippet:-1","max-image-preview":"max-image-preview:large","max-video-preview":"max-video-preview:-1"},"canonical":"https:\/\/www.welovecycling.com\/wide\/2025\/08\/21\/driving-the-streets-of-prague-in-the-skoda-elroq-a-cyclists-perspective-by-matt-stephens\/","og_locale":"en_US","og_type":"article","og_title":"Driving the Streets of Prague in the \u0160koda Elroq: A Cyclist's Perspective by Matt Stephens","og_description":"As a cyclist, my ideal vehicle is often, well, a bike. But let's be real \u2013 sometimes you need a bit more horsepower, a bit more storage space, and let's","og_url":"https:\/\/www.welovecycling.com\/wide\/2025\/08\/21\/driving-the-streets-of-prague-in-the-skoda-elroq-a-cyclists-perspective-by-matt-stephens\/","og_site_name":"\u0160koda We Love Cycling","article_published_time":"2025-08-21T08:49:02+00:00","article_modified_time":"2025-08-21T11:33:08+00:00","og_image":[{"width":990,"height":660,"url":"https:\/\/d2p6e6u75xmxt8.cloudfront.net\/2\/2025\/08\/SKODA-ELROQ-CVR-2.webp","type":"image\/webp"}],"author":"tereza","twitter_card":"summary_large_image","twitter_misc":{"Written by":"Matt Stephens","Est. reading time":"2"},"schema":{"@context":"https:\/\/schema.org","@graph":[{"@type":"WebPage","@id":"https:\/\/www.welovecycling.com\/wide\/2025\/08\/21\/driving-the-streets-of-prague-in-the-skoda-elroq-a-cyclists-perspective-by-matt-stephens\/","url":"https:\/\/www.welovecycling.com\/wide\/2025\/08\/21\/driving-the-streets-of-prague-in-the-skoda-elroq-a-cyclists-perspective-by-matt-stephens\/","name":"Driving the Streets of Prague in the \u0160koda Elroq: A Cyclist's Perspective by Matt Stephens - \u0160koda We Love Cycling","isPartOf":{"@id":"https:\/\/www.welovecycling.com\/wide\/#website"},"primaryImageOfPage":{"@id":"https:\/\/www.welovecycling.com\/wide\/2025\/08\/21\/driving-the-streets-of-prague-in-the-skoda-elroq-a-cyclists-perspective-by-matt-stephens\/#primaryimage"},"image":{"@id":"https:\/\/www.welovecycling.com\/wide\/2025\/08\/21\/driving-the-streets-of-prague-in-the-skoda-elroq-a-cyclists-perspective-by-matt-stephens\/#primaryimage"},"thumbnailUrl":"https:\/\/d2p6e6u75xmxt8.cloudfront.net\/2\/2025\/08\/SKODA-ELROQ-CVR-2.webp","datePublished":"2025-08-21T08:49:02+00:00","dateModified":"2025-08-21T11:33:08+00:00","author":{"@id":"https:\/\/www.welovecycling.com\/wide\/#\/schema\/person\/50f01ecd18718d2333cf72e823c4f926"},"description":"As a cyclist, my ideal vehicle is often, well, a bike. But let's be real \u2013 sometimes you need a bit more horsepower, a bit more storage space, and let's","breadcrumb":{"@id":"https:\/\/www.welovecycling.com\/wide\/2025\/08\/21\/driving-the-streets-of-prague-in-the-skoda-elroq-a-cyclists-perspective-by-matt-stephens\/#breadcrumb"},"inLanguage":"en-US","potentialAction":[{"@type":"ReadAction","target":["https:\/\/www.welovecycling.com\/wide\/2025\/08\/21\/driving-the-streets-of-prague-in-the-skoda-elroq-a-cyclists-perspective-by-matt-stephens\/"]}]},{"@type":"ImageObject","inLanguage":"en-US","@id":"https:\/\/www.welovecycling.com\/wide\/2025\/08\/21\/driving-the-streets-of-prague-in-the-skoda-elroq-a-cyclists-perspective-by-matt-stephens\/#primaryimage","url":"https:\/\/d2p6e6u75xmxt8.cloudfront.net\/2\/2025\/08\/SKODA-ELROQ-CVR-2.webp","contentUrl":"https:\/\/d2p6e6u75xmxt8.cloudfront.net\/2\/2025\/08\/SKODA-ELROQ-CVR-2.webp","width":990,"height":660,"caption":"\u0160koda Elroq"},{"@type":"BreadcrumbList","@id":"https:\/\/www.welovecycling.com\/wide\/2025\/08\/21\/driving-the-streets-of-prague-in-the-skoda-elroq-a-cyclists-perspective-by-matt-stephens\/#breadcrumb","itemListElement":[{"@type":"ListItem","position":1,"name":"Home","item":"https:\/\/www.welovecycling.com\/wide\/"},{"@type":"ListItem","position":2,"name":"Driving the Streets of Prague in the \u0160koda Elroq: A Cyclist&#8217;s Perspective by Matt Stephens"}]},{"@type":"WebSite","@id":"https:\/\/www.welovecycling.com\/wide\/#website","url":"https:\/\/www.welovecycling.com\/wide\/","name":"\u0160koda We Love Cycling","description":"\u0160koda We Love Cycling magazine","alternateName":"\u0160koda WLC","potentialAction":[{"@type":"SearchAction","target":{"@type":"EntryPoint","urlTemplate":"https:\/\/www.welovecycling.com\/wide\/?s={search_term_string}"},"query-input":{"@type":"PropertyValueSpecification","valueRequired":true,"valueName":"search_term_string"}}],"inLanguage":"en-US"},{"@type":"Person","@id":"https:\/\/www.welovecycling.com\/wide\/#\/schema\/person\/50f01ecd18718d2333cf72e823c4f926","name":"tereza","image":{"@type":"ImageObject","inLanguage":"en-US","@id":"https:\/\/www.welovecycling.com\/wide\/#\/schema\/person\/image\/","url":"https:\/\/secure.gravatar.com\/avatar\/1f9eb71be33845f0afabce3791bc1c58ecdb0a25c62964987e5dbcf7a20d2ec7?s=96&d=mm&r=g","contentUrl":"https:\/\/secure.gravatar.com\/avatar\/1f9eb71be33845f0afabce3791bc1c58ecdb0a25c62964987e5dbcf7a20d2ec7?s=96&d=mm&r=g","caption":"tereza"},"url":"https:\/\/www.welovecycling.com\/wide\/author\/tereza\/"}]}},"_links":{"self":[{"href":"https:\/\/www.welovecycling.com\/wide\/wp-json\/wp\/v2\/posts\/199686","targetHints":{"allow":["GET"]}}],"collection":[{"href":"https:\/\/www.welovecycling.com\/wide\/wp-json\/wp\/v2\/posts"}],"about":[{"href":"https:\/\/www.welovecycling.com\/wide\/wp-json\/wp\/v2\/types\/post"}],"author":[{"embeddable":true,"href":"https:\/\/www.welovecycling.com\/wide\/wp-json\/wp\/v2\/users\/99"}],"replies":[{"embeddable":true,"href":"https:\/\/www.welovecycling.com\/wide\/wp-json\/wp\/v2\/comments?post=199686"}],"version-history":[{"count":5,"href":"https:\/\/www.welovecycling.com\/wide\/wp-json\/wp\/v2\/posts\/199686\/revisions"}],"predecessor-version":[{"id":199699,"href":"https:\/\/www.welovecycling.com\/wide\/wp-json\/wp\/v2\/posts\/199686\/revisions\/199699"}],"wp:featuredmedia":[{"embeddable":true,"href":"https:\/\/www.welovecycling.com\/wide\/wp-json\/wp\/v2\/media\/199700"}],"wp:attachment":[{"href":"https:\/\/www.welovecycling.com\/wide\/wp-json\/wp\/v2\/media?parent=199686"}],"wp:term":[{"taxonomy":"category","embeddable":true,"href":"https:\/\/www.welovecycling.com\/wide\/wp-json\/wp\/v2\/categories?post=199686"},{"taxonomy":"post_tag","embeddable":true,"href":"https:\/\/www.welovecycling.com\/wide\/wp-json\/wp\/v2\/tags?post=199686"},{"taxonomy":"global-categories","embeddable":true,"href":"https:\/\/www.welovecycling.com\/wide\/wp-json\/wp\/v2\/global-categories?post=199686"}],"curies":[{"name":"wp","href":"https:\/\/api.w.org\/{rel}","templated":true}]}}