{"id":199682,"date":"2025-09-01T09:46:16","date_gmt":"2025-09-01T09:46:16","guid":{"rendered":"https:\/\/www.welovecycling.com\/wide\/?p=199682"},"modified":"2025-09-01T09:49:21","modified_gmt":"2025-09-01T09:49:21","slug":"vingegaard-and-visma-lease-a-bike-strike-a-blow-as-ayuso-backpedals-again","status":"publish","type":"post","link":"https:\/\/www.welovecycling.com\/wide\/2025\/09\/01\/vingegaard-and-visma-lease-a-bike-strike-a-blow-as-ayuso-backpedals-again\/","title":{"rendered":"Vingegaard and Visma | Lease a Bike Strike a Blow as Ayuso Backpedals Again"},"content":{"rendered":"<p><strong>Jonas Vingegaard and his Visma | Lease a Bike team surprised the Dane\u2019s GC rivals \u2013 and most of the cycling world \u2013 by attacking on yet another category 1 climb to a summit finish on Sunday\u2019s stage 9 to take his second win in the Vuelta Ciclista a Espa\u00f1a and gain valuable seconds in the race for the race win.<\/strong><\/p>\n<p><!--more--><\/p>\n<h2><strong>A surprise attack<\/strong><\/h2>\n<p>When everyone expected a rider not in the GC race to win this stage, Visma\u2019s Matteo Jorgenson led out Vingegaard on a furious attack with 11 km to go on the 13.3 km climb (@ 5.2%) to the ski station at Valdezcaray. The most surprised by the move was probably main rival Jo\u00e3o Almeida (UAE Team Emirates\u2013XRG), who belatedly took up the chase, accompanied by Tom Pidcock (Q36.5) and Felix Gall (Decathlon AG2R La Mondiale).<\/p>\n<p>The gap to the chasers hovered around 10 seconds for some time, but grew to 19 seconds with 7 km left to ride and 31 seconds at 3 km. At the end, Vingegaard\u2019s winning margin was 24 seconds, after he eased off the pedals to raise his arms in triumph 20 meters from the finish. Pidcock finished second, with a visibly disappointed Almeida coming in third.<\/p>\n<p>\u201cI felt super great today, and then on the last climb, I also felt really good, and I said to my team if they could speed up. And they did, so I tried,\u201d Vingegaard said after the stage. \u201cThey did super well. That was amazing teamwork, and I was really happy that I could finish it off. I couldn&#8217;t do it without them.\u201d<\/p>\n<p>He admitted that he hadn\u2019t foreseen how much he had to do to bring the victory home. \u201cTo be honest, maybe I didn&#8217;t do my homework good enough because I thought it was closer to the finish when I attacked, and I was a bit surprised when I saw the 10-kilometre banner,\u201d he said. \u201cBut at that moment I had the gap, and I had to keep going.\u201d<\/p>\n<p>Vingegaard reduced his deficit to race leader Torstein Tr\u00e6en (Bahrain-Victorious) to 37 seconds but increased his lead over Almeida to 38 seconds, which puts the pressure on UAE to react. Vingegaard might have taken over the race leader\u2019s red jersey if Tr\u00e6en hadn\u2019t received a helping hand from Vingegaard\u2019s teammates Jorgenson and Sepp Kuss. Apparently, Jonas doesn\u2019t want to wear the race leader\u2019s red jersey until it means something. The stage was also very good for Pidcock, who now sits in fourth in the GC, at 1:35, and Gall, who is now fifth, 2:14 behind Tr\u00e6en.<\/p>\n<p>As for Almeida, he was left to rue the lack of help from his UAE teammates. \u201cI missed a little my teammates,\u201d he said afterwards. \u201cIn the end, I had no one with me.\u201d That \u201cno one\u201d may have referred to Juan Ayuso, who, after winning stage 7 with a superb ride, dropped behind the peloton at the bottom of the final climb on Sunday and finished 157th, nearly 22 minutes behind the winner. His presence on the climb would certainly have given Almeida a big boost. So what happened?<\/p>\n<blockquote class=\"instagram-media\" style=\"background: #FFF; border: 0; border-radius: 3px; box-shadow: 0 0 1px 0 rgba(0,0,0,0.5),0 1px 10px 0 rgba(0,0,0,0.15); margin: 1px; max-width: 540px; min-width: 326px; padding: 0; width: calc(100% - 2px);\" data-instgrm-captioned=\"\" data-instgrm-permalink=\"https:\/\/www.instagram.com\/p\/DN3dw_mUHER\/?utm_source=ig_embed&amp;utm_campaign=loading\" data-instgrm-version=\"14\">\n<div style=\"padding: 16px;\">\n<p>&nbsp;<\/p>\n<div style=\"display: flex; flex-direction: row; align-items: center;\">\n<div style=\"background-color: #f4f4f4; border-radius: 50%; flex-grow: 0; height: 40px; margin-right: 14px; width: 40px;\"><\/div>\n<div style=\"display: flex; flex-direction: column; flex-grow: 1; justify-content: center;\">\n<div style=\"background-color: #f4f4f4; border-radius: 4px; flex-grow: 0; height: 14px; margin-bottom: 6px; width: 100px;\"><\/div>\n<div style=\"background-color: #f4f4f4; border-radius: 4px; flex-grow: 0; height: 14px; width: 60px;\"><\/div>\n<\/div>\n<\/div>\n<div style=\"padding: 19% 0;\"><\/div>\n<div style=\"display: block; height: 50px; margin: 0 auto 12px; width: 50px;\"><\/div>\n<div style=\"padding-top: 8px;\">\n<div style=\"color: #3897f0; font-family: Arial,sans-serif; font-size: 14px; font-style: normal; font-weight: 550; line-height: 18px;\">Zobrazit p\u0159\u00edsp\u011bvek na Instagramu<\/div>\n<\/div>\n<div style=\"padding: 12.5% 0;\"><\/div>\n<div style=\"display: flex; flex-direction: row; margin-bottom: 14px; align-items: center;\">\n<div>\n<div style=\"background-color: #f4f4f4; border-radius: 50%; height: 12.5px; width: 12.5px; transform: translateX(0px) translateY(7px);\"><\/div>\n<div style=\"background-color: #f4f4f4; height: 12.5px; transform: rotate(-45deg) translateX(3px) translateY(1px); width: 12.5px; flex-grow: 0; margin-right: 14px; margin-left: 2px;\"><\/div>\n<div style=\"background-color: #f4f4f4; border-radius: 50%; height: 12.5px; width: 12.5px; transform: translateX(9px) translateY(-18px);\"><\/div>\n<\/div>\n<div style=\"margin-left: 8px;\">\n<div style=\"background-color: #f4f4f4; border-radius: 50%; flex-grow: 0; height: 20px; width: 20px;\"><\/div>\n<div style=\"width: 0; height: 0; border-top: 2px solid transparent; border-left: 6px solid #f4f4f4; border-bottom: 2px solid transparent; transform: translateX(16px) translateY(-4px) rotate(30deg);\"><\/div>\n<\/div>\n<div style=\"margin-left: auto;\">\n<div style=\"width: 0px; border-top: 8px solid #F4F4F4; border-right: 8px solid transparent; transform: translateY(16px);\"><\/div>\n<div style=\"background-color: #f4f4f4; flex-grow: 0; height: 12px; width: 16px; transform: translateY(-4px);\"><\/div>\n<div style=\"width: 0; height: 0; border-top: 8px solid #F4F4F4; border-left: 8px solid transparent; transform: translateY(-4px) translateX(8px);\"><\/div>\n<\/div>\n<\/div>\n<div style=\"display: flex; flex-direction: column; flex-grow: 1; justify-content: center; margin-bottom: 24px;\">\n<div style=\"background-color: #f4f4f4; border-radius: 4px; flex-grow: 0; height: 14px; margin-bottom: 6px; width: 224px;\"><\/div>\n<div style=\"background-color: #f4f4f4; border-radius: 4px; flex-grow: 0; height: 14px; width: 144px;\"><\/div>\n<\/div>\n<p>&nbsp;<\/p>\n<p style=\"color: #c9c8cd; font-family: Arial,sans-serif; font-size: 14px; line-height: 17px; margin-bottom: 0; margin-top: 8px; overflow: hidden; padding: 8px 0 7px; text-align: center; text-overflow: ellipsis; white-space: nowrap;\"><a style=\"color: #c9c8cd; font-family: Arial,sans-serif; font-size: 14px; font-style: normal; font-weight: normal; line-height: 17px; text-decoration: none;\" href=\"https:\/\/www.instagram.com\/p\/DN3dw_mUHER\/?utm_source=ig_embed&amp;utm_campaign=loading\" target=\"_blank\" rel=\"noopener\">P\u0159\u00edsp\u011bvek sd\u00edlen\u00fd \u0160koda We Love Cycling (@wlcmagazine)<\/a><\/p>\n<\/div>\n<\/blockquote>\n<h2><script async src=\"\/\/www.instagram.com\/embed.js\"><\/script><strong>The Juan Ayuso mystery<\/strong><\/h2>\n<p>What is Juan Ayuso up to? He lost a lot of time on Thursday\u2019s stage 6 and told the world, \u201cThe team asked me to test myself to see if I got better [during the race]. So out of respect, I tried it, and as I wasn&#8217;t feeling good, I dropped back.\u201d The following day, he rode a remarkable race, breaking away from the peloton on the first of four difficult climbs, the category 1 Port del Canto (24.9 km @ 4.4%), with some 160 km left to race, waited for a breakaway group to catch up, then broke away from that group on the final climb to the finish (12 km @ 5.1%) to win his seventh race of the year and his second Grand Tour stage.<\/p>\n<p>Asked to explain the discrepancy in the two performances, the 22-year-old Spaniard said that it was due to his late call-up to the race, following team leader <a href=\"https:\/\/www.welovecycling.com\/wide\/2025\/08\/11\/i-have-to-enjoy-the-moment-pogacar-targets-hilly-european-championships-while-counting-down-to-retirement\/\" target=\"_blank\" rel=\"noopener\">Tadej Poga\u010dar&#8217;s<\/a>\u00a0late decision to skip the Vuelta. \u201cToday I did feel good, but it&#8217;s what I&#8217;ve been saying from day one here in the Vuelta,\u201d he said. \u201cI haven&#8217;t been able to prepare the Vuelta in the way I&#8217;d like to, and I wasn&#8217;t ready to fight for the overall in a three-week stage race.\u201d<\/p>\n<p>Okay, that explains the stage 6 meltdown. But how did he recover so completely and so quickly and then disappear from view on Sunday? \u201cFrom here on, I want to try and recover each day as best I can, because that&#8217;s the best strategy I can have for the Worlds,\u201d Ayuso said. \u201cBut that&#8217;s the important thing \u2013 not to go deep on the days I wasn&#8217;t in the break or when the team doesn&#8217;t need me, so I can recover for the Worlds.\u201d But the team needed him on Sunday, and he was nowhere to be found.<\/p>\n<p>Personally, I don\u2019t believe the bit about \u201cnot feeling good\u201d on Thursday. From my perspective, he is riding his own race, rather than for the team. He dropped back again on stage 8, as the peloton headed for a bunch sprint finish, rather than help protect Almeida. The reason for his behaviour could be that his days as a UAE Team Emirates\u2013XRG rider will soon be over. The Vuelta rumour mill has been rife with reports that Ayuso will try to get out of his contract, which runs until 2028, with <a href=\"https:\/\/www.msn.com\/en-us\/sports\/motorsports\/rumours-of-juan-ayuso-s-possible-early-exit-from-uae-team-emirates-xrg-re-emerge-at-vuelta-a-espa%C3%B1a\/ar-AA1Ly5fD?ocid=msedgdhp&amp;pc=U531&amp;cvid=68b3f9ab704a4db8aaa1c05bb225e9c8&amp;ei=16\">Spanish media running several stories<\/a> on Saturday saying that his move to Lidl-Trek was imminent.<\/p>\n<p>The other question is why there were no UAE domestiques, such as Marc Soler, with Almeida when he needed them. Perhaps because no one expected Visma to attack. In any case, there are no happy campers today in Pogi-land.<\/p>\n<h2><strong>Philipsen strikes back<\/strong><\/h2>\n<p>Jasper Philipsen (Alpecin-Deceuninck) redeemed himself after the disappointment of a narrow stage 4 defeat and won the bunch sprint of Saturday\u2019s stage 8, nipping veteran Elia Viviani (Lotto) with a resourceful and powerful sprint after losing his lead-out train in the run-up. Viviani was later relegated to 105th place for deviating from his line and impeding the winner, who shrugged off the disruption and powered to the line. Ethan Vernan (Israel-Premier Tech) was moved up to second place, and Arne Marit (Intermarch\u00e9-Wanty) came third.<\/p>\n<p>\u201cWe won, so we cannot complain,\u201d Philipsen said after the win, though he had to find his own way through the chaotic finale. \u201cWe lost my teammate,\u201d he said. \u201cI think he did an incredible lead-out again, but he was not there. I tried to communicate, but it&#8217;s difficult in the last kilometre, and I had to find my way, take a bit of extra wind, and really come late because my legs were [like] concrete. But I just managed to win, so I&#8217;m really happy.\u201d<\/p>\n<p>The victory was his second of this Vuelta and the 15th Grand Tour stage win of his career. It also put him back in the fight for the green jersey. With 105 points, he now trails Mads Pedersen (Lidl-Trek) \u2013 who has yet to win a stage but has picked up lots of points at intermediate sprints \u2013 by 15 points, with Ethan Vernon (Israel\u2013Premier Tech) in second place at 111 points. But there are only two, perhaps three, bunch sprint possibilities left in the race, so that a climber could win the points classification. Vingegaard now sits in a close fourth, with 100 points.<\/p>\n<h4><strong>Results of Stage 9 of the 2025 Vuelta Ciclista a Espa\u00f1a<\/strong><\/h4>\n<ol>\n<li>Jonas Vingegaard, Visma\u2013Lease a Bike 04:32:10<\/li>\n<li>Tom Pidcock, Q36.5 + 0:24<\/li>\n<li>Jo\u00e3o Almeida, UAE Team Emirates\u2013XRG \u201c<\/li>\n<li>Felix Gall, Decathlon AG2R La Mondiale + 1:02<\/li>\n<li>Raul Garc\u00eda, Ark\u00e9a\u2013B&amp;B Hotels \u00a0+ 1:46<\/li>\n<li>Marc Soler, UAE Team Emirates\u2013XRG \u00a0\u201c<\/li>\n<li>Giulio Ciccone, Lidl-Trek \u201c<\/li>\n<li>Markel Beloki, EF Education\u2013EasyPost \u201c<\/li>\n<li>Jai Hindley, Red Bull\u2013BORA\u2013hansgrohe \u201c<\/li>\n<li>Lorenzo Fortunato, XDS Astana \u201c<\/li>\n<\/ol>\n<p><strong>General Classification after Stage 9 of the Vuelta Ciclista a Espa\u00f1a <\/strong><\/p>\n<ol>\n<li>Torstein Tr\u00e6en, Bahrain Victorious 33:35:46<\/li>\n<li>Jonas Vingegaard, Visma\u2013Lease a Bike + 0:37<\/li>\n<li>Jo\u00e3o Almeida, UAE Team Emirates\u2013XRG + 1:15<\/li>\n<\/ol>\n<ol start=\"4\">\n<li>Tom Pidcock, Q36.5 +1:35<\/li>\n<li>Felix Gall, Decathlon AG2R La Mondiale +2:14<\/li>\n<li>Giulio Ciccone, Lidl-Trek +2:42<\/li>\n<li>Lorenzo Fortunato, XDS Astana +2:47<\/li>\n<li>Matteo Jorgenson, Visma\u2013Lease a Bike +2:49<\/li>\n<li>Jai Hindley, Red Bull\u2013BORA\u2013hansgrohe +2:53<\/li>\n<li>Giulio Pellizzari, Red Bull\u2013BORA\u2013hansgrohe \u201c<\/li>\n<\/ol>\n<h4><strong>Vuelta a Espa\u00f1a 2025 Points Classification after Stage 9 <\/strong><\/h4>\n<ol>\n<li>Mads Pedersen, Lidl-Trek \u00a0\u00a0\u00a0\u00a0\u00a0\u00a0\u00a0120 pts<\/li>\n<li>Ethan Vernon, Israel\u2013Premier Tech 111 pts<\/li>\n<li>Jasper Philipsen, Alpecin-Deceuninck 105 pts<\/li>\n<li>Jonas Vingegaard, Visma\u2013Lease a Bike 100pts<\/li>\n<li>Giulio Ciccone, Lidl-Trek 88 pts<\/li>\n<\/ol>\n","protected":false},"excerpt":{"rendered":"<p>Jonas Vingegaard and his Visma | Lease a Bike team surprised the Dane\u2019s GC rivals \u2013 and most of the [&hellip;]<\/p>\n","protected":false},"author":99,"featured_media":200973,"comment_status":"closed","ping_status":"open","sticky":false,"template":"","format":"standard","meta":{"footnotes":""},"categories":[329],"tags":[8642,5436,5450,6699,479,8658],"global-categories":[3366],"class_list":["post-199682","post","type-post","status-publish","format-standard","has-post-thumbnail","hentry","category-road-cycling","tag-2025-la-vuelta","tag-jasper-philipsen","tag-jonas-vingegaard","tag-juan-ayuso","tag-la-vuelta","tag-vuelta-ciclista-a-espana","global-categories-cycling"],"yoast_head":"<!-- This site is optimized with the Yoast SEO Premium plugin v25.3 (Yoast SEO v25.9) - https:\/\/yoast.com\/wordpress\/plugins\/seo\/ -->\n<title>Vingegaard and Visma | Lease a Bike Strike a Blow as Ayuso Backpedals Again - \u0160koda We Love Cycling<\/title>\n<meta name=\"description\" content=\"Jonas Vingegaard and his Visma | Lease a Bike team surprised the Dane\u2019s GC rivals \u2013 and most of the cycling world \u2013 by attacking on yet another category 1\" \/>\n<meta name=\"robots\" content=\"index, follow, max-snippet:-1, max-image-preview:large, max-video-preview:-1\" \/>\n<link rel=\"canonical\" href=\"https:\/\/www.welovecycling.com\/wide\/2025\/09\/01\/vingegaard-and-visma-lease-a-bike-strike-a-blow-as-ayuso-backpedals-again\/\" \/>\n<meta property=\"og:locale\" content=\"en_US\" \/>\n<meta property=\"og:type\" content=\"article\" \/>\n<meta property=\"og:title\" content=\"Vingegaard and Visma | Lease a Bike Strike a Blow as Ayuso Backpedals Again\" \/>\n<meta property=\"og:description\" content=\"Jonas Vingegaard and his Visma | Lease a Bike team surprised the Dane\u2019s GC rivals \u2013 and most of the cycling world \u2013 by attacking on yet another category 1\" \/>\n<meta property=\"og:url\" content=\"https:\/\/www.welovecycling.com\/wide\/2025\/09\/01\/vingegaard-and-visma-lease-a-bike-strike-a-blow-as-ayuso-backpedals-again\/\" \/>\n<meta property=\"og:site_name\" content=\"\u0160koda We Love Cycling\" \/>\n<meta property=\"article:published_time\" content=\"2025-09-01T09:46:16+00:00\" \/>\n<meta property=\"article:modified_time\" content=\"2025-09-01T09:49:21+00:00\" \/>\n<meta property=\"og:image\" content=\"https:\/\/d2p6e6u75xmxt8.cloudfront.net\/2\/2025\/09\/Jonas-Vingegaard-La-Vuelta-profimedia-1032987154-CVR.webp\" \/>\n\t<meta property=\"og:image:width\" content=\"990\" \/>\n\t<meta property=\"og:image:height\" content=\"660\" \/>\n\t<meta property=\"og:image:type\" content=\"image\/webp\" \/>\n<meta name=\"author\" content=\"tereza\" \/>\n<meta name=\"twitter:card\" content=\"summary_large_image\" \/>\n<meta name=\"twitter:label1\" content=\"Written by\" \/>\n\t<meta name=\"twitter:data1\" content=\"Siegfried Mortkowitz\" \/>\n\t<meta name=\"twitter:label2\" content=\"Est. reading time\" \/>\n\t<meta name=\"twitter:data2\" content=\"2\" \/>\n<script type=\"application\/ld+json\" class=\"yoast-schema-graph\">{\"@context\":\"https:\/\/schema.org\",\"@graph\":[{\"@type\":\"WebPage\",\"@id\":\"https:\/\/www.welovecycling.com\/wide\/2025\/09\/01\/vingegaard-and-visma-lease-a-bike-strike-a-blow-as-ayuso-backpedals-again\/\",\"url\":\"https:\/\/www.welovecycling.com\/wide\/2025\/09\/01\/vingegaard-and-visma-lease-a-bike-strike-a-blow-as-ayuso-backpedals-again\/\",\"name\":\"Vingegaard and Visma | Lease a Bike Strike a Blow as Ayuso Backpedals Again - \u0160koda We Love Cycling\",\"isPartOf\":{\"@id\":\"https:\/\/www.welovecycling.com\/wide\/#website\"},\"primaryImageOfPage\":{\"@id\":\"https:\/\/www.welovecycling.com\/wide\/2025\/09\/01\/vingegaard-and-visma-lease-a-bike-strike-a-blow-as-ayuso-backpedals-again\/#primaryimage\"},\"image\":{\"@id\":\"https:\/\/www.welovecycling.com\/wide\/2025\/09\/01\/vingegaard-and-visma-lease-a-bike-strike-a-blow-as-ayuso-backpedals-again\/#primaryimage\"},\"thumbnailUrl\":\"https:\/\/d2p6e6u75xmxt8.cloudfront.net\/2\/2025\/09\/Jonas-Vingegaard-La-Vuelta-profimedia-1032987154-CVR.webp\",\"datePublished\":\"2025-09-01T09:46:16+00:00\",\"dateModified\":\"2025-09-01T09:49:21+00:00\",\"author\":{\"@id\":\"https:\/\/www.welovecycling.com\/wide\/#\/schema\/person\/50f01ecd18718d2333cf72e823c4f926\"},\"description\":\"Jonas Vingegaard and his Visma | Lease a Bike team surprised the Dane\u2019s GC rivals \u2013 and most of the cycling world \u2013 by attacking on yet another category 1\",\"breadcrumb\":{\"@id\":\"https:\/\/www.welovecycling.com\/wide\/2025\/09\/01\/vingegaard-and-visma-lease-a-bike-strike-a-blow-as-ayuso-backpedals-again\/#breadcrumb\"},\"inLanguage\":\"en-US\",\"potentialAction\":[{\"@type\":\"ReadAction\",\"target\":[\"https:\/\/www.welovecycling.com\/wide\/2025\/09\/01\/vingegaard-and-visma-lease-a-bike-strike-a-blow-as-ayuso-backpedals-again\/\"]}]},{\"@type\":\"ImageObject\",\"inLanguage\":\"en-US\",\"@id\":\"https:\/\/www.welovecycling.com\/wide\/2025\/09\/01\/vingegaard-and-visma-lease-a-bike-strike-a-blow-as-ayuso-backpedals-again\/#primaryimage\",\"url\":\"https:\/\/d2p6e6u75xmxt8.cloudfront.net\/2\/2025\/09\/Jonas-Vingegaard-La-Vuelta-profimedia-1032987154-CVR.webp\",\"contentUrl\":\"https:\/\/d2p6e6u75xmxt8.cloudfront.net\/2\/2025\/09\/Jonas-Vingegaard-La-Vuelta-profimedia-1032987154-CVR.webp\",\"width\":990,\"height\":660,\"caption\":\"Jonas Vingegaard\"},{\"@type\":\"BreadcrumbList\",\"@id\":\"https:\/\/www.welovecycling.com\/wide\/2025\/09\/01\/vingegaard-and-visma-lease-a-bike-strike-a-blow-as-ayuso-backpedals-again\/#breadcrumb\",\"itemListElement\":[{\"@type\":\"ListItem\",\"position\":1,\"name\":\"Home\",\"item\":\"https:\/\/www.welovecycling.com\/wide\/\"},{\"@type\":\"ListItem\",\"position\":2,\"name\":\"Vingegaard and Visma | Lease a Bike Strike a Blow as Ayuso Backpedals Again\"}]},{\"@type\":\"WebSite\",\"@id\":\"https:\/\/www.welovecycling.com\/wide\/#website\",\"url\":\"https:\/\/www.welovecycling.com\/wide\/\",\"name\":\"\u0160koda We Love Cycling\",\"description\":\"\u0160koda We Love Cycling magazine\",\"alternateName\":\"\u0160koda WLC\",\"potentialAction\":[{\"@type\":\"SearchAction\",\"target\":{\"@type\":\"EntryPoint\",\"urlTemplate\":\"https:\/\/www.welovecycling.com\/wide\/?s={search_term_string}\"},\"query-input\":{\"@type\":\"PropertyValueSpecification\",\"valueRequired\":true,\"valueName\":\"search_term_string\"}}],\"inLanguage\":\"en-US\"},{\"@type\":\"Person\",\"@id\":\"https:\/\/www.welovecycling.com\/wide\/#\/schema\/person\/50f01ecd18718d2333cf72e823c4f926\",\"name\":\"tereza\",\"image\":{\"@type\":\"ImageObject\",\"inLanguage\":\"en-US\",\"@id\":\"https:\/\/www.welovecycling.com\/wide\/#\/schema\/person\/image\/\",\"url\":\"https:\/\/secure.gravatar.com\/avatar\/1f9eb71be33845f0afabce3791bc1c58ecdb0a25c62964987e5dbcf7a20d2ec7?s=96&d=mm&r=g\",\"contentUrl\":\"https:\/\/secure.gravatar.com\/avatar\/1f9eb71be33845f0afabce3791bc1c58ecdb0a25c62964987e5dbcf7a20d2ec7?s=96&d=mm&r=g\",\"caption\":\"tereza\"},\"url\":\"https:\/\/www.welovecycling.com\/wide\/author\/tereza\/\"}]}<\/script>\n<!-- \/ Yoast SEO Premium plugin. -->","yoast_head_json":{"title":"Vingegaard and Visma | Lease a Bike Strike a Blow as Ayuso Backpedals Again - \u0160koda We Love Cycling","description":"Jonas Vingegaard and his Visma | Lease a Bike team surprised the Dane\u2019s GC rivals \u2013 and most of the cycling world \u2013 by attacking on yet another category 1","robots":{"index":"index","follow":"follow","max-snippet":"max-snippet:-1","max-image-preview":"max-image-preview:large","max-video-preview":"max-video-preview:-1"},"canonical":"https:\/\/www.welovecycling.com\/wide\/2025\/09\/01\/vingegaard-and-visma-lease-a-bike-strike-a-blow-as-ayuso-backpedals-again\/","og_locale":"en_US","og_type":"article","og_title":"Vingegaard and Visma | Lease a Bike Strike a Blow as Ayuso Backpedals Again","og_description":"Jonas Vingegaard and his Visma | Lease a Bike team surprised the Dane\u2019s GC rivals \u2013 and most of the cycling world \u2013 by attacking on yet another category 1","og_url":"https:\/\/www.welovecycling.com\/wide\/2025\/09\/01\/vingegaard-and-visma-lease-a-bike-strike-a-blow-as-ayuso-backpedals-again\/","og_site_name":"\u0160koda We Love Cycling","article_published_time":"2025-09-01T09:46:16+00:00","article_modified_time":"2025-09-01T09:49:21+00:00","og_image":[{"width":990,"height":660,"url":"https:\/\/d2p6e6u75xmxt8.cloudfront.net\/2\/2025\/09\/Jonas-Vingegaard-La-Vuelta-profimedia-1032987154-CVR.webp","type":"image\/webp"}],"author":"tereza","twitter_card":"summary_large_image","twitter_misc":{"Written by":"Siegfried Mortkowitz","Est. reading time":"2"},"schema":{"@context":"https:\/\/schema.org","@graph":[{"@type":"WebPage","@id":"https:\/\/www.welovecycling.com\/wide\/2025\/09\/01\/vingegaard-and-visma-lease-a-bike-strike-a-blow-as-ayuso-backpedals-again\/","url":"https:\/\/www.welovecycling.com\/wide\/2025\/09\/01\/vingegaard-and-visma-lease-a-bike-strike-a-blow-as-ayuso-backpedals-again\/","name":"Vingegaard and Visma | Lease a Bike Strike a Blow as Ayuso Backpedals Again - \u0160koda We Love Cycling","isPartOf":{"@id":"https:\/\/www.welovecycling.com\/wide\/#website"},"primaryImageOfPage":{"@id":"https:\/\/www.welovecycling.com\/wide\/2025\/09\/01\/vingegaard-and-visma-lease-a-bike-strike-a-blow-as-ayuso-backpedals-again\/#primaryimage"},"image":{"@id":"https:\/\/www.welovecycling.com\/wide\/2025\/09\/01\/vingegaard-and-visma-lease-a-bike-strike-a-blow-as-ayuso-backpedals-again\/#primaryimage"},"thumbnailUrl":"https:\/\/d2p6e6u75xmxt8.cloudfront.net\/2\/2025\/09\/Jonas-Vingegaard-La-Vuelta-profimedia-1032987154-CVR.webp","datePublished":"2025-09-01T09:46:16+00:00","dateModified":"2025-09-01T09:49:21+00:00","author":{"@id":"https:\/\/www.welovecycling.com\/wide\/#\/schema\/person\/50f01ecd18718d2333cf72e823c4f926"},"description":"Jonas Vingegaard and his Visma | Lease a Bike team surprised the Dane\u2019s GC rivals \u2013 and most of the cycling world \u2013 by attacking on yet another category 1","breadcrumb":{"@id":"https:\/\/www.welovecycling.com\/wide\/2025\/09\/01\/vingegaard-and-visma-lease-a-bike-strike-a-blow-as-ayuso-backpedals-again\/#breadcrumb"},"inLanguage":"en-US","potentialAction":[{"@type":"ReadAction","target":["https:\/\/www.welovecycling.com\/wide\/2025\/09\/01\/vingegaard-and-visma-lease-a-bike-strike-a-blow-as-ayuso-backpedals-again\/"]}]},{"@type":"ImageObject","inLanguage":"en-US","@id":"https:\/\/www.welovecycling.com\/wide\/2025\/09\/01\/vingegaard-and-visma-lease-a-bike-strike-a-blow-as-ayuso-backpedals-again\/#primaryimage","url":"https:\/\/d2p6e6u75xmxt8.cloudfront.net\/2\/2025\/09\/Jonas-Vingegaard-La-Vuelta-profimedia-1032987154-CVR.webp","contentUrl":"https:\/\/d2p6e6u75xmxt8.cloudfront.net\/2\/2025\/09\/Jonas-Vingegaard-La-Vuelta-profimedia-1032987154-CVR.webp","width":990,"height":660,"caption":"Jonas Vingegaard"},{"@type":"BreadcrumbList","@id":"https:\/\/www.welovecycling.com\/wide\/2025\/09\/01\/vingegaard-and-visma-lease-a-bike-strike-a-blow-as-ayuso-backpedals-again\/#breadcrumb","itemListElement":[{"@type":"ListItem","position":1,"name":"Home","item":"https:\/\/www.welovecycling.com\/wide\/"},{"@type":"ListItem","position":2,"name":"Vingegaard and Visma | Lease a Bike Strike a Blow as Ayuso Backpedals Again"}]},{"@type":"WebSite","@id":"https:\/\/www.welovecycling.com\/wide\/#website","url":"https:\/\/www.welovecycling.com\/wide\/","name":"\u0160koda We Love Cycling","description":"\u0160koda We Love Cycling magazine","alternateName":"\u0160koda WLC","potentialAction":[{"@type":"SearchAction","target":{"@type":"EntryPoint","urlTemplate":"https:\/\/www.welovecycling.com\/wide\/?s={search_term_string}"},"query-input":{"@type":"PropertyValueSpecification","valueRequired":true,"valueName":"search_term_string"}}],"inLanguage":"en-US"},{"@type":"Person","@id":"https:\/\/www.welovecycling.com\/wide\/#\/schema\/person\/50f01ecd18718d2333cf72e823c4f926","name":"tereza","image":{"@type":"ImageObject","inLanguage":"en-US","@id":"https:\/\/www.welovecycling.com\/wide\/#\/schema\/person\/image\/","url":"https:\/\/secure.gravatar.com\/avatar\/1f9eb71be33845f0afabce3791bc1c58ecdb0a25c62964987e5dbcf7a20d2ec7?s=96&d=mm&r=g","contentUrl":"https:\/\/secure.gravatar.com\/avatar\/1f9eb71be33845f0afabce3791bc1c58ecdb0a25c62964987e5dbcf7a20d2ec7?s=96&d=mm&r=g","caption":"tereza"},"url":"https:\/\/www.welovecycling.com\/wide\/author\/tereza\/"}]}},"_links":{"self":[{"href":"https:\/\/www.welovecycling.com\/wide\/wp-json\/wp\/v2\/posts\/199682","targetHints":{"allow":["GET"]}}],"collection":[{"href":"https:\/\/www.welovecycling.com\/wide\/wp-json\/wp\/v2\/posts"}],"about":[{"href":"https:\/\/www.welovecycling.com\/wide\/wp-json\/wp\/v2\/types\/post"}],"author":[{"embeddable":true,"href":"https:\/\/www.welovecycling.com\/wide\/wp-json\/wp\/v2\/users\/99"}],"replies":[{"embeddable":true,"href":"https:\/\/www.welovecycling.com\/wide\/wp-json\/wp\/v2\/comments?post=199682"}],"version-history":[{"count":4,"href":"https:\/\/www.welovecycling.com\/wide\/wp-json\/wp\/v2\/posts\/199682\/revisions"}],"predecessor-version":[{"id":200977,"href":"https:\/\/www.welovecycling.com\/wide\/wp-json\/wp\/v2\/posts\/199682\/revisions\/200977"}],"wp:featuredmedia":[{"embeddable":true,"href":"https:\/\/www.welovecycling.com\/wide\/wp-json\/wp\/v2\/media\/200973"}],"wp:attachment":[{"href":"https:\/\/www.welovecycling.com\/wide\/wp-json\/wp\/v2\/media?parent=199682"}],"wp:term":[{"taxonomy":"category","embeddable":true,"href":"https:\/\/www.welovecycling.com\/wide\/wp-json\/wp\/v2\/categories?post=199682"},{"taxonomy":"post_tag","embeddable":true,"href":"https:\/\/www.welovecycling.com\/wide\/wp-json\/wp\/v2\/tags?post=199682"},{"taxonomy":"global-categories","embeddable":true,"href":"https:\/\/www.welovecycling.com\/wide\/wp-json\/wp\/v2\/global-categories?post=199682"}],"curies":[{"name":"wp","href":"https:\/\/api.w.org\/{rel}","templated":true}]}}