{"id":199677,"date":"2025-08-20T09:53:22","date_gmt":"2025-08-20T09:53:22","guid":{"rendered":"https:\/\/www.welovecycling.com\/wide\/?p=199677"},"modified":"2025-08-20T09:53:35","modified_gmt":"2025-08-20T09:53:35","slug":"what-are-uae-team-emirates-xrgs-plans-for-ayuso-and-del-toro","status":"publish","type":"post","link":"https:\/\/www.welovecycling.com\/wide\/2025\/08\/20\/what-are-uae-team-emirates-xrgs-plans-for-ayuso-and-del-toro\/","title":{"rendered":"What Are UAE Team Emirates\u2013XRG\u2019s Plans for Ayuso and del Toro?"},"content":{"rendered":"<p style=\"font-weight: 400;\"><strong>A look at the schedules for the rest of the year of the two young UAE Team Emirates\u2013XRG stars, Juan Ayuso and Isaac del Toro, is, on the face of it, inexplicable. Ayuso is scheduled to ride in the Vuelta a Espa\u00f1a, the Rwanda World Championships, the European Continental Championships, and Il Lombardia, while del Toro is done for the year, his final race having been Sunday\u2019s ADAC Cyclassics, in which he finished 42nd.<\/strong><\/p>\n<p><!--more--><\/p>\n<p style=\"font-weight: 400;\">The 21-year-old Mexican featured in front of the peloton late in that race, did not crash and seemed to be in fine form. But he has apparently been shut down for the rest of the year, while the 22-year-old Ayuso has a full dance card. What\u2019s going on?<\/p>\n<p style=\"font-weight: 400;\">Cycling fans will remember the controversy the two riders stirred in the Giro when del Toro, ostensibly riding in support of Ayuso, proved to be the better rider or was in better form than the Spaniard and UAE seemed wary of choosing a team leader until late in the race, when they finally chose del Toro. Any bad blood between the two riders, real or imagined, was washed away when Ayuso dropped out of the race on stage 18 after the last of several crashes he suffered in the race. At that point, del Toro led the Giro by 41 seconds, but Visma played a version of Muhammad Ali\u2019s rope-a-dope on stage, 20 and Simon Yates ended up winning the race with the help of Wout van Aert.<\/p>\n<h2 style=\"font-weight: 400;\"><strong>Ayuso\u2019s future?<\/strong><\/h2>\n<p style=\"font-weight: 400;\">So what\u2019s the story? What\u2019s behind Ayuso\u2019s full schedule and del Toro sitting out the rest of the year? UAE hasn\u2019t said a thing, and no rumours have floated through the peloton and beyond, so what follows is pure speculation and not to be taken for gospel.<\/p>\n<p style=\"font-weight: 400;\">First of all, in the World and European championships, Ayuso will be riding for Spain, not the team. But I can\u2019t imagine that he\u2019d be riding those races without the blessing of his team. In addition, team leader <a href=\"https:\/\/www.welovecycling.com\/wide\/2025\/08\/11\/i-have-to-enjoy-the-moment-pogacar-targets-hilly-european-championships-while-counting-down-to-retirement\/\" target=\"_blank\" rel=\"noopener\">Tadej Poga\u010dar<\/a> will be riding in both races, so it\u2019s possible \u2013 and allowed \u2013 that the Spaniard will be supporting his omnivorous Slovenian teammate to win both races.<\/p>\n<p style=\"font-weight: 400;\">In addition, Ayuso seems to be slated to support Jo\u00e3o Almeida in the Vuelta and Poga\u010dar in Il Lombardia. With the great domestique Rafal Majka retiring at the end of this year, could UAE be grooming Ayuso to replace him? Yes, they could. They may have decided that he would be more valuable to the team as a domestique in the Grand Tours than as a pure GC rider.<\/p>\n<h2 style=\"font-weight: 400;\"><strong>Poga\u010dar\u2019s future?<\/strong><\/h2>\n<p style=\"font-weight: 400;\">But what about the plans they have for del Toro? That\u2019s a bit more complex and involves Poga\u010dar. Pogi had a tense and exhausting Tour de France. Yes, he won, but he could never really shake Jonas Vingegaard and had to deal with a lot of pressure from his Visma\u2013Lease a Bike team. He was cranky and hostile, criticising Visma for the way they rode, getting into a pushing match with Matteo Jorgenson and appearing to get his team to prevent Visma from winning a single stage. That worked for 20 stages, but Wout van Aert blew Pogi away on the final stage and added to his own legend by a riding to a victory for the ages in a setting \u2013 Montmartre \u2013 of the ages. A day after the race, Poga\u010dar told French publication<a href=\"https:\/\/www.lequipe.fr\/Cyclisme-sur-route\/Article\/Tadej-pogacar-fait-le-bilan-apres-son-quatrieme-sacre-sur-le-tour-de-france-je-ne-pense-pas-arreter-tout-de-suite-mais\/1581262?ref=escapecollective.com\"> L\u2019Equipe<\/a> that he is already thinking about his retirement, perhaps as early as 2028.<\/p>\n<figure id=\"attachment_199203\" aria-describedby=\"caption-attachment-199203\" style=\"width: 990px\" class=\"wp-caption alignnone\"><a href=\"https:\/\/d2p6e6u75xmxt8.cloudfront.net\/2\/2025\/07\/Tadej-Pogacar-2025-Tour-profimedia-1026246264-CVR.webp\"><img loading=\"lazy\" decoding=\"async\" class=\"wp-image-199203 size-full\" src=\"https:\/\/d2p6e6u75xmxt8.cloudfront.net\/2\/2025\/07\/Tadej-Pogacar-2025-Tour-profimedia-1026246264-CVR.webp\" alt=\"Tadej Poga\u010dar\" width=\"990\" height=\"660\" srcset=\"https:\/\/d2p6e6u75xmxt8.cloudfront.net\/2\/2025\/07\/Tadej-Pogacar-2025-Tour-profimedia-1026246264-CVR.webp 990w, https:\/\/d2p6e6u75xmxt8.cloudfront.net\/2\/2025\/07\/Tadej-Pogacar-2025-Tour-profimedia-1026246264-CVR-300x200.webp 300w, https:\/\/d2p6e6u75xmxt8.cloudfront.net\/2\/2025\/07\/Tadej-Pogacar-2025-Tour-profimedia-1026246264-CVR-768x512.webp 768w, https:\/\/d2p6e6u75xmxt8.cloudfront.net\/2\/2025\/07\/Tadej-Pogacar-2025-Tour-profimedia-1026246264-CVR-400x267.webp 400w, https:\/\/d2p6e6u75xmxt8.cloudfront.net\/2\/2025\/07\/Tadej-Pogacar-2025-Tour-profimedia-1026246264-CVR-272x182.webp 272w\" sizes=\"auto, (max-width: 990px) 100vw, 990px\" \/><\/a><figcaption id=\"caption-attachment-199203\" class=\"wp-caption-text\">What about the plans they have for del Toro? That\u2019s a bit more complex and involves Tadej Poga\u010dar. \u00a9 Profimedia<\/figcaption><\/figure>\n<p style=\"font-weight: 400;\">\u201cI don\u2019t think I\u2019ll stop right away, but I also don\u2019t see myself continuing too long,\u201d he said. \u201cThe Los Angeles Olympics [in 2028] are a goal of mine\u00a0\u2013\u00a0that\u2019s three years away. So I might start thinking about retirement after that.\u201d<\/p>\n<p style=\"font-weight: 400;\">He went on to say that riding in the Tour is not much fun for him. \u201cThe Tour is the biggest cycling race in the world. But it also causes a lot of stress for riders,\u201d he said. \u201cI\u2019d like to skip it one year to try other races, but I know that\u2019s hard to do. So yes, you\u2019ll see me at the start of the Tour next year to defend my title \u2013\u00a0very likely.\u201d That \u201cvery likely\u201d must have set off alarm bells in the UAE camp. He could have said \u201cof course I\u2019ll be back\u201d or \u201cabsolutely,\u201d but he chose to qualify with \u201cvery likely,\u201d which means \u201cthere\u2019s a chance I won\u2019t be back.\u201d<\/p>\n<p style=\"font-weight: 400;\">And even if he rides in the Tour next year, which he absolutely will, if he wins and wins again in 2027, he will have a record six Tour wins. With the Olympics the following year, he very likely could decide not to ride the Tour again. Then UAE would have to find another rider to keep the team in clover.<\/p>\n<h2 style=\"font-weight: 400;\"><strong>Del Toro\u2019s future?<\/strong><\/h2>\n<p style=\"font-weight: 400;\">They\u2019re not looking far because they know they won\u2019t find a better rider to be the \u201cnew Poga\u010dar\u201d than del Toro. He can absolutely win a Grand Tour, which he demonstrated in the Giro before suffering a brain freeze. And I think that in a year or two, he\u2019ll be able to beat Vingegaard and Evenepoel in the Tour. He\u2019s only 21 years old and will only get better. Barring serious injury or illness, he will be the best rider in the peloton after Poga\u010dar retires. He\u2019s got the same easy smoothness and confidence on a bike as his team leader. He just needs some more explosiveness and racing wisdom.<\/p>\n<p style=\"font-weight: 400;\">That\u2019s why I think the team decided to shut him down, anoint him team-leader-in-waiting, and start preparing him to win Grand Tours, starting with the Giro next year \u2013 to give him a chance at redemption in that race and to build up his self-confidence. I need to repeat that this is all pure speculation. But if it turns out to be true, remember where you heard it first.<\/p>\n","protected":false},"excerpt":{"rendered":"<p>A look at the schedules for the rest of the year of the two young UAE Team Emirates\u2013XRG stars, Juan [&hellip;]<\/p>\n","protected":false},"author":99,"featured_media":199678,"comment_status":"closed","ping_status":"open","sticky":false,"template":"","format":"standard","meta":{"footnotes":""},"categories":[329],"tags":[7603,6699,3415,2885,831],"global-categories":[3366],"class_list":["post-199677","post","type-post","status-publish","format-standard","has-post-thumbnail","hentry","category-road-cycling","tag-isaac-del-toro","tag-juan-ayuso","tag-tadej-pogacar","tag-uae-team-emirates","tag-wout-van-aert","global-categories-cycling"],"yoast_head":"<!-- This site is optimized with the Yoast SEO Premium plugin v25.3 (Yoast SEO v25.9) - https:\/\/yoast.com\/wordpress\/plugins\/seo\/ -->\n<title>What Are UAE Team Emirates\u2013XRG\u2019s Plans for Ayuso and del Toro?<\/title>\n<meta name=\"description\" content=\"A look at the schedules for the rest of the year of the two young UAE Team Emirates\u2013XRG stars, Juan Ayuso and Isaac del Toro, is, on the face of it,\" \/>\n<meta name=\"robots\" content=\"index, follow, max-snippet:-1, max-image-preview:large, max-video-preview:-1\" \/>\n<link rel=\"canonical\" href=\"https:\/\/www.welovecycling.com\/wide\/2025\/08\/20\/what-are-uae-team-emirates-xrgs-plans-for-ayuso-and-del-toro\/\" \/>\n<meta property=\"og:locale\" content=\"en_US\" \/>\n<meta property=\"og:type\" content=\"article\" \/>\n<meta property=\"og:title\" content=\"What Are UAE Team Emirates\u2013XRG\u2019s Plans for Ayuso and del Toro?\" \/>\n<meta property=\"og:description\" content=\"A look at the schedules for the rest of the year of the two young UAE Team Emirates\u2013XRG stars, Juan Ayuso and Isaac del Toro, is, on the face of it,\" \/>\n<meta property=\"og:url\" content=\"https:\/\/www.welovecycling.com\/wide\/2025\/08\/20\/what-are-uae-team-emirates-xrgs-plans-for-ayuso-and-del-toro\/\" \/>\n<meta property=\"og:site_name\" content=\"\u0160koda We Love Cycling\" \/>\n<meta property=\"article:published_time\" content=\"2025-08-20T09:53:22+00:00\" \/>\n<meta property=\"article:modified_time\" content=\"2025-08-20T09:53:35+00:00\" \/>\n<meta property=\"og:image\" content=\"https:\/\/d2p6e6u75xmxt8.cloudfront.net\/2\/2025\/08\/Ayuso-del-Toro-profimedia-1001665739-CVR.webp\" \/>\n\t<meta property=\"og:image:width\" content=\"990\" \/>\n\t<meta property=\"og:image:height\" content=\"660\" \/>\n\t<meta property=\"og:image:type\" content=\"image\/webp\" \/>\n<meta name=\"author\" content=\"tereza\" \/>\n<meta name=\"twitter:card\" content=\"summary_large_image\" \/>\n<meta name=\"twitter:label1\" content=\"Written by\" \/>\n\t<meta name=\"twitter:data1\" content=\"Siegfried Mortkowitz\" \/>\n\t<meta name=\"twitter:label2\" content=\"Est. reading time\" \/>\n\t<meta name=\"twitter:data2\" content=\"2\" \/>\n<script type=\"application\/ld+json\" class=\"yoast-schema-graph\">{\"@context\":\"https:\/\/schema.org\",\"@graph\":[{\"@type\":\"WebPage\",\"@id\":\"https:\/\/www.welovecycling.com\/wide\/2025\/08\/20\/what-are-uae-team-emirates-xrgs-plans-for-ayuso-and-del-toro\/\",\"url\":\"https:\/\/www.welovecycling.com\/wide\/2025\/08\/20\/what-are-uae-team-emirates-xrgs-plans-for-ayuso-and-del-toro\/\",\"name\":\"What Are UAE Team Emirates\u2013XRG\u2019s Plans for Ayuso and del Toro?\",\"isPartOf\":{\"@id\":\"https:\/\/www.welovecycling.com\/wide\/#website\"},\"primaryImageOfPage\":{\"@id\":\"https:\/\/www.welovecycling.com\/wide\/2025\/08\/20\/what-are-uae-team-emirates-xrgs-plans-for-ayuso-and-del-toro\/#primaryimage\"},\"image\":{\"@id\":\"https:\/\/www.welovecycling.com\/wide\/2025\/08\/20\/what-are-uae-team-emirates-xrgs-plans-for-ayuso-and-del-toro\/#primaryimage\"},\"thumbnailUrl\":\"https:\/\/d2p6e6u75xmxt8.cloudfront.net\/2\/2025\/08\/Ayuso-del-Toro-profimedia-1001665739-CVR.webp\",\"datePublished\":\"2025-08-20T09:53:22+00:00\",\"dateModified\":\"2025-08-20T09:53:35+00:00\",\"author\":{\"@id\":\"https:\/\/www.welovecycling.com\/wide\/#\/schema\/person\/50f01ecd18718d2333cf72e823c4f926\"},\"description\":\"A look at the schedules for the rest of the year of the two young UAE Team Emirates\u2013XRG stars, Juan Ayuso and Isaac del Toro, is, on the face of it,\",\"breadcrumb\":{\"@id\":\"https:\/\/www.welovecycling.com\/wide\/2025\/08\/20\/what-are-uae-team-emirates-xrgs-plans-for-ayuso-and-del-toro\/#breadcrumb\"},\"inLanguage\":\"en-US\",\"potentialAction\":[{\"@type\":\"ReadAction\",\"target\":[\"https:\/\/www.welovecycling.com\/wide\/2025\/08\/20\/what-are-uae-team-emirates-xrgs-plans-for-ayuso-and-del-toro\/\"]}]},{\"@type\":\"ImageObject\",\"inLanguage\":\"en-US\",\"@id\":\"https:\/\/www.welovecycling.com\/wide\/2025\/08\/20\/what-are-uae-team-emirates-xrgs-plans-for-ayuso-and-del-toro\/#primaryimage\",\"url\":\"https:\/\/d2p6e6u75xmxt8.cloudfront.net\/2\/2025\/08\/Ayuso-del-Toro-profimedia-1001665739-CVR.webp\",\"contentUrl\":\"https:\/\/d2p6e6u75xmxt8.cloudfront.net\/2\/2025\/08\/Ayuso-del-Toro-profimedia-1001665739-CVR.webp\",\"width\":990,\"height\":660,\"caption\":\"Ayuso and del Toro\"},{\"@type\":\"BreadcrumbList\",\"@id\":\"https:\/\/www.welovecycling.com\/wide\/2025\/08\/20\/what-are-uae-team-emirates-xrgs-plans-for-ayuso-and-del-toro\/#breadcrumb\",\"itemListElement\":[{\"@type\":\"ListItem\",\"position\":1,\"name\":\"Home\",\"item\":\"https:\/\/www.welovecycling.com\/wide\/\"},{\"@type\":\"ListItem\",\"position\":2,\"name\":\"What Are UAE Team Emirates\u2013XRG\u2019s Plans for Ayuso and del Toro?\"}]},{\"@type\":\"WebSite\",\"@id\":\"https:\/\/www.welovecycling.com\/wide\/#website\",\"url\":\"https:\/\/www.welovecycling.com\/wide\/\",\"name\":\"\u0160koda We Love Cycling\",\"description\":\"\u0160koda We Love Cycling magazine\",\"alternateName\":\"\u0160koda WLC\",\"potentialAction\":[{\"@type\":\"SearchAction\",\"target\":{\"@type\":\"EntryPoint\",\"urlTemplate\":\"https:\/\/www.welovecycling.com\/wide\/?s={search_term_string}\"},\"query-input\":{\"@type\":\"PropertyValueSpecification\",\"valueRequired\":true,\"valueName\":\"search_term_string\"}}],\"inLanguage\":\"en-US\"},{\"@type\":\"Person\",\"@id\":\"https:\/\/www.welovecycling.com\/wide\/#\/schema\/person\/50f01ecd18718d2333cf72e823c4f926\",\"name\":\"tereza\",\"image\":{\"@type\":\"ImageObject\",\"inLanguage\":\"en-US\",\"@id\":\"https:\/\/www.welovecycling.com\/wide\/#\/schema\/person\/image\/\",\"url\":\"https:\/\/secure.gravatar.com\/avatar\/1f9eb71be33845f0afabce3791bc1c58ecdb0a25c62964987e5dbcf7a20d2ec7?s=96&d=mm&r=g\",\"contentUrl\":\"https:\/\/secure.gravatar.com\/avatar\/1f9eb71be33845f0afabce3791bc1c58ecdb0a25c62964987e5dbcf7a20d2ec7?s=96&d=mm&r=g\",\"caption\":\"tereza\"},\"url\":\"https:\/\/www.welovecycling.com\/wide\/author\/tereza\/\"}]}<\/script>\n<!-- \/ Yoast SEO Premium plugin. -->","yoast_head_json":{"title":"What Are UAE Team Emirates\u2013XRG\u2019s Plans for Ayuso and del Toro?","description":"A look at the schedules for the rest of the year of the two young UAE Team Emirates\u2013XRG stars, Juan Ayuso and Isaac del Toro, is, on the face of it,","robots":{"index":"index","follow":"follow","max-snippet":"max-snippet:-1","max-image-preview":"max-image-preview:large","max-video-preview":"max-video-preview:-1"},"canonical":"https:\/\/www.welovecycling.com\/wide\/2025\/08\/20\/what-are-uae-team-emirates-xrgs-plans-for-ayuso-and-del-toro\/","og_locale":"en_US","og_type":"article","og_title":"What Are UAE Team Emirates\u2013XRG\u2019s Plans for Ayuso and del Toro?","og_description":"A look at the schedules for the rest of the year of the two young UAE Team Emirates\u2013XRG stars, Juan Ayuso and Isaac del Toro, is, on the face of it,","og_url":"https:\/\/www.welovecycling.com\/wide\/2025\/08\/20\/what-are-uae-team-emirates-xrgs-plans-for-ayuso-and-del-toro\/","og_site_name":"\u0160koda We Love Cycling","article_published_time":"2025-08-20T09:53:22+00:00","article_modified_time":"2025-08-20T09:53:35+00:00","og_image":[{"width":990,"height":660,"url":"https:\/\/d2p6e6u75xmxt8.cloudfront.net\/2\/2025\/08\/Ayuso-del-Toro-profimedia-1001665739-CVR.webp","type":"image\/webp"}],"author":"tereza","twitter_card":"summary_large_image","twitter_misc":{"Written by":"Siegfried Mortkowitz","Est. reading time":"2"},"schema":{"@context":"https:\/\/schema.org","@graph":[{"@type":"WebPage","@id":"https:\/\/www.welovecycling.com\/wide\/2025\/08\/20\/what-are-uae-team-emirates-xrgs-plans-for-ayuso-and-del-toro\/","url":"https:\/\/www.welovecycling.com\/wide\/2025\/08\/20\/what-are-uae-team-emirates-xrgs-plans-for-ayuso-and-del-toro\/","name":"What Are UAE Team Emirates\u2013XRG\u2019s Plans for Ayuso and del Toro?","isPartOf":{"@id":"https:\/\/www.welovecycling.com\/wide\/#website"},"primaryImageOfPage":{"@id":"https:\/\/www.welovecycling.com\/wide\/2025\/08\/20\/what-are-uae-team-emirates-xrgs-plans-for-ayuso-and-del-toro\/#primaryimage"},"image":{"@id":"https:\/\/www.welovecycling.com\/wide\/2025\/08\/20\/what-are-uae-team-emirates-xrgs-plans-for-ayuso-and-del-toro\/#primaryimage"},"thumbnailUrl":"https:\/\/d2p6e6u75xmxt8.cloudfront.net\/2\/2025\/08\/Ayuso-del-Toro-profimedia-1001665739-CVR.webp","datePublished":"2025-08-20T09:53:22+00:00","dateModified":"2025-08-20T09:53:35+00:00","author":{"@id":"https:\/\/www.welovecycling.com\/wide\/#\/schema\/person\/50f01ecd18718d2333cf72e823c4f926"},"description":"A look at the schedules for the rest of the year of the two young UAE Team Emirates\u2013XRG stars, Juan Ayuso and Isaac del Toro, is, on the face of it,","breadcrumb":{"@id":"https:\/\/www.welovecycling.com\/wide\/2025\/08\/20\/what-are-uae-team-emirates-xrgs-plans-for-ayuso-and-del-toro\/#breadcrumb"},"inLanguage":"en-US","potentialAction":[{"@type":"ReadAction","target":["https:\/\/www.welovecycling.com\/wide\/2025\/08\/20\/what-are-uae-team-emirates-xrgs-plans-for-ayuso-and-del-toro\/"]}]},{"@type":"ImageObject","inLanguage":"en-US","@id":"https:\/\/www.welovecycling.com\/wide\/2025\/08\/20\/what-are-uae-team-emirates-xrgs-plans-for-ayuso-and-del-toro\/#primaryimage","url":"https:\/\/d2p6e6u75xmxt8.cloudfront.net\/2\/2025\/08\/Ayuso-del-Toro-profimedia-1001665739-CVR.webp","contentUrl":"https:\/\/d2p6e6u75xmxt8.cloudfront.net\/2\/2025\/08\/Ayuso-del-Toro-profimedia-1001665739-CVR.webp","width":990,"height":660,"caption":"Ayuso and del Toro"},{"@type":"BreadcrumbList","@id":"https:\/\/www.welovecycling.com\/wide\/2025\/08\/20\/what-are-uae-team-emirates-xrgs-plans-for-ayuso-and-del-toro\/#breadcrumb","itemListElement":[{"@type":"ListItem","position":1,"name":"Home","item":"https:\/\/www.welovecycling.com\/wide\/"},{"@type":"ListItem","position":2,"name":"What Are UAE Team Emirates\u2013XRG\u2019s Plans for Ayuso and del Toro?"}]},{"@type":"WebSite","@id":"https:\/\/www.welovecycling.com\/wide\/#website","url":"https:\/\/www.welovecycling.com\/wide\/","name":"\u0160koda We Love Cycling","description":"\u0160koda We Love Cycling magazine","alternateName":"\u0160koda WLC","potentialAction":[{"@type":"SearchAction","target":{"@type":"EntryPoint","urlTemplate":"https:\/\/www.welovecycling.com\/wide\/?s={search_term_string}"},"query-input":{"@type":"PropertyValueSpecification","valueRequired":true,"valueName":"search_term_string"}}],"inLanguage":"en-US"},{"@type":"Person","@id":"https:\/\/www.welovecycling.com\/wide\/#\/schema\/person\/50f01ecd18718d2333cf72e823c4f926","name":"tereza","image":{"@type":"ImageObject","inLanguage":"en-US","@id":"https:\/\/www.welovecycling.com\/wide\/#\/schema\/person\/image\/","url":"https:\/\/secure.gravatar.com\/avatar\/1f9eb71be33845f0afabce3791bc1c58ecdb0a25c62964987e5dbcf7a20d2ec7?s=96&d=mm&r=g","contentUrl":"https:\/\/secure.gravatar.com\/avatar\/1f9eb71be33845f0afabce3791bc1c58ecdb0a25c62964987e5dbcf7a20d2ec7?s=96&d=mm&r=g","caption":"tereza"},"url":"https:\/\/www.welovecycling.com\/wide\/author\/tereza\/"}]}},"_links":{"self":[{"href":"https:\/\/www.welovecycling.com\/wide\/wp-json\/wp\/v2\/posts\/199677","targetHints":{"allow":["GET"]}}],"collection":[{"href":"https:\/\/www.welovecycling.com\/wide\/wp-json\/wp\/v2\/posts"}],"about":[{"href":"https:\/\/www.welovecycling.com\/wide\/wp-json\/wp\/v2\/types\/post"}],"author":[{"embeddable":true,"href":"https:\/\/www.welovecycling.com\/wide\/wp-json\/wp\/v2\/users\/99"}],"replies":[{"embeddable":true,"href":"https:\/\/www.welovecycling.com\/wide\/wp-json\/wp\/v2\/comments?post=199677"}],"version-history":[{"count":1,"href":"https:\/\/www.welovecycling.com\/wide\/wp-json\/wp\/v2\/posts\/199677\/revisions"}],"predecessor-version":[{"id":199679,"href":"https:\/\/www.welovecycling.com\/wide\/wp-json\/wp\/v2\/posts\/199677\/revisions\/199679"}],"wp:featuredmedia":[{"embeddable":true,"href":"https:\/\/www.welovecycling.com\/wide\/wp-json\/wp\/v2\/media\/199678"}],"wp:attachment":[{"href":"https:\/\/www.welovecycling.com\/wide\/wp-json\/wp\/v2\/media?parent=199677"}],"wp:term":[{"taxonomy":"category","embeddable":true,"href":"https:\/\/www.welovecycling.com\/wide\/wp-json\/wp\/v2\/categories?post=199677"},{"taxonomy":"post_tag","embeddable":true,"href":"https:\/\/www.welovecycling.com\/wide\/wp-json\/wp\/v2\/tags?post=199677"},{"taxonomy":"global-categories","embeddable":true,"href":"https:\/\/www.welovecycling.com\/wide\/wp-json\/wp\/v2\/global-categories?post=199677"}],"curies":[{"name":"wp","href":"https:\/\/api.w.org\/{rel}","templated":true}]}}