{"id":199659,"date":"2025-08-18T13:19:28","date_gmt":"2025-08-18T13:19:28","guid":{"rendered":"https:\/\/www.welovecycling.com\/wide\/?p=199659"},"modified":"2025-08-18T18:34:17","modified_gmt":"2025-08-18T18:34:17","slug":"arkea-bb-hotels-set-to-be-relegated-as-worldtour-team-battle-heats-up","status":"publish","type":"post","link":"https:\/\/www.welovecycling.com\/wide\/2025\/08\/18\/arkea-bb-hotels-set-to-be-relegated-as-worldtour-team-battle-heats-up\/","title":{"rendered":"Ark\u00e9a\u2013B&#038;B Hotels Set to Be Relegated as WorldTour Team Battle Heats Up"},"content":{"rendered":"<p><strong>The French team Ark\u00e9a\u2013B&amp;B Hotels looks certain to be dropped from the ranks of WorldTour teams at the end of the year, even if it is not disbanded, with another French squad, Cofidis, also in danger of joining it in the Pro level. With only two months to go in the racing season, the three-year battle for promotion and relegation is reaching its climax, with now three or four teams struggling to rise to or remain among the top 18 World Tour teams.<\/strong><\/p>\n<p><!--more--><\/p>\n<p>Two Pro teams are certain to be promoted based on the points they have accumulated in races from the beginning of 2023. Lotto now ranks 12th with a total of 30,125 points, and Israel\u2013Premier Tech are 14th, with 28,542. Ark\u00e9a\u2013B&amp;B Hotels has 21,806 points, more than 3,000 behind the team occupying the 18th position in the <a href=\"https:\/\/www.uci.org\/discipline\/road\/6TBjsDD8902tud440iv1Cu?tab=technicalrankings\">UCI Technical Rankings<\/a>, Intermarch\u00e9\u2013Wanty, at 25,092. I\u2019m certain that numerous WorldTour teams have already been wooing its star rider, K\u00e9vin Vauquelin, who has had an excellent year, with five victories, a second-place finish in the Tour de Suisse GC and seventh in the Tour de France.<\/p>\n<p>Intermarch\u00e9\u2013Wanty has had a bad season, registering only three victories all year, one of which was Georg Zimmerman\u2019s win in the German National Road Race Championship, which does not offer any UCI points. Its major problem has been the bad form of its star rider, last year\u2019s Tour de France <a href=\"https:\/\/www.welovecycling.com\/wide\/2024\/07\/22\/girmays-historic-skoda-green-jersey-will-change-the-sport\/\" target=\"_blank\" rel=\"noopener\">\u0160koda Green Jersey winner Biniam Girmay,<\/a> who has not won a single race this year. The 1,160 points he has collected this year are nearly 2,000 points fewer than his haul in 2024.<\/p>\n<p>Girmay is scheduled to ride in only four more races this year, including the Grand Prix Cycliste de Qu\u00e9bec on September 12, in which he\u2019ll be racing against four-time Tour de France winner Tadej Poga\u010dar, Visma\u2013Lease a Bike\u2019s Wout van Aert, and, notably, Tobias Halland Johannessen, of Pro team Uno-X Mobility. The Norwegian team ranks 20th in the Technical Rankings, with 23,449 points, just 1,643 points behind Intermarch\u00e9\u2013Wanty. Girmay\u2019s performances in the remaining races may prove vital to his team remaining in the top tier, though his presence on the squad will likely earn Intermarch\u00e9-Wanty a wild card to race in most top races even if it is relegated.<\/p>\n<div class=\"shortcode-ys-post-pinup\"><article class=\"loop-simple post-199653 post type-post status-publish format-standard has-post-thumbnail hentry category-road-cycling tag-primoz-roglic tag-red-bull-bora-hansgrohe tag-remco-evenepoel global-categories-cycling\" data-postid=\"199653\" role=\"article\" data-post-id=\"199653\" data-word-count=\"444\" data-headline-length=\"128\" data-category=\"Road cycling\" data-global-category=\"Cycling\" data-author=\"Siegfried Mortkowitz\" data-published=\"2025-08-19T11:20:45+00:00\" data-published-day=\"Tuesday\">\n    <div class=\"entry-thumbnail article-thumbnail\" content=\"https:\/\/d2p6e6u75xmxt8.cloudfront.net\/2\/2025\/08\/Evenepoel-Roglic-profimedia-0853265510-CVR-1-150x150.webp\"><a href=\"https:\/\/www.welovecycling.com\/wide\/2025\/08\/19\/roglic-welcomes-evenepoel-to-red-bull-bora-hansgrohe-i-hope-we-can-achieve-great-things-together\/\" class=\"image-holder\" target=\"_self\"><img decoding=\"async\" loading=\"lazy\" class=\"\" src=\"https:\/\/d2p6e6u75xmxt8.cloudfront.net\/2\/2025\/08\/Evenepoel-Roglic-profimedia-0853265510-CVR-1.webp\" srcset=\"https:\/\/d2p6e6u75xmxt8.cloudfront.net\/2\/2025\/08\/Evenepoel-Roglic-profimedia-0853265510-CVR-1.webp 990w, https:\/\/d2p6e6u75xmxt8.cloudfront.net\/2\/2025\/08\/Evenepoel-Roglic-profimedia-0853265510-CVR-1-300x200.webp 300w, https:\/\/d2p6e6u75xmxt8.cloudfront.net\/2\/2025\/08\/Evenepoel-Roglic-profimedia-0853265510-CVR-1-768x512.webp 768w, https:\/\/d2p6e6u75xmxt8.cloudfront.net\/2\/2025\/08\/Evenepoel-Roglic-profimedia-0853265510-CVR-1-400x267.webp 400w, https:\/\/d2p6e6u75xmxt8.cloudfront.net\/2\/2025\/08\/Evenepoel-Roglic-profimedia-0853265510-CVR-1-272x182.webp 272w\" width=\"990\" height=\"660\" sizes=\"auto, (min-width: 1200px) 300px, (min-width: 768px) 25vw, 100vw\" alt=\"roglic-welcomes-evenepoel-to-red-bull-bora-hansgrohe-i-hope-we-can-achieve-great-things-together\"\/><\/a><\/div>    <div class=\"entry-meta\">\n        <a class=\"label label-secondary post-category\" href=\"https:\/\/www.welovecycling.com\/wide\/category\/road-cycling\/\" title=\"Road cycling\">Road cycling<\/a>\n    <\/div>\n    <div class=\"entry-details\">\n        <a href=\"https:\/\/www.welovecycling.com\/wide\/2025\/08\/19\/roglic-welcomes-evenepoel-to-red-bull-bora-hansgrohe-i-hope-we-can-achieve-great-things-together\/\" class='entry-title-wrapper'>\n            <h3 class=\"entry-title\"><span>Rogli\u010d Welcomes Evenepoel to Red Bull &#8211; BORA &#8211; hansgrohe: &#8220;I Hope We Can Achieve Great Things Together&#8221;<\/span><\/h3>\n        <\/a>\n    <\/div>\n    <\/article>\n<\/div>\n<p>UNO-X Mobility has had a very good year with 18 victories, mostly in second-level races. With the team scheduled to ride in only 12 races the rest of the year, Johannessen\u2019s performances in the Bretagne Classic on August 31 and the Grand Prix Cycliste de Qu\u00e9bec and Grand Prix Cycliste de Montr\u00e9al may be decisive.<\/p>\n<p>With 23,908 points, Cofidis ranks between Intermarch\u00e9-Wanty and Uno-X Mobility, one spot below safety. It has put much of its hope of remaining in the top tier on the shoulders of 24-year-old Milan Fretin, who has registered three of its eight wins this year, as well as some important podium finishes. He is scheduled to ride in eight races in the next two months, including the five-stage top-level Renewi Tour, which kicks off on Wednesday.<\/p>\n<p>Unlike Uno-X Mobility, Cofidis and Intermarch\u00e9-Wanty will be racing in the Vuelta a Espa\u00f1a, which starts on Saturday and could make the difference with all the Grand Tour points on offer. Unfortunately for Intermarch\u00e9-Wanty, this year\u2019s edition will have few opportunities for sprinters, which means that Girmay will skip it. But the team has set a crazy-busy schedule for the rest of the year, riding in 30 races over the next two months in a desperate point-gathering frenzy.<\/p>\n<p>With 25,808 points, only 2,000 ahead of Cofidis, the Dutch team Picnic PostNL would also appear to be at risk of relegation, especially as it has only five wins this year. But its 22-year-old rising star Oscar Onley, who finished fourth in the Tour de France, will be riding in the Tour of Britain and both the Grand Prix Cycliste de Qu\u00e9bec and the Grand Prix Cycliste de Montr\u00e9al. If he flashes his Tour form, he should finish high enough in all three races to keep his team safe.<\/p>\n<p>So it appears that the race for the final WorldTour spot will be between Intermarch\u00e9-Wanty and Cofidis, with the outcome perhaps decided by the season\u2019s final race, the <a href=\"https:\/\/www.procyclingstats.com\/race\/japan-cup\/2025\">Utsunomiya Japan Cup on<\/a> October 19.<\/p>\n","protected":false},"excerpt":{"rendered":"<p>The French team Ark\u00e9a\u2013B&amp;B Hotels looks certain to be dropped from the ranks of WorldTour teams at the end of [&hellip;]<\/p>\n","protected":false},"author":99,"featured_media":197149,"comment_status":"closed","ping_status":"open","sticky":false,"template":"","format":"standard","meta":{"footnotes":""},"categories":[329],"tags":[8115,8647,8416],"global-categories":[3366],"class_list":["post-199659","post","type-post","status-publish","format-standard","has-post-thumbnail","hentry","category-road-cycling","tag-arkea-bb-hotels","tag-intermarche-wanty","tag-team-relegations","global-categories-cycling"],"yoast_head":"<!-- This site is optimized with the Yoast SEO Premium plugin v25.3 (Yoast SEO v25.9) - https:\/\/yoast.com\/wordpress\/plugins\/seo\/ -->\n<title>Ark\u00e9a\u2013B&amp;B Hotels Set to Be Relegated as WorldTour Battle Heats Up<\/title>\n<meta name=\"description\" content=\"The French team Ark\u00e9a\u2013B&amp;B Hotels looks certain to be dropped from the ranks of WorldTour teams at the end of the year, even if it is not disbanded,\" \/>\n<meta name=\"robots\" content=\"index, follow, max-snippet:-1, max-image-preview:large, max-video-preview:-1\" \/>\n<link rel=\"canonical\" href=\"https:\/\/www.welovecycling.com\/wide\/2025\/08\/18\/arkea-bb-hotels-set-to-be-relegated-as-worldtour-team-battle-heats-up\/\" \/>\n<meta property=\"og:locale\" content=\"en_US\" \/>\n<meta property=\"og:type\" content=\"article\" \/>\n<meta property=\"og:title\" content=\"Ark\u00e9a\u2013B&amp;B Hotels Set to Be Relegated as WorldTour Team Battle Heats Up\" \/>\n<meta property=\"og:description\" content=\"The French team Ark\u00e9a\u2013B&amp;B Hotels looks certain to be dropped from the ranks of WorldTour teams at the end of the year, even if it is not disbanded,\" \/>\n<meta property=\"og:url\" content=\"https:\/\/www.welovecycling.com\/wide\/2025\/08\/18\/arkea-bb-hotels-set-to-be-relegated-as-worldtour-team-battle-heats-up\/\" \/>\n<meta property=\"og:site_name\" content=\"\u0160koda We Love Cycling\" \/>\n<meta property=\"article:published_time\" content=\"2025-08-18T13:19:28+00:00\" \/>\n<meta property=\"article:modified_time\" content=\"2025-08-18T18:34:17+00:00\" \/>\n<meta property=\"og:image\" content=\"https:\/\/d2p6e6u75xmxt8.cloudfront.net\/2\/2024\/11\/ArkeaBB-Hotels-Team-CVR.webp\" \/>\n\t<meta property=\"og:image:width\" content=\"990\" \/>\n\t<meta property=\"og:image:height\" content=\"660\" \/>\n\t<meta property=\"og:image:type\" content=\"image\/webp\" \/>\n<meta name=\"author\" content=\"tereza\" \/>\n<meta name=\"twitter:card\" content=\"summary_large_image\" \/>\n<meta name=\"twitter:label1\" content=\"Written by\" \/>\n\t<meta name=\"twitter:data1\" content=\"Siegfried Mortkowitz\" \/>\n\t<meta name=\"twitter:label2\" content=\"Est. reading time\" \/>\n\t<meta name=\"twitter:data2\" content=\"2\" \/>\n<script type=\"application\/ld+json\" class=\"yoast-schema-graph\">{\"@context\":\"https:\/\/schema.org\",\"@graph\":[{\"@type\":\"WebPage\",\"@id\":\"https:\/\/www.welovecycling.com\/wide\/2025\/08\/18\/arkea-bb-hotels-set-to-be-relegated-as-worldtour-team-battle-heats-up\/\",\"url\":\"https:\/\/www.welovecycling.com\/wide\/2025\/08\/18\/arkea-bb-hotels-set-to-be-relegated-as-worldtour-team-battle-heats-up\/\",\"name\":\"Ark\u00e9a\u2013B&B Hotels Set to Be Relegated as WorldTour Battle Heats Up\",\"isPartOf\":{\"@id\":\"https:\/\/www.welovecycling.com\/wide\/#website\"},\"primaryImageOfPage\":{\"@id\":\"https:\/\/www.welovecycling.com\/wide\/2025\/08\/18\/arkea-bb-hotels-set-to-be-relegated-as-worldtour-team-battle-heats-up\/#primaryimage\"},\"image\":{\"@id\":\"https:\/\/www.welovecycling.com\/wide\/2025\/08\/18\/arkea-bb-hotels-set-to-be-relegated-as-worldtour-team-battle-heats-up\/#primaryimage\"},\"thumbnailUrl\":\"https:\/\/d2p6e6u75xmxt8.cloudfront.net\/2\/2024\/11\/ArkeaBB-Hotels-Team-CVR.webp\",\"datePublished\":\"2025-08-18T13:19:28+00:00\",\"dateModified\":\"2025-08-18T18:34:17+00:00\",\"author\":{\"@id\":\"https:\/\/www.welovecycling.com\/wide\/#\/schema\/person\/50f01ecd18718d2333cf72e823c4f926\"},\"description\":\"The French team Ark\u00e9a\u2013B&amp;B Hotels looks certain to be dropped from the ranks of WorldTour teams at the end of the year, even if it is not disbanded,\",\"breadcrumb\":{\"@id\":\"https:\/\/www.welovecycling.com\/wide\/2025\/08\/18\/arkea-bb-hotels-set-to-be-relegated-as-worldtour-team-battle-heats-up\/#breadcrumb\"},\"inLanguage\":\"en-US\",\"potentialAction\":[{\"@type\":\"ReadAction\",\"target\":[\"https:\/\/www.welovecycling.com\/wide\/2025\/08\/18\/arkea-bb-hotels-set-to-be-relegated-as-worldtour-team-battle-heats-up\/\"]}]},{\"@type\":\"ImageObject\",\"inLanguage\":\"en-US\",\"@id\":\"https:\/\/www.welovecycling.com\/wide\/2025\/08\/18\/arkea-bb-hotels-set-to-be-relegated-as-worldtour-team-battle-heats-up\/#primaryimage\",\"url\":\"https:\/\/d2p6e6u75xmxt8.cloudfront.net\/2\/2024\/11\/ArkeaBB-Hotels-Team-CVR.webp\",\"contentUrl\":\"https:\/\/d2p6e6u75xmxt8.cloudfront.net\/2\/2024\/11\/ArkeaBB-Hotels-Team-CVR.webp\",\"width\":990,\"height\":660,\"caption\":\"Arkea BB Hotels\"},{\"@type\":\"BreadcrumbList\",\"@id\":\"https:\/\/www.welovecycling.com\/wide\/2025\/08\/18\/arkea-bb-hotels-set-to-be-relegated-as-worldtour-team-battle-heats-up\/#breadcrumb\",\"itemListElement\":[{\"@type\":\"ListItem\",\"position\":1,\"name\":\"Home\",\"item\":\"https:\/\/www.welovecycling.com\/wide\/\"},{\"@type\":\"ListItem\",\"position\":2,\"name\":\"Ark\u00e9a\u2013B&#038;B Hotels Set to Be Relegated as WorldTour Team Battle Heats Up\"}]},{\"@type\":\"WebSite\",\"@id\":\"https:\/\/www.welovecycling.com\/wide\/#website\",\"url\":\"https:\/\/www.welovecycling.com\/wide\/\",\"name\":\"\u0160koda We Love Cycling\",\"description\":\"\u0160koda We Love Cycling magazine\",\"alternateName\":\"\u0160koda WLC\",\"potentialAction\":[{\"@type\":\"SearchAction\",\"target\":{\"@type\":\"EntryPoint\",\"urlTemplate\":\"https:\/\/www.welovecycling.com\/wide\/?s={search_term_string}\"},\"query-input\":{\"@type\":\"PropertyValueSpecification\",\"valueRequired\":true,\"valueName\":\"search_term_string\"}}],\"inLanguage\":\"en-US\"},{\"@type\":\"Person\",\"@id\":\"https:\/\/www.welovecycling.com\/wide\/#\/schema\/person\/50f01ecd18718d2333cf72e823c4f926\",\"name\":\"tereza\",\"image\":{\"@type\":\"ImageObject\",\"inLanguage\":\"en-US\",\"@id\":\"https:\/\/www.welovecycling.com\/wide\/#\/schema\/person\/image\/\",\"url\":\"https:\/\/secure.gravatar.com\/avatar\/1f9eb71be33845f0afabce3791bc1c58ecdb0a25c62964987e5dbcf7a20d2ec7?s=96&d=mm&r=g\",\"contentUrl\":\"https:\/\/secure.gravatar.com\/avatar\/1f9eb71be33845f0afabce3791bc1c58ecdb0a25c62964987e5dbcf7a20d2ec7?s=96&d=mm&r=g\",\"caption\":\"tereza\"},\"url\":\"https:\/\/www.welovecycling.com\/wide\/author\/tereza\/\"}]}<\/script>\n<!-- \/ Yoast SEO Premium plugin. -->","yoast_head_json":{"title":"Ark\u00e9a\u2013B&B Hotels Set to Be Relegated as WorldTour Battle Heats Up","description":"The French team Ark\u00e9a\u2013B&amp;B Hotels looks certain to be dropped from the ranks of WorldTour teams at the end of the year, even if it is not disbanded,","robots":{"index":"index","follow":"follow","max-snippet":"max-snippet:-1","max-image-preview":"max-image-preview:large","max-video-preview":"max-video-preview:-1"},"canonical":"https:\/\/www.welovecycling.com\/wide\/2025\/08\/18\/arkea-bb-hotels-set-to-be-relegated-as-worldtour-team-battle-heats-up\/","og_locale":"en_US","og_type":"article","og_title":"Ark\u00e9a\u2013B&B Hotels Set to Be Relegated as WorldTour Team Battle Heats Up","og_description":"The French team Ark\u00e9a\u2013B&amp;B Hotels looks certain to be dropped from the ranks of WorldTour teams at the end of the year, even if it is not disbanded,","og_url":"https:\/\/www.welovecycling.com\/wide\/2025\/08\/18\/arkea-bb-hotels-set-to-be-relegated-as-worldtour-team-battle-heats-up\/","og_site_name":"\u0160koda We Love Cycling","article_published_time":"2025-08-18T13:19:28+00:00","article_modified_time":"2025-08-18T18:34:17+00:00","og_image":[{"width":990,"height":660,"url":"https:\/\/d2p6e6u75xmxt8.cloudfront.net\/2\/2024\/11\/ArkeaBB-Hotels-Team-CVR.webp","type":"image\/webp"}],"author":"tereza","twitter_card":"summary_large_image","twitter_misc":{"Written by":"Siegfried Mortkowitz","Est. reading time":"2"},"schema":{"@context":"https:\/\/schema.org","@graph":[{"@type":"WebPage","@id":"https:\/\/www.welovecycling.com\/wide\/2025\/08\/18\/arkea-bb-hotels-set-to-be-relegated-as-worldtour-team-battle-heats-up\/","url":"https:\/\/www.welovecycling.com\/wide\/2025\/08\/18\/arkea-bb-hotels-set-to-be-relegated-as-worldtour-team-battle-heats-up\/","name":"Ark\u00e9a\u2013B&B Hotels Set to Be Relegated as WorldTour Battle Heats Up","isPartOf":{"@id":"https:\/\/www.welovecycling.com\/wide\/#website"},"primaryImageOfPage":{"@id":"https:\/\/www.welovecycling.com\/wide\/2025\/08\/18\/arkea-bb-hotels-set-to-be-relegated-as-worldtour-team-battle-heats-up\/#primaryimage"},"image":{"@id":"https:\/\/www.welovecycling.com\/wide\/2025\/08\/18\/arkea-bb-hotels-set-to-be-relegated-as-worldtour-team-battle-heats-up\/#primaryimage"},"thumbnailUrl":"https:\/\/d2p6e6u75xmxt8.cloudfront.net\/2\/2024\/11\/ArkeaBB-Hotels-Team-CVR.webp","datePublished":"2025-08-18T13:19:28+00:00","dateModified":"2025-08-18T18:34:17+00:00","author":{"@id":"https:\/\/www.welovecycling.com\/wide\/#\/schema\/person\/50f01ecd18718d2333cf72e823c4f926"},"description":"The French team Ark\u00e9a\u2013B&amp;B Hotels looks certain to be dropped from the ranks of WorldTour teams at the end of the year, even if it is not disbanded,","breadcrumb":{"@id":"https:\/\/www.welovecycling.com\/wide\/2025\/08\/18\/arkea-bb-hotels-set-to-be-relegated-as-worldtour-team-battle-heats-up\/#breadcrumb"},"inLanguage":"en-US","potentialAction":[{"@type":"ReadAction","target":["https:\/\/www.welovecycling.com\/wide\/2025\/08\/18\/arkea-bb-hotels-set-to-be-relegated-as-worldtour-team-battle-heats-up\/"]}]},{"@type":"ImageObject","inLanguage":"en-US","@id":"https:\/\/www.welovecycling.com\/wide\/2025\/08\/18\/arkea-bb-hotels-set-to-be-relegated-as-worldtour-team-battle-heats-up\/#primaryimage","url":"https:\/\/d2p6e6u75xmxt8.cloudfront.net\/2\/2024\/11\/ArkeaBB-Hotels-Team-CVR.webp","contentUrl":"https:\/\/d2p6e6u75xmxt8.cloudfront.net\/2\/2024\/11\/ArkeaBB-Hotels-Team-CVR.webp","width":990,"height":660,"caption":"Arkea BB Hotels"},{"@type":"BreadcrumbList","@id":"https:\/\/www.welovecycling.com\/wide\/2025\/08\/18\/arkea-bb-hotels-set-to-be-relegated-as-worldtour-team-battle-heats-up\/#breadcrumb","itemListElement":[{"@type":"ListItem","position":1,"name":"Home","item":"https:\/\/www.welovecycling.com\/wide\/"},{"@type":"ListItem","position":2,"name":"Ark\u00e9a\u2013B&#038;B Hotels Set to Be Relegated as WorldTour Team Battle Heats Up"}]},{"@type":"WebSite","@id":"https:\/\/www.welovecycling.com\/wide\/#website","url":"https:\/\/www.welovecycling.com\/wide\/","name":"\u0160koda We Love Cycling","description":"\u0160koda We Love Cycling magazine","alternateName":"\u0160koda WLC","potentialAction":[{"@type":"SearchAction","target":{"@type":"EntryPoint","urlTemplate":"https:\/\/www.welovecycling.com\/wide\/?s={search_term_string}"},"query-input":{"@type":"PropertyValueSpecification","valueRequired":true,"valueName":"search_term_string"}}],"inLanguage":"en-US"},{"@type":"Person","@id":"https:\/\/www.welovecycling.com\/wide\/#\/schema\/person\/50f01ecd18718d2333cf72e823c4f926","name":"tereza","image":{"@type":"ImageObject","inLanguage":"en-US","@id":"https:\/\/www.welovecycling.com\/wide\/#\/schema\/person\/image\/","url":"https:\/\/secure.gravatar.com\/avatar\/1f9eb71be33845f0afabce3791bc1c58ecdb0a25c62964987e5dbcf7a20d2ec7?s=96&d=mm&r=g","contentUrl":"https:\/\/secure.gravatar.com\/avatar\/1f9eb71be33845f0afabce3791bc1c58ecdb0a25c62964987e5dbcf7a20d2ec7?s=96&d=mm&r=g","caption":"tereza"},"url":"https:\/\/www.welovecycling.com\/wide\/author\/tereza\/"}]}},"_links":{"self":[{"href":"https:\/\/www.welovecycling.com\/wide\/wp-json\/wp\/v2\/posts\/199659","targetHints":{"allow":["GET"]}}],"collection":[{"href":"https:\/\/www.welovecycling.com\/wide\/wp-json\/wp\/v2\/posts"}],"about":[{"href":"https:\/\/www.welovecycling.com\/wide\/wp-json\/wp\/v2\/types\/post"}],"author":[{"embeddable":true,"href":"https:\/\/www.welovecycling.com\/wide\/wp-json\/wp\/v2\/users\/99"}],"replies":[{"embeddable":true,"href":"https:\/\/www.welovecycling.com\/wide\/wp-json\/wp\/v2\/comments?post=199659"}],"version-history":[{"count":1,"href":"https:\/\/www.welovecycling.com\/wide\/wp-json\/wp\/v2\/posts\/199659\/revisions"}],"predecessor-version":[{"id":199660,"href":"https:\/\/www.welovecycling.com\/wide\/wp-json\/wp\/v2\/posts\/199659\/revisions\/199660"}],"wp:featuredmedia":[{"embeddable":true,"href":"https:\/\/www.welovecycling.com\/wide\/wp-json\/wp\/v2\/media\/197149"}],"wp:attachment":[{"href":"https:\/\/www.welovecycling.com\/wide\/wp-json\/wp\/v2\/media?parent=199659"}],"wp:term":[{"taxonomy":"category","embeddable":true,"href":"https:\/\/www.welovecycling.com\/wide\/wp-json\/wp\/v2\/categories?post=199659"},{"taxonomy":"post_tag","embeddable":true,"href":"https:\/\/www.welovecycling.com\/wide\/wp-json\/wp\/v2\/tags?post=199659"},{"taxonomy":"global-categories","embeddable":true,"href":"https:\/\/www.welovecycling.com\/wide\/wp-json\/wp\/v2\/global-categories?post=199659"}],"curies":[{"name":"wp","href":"https:\/\/api.w.org\/{rel}","templated":true}]}}