{"id":199653,"date":"2025-08-19T11:20:45","date_gmt":"2025-08-19T11:20:45","guid":{"rendered":"https:\/\/www.welovecycling.com\/wide\/?p=199653"},"modified":"2025-08-19T11:20:45","modified_gmt":"2025-08-19T11:20:45","slug":"roglic-welcomes-evenepoel-to-red-bull-bora-hansgrohe-i-hope-we-can-achieve-great-things-together","status":"publish","type":"post","link":"https:\/\/www.welovecycling.com\/wide\/2025\/08\/19\/roglic-welcomes-evenepoel-to-red-bull-bora-hansgrohe-i-hope-we-can-achieve-great-things-together\/","title":{"rendered":"Rogli\u010d Welcomes Evenepoel to Red Bull &#8211; BORA &#8211; hansgrohe: &#8220;I Hope We Can Achieve Great Things Together&#8221;"},"content":{"rendered":"<p><strong>Primo\u017e Rogli\u010d has broken his silence on Remco Evenepoel\u2019s landmark transfer to Red Bull-Bora-Hansgrohe, describing the Belgian star as \u201cspecial\u201d and expressing hope that together they can finally close the gap to Tour de France giants Tadej Poga\u010dar and Jonas Vingegaard.<\/strong><\/p>\n<p><!--more--><\/p>\n<p>Evenepoel ended his contract with Soudal-QuickStep a year early to join the German team, in what has become one of the most talked-about moves of the cycling summer. Having been rivals at the Vuelta a Espa\u00f1a and Tour de France, Rogli\u010d and Evenepoel are now set to ride side by side, potentially as co-leaders at the 2026 Tour.<\/p>\n<p>Speaking during the Profronde Etten-Leur criterium in the Netherlands, Rogli\u010d made clear his enthusiasm for the Belgian\u2019s arrival. &#8220;I&#8217;m happy with his arrival; he&#8217;s special. Remco has already won quite a few races, so I hope we can achieve great things together,&#8221; said Rogli\u010d to <em>Nieuwsblad<\/em> and <em>Indeleiderstrui<\/em>.<\/p>\n<figure id=\"attachment_199619\" aria-describedby=\"caption-attachment-199619\" style=\"width: 990px\" class=\"wp-caption alignnone\"><a href=\"https:\/\/d2p6e6u75xmxt8.cloudfront.net\/2\/2025\/08\/Remco-Evenepoel-profimedia-1023159139-CVR.webp\"><img loading=\"lazy\" decoding=\"async\" class=\"wp-image-199619 size-full\" src=\"https:\/\/d2p6e6u75xmxt8.cloudfront.net\/2\/2025\/08\/Remco-Evenepoel-profimedia-1023159139-CVR.webp\" alt=\"Remco Evenepoel\" width=\"990\" height=\"660\" srcset=\"https:\/\/d2p6e6u75xmxt8.cloudfront.net\/2\/2025\/08\/Remco-Evenepoel-profimedia-1023159139-CVR.webp 990w, https:\/\/d2p6e6u75xmxt8.cloudfront.net\/2\/2025\/08\/Remco-Evenepoel-profimedia-1023159139-CVR-300x200.webp 300w, https:\/\/d2p6e6u75xmxt8.cloudfront.net\/2\/2025\/08\/Remco-Evenepoel-profimedia-1023159139-CVR-768x512.webp 768w, https:\/\/d2p6e6u75xmxt8.cloudfront.net\/2\/2025\/08\/Remco-Evenepoel-profimedia-1023159139-CVR-400x267.webp 400w, https:\/\/d2p6e6u75xmxt8.cloudfront.net\/2\/2025\/08\/Remco-Evenepoel-profimedia-1023159139-CVR-272x182.webp 272w\" sizes=\"auto, (max-width: 990px) 100vw, 990px\" \/><\/a><figcaption id=\"caption-attachment-199619\" class=\"wp-caption-text\">Evenepoel ended his contract with Soudal-QuickStep a year early to join the German team Red Bull &#8211; BORA &#8211; hansgrohe. \u00a9 Profimedia<\/figcaption><\/figure>\n<p>The Slovenian, who conquered the Giro d\u2019Italia in 2023, becoming the first rider from his country ever to do so, and who has also stood on the podium at the Tour de France, is optimistic about the possibilities, though he remains realistic about the challenge of toppling Poga\u010dar and Vingegaard. &#8220;We still need to make progress, and hopefully we can improve together. The team is growing, but there&#8217;s still a gap with <a href=\"https:\/\/www.welovecycling.com\/wide\/2025\/08\/11\/i-have-to-enjoy-the-moment-pogacar-targets-hilly-european-championships-while-counting-down-to-retirement\/\" target=\"_blank\" rel=\"noopener\">Tadej Poga\u010dar<\/a> and Jonas Vingegaard.&#8221;<\/p>\n<p>Despite the anticipation surrounding the duo, Rogli\u010d was cautious when asked about the 2026 Tour de France. Red Bull-Bora-Hansgrohe may decide to split leadership duties between the Grand Tours, and Florian Lipowitz \u2014 third overall at this year\u2019s Tour \u2014 provides yet another GC option. &#8220;The Tour is still a long way off, the last one was only just finished, and it&#8217;s not yet certain whether I can actually ride it next year,&#8221; Rogli\u010d added. &#8220;But of course, we will work hard to achieve the best together.&#8221;<\/p>\n<p>Rogli\u010d\u2019s comments came as he lined up at the Etten-Leur men\u2019s race, a post-Tour criterium that drew a high-profile field. Mathieu van der Poel, who was forced to abandon <a href=\"https:\/\/letour.fr\/\">the Tour<\/a> after developing pneumonia, also returned to racing there. The Dutchman offered a cautious update on his recovery and his road back toward the Mountain Bike World Championships later this month. \u201cI had to take antibiotics and spend a few days completely off the bike,\u201d Van der Poel said. \u201cI\u2019m feeling better now, but we\u2019re taking it step by step. The World Championships remain the big goal, though we\u2019ll have to see how the body responds.\u201d<\/p>\n<p>Also present in the Dutch criterium were Ben Healy, Oscar Onley and Thymen Arensman, giving the event a Tour de France afterglow despite its festive, relaxed atmosphere. With Evenepoel\u2019s arrival, Red Bull-Bora-Hansgrohe now boasts a formidable trio of GC contenders in Rogli\u010d, Evenepoel and Lipowitz. Whether they will unite forces at the Tour or spread their ambitions across the season remains to be seen, but for Rogli\u010d, the excitement of a new partnership is already clear. &#8220;Remco has already won quite a few races,&#8221; Rogli\u010d said, \u201cso I hope we can achieve great things together.&#8221;<\/p>\n","protected":false},"excerpt":{"rendered":"<p>Primo\u017e Rogli\u010d has broken his silence on Remco Evenepoel\u2019s landmark transfer to Red Bull-Bora-Hansgrohe, describing the Belgian star as \u201cspecial\u201d [&hellip;]<\/p>\n","protected":false},"author":99,"featured_media":199667,"comment_status":"closed","ping_status":"open","sticky":false,"template":"","format":"standard","meta":{"footnotes":""},"categories":[329],"tags":[1221,7959,3544],"global-categories":[3366],"class_list":["post-199653","post","type-post","status-publish","format-standard","has-post-thumbnail","hentry","category-road-cycling","tag-primoz-roglic","tag-red-bull-bora-hansgrohe","tag-remco-evenepoel","global-categories-cycling"],"yoast_head":"<!-- This site is optimized with the Yoast SEO Premium plugin v25.3 (Yoast SEO v25.9) - https:\/\/yoast.com\/wordpress\/plugins\/seo\/ -->\n<title>Rogli\u010d Welcomes Evenepoel to Red Bull - BORA - hansgrohe<\/title>\n<meta name=\"description\" content=\"Primo\u017e Rogli\u010d has broken his silence on Remco Evenepoel\u2019s landmark transfer to Red Bull-Bora-Hansgrohe, describing the Belgian star as \u201cspecial\u201d and\" \/>\n<meta name=\"robots\" content=\"index, follow, max-snippet:-1, max-image-preview:large, max-video-preview:-1\" \/>\n<link rel=\"canonical\" href=\"https:\/\/www.welovecycling.com\/wide\/2025\/08\/19\/roglic-welcomes-evenepoel-to-red-bull-bora-hansgrohe-i-hope-we-can-achieve-great-things-together\/\" \/>\n<meta property=\"og:locale\" content=\"en_US\" \/>\n<meta property=\"og:type\" content=\"article\" \/>\n<meta property=\"og:title\" content=\"Rogli\u010d Welcomes Evenepoel to Red Bull - BORA - hansgrohe: &quot;I Hope We Can Achieve Great Things Together&quot;\" \/>\n<meta property=\"og:description\" content=\"Primo\u017e Rogli\u010d has broken his silence on Remco Evenepoel\u2019s landmark transfer to Red Bull-Bora-Hansgrohe, describing the Belgian star as \u201cspecial\u201d and\" \/>\n<meta property=\"og:url\" content=\"https:\/\/www.welovecycling.com\/wide\/2025\/08\/19\/roglic-welcomes-evenepoel-to-red-bull-bora-hansgrohe-i-hope-we-can-achieve-great-things-together\/\" \/>\n<meta property=\"og:site_name\" content=\"\u0160koda We Love Cycling\" \/>\n<meta property=\"article:published_time\" content=\"2025-08-19T11:20:45+00:00\" \/>\n<meta property=\"og:image\" content=\"https:\/\/d2p6e6u75xmxt8.cloudfront.net\/2\/2025\/08\/Evenepoel-Roglic-profimedia-0853265510-CVR-1.webp\" \/>\n\t<meta property=\"og:image:width\" content=\"990\" \/>\n\t<meta property=\"og:image:height\" content=\"660\" \/>\n\t<meta property=\"og:image:type\" content=\"image\/webp\" \/>\n<meta name=\"author\" content=\"tereza\" \/>\n<meta name=\"twitter:card\" content=\"summary_large_image\" \/>\n<meta name=\"twitter:label1\" content=\"Written by\" \/>\n\t<meta name=\"twitter:data1\" content=\"Siegfried Mortkowitz\" \/>\n\t<meta name=\"twitter:label2\" content=\"Est. reading time\" \/>\n\t<meta name=\"twitter:data2\" content=\"2\" \/>\n<script type=\"application\/ld+json\" class=\"yoast-schema-graph\">{\"@context\":\"https:\/\/schema.org\",\"@graph\":[{\"@type\":\"WebPage\",\"@id\":\"https:\/\/www.welovecycling.com\/wide\/2025\/08\/19\/roglic-welcomes-evenepoel-to-red-bull-bora-hansgrohe-i-hope-we-can-achieve-great-things-together\/\",\"url\":\"https:\/\/www.welovecycling.com\/wide\/2025\/08\/19\/roglic-welcomes-evenepoel-to-red-bull-bora-hansgrohe-i-hope-we-can-achieve-great-things-together\/\",\"name\":\"Rogli\u010d Welcomes Evenepoel to Red Bull - BORA - hansgrohe\",\"isPartOf\":{\"@id\":\"https:\/\/www.welovecycling.com\/wide\/#website\"},\"primaryImageOfPage\":{\"@id\":\"https:\/\/www.welovecycling.com\/wide\/2025\/08\/19\/roglic-welcomes-evenepoel-to-red-bull-bora-hansgrohe-i-hope-we-can-achieve-great-things-together\/#primaryimage\"},\"image\":{\"@id\":\"https:\/\/www.welovecycling.com\/wide\/2025\/08\/19\/roglic-welcomes-evenepoel-to-red-bull-bora-hansgrohe-i-hope-we-can-achieve-great-things-together\/#primaryimage\"},\"thumbnailUrl\":\"https:\/\/d2p6e6u75xmxt8.cloudfront.net\/2\/2025\/08\/Evenepoel-Roglic-profimedia-0853265510-CVR-1.webp\",\"datePublished\":\"2025-08-19T11:20:45+00:00\",\"author\":{\"@id\":\"https:\/\/www.welovecycling.com\/wide\/#\/schema\/person\/50f01ecd18718d2333cf72e823c4f926\"},\"description\":\"Primo\u017e Rogli\u010d has broken his silence on Remco Evenepoel\u2019s landmark transfer to Red Bull-Bora-Hansgrohe, describing the Belgian star as \u201cspecial\u201d and\",\"breadcrumb\":{\"@id\":\"https:\/\/www.welovecycling.com\/wide\/2025\/08\/19\/roglic-welcomes-evenepoel-to-red-bull-bora-hansgrohe-i-hope-we-can-achieve-great-things-together\/#breadcrumb\"},\"inLanguage\":\"en-US\",\"potentialAction\":[{\"@type\":\"ReadAction\",\"target\":[\"https:\/\/www.welovecycling.com\/wide\/2025\/08\/19\/roglic-welcomes-evenepoel-to-red-bull-bora-hansgrohe-i-hope-we-can-achieve-great-things-together\/\"]}]},{\"@type\":\"ImageObject\",\"inLanguage\":\"en-US\",\"@id\":\"https:\/\/www.welovecycling.com\/wide\/2025\/08\/19\/roglic-welcomes-evenepoel-to-red-bull-bora-hansgrohe-i-hope-we-can-achieve-great-things-together\/#primaryimage\",\"url\":\"https:\/\/d2p6e6u75xmxt8.cloudfront.net\/2\/2025\/08\/Evenepoel-Roglic-profimedia-0853265510-CVR-1.webp\",\"contentUrl\":\"https:\/\/d2p6e6u75xmxt8.cloudfront.net\/2\/2025\/08\/Evenepoel-Roglic-profimedia-0853265510-CVR-1.webp\",\"width\":990,\"height\":660,\"caption\":\"Rogli\u010d and Evenepoel\"},{\"@type\":\"BreadcrumbList\",\"@id\":\"https:\/\/www.welovecycling.com\/wide\/2025\/08\/19\/roglic-welcomes-evenepoel-to-red-bull-bora-hansgrohe-i-hope-we-can-achieve-great-things-together\/#breadcrumb\",\"itemListElement\":[{\"@type\":\"ListItem\",\"position\":1,\"name\":\"Home\",\"item\":\"https:\/\/www.welovecycling.com\/wide\/\"},{\"@type\":\"ListItem\",\"position\":2,\"name\":\"Rogli\u010d Welcomes Evenepoel to Red Bull &#8211; BORA &#8211; hansgrohe: &#8220;I Hope We Can Achieve Great Things Together&#8221;\"}]},{\"@type\":\"WebSite\",\"@id\":\"https:\/\/www.welovecycling.com\/wide\/#website\",\"url\":\"https:\/\/www.welovecycling.com\/wide\/\",\"name\":\"\u0160koda We Love Cycling\",\"description\":\"\u0160koda We Love Cycling magazine\",\"alternateName\":\"\u0160koda WLC\",\"potentialAction\":[{\"@type\":\"SearchAction\",\"target\":{\"@type\":\"EntryPoint\",\"urlTemplate\":\"https:\/\/www.welovecycling.com\/wide\/?s={search_term_string}\"},\"query-input\":{\"@type\":\"PropertyValueSpecification\",\"valueRequired\":true,\"valueName\":\"search_term_string\"}}],\"inLanguage\":\"en-US\"},{\"@type\":\"Person\",\"@id\":\"https:\/\/www.welovecycling.com\/wide\/#\/schema\/person\/50f01ecd18718d2333cf72e823c4f926\",\"name\":\"tereza\",\"image\":{\"@type\":\"ImageObject\",\"inLanguage\":\"en-US\",\"@id\":\"https:\/\/www.welovecycling.com\/wide\/#\/schema\/person\/image\/\",\"url\":\"https:\/\/secure.gravatar.com\/avatar\/1f9eb71be33845f0afabce3791bc1c58ecdb0a25c62964987e5dbcf7a20d2ec7?s=96&d=mm&r=g\",\"contentUrl\":\"https:\/\/secure.gravatar.com\/avatar\/1f9eb71be33845f0afabce3791bc1c58ecdb0a25c62964987e5dbcf7a20d2ec7?s=96&d=mm&r=g\",\"caption\":\"tereza\"},\"url\":\"https:\/\/www.welovecycling.com\/wide\/author\/tereza\/\"}]}<\/script>\n<!-- \/ Yoast SEO Premium plugin. -->","yoast_head_json":{"title":"Rogli\u010d Welcomes Evenepoel to Red Bull - BORA - hansgrohe","description":"Primo\u017e Rogli\u010d has broken his silence on Remco Evenepoel\u2019s landmark transfer to Red Bull-Bora-Hansgrohe, describing the Belgian star as \u201cspecial\u201d and","robots":{"index":"index","follow":"follow","max-snippet":"max-snippet:-1","max-image-preview":"max-image-preview:large","max-video-preview":"max-video-preview:-1"},"canonical":"https:\/\/www.welovecycling.com\/wide\/2025\/08\/19\/roglic-welcomes-evenepoel-to-red-bull-bora-hansgrohe-i-hope-we-can-achieve-great-things-together\/","og_locale":"en_US","og_type":"article","og_title":"Rogli\u010d Welcomes Evenepoel to Red Bull - BORA - hansgrohe: \"I Hope We Can Achieve Great Things Together\"","og_description":"Primo\u017e Rogli\u010d has broken his silence on Remco Evenepoel\u2019s landmark transfer to Red Bull-Bora-Hansgrohe, describing the Belgian star as \u201cspecial\u201d and","og_url":"https:\/\/www.welovecycling.com\/wide\/2025\/08\/19\/roglic-welcomes-evenepoel-to-red-bull-bora-hansgrohe-i-hope-we-can-achieve-great-things-together\/","og_site_name":"\u0160koda We Love Cycling","article_published_time":"2025-08-19T11:20:45+00:00","og_image":[{"width":990,"height":660,"url":"https:\/\/d2p6e6u75xmxt8.cloudfront.net\/2\/2025\/08\/Evenepoel-Roglic-profimedia-0853265510-CVR-1.webp","type":"image\/webp"}],"author":"tereza","twitter_card":"summary_large_image","twitter_misc":{"Written by":"Siegfried Mortkowitz","Est. reading time":"2"},"schema":{"@context":"https:\/\/schema.org","@graph":[{"@type":"WebPage","@id":"https:\/\/www.welovecycling.com\/wide\/2025\/08\/19\/roglic-welcomes-evenepoel-to-red-bull-bora-hansgrohe-i-hope-we-can-achieve-great-things-together\/","url":"https:\/\/www.welovecycling.com\/wide\/2025\/08\/19\/roglic-welcomes-evenepoel-to-red-bull-bora-hansgrohe-i-hope-we-can-achieve-great-things-together\/","name":"Rogli\u010d Welcomes Evenepoel to Red Bull - BORA - hansgrohe","isPartOf":{"@id":"https:\/\/www.welovecycling.com\/wide\/#website"},"primaryImageOfPage":{"@id":"https:\/\/www.welovecycling.com\/wide\/2025\/08\/19\/roglic-welcomes-evenepoel-to-red-bull-bora-hansgrohe-i-hope-we-can-achieve-great-things-together\/#primaryimage"},"image":{"@id":"https:\/\/www.welovecycling.com\/wide\/2025\/08\/19\/roglic-welcomes-evenepoel-to-red-bull-bora-hansgrohe-i-hope-we-can-achieve-great-things-together\/#primaryimage"},"thumbnailUrl":"https:\/\/d2p6e6u75xmxt8.cloudfront.net\/2\/2025\/08\/Evenepoel-Roglic-profimedia-0853265510-CVR-1.webp","datePublished":"2025-08-19T11:20:45+00:00","author":{"@id":"https:\/\/www.welovecycling.com\/wide\/#\/schema\/person\/50f01ecd18718d2333cf72e823c4f926"},"description":"Primo\u017e Rogli\u010d has broken his silence on Remco Evenepoel\u2019s landmark transfer to Red Bull-Bora-Hansgrohe, describing the Belgian star as \u201cspecial\u201d and","breadcrumb":{"@id":"https:\/\/www.welovecycling.com\/wide\/2025\/08\/19\/roglic-welcomes-evenepoel-to-red-bull-bora-hansgrohe-i-hope-we-can-achieve-great-things-together\/#breadcrumb"},"inLanguage":"en-US","potentialAction":[{"@type":"ReadAction","target":["https:\/\/www.welovecycling.com\/wide\/2025\/08\/19\/roglic-welcomes-evenepoel-to-red-bull-bora-hansgrohe-i-hope-we-can-achieve-great-things-together\/"]}]},{"@type":"ImageObject","inLanguage":"en-US","@id":"https:\/\/www.welovecycling.com\/wide\/2025\/08\/19\/roglic-welcomes-evenepoel-to-red-bull-bora-hansgrohe-i-hope-we-can-achieve-great-things-together\/#primaryimage","url":"https:\/\/d2p6e6u75xmxt8.cloudfront.net\/2\/2025\/08\/Evenepoel-Roglic-profimedia-0853265510-CVR-1.webp","contentUrl":"https:\/\/d2p6e6u75xmxt8.cloudfront.net\/2\/2025\/08\/Evenepoel-Roglic-profimedia-0853265510-CVR-1.webp","width":990,"height":660,"caption":"Rogli\u010d and Evenepoel"},{"@type":"BreadcrumbList","@id":"https:\/\/www.welovecycling.com\/wide\/2025\/08\/19\/roglic-welcomes-evenepoel-to-red-bull-bora-hansgrohe-i-hope-we-can-achieve-great-things-together\/#breadcrumb","itemListElement":[{"@type":"ListItem","position":1,"name":"Home","item":"https:\/\/www.welovecycling.com\/wide\/"},{"@type":"ListItem","position":2,"name":"Rogli\u010d Welcomes Evenepoel to Red Bull &#8211; BORA &#8211; hansgrohe: &#8220;I Hope We Can Achieve Great Things Together&#8221;"}]},{"@type":"WebSite","@id":"https:\/\/www.welovecycling.com\/wide\/#website","url":"https:\/\/www.welovecycling.com\/wide\/","name":"\u0160koda We Love Cycling","description":"\u0160koda We Love Cycling magazine","alternateName":"\u0160koda WLC","potentialAction":[{"@type":"SearchAction","target":{"@type":"EntryPoint","urlTemplate":"https:\/\/www.welovecycling.com\/wide\/?s={search_term_string}"},"query-input":{"@type":"PropertyValueSpecification","valueRequired":true,"valueName":"search_term_string"}}],"inLanguage":"en-US"},{"@type":"Person","@id":"https:\/\/www.welovecycling.com\/wide\/#\/schema\/person\/50f01ecd18718d2333cf72e823c4f926","name":"tereza","image":{"@type":"ImageObject","inLanguage":"en-US","@id":"https:\/\/www.welovecycling.com\/wide\/#\/schema\/person\/image\/","url":"https:\/\/secure.gravatar.com\/avatar\/1f9eb71be33845f0afabce3791bc1c58ecdb0a25c62964987e5dbcf7a20d2ec7?s=96&d=mm&r=g","contentUrl":"https:\/\/secure.gravatar.com\/avatar\/1f9eb71be33845f0afabce3791bc1c58ecdb0a25c62964987e5dbcf7a20d2ec7?s=96&d=mm&r=g","caption":"tereza"},"url":"https:\/\/www.welovecycling.com\/wide\/author\/tereza\/"}]}},"_links":{"self":[{"href":"https:\/\/www.welovecycling.com\/wide\/wp-json\/wp\/v2\/posts\/199653","targetHints":{"allow":["GET"]}}],"collection":[{"href":"https:\/\/www.welovecycling.com\/wide\/wp-json\/wp\/v2\/posts"}],"about":[{"href":"https:\/\/www.welovecycling.com\/wide\/wp-json\/wp\/v2\/types\/post"}],"author":[{"embeddable":true,"href":"https:\/\/www.welovecycling.com\/wide\/wp-json\/wp\/v2\/users\/99"}],"replies":[{"embeddable":true,"href":"https:\/\/www.welovecycling.com\/wide\/wp-json\/wp\/v2\/comments?post=199653"}],"version-history":[{"count":3,"href":"https:\/\/www.welovecycling.com\/wide\/wp-json\/wp\/v2\/posts\/199653\/revisions"}],"predecessor-version":[{"id":199668,"href":"https:\/\/www.welovecycling.com\/wide\/wp-json\/wp\/v2\/posts\/199653\/revisions\/199668"}],"wp:featuredmedia":[{"embeddable":true,"href":"https:\/\/www.welovecycling.com\/wide\/wp-json\/wp\/v2\/media\/199667"}],"wp:attachment":[{"href":"https:\/\/www.welovecycling.com\/wide\/wp-json\/wp\/v2\/media?parent=199653"}],"wp:term":[{"taxonomy":"category","embeddable":true,"href":"https:\/\/www.welovecycling.com\/wide\/wp-json\/wp\/v2\/categories?post=199653"},{"taxonomy":"post_tag","embeddable":true,"href":"https:\/\/www.welovecycling.com\/wide\/wp-json\/wp\/v2\/tags?post=199653"},{"taxonomy":"global-categories","embeddable":true,"href":"https:\/\/www.welovecycling.com\/wide\/wp-json\/wp\/v2\/global-categories?post=199653"}],"curies":[{"name":"wp","href":"https:\/\/api.w.org\/{rel}","templated":true}]}}