{"id":199634,"date":"2025-08-14T14:40:53","date_gmt":"2025-08-14T14:40:53","guid":{"rendered":"https:\/\/www.welovecycling.com\/wide\/?p=199634"},"modified":"2025-08-14T14:40:53","modified_gmt":"2025-08-14T14:40:53","slug":"what-makes-the-tour-de-romandie-feminin-so-special","status":"publish","type":"post","link":"https:\/\/www.welovecycling.com\/wide\/2025\/08\/14\/what-makes-the-tour-de-romandie-feminin-so-special\/","title":{"rendered":"What Makes the Tour de Romandie F\u00e9minin So Special?"},"content":{"rendered":"<p><strong>The air in the Swiss Alps in late August has a distinct quality to it, crisp in the morning, warm by midday, and scented faintly with the aroma of pine and fresh bread from the boulangerie. It\u2019s the kind of place where you could happily lose an afternoon wandering cobbled streets\u2026 unless you\u2019re one of the world\u2019s best cyclists, in which case you\u2019re charging up those same streets, chasing seconds and glory.<\/strong><\/p>\n<p><!--more--><\/p>\n<p><span style=\"font-weight: 400;\">From August 15\u201317, the <a href=\"https:\/\/tourderomandiefeminin.ch\/\">Tour de Romandie F\u00e9minin<\/a> will thread its way through this postcard-perfect landscape, bringing with it three days of high-stakes racing on the UCI Women\u2019s WorldTour. Still a newcomer, it launched in 2022 to mark the men\u2019s race\u2019s 75th anniversary, it\u2019s already earned a reputation for sharp, unpredictable competition. With just three stages to settle the general classification, the race has no time for slow burns. Every day matters, and every road, whether sunlit or shrouded in Alpine mist, feels like a stage waiting for something decisive to happen.<\/span><\/p>\n<h2><b>A Swiss stage race with its own personality<\/b><\/h2>\n<p><span style=\"font-weight: 400;\">Part of the Tour de Romandie F\u00e9minin\u2019s appeal is its variety. In only three stages, the peloton must contend with climbing, time trialling, and tactical fireworks. There\u2019s no easing into form\u2014if you start slowly here, you won\u2019t have time to recover.<\/span><\/p>\n<p><span style=\"font-weight: 400;\">This year\u2019s route covers just under 250 kilometres with more than 3,300 metres of climbing. It opens with a rare treat in women\u2019s racing: a short, uphill time trial from Hu\u00e9moz to Villars-sur-Ollon. At 4.4 km and 295 m of elevation gain, it\u2019s long enough to sting the legs, short enough to keep time gaps tantalisingly close, and steep enough to give pure climbers the edge over traditional TT specialists. It\u2019s an opener designed to shake up the order from the first pedal stroke.<\/span><\/p>\n<p><span style=\"font-weight: 400;\">Stage two, from Conthey to La Tzoumaz, is the race\u2019s queen stage and its most decisive test. At 123 km, it\u2019s not about distance, it\u2019s about timing. The route loops twice over the category-3 Chamoson climb before a summit finish on the category-1 ascent to La Tzoumaz, averaging over 7%. This final climb invites bold moves from riders chasing yellow, but it can be equally cruel to anyone who overestimates their form.<\/span><\/p>\n<p><span style=\"font-weight: 400;\">The closing stage in Aigle, home of the UCI headquarters, may look tamer on paper\u2014122 km and rolling terrain\u2014but five category-3 climbs ensure no one coasts to the finish. The final ascent at Antagnes, just 10 km from the line, is a springboard for late attacks. In Romandie, history shows the last day can still upend the standings.<\/span><\/p>\n<h2><b>A late-summer test for Tour de France legs<\/b><\/h2>\n<p><span style=\"font-weight: 400;\">Because it comes only two weeks after the Tour de France Femmes, Romandie carries a unique dynamic. Some riders arrive fresh from the heat of July with race legs sharpened to perfection; others skipped the Tour and bring fresher energy. It creates a peloton full of unknowns, who\u2019s still flying, who\u2019s fatigued, and who has been quietly targeting this race all along.<\/span><\/p>\n<p><span style=\"font-weight: 400;\">For Swiss fans, the race is also personal. Elise Chabbey, already a national favourite, will have home roads, familiar climbs, and loud support at every turn. And if Marlen Reusser takes the start, expect the atmosphere to turn electric\u2014few riders in the women\u2019s peloton can light up a crowd like she can.<\/span><\/p>\n<figure id=\"attachment_198775\" aria-describedby=\"caption-attachment-198775\" style=\"width: 990px\" class=\"wp-caption alignnone\"><a href=\"https:\/\/d2p6e6u75xmxt8.cloudfront.net\/2\/2025\/06\/Marlen-Reusser-Tour-Suisse-profimedia-1011224221-CVR.webp\"><img loading=\"lazy\" decoding=\"async\" class=\"size-full wp-image-198775\" src=\"https:\/\/d2p6e6u75xmxt8.cloudfront.net\/2\/2025\/06\/Marlen-Reusser-Tour-Suisse-profimedia-1011224221-CVR.webp\" alt=\"Marlen Reusser\" width=\"990\" height=\"660\" srcset=\"https:\/\/d2p6e6u75xmxt8.cloudfront.net\/2\/2025\/06\/Marlen-Reusser-Tour-Suisse-profimedia-1011224221-CVR.webp 990w, https:\/\/d2p6e6u75xmxt8.cloudfront.net\/2\/2025\/06\/Marlen-Reusser-Tour-Suisse-profimedia-1011224221-CVR-300x200.webp 300w, https:\/\/d2p6e6u75xmxt8.cloudfront.net\/2\/2025\/06\/Marlen-Reusser-Tour-Suisse-profimedia-1011224221-CVR-768x512.webp 768w, https:\/\/d2p6e6u75xmxt8.cloudfront.net\/2\/2025\/06\/Marlen-Reusser-Tour-Suisse-profimedia-1011224221-CVR-400x267.webp 400w, https:\/\/d2p6e6u75xmxt8.cloudfront.net\/2\/2025\/06\/Marlen-Reusser-Tour-Suisse-profimedia-1011224221-CVR-272x182.webp 272w\" sizes=\"auto, (max-width: 990px) 100vw, 990px\" \/><\/a><figcaption id=\"caption-attachment-198775\" class=\"wp-caption-text\">Marlen Reusser will attend this year&#8217;s edition of Tour de Romandie F\u00e9minin. \u00a9 Profimedia<\/figcaption><\/figure>\n<h2><b>Riders to watch in 2025<\/b><\/h2>\n<p><span style=\"font-weight: 400;\">The start list brings together GC heavy-hitters, climbing specialists, and opportunists.<\/span><\/p>\n<p><span style=\"font-weight: 400;\">Juliette Labous (FDJ-SUEZ) has been quietly building one of the most consistent stage race r\u00e9sum\u00e9s in the peloton, with podiums in major WorldTour events. The uphill TT could give her an early platform to defend. Teammate Elise Chabbey, fresh off her Tour de France polka-dot jersey, thrives in rolling, attritional stages and will be extra motivated in front of home fans.<\/span><\/p>\n<p><span style=\"font-weight: 400;\">Lidl-Trek\u2019s Niamh Fisher-Black and Gaia Realini bring serious mountain pedigree. Fisher-Black\u2019s all-around strength was on display at both the Giro and Tour de Suisse, while Realini\u2019s pure climbing ability makes her dangerous on La Tzoumaz.<\/span><\/p>\n<p><span style=\"font-weight: 400;\">AG Insurance-Soudal comes with depth. Ashleigh Moolman-Pasio knows precisely what it takes to win here; she did it in 2022, and Ur\u0161ka \u017digart has been steadily building form through the summer.<\/span><\/p>\n<p><span style=\"font-weight: 400;\">Canyon-SRAM\u2019s <a href=\"https:\/\/www.welovecycling.com\/wide\/2025\/06\/13\/recovery-after-training-by-kasia-niewiadoma\/\" target=\"_blank\" rel=\"noopener\">Kasia Niewiadoma-Phinney<\/a> remains one of the most reliable GC contenders in the peloton. She has the consistency to hold her own in the TT and the punch to match attacks on the climbs.<\/span><\/p>\n<p><span style=\"font-weight: 400;\">And don\u2019t overlook Mavi Garc\u00eda (Liv AlUla Jayco), whose Tour de France stage win proved she\u2019s not just a breakaway threat; she can finish the job.<\/span><\/p>\n<h2><b>A race that rewards boldness<\/b><\/h2>\n<p><span style=\"font-weight: 400;\">If there\u2019s one thing the Tour de Romandie F\u00e9minin has shown in its brief history, it\u2019s that fortune favours the brave. With only three days to play with, riders can\u2019t afford to be cautious. The uphill time trial sets the hierarchy early, the queen stage offers the decisive GC blows, and the final circuit around Aigle tempts those willing to gamble everything for one last shot.<\/span><\/p>\n<p><span style=\"font-weight: 400;\">It\u2019s also an event that symbolises the broader momentum of women\u2019s cycling. In just four editions, it has delivered live coverage, strong organisation, and challenging routes that match the professionalism of its men\u2019s counterpart. More than that, it\u2019s become a showcase for the diversity of talent in the peloton, sprinters turned climbers, climbers learning to time-trial, and young riders stepping up on the biggest stage.<\/span><\/p>\n<h2><b>Why you\u2019ll want to tune in<\/b><\/h2>\n<p><span style=\"font-weight: 400;\">There\u2019s something addictive about these short stage races. The racing is tighter, the stakes feel higher, and the scenery, which includes jagged peaks, glass-topped lakes, and villages that seem frozen in time, makes the whole thing even more captivating.\u00a0<\/span><\/p>\n<p><span style=\"font-weight: 400;\">Whether you\u2019re watching to see if a Swiss rider can win at home, curious to follow the form riders are carrying from the Tour de France Femmes, or just in love with the strategy and unpredictability of stage racing, the Tour de Romandie F\u00e9minin delivers a concentrated hit of everything that makes women\u2019s cycling so compelling.<\/span><\/p>\n<p><span style=\"font-weight: 400;\">This weekend, the Alps will be alive with the sound of cowbells, the blur of team colours against green hillsides, and the constant question of who\u2019s willing to risk it all in pursuit of victory. Three days, countless storylines, and no room for hesitation\u2014the perfect August fix for anyone not ready to let summer racing go.<\/span><\/p>\n","protected":false},"excerpt":{"rendered":"<p>The air in the Swiss Alps in late August has a distinct quality to it, crisp in the morning, warm [&hellip;]<\/p>\n","protected":false},"author":99,"featured_media":199636,"comment_status":"closed","ping_status":"open","sticky":false,"template":"","format":"standard","meta":{"footnotes":""},"categories":[329],"tags":[7772,7292,5518,7244,8593,538,2264],"global-categories":[3366],"class_list":["post-199634","post","type-post","status-publish","format-standard","has-post-thumbnail","hentry","category-road-cycling","tag-gaia-realini","tag-juliette-labous","tag-marlen-reusser","tag-niamh-fisher-black","tag-tour-de-romandie-feminin","tag-women-cycling","tag-womens-cycling","global-categories-cycling"],"yoast_head":"<!-- This site is optimized with the Yoast SEO Premium plugin v25.3 (Yoast SEO v25.9) - https:\/\/yoast.com\/wordpress\/plugins\/seo\/ -->\n<title>What Makes the Tour de Romandie F\u00e9minin So Special? - \u0160koda We Love Cycling<\/title>\n<meta name=\"description\" content=\"The air in the Swiss Alps in late August has a distinct quality to it, crisp in the morning, warm by midday, and scented faintly with the aroma of pine\" \/>\n<meta name=\"robots\" content=\"index, follow, max-snippet:-1, max-image-preview:large, max-video-preview:-1\" \/>\n<link rel=\"canonical\" href=\"https:\/\/www.welovecycling.com\/wide\/2025\/08\/14\/what-makes-the-tour-de-romandie-feminin-so-special\/\" \/>\n<meta property=\"og:locale\" content=\"en_US\" \/>\n<meta property=\"og:type\" content=\"article\" \/>\n<meta property=\"og:title\" content=\"What Makes the Tour de Romandie F\u00e9minin So Special?\" \/>\n<meta property=\"og:description\" content=\"The air in the Swiss Alps in late August has a distinct quality to it, crisp in the morning, warm by midday, and scented faintly with the aroma of pine\" \/>\n<meta property=\"og:url\" content=\"https:\/\/www.welovecycling.com\/wide\/2025\/08\/14\/what-makes-the-tour-de-romandie-feminin-so-special\/\" \/>\n<meta property=\"og:site_name\" content=\"\u0160koda We Love Cycling\" \/>\n<meta property=\"article:published_time\" content=\"2025-08-14T14:40:53+00:00\" \/>\n<meta property=\"og:image\" content=\"https:\/\/d2p6e6u75xmxt8.cloudfront.net\/2\/2025\/08\/Tour-de-Romandie-Feminin-profimedia-0905819929-CVR.webp\" \/>\n\t<meta property=\"og:image:width\" content=\"990\" \/>\n\t<meta property=\"og:image:height\" content=\"660\" \/>\n\t<meta property=\"og:image:type\" content=\"image\/webp\" \/>\n<meta name=\"author\" content=\"tereza\" \/>\n<meta name=\"twitter:card\" content=\"summary_large_image\" \/>\n<meta name=\"twitter:label1\" content=\"Written by\" \/>\n\t<meta name=\"twitter:data1\" content=\"Megan Flottorp\" \/>\n\t<meta name=\"twitter:label2\" content=\"Est. reading time\" \/>\n\t<meta name=\"twitter:data2\" content=\"3\" \/>\n<script type=\"application\/ld+json\" class=\"yoast-schema-graph\">{\"@context\":\"https:\/\/schema.org\",\"@graph\":[{\"@type\":\"WebPage\",\"@id\":\"https:\/\/www.welovecycling.com\/wide\/2025\/08\/14\/what-makes-the-tour-de-romandie-feminin-so-special\/\",\"url\":\"https:\/\/www.welovecycling.com\/wide\/2025\/08\/14\/what-makes-the-tour-de-romandie-feminin-so-special\/\",\"name\":\"What Makes the Tour de Romandie F\u00e9minin So Special? - \u0160koda We Love Cycling\",\"isPartOf\":{\"@id\":\"https:\/\/www.welovecycling.com\/wide\/#website\"},\"primaryImageOfPage\":{\"@id\":\"https:\/\/www.welovecycling.com\/wide\/2025\/08\/14\/what-makes-the-tour-de-romandie-feminin-so-special\/#primaryimage\"},\"image\":{\"@id\":\"https:\/\/www.welovecycling.com\/wide\/2025\/08\/14\/what-makes-the-tour-de-romandie-feminin-so-special\/#primaryimage\"},\"thumbnailUrl\":\"https:\/\/d2p6e6u75xmxt8.cloudfront.net\/2\/2025\/08\/Tour-de-Romandie-Feminin-profimedia-0905819929-CVR.webp\",\"datePublished\":\"2025-08-14T14:40:53+00:00\",\"author\":{\"@id\":\"https:\/\/www.welovecycling.com\/wide\/#\/schema\/person\/50f01ecd18718d2333cf72e823c4f926\"},\"description\":\"The air in the Swiss Alps in late August has a distinct quality to it, crisp in the morning, warm by midday, and scented faintly with the aroma of pine\",\"breadcrumb\":{\"@id\":\"https:\/\/www.welovecycling.com\/wide\/2025\/08\/14\/what-makes-the-tour-de-romandie-feminin-so-special\/#breadcrumb\"},\"inLanguage\":\"en-US\",\"potentialAction\":[{\"@type\":\"ReadAction\",\"target\":[\"https:\/\/www.welovecycling.com\/wide\/2025\/08\/14\/what-makes-the-tour-de-romandie-feminin-so-special\/\"]}]},{\"@type\":\"ImageObject\",\"inLanguage\":\"en-US\",\"@id\":\"https:\/\/www.welovecycling.com\/wide\/2025\/08\/14\/what-makes-the-tour-de-romandie-feminin-so-special\/#primaryimage\",\"url\":\"https:\/\/d2p6e6u75xmxt8.cloudfront.net\/2\/2025\/08\/Tour-de-Romandie-Feminin-profimedia-0905819929-CVR.webp\",\"contentUrl\":\"https:\/\/d2p6e6u75xmxt8.cloudfront.net\/2\/2025\/08\/Tour-de-Romandie-Feminin-profimedia-0905819929-CVR.webp\",\"width\":990,\"height\":660,\"caption\":\"Tour de Romandie Feminin\"},{\"@type\":\"BreadcrumbList\",\"@id\":\"https:\/\/www.welovecycling.com\/wide\/2025\/08\/14\/what-makes-the-tour-de-romandie-feminin-so-special\/#breadcrumb\",\"itemListElement\":[{\"@type\":\"ListItem\",\"position\":1,\"name\":\"Home\",\"item\":\"https:\/\/www.welovecycling.com\/wide\/\"},{\"@type\":\"ListItem\",\"position\":2,\"name\":\"What Makes the Tour de Romandie F\u00e9minin So Special?\"}]},{\"@type\":\"WebSite\",\"@id\":\"https:\/\/www.welovecycling.com\/wide\/#website\",\"url\":\"https:\/\/www.welovecycling.com\/wide\/\",\"name\":\"\u0160koda We Love Cycling\",\"description\":\"\u0160koda We Love Cycling magazine\",\"alternateName\":\"\u0160koda WLC\",\"potentialAction\":[{\"@type\":\"SearchAction\",\"target\":{\"@type\":\"EntryPoint\",\"urlTemplate\":\"https:\/\/www.welovecycling.com\/wide\/?s={search_term_string}\"},\"query-input\":{\"@type\":\"PropertyValueSpecification\",\"valueRequired\":true,\"valueName\":\"search_term_string\"}}],\"inLanguage\":\"en-US\"},{\"@type\":\"Person\",\"@id\":\"https:\/\/www.welovecycling.com\/wide\/#\/schema\/person\/50f01ecd18718d2333cf72e823c4f926\",\"name\":\"tereza\",\"image\":{\"@type\":\"ImageObject\",\"inLanguage\":\"en-US\",\"@id\":\"https:\/\/www.welovecycling.com\/wide\/#\/schema\/person\/image\/\",\"url\":\"https:\/\/secure.gravatar.com\/avatar\/1f9eb71be33845f0afabce3791bc1c58ecdb0a25c62964987e5dbcf7a20d2ec7?s=96&d=mm&r=g\",\"contentUrl\":\"https:\/\/secure.gravatar.com\/avatar\/1f9eb71be33845f0afabce3791bc1c58ecdb0a25c62964987e5dbcf7a20d2ec7?s=96&d=mm&r=g\",\"caption\":\"tereza\"},\"url\":\"https:\/\/www.welovecycling.com\/wide\/author\/tereza\/\"}]}<\/script>\n<!-- \/ Yoast SEO Premium plugin. -->","yoast_head_json":{"title":"What Makes the Tour de Romandie F\u00e9minin So Special? - \u0160koda We Love Cycling","description":"The air in the Swiss Alps in late August has a distinct quality to it, crisp in the morning, warm by midday, and scented faintly with the aroma of pine","robots":{"index":"index","follow":"follow","max-snippet":"max-snippet:-1","max-image-preview":"max-image-preview:large","max-video-preview":"max-video-preview:-1"},"canonical":"https:\/\/www.welovecycling.com\/wide\/2025\/08\/14\/what-makes-the-tour-de-romandie-feminin-so-special\/","og_locale":"en_US","og_type":"article","og_title":"What Makes the Tour de Romandie F\u00e9minin So Special?","og_description":"The air in the Swiss Alps in late August has a distinct quality to it, crisp in the morning, warm by midday, and scented faintly with the aroma of pine","og_url":"https:\/\/www.welovecycling.com\/wide\/2025\/08\/14\/what-makes-the-tour-de-romandie-feminin-so-special\/","og_site_name":"\u0160koda We Love Cycling","article_published_time":"2025-08-14T14:40:53+00:00","og_image":[{"width":990,"height":660,"url":"https:\/\/d2p6e6u75xmxt8.cloudfront.net\/2\/2025\/08\/Tour-de-Romandie-Feminin-profimedia-0905819929-CVR.webp","type":"image\/webp"}],"author":"tereza","twitter_card":"summary_large_image","twitter_misc":{"Written by":"Megan Flottorp","Est. reading time":"3"},"schema":{"@context":"https:\/\/schema.org","@graph":[{"@type":"WebPage","@id":"https:\/\/www.welovecycling.com\/wide\/2025\/08\/14\/what-makes-the-tour-de-romandie-feminin-so-special\/","url":"https:\/\/www.welovecycling.com\/wide\/2025\/08\/14\/what-makes-the-tour-de-romandie-feminin-so-special\/","name":"What Makes the Tour de Romandie F\u00e9minin So Special? - \u0160koda We Love Cycling","isPartOf":{"@id":"https:\/\/www.welovecycling.com\/wide\/#website"},"primaryImageOfPage":{"@id":"https:\/\/www.welovecycling.com\/wide\/2025\/08\/14\/what-makes-the-tour-de-romandie-feminin-so-special\/#primaryimage"},"image":{"@id":"https:\/\/www.welovecycling.com\/wide\/2025\/08\/14\/what-makes-the-tour-de-romandie-feminin-so-special\/#primaryimage"},"thumbnailUrl":"https:\/\/d2p6e6u75xmxt8.cloudfront.net\/2\/2025\/08\/Tour-de-Romandie-Feminin-profimedia-0905819929-CVR.webp","datePublished":"2025-08-14T14:40:53+00:00","author":{"@id":"https:\/\/www.welovecycling.com\/wide\/#\/schema\/person\/50f01ecd18718d2333cf72e823c4f926"},"description":"The air in the Swiss Alps in late August has a distinct quality to it, crisp in the morning, warm by midday, and scented faintly with the aroma of pine","breadcrumb":{"@id":"https:\/\/www.welovecycling.com\/wide\/2025\/08\/14\/what-makes-the-tour-de-romandie-feminin-so-special\/#breadcrumb"},"inLanguage":"en-US","potentialAction":[{"@type":"ReadAction","target":["https:\/\/www.welovecycling.com\/wide\/2025\/08\/14\/what-makes-the-tour-de-romandie-feminin-so-special\/"]}]},{"@type":"ImageObject","inLanguage":"en-US","@id":"https:\/\/www.welovecycling.com\/wide\/2025\/08\/14\/what-makes-the-tour-de-romandie-feminin-so-special\/#primaryimage","url":"https:\/\/d2p6e6u75xmxt8.cloudfront.net\/2\/2025\/08\/Tour-de-Romandie-Feminin-profimedia-0905819929-CVR.webp","contentUrl":"https:\/\/d2p6e6u75xmxt8.cloudfront.net\/2\/2025\/08\/Tour-de-Romandie-Feminin-profimedia-0905819929-CVR.webp","width":990,"height":660,"caption":"Tour de Romandie Feminin"},{"@type":"BreadcrumbList","@id":"https:\/\/www.welovecycling.com\/wide\/2025\/08\/14\/what-makes-the-tour-de-romandie-feminin-so-special\/#breadcrumb","itemListElement":[{"@type":"ListItem","position":1,"name":"Home","item":"https:\/\/www.welovecycling.com\/wide\/"},{"@type":"ListItem","position":2,"name":"What Makes the Tour de Romandie F\u00e9minin So Special?"}]},{"@type":"WebSite","@id":"https:\/\/www.welovecycling.com\/wide\/#website","url":"https:\/\/www.welovecycling.com\/wide\/","name":"\u0160koda We Love Cycling","description":"\u0160koda We Love Cycling magazine","alternateName":"\u0160koda WLC","potentialAction":[{"@type":"SearchAction","target":{"@type":"EntryPoint","urlTemplate":"https:\/\/www.welovecycling.com\/wide\/?s={search_term_string}"},"query-input":{"@type":"PropertyValueSpecification","valueRequired":true,"valueName":"search_term_string"}}],"inLanguage":"en-US"},{"@type":"Person","@id":"https:\/\/www.welovecycling.com\/wide\/#\/schema\/person\/50f01ecd18718d2333cf72e823c4f926","name":"tereza","image":{"@type":"ImageObject","inLanguage":"en-US","@id":"https:\/\/www.welovecycling.com\/wide\/#\/schema\/person\/image\/","url":"https:\/\/secure.gravatar.com\/avatar\/1f9eb71be33845f0afabce3791bc1c58ecdb0a25c62964987e5dbcf7a20d2ec7?s=96&d=mm&r=g","contentUrl":"https:\/\/secure.gravatar.com\/avatar\/1f9eb71be33845f0afabce3791bc1c58ecdb0a25c62964987e5dbcf7a20d2ec7?s=96&d=mm&r=g","caption":"tereza"},"url":"https:\/\/www.welovecycling.com\/wide\/author\/tereza\/"}]}},"_links":{"self":[{"href":"https:\/\/www.welovecycling.com\/wide\/wp-json\/wp\/v2\/posts\/199634","targetHints":{"allow":["GET"]}}],"collection":[{"href":"https:\/\/www.welovecycling.com\/wide\/wp-json\/wp\/v2\/posts"}],"about":[{"href":"https:\/\/www.welovecycling.com\/wide\/wp-json\/wp\/v2\/types\/post"}],"author":[{"embeddable":true,"href":"https:\/\/www.welovecycling.com\/wide\/wp-json\/wp\/v2\/users\/99"}],"replies":[{"embeddable":true,"href":"https:\/\/www.welovecycling.com\/wide\/wp-json\/wp\/v2\/comments?post=199634"}],"version-history":[{"count":2,"href":"https:\/\/www.welovecycling.com\/wide\/wp-json\/wp\/v2\/posts\/199634\/revisions"}],"predecessor-version":[{"id":199637,"href":"https:\/\/www.welovecycling.com\/wide\/wp-json\/wp\/v2\/posts\/199634\/revisions\/199637"}],"wp:featuredmedia":[{"embeddable":true,"href":"https:\/\/www.welovecycling.com\/wide\/wp-json\/wp\/v2\/media\/199636"}],"wp:attachment":[{"href":"https:\/\/www.welovecycling.com\/wide\/wp-json\/wp\/v2\/media?parent=199634"}],"wp:term":[{"taxonomy":"category","embeddable":true,"href":"https:\/\/www.welovecycling.com\/wide\/wp-json\/wp\/v2\/categories?post=199634"},{"taxonomy":"post_tag","embeddable":true,"href":"https:\/\/www.welovecycling.com\/wide\/wp-json\/wp\/v2\/tags?post=199634"},{"taxonomy":"global-categories","embeddable":true,"href":"https:\/\/www.welovecycling.com\/wide\/wp-json\/wp\/v2\/global-categories?post=199634"}],"curies":[{"name":"wp","href":"https:\/\/api.w.org\/{rel}","templated":true}]}}