{"id":199618,"date":"2025-08-13T12:22:03","date_gmt":"2025-08-13T12:22:03","guid":{"rendered":"https:\/\/www.welovecycling.com\/wide\/?p=199618"},"modified":"2025-08-13T12:22:03","modified_gmt":"2025-08-13T12:22:03","slug":"evenepoels-move-to-red-bull-bora-hansgrohe-dominates-early-transfer-market","status":"publish","type":"post","link":"https:\/\/www.welovecycling.com\/wide\/2025\/08\/13\/evenepoels-move-to-red-bull-bora-hansgrohe-dominates-early-transfer-market\/","title":{"rendered":"Evenepoel\u2019s Move to Red Bull\u2013BORA\u2013hansgrohe Dominates Early Transfer Market"},"content":{"rendered":"<p><strong>If you\u2019re a journalist, the confirmation of Remco Evenepoel\u2019s move from Soudal Quick-Step to Red Bull\u2013BORA\u2013hansgrohe reduced all future transfer market news to the level of anti-climax. Long rumoured and impatiently awaited, the step by the double Olympic champion has already provoked a flurry of moves by his former team and will surely lead to a realignment of personnel at Red Bull to accommodate him. And it will have secondary knock-on effects on teams indirectly affected by the move.<\/strong><\/p>\n<p><!--more--><\/p>\n<p>Little hard news has come out about the money involved, especially about how much in penalties Evenepoel and\/or his new team had to pay Soudal for the world time trial champion breaking his contract one year before it was due to expire. Minimum compensation due to Soudal was at least six months of Evenepoel\u2019s annual salary, which is \u20ac5 million. So Red Bull\u2019s <a href=\"https:\/\/www.welovecycling.com\/wide\/2025\/08\/06\/confirmed-evenepoel-to-leave-soudal-quick-step-for-red-bull-bora-hansgrohe-in-2026\/\" target=\"_blank\" rel=\"noopener\">bill for\u00a0the transfer<\/a> was at least \u20ac2.5 million, but you can confidently bet the house on the fact that it was more than that \u2013 a lot more.<\/p>\n<p>As for Evenepoel\u2019s new salary, several <a href=\"https:\/\/www.domestiquecycling.com\/en\/news\/evenepoel-set-to-become-cyclings-second-highest-earner-with-red-bull-deal\/\">reports<\/a> citing the Italian publication <em>La Gazzetta dello Sport<\/em> say that he will earn \u20ac8 million a year at his new team, while <em>Velo<\/em> reported that his base salary would be \u20ac6-7 million but could rise to more than \u20ac20 million due to performance-based bonuses. That\u2019s a lot of cheese. But that\u2019s not all he will be given. It\u2019s well known that Evenepoel has never been satisfied with the support riders signed by Soudal Quick-Step and believed that with more talented domestiques, he could win the Tour de France. Red Bull will certainly bend over backwards to give him who he thinks he needs.<\/p>\n<p>In the meantime, as already noted above, Soudal has been very busy, using the proceeds from the transfer to reshape itself into the team it was before Evenepoel joined them: a team that wins Grand Tour stages and one-day races. So far, it has signed Jasper Stuyven (from Lidl-Trek), Dylan van Baarle (Visma\u2013Lease a Bike), and Edward Planckaert (Alpecin-Deceuninck). The 33-year-old van Baarle has experience and legs; he won Dwars door Vlaanderen in 2021, Paris-Roubaix the following year, and <a href=\"https:\/\/www.procyclingstats.com\/race\/omloop-het-nieuwsblad\/2023\/result\">Omloop Het Nieuwsblad<\/a> in 2023, his first year at Visma. He was also the Dutch national road race champion that year, but illness and injuries affected his performance after that.<\/p>\n<figure id=\"attachment_198753\" aria-describedby=\"caption-attachment-198753\" style=\"width: 990px\" class=\"wp-caption alignnone\"><a href=\"https:\/\/d2p6e6u75xmxt8.cloudfront.net\/2\/2025\/06\/Remco-Evenepoel-Criterium-Dauphine-profimedia-1009744424-CVR.webp\"><img loading=\"lazy\" decoding=\"async\" class=\"wp-image-198753 size-full\" src=\"https:\/\/d2p6e6u75xmxt8.cloudfront.net\/2\/2025\/06\/Remco-Evenepoel-Criterium-Dauphine-profimedia-1009744424-CVR.webp\" alt=\"Remco Evenepoel\" width=\"990\" height=\"660\" srcset=\"https:\/\/d2p6e6u75xmxt8.cloudfront.net\/2\/2025\/06\/Remco-Evenepoel-Criterium-Dauphine-profimedia-1009744424-CVR.webp 990w, https:\/\/d2p6e6u75xmxt8.cloudfront.net\/2\/2025\/06\/Remco-Evenepoel-Criterium-Dauphine-profimedia-1009744424-CVR-300x200.webp 300w, https:\/\/d2p6e6u75xmxt8.cloudfront.net\/2\/2025\/06\/Remco-Evenepoel-Criterium-Dauphine-profimedia-1009744424-CVR-768x512.webp 768w, https:\/\/d2p6e6u75xmxt8.cloudfront.net\/2\/2025\/06\/Remco-Evenepoel-Criterium-Dauphine-profimedia-1009744424-CVR-400x267.webp 400w, https:\/\/d2p6e6u75xmxt8.cloudfront.net\/2\/2025\/06\/Remco-Evenepoel-Criterium-Dauphine-profimedia-1009744424-CVR-272x182.webp 272w\" sizes=\"auto, (max-width: 990px) 100vw, 990px\" \/><\/a><figcaption id=\"caption-attachment-198753\" class=\"wp-caption-text\">It\u2019s well known that Evenepoel has never been satisfied with the support riders signed by Soudal Quick-Step and believed that with more talented domestiques, he could win the Tour de France. \u00a9 Profimedia<\/figcaption><\/figure>\n<p>Stuyven is also 33 and has a decent one-day record, winning Omloop Het Nieuwsblad in 2020 and Milan\u2013San Remo the following year. He also had an excellent second place in last year\u2019s E3 Saxo Classic\u00a0behind Mathieu van der Poel. For his part, Planckaert has only one win to his name, the 2021 Vuelta a Burgos, but he has been a strong and reliable support rider for van der Poel and Jasper Philipsen. All three give Soudal Quick-Step experience and strength in the peloton to aid reigning European champion Tim Merlier, who won two stages in the Tour this year, and Merlier\u2019s promising 21-year-old sprinting prot\u00e9g\u00e9, Paul Magnier.<\/p>\n<p>Other transfers of note are that of the 24-year-old American Kevin Vermaerke from Picnic PostNL to UAE Team Emirates\u2013XRG. Vermaerke is versatile and talented. He won the Under-23<strong>\u00a0<\/strong>Li\u00e8ge-Bastogne-Li\u00e8ge in 2019, beating Kaden Groves (Alpecin-Deceuninck), and twice finished third in the Arctic Race of Norway.<\/p>\n<p>Three-time Hungarian champion Attila Valter moved from Visma\u2013Lease a Bike to Bahrain-Victorious, where he will be expected to support rising star Lenny Martinez, Antonio Tiberi and Santiago Buitrago in their quest for GC wins. Also moving to the Bahrain squad, from Lotto, is the 22-year-old time trial specialist, Alec Segaert. Segaert has won the last three European Under-23 Time Trial Championships and twice finished second in the World Under-23 ITT Championships.<\/p>\n<p>It&#8217;s still early in the transfer season. Expect plenty of moves later in the year, especially from Red Bull\u2013BORA\u2013Hansgrohe, which now has three top GC riders: Evenepoel, 24-year-old Florian Lipowitz, who finished third in this year\u2019s Tour de France, and 35-year-old superstar Primo\u017e Rogli\u010d, whose contract expires at the end of next year. It\u2019s going to cost them another bundle to keep all three happy.<\/p>\n","protected":false},"excerpt":{"rendered":"<p>If you\u2019re a journalist, the confirmation of Remco Evenepoel\u2019s move from Soudal Quick-Step to Red Bull\u2013BORA\u2013hansgrohe reduced all future transfer [&hellip;]<\/p>\n","protected":false},"author":99,"featured_media":199619,"comment_status":"closed","ping_status":"open","sticky":false,"template":"","format":"standard","meta":{"footnotes":""},"categories":[329],"tags":[8620,1221,7959,3544],"global-categories":[3366],"class_list":["post-199618","post","type-post","status-publish","format-standard","has-post-thumbnail","hentry","category-road-cycling","tag-florian-lipowitz","tag-primoz-roglic","tag-red-bull-bora-hansgrohe","tag-remco-evenepoel","global-categories-cycling"],"yoast_head":"<!-- This site is optimized with the Yoast SEO Premium plugin v25.3 (Yoast SEO v25.9) - https:\/\/yoast.com\/wordpress\/plugins\/seo\/ -->\n<title>Evenepoel\u2019s Move to Red Bull\u2013BORA\u2013hansgrohe Dominates Early Transfer Market - \u0160koda We Love Cycling<\/title>\n<meta name=\"description\" content=\"If you\u2019re a journalist, the confirmation of Remco Evenepoel\u2019s move from Soudal Quick-Step to Red Bull\u2013BORA\u2013hansgrohe reduced all future transfer market\" \/>\n<meta name=\"robots\" content=\"index, follow, max-snippet:-1, max-image-preview:large, max-video-preview:-1\" \/>\n<link rel=\"canonical\" href=\"https:\/\/www.welovecycling.com\/wide\/2025\/08\/13\/evenepoels-move-to-red-bull-bora-hansgrohe-dominates-early-transfer-market\/\" \/>\n<meta property=\"og:locale\" content=\"en_US\" \/>\n<meta property=\"og:type\" content=\"article\" \/>\n<meta property=\"og:title\" content=\"Evenepoel\u2019s Move to Red Bull\u2013BORA\u2013hansgrohe Dominates Early Transfer Market\" \/>\n<meta property=\"og:description\" content=\"If you\u2019re a journalist, the confirmation of Remco Evenepoel\u2019s move from Soudal Quick-Step to Red Bull\u2013BORA\u2013hansgrohe reduced all future transfer market\" \/>\n<meta property=\"og:url\" content=\"https:\/\/www.welovecycling.com\/wide\/2025\/08\/13\/evenepoels-move-to-red-bull-bora-hansgrohe-dominates-early-transfer-market\/\" \/>\n<meta property=\"og:site_name\" content=\"\u0160koda We Love Cycling\" \/>\n<meta property=\"article:published_time\" content=\"2025-08-13T12:22:03+00:00\" \/>\n<meta property=\"og:image\" content=\"https:\/\/d2p6e6u75xmxt8.cloudfront.net\/2\/2025\/08\/Remco-Evenepoel-profimedia-1023159139-CVR.webp\" \/>\n\t<meta property=\"og:image:width\" content=\"990\" \/>\n\t<meta property=\"og:image:height\" content=\"660\" \/>\n\t<meta property=\"og:image:type\" content=\"image\/webp\" \/>\n<meta name=\"author\" content=\"tereza\" \/>\n<meta name=\"twitter:card\" content=\"summary_large_image\" \/>\n<meta name=\"twitter:label1\" content=\"Written by\" \/>\n\t<meta name=\"twitter:data1\" content=\"Siegfried Mortkowitz\" \/>\n\t<meta name=\"twitter:label2\" content=\"Est. reading time\" \/>\n\t<meta name=\"twitter:data2\" content=\"3\" \/>\n<script type=\"application\/ld+json\" class=\"yoast-schema-graph\">{\"@context\":\"https:\/\/schema.org\",\"@graph\":[{\"@type\":\"WebPage\",\"@id\":\"https:\/\/www.welovecycling.com\/wide\/2025\/08\/13\/evenepoels-move-to-red-bull-bora-hansgrohe-dominates-early-transfer-market\/\",\"url\":\"https:\/\/www.welovecycling.com\/wide\/2025\/08\/13\/evenepoels-move-to-red-bull-bora-hansgrohe-dominates-early-transfer-market\/\",\"name\":\"Evenepoel\u2019s Move to Red Bull\u2013BORA\u2013hansgrohe Dominates Early Transfer Market - \u0160koda We Love Cycling\",\"isPartOf\":{\"@id\":\"https:\/\/www.welovecycling.com\/wide\/#website\"},\"primaryImageOfPage\":{\"@id\":\"https:\/\/www.welovecycling.com\/wide\/2025\/08\/13\/evenepoels-move-to-red-bull-bora-hansgrohe-dominates-early-transfer-market\/#primaryimage\"},\"image\":{\"@id\":\"https:\/\/www.welovecycling.com\/wide\/2025\/08\/13\/evenepoels-move-to-red-bull-bora-hansgrohe-dominates-early-transfer-market\/#primaryimage\"},\"thumbnailUrl\":\"https:\/\/d2p6e6u75xmxt8.cloudfront.net\/2\/2025\/08\/Remco-Evenepoel-profimedia-1023159139-CVR.webp\",\"datePublished\":\"2025-08-13T12:22:03+00:00\",\"author\":{\"@id\":\"https:\/\/www.welovecycling.com\/wide\/#\/schema\/person\/50f01ecd18718d2333cf72e823c4f926\"},\"description\":\"If you\u2019re a journalist, the confirmation of Remco Evenepoel\u2019s move from Soudal Quick-Step to Red Bull\u2013BORA\u2013hansgrohe reduced all future transfer market\",\"breadcrumb\":{\"@id\":\"https:\/\/www.welovecycling.com\/wide\/2025\/08\/13\/evenepoels-move-to-red-bull-bora-hansgrohe-dominates-early-transfer-market\/#breadcrumb\"},\"inLanguage\":\"en-US\",\"potentialAction\":[{\"@type\":\"ReadAction\",\"target\":[\"https:\/\/www.welovecycling.com\/wide\/2025\/08\/13\/evenepoels-move-to-red-bull-bora-hansgrohe-dominates-early-transfer-market\/\"]}]},{\"@type\":\"ImageObject\",\"inLanguage\":\"en-US\",\"@id\":\"https:\/\/www.welovecycling.com\/wide\/2025\/08\/13\/evenepoels-move-to-red-bull-bora-hansgrohe-dominates-early-transfer-market\/#primaryimage\",\"url\":\"https:\/\/d2p6e6u75xmxt8.cloudfront.net\/2\/2025\/08\/Remco-Evenepoel-profimedia-1023159139-CVR.webp\",\"contentUrl\":\"https:\/\/d2p6e6u75xmxt8.cloudfront.net\/2\/2025\/08\/Remco-Evenepoel-profimedia-1023159139-CVR.webp\",\"width\":990,\"height\":660,\"caption\":\"Remco Evenepoel\"},{\"@type\":\"BreadcrumbList\",\"@id\":\"https:\/\/www.welovecycling.com\/wide\/2025\/08\/13\/evenepoels-move-to-red-bull-bora-hansgrohe-dominates-early-transfer-market\/#breadcrumb\",\"itemListElement\":[{\"@type\":\"ListItem\",\"position\":1,\"name\":\"Home\",\"item\":\"https:\/\/www.welovecycling.com\/wide\/\"},{\"@type\":\"ListItem\",\"position\":2,\"name\":\"Evenepoel\u2019s Move to Red Bull\u2013BORA\u2013hansgrohe Dominates Early Transfer Market\"}]},{\"@type\":\"WebSite\",\"@id\":\"https:\/\/www.welovecycling.com\/wide\/#website\",\"url\":\"https:\/\/www.welovecycling.com\/wide\/\",\"name\":\"\u0160koda We Love Cycling\",\"description\":\"\u0160koda We Love Cycling magazine\",\"alternateName\":\"\u0160koda WLC\",\"potentialAction\":[{\"@type\":\"SearchAction\",\"target\":{\"@type\":\"EntryPoint\",\"urlTemplate\":\"https:\/\/www.welovecycling.com\/wide\/?s={search_term_string}\"},\"query-input\":{\"@type\":\"PropertyValueSpecification\",\"valueRequired\":true,\"valueName\":\"search_term_string\"}}],\"inLanguage\":\"en-US\"},{\"@type\":\"Person\",\"@id\":\"https:\/\/www.welovecycling.com\/wide\/#\/schema\/person\/50f01ecd18718d2333cf72e823c4f926\",\"name\":\"tereza\",\"image\":{\"@type\":\"ImageObject\",\"inLanguage\":\"en-US\",\"@id\":\"https:\/\/www.welovecycling.com\/wide\/#\/schema\/person\/image\/\",\"url\":\"https:\/\/secure.gravatar.com\/avatar\/1f9eb71be33845f0afabce3791bc1c58ecdb0a25c62964987e5dbcf7a20d2ec7?s=96&d=mm&r=g\",\"contentUrl\":\"https:\/\/secure.gravatar.com\/avatar\/1f9eb71be33845f0afabce3791bc1c58ecdb0a25c62964987e5dbcf7a20d2ec7?s=96&d=mm&r=g\",\"caption\":\"tereza\"},\"url\":\"https:\/\/www.welovecycling.com\/wide\/author\/tereza\/\"}]}<\/script>\n<!-- \/ Yoast SEO Premium plugin. -->","yoast_head_json":{"title":"Evenepoel\u2019s Move to Red Bull\u2013BORA\u2013hansgrohe Dominates Early Transfer Market - \u0160koda We Love Cycling","description":"If you\u2019re a journalist, the confirmation of Remco Evenepoel\u2019s move from Soudal Quick-Step to Red Bull\u2013BORA\u2013hansgrohe reduced all future transfer market","robots":{"index":"index","follow":"follow","max-snippet":"max-snippet:-1","max-image-preview":"max-image-preview:large","max-video-preview":"max-video-preview:-1"},"canonical":"https:\/\/www.welovecycling.com\/wide\/2025\/08\/13\/evenepoels-move-to-red-bull-bora-hansgrohe-dominates-early-transfer-market\/","og_locale":"en_US","og_type":"article","og_title":"Evenepoel\u2019s Move to Red Bull\u2013BORA\u2013hansgrohe Dominates Early Transfer Market","og_description":"If you\u2019re a journalist, the confirmation of Remco Evenepoel\u2019s move from Soudal Quick-Step to Red Bull\u2013BORA\u2013hansgrohe reduced all future transfer market","og_url":"https:\/\/www.welovecycling.com\/wide\/2025\/08\/13\/evenepoels-move-to-red-bull-bora-hansgrohe-dominates-early-transfer-market\/","og_site_name":"\u0160koda We Love Cycling","article_published_time":"2025-08-13T12:22:03+00:00","og_image":[{"width":990,"height":660,"url":"https:\/\/d2p6e6u75xmxt8.cloudfront.net\/2\/2025\/08\/Remco-Evenepoel-profimedia-1023159139-CVR.webp","type":"image\/webp"}],"author":"tereza","twitter_card":"summary_large_image","twitter_misc":{"Written by":"Siegfried Mortkowitz","Est. reading time":"3"},"schema":{"@context":"https:\/\/schema.org","@graph":[{"@type":"WebPage","@id":"https:\/\/www.welovecycling.com\/wide\/2025\/08\/13\/evenepoels-move-to-red-bull-bora-hansgrohe-dominates-early-transfer-market\/","url":"https:\/\/www.welovecycling.com\/wide\/2025\/08\/13\/evenepoels-move-to-red-bull-bora-hansgrohe-dominates-early-transfer-market\/","name":"Evenepoel\u2019s Move to Red Bull\u2013BORA\u2013hansgrohe Dominates Early Transfer Market - \u0160koda We Love Cycling","isPartOf":{"@id":"https:\/\/www.welovecycling.com\/wide\/#website"},"primaryImageOfPage":{"@id":"https:\/\/www.welovecycling.com\/wide\/2025\/08\/13\/evenepoels-move-to-red-bull-bora-hansgrohe-dominates-early-transfer-market\/#primaryimage"},"image":{"@id":"https:\/\/www.welovecycling.com\/wide\/2025\/08\/13\/evenepoels-move-to-red-bull-bora-hansgrohe-dominates-early-transfer-market\/#primaryimage"},"thumbnailUrl":"https:\/\/d2p6e6u75xmxt8.cloudfront.net\/2\/2025\/08\/Remco-Evenepoel-profimedia-1023159139-CVR.webp","datePublished":"2025-08-13T12:22:03+00:00","author":{"@id":"https:\/\/www.welovecycling.com\/wide\/#\/schema\/person\/50f01ecd18718d2333cf72e823c4f926"},"description":"If you\u2019re a journalist, the confirmation of Remco Evenepoel\u2019s move from Soudal Quick-Step to Red Bull\u2013BORA\u2013hansgrohe reduced all future transfer market","breadcrumb":{"@id":"https:\/\/www.welovecycling.com\/wide\/2025\/08\/13\/evenepoels-move-to-red-bull-bora-hansgrohe-dominates-early-transfer-market\/#breadcrumb"},"inLanguage":"en-US","potentialAction":[{"@type":"ReadAction","target":["https:\/\/www.welovecycling.com\/wide\/2025\/08\/13\/evenepoels-move-to-red-bull-bora-hansgrohe-dominates-early-transfer-market\/"]}]},{"@type":"ImageObject","inLanguage":"en-US","@id":"https:\/\/www.welovecycling.com\/wide\/2025\/08\/13\/evenepoels-move-to-red-bull-bora-hansgrohe-dominates-early-transfer-market\/#primaryimage","url":"https:\/\/d2p6e6u75xmxt8.cloudfront.net\/2\/2025\/08\/Remco-Evenepoel-profimedia-1023159139-CVR.webp","contentUrl":"https:\/\/d2p6e6u75xmxt8.cloudfront.net\/2\/2025\/08\/Remco-Evenepoel-profimedia-1023159139-CVR.webp","width":990,"height":660,"caption":"Remco Evenepoel"},{"@type":"BreadcrumbList","@id":"https:\/\/www.welovecycling.com\/wide\/2025\/08\/13\/evenepoels-move-to-red-bull-bora-hansgrohe-dominates-early-transfer-market\/#breadcrumb","itemListElement":[{"@type":"ListItem","position":1,"name":"Home","item":"https:\/\/www.welovecycling.com\/wide\/"},{"@type":"ListItem","position":2,"name":"Evenepoel\u2019s Move to Red Bull\u2013BORA\u2013hansgrohe Dominates Early Transfer Market"}]},{"@type":"WebSite","@id":"https:\/\/www.welovecycling.com\/wide\/#website","url":"https:\/\/www.welovecycling.com\/wide\/","name":"\u0160koda We Love Cycling","description":"\u0160koda We Love Cycling magazine","alternateName":"\u0160koda WLC","potentialAction":[{"@type":"SearchAction","target":{"@type":"EntryPoint","urlTemplate":"https:\/\/www.welovecycling.com\/wide\/?s={search_term_string}"},"query-input":{"@type":"PropertyValueSpecification","valueRequired":true,"valueName":"search_term_string"}}],"inLanguage":"en-US"},{"@type":"Person","@id":"https:\/\/www.welovecycling.com\/wide\/#\/schema\/person\/50f01ecd18718d2333cf72e823c4f926","name":"tereza","image":{"@type":"ImageObject","inLanguage":"en-US","@id":"https:\/\/www.welovecycling.com\/wide\/#\/schema\/person\/image\/","url":"https:\/\/secure.gravatar.com\/avatar\/1f9eb71be33845f0afabce3791bc1c58ecdb0a25c62964987e5dbcf7a20d2ec7?s=96&d=mm&r=g","contentUrl":"https:\/\/secure.gravatar.com\/avatar\/1f9eb71be33845f0afabce3791bc1c58ecdb0a25c62964987e5dbcf7a20d2ec7?s=96&d=mm&r=g","caption":"tereza"},"url":"https:\/\/www.welovecycling.com\/wide\/author\/tereza\/"}]}},"_links":{"self":[{"href":"https:\/\/www.welovecycling.com\/wide\/wp-json\/wp\/v2\/posts\/199618","targetHints":{"allow":["GET"]}}],"collection":[{"href":"https:\/\/www.welovecycling.com\/wide\/wp-json\/wp\/v2\/posts"}],"about":[{"href":"https:\/\/www.welovecycling.com\/wide\/wp-json\/wp\/v2\/types\/post"}],"author":[{"embeddable":true,"href":"https:\/\/www.welovecycling.com\/wide\/wp-json\/wp\/v2\/users\/99"}],"replies":[{"embeddable":true,"href":"https:\/\/www.welovecycling.com\/wide\/wp-json\/wp\/v2\/comments?post=199618"}],"version-history":[{"count":1,"href":"https:\/\/www.welovecycling.com\/wide\/wp-json\/wp\/v2\/posts\/199618\/revisions"}],"predecessor-version":[{"id":199620,"href":"https:\/\/www.welovecycling.com\/wide\/wp-json\/wp\/v2\/posts\/199618\/revisions\/199620"}],"wp:featuredmedia":[{"embeddable":true,"href":"https:\/\/www.welovecycling.com\/wide\/wp-json\/wp\/v2\/media\/199619"}],"wp:attachment":[{"href":"https:\/\/www.welovecycling.com\/wide\/wp-json\/wp\/v2\/media?parent=199618"}],"wp:term":[{"taxonomy":"category","embeddable":true,"href":"https:\/\/www.welovecycling.com\/wide\/wp-json\/wp\/v2\/categories?post=199618"},{"taxonomy":"post_tag","embeddable":true,"href":"https:\/\/www.welovecycling.com\/wide\/wp-json\/wp\/v2\/tags?post=199618"},{"taxonomy":"global-categories","embeddable":true,"href":"https:\/\/www.welovecycling.com\/wide\/wp-json\/wp\/v2\/global-categories?post=199618"}],"curies":[{"name":"wp","href":"https:\/\/api.w.org\/{rel}","templated":true}]}}