{"id":199347,"date":"2025-08-11T10:57:06","date_gmt":"2025-08-11T10:57:06","guid":{"rendered":"https:\/\/www.welovecycling.com\/wide\/?p=199347"},"modified":"2025-08-11T10:57:06","modified_gmt":"2025-08-11T10:57:06","slug":"mcnulty-wins-tour-of-poland-with-massive-final-stage-time-trial","status":"publish","type":"post","link":"https:\/\/www.welovecycling.com\/wide\/2025\/08\/11\/mcnulty-wins-tour-of-poland-with-massive-final-stage-time-trial\/","title":{"rendered":"McNulty Wins Tour of Poland With Massive Final Stage Time Trial"},"content":{"rendered":"<p><strong>Brandon McNulty and his UAE Team Emirates\u2013XRG waited until Sunday\u2019s final stage of the Tour de Pologne to win their only stage of the race and ride away with the yellow jersey.<\/strong><\/p>\n<p><!--more--><\/p>\n<h2><strong>Better late than losing<\/strong><\/h2>\n<p>McNulty rode a dominant time trial in the race\u2019s concluding stage 7, beating Lorenzo Milesi (Movistar) and Matteo Sobrero (Red Bull\u2013BORA\u2013hansgrohe) by 12 and 15 seconds respectively. More importantly, he beat the rider who had been leading him by 7 seconds after stage 6, the surprising Victor Langellotti (INEOS Grenadiers), by 46 seconds, killing two birds with one exceptional ride, a first UAE stage win in the race and the GC victory.<\/p>\n<p>The double win was welcome good news to McNulty and the team after a horrific high-speed crash in stage 3 sent teammate Filippo Baroncini to hospital with multiple facial and vertebral fractures. The 24-year-old Italian was put in an induced coma, but the injuries were not life-threatening. Baroncini was on McNulty\u2019s mind as he talked about his victory after the race.<\/p>\n<p>\u201cFor sure, we&#8217;ve been riding with him [in mind] all week,\u201d he said. \u201cAnd today it was really nice to get a win for him,&#8221; McNulty said after the final stage. &#8220;We&#8217;ve all been thinking of him a lot since he left.&#8221;<\/p>\n<h2><strong>A Grand Tour podium in his future?<\/strong><\/h2>\n<p>For the talented American, who finished ninth in the 2025 Giro d\u2019Italia, this was the 18th victory of his career, but only the fourth in a stage race. That\u2019s because he rides for a team that is richer than Croesus in stars and superstars, such as Tadej Poga\u010dar, Jo\u00e3o Almeida, Juan Ayuso and Isaac del Toro.<\/p>\n<p>&#8220;That&#8217;s how this team is,\u201d McNulty said. \u201cYou have guys that are crazy talented all over that I&#8217;m happy to work for and then when my time comes, I try to take it. So it&#8217;s nice to seize opportunities for sure. I&#8217;m always happy to help. It&#8217;s obvious that these guys are better suited [to Grand Tours] like Tadej and Isaac, and it&#8217;s a pleasure to work for them.\u201d<\/p>\n<p>After his Grand Tour breakthrough in the Giro this year, he still seemed unconvinced of his ability to become a podium challenger in the big races. &#8220;One Grand Tour I think like, no way, and then in the next there&#8217;s some signs of hope, so I don&#8217;t know. It&#8217;s such a different ball game to a week-long race, so I don&#8217;t know. I feel like I&#8217;m getting better every year, though, and gaining in endurance too, so we&#8217;ll see.&#8221;<\/p>\n<blockquote class=\"instagram-media\" style=\"background: #FFF; border: 0; border-radius: 3px; box-shadow: 0 0 1px 0 rgba(0,0,0,0.5),0 1px 10px 0 rgba(0,0,0,0.15); margin: 1px; max-width: 540px; min-width: 326px; padding: 0; width: calc(100% - 2px);\" data-instgrm-captioned=\"\" data-instgrm-permalink=\"https:\/\/www.instagram.com\/p\/DNNXN4xsoE9\/?utm_source=ig_embed&amp;utm_campaign=loading\" data-instgrm-version=\"14\">\n<div style=\"padding: 16px;\">\n<p>&nbsp;<\/p>\n<div style=\"display: flex; flex-direction: row; align-items: center;\">\n<div style=\"background-color: #f4f4f4; border-radius: 50%; flex-grow: 0; height: 40px; margin-right: 14px; width: 40px;\"><\/div>\n<div style=\"display: flex; flex-direction: column; flex-grow: 1; justify-content: center;\">\n<div style=\"background-color: #f4f4f4; border-radius: 4px; flex-grow: 0; height: 14px; margin-bottom: 6px; width: 100px;\"><\/div>\n<div style=\"background-color: #f4f4f4; border-radius: 4px; flex-grow: 0; height: 14px; width: 60px;\"><\/div>\n<\/div>\n<\/div>\n<div style=\"padding: 19% 0;\"><\/div>\n<div style=\"display: block; height: 50px; margin: 0 auto 12px; width: 50px;\"><\/div>\n<div style=\"padding-top: 8px;\">\n<div style=\"color: #3897f0; font-family: Arial,sans-serif; font-size: 14px; font-style: normal; font-weight: 550; line-height: 18px;\">View this post on Instagram<\/div>\n<\/div>\n<div style=\"padding: 12.5% 0;\"><\/div>\n<div style=\"display: flex; flex-direction: row; margin-bottom: 14px; align-items: center;\">\n<div>\n<div style=\"background-color: #f4f4f4; border-radius: 50%; height: 12.5px; width: 12.5px; transform: translateX(0px) translateY(7px);\"><\/div>\n<div style=\"background-color: #f4f4f4; height: 12.5px; transform: rotate(-45deg) translateX(3px) translateY(1px); width: 12.5px; flex-grow: 0; margin-right: 14px; margin-left: 2px;\"><\/div>\n<div style=\"background-color: #f4f4f4; border-radius: 50%; height: 12.5px; width: 12.5px; transform: translateX(9px) translateY(-18px);\"><\/div>\n<\/div>\n<div style=\"margin-left: 8px;\">\n<div style=\"background-color: #f4f4f4; border-radius: 50%; flex-grow: 0; height: 20px; width: 20px;\"><\/div>\n<div style=\"width: 0; height: 0; border-top: 2px solid transparent; border-left: 6px solid #f4f4f4; border-bottom: 2px solid transparent; transform: translateX(16px) translateY(-4px) rotate(30deg);\"><\/div>\n<\/div>\n<div style=\"margin-left: auto;\">\n<div style=\"width: 0px; border-top: 8px solid #F4F4F4; border-right: 8px solid transparent; transform: translateY(16px);\"><\/div>\n<div style=\"background-color: #f4f4f4; flex-grow: 0; height: 12px; width: 16px; transform: translateY(-4px);\"><\/div>\n<div style=\"width: 0; height: 0; border-top: 8px solid #F4F4F4; border-left: 8px solid transparent; transform: translateY(-4px) translateX(8px);\"><\/div>\n<\/div>\n<\/div>\n<div style=\"display: flex; flex-direction: column; flex-grow: 1; justify-content: center; margin-bottom: 24px;\">\n<div style=\"background-color: #f4f4f4; border-radius: 4px; flex-grow: 0; height: 14px; margin-bottom: 6px; width: 224px;\"><\/div>\n<div style=\"background-color: #f4f4f4; border-radius: 4px; flex-grow: 0; height: 14px; width: 144px;\"><\/div>\n<\/div>\n<p>&nbsp;<\/p>\n<p style=\"color: #c9c8cd; font-family: Arial,sans-serif; font-size: 14px; line-height: 17px; margin-bottom: 0; margin-top: 8px; overflow: hidden; padding: 8px 0 7px; text-align: center; text-overflow: ellipsis; white-space: nowrap;\"><a style=\"color: #c9c8cd; font-family: Arial,sans-serif; font-size: 14px; font-style: normal; font-weight: normal; line-height: 17px; text-decoration: none;\" href=\"https:\/\/www.instagram.com\/p\/DNNXN4xsoE9\/?utm_source=ig_embed&amp;utm_campaign=loading\" target=\"_blank\" rel=\"noopener\">A post shared by Tour de Pologne (@tourdepologne)<\/a><\/p>\n<\/div>\n<\/blockquote>\n<h2><script async src=\"\/\/www.instagram.com\/embed.js\"><\/script><strong>On Majka\u2019s retirement<\/strong><\/h2>\n<p>He also addressed the imminent retirement of long-time teammate Rafal Majka, who finished eighth in his final home race and was cheered by the Polish spectators at almost every pedal stroke. &#8220;I&#8217;ve been with him for six years and it&#8217;s always been a pleasure,&#8221; McNulty said. &#8220;He&#8217;s one of the best teammates to have around on and off the bike. We&#8217;ve all tried to convince him [to stay] for one more year, but I don&#8217;t think he&#8217;s going to take it, so we&#8217;re going to miss him.&#8221;<\/p>\n<p>The 35-year-old Majka will retire at the end of this season after spending the last five years of his 16-year professional career as an essential mountain super-domestique for <a href=\"https:\/\/www.welovecycling.com\/wide\/2025\/08\/11\/i-have-to-enjoy-the-moment-pogacar-targets-hilly-european-championships-while-counting-down-to-retirement\/\" target=\"_blank\" rel=\"noopener\">Poga\u010dar<\/a> and was often the last support rider on a big climb and the one who launched the four-time Tour de France winner on yet another winning ascent. Majka rode in 23 Grand Tours, including eight <a href=\"https:\/\/letour.fr\/\">Tours de France,<\/a> but sat out this year\u2019s race. His final race will be Il Lombardia, on October 11, where he&#8217;ll be helping Poga\u010dar try to win that race for the fifth consecutive time.<\/p>\n<h2><strong>A late push to victory<\/strong><\/h2>\n<p>McNulty won the GC by 29 seconds over Antonio Tiberi (Bahrain-Victorious), with Sobrero in third, at 37 seconds. He gained almost all of his winning margin in the final two stages. The explosive stage 6, which featured six short and steep category 1 climbs on its 147.5km course from Bukowina Resort to\u00a0Bukowina Tatrza\u0144ska, came down to the final kilometer, atop an uncategorized climb (1.8km @7.5%). McNulty broke away from a small, select lead group with about 800m left to race and opened what seemed like a winning gap, but was caught and passed by Langellotti, who became the first rider from Monaco to with a WorldTour stage and wear the yellow jersey in a WorldTour race.<\/p>\n<p>&#8220;I knew that I had to wait until at least the last 500 meters, that was my strength,\u201d Langellotti said. \u201cI just wanted to wait that final moment to launch my sprint. I\u2019m super happy because everything went according to the plan.\u201d he finished fifth in the GC standings, 39 seconds behind the winner.<\/p>\n<p>Langellotti is one of only two professional riders from the tiny European principality currently on the road and is Monaco&#8217;s first and only representative on a WorldTour team to date. To general surprise, he was signed by INEOS Grenadiers last autumn from the Spanish Proteam Burgos\u2013BH. He had already made history by securing Monaco\u2019s first-ever podium finish in a WorldTour race with third place on Tuesday\u2019s stage 2.<\/p>\n<p>That stage was won by another rider that deserves a shout-out, Paul Lapeira (Decathlon AG2R La Mondiale). The 25-year-old Frenchman stayed in the yellow jersey for four stages and finished the race despite suffering suspected broken ribs in the stage 3 crash that sent Baroncini to hospital and forced a brief neutralization to allow ambulances access to the injured. Lapeira\u2019s performance and his determination to finish the race was remarkable considering the pain and the fact that he had difficulty breathing. His 34th-place finish, 8:07 behind McNulty, must be considered a kind of victory.<\/p>\n<h4>\u00a0<strong>2025 Tour de Pologne Final GC Standings<\/strong><\/h4>\n<ol>\n<li>Brandon McNulty, UAE Team Emirates\u2013XRG 25:10:57<\/li>\n<li>Antonio Tiberi, Bahrain-Victorious + 0:29<\/li>\n<li>Matteo Sobrero, Red Bull-BORA-hansgrohe + 0:37<\/li>\n<li>Jan Christen, UAE Team Emirates\u2013XRG + 0:39<\/li>\n<li>Victor Langellotti, INEOS Grenadiers \u201c<\/li>\n<li>Alberto Bettiol, XDS Astana + 0:47<\/li>\n<li>Marco Frigo, Israel\u2013Premier Tech + 0:48<\/li>\n<li>Rafal Majka, UAE Team Emirates\u2013XRG + 0:59<\/li>\n<li>Pello Bilbao, Bahrain-Victorious + 1:02<\/li>\n<li>Filippo Zana, Jayco-AlUla + 1:09<\/li>\n<\/ol>\n","protected":false},"excerpt":{"rendered":"<p>Brandon McNulty and his UAE Team Emirates\u2013XRG waited until Sunday\u2019s final stage of the Tour de Pologne to win their [&hellip;]<\/p>\n","protected":false},"author":99,"featured_media":199351,"comment_status":"closed","ping_status":"open","sticky":false,"template":"","format":"standard","meta":{"footnotes":""},"categories":[329],"tags":[5123,8640,8639,1197,1252],"global-categories":[3366],"class_list":["post-199347","post","type-post","status-publish","format-standard","has-post-thumbnail","hentry","category-road-cycling","tag-brandon-mcnulty","tag-filippo-baroncini","tag-lorenzo-milesi","tag-rafal-majka","tag-tour-de-pologne","global-categories-cycling"],"yoast_head":"<!-- This site is optimized with the Yoast SEO Premium plugin v25.3 (Yoast SEO v25.9) - https:\/\/yoast.com\/wordpress\/plugins\/seo\/ -->\n<title>McNulty Wins Tour of Poland With Massive Final Stage Time Trial - \u0160koda We Love Cycling<\/title>\n<meta name=\"description\" content=\"Brandon McNulty and his UAE Team Emirates\u2013XRG waited until Sunday\u2019s final stage of the Tour de Pologne to win their only stage of the race and ride away\" \/>\n<meta name=\"robots\" content=\"index, follow, max-snippet:-1, max-image-preview:large, max-video-preview:-1\" \/>\n<link rel=\"canonical\" href=\"https:\/\/www.welovecycling.com\/wide\/2025\/08\/11\/mcnulty-wins-tour-of-poland-with-massive-final-stage-time-trial\/\" \/>\n<meta property=\"og:locale\" content=\"en_US\" \/>\n<meta property=\"og:type\" content=\"article\" \/>\n<meta property=\"og:title\" content=\"McNulty Wins Tour of Poland With Massive Final Stage Time Trial\" \/>\n<meta property=\"og:description\" content=\"Brandon McNulty and his UAE Team Emirates\u2013XRG waited until Sunday\u2019s final stage of the Tour de Pologne to win their only stage of the race and ride away\" \/>\n<meta property=\"og:url\" content=\"https:\/\/www.welovecycling.com\/wide\/2025\/08\/11\/mcnulty-wins-tour-of-poland-with-massive-final-stage-time-trial\/\" \/>\n<meta property=\"og:site_name\" content=\"\u0160koda We Love Cycling\" \/>\n<meta property=\"article:published_time\" content=\"2025-08-11T10:57:06+00:00\" \/>\n<meta property=\"og:image\" content=\"https:\/\/d2p6e6u75xmxt8.cloudfront.net\/2\/2025\/08\/Brandon-McNulty-Pologne-profimedia-1028703251-CVR.webp\" \/>\n\t<meta property=\"og:image:width\" content=\"990\" \/>\n\t<meta property=\"og:image:height\" content=\"660\" \/>\n\t<meta property=\"og:image:type\" content=\"image\/webp\" \/>\n<meta name=\"author\" content=\"tereza\" \/>\n<meta name=\"twitter:card\" content=\"summary_large_image\" \/>\n<meta name=\"twitter:label1\" content=\"Written by\" \/>\n\t<meta name=\"twitter:data1\" content=\"Siegfried Mortkowitz\" \/>\n\t<meta name=\"twitter:label2\" content=\"Est. reading time\" \/>\n\t<meta name=\"twitter:data2\" content=\"3\" \/>\n<script type=\"application\/ld+json\" class=\"yoast-schema-graph\">{\"@context\":\"https:\/\/schema.org\",\"@graph\":[{\"@type\":\"WebPage\",\"@id\":\"https:\/\/www.welovecycling.com\/wide\/2025\/08\/11\/mcnulty-wins-tour-of-poland-with-massive-final-stage-time-trial\/\",\"url\":\"https:\/\/www.welovecycling.com\/wide\/2025\/08\/11\/mcnulty-wins-tour-of-poland-with-massive-final-stage-time-trial\/\",\"name\":\"McNulty Wins Tour of Poland With Massive Final Stage Time Trial - \u0160koda We Love Cycling\",\"isPartOf\":{\"@id\":\"https:\/\/www.welovecycling.com\/wide\/#website\"},\"primaryImageOfPage\":{\"@id\":\"https:\/\/www.welovecycling.com\/wide\/2025\/08\/11\/mcnulty-wins-tour-of-poland-with-massive-final-stage-time-trial\/#primaryimage\"},\"image\":{\"@id\":\"https:\/\/www.welovecycling.com\/wide\/2025\/08\/11\/mcnulty-wins-tour-of-poland-with-massive-final-stage-time-trial\/#primaryimage\"},\"thumbnailUrl\":\"https:\/\/d2p6e6u75xmxt8.cloudfront.net\/2\/2025\/08\/Brandon-McNulty-Pologne-profimedia-1028703251-CVR.webp\",\"datePublished\":\"2025-08-11T10:57:06+00:00\",\"author\":{\"@id\":\"https:\/\/www.welovecycling.com\/wide\/#\/schema\/person\/50f01ecd18718d2333cf72e823c4f926\"},\"description\":\"Brandon McNulty and his UAE Team Emirates\u2013XRG waited until Sunday\u2019s final stage of the Tour de Pologne to win their only stage of the race and ride away\",\"breadcrumb\":{\"@id\":\"https:\/\/www.welovecycling.com\/wide\/2025\/08\/11\/mcnulty-wins-tour-of-poland-with-massive-final-stage-time-trial\/#breadcrumb\"},\"inLanguage\":\"en-US\",\"potentialAction\":[{\"@type\":\"ReadAction\",\"target\":[\"https:\/\/www.welovecycling.com\/wide\/2025\/08\/11\/mcnulty-wins-tour-of-poland-with-massive-final-stage-time-trial\/\"]}]},{\"@type\":\"ImageObject\",\"inLanguage\":\"en-US\",\"@id\":\"https:\/\/www.welovecycling.com\/wide\/2025\/08\/11\/mcnulty-wins-tour-of-poland-with-massive-final-stage-time-trial\/#primaryimage\",\"url\":\"https:\/\/d2p6e6u75xmxt8.cloudfront.net\/2\/2025\/08\/Brandon-McNulty-Pologne-profimedia-1028703251-CVR.webp\",\"contentUrl\":\"https:\/\/d2p6e6u75xmxt8.cloudfront.net\/2\/2025\/08\/Brandon-McNulty-Pologne-profimedia-1028703251-CVR.webp\",\"width\":990,\"height\":660,\"caption\":\"Tour de Pologne Podium\"},{\"@type\":\"BreadcrumbList\",\"@id\":\"https:\/\/www.welovecycling.com\/wide\/2025\/08\/11\/mcnulty-wins-tour-of-poland-with-massive-final-stage-time-trial\/#breadcrumb\",\"itemListElement\":[{\"@type\":\"ListItem\",\"position\":1,\"name\":\"Home\",\"item\":\"https:\/\/www.welovecycling.com\/wide\/\"},{\"@type\":\"ListItem\",\"position\":2,\"name\":\"McNulty Wins Tour of Poland With Massive Final Stage Time Trial\"}]},{\"@type\":\"WebSite\",\"@id\":\"https:\/\/www.welovecycling.com\/wide\/#website\",\"url\":\"https:\/\/www.welovecycling.com\/wide\/\",\"name\":\"\u0160koda We Love Cycling\",\"description\":\"\u0160koda We Love Cycling magazine\",\"alternateName\":\"\u0160koda WLC\",\"potentialAction\":[{\"@type\":\"SearchAction\",\"target\":{\"@type\":\"EntryPoint\",\"urlTemplate\":\"https:\/\/www.welovecycling.com\/wide\/?s={search_term_string}\"},\"query-input\":{\"@type\":\"PropertyValueSpecification\",\"valueRequired\":true,\"valueName\":\"search_term_string\"}}],\"inLanguage\":\"en-US\"},{\"@type\":\"Person\",\"@id\":\"https:\/\/www.welovecycling.com\/wide\/#\/schema\/person\/50f01ecd18718d2333cf72e823c4f926\",\"name\":\"tereza\",\"image\":{\"@type\":\"ImageObject\",\"inLanguage\":\"en-US\",\"@id\":\"https:\/\/www.welovecycling.com\/wide\/#\/schema\/person\/image\/\",\"url\":\"https:\/\/secure.gravatar.com\/avatar\/1f9eb71be33845f0afabce3791bc1c58ecdb0a25c62964987e5dbcf7a20d2ec7?s=96&d=mm&r=g\",\"contentUrl\":\"https:\/\/secure.gravatar.com\/avatar\/1f9eb71be33845f0afabce3791bc1c58ecdb0a25c62964987e5dbcf7a20d2ec7?s=96&d=mm&r=g\",\"caption\":\"tereza\"},\"url\":\"https:\/\/www.welovecycling.com\/wide\/author\/tereza\/\"}]}<\/script>\n<!-- \/ Yoast SEO Premium plugin. -->","yoast_head_json":{"title":"McNulty Wins Tour of Poland With Massive Final Stage Time Trial - \u0160koda We Love Cycling","description":"Brandon McNulty and his UAE Team Emirates\u2013XRG waited until Sunday\u2019s final stage of the Tour de Pologne to win their only stage of the race and ride away","robots":{"index":"index","follow":"follow","max-snippet":"max-snippet:-1","max-image-preview":"max-image-preview:large","max-video-preview":"max-video-preview:-1"},"canonical":"https:\/\/www.welovecycling.com\/wide\/2025\/08\/11\/mcnulty-wins-tour-of-poland-with-massive-final-stage-time-trial\/","og_locale":"en_US","og_type":"article","og_title":"McNulty Wins Tour of Poland With Massive Final Stage Time Trial","og_description":"Brandon McNulty and his UAE Team Emirates\u2013XRG waited until Sunday\u2019s final stage of the Tour de Pologne to win their only stage of the race and ride away","og_url":"https:\/\/www.welovecycling.com\/wide\/2025\/08\/11\/mcnulty-wins-tour-of-poland-with-massive-final-stage-time-trial\/","og_site_name":"\u0160koda We Love Cycling","article_published_time":"2025-08-11T10:57:06+00:00","og_image":[{"width":990,"height":660,"url":"https:\/\/d2p6e6u75xmxt8.cloudfront.net\/2\/2025\/08\/Brandon-McNulty-Pologne-profimedia-1028703251-CVR.webp","type":"image\/webp"}],"author":"tereza","twitter_card":"summary_large_image","twitter_misc":{"Written by":"Siegfried Mortkowitz","Est. reading time":"3"},"schema":{"@context":"https:\/\/schema.org","@graph":[{"@type":"WebPage","@id":"https:\/\/www.welovecycling.com\/wide\/2025\/08\/11\/mcnulty-wins-tour-of-poland-with-massive-final-stage-time-trial\/","url":"https:\/\/www.welovecycling.com\/wide\/2025\/08\/11\/mcnulty-wins-tour-of-poland-with-massive-final-stage-time-trial\/","name":"McNulty Wins Tour of Poland With Massive Final Stage Time Trial - \u0160koda We Love Cycling","isPartOf":{"@id":"https:\/\/www.welovecycling.com\/wide\/#website"},"primaryImageOfPage":{"@id":"https:\/\/www.welovecycling.com\/wide\/2025\/08\/11\/mcnulty-wins-tour-of-poland-with-massive-final-stage-time-trial\/#primaryimage"},"image":{"@id":"https:\/\/www.welovecycling.com\/wide\/2025\/08\/11\/mcnulty-wins-tour-of-poland-with-massive-final-stage-time-trial\/#primaryimage"},"thumbnailUrl":"https:\/\/d2p6e6u75xmxt8.cloudfront.net\/2\/2025\/08\/Brandon-McNulty-Pologne-profimedia-1028703251-CVR.webp","datePublished":"2025-08-11T10:57:06+00:00","author":{"@id":"https:\/\/www.welovecycling.com\/wide\/#\/schema\/person\/50f01ecd18718d2333cf72e823c4f926"},"description":"Brandon McNulty and his UAE Team Emirates\u2013XRG waited until Sunday\u2019s final stage of the Tour de Pologne to win their only stage of the race and ride away","breadcrumb":{"@id":"https:\/\/www.welovecycling.com\/wide\/2025\/08\/11\/mcnulty-wins-tour-of-poland-with-massive-final-stage-time-trial\/#breadcrumb"},"inLanguage":"en-US","potentialAction":[{"@type":"ReadAction","target":["https:\/\/www.welovecycling.com\/wide\/2025\/08\/11\/mcnulty-wins-tour-of-poland-with-massive-final-stage-time-trial\/"]}]},{"@type":"ImageObject","inLanguage":"en-US","@id":"https:\/\/www.welovecycling.com\/wide\/2025\/08\/11\/mcnulty-wins-tour-of-poland-with-massive-final-stage-time-trial\/#primaryimage","url":"https:\/\/d2p6e6u75xmxt8.cloudfront.net\/2\/2025\/08\/Brandon-McNulty-Pologne-profimedia-1028703251-CVR.webp","contentUrl":"https:\/\/d2p6e6u75xmxt8.cloudfront.net\/2\/2025\/08\/Brandon-McNulty-Pologne-profimedia-1028703251-CVR.webp","width":990,"height":660,"caption":"Tour de Pologne Podium"},{"@type":"BreadcrumbList","@id":"https:\/\/www.welovecycling.com\/wide\/2025\/08\/11\/mcnulty-wins-tour-of-poland-with-massive-final-stage-time-trial\/#breadcrumb","itemListElement":[{"@type":"ListItem","position":1,"name":"Home","item":"https:\/\/www.welovecycling.com\/wide\/"},{"@type":"ListItem","position":2,"name":"McNulty Wins Tour of Poland With Massive Final Stage Time Trial"}]},{"@type":"WebSite","@id":"https:\/\/www.welovecycling.com\/wide\/#website","url":"https:\/\/www.welovecycling.com\/wide\/","name":"\u0160koda We Love Cycling","description":"\u0160koda We Love Cycling magazine","alternateName":"\u0160koda WLC","potentialAction":[{"@type":"SearchAction","target":{"@type":"EntryPoint","urlTemplate":"https:\/\/www.welovecycling.com\/wide\/?s={search_term_string}"},"query-input":{"@type":"PropertyValueSpecification","valueRequired":true,"valueName":"search_term_string"}}],"inLanguage":"en-US"},{"@type":"Person","@id":"https:\/\/www.welovecycling.com\/wide\/#\/schema\/person\/50f01ecd18718d2333cf72e823c4f926","name":"tereza","image":{"@type":"ImageObject","inLanguage":"en-US","@id":"https:\/\/www.welovecycling.com\/wide\/#\/schema\/person\/image\/","url":"https:\/\/secure.gravatar.com\/avatar\/1f9eb71be33845f0afabce3791bc1c58ecdb0a25c62964987e5dbcf7a20d2ec7?s=96&d=mm&r=g","contentUrl":"https:\/\/secure.gravatar.com\/avatar\/1f9eb71be33845f0afabce3791bc1c58ecdb0a25c62964987e5dbcf7a20d2ec7?s=96&d=mm&r=g","caption":"tereza"},"url":"https:\/\/www.welovecycling.com\/wide\/author\/tereza\/"}]}},"_links":{"self":[{"href":"https:\/\/www.welovecycling.com\/wide\/wp-json\/wp\/v2\/posts\/199347","targetHints":{"allow":["GET"]}}],"collection":[{"href":"https:\/\/www.welovecycling.com\/wide\/wp-json\/wp\/v2\/posts"}],"about":[{"href":"https:\/\/www.welovecycling.com\/wide\/wp-json\/wp\/v2\/types\/post"}],"author":[{"embeddable":true,"href":"https:\/\/www.welovecycling.com\/wide\/wp-json\/wp\/v2\/users\/99"}],"replies":[{"embeddable":true,"href":"https:\/\/www.welovecycling.com\/wide\/wp-json\/wp\/v2\/comments?post=199347"}],"version-history":[{"count":2,"href":"https:\/\/www.welovecycling.com\/wide\/wp-json\/wp\/v2\/posts\/199347\/revisions"}],"predecessor-version":[{"id":199353,"href":"https:\/\/www.welovecycling.com\/wide\/wp-json\/wp\/v2\/posts\/199347\/revisions\/199353"}],"wp:featuredmedia":[{"embeddable":true,"href":"https:\/\/www.welovecycling.com\/wide\/wp-json\/wp\/v2\/media\/199351"}],"wp:attachment":[{"href":"https:\/\/www.welovecycling.com\/wide\/wp-json\/wp\/v2\/media?parent=199347"}],"wp:term":[{"taxonomy":"category","embeddable":true,"href":"https:\/\/www.welovecycling.com\/wide\/wp-json\/wp\/v2\/categories?post=199347"},{"taxonomy":"post_tag","embeddable":true,"href":"https:\/\/www.welovecycling.com\/wide\/wp-json\/wp\/v2\/tags?post=199347"},{"taxonomy":"global-categories","embeddable":true,"href":"https:\/\/www.welovecycling.com\/wide\/wp-json\/wp\/v2\/global-categories?post=199347"}],"curies":[{"name":"wp","href":"https:\/\/api.w.org\/{rel}","templated":true}]}}