{"id":199324,"date":"2025-08-11T07:17:47","date_gmt":"2025-08-11T07:17:47","guid":{"rendered":"https:\/\/www.welovecycling.com\/wide\/?p=199324"},"modified":"2025-08-11T07:17:47","modified_gmt":"2025-08-11T07:17:47","slug":"i-have-to-enjoy-the-moment-pogacar-targets-hilly-european-championships-while-counting-down-to-retirement","status":"publish","type":"post","link":"https:\/\/www.welovecycling.com\/wide\/2025\/08\/11\/i-have-to-enjoy-the-moment-pogacar-targets-hilly-european-championships-while-counting-down-to-retirement\/","title":{"rendered":"&#8220;I have to enjoy the moment:&#8221; Poga\u010dar Targets Hilly European Championships While Counting Down to Retirement"},"content":{"rendered":"<p><strong>Tadej Poga\u010dar has outlined his programme for the closing months of the 2025 season, revealing that he intends to ride the hilly European Championships and acknowledging that he is \u201calready counting the years until retirement.\u201d While he remains at the top of the sport, the Slovenian insists he wants to \u201cenjoy the moment\u201d and is mindful that his dominance will not last forever.<\/strong><\/p>\n<p><!--more--><\/p>\n<p>The four-time Tour de France winner spoke to the media in Komenda during a special criterium staged by his hometown and the cycling clubs where he first trained. Greeted by a huge crowd, he crossed the line ahead of Luka Mezgec and Matteo Trentin.<\/p>\n<p>\u201cI\u2019m happy to be home again, to see friends, neighbours and family,\u201d he told reporters as he reflected on both his immediate targets and the longer-term future.<\/p>\n<p>Poga\u010dar is signed with UAE Team Emirates-XRG until 2030, but in a recent interview with <em>L\u2019Equipe<\/em> hinted that the 2028 Los Angeles Olympic Games could mark the point where he begins to seriously consider retirement. Since stepping into the WorldTour in 2019 at the age of 20, he has claimed four Tours and <a href=\"https:\/\/www.welovecycling.com\/wide\/2025\/07\/09\/pogacar-reaches-100-wins-at-the-tour-de-france\/\" target=\"_blank\" rel=\"noopener\">over a hundred other wins.<\/a> Only the Vuelta a Espa\u00f1a, Milan-San Remo, and Paris-Roubaix remain on his list of big goals before he steps away from racing.<\/p>\n<p>\u201cIt may seem funny to most people that I\u2019m already counting down to retirement, but the fact is that a sports career isn\u2019t very long,\u201d he said before the race in Komenda. \u201cI started winning quite early and everything has been going strong ever since. Every year we train harder and faster, so I look forward to my future with pleasure.<\/p>\n<p>\u201cOn the one hand, I know that my sports career will not be long, but on the other hand, I am aware that I can enjoy the level I am at now for a few more years. However, I expect that this level will drop at some point and that there will be no more victories in the season than now and that there will be a bad year at some point.<\/p>\n<p>\u201cI am prepared for everything that is coming, so I am all the more aware that I have to enjoy the moment. I have to be prepared to stop, say thank you and say goodbye to racing at the highest level.\u201d<\/p>\n<p>Following his latest <a href=\"https:\/\/www.letour.fr\/en\/\">Tour de France<\/a> triumph \u2014 a race made even more challenging by illness in the final week \u2014 Poga\u010dar took time off at his home in Montecarlo. He stayed away from social media, went on some easy training rides, and even met Tour de France Femmes avec Zwift champion Pauline Ferrand-Pr\u00e9vot on the road.<\/p>\n<blockquote class=\"instagram-media\" style=\"background: #FFF; border: 0; border-radius: 3px; box-shadow: 0 0 1px 0 rgba(0,0,0,0.5),0 1px 10px 0 rgba(0,0,0,0.15); margin: 1px; max-width: 540px; min-width: 326px; padding: 0; width: calc(100% - 2px);\" data-instgrm-captioned=\"\" data-instgrm-permalink=\"https:\/\/www.instagram.com\/p\/DNBAqgDt15_\/?utm_source=ig_embed&amp;utm_campaign=loading\" data-instgrm-version=\"14\">\n<div style=\"padding: 16px;\">\n<p>&nbsp;<\/p>\n<div style=\"display: flex; flex-direction: row; align-items: center;\">\n<div style=\"background-color: #f4f4f4; border-radius: 50%; flex-grow: 0; height: 40px; margin-right: 14px; width: 40px;\"><\/div>\n<div style=\"display: flex; flex-direction: column; flex-grow: 1; justify-content: center;\">\n<div style=\"background-color: #f4f4f4; border-radius: 4px; flex-grow: 0; height: 14px; margin-bottom: 6px; width: 100px;\"><\/div>\n<div style=\"background-color: #f4f4f4; border-radius: 4px; flex-grow: 0; height: 14px; width: 60px;\"><\/div>\n<\/div>\n<\/div>\n<div style=\"padding: 19% 0;\"><\/div>\n<div style=\"display: block; height: 50px; margin: 0 auto 12px; width: 50px;\"><\/div>\n<div style=\"padding-top: 8px;\">\n<div style=\"color: #3897f0; font-family: Arial,sans-serif; font-size: 14px; font-style: normal; font-weight: 550; line-height: 18px;\">Zobrazit p\u0159\u00edsp\u011bvek na Instagramu<\/div>\n<\/div>\n<div style=\"padding: 12.5% 0;\"><\/div>\n<div style=\"display: flex; flex-direction: row; margin-bottom: 14px; align-items: center;\">\n<div>\n<div style=\"background-color: #f4f4f4; border-radius: 50%; height: 12.5px; width: 12.5px; transform: translateX(0px) translateY(7px);\"><\/div>\n<div style=\"background-color: #f4f4f4; height: 12.5px; transform: rotate(-45deg) translateX(3px) translateY(1px); width: 12.5px; flex-grow: 0; margin-right: 14px; margin-left: 2px;\"><\/div>\n<div style=\"background-color: #f4f4f4; border-radius: 50%; height: 12.5px; width: 12.5px; transform: translateX(9px) translateY(-18px);\"><\/div>\n<\/div>\n<div style=\"margin-left: 8px;\">\n<div style=\"background-color: #f4f4f4; border-radius: 50%; flex-grow: 0; height: 20px; width: 20px;\"><\/div>\n<div style=\"width: 0; height: 0; border-top: 2px solid transparent; border-left: 6px solid #f4f4f4; border-bottom: 2px solid transparent; transform: translateX(16px) translateY(-4px) rotate(30deg);\"><\/div>\n<\/div>\n<div style=\"margin-left: auto;\">\n<div style=\"width: 0px; border-top: 8px solid #F4F4F4; border-right: 8px solid transparent; transform: translateY(16px);\"><\/div>\n<div style=\"background-color: #f4f4f4; flex-grow: 0; height: 12px; width: 16px; transform: translateY(-4px);\"><\/div>\n<div style=\"width: 0; height: 0; border-top: 8px solid #F4F4F4; border-left: 8px solid transparent; transform: translateY(-4px) translateX(8px);\"><\/div>\n<\/div>\n<\/div>\n<div style=\"display: flex; flex-direction: column; flex-grow: 1; justify-content: center; margin-bottom: 24px;\">\n<div style=\"background-color: #f4f4f4; border-radius: 4px; flex-grow: 0; height: 14px; margin-bottom: 6px; width: 224px;\"><\/div>\n<div style=\"background-color: #f4f4f4; border-radius: 4px; flex-grow: 0; height: 14px; width: 144px;\"><\/div>\n<\/div>\n<p>&nbsp;<\/p>\n<p style=\"color: #c9c8cd; font-family: Arial,sans-serif; font-size: 14px; line-height: 17px; margin-bottom: 0; margin-top: 8px; overflow: hidden; padding: 8px 0 7px; text-align: center; text-overflow: ellipsis; white-space: nowrap;\"><a style=\"color: #c9c8cd; font-family: Arial,sans-serif; font-size: 14px; font-style: normal; font-weight: normal; line-height: 17px; text-decoration: none;\" href=\"https:\/\/www.instagram.com\/p\/DNBAqgDt15_\/?utm_source=ig_embed&amp;utm_campaign=loading\" target=\"_blank\" rel=\"noopener\">P\u0159\u00edsp\u011bvek sd\u00edlen\u00fd Pauline FERRAND-PREVOT (@paulineferrandprevot)<\/a><\/p>\n<\/div>\n<\/blockquote>\n<p><script async src=\"\/\/www.instagram.com\/embed.js\"><\/script>\u201cI managed to rest a little, I have a difficult Tour behind me and everyone can have a bad day,\u201d he explained when asked whether he felt better than in the closing days of the Tour. \u201cOf course, we can\u2019t expect that I will be glowing with happiness for all 21 stages. There were also difficult days. The Tour was really difficult, one of the hardest I\u2019ve ridden, which can be confirmed by everyone who fought for the overall classification.<\/p>\n<p>\u201cNow, two weeks after the end of the Tour, I have rested, reset myself, so we are now moving forward normally.\u201d<\/p>\n<p>Looking ahead, Poga\u010dar confirmed that the 2026 Tour de France will remain central to his ambitions as he aims to match the all-time record of five overall wins. \u201cI will probably return to the Tour, in principle it is the biggest race and I don\u2019t think the team will leave me at home\u2026\u201d he said with a smile.<\/p>\n<p>While rival Jonas Vingegaard prepares for the Vuelta, Poga\u010dar will follow a different plan after a demanding spring and summer. His comeback race will be the Grand Prix Cycliste de Qu\u00e9bec, followed by Montr\u00e9al, before defending his rainbow jersey at the World Championships in Rwanda. One week later, he will head to southern France for the European Championships on 5 October.<\/p>\n<p>\u201cWe know that Montr\u00e9al suits me better but that doesn\u2019t mean that I won\u2019t try to win in Qu\u00e9bec as well,\u201d he said. \u201cThis year they changed the course a bit, it\u2019s even easier now, but the goal is harder, so we will try to win there as well. It\u2019s not necessarily me, we have a few other competitors who could suit this goal, especially Jhonathan Narvaez.<\/p>\n<p>\u201cAccording to the information we have, it\u2019ll be a European Championship for \u2018climbers\u2019 this year, so I will probably be there. It is similar to one of the spring races that Juan Ayuso won this year. But this European Championship probably means that I will not be able to go to any other Italian Classics except Lombardia.\u201d<\/p>\n<p>With just a handful of one-day races left before the season wraps up, Poga\u010dar intends to make the most of his form \u2014 and, in his own words, enjoy the moment.<\/p>\n","protected":false},"excerpt":{"rendered":"<p>Tadej Poga\u010dar has outlined his programme for the closing months of the 2025 season, revealing that he intends to ride [&hellip;]<\/p>\n","protected":false},"author":99,"featured_media":196781,"comment_status":"closed","ping_status":"open","sticky":false,"template":"","format":"standard","meta":{"footnotes":""},"categories":[329],"tags":[],"global-categories":[3366],"class_list":["post-199324","post","type-post","status-publish","format-standard","has-post-thumbnail","hentry","category-road-cycling","global-categories-cycling"],"yoast_head":"<!-- This site is optimized with the Yoast SEO Premium plugin v25.3 (Yoast SEO v25.9) - https:\/\/yoast.com\/wordpress\/plugins\/seo\/ -->\n<title>Poga\u010dar Counts Down to Retirement And Targets European Championships<\/title>\n<meta name=\"description\" content=\"Tadej Poga\u010dar has outlined his programme for the closing months of the 2025 season, revealing that he intends to ride the hilly European Championships and\" \/>\n<meta name=\"robots\" content=\"index, follow, max-snippet:-1, max-image-preview:large, max-video-preview:-1\" \/>\n<link rel=\"canonical\" href=\"https:\/\/www.welovecycling.com\/wide\/2025\/08\/11\/i-have-to-enjoy-the-moment-pogacar-targets-hilly-european-championships-while-counting-down-to-retirement\/\" \/>\n<meta property=\"og:locale\" content=\"en_US\" \/>\n<meta property=\"og:type\" content=\"article\" \/>\n<meta property=\"og:title\" content=\"&quot;I have to enjoy the moment:&quot; Poga\u010dar Targets Hilly European Championships While Counting Down to Retirement\" \/>\n<meta property=\"og:description\" content=\"Tadej Poga\u010dar has outlined his programme for the closing months of the 2025 season, revealing that he intends to ride the hilly European Championships and\" \/>\n<meta property=\"og:url\" content=\"https:\/\/www.welovecycling.com\/wide\/2025\/08\/11\/i-have-to-enjoy-the-moment-pogacar-targets-hilly-european-championships-while-counting-down-to-retirement\/\" \/>\n<meta property=\"og:site_name\" content=\"\u0160koda We Love Cycling\" \/>\n<meta property=\"article:published_time\" content=\"2025-08-11T07:17:47+00:00\" \/>\n<meta property=\"og:image\" content=\"https:\/\/d2p6e6u75xmxt8.cloudfront.net\/2\/2024\/09\/Tadej-Pogacar-profimedia-0892827143-CVR.webp\" \/>\n\t<meta property=\"og:image:width\" content=\"990\" \/>\n\t<meta property=\"og:image:height\" content=\"660\" \/>\n\t<meta property=\"og:image:type\" content=\"image\/webp\" \/>\n<meta name=\"author\" content=\"tereza\" \/>\n<meta name=\"twitter:card\" content=\"summary_large_image\" \/>\n<meta name=\"twitter:label1\" content=\"Written by\" \/>\n\t<meta name=\"twitter:data1\" content=\"Monica Buck\" \/>\n\t<meta name=\"twitter:label2\" content=\"Est. reading time\" \/>\n\t<meta name=\"twitter:data2\" content=\"2\" \/>\n<script type=\"application\/ld+json\" class=\"yoast-schema-graph\">{\"@context\":\"https:\/\/schema.org\",\"@graph\":[{\"@type\":\"WebPage\",\"@id\":\"https:\/\/www.welovecycling.com\/wide\/2025\/08\/11\/i-have-to-enjoy-the-moment-pogacar-targets-hilly-european-championships-while-counting-down-to-retirement\/\",\"url\":\"https:\/\/www.welovecycling.com\/wide\/2025\/08\/11\/i-have-to-enjoy-the-moment-pogacar-targets-hilly-european-championships-while-counting-down-to-retirement\/\",\"name\":\"Poga\u010dar Counts Down to Retirement And Targets European Championships\",\"isPartOf\":{\"@id\":\"https:\/\/www.welovecycling.com\/wide\/#website\"},\"primaryImageOfPage\":{\"@id\":\"https:\/\/www.welovecycling.com\/wide\/2025\/08\/11\/i-have-to-enjoy-the-moment-pogacar-targets-hilly-european-championships-while-counting-down-to-retirement\/#primaryimage\"},\"image\":{\"@id\":\"https:\/\/www.welovecycling.com\/wide\/2025\/08\/11\/i-have-to-enjoy-the-moment-pogacar-targets-hilly-european-championships-while-counting-down-to-retirement\/#primaryimage\"},\"thumbnailUrl\":\"https:\/\/d2p6e6u75xmxt8.cloudfront.net\/2\/2024\/09\/Tadej-Pogacar-profimedia-0892827143-CVR.webp\",\"datePublished\":\"2025-08-11T07:17:47+00:00\",\"author\":{\"@id\":\"https:\/\/www.welovecycling.com\/wide\/#\/schema\/person\/50f01ecd18718d2333cf72e823c4f926\"},\"description\":\"Tadej Poga\u010dar has outlined his programme for the closing months of the 2025 season, revealing that he intends to ride the hilly European Championships and\",\"breadcrumb\":{\"@id\":\"https:\/\/www.welovecycling.com\/wide\/2025\/08\/11\/i-have-to-enjoy-the-moment-pogacar-targets-hilly-european-championships-while-counting-down-to-retirement\/#breadcrumb\"},\"inLanguage\":\"en-US\",\"potentialAction\":[{\"@type\":\"ReadAction\",\"target\":[\"https:\/\/www.welovecycling.com\/wide\/2025\/08\/11\/i-have-to-enjoy-the-moment-pogacar-targets-hilly-european-championships-while-counting-down-to-retirement\/\"]}]},{\"@type\":\"ImageObject\",\"inLanguage\":\"en-US\",\"@id\":\"https:\/\/www.welovecycling.com\/wide\/2025\/08\/11\/i-have-to-enjoy-the-moment-pogacar-targets-hilly-european-championships-while-counting-down-to-retirement\/#primaryimage\",\"url\":\"https:\/\/d2p6e6u75xmxt8.cloudfront.net\/2\/2024\/09\/Tadej-Pogacar-profimedia-0892827143-CVR.webp\",\"contentUrl\":\"https:\/\/d2p6e6u75xmxt8.cloudfront.net\/2\/2024\/09\/Tadej-Pogacar-profimedia-0892827143-CVR.webp\",\"width\":990,\"height\":660,\"caption\":\"Tadej Poga\u010dar\"},{\"@type\":\"BreadcrumbList\",\"@id\":\"https:\/\/www.welovecycling.com\/wide\/2025\/08\/11\/i-have-to-enjoy-the-moment-pogacar-targets-hilly-european-championships-while-counting-down-to-retirement\/#breadcrumb\",\"itemListElement\":[{\"@type\":\"ListItem\",\"position\":1,\"name\":\"Home\",\"item\":\"https:\/\/www.welovecycling.com\/wide\/\"},{\"@type\":\"ListItem\",\"position\":2,\"name\":\"&#8220;I have to enjoy the moment:&#8221; Poga\u010dar Targets Hilly European Championships While Counting Down to Retirement\"}]},{\"@type\":\"WebSite\",\"@id\":\"https:\/\/www.welovecycling.com\/wide\/#website\",\"url\":\"https:\/\/www.welovecycling.com\/wide\/\",\"name\":\"\u0160koda We Love Cycling\",\"description\":\"\u0160koda We Love Cycling magazine\",\"alternateName\":\"\u0160koda WLC\",\"potentialAction\":[{\"@type\":\"SearchAction\",\"target\":{\"@type\":\"EntryPoint\",\"urlTemplate\":\"https:\/\/www.welovecycling.com\/wide\/?s={search_term_string}\"},\"query-input\":{\"@type\":\"PropertyValueSpecification\",\"valueRequired\":true,\"valueName\":\"search_term_string\"}}],\"inLanguage\":\"en-US\"},{\"@type\":\"Person\",\"@id\":\"https:\/\/www.welovecycling.com\/wide\/#\/schema\/person\/50f01ecd18718d2333cf72e823c4f926\",\"name\":\"tereza\",\"image\":{\"@type\":\"ImageObject\",\"inLanguage\":\"en-US\",\"@id\":\"https:\/\/www.welovecycling.com\/wide\/#\/schema\/person\/image\/\",\"url\":\"https:\/\/secure.gravatar.com\/avatar\/1f9eb71be33845f0afabce3791bc1c58ecdb0a25c62964987e5dbcf7a20d2ec7?s=96&d=mm&r=g\",\"contentUrl\":\"https:\/\/secure.gravatar.com\/avatar\/1f9eb71be33845f0afabce3791bc1c58ecdb0a25c62964987e5dbcf7a20d2ec7?s=96&d=mm&r=g\",\"caption\":\"tereza\"},\"url\":\"https:\/\/www.welovecycling.com\/wide\/author\/tereza\/\"}]}<\/script>\n<!-- \/ Yoast SEO Premium plugin. -->","yoast_head_json":{"title":"Poga\u010dar Counts Down to Retirement And Targets European Championships","description":"Tadej Poga\u010dar has outlined his programme for the closing months of the 2025 season, revealing that he intends to ride the hilly European Championships and","robots":{"index":"index","follow":"follow","max-snippet":"max-snippet:-1","max-image-preview":"max-image-preview:large","max-video-preview":"max-video-preview:-1"},"canonical":"https:\/\/www.welovecycling.com\/wide\/2025\/08\/11\/i-have-to-enjoy-the-moment-pogacar-targets-hilly-european-championships-while-counting-down-to-retirement\/","og_locale":"en_US","og_type":"article","og_title":"\"I have to enjoy the moment:\" Poga\u010dar Targets Hilly European Championships While Counting Down to Retirement","og_description":"Tadej Poga\u010dar has outlined his programme for the closing months of the 2025 season, revealing that he intends to ride the hilly European Championships and","og_url":"https:\/\/www.welovecycling.com\/wide\/2025\/08\/11\/i-have-to-enjoy-the-moment-pogacar-targets-hilly-european-championships-while-counting-down-to-retirement\/","og_site_name":"\u0160koda We Love Cycling","article_published_time":"2025-08-11T07:17:47+00:00","og_image":[{"width":990,"height":660,"url":"https:\/\/d2p6e6u75xmxt8.cloudfront.net\/2\/2024\/09\/Tadej-Pogacar-profimedia-0892827143-CVR.webp","type":"image\/webp"}],"author":"tereza","twitter_card":"summary_large_image","twitter_misc":{"Written by":"Monica Buck","Est. reading time":"2"},"schema":{"@context":"https:\/\/schema.org","@graph":[{"@type":"WebPage","@id":"https:\/\/www.welovecycling.com\/wide\/2025\/08\/11\/i-have-to-enjoy-the-moment-pogacar-targets-hilly-european-championships-while-counting-down-to-retirement\/","url":"https:\/\/www.welovecycling.com\/wide\/2025\/08\/11\/i-have-to-enjoy-the-moment-pogacar-targets-hilly-european-championships-while-counting-down-to-retirement\/","name":"Poga\u010dar Counts Down to Retirement And Targets European Championships","isPartOf":{"@id":"https:\/\/www.welovecycling.com\/wide\/#website"},"primaryImageOfPage":{"@id":"https:\/\/www.welovecycling.com\/wide\/2025\/08\/11\/i-have-to-enjoy-the-moment-pogacar-targets-hilly-european-championships-while-counting-down-to-retirement\/#primaryimage"},"image":{"@id":"https:\/\/www.welovecycling.com\/wide\/2025\/08\/11\/i-have-to-enjoy-the-moment-pogacar-targets-hilly-european-championships-while-counting-down-to-retirement\/#primaryimage"},"thumbnailUrl":"https:\/\/d2p6e6u75xmxt8.cloudfront.net\/2\/2024\/09\/Tadej-Pogacar-profimedia-0892827143-CVR.webp","datePublished":"2025-08-11T07:17:47+00:00","author":{"@id":"https:\/\/www.welovecycling.com\/wide\/#\/schema\/person\/50f01ecd18718d2333cf72e823c4f926"},"description":"Tadej Poga\u010dar has outlined his programme for the closing months of the 2025 season, revealing that he intends to ride the hilly European Championships and","breadcrumb":{"@id":"https:\/\/www.welovecycling.com\/wide\/2025\/08\/11\/i-have-to-enjoy-the-moment-pogacar-targets-hilly-european-championships-while-counting-down-to-retirement\/#breadcrumb"},"inLanguage":"en-US","potentialAction":[{"@type":"ReadAction","target":["https:\/\/www.welovecycling.com\/wide\/2025\/08\/11\/i-have-to-enjoy-the-moment-pogacar-targets-hilly-european-championships-while-counting-down-to-retirement\/"]}]},{"@type":"ImageObject","inLanguage":"en-US","@id":"https:\/\/www.welovecycling.com\/wide\/2025\/08\/11\/i-have-to-enjoy-the-moment-pogacar-targets-hilly-european-championships-while-counting-down-to-retirement\/#primaryimage","url":"https:\/\/d2p6e6u75xmxt8.cloudfront.net\/2\/2024\/09\/Tadej-Pogacar-profimedia-0892827143-CVR.webp","contentUrl":"https:\/\/d2p6e6u75xmxt8.cloudfront.net\/2\/2024\/09\/Tadej-Pogacar-profimedia-0892827143-CVR.webp","width":990,"height":660,"caption":"Tadej Poga\u010dar"},{"@type":"BreadcrumbList","@id":"https:\/\/www.welovecycling.com\/wide\/2025\/08\/11\/i-have-to-enjoy-the-moment-pogacar-targets-hilly-european-championships-while-counting-down-to-retirement\/#breadcrumb","itemListElement":[{"@type":"ListItem","position":1,"name":"Home","item":"https:\/\/www.welovecycling.com\/wide\/"},{"@type":"ListItem","position":2,"name":"&#8220;I have to enjoy the moment:&#8221; Poga\u010dar Targets Hilly European Championships While Counting Down to Retirement"}]},{"@type":"WebSite","@id":"https:\/\/www.welovecycling.com\/wide\/#website","url":"https:\/\/www.welovecycling.com\/wide\/","name":"\u0160koda We Love Cycling","description":"\u0160koda We Love Cycling magazine","alternateName":"\u0160koda WLC","potentialAction":[{"@type":"SearchAction","target":{"@type":"EntryPoint","urlTemplate":"https:\/\/www.welovecycling.com\/wide\/?s={search_term_string}"},"query-input":{"@type":"PropertyValueSpecification","valueRequired":true,"valueName":"search_term_string"}}],"inLanguage":"en-US"},{"@type":"Person","@id":"https:\/\/www.welovecycling.com\/wide\/#\/schema\/person\/50f01ecd18718d2333cf72e823c4f926","name":"tereza","image":{"@type":"ImageObject","inLanguage":"en-US","@id":"https:\/\/www.welovecycling.com\/wide\/#\/schema\/person\/image\/","url":"https:\/\/secure.gravatar.com\/avatar\/1f9eb71be33845f0afabce3791bc1c58ecdb0a25c62964987e5dbcf7a20d2ec7?s=96&d=mm&r=g","contentUrl":"https:\/\/secure.gravatar.com\/avatar\/1f9eb71be33845f0afabce3791bc1c58ecdb0a25c62964987e5dbcf7a20d2ec7?s=96&d=mm&r=g","caption":"tereza"},"url":"https:\/\/www.welovecycling.com\/wide\/author\/tereza\/"}]}},"_links":{"self":[{"href":"https:\/\/www.welovecycling.com\/wide\/wp-json\/wp\/v2\/posts\/199324","targetHints":{"allow":["GET"]}}],"collection":[{"href":"https:\/\/www.welovecycling.com\/wide\/wp-json\/wp\/v2\/posts"}],"about":[{"href":"https:\/\/www.welovecycling.com\/wide\/wp-json\/wp\/v2\/types\/post"}],"author":[{"embeddable":true,"href":"https:\/\/www.welovecycling.com\/wide\/wp-json\/wp\/v2\/users\/99"}],"replies":[{"embeddable":true,"href":"https:\/\/www.welovecycling.com\/wide\/wp-json\/wp\/v2\/comments?post=199324"}],"version-history":[{"count":2,"href":"https:\/\/www.welovecycling.com\/wide\/wp-json\/wp\/v2\/posts\/199324\/revisions"}],"predecessor-version":[{"id":199327,"href":"https:\/\/www.welovecycling.com\/wide\/wp-json\/wp\/v2\/posts\/199324\/revisions\/199327"}],"wp:featuredmedia":[{"embeddable":true,"href":"https:\/\/www.welovecycling.com\/wide\/wp-json\/wp\/v2\/media\/196781"}],"wp:attachment":[{"href":"https:\/\/www.welovecycling.com\/wide\/wp-json\/wp\/v2\/media?parent=199324"}],"wp:term":[{"taxonomy":"category","embeddable":true,"href":"https:\/\/www.welovecycling.com\/wide\/wp-json\/wp\/v2\/categories?post=199324"},{"taxonomy":"post_tag","embeddable":true,"href":"https:\/\/www.welovecycling.com\/wide\/wp-json\/wp\/v2\/tags?post=199324"},{"taxonomy":"global-categories","embeddable":true,"href":"https:\/\/www.welovecycling.com\/wide\/wp-json\/wp\/v2\/global-categories?post=199324"}],"curies":[{"name":"wp","href":"https:\/\/api.w.org\/{rel}","templated":true}]}}