{"id":199283,"date":"2025-08-06T14:57:17","date_gmt":"2025-08-06T14:57:17","guid":{"rendered":"https:\/\/www.welovecycling.com\/wide\/?p=199283"},"modified":"2025-08-06T14:57:17","modified_gmt":"2025-08-06T14:57:17","slug":"confirmed-evenepoel-to-leave-soudal-quick-step-for-red-bull-bora-hansgrohe-in-2026","status":"publish","type":"post","link":"https:\/\/www.welovecycling.com\/wide\/2025\/08\/06\/confirmed-evenepoel-to-leave-soudal-quick-step-for-red-bull-bora-hansgrohe-in-2026\/","title":{"rendered":"Confirmed: Evenepoel to Leave Soudal Quick-Step for Red Bull\u2013BORA\u2013hansgrohe in 2026"},"content":{"rendered":"<p><strong>The other shoe has finally dropped. After more than a year of rumours, false reports and denials, Remco Evenepoel will indeed leave Soudal Quick-Step for the nouveaux-riche team Red Bull\u2013BORA\u2013hansgrohe at the beginning of 2026.<\/strong><\/p>\n<p><!--more--><\/p>\n<p>In a<a href=\"https:\/\/www.soudal-quickstepteam.com\/en\/news\/7147\/a-statement-remco-evenepoel\"> statement<\/a> published on its website, Soudal said, \u201cRepresentatives of Remco informed the team\u2019s management that he did not wish to discuss an extension of his current agreement, which expires at the end of 2026. After taking some time to consult with our sponsors and partners, the team\u2019s ownership and management have decided that it is in the best interest of everyone to agree that Remco can move at the end of the current 2025 season.\u201d<\/p>\n<p>The statement went on to declare: \u201cWe strongly believe in the team spirit that earned us the title of the Wolfpack and we will continue to strive to be a collective that is stronger than any one individual.\u201d<\/p>\n<p>For its part, Red Bull said in a statement, \u201cA new chapter begins for one of the most defining riders of his generation: Remco Evenepoel will wear the Red\u00a0Bull\u2013BORA\u2013hansgrohe jersey from the upcoming season onward.\u201d<\/p>\n<p>Team CEO Ralph Denk was quoted as saying, \u201cRemco stands for ambition. He doesn\u2019t just want to ride \u2013 he wants to shape cycling. He brings not only exceptional athletic talent but also a remarkable mindset. His determination, professionalism, and relentless drive to succeed are truly inspiring.\u201d<\/p>\n<p>No other details were released about the transfer, which comes with one year left on Evenepoel\u2019s contract with Soudal. The UCI Arbitral Board will now carry out a review of the premature contract termination, and Red Bull\u2013BORA\u2013hansgrohe will have to pay minimum compensation to Soudal Quick-Step of <em>at least<\/em> six months of Evenepoel\u2019s salary. According to <a href=\"https:\/\/www.domestiquecycling.com\/en\/top-10-highest-paid-professional-cyclists-in-2025\/\">domestiquecycling.com,<\/a> the world and Olympic time trial champion earns \u20ac5 million a year, so the move will cost Red Bull at least \u20ac2.5. But probably quite a bit more.<\/p>\n<p>After so much talk and whispering, the announcement of the transfer was something of an anti-climax. Evenepoel made no secret of his desire for Soudal to bring in more super-domestiques to help him win the Tour de France. The team did bring in Mikel Landa and, this year, Valentin Paret-Peintre. But Landa was seriously injured in the Giro d\u2019Italia and will probably be out for the rest of the year, Jai Hindley crashed out early, and Evenepoel came into this year\u2019s Tour far from his best and eventually dropped out. But his time trial win was one of four Soudal stage wins in the Tour, with Paret-Peintre taking a famous victory on Mont Ventoux.<\/p>\n<p>Evenepoel will be joining a team loaded with lots of money and ambition. It will give him whatever he wants \u2013 and he wants to win the Tour \u2013 so look for lots of signings of accomplished Grand Tour domestiques before the end of the year. It already has the <a href=\"https:\/\/www.welovecycling.com\/wide\/2022\/05\/30\/jai-hindley-wins-the-2022-giro-ditalia-and-other-cool-news-from-the-world-of-cycling\/\" target=\"_blank\" rel=\"noopener\">2022 Giro d\u2019Italia winner Hindley<\/a> and Aleksandr Vlasov, but they will not be enough to beat UAE Team Emirates or Visma\u2013Lease a Bike on the mountains. Frankly, I don\u2019t think anyone they will sign will be enough, because a Grand Tour always comes down to a mano a mano, and Evenepoel is not and, I believe, will never be able to beat Tadej Poga\u010dar or Jonas Vingegaard on the big mountains.<\/p>\n<p>But what about Primo\u017e Rogli\u010d, whom Red Bull signed in 2024 to win the Tour? He crashed out in his first year with the team and finished eighth this year. It\u2019s highly unlikely that he will want to ride as a domestique for Evenepoel, nor should he. His contract expires on December 31, and there is already a lot of speculation about his future plans. He will turn 36 in October, and his dream of winning the Tour is now definitively over; that was evident from the manner he rode the race this year. I\u2019m guessing that he will retire.<\/p>\n<p>And what about the young German star Florian Lipowitz, who finished a very impressive third in the Tour de France this year? Will he want to return to his former role as domestique for the team\u2019s new GC leader, a leader who never finished better than third in the Tour himself? Lipowitz\u2019s contract also expires at the end of this year, but the German team will be very reluctant to see the most successful German rider in nearly 30 years leave. Perhaps they will offer Lipowitz the chance to win the Giro d\u2019Italia and\/or the Vuelta a Espa\u00f1a.<\/p>\n<p>Soudal Quick-Step will presumably cease trying to win Grand Tours and return to its highly successful strategy of winning stages and green jerseys, a strategy devised by former team boss <a href=\"https:\/\/www.google.com\/search?sca_esv=38b8b35f2fe0540c&amp;cs=0&amp;sxsrf=AE3TifMfNpGkH7NN3SB6eyPvken_ldKFUw%3A1754462903751&amp;q=Patrick+Lefevere&amp;sa=X&amp;ved=2ahUKEwio_fPQy_WOAxU7hf0HHfl8GW0QxccNegQIAhAB&amp;mstk=AUtExfD8jiiVrbb6DMN0ivWfFHPFawX61W7k9PNeh0VL0PakV9V9norT-88ocszbz240jaY-2g2H0CyhvFhRgsDuFTrWnwIYv360zr09cX7MIqeEl7OoHlX3n-oY150Xi9TjiD-z_54J6vd_gaB40J2kZUJ1GKepMpaBxw1cgkK60NzDsyw_2xa21X8MI4kO7C-msvfJUzKiSSNhMdmOJQLGNSSYrMbZFz6W3tvxkuMq7rR6CCYjKbWiTZpQsOgQ5wLXJPf8kDldZX3CbgZRy7LVnm3a&amp;csui=3\">Patrick Lefevere<\/a>, who retired at the beginning of this year. This year, Soudal Quick-Step became the first professional cycling team to notch 1,000 victories. They have already taken a big step in that direction by signing Milan\u2013San Remo winner Jasper Stuyven from Lidl-Trek and Edward Planckaert from Alpecin-Deceuninck. I think they will do very well despite Evenepoel\u2019s departure. Call it a win-lose result for the team.<\/p>\n<p>The big question is whether Remco will achieve his Tour de France dream with his new team. Time will tell, but it\u2019s sure to be dramatic.<\/p>\n","protected":false},"excerpt":{"rendered":"<p>The other shoe has finally dropped. After more than a year of rumours, false reports and denials, Remco Evenepoel will [&hellip;]<\/p>\n","protected":false},"author":99,"featured_media":194778,"comment_status":"closed","ping_status":"open","sticky":false,"template":"","format":"standard","meta":{"footnotes":""},"categories":[329],"tags":[1221,7959,3544,7148],"global-categories":[3366],"class_list":["post-199283","post","type-post","status-publish","format-standard","has-post-thumbnail","hentry","category-road-cycling","tag-primoz-roglic","tag-red-bull-bora-hansgrohe","tag-remco-evenepoel","tag-soudal-quick-step","global-categories-cycling"],"yoast_head":"<!-- This site is optimized with the Yoast SEO Premium plugin v25.3 (Yoast SEO v25.9) - https:\/\/yoast.com\/wordpress\/plugins\/seo\/ -->\n<title>Confirmed: Evenepoel to Leave Soudal Quick-Step for Red Bull\u2013BORA\u2013hansgrohe in 2026 - \u0160koda We Love Cycling<\/title>\n<meta name=\"description\" content=\"The other shoe has finally dropped. After more than a year of rumours, false reports and denials, Remco Evenepoel will indeed leave Soudal Quick-Step for\" \/>\n<meta name=\"robots\" content=\"index, follow, max-snippet:-1, max-image-preview:large, max-video-preview:-1\" \/>\n<link rel=\"canonical\" href=\"https:\/\/www.welovecycling.com\/wide\/2025\/08\/06\/confirmed-evenepoel-to-leave-soudal-quick-step-for-red-bull-bora-hansgrohe-in-2026\/\" \/>\n<meta property=\"og:locale\" content=\"en_US\" \/>\n<meta property=\"og:type\" content=\"article\" \/>\n<meta property=\"og:title\" content=\"Confirmed: Evenepoel to Leave Soudal Quick-Step for Red Bull\u2013BORA\u2013hansgrohe in 2026\" \/>\n<meta property=\"og:description\" content=\"The other shoe has finally dropped. After more than a year of rumours, false reports and denials, Remco Evenepoel will indeed leave Soudal Quick-Step for\" \/>\n<meta property=\"og:url\" content=\"https:\/\/www.welovecycling.com\/wide\/2025\/08\/06\/confirmed-evenepoel-to-leave-soudal-quick-step-for-red-bull-bora-hansgrohe-in-2026\/\" \/>\n<meta property=\"og:site_name\" content=\"\u0160koda We Love Cycling\" \/>\n<meta property=\"article:published_time\" content=\"2025-08-06T14:57:17+00:00\" \/>\n<meta property=\"og:image\" content=\"https:\/\/d2p6e6u75xmxt8.cloudfront.net\/2\/2024\/01\/Remco-Evenepoel-profimedia-0811719410-CVR.webp\" \/>\n\t<meta property=\"og:image:width\" content=\"990\" \/>\n\t<meta property=\"og:image:height\" content=\"660\" \/>\n\t<meta property=\"og:image:type\" content=\"image\/webp\" \/>\n<meta name=\"author\" content=\"tereza\" \/>\n<meta name=\"twitter:card\" content=\"summary_large_image\" \/>\n<meta name=\"twitter:label1\" content=\"Written by\" \/>\n\t<meta name=\"twitter:data1\" content=\"Siegfried Mortkowitz\" \/>\n\t<meta name=\"twitter:label2\" content=\"Est. reading time\" \/>\n\t<meta name=\"twitter:data2\" content=\"2\" \/>\n<script type=\"application\/ld+json\" class=\"yoast-schema-graph\">{\"@context\":\"https:\/\/schema.org\",\"@graph\":[{\"@type\":\"WebPage\",\"@id\":\"https:\/\/www.welovecycling.com\/wide\/2025\/08\/06\/confirmed-evenepoel-to-leave-soudal-quick-step-for-red-bull-bora-hansgrohe-in-2026\/\",\"url\":\"https:\/\/www.welovecycling.com\/wide\/2025\/08\/06\/confirmed-evenepoel-to-leave-soudal-quick-step-for-red-bull-bora-hansgrohe-in-2026\/\",\"name\":\"Confirmed: Evenepoel to Leave Soudal Quick-Step for Red Bull\u2013BORA\u2013hansgrohe in 2026 - \u0160koda We Love Cycling\",\"isPartOf\":{\"@id\":\"https:\/\/www.welovecycling.com\/wide\/#website\"},\"primaryImageOfPage\":{\"@id\":\"https:\/\/www.welovecycling.com\/wide\/2025\/08\/06\/confirmed-evenepoel-to-leave-soudal-quick-step-for-red-bull-bora-hansgrohe-in-2026\/#primaryimage\"},\"image\":{\"@id\":\"https:\/\/www.welovecycling.com\/wide\/2025\/08\/06\/confirmed-evenepoel-to-leave-soudal-quick-step-for-red-bull-bora-hansgrohe-in-2026\/#primaryimage\"},\"thumbnailUrl\":\"https:\/\/d2p6e6u75xmxt8.cloudfront.net\/2\/2024\/01\/Remco-Evenepoel-profimedia-0811719410-CVR.webp\",\"datePublished\":\"2025-08-06T14:57:17+00:00\",\"author\":{\"@id\":\"https:\/\/www.welovecycling.com\/wide\/#\/schema\/person\/50f01ecd18718d2333cf72e823c4f926\"},\"description\":\"The other shoe has finally dropped. After more than a year of rumours, false reports and denials, Remco Evenepoel will indeed leave Soudal Quick-Step for\",\"breadcrumb\":{\"@id\":\"https:\/\/www.welovecycling.com\/wide\/2025\/08\/06\/confirmed-evenepoel-to-leave-soudal-quick-step-for-red-bull-bora-hansgrohe-in-2026\/#breadcrumb\"},\"inLanguage\":\"en-US\",\"potentialAction\":[{\"@type\":\"ReadAction\",\"target\":[\"https:\/\/www.welovecycling.com\/wide\/2025\/08\/06\/confirmed-evenepoel-to-leave-soudal-quick-step-for-red-bull-bora-hansgrohe-in-2026\/\"]}]},{\"@type\":\"ImageObject\",\"inLanguage\":\"en-US\",\"@id\":\"https:\/\/www.welovecycling.com\/wide\/2025\/08\/06\/confirmed-evenepoel-to-leave-soudal-quick-step-for-red-bull-bora-hansgrohe-in-2026\/#primaryimage\",\"url\":\"https:\/\/d2p6e6u75xmxt8.cloudfront.net\/2\/2024\/01\/Remco-Evenepoel-profimedia-0811719410-CVR.webp\",\"contentUrl\":\"https:\/\/d2p6e6u75xmxt8.cloudfront.net\/2\/2024\/01\/Remco-Evenepoel-profimedia-0811719410-CVR.webp\",\"width\":990,\"height\":660,\"caption\":\"Remco Evenepoel\"},{\"@type\":\"BreadcrumbList\",\"@id\":\"https:\/\/www.welovecycling.com\/wide\/2025\/08\/06\/confirmed-evenepoel-to-leave-soudal-quick-step-for-red-bull-bora-hansgrohe-in-2026\/#breadcrumb\",\"itemListElement\":[{\"@type\":\"ListItem\",\"position\":1,\"name\":\"Home\",\"item\":\"https:\/\/www.welovecycling.com\/wide\/\"},{\"@type\":\"ListItem\",\"position\":2,\"name\":\"Confirmed: Evenepoel to Leave Soudal Quick-Step for Red Bull\u2013BORA\u2013hansgrohe in 2026\"}]},{\"@type\":\"WebSite\",\"@id\":\"https:\/\/www.welovecycling.com\/wide\/#website\",\"url\":\"https:\/\/www.welovecycling.com\/wide\/\",\"name\":\"\u0160koda We Love Cycling\",\"description\":\"\u0160koda We Love Cycling magazine\",\"alternateName\":\"\u0160koda WLC\",\"potentialAction\":[{\"@type\":\"SearchAction\",\"target\":{\"@type\":\"EntryPoint\",\"urlTemplate\":\"https:\/\/www.welovecycling.com\/wide\/?s={search_term_string}\"},\"query-input\":{\"@type\":\"PropertyValueSpecification\",\"valueRequired\":true,\"valueName\":\"search_term_string\"}}],\"inLanguage\":\"en-US\"},{\"@type\":\"Person\",\"@id\":\"https:\/\/www.welovecycling.com\/wide\/#\/schema\/person\/50f01ecd18718d2333cf72e823c4f926\",\"name\":\"tereza\",\"image\":{\"@type\":\"ImageObject\",\"inLanguage\":\"en-US\",\"@id\":\"https:\/\/www.welovecycling.com\/wide\/#\/schema\/person\/image\/\",\"url\":\"https:\/\/secure.gravatar.com\/avatar\/1f9eb71be33845f0afabce3791bc1c58ecdb0a25c62964987e5dbcf7a20d2ec7?s=96&d=mm&r=g\",\"contentUrl\":\"https:\/\/secure.gravatar.com\/avatar\/1f9eb71be33845f0afabce3791bc1c58ecdb0a25c62964987e5dbcf7a20d2ec7?s=96&d=mm&r=g\",\"caption\":\"tereza\"},\"url\":\"https:\/\/www.welovecycling.com\/wide\/author\/tereza\/\"}]}<\/script>\n<!-- \/ Yoast SEO Premium plugin. -->","yoast_head_json":{"title":"Confirmed: Evenepoel to Leave Soudal Quick-Step for Red Bull\u2013BORA\u2013hansgrohe in 2026 - \u0160koda We Love Cycling","description":"The other shoe has finally dropped. After more than a year of rumours, false reports and denials, Remco Evenepoel will indeed leave Soudal Quick-Step for","robots":{"index":"index","follow":"follow","max-snippet":"max-snippet:-1","max-image-preview":"max-image-preview:large","max-video-preview":"max-video-preview:-1"},"canonical":"https:\/\/www.welovecycling.com\/wide\/2025\/08\/06\/confirmed-evenepoel-to-leave-soudal-quick-step-for-red-bull-bora-hansgrohe-in-2026\/","og_locale":"en_US","og_type":"article","og_title":"Confirmed: Evenepoel to Leave Soudal Quick-Step for Red Bull\u2013BORA\u2013hansgrohe in 2026","og_description":"The other shoe has finally dropped. After more than a year of rumours, false reports and denials, Remco Evenepoel will indeed leave Soudal Quick-Step for","og_url":"https:\/\/www.welovecycling.com\/wide\/2025\/08\/06\/confirmed-evenepoel-to-leave-soudal-quick-step-for-red-bull-bora-hansgrohe-in-2026\/","og_site_name":"\u0160koda We Love Cycling","article_published_time":"2025-08-06T14:57:17+00:00","og_image":[{"width":990,"height":660,"url":"https:\/\/d2p6e6u75xmxt8.cloudfront.net\/2\/2024\/01\/Remco-Evenepoel-profimedia-0811719410-CVR.webp","type":"image\/webp"}],"author":"tereza","twitter_card":"summary_large_image","twitter_misc":{"Written by":"Siegfried Mortkowitz","Est. reading time":"2"},"schema":{"@context":"https:\/\/schema.org","@graph":[{"@type":"WebPage","@id":"https:\/\/www.welovecycling.com\/wide\/2025\/08\/06\/confirmed-evenepoel-to-leave-soudal-quick-step-for-red-bull-bora-hansgrohe-in-2026\/","url":"https:\/\/www.welovecycling.com\/wide\/2025\/08\/06\/confirmed-evenepoel-to-leave-soudal-quick-step-for-red-bull-bora-hansgrohe-in-2026\/","name":"Confirmed: Evenepoel to Leave Soudal Quick-Step for Red Bull\u2013BORA\u2013hansgrohe in 2026 - \u0160koda We Love Cycling","isPartOf":{"@id":"https:\/\/www.welovecycling.com\/wide\/#website"},"primaryImageOfPage":{"@id":"https:\/\/www.welovecycling.com\/wide\/2025\/08\/06\/confirmed-evenepoel-to-leave-soudal-quick-step-for-red-bull-bora-hansgrohe-in-2026\/#primaryimage"},"image":{"@id":"https:\/\/www.welovecycling.com\/wide\/2025\/08\/06\/confirmed-evenepoel-to-leave-soudal-quick-step-for-red-bull-bora-hansgrohe-in-2026\/#primaryimage"},"thumbnailUrl":"https:\/\/d2p6e6u75xmxt8.cloudfront.net\/2\/2024\/01\/Remco-Evenepoel-profimedia-0811719410-CVR.webp","datePublished":"2025-08-06T14:57:17+00:00","author":{"@id":"https:\/\/www.welovecycling.com\/wide\/#\/schema\/person\/50f01ecd18718d2333cf72e823c4f926"},"description":"The other shoe has finally dropped. After more than a year of rumours, false reports and denials, Remco Evenepoel will indeed leave Soudal Quick-Step for","breadcrumb":{"@id":"https:\/\/www.welovecycling.com\/wide\/2025\/08\/06\/confirmed-evenepoel-to-leave-soudal-quick-step-for-red-bull-bora-hansgrohe-in-2026\/#breadcrumb"},"inLanguage":"en-US","potentialAction":[{"@type":"ReadAction","target":["https:\/\/www.welovecycling.com\/wide\/2025\/08\/06\/confirmed-evenepoel-to-leave-soudal-quick-step-for-red-bull-bora-hansgrohe-in-2026\/"]}]},{"@type":"ImageObject","inLanguage":"en-US","@id":"https:\/\/www.welovecycling.com\/wide\/2025\/08\/06\/confirmed-evenepoel-to-leave-soudal-quick-step-for-red-bull-bora-hansgrohe-in-2026\/#primaryimage","url":"https:\/\/d2p6e6u75xmxt8.cloudfront.net\/2\/2024\/01\/Remco-Evenepoel-profimedia-0811719410-CVR.webp","contentUrl":"https:\/\/d2p6e6u75xmxt8.cloudfront.net\/2\/2024\/01\/Remco-Evenepoel-profimedia-0811719410-CVR.webp","width":990,"height":660,"caption":"Remco Evenepoel"},{"@type":"BreadcrumbList","@id":"https:\/\/www.welovecycling.com\/wide\/2025\/08\/06\/confirmed-evenepoel-to-leave-soudal-quick-step-for-red-bull-bora-hansgrohe-in-2026\/#breadcrumb","itemListElement":[{"@type":"ListItem","position":1,"name":"Home","item":"https:\/\/www.welovecycling.com\/wide\/"},{"@type":"ListItem","position":2,"name":"Confirmed: Evenepoel to Leave Soudal Quick-Step for Red Bull\u2013BORA\u2013hansgrohe in 2026"}]},{"@type":"WebSite","@id":"https:\/\/www.welovecycling.com\/wide\/#website","url":"https:\/\/www.welovecycling.com\/wide\/","name":"\u0160koda We Love Cycling","description":"\u0160koda We Love Cycling magazine","alternateName":"\u0160koda WLC","potentialAction":[{"@type":"SearchAction","target":{"@type":"EntryPoint","urlTemplate":"https:\/\/www.welovecycling.com\/wide\/?s={search_term_string}"},"query-input":{"@type":"PropertyValueSpecification","valueRequired":true,"valueName":"search_term_string"}}],"inLanguage":"en-US"},{"@type":"Person","@id":"https:\/\/www.welovecycling.com\/wide\/#\/schema\/person\/50f01ecd18718d2333cf72e823c4f926","name":"tereza","image":{"@type":"ImageObject","inLanguage":"en-US","@id":"https:\/\/www.welovecycling.com\/wide\/#\/schema\/person\/image\/","url":"https:\/\/secure.gravatar.com\/avatar\/1f9eb71be33845f0afabce3791bc1c58ecdb0a25c62964987e5dbcf7a20d2ec7?s=96&d=mm&r=g","contentUrl":"https:\/\/secure.gravatar.com\/avatar\/1f9eb71be33845f0afabce3791bc1c58ecdb0a25c62964987e5dbcf7a20d2ec7?s=96&d=mm&r=g","caption":"tereza"},"url":"https:\/\/www.welovecycling.com\/wide\/author\/tereza\/"}]}},"_links":{"self":[{"href":"https:\/\/www.welovecycling.com\/wide\/wp-json\/wp\/v2\/posts\/199283","targetHints":{"allow":["GET"]}}],"collection":[{"href":"https:\/\/www.welovecycling.com\/wide\/wp-json\/wp\/v2\/posts"}],"about":[{"href":"https:\/\/www.welovecycling.com\/wide\/wp-json\/wp\/v2\/types\/post"}],"author":[{"embeddable":true,"href":"https:\/\/www.welovecycling.com\/wide\/wp-json\/wp\/v2\/users\/99"}],"replies":[{"embeddable":true,"href":"https:\/\/www.welovecycling.com\/wide\/wp-json\/wp\/v2\/comments?post=199283"}],"version-history":[{"count":1,"href":"https:\/\/www.welovecycling.com\/wide\/wp-json\/wp\/v2\/posts\/199283\/revisions"}],"predecessor-version":[{"id":199284,"href":"https:\/\/www.welovecycling.com\/wide\/wp-json\/wp\/v2\/posts\/199283\/revisions\/199284"}],"wp:featuredmedia":[{"embeddable":true,"href":"https:\/\/www.welovecycling.com\/wide\/wp-json\/wp\/v2\/media\/194778"}],"wp:attachment":[{"href":"https:\/\/www.welovecycling.com\/wide\/wp-json\/wp\/v2\/media?parent=199283"}],"wp:term":[{"taxonomy":"category","embeddable":true,"href":"https:\/\/www.welovecycling.com\/wide\/wp-json\/wp\/v2\/categories?post=199283"},{"taxonomy":"post_tag","embeddable":true,"href":"https:\/\/www.welovecycling.com\/wide\/wp-json\/wp\/v2\/tags?post=199283"},{"taxonomy":"global-categories","embeddable":true,"href":"https:\/\/www.welovecycling.com\/wide\/wp-json\/wp\/v2\/global-categories?post=199283"}],"curies":[{"name":"wp","href":"https:\/\/api.w.org\/{rel}","templated":true}]}}