{"id":199278,"date":"2025-08-06T11:02:38","date_gmt":"2025-08-06T11:02:38","guid":{"rendered":"https:\/\/www.welovecycling.com\/wide\/?p=199278"},"modified":"2025-08-06T11:02:38","modified_gmt":"2025-08-06T11:02:38","slug":"tour-de-france-femmes-avec-zwift-2025-the-moments-that-mattered","status":"publish","type":"post","link":"https:\/\/www.welovecycling.com\/wide\/2025\/08\/06\/tour-de-france-femmes-avec-zwift-2025-the-moments-that-mattered\/","title":{"rendered":"Tour de France Femmes avec Zwift 2025: The Moments That Mattered"},"content":{"rendered":"<p><strong>The Tour de France Femmes avec Zwift 2025 wrapped up on a crisp Sunday in Ch\u00e2tel after nine days of intense racing, punishing climbs, tactical battles, and unforgettable triumphs. From the cobbled streets of Brittany to the brutal ramps of the Alps, this year\u2019s edition brought everything fans could hope for\u2014and then some.<\/strong><\/p>\n<p><!--more--><\/p>\n<p><span style=\"font-weight: 400;\">But in the end, it wasn\u2019t just about the climbs, jerseys, or even the wins. It was about what this race has come to represent: a stage where women\u2019s cycling doesn\u2019t just demand attention\u2014it commands it.<\/span><\/p>\n<p><span style=\"font-weight: 400;\">Let\u2019s look back at the pivotal moments, standout performances, and emotional highlights that made this year\u2019s TdFFaZ one for the history books.<\/span><\/p>\n<h2><strong> A Tour of Firsts: Pauline Ferrand-Pr\u00e9vot makes history<\/strong><\/h2>\n<p><span style=\"font-weight: 400;\">There\u2019s a reason they call her a once-in-a-generation athlete. Pauline Ferrand-Pr\u00e9vot, already a multiple world champion across disciplines and the reigning Olympic MTB gold medalist, delivered a performance that transcended expectation\u2014and etched her name into history.<\/span><\/p>\n<p><span style=\"font-weight: 400;\">With a commanding win on Stage 9 and two Alpine stage victories under her belt, the 33-year-old became the first Frenchwoman to win the modern Tour de France Femmes avec Zwift, ending a decades-long drought stretching back to Jeannie Longo\u2019s 1989 triumph.<\/span><\/p>\n<p><span style=\"font-weight: 400;\">What makes her victory even more poetic is the fact that she had only returned to full-time road racing in 2024. \u201cI came back for this,\u201d she said earlier in the season. And come back, she did\u2014with force, finesse, and a fiery final attack that dropped her rivals and sealed the deal.<\/span><\/p>\n<p><span style=\"font-weight: 400;\">Her Stage 9 assault on the run-in to Ch\u00e2tel, after weathering early attacks and counter-moves, was the perfect mic drop. With 6.7km to go, she simply rode away from Vollering, Niewiadoma-Phinney, and the rest of the elite GC group\u2014and never looked back.<\/span><\/p>\n<p><span style=\"font-weight: 400;\">\u201cI had goosebumps watching her ride up the final kilometres,\u201d one French fan posted on X. \u201cThis was <\/span><i><span style=\"font-weight: 400;\">her<\/span><\/i><span style=\"font-weight: 400;\"> Tour from the beginning.\u201d<\/span><\/p>\n<figure id=\"attachment_199279\" aria-describedby=\"caption-attachment-199279\" style=\"width: 990px\" class=\"wp-caption alignnone\"><a href=\"https:\/\/d2p6e6u75xmxt8.cloudfront.net\/2\/2025\/08\/Pauline-Ferrand-Prevot-Femmes-profimedia-1027389314-CVR.webp\"><img loading=\"lazy\" decoding=\"async\" class=\"wp-image-199279 size-full\" src=\"https:\/\/d2p6e6u75xmxt8.cloudfront.net\/2\/2025\/08\/Pauline-Ferrand-Prevot-Femmes-profimedia-1027389314-CVR.webp\" alt=\"Pauline Ferrand-Pr\u00e9vot\" width=\"990\" height=\"660\" srcset=\"https:\/\/d2p6e6u75xmxt8.cloudfront.net\/2\/2025\/08\/Pauline-Ferrand-Prevot-Femmes-profimedia-1027389314-CVR.webp 990w, https:\/\/d2p6e6u75xmxt8.cloudfront.net\/2\/2025\/08\/Pauline-Ferrand-Prevot-Femmes-profimedia-1027389314-CVR-300x200.webp 300w, https:\/\/d2p6e6u75xmxt8.cloudfront.net\/2\/2025\/08\/Pauline-Ferrand-Prevot-Femmes-profimedia-1027389314-CVR-768x512.webp 768w, https:\/\/d2p6e6u75xmxt8.cloudfront.net\/2\/2025\/08\/Pauline-Ferrand-Prevot-Femmes-profimedia-1027389314-CVR-400x267.webp 400w, https:\/\/d2p6e6u75xmxt8.cloudfront.net\/2\/2025\/08\/Pauline-Ferrand-Prevot-Femmes-profimedia-1027389314-CVR-272x182.webp 272w\" sizes=\"auto, (max-width: 990px) 100vw, 990px\" \/><\/a><figcaption id=\"caption-attachment-199279\" class=\"wp-caption-text\">Pauline Ferrand-Pr\u00e9vot\u2019s dominant victory in the 2025 Tour de France Femmes avec Zwift (TdFFaZ), and especially the manner in which she won \u2013 obliterating her rivals on the Col de la Madeleine and, the next day, leaving them behind again \u2013 is certain to have important repercussions for the sport of cycling. \u00a9 Profimedia<\/figcaption><\/figure>\n<h2><strong> Master class in consistency: Niewiadoma-Phinney\u2019s third straight podium<\/strong><\/h2>\n<p><span style=\"font-weight: 400;\">If there\u2019s one rider who\u2019s turned the TdFFaZ podium into her personal perch, it\u2019s Kasia Niewiadoma-Phinney.<\/span><\/p>\n<p><span style=\"font-weight: 400;\">The Polish climber finished third overall for the third straight year, this time riding under her new hyphenated name\u2014celebrating her recent marriage to fellow cyclist Taylor Phinney\u2014and continuing to show why she\u2019s one of the most respected names in the peloton.<\/span><\/p>\n<p><span style=\"font-weight: 400;\">Despite a crash just before the Joux Plane on the final stage, she remounted quickly and rode her way back to the front group. \u201cI\u2019m definitely super happy to finish on the podium,\u201d she said after Stage 9. \u201cI know that I did everything I could to prepare for the battle.\u201d<\/span><\/p>\n<p><span style=\"font-weight: 400;\">Niewiadoma-Phinney also gave some of the most thoughtful reflections on the race\u2019s growing level, noting that the demands this year were higher than ever. \u201cIf you were to push the same power that you were pushing last year, you would not even be in the top 10 here,\u201d she said. \u201cIt\u2019s a constant progress.\u201d<\/span><\/p>\n<h2><strong> Vollering holds steady\u2014but still searching for yellow<\/strong><\/h2>\n<p><span style=\"font-weight: 400;\">Coming into the Tour, Demi Vollering was a top favourite. But after a few near-misses on the early mountain stages and the power show put on by Ferrand-Pr\u00e9vot in the Alps, the Dutch rider had to settle for second place.<\/span><\/p>\n<p><span style=\"font-weight: 400;\">Still, Vollering gave fans reason to cheer. Her consistency, especially in the final stages, was remarkable\u2014placing second on Stage 9 and making the most of her opportunities even after losing time on Madeleine.<\/span><\/p>\n<p><span style=\"font-weight: 400;\">What\u2019s more, this was her first Tour with FDJ-Suez, and she praised her new teammates for the smooth transition. \u201cWe fought as a team the whole day and the whole Tour,\u201d she said. \u201cNow we need to rest and go back to the drawing board.\u201d<\/span><\/p>\n<p><span style=\"font-weight: 400;\">The yellow jersey may have eluded her again, but Vollering\u2019s hunger is clearly still alive. And if her 2025 form is any indication, she\u2019ll be back stronger next year.<\/span><\/p>\n<h2><strong> Stage 6 breakthrough: Ma\u00ebva Squiban lights up the home crowd<\/strong><\/h2>\n<p><span style=\"font-weight: 400;\">One of the most feel-good moments of the Tour came on Stage 6, when 21-year-old Frenchwoman Ma\u00ebva Squiban (UAE Team ADQ) pulled off a sensational solo win on home turf.<\/span><\/p>\n<p><span style=\"font-weight: 400;\">Riding through the mountains of Auvergne-Rh\u00f4ne-Alpes, Squiban attacked with over 25 km to go and held off the chase to claim her first WorldTour victory\u2014and become a household name in the process.<\/span><\/p>\n<p><span style=\"font-weight: 400;\">\u201cIt\u2019s a dream,\u201d she told reporters post-race, stunned by her own achievement. \u201cI can\u2019t believe it happened like this.\u201d<\/span><\/p>\n<p><span style=\"font-weight: 400;\">Her team director called it \u201cone of the most inspired rides\u201d of the Tour, and fans on the roadside\u2014many waving French flags\u2014shouted her name like she was already a champion. She would go on to contend for the polka-dot jersey, but her impact was already made.<\/span><\/p>\n<h2><strong> The final stage: A mountain epic for the ages<\/strong><\/h2>\n<p><span style=\"font-weight: 400;\">If you only watched one stage of this year\u2019s Tour, Stage 9 was it.<\/span><\/p>\n<p><span style=\"font-weight: 400;\">With three categorised climbs\u2014including the brutal Col de Joux Plane\u2014and attacks flying from kilometre zero, it was clear that no one was going to cruise to the finish.<\/span><\/p>\n<p><span style=\"font-weight: 400;\">Early on, Anna van der Breggen (yes, you read that right) went solo in a daring move reminiscent of her past classics dominance. The SD Worx-Protime legend, back racing full-time in 2025, launched an early attack and held off the peloton for nearly 30 kilometres, cresting the Joux Plane solo before being caught on the Col du Corbier.<\/span><\/p>\n<p><span style=\"font-weight: 400;\">But the real drama came behind: Sarah Gigante lost her footing on the descent, Niewiadoma-Phinney had to recover from a crash, and Vollering surged forward in pursuit of yellow.<\/span><\/p>\n<p><span style=\"font-weight: 400;\">Then came Ferrand-Pr\u00e9vot\u2019s move\u2014an explosive attack with 6.7 km remaining. Cool, confident, and perfectly timed, it was a ride worthy of a Tour champion.<\/span><\/p>\n<h2><strong>Sarah Gigante\u2019s rollercoaster ride<\/strong><\/h2>\n<p><span style=\"font-weight: 400;\">Australian sensation Sarah Gigante (AG Insurance\u2013Soudal Team) came into the final stage in second overall\u2014and left it in sixth. But that drop in the standings tells only part of the story.<\/span><\/p>\n<p><span style=\"font-weight: 400;\">Throughout the Tour, Gigante had shown her immense talent and tactical growth, including a brilliant Stage 7 where she matched Ferrand-Pr\u00e9vot and Vollering pedal stroke for pedal stroke.<\/span><\/p>\n<p><span style=\"font-weight: 400;\">But on the Joux Plane descent, she lost contact\u2014and with it, her GC podium hopes. Still, her bravery in pushing on, alone and clearly suffering, won her admiration from fans and commentators alike.<\/span><\/p>\n<p><span style=\"font-weight: 400;\">\u201cShe gave everything,\u201d said fellow Aussie Brodie Chapman. \u201cShe\u2019ll be back.\u201d<\/span><\/p>\n<h2><strong>The battle for the jerseys<\/strong><\/h2>\n<p><span style=\"font-weight: 400;\">This year\u2019s classification races were full of subplots:<\/span><\/p>\n<p><span style=\"font-weight: 400;\"><strong>\u0160koda Green Jersey (Points):<\/strong> Lorena Wiebes (SD Worx-Protime) clinched it with relentless consistency, despite fierce competition from <a href=\"https:\/\/www.welovecycling.com\/wide\/2024\/08\/20\/marianne-vos-wins-skoda-green-jersey-by-changing-her-mind\/\" target=\"_blank\" rel=\"noopener\">Marianne Vos.<\/a> Her ability to place in bunch sprints, even on hilly stages, showcased her evolution as a rider.<\/span><span style=\"font-weight: 400;\"><br \/>\n<\/span><\/p>\n<p><span style=\"font-weight: 400;\"><strong>Polka-Dot Jersey (Mountains):<\/strong> Elise Chabbey (FDJ-Suez) wore it from Stage 1 and never let go. Though she cracked on the final climbs, her early aggression and breakaway brilliance made her a deserving winner.<\/span><span style=\"font-weight: 400;\"><br \/>\n<\/span><\/p>\n<p><span style=\"font-weight: 400;\"><strong>White Jersey (Youth):<\/strong> Nienke Vinke (Picnic\u2013Post NL) stepped into the spotlight as the best young rider, holding off some of the most promising names in the sport.<\/span><span style=\"font-weight: 400;\"><br \/>\n<\/span><\/p>\n<p><span style=\"font-weight: 400;\"><strong>Team Classification:<\/strong> FDJ-Suez proved depth and cohesion, taking the overall team honours after supporting both Chabbey and Vollering throughout the Tour.<\/span><span style=\"font-weight: 400;\"><br \/>\n<\/span><\/p>\n<h2><strong> The Van der Breggen surprise<\/strong><\/h2>\n<p><span style=\"font-weight: 400;\">When <a href=\"https:\/\/www.welovecycling.com\/wide\/2021\/03\/17\/the-incredible-career-of-anna-van-der-breggen-what-is-she-up-to-after-retirement\/\" target=\"_blank\" rel=\"noopener\">Anna van der Breggen<\/a> announced her return to competition, fans were eager to know more. When she lit up the final stage with a vintage solo effort? That was full goosebumps.<\/span><\/p>\n<p><span style=\"font-weight: 400;\">While she didn\u2019t figure into the final GC, her attack\u2014on the hardest day of the race, no less\u2014was a reminder of why she\u2019s one of the all-time greats. The smile on her face as the GC group caught her on the final climb said it all: she was back where she belonged.<\/span><\/p>\n<h2><strong> More than a race<\/strong><\/h2>\n<p><span style=\"font-weight: 400;\">It\u2019s become a refrain among riders: this race is changing the game. But in 2025, that sentiment felt more true than ever.<\/span><\/p>\n<p><span style=\"font-weight: 400;\">\u201cIt\u2019s already the biggest race on the calendar,\u201d said Alice Towers of Canyon\/\/SRAM. \u201cEveryone\u2019s at altitude now. Everyone\u2019s centring their season around this one race. I don\u2019t know if that\u2019s ever happened before.\u201d<\/span><\/p>\n<p><span style=\"font-weight: 400;\">And it\u2019s not just about prestige\u2014it\u2019s about impact. Riders are now earning salaries, teams are gaining sponsorships, and more fans are tuning in around the world. From TV coverage to roadside support, the <a href=\"https:\/\/www.letourfemmes.fr\/en\">Tour de France Femmes avec Zwift<\/a> is raising the bar\u2014and the entire sport with it.<\/span><\/p>\n<h2><strong> Looking ahead<\/strong><\/h2>\n<p><span style=\"font-weight: 400;\">With the race completed and jerseys awarded, the women of the peloton now turn their attention to the rest of the season\u2014World Championships, Olympic qualification, and late-season one-day races await.<\/span><\/p>\n<p><span style=\"font-weight: 400;\">But for many, this Tour will be the defining moment of their year\u2014and their careers. For Ferrand-Pr\u00e9vot, it\u2019s a crowning achievement. For Squiban, a star-making breakthrough. For Vollering and Niewiadoma-Phinney, another podium, another reminder of their class.<\/span><\/p>\n<p><span style=\"font-weight: 400;\">And for fans, it was proof that this race isn\u2019t just living up to the hype\u2014it\u2019s surpassing it.<\/span><\/p>\n","protected":false},"excerpt":{"rendered":"<p>The Tour de France Femmes avec Zwift 2025 wrapped up on a crisp Sunday in Ch\u00e2tel after nine days of [&hellip;]<\/p>\n","protected":false},"author":99,"featured_media":199280,"comment_status":"closed","ping_status":"open","sticky":false,"template":"","format":"standard","meta":{"footnotes":""},"categories":[329],"tags":[8082,8092,2158,3771,8624,3773,8636,4037,6024,433],"global-categories":[3366],"class_list":["post-199278","post","type-post","status-publish","format-standard","has-post-thumbnail","hentry","category-road-cycling","tag-2025-tour","tag-2025-tour-de-france-femmes-avec-zwift","tag-anna-van-der-breggen","tag-demi-vollering","tag-kasia-niewiadoma-phinney","tag-lorena-wiebes","tag-maeva-squiban","tag-pauline-ferrand-prevot","tag-sarah-gigante","tag-tour-de-france","global-categories-cycling"],"yoast_head":"<!-- This site is optimized with the Yoast SEO Premium plugin v25.3 (Yoast SEO v25.9) - https:\/\/yoast.com\/wordpress\/plugins\/seo\/ -->\n<title>Tour de France Femmes avec Zwift: The Moments That Mattered<\/title>\n<meta name=\"description\" content=\"The Tour de France Femmes avec Zwift 2025 wrapped up on a crisp Sunday in Ch\u00e2tel after nine days of intense racing, punishing climbs, tactical battles,\" \/>\n<meta name=\"robots\" content=\"index, follow, max-snippet:-1, max-image-preview:large, max-video-preview:-1\" \/>\n<link rel=\"canonical\" href=\"https:\/\/www.welovecycling.com\/wide\/2025\/08\/06\/tour-de-france-femmes-avec-zwift-2025-the-moments-that-mattered\/\" \/>\n<meta property=\"og:locale\" content=\"en_US\" \/>\n<meta property=\"og:type\" content=\"article\" \/>\n<meta property=\"og:title\" content=\"Tour de France Femmes avec Zwift 2025: The Moments That Mattered\" \/>\n<meta property=\"og:description\" content=\"The Tour de France Femmes avec Zwift 2025 wrapped up on a crisp Sunday in Ch\u00e2tel after nine days of intense racing, punishing climbs, tactical battles,\" \/>\n<meta property=\"og:url\" content=\"https:\/\/www.welovecycling.com\/wide\/2025\/08\/06\/tour-de-france-femmes-avec-zwift-2025-the-moments-that-mattered\/\" \/>\n<meta property=\"og:site_name\" content=\"\u0160koda We Love Cycling\" \/>\n<meta property=\"article:published_time\" content=\"2025-08-06T11:02:38+00:00\" \/>\n<meta property=\"og:image\" content=\"https:\/\/d2p6e6u75xmxt8.cloudfront.net\/2\/2025\/08\/Ferrand-Prevot-Niewiadoma-Vollering-Femmes-Podium-profimedia-1027543974-CVR.webp\" \/>\n\t<meta property=\"og:image:width\" content=\"990\" \/>\n\t<meta property=\"og:image:height\" content=\"660\" \/>\n\t<meta property=\"og:image:type\" content=\"image\/webp\" \/>\n<meta name=\"author\" content=\"tereza\" \/>\n<meta name=\"twitter:card\" content=\"summary_large_image\" \/>\n<meta name=\"twitter:label1\" content=\"Written by\" \/>\n\t<meta name=\"twitter:data1\" content=\"Megan Flottorp\" \/>\n\t<meta name=\"twitter:label2\" content=\"Est. reading time\" \/>\n\t<meta name=\"twitter:data2\" content=\"4\" \/>\n<script type=\"application\/ld+json\" class=\"yoast-schema-graph\">{\"@context\":\"https:\/\/schema.org\",\"@graph\":[{\"@type\":\"WebPage\",\"@id\":\"https:\/\/www.welovecycling.com\/wide\/2025\/08\/06\/tour-de-france-femmes-avec-zwift-2025-the-moments-that-mattered\/\",\"url\":\"https:\/\/www.welovecycling.com\/wide\/2025\/08\/06\/tour-de-france-femmes-avec-zwift-2025-the-moments-that-mattered\/\",\"name\":\"Tour de France Femmes avec Zwift: The Moments That Mattered\",\"isPartOf\":{\"@id\":\"https:\/\/www.welovecycling.com\/wide\/#website\"},\"primaryImageOfPage\":{\"@id\":\"https:\/\/www.welovecycling.com\/wide\/2025\/08\/06\/tour-de-france-femmes-avec-zwift-2025-the-moments-that-mattered\/#primaryimage\"},\"image\":{\"@id\":\"https:\/\/www.welovecycling.com\/wide\/2025\/08\/06\/tour-de-france-femmes-avec-zwift-2025-the-moments-that-mattered\/#primaryimage\"},\"thumbnailUrl\":\"https:\/\/d2p6e6u75xmxt8.cloudfront.net\/2\/2025\/08\/Ferrand-Prevot-Niewiadoma-Vollering-Femmes-Podium-profimedia-1027543974-CVR.webp\",\"datePublished\":\"2025-08-06T11:02:38+00:00\",\"author\":{\"@id\":\"https:\/\/www.welovecycling.com\/wide\/#\/schema\/person\/50f01ecd18718d2333cf72e823c4f926\"},\"description\":\"The Tour de France Femmes avec Zwift 2025 wrapped up on a crisp Sunday in Ch\u00e2tel after nine days of intense racing, punishing climbs, tactical battles,\",\"breadcrumb\":{\"@id\":\"https:\/\/www.welovecycling.com\/wide\/2025\/08\/06\/tour-de-france-femmes-avec-zwift-2025-the-moments-that-mattered\/#breadcrumb\"},\"inLanguage\":\"en-US\",\"potentialAction\":[{\"@type\":\"ReadAction\",\"target\":[\"https:\/\/www.welovecycling.com\/wide\/2025\/08\/06\/tour-de-france-femmes-avec-zwift-2025-the-moments-that-mattered\/\"]}]},{\"@type\":\"ImageObject\",\"inLanguage\":\"en-US\",\"@id\":\"https:\/\/www.welovecycling.com\/wide\/2025\/08\/06\/tour-de-france-femmes-avec-zwift-2025-the-moments-that-mattered\/#primaryimage\",\"url\":\"https:\/\/d2p6e6u75xmxt8.cloudfront.net\/2\/2025\/08\/Ferrand-Prevot-Niewiadoma-Vollering-Femmes-Podium-profimedia-1027543974-CVR.webp\",\"contentUrl\":\"https:\/\/d2p6e6u75xmxt8.cloudfront.net\/2\/2025\/08\/Ferrand-Prevot-Niewiadoma-Vollering-Femmes-Podium-profimedia-1027543974-CVR.webp\",\"width\":990,\"height\":660,\"caption\":\"Ferrand Prevot\"},{\"@type\":\"BreadcrumbList\",\"@id\":\"https:\/\/www.welovecycling.com\/wide\/2025\/08\/06\/tour-de-france-femmes-avec-zwift-2025-the-moments-that-mattered\/#breadcrumb\",\"itemListElement\":[{\"@type\":\"ListItem\",\"position\":1,\"name\":\"Home\",\"item\":\"https:\/\/www.welovecycling.com\/wide\/\"},{\"@type\":\"ListItem\",\"position\":2,\"name\":\"Tour de France Femmes avec Zwift 2025: The Moments That Mattered\"}]},{\"@type\":\"WebSite\",\"@id\":\"https:\/\/www.welovecycling.com\/wide\/#website\",\"url\":\"https:\/\/www.welovecycling.com\/wide\/\",\"name\":\"\u0160koda We Love Cycling\",\"description\":\"\u0160koda We Love Cycling magazine\",\"alternateName\":\"\u0160koda WLC\",\"potentialAction\":[{\"@type\":\"SearchAction\",\"target\":{\"@type\":\"EntryPoint\",\"urlTemplate\":\"https:\/\/www.welovecycling.com\/wide\/?s={search_term_string}\"},\"query-input\":{\"@type\":\"PropertyValueSpecification\",\"valueRequired\":true,\"valueName\":\"search_term_string\"}}],\"inLanguage\":\"en-US\"},{\"@type\":\"Person\",\"@id\":\"https:\/\/www.welovecycling.com\/wide\/#\/schema\/person\/50f01ecd18718d2333cf72e823c4f926\",\"name\":\"tereza\",\"image\":{\"@type\":\"ImageObject\",\"inLanguage\":\"en-US\",\"@id\":\"https:\/\/www.welovecycling.com\/wide\/#\/schema\/person\/image\/\",\"url\":\"https:\/\/secure.gravatar.com\/avatar\/1f9eb71be33845f0afabce3791bc1c58ecdb0a25c62964987e5dbcf7a20d2ec7?s=96&d=mm&r=g\",\"contentUrl\":\"https:\/\/secure.gravatar.com\/avatar\/1f9eb71be33845f0afabce3791bc1c58ecdb0a25c62964987e5dbcf7a20d2ec7?s=96&d=mm&r=g\",\"caption\":\"tereza\"},\"url\":\"https:\/\/www.welovecycling.com\/wide\/author\/tereza\/\"}]}<\/script>\n<!-- \/ Yoast SEO Premium plugin. -->","yoast_head_json":{"title":"Tour de France Femmes avec Zwift: The Moments That Mattered","description":"The Tour de France Femmes avec Zwift 2025 wrapped up on a crisp Sunday in Ch\u00e2tel after nine days of intense racing, punishing climbs, tactical battles,","robots":{"index":"index","follow":"follow","max-snippet":"max-snippet:-1","max-image-preview":"max-image-preview:large","max-video-preview":"max-video-preview:-1"},"canonical":"https:\/\/www.welovecycling.com\/wide\/2025\/08\/06\/tour-de-france-femmes-avec-zwift-2025-the-moments-that-mattered\/","og_locale":"en_US","og_type":"article","og_title":"Tour de France Femmes avec Zwift 2025: The Moments That Mattered","og_description":"The Tour de France Femmes avec Zwift 2025 wrapped up on a crisp Sunday in Ch\u00e2tel after nine days of intense racing, punishing climbs, tactical battles,","og_url":"https:\/\/www.welovecycling.com\/wide\/2025\/08\/06\/tour-de-france-femmes-avec-zwift-2025-the-moments-that-mattered\/","og_site_name":"\u0160koda We Love Cycling","article_published_time":"2025-08-06T11:02:38+00:00","og_image":[{"width":990,"height":660,"url":"https:\/\/d2p6e6u75xmxt8.cloudfront.net\/2\/2025\/08\/Ferrand-Prevot-Niewiadoma-Vollering-Femmes-Podium-profimedia-1027543974-CVR.webp","type":"image\/webp"}],"author":"tereza","twitter_card":"summary_large_image","twitter_misc":{"Written by":"Megan Flottorp","Est. reading time":"4"},"schema":{"@context":"https:\/\/schema.org","@graph":[{"@type":"WebPage","@id":"https:\/\/www.welovecycling.com\/wide\/2025\/08\/06\/tour-de-france-femmes-avec-zwift-2025-the-moments-that-mattered\/","url":"https:\/\/www.welovecycling.com\/wide\/2025\/08\/06\/tour-de-france-femmes-avec-zwift-2025-the-moments-that-mattered\/","name":"Tour de France Femmes avec Zwift: The Moments That Mattered","isPartOf":{"@id":"https:\/\/www.welovecycling.com\/wide\/#website"},"primaryImageOfPage":{"@id":"https:\/\/www.welovecycling.com\/wide\/2025\/08\/06\/tour-de-france-femmes-avec-zwift-2025-the-moments-that-mattered\/#primaryimage"},"image":{"@id":"https:\/\/www.welovecycling.com\/wide\/2025\/08\/06\/tour-de-france-femmes-avec-zwift-2025-the-moments-that-mattered\/#primaryimage"},"thumbnailUrl":"https:\/\/d2p6e6u75xmxt8.cloudfront.net\/2\/2025\/08\/Ferrand-Prevot-Niewiadoma-Vollering-Femmes-Podium-profimedia-1027543974-CVR.webp","datePublished":"2025-08-06T11:02:38+00:00","author":{"@id":"https:\/\/www.welovecycling.com\/wide\/#\/schema\/person\/50f01ecd18718d2333cf72e823c4f926"},"description":"The Tour de France Femmes avec Zwift 2025 wrapped up on a crisp Sunday in Ch\u00e2tel after nine days of intense racing, punishing climbs, tactical battles,","breadcrumb":{"@id":"https:\/\/www.welovecycling.com\/wide\/2025\/08\/06\/tour-de-france-femmes-avec-zwift-2025-the-moments-that-mattered\/#breadcrumb"},"inLanguage":"en-US","potentialAction":[{"@type":"ReadAction","target":["https:\/\/www.welovecycling.com\/wide\/2025\/08\/06\/tour-de-france-femmes-avec-zwift-2025-the-moments-that-mattered\/"]}]},{"@type":"ImageObject","inLanguage":"en-US","@id":"https:\/\/www.welovecycling.com\/wide\/2025\/08\/06\/tour-de-france-femmes-avec-zwift-2025-the-moments-that-mattered\/#primaryimage","url":"https:\/\/d2p6e6u75xmxt8.cloudfront.net\/2\/2025\/08\/Ferrand-Prevot-Niewiadoma-Vollering-Femmes-Podium-profimedia-1027543974-CVR.webp","contentUrl":"https:\/\/d2p6e6u75xmxt8.cloudfront.net\/2\/2025\/08\/Ferrand-Prevot-Niewiadoma-Vollering-Femmes-Podium-profimedia-1027543974-CVR.webp","width":990,"height":660,"caption":"Ferrand Prevot"},{"@type":"BreadcrumbList","@id":"https:\/\/www.welovecycling.com\/wide\/2025\/08\/06\/tour-de-france-femmes-avec-zwift-2025-the-moments-that-mattered\/#breadcrumb","itemListElement":[{"@type":"ListItem","position":1,"name":"Home","item":"https:\/\/www.welovecycling.com\/wide\/"},{"@type":"ListItem","position":2,"name":"Tour de France Femmes avec Zwift 2025: The Moments That Mattered"}]},{"@type":"WebSite","@id":"https:\/\/www.welovecycling.com\/wide\/#website","url":"https:\/\/www.welovecycling.com\/wide\/","name":"\u0160koda We Love Cycling","description":"\u0160koda We Love Cycling magazine","alternateName":"\u0160koda WLC","potentialAction":[{"@type":"SearchAction","target":{"@type":"EntryPoint","urlTemplate":"https:\/\/www.welovecycling.com\/wide\/?s={search_term_string}"},"query-input":{"@type":"PropertyValueSpecification","valueRequired":true,"valueName":"search_term_string"}}],"inLanguage":"en-US"},{"@type":"Person","@id":"https:\/\/www.welovecycling.com\/wide\/#\/schema\/person\/50f01ecd18718d2333cf72e823c4f926","name":"tereza","image":{"@type":"ImageObject","inLanguage":"en-US","@id":"https:\/\/www.welovecycling.com\/wide\/#\/schema\/person\/image\/","url":"https:\/\/secure.gravatar.com\/avatar\/1f9eb71be33845f0afabce3791bc1c58ecdb0a25c62964987e5dbcf7a20d2ec7?s=96&d=mm&r=g","contentUrl":"https:\/\/secure.gravatar.com\/avatar\/1f9eb71be33845f0afabce3791bc1c58ecdb0a25c62964987e5dbcf7a20d2ec7?s=96&d=mm&r=g","caption":"tereza"},"url":"https:\/\/www.welovecycling.com\/wide\/author\/tereza\/"}]}},"_links":{"self":[{"href":"https:\/\/www.welovecycling.com\/wide\/wp-json\/wp\/v2\/posts\/199278","targetHints":{"allow":["GET"]}}],"collection":[{"href":"https:\/\/www.welovecycling.com\/wide\/wp-json\/wp\/v2\/posts"}],"about":[{"href":"https:\/\/www.welovecycling.com\/wide\/wp-json\/wp\/v2\/types\/post"}],"author":[{"embeddable":true,"href":"https:\/\/www.welovecycling.com\/wide\/wp-json\/wp\/v2\/users\/99"}],"replies":[{"embeddable":true,"href":"https:\/\/www.welovecycling.com\/wide\/wp-json\/wp\/v2\/comments?post=199278"}],"version-history":[{"count":1,"href":"https:\/\/www.welovecycling.com\/wide\/wp-json\/wp\/v2\/posts\/199278\/revisions"}],"predecessor-version":[{"id":199282,"href":"https:\/\/www.welovecycling.com\/wide\/wp-json\/wp\/v2\/posts\/199278\/revisions\/199282"}],"wp:featuredmedia":[{"embeddable":true,"href":"https:\/\/www.welovecycling.com\/wide\/wp-json\/wp\/v2\/media\/199280"}],"wp:attachment":[{"href":"https:\/\/www.welovecycling.com\/wide\/wp-json\/wp\/v2\/media?parent=199278"}],"wp:term":[{"taxonomy":"category","embeddable":true,"href":"https:\/\/www.welovecycling.com\/wide\/wp-json\/wp\/v2\/categories?post=199278"},{"taxonomy":"post_tag","embeddable":true,"href":"https:\/\/www.welovecycling.com\/wide\/wp-json\/wp\/v2\/tags?post=199278"},{"taxonomy":"global-categories","embeddable":true,"href":"https:\/\/www.welovecycling.com\/wide\/wp-json\/wp\/v2\/global-categories?post=199278"}],"curies":[{"name":"wp","href":"https:\/\/api.w.org\/{rel}","templated":true}]}}