{"id":199269,"date":"2025-08-05T10:39:21","date_gmt":"2025-08-05T10:39:21","guid":{"rendered":"https:\/\/www.welovecycling.com\/wide\/?p=199269"},"modified":"2025-08-05T10:39:21","modified_gmt":"2025-08-05T10:39:21","slug":"pauline-ferrand-prevots-tdffaz-performance-will-change-cycling","status":"publish","type":"post","link":"https:\/\/www.welovecycling.com\/wide\/2025\/08\/05\/pauline-ferrand-prevots-tdffaz-performance-will-change-cycling\/","title":{"rendered":"The Ferrand-Pr\u00e9vot Effect: How Her Superstar Performance Will Change Cycling"},"content":{"rendered":"<p><strong>Pauline Ferrand-Pr\u00e9vot\u2019s dominant victory in the 2025 Tour de France Femmes avec Zwift (TdFFaZ), and especially the manner in which she won \u2013 obliterating her rivals on the Col de la Madeleine and, the next day, leaving them behind again \u2013 is certain to have important repercussions for the sport of cycling.<\/strong><\/p>\n<p><!--more--><\/p>\n<p>Nowhere more than in France, for this TdFFaZ was a predominantly French success, with French riders winning four of the nine stages and three French riders finishing in the GC top 10. French cycling had waited for a Tour de France winner since 1989, and will now, hopefully, reap the benefits. You just had to see the huge crowds that accompanied Ferrand-Pr\u00e9vot on the weekend, especially on Sunday\u2019s final stage, when tens of thousands of spectators lined the roadsides waving placards bearing her name, to understand what her victory means for the country. At last, a French cyclist has dominated the nation\u2019s biggest sporting event in the manner of <a href=\"https:\/\/www.welovecycling.com\/wide\/2025\/07\/27\/pogacar-wins-tour-de-france-a-display-of-unyielding-dominance\/\" target=\"_blank\" rel=\"noopener\">Tadej Poga\u010dar.<\/a> Think of all the young French girls who watched her storm up the slopes of the Col de la Madeleine and thought, \u201cI really want to do that.\u201d<\/p>\n<p>French cycling fans haven\u2019t had a real model since Bernard Hinault won five Tours 40 years ago. They do now. French children and adolescents will ask their parents for bikes and will start riding and racing. That will have a knock-on effect on the number of amateur races for male and female junior riders, of which there is currently a scarcity. Ironically, because so much has been made of Ferrand-Pr\u00e9vot\u2019s <a href=\"https:\/\/www.msn.com\/en-us\/health\/fitness-and-exercise\/4kg-the-weight-of-a-double-standard-pauline-ferrand-pr%C3%A9vot-climbed-into-history-and-all-we-talked-about-was-her-body\/ar-AA1JU5p7?ocid=msedgdhp&amp;pc=U531&amp;cvid=7b007213c35f453391ff885c4ad48f5d&amp;ei=55\">appearance<\/a> \u2013 she was \u201ctoo skinny,\u201d it \u201cisn\u2019t healthy,\u201d she set \u201ca bad example for young girls\u201d\u00a0\u2013 which was the result of her work ethic and her single-minded push to win the TdFFaZ, I think there will be a renewed desire in France to improve training methods because more young riders will be willing, and perhaps even demanding, to put in the hard work necessary to succeed.<\/p>\n<p>\u201cIt\u2019s my job to be the best as possible,\u201d Ferrand-Pr\u00e9vot said. \u201cWe know this is an endurance sport, and to climb, you need to have [high] watts per kilogram. I made the choice. I worked hard for it.\u201d She then said that this wasn\u2019t a lifestyle choice but a controlled programme to win the biggest race in the world. \u201cI don\u2019t want to stay like this,\u201d she said. \u201cBut we also had a good plan with the team\u2019s nutritionist, and everything is in control. I didn\u2019t do anything extreme, and I still had power left after nine days of racing.\u201d<\/p>\n<blockquote class=\"instagram-media\" style=\"background: #FFF; border: 0; border-radius: 3px; box-shadow: 0 0 1px 0 rgba(0,0,0,0.5),0 1px 10px 0 rgba(0,0,0,0.15); margin: 1px; max-width: 540px; min-width: 326px; padding: 0; width: calc(100% - 2px);\" data-instgrm-captioned=\"\" data-instgrm-permalink=\"https:\/\/www.instagram.com\/reel\/DM73jeeoT8a\/?utm_source=ig_embed&amp;utm_campaign=loading\" data-instgrm-version=\"14\">\n<div style=\"padding: 16px;\">\n<p>&nbsp;<\/p>\n<div style=\"display: flex; flex-direction: row; align-items: center;\">\n<div style=\"background-color: #f4f4f4; border-radius: 50%; flex-grow: 0; height: 40px; margin-right: 14px; width: 40px;\"><\/div>\n<div style=\"display: flex; flex-direction: column; flex-grow: 1; justify-content: center;\">\n<div style=\"background-color: #f4f4f4; border-radius: 4px; flex-grow: 0; height: 14px; margin-bottom: 6px; width: 100px;\"><\/div>\n<div style=\"background-color: #f4f4f4; border-radius: 4px; flex-grow: 0; height: 14px; width: 60px;\"><\/div>\n<\/div>\n<\/div>\n<div style=\"padding: 19% 0;\"><\/div>\n<div style=\"display: block; height: 50px; margin: 0 auto 12px; width: 50px;\"><\/div>\n<div style=\"padding-top: 8px;\">\n<div style=\"color: #3897f0; font-family: Arial,sans-serif; font-size: 14px; font-style: normal; font-weight: 550; line-height: 18px;\">Zobrazit p\u0159\u00edsp\u011bvek na Instagramu<\/div>\n<\/div>\n<div style=\"padding: 12.5% 0;\"><\/div>\n<div style=\"display: flex; flex-direction: row; margin-bottom: 14px; align-items: center;\">\n<div>\n<div style=\"background-color: #f4f4f4; border-radius: 50%; height: 12.5px; width: 12.5px; transform: translateX(0px) translateY(7px);\"><\/div>\n<div style=\"background-color: #f4f4f4; height: 12.5px; transform: rotate(-45deg) translateX(3px) translateY(1px); width: 12.5px; flex-grow: 0; margin-right: 14px; margin-left: 2px;\"><\/div>\n<div style=\"background-color: #f4f4f4; border-radius: 50%; height: 12.5px; width: 12.5px; transform: translateX(9px) translateY(-18px);\"><\/div>\n<\/div>\n<div style=\"margin-left: 8px;\">\n<div style=\"background-color: #f4f4f4; border-radius: 50%; flex-grow: 0; height: 20px; width: 20px;\"><\/div>\n<div style=\"width: 0; height: 0; border-top: 2px solid transparent; border-left: 6px solid #f4f4f4; border-bottom: 2px solid transparent; transform: translateX(16px) translateY(-4px) rotate(30deg);\"><\/div>\n<\/div>\n<div style=\"margin-left: auto;\">\n<div style=\"width: 0px; border-top: 8px solid #F4F4F4; border-right: 8px solid transparent; transform: translateY(16px);\"><\/div>\n<div style=\"background-color: #f4f4f4; flex-grow: 0; height: 12px; width: 16px; transform: translateY(-4px);\"><\/div>\n<div style=\"width: 0; height: 0; border-top: 8px solid #F4F4F4; border-left: 8px solid transparent; transform: translateY(-4px) translateX(8px);\"><\/div>\n<\/div>\n<\/div>\n<div style=\"display: flex; flex-direction: column; flex-grow: 1; justify-content: center; margin-bottom: 24px;\">\n<div style=\"background-color: #f4f4f4; border-radius: 4px; flex-grow: 0; height: 14px; margin-bottom: 6px; width: 224px;\"><\/div>\n<div style=\"background-color: #f4f4f4; border-radius: 4px; flex-grow: 0; height: 14px; width: 144px;\"><\/div>\n<\/div>\n<p>&nbsp;<\/p>\n<p style=\"color: #c9c8cd; font-family: Arial,sans-serif; font-size: 14px; line-height: 17px; margin-bottom: 0; margin-top: 8px; overflow: hidden; padding: 8px 0 7px; text-align: center; text-overflow: ellipsis; white-space: nowrap;\"><a style=\"color: #c9c8cd; font-family: Arial,sans-serif; font-size: 14px; font-style: normal; font-weight: normal; line-height: 17px; text-decoration: none;\" href=\"https:\/\/www.instagram.com\/reel\/DM73jeeoT8a\/?utm_source=ig_embed&amp;utm_campaign=loading\" target=\"_blank\" rel=\"noopener\">P\u0159\u00edsp\u011bvek sd\u00edlen\u00fd \u0160koda We Love Cycling (@wlcmagazine)<\/a><\/p>\n<\/div>\n<\/blockquote>\n<p><script async src=\"\/\/www.instagram.com\/embed.js\"><\/script>It\u2019s important to remember that Ferrand-Pr\u00e9vot was not the only French rider who excited the French public. The 23-year-old Ma\u00ebva Squiban won two consecutive stages with long solos. Her style and the poise she displayed in dominating her rivals on two successive stages will have thrilled many girls and young women. In addition, Juliet Labous, C\u00e9drine Kerbaol, and \u00c9vita Muzic finished in the GC top 10. And Demi Vollering, who finished second, Kerbaol, and Muzic all ride for the French team FDJ-Suez.<\/p>\n<p>Superstars draw new fans to a sport \u2013 and new fans draw new sponsors. That\u2019s what Poga\u010dar has done for men\u2019s cycling, and that\u2019s what Ferrand-Pr\u00e9vot will bring to women\u2019s cycling. The importance of that cannot be overstated, since French teams have lost a number of talented young riders to foreign teams, such as the 20-year-old Lenny Martinez, and the French team Ark\u00e9a\u2013B&amp;B Hotels is in danger of disbanding because its main sponsors are leaving. That almost certainly means that the very talented 24-year-old K\u00e9vin Vauquelin will be snapped up by a major non-French team. Ferrand-Pr\u00e9vot and the other successful French women have put long-criticised French cycling back in the spotlight. Because of that, I expect a Frenchman to win the Tour within a decade.<\/p>\n<p>But anyone, French or not, at the race or seated in front of a television, will have been thrilled by Ferrand-Pr\u00e9vot\u2019s power, speed, and superiority. Millions around the world saw the race on TV, and millions more will watch reruns and replays of her ride up the Madeleine. (I\u2019ve watched replays of that ride three times, and it never fails to give me goosebumps.) Which means that she, with the help of her teammates and staff, has also put women\u2019s cycling in the spotlight. More money will flow, more girls will ride, and more women riders will risk becoming \u201ca bad example\u201d to win. I expect to see a significant upgrade in the performances in next year\u2019s women\u2019s Grand Tours, even bigger than what we saw this year. Even with several race favourites dropping out due to illness, injury or fatigue, this TdFFaZ was, for me, the best race of the year so far and the best women\u2019s race I\u2019ve ever seen. It will be even better next year.<\/p>\n<p>Will Ferrand-Pr\u00e9vot be back? She wouldn\u2019t say. \u201cBecause my preparation was so hard for the Tour de France, now I don\u2019t really see myself doing the same again,\u201d <a href=\"https:\/\/www.msn.com\/en-us\/foodanddrink\/recipes\/i-don-t-really-see-myself-doing-the-same-again-pauline-ferrand-pr%C3%A9vot-toasts-tour-de-france-femmes-victory-but-might-not-return-to-the-race\/ar-AA1JPXR4?ocid=msedgntp&amp;cvid=57b3823485944ffdf1867fb6f4c7b63d&amp;ei=9\">she said<\/a> after Sunday\u2019s final stage. \u201cMaybe it\u2019s just because I\u2019m tired and want to have a small break. Over these past months, dedicating myself to this has been good, it&#8217;s paid off. But it\u2019s also been really hard. That\u2019s why I couldn\u2019t do it multiple times in the year. It\u2019s so much sacrifice. Anyway, I still have two years of contract, and I still love what I\u2019m doing. It\u2019s my life.\u201d<\/p>\n<p>Ferrand-Pr\u00e9vot impressed not only with her cycling but also with her intelligence and her honesty as she talked about her feelings and her body. Nothing she said was banal or scripted, as is usually heard from male cyclists. But then no one criticises men for their physical appearance or their training methods. Let\u2019s hope her calm refutation of the inane criticism has shut up some of the troglodytes who can\u2019t resist criticising a successful woman, or any woman, on her physical appearance. She is the perfect role model for the next generation of cyclists, male or female.<\/p>\n<p>So come on, Pauline. Do it again next year. The sport needs you.<\/p>\n","protected":false},"excerpt":{"rendered":"<p>Pauline Ferrand-Pr\u00e9vot\u2019s dominant victory in the 2025 Tour de France Femmes avec Zwift (TdFFaZ), and especially the manner in which [&hellip;]<\/p>\n","protected":false},"author":99,"featured_media":199270,"comment_status":"closed","ping_status":"open","sticky":false,"template":"","format":"standard","meta":{"footnotes":""},"categories":[329],"tags":[8092,4037,433,5780],"global-categories":[3366],"class_list":["post-199269","post","type-post","status-publish","format-standard","has-post-thumbnail","hentry","category-road-cycling","tag-2025-tour-de-france-femmes-avec-zwift","tag-pauline-ferrand-prevot","tag-tour-de-france","tag-tour-de-france-femmes","global-categories-cycling"],"yoast_head":"<!-- This site is optimized with the Yoast SEO Premium plugin v25.3 (Yoast SEO v25.9) - https:\/\/yoast.com\/wordpress\/plugins\/seo\/ -->\n<title>Pauline Ferrand-Pr\u00e9vot&#039;s TdFFaZ Performance Will Change Cycling<\/title>\n<meta name=\"description\" content=\"Pauline Ferrand-Pr\u00e9vot\u2019s dominant victory in the 2025 Tour de France Femmes avec Zwift (TdFFaZ), and especially the manner in which she won \u2013 obliterating\" \/>\n<meta name=\"robots\" content=\"index, follow, max-snippet:-1, max-image-preview:large, max-video-preview:-1\" \/>\n<link rel=\"canonical\" href=\"https:\/\/www.welovecycling.com\/wide\/2025\/08\/05\/pauline-ferrand-prevots-tdffaz-performance-will-change-cycling\/\" \/>\n<meta property=\"og:locale\" content=\"en_US\" \/>\n<meta property=\"og:type\" content=\"article\" \/>\n<meta property=\"og:title\" content=\"The Ferrand-Pr\u00e9vot Effect: How Her Superstar Performance Will Change Cycling\" \/>\n<meta property=\"og:description\" content=\"Pauline Ferrand-Pr\u00e9vot\u2019s dominant victory in the 2025 Tour de France Femmes avec Zwift (TdFFaZ), and especially the manner in which she won \u2013 obliterating\" \/>\n<meta property=\"og:url\" content=\"https:\/\/www.welovecycling.com\/wide\/2025\/08\/05\/pauline-ferrand-prevots-tdffaz-performance-will-change-cycling\/\" \/>\n<meta property=\"og:site_name\" content=\"\u0160koda We Love Cycling\" \/>\n<meta property=\"article:published_time\" content=\"2025-08-05T10:39:21+00:00\" \/>\n<meta property=\"og:image\" content=\"https:\/\/d2p6e6u75xmxt8.cloudfront.net\/2\/2025\/08\/Pauline-Ferrand-Prevot-profimedia-1027541594-CVR.webp\" \/>\n\t<meta property=\"og:image:width\" content=\"990\" \/>\n\t<meta property=\"og:image:height\" content=\"660\" \/>\n\t<meta property=\"og:image:type\" content=\"image\/webp\" \/>\n<meta name=\"author\" content=\"tereza\" \/>\n<meta name=\"twitter:card\" content=\"summary_large_image\" \/>\n<meta name=\"twitter:label1\" content=\"Written by\" \/>\n\t<meta name=\"twitter:data1\" content=\"Siegfried Mortkowitz\" \/>\n\t<meta name=\"twitter:label2\" content=\"Est. reading time\" \/>\n\t<meta name=\"twitter:data2\" content=\"3\" \/>\n<script type=\"application\/ld+json\" class=\"yoast-schema-graph\">{\"@context\":\"https:\/\/schema.org\",\"@graph\":[{\"@type\":\"WebPage\",\"@id\":\"https:\/\/www.welovecycling.com\/wide\/2025\/08\/05\/pauline-ferrand-prevots-tdffaz-performance-will-change-cycling\/\",\"url\":\"https:\/\/www.welovecycling.com\/wide\/2025\/08\/05\/pauline-ferrand-prevots-tdffaz-performance-will-change-cycling\/\",\"name\":\"Pauline Ferrand-Pr\u00e9vot's TdFFaZ Performance Will Change Cycling\",\"isPartOf\":{\"@id\":\"https:\/\/www.welovecycling.com\/wide\/#website\"},\"primaryImageOfPage\":{\"@id\":\"https:\/\/www.welovecycling.com\/wide\/2025\/08\/05\/pauline-ferrand-prevots-tdffaz-performance-will-change-cycling\/#primaryimage\"},\"image\":{\"@id\":\"https:\/\/www.welovecycling.com\/wide\/2025\/08\/05\/pauline-ferrand-prevots-tdffaz-performance-will-change-cycling\/#primaryimage\"},\"thumbnailUrl\":\"https:\/\/d2p6e6u75xmxt8.cloudfront.net\/2\/2025\/08\/Pauline-Ferrand-Prevot-profimedia-1027541594-CVR.webp\",\"datePublished\":\"2025-08-05T10:39:21+00:00\",\"author\":{\"@id\":\"https:\/\/www.welovecycling.com\/wide\/#\/schema\/person\/50f01ecd18718d2333cf72e823c4f926\"},\"description\":\"Pauline Ferrand-Pr\u00e9vot\u2019s dominant victory in the 2025 Tour de France Femmes avec Zwift (TdFFaZ), and especially the manner in which she won \u2013 obliterating\",\"breadcrumb\":{\"@id\":\"https:\/\/www.welovecycling.com\/wide\/2025\/08\/05\/pauline-ferrand-prevots-tdffaz-performance-will-change-cycling\/#breadcrumb\"},\"inLanguage\":\"en-US\",\"potentialAction\":[{\"@type\":\"ReadAction\",\"target\":[\"https:\/\/www.welovecycling.com\/wide\/2025\/08\/05\/pauline-ferrand-prevots-tdffaz-performance-will-change-cycling\/\"]}]},{\"@type\":\"ImageObject\",\"inLanguage\":\"en-US\",\"@id\":\"https:\/\/www.welovecycling.com\/wide\/2025\/08\/05\/pauline-ferrand-prevots-tdffaz-performance-will-change-cycling\/#primaryimage\",\"url\":\"https:\/\/d2p6e6u75xmxt8.cloudfront.net\/2\/2025\/08\/Pauline-Ferrand-Prevot-profimedia-1027541594-CVR.webp\",\"contentUrl\":\"https:\/\/d2p6e6u75xmxt8.cloudfront.net\/2\/2025\/08\/Pauline-Ferrand-Prevot-profimedia-1027541594-CVR.webp\",\"width\":990,\"height\":660,\"caption\":\"Pauline Ferrand-Pr\u00e9vot\"},{\"@type\":\"BreadcrumbList\",\"@id\":\"https:\/\/www.welovecycling.com\/wide\/2025\/08\/05\/pauline-ferrand-prevots-tdffaz-performance-will-change-cycling\/#breadcrumb\",\"itemListElement\":[{\"@type\":\"ListItem\",\"position\":1,\"name\":\"Home\",\"item\":\"https:\/\/www.welovecycling.com\/wide\/\"},{\"@type\":\"ListItem\",\"position\":2,\"name\":\"The Ferrand-Pr\u00e9vot Effect: How Her Superstar Performance Will Change Cycling\"}]},{\"@type\":\"WebSite\",\"@id\":\"https:\/\/www.welovecycling.com\/wide\/#website\",\"url\":\"https:\/\/www.welovecycling.com\/wide\/\",\"name\":\"\u0160koda We Love Cycling\",\"description\":\"\u0160koda We Love Cycling magazine\",\"alternateName\":\"\u0160koda WLC\",\"potentialAction\":[{\"@type\":\"SearchAction\",\"target\":{\"@type\":\"EntryPoint\",\"urlTemplate\":\"https:\/\/www.welovecycling.com\/wide\/?s={search_term_string}\"},\"query-input\":{\"@type\":\"PropertyValueSpecification\",\"valueRequired\":true,\"valueName\":\"search_term_string\"}}],\"inLanguage\":\"en-US\"},{\"@type\":\"Person\",\"@id\":\"https:\/\/www.welovecycling.com\/wide\/#\/schema\/person\/50f01ecd18718d2333cf72e823c4f926\",\"name\":\"tereza\",\"image\":{\"@type\":\"ImageObject\",\"inLanguage\":\"en-US\",\"@id\":\"https:\/\/www.welovecycling.com\/wide\/#\/schema\/person\/image\/\",\"url\":\"https:\/\/secure.gravatar.com\/avatar\/1f9eb71be33845f0afabce3791bc1c58ecdb0a25c62964987e5dbcf7a20d2ec7?s=96&d=mm&r=g\",\"contentUrl\":\"https:\/\/secure.gravatar.com\/avatar\/1f9eb71be33845f0afabce3791bc1c58ecdb0a25c62964987e5dbcf7a20d2ec7?s=96&d=mm&r=g\",\"caption\":\"tereza\"},\"url\":\"https:\/\/www.welovecycling.com\/wide\/author\/tereza\/\"}]}<\/script>\n<!-- \/ Yoast SEO Premium plugin. -->","yoast_head_json":{"title":"Pauline Ferrand-Pr\u00e9vot's TdFFaZ Performance Will Change Cycling","description":"Pauline Ferrand-Pr\u00e9vot\u2019s dominant victory in the 2025 Tour de France Femmes avec Zwift (TdFFaZ), and especially the manner in which she won \u2013 obliterating","robots":{"index":"index","follow":"follow","max-snippet":"max-snippet:-1","max-image-preview":"max-image-preview:large","max-video-preview":"max-video-preview:-1"},"canonical":"https:\/\/www.welovecycling.com\/wide\/2025\/08\/05\/pauline-ferrand-prevots-tdffaz-performance-will-change-cycling\/","og_locale":"en_US","og_type":"article","og_title":"The Ferrand-Pr\u00e9vot Effect: How Her Superstar Performance Will Change Cycling","og_description":"Pauline Ferrand-Pr\u00e9vot\u2019s dominant victory in the 2025 Tour de France Femmes avec Zwift (TdFFaZ), and especially the manner in which she won \u2013 obliterating","og_url":"https:\/\/www.welovecycling.com\/wide\/2025\/08\/05\/pauline-ferrand-prevots-tdffaz-performance-will-change-cycling\/","og_site_name":"\u0160koda We Love Cycling","article_published_time":"2025-08-05T10:39:21+00:00","og_image":[{"width":990,"height":660,"url":"https:\/\/d2p6e6u75xmxt8.cloudfront.net\/2\/2025\/08\/Pauline-Ferrand-Prevot-profimedia-1027541594-CVR.webp","type":"image\/webp"}],"author":"tereza","twitter_card":"summary_large_image","twitter_misc":{"Written by":"Siegfried Mortkowitz","Est. reading time":"3"},"schema":{"@context":"https:\/\/schema.org","@graph":[{"@type":"WebPage","@id":"https:\/\/www.welovecycling.com\/wide\/2025\/08\/05\/pauline-ferrand-prevots-tdffaz-performance-will-change-cycling\/","url":"https:\/\/www.welovecycling.com\/wide\/2025\/08\/05\/pauline-ferrand-prevots-tdffaz-performance-will-change-cycling\/","name":"Pauline Ferrand-Pr\u00e9vot's TdFFaZ Performance Will Change Cycling","isPartOf":{"@id":"https:\/\/www.welovecycling.com\/wide\/#website"},"primaryImageOfPage":{"@id":"https:\/\/www.welovecycling.com\/wide\/2025\/08\/05\/pauline-ferrand-prevots-tdffaz-performance-will-change-cycling\/#primaryimage"},"image":{"@id":"https:\/\/www.welovecycling.com\/wide\/2025\/08\/05\/pauline-ferrand-prevots-tdffaz-performance-will-change-cycling\/#primaryimage"},"thumbnailUrl":"https:\/\/d2p6e6u75xmxt8.cloudfront.net\/2\/2025\/08\/Pauline-Ferrand-Prevot-profimedia-1027541594-CVR.webp","datePublished":"2025-08-05T10:39:21+00:00","author":{"@id":"https:\/\/www.welovecycling.com\/wide\/#\/schema\/person\/50f01ecd18718d2333cf72e823c4f926"},"description":"Pauline Ferrand-Pr\u00e9vot\u2019s dominant victory in the 2025 Tour de France Femmes avec Zwift (TdFFaZ), and especially the manner in which she won \u2013 obliterating","breadcrumb":{"@id":"https:\/\/www.welovecycling.com\/wide\/2025\/08\/05\/pauline-ferrand-prevots-tdffaz-performance-will-change-cycling\/#breadcrumb"},"inLanguage":"en-US","potentialAction":[{"@type":"ReadAction","target":["https:\/\/www.welovecycling.com\/wide\/2025\/08\/05\/pauline-ferrand-prevots-tdffaz-performance-will-change-cycling\/"]}]},{"@type":"ImageObject","inLanguage":"en-US","@id":"https:\/\/www.welovecycling.com\/wide\/2025\/08\/05\/pauline-ferrand-prevots-tdffaz-performance-will-change-cycling\/#primaryimage","url":"https:\/\/d2p6e6u75xmxt8.cloudfront.net\/2\/2025\/08\/Pauline-Ferrand-Prevot-profimedia-1027541594-CVR.webp","contentUrl":"https:\/\/d2p6e6u75xmxt8.cloudfront.net\/2\/2025\/08\/Pauline-Ferrand-Prevot-profimedia-1027541594-CVR.webp","width":990,"height":660,"caption":"Pauline Ferrand-Pr\u00e9vot"},{"@type":"BreadcrumbList","@id":"https:\/\/www.welovecycling.com\/wide\/2025\/08\/05\/pauline-ferrand-prevots-tdffaz-performance-will-change-cycling\/#breadcrumb","itemListElement":[{"@type":"ListItem","position":1,"name":"Home","item":"https:\/\/www.welovecycling.com\/wide\/"},{"@type":"ListItem","position":2,"name":"The Ferrand-Pr\u00e9vot Effect: How Her Superstar Performance Will Change Cycling"}]},{"@type":"WebSite","@id":"https:\/\/www.welovecycling.com\/wide\/#website","url":"https:\/\/www.welovecycling.com\/wide\/","name":"\u0160koda We Love Cycling","description":"\u0160koda We Love Cycling magazine","alternateName":"\u0160koda WLC","potentialAction":[{"@type":"SearchAction","target":{"@type":"EntryPoint","urlTemplate":"https:\/\/www.welovecycling.com\/wide\/?s={search_term_string}"},"query-input":{"@type":"PropertyValueSpecification","valueRequired":true,"valueName":"search_term_string"}}],"inLanguage":"en-US"},{"@type":"Person","@id":"https:\/\/www.welovecycling.com\/wide\/#\/schema\/person\/50f01ecd18718d2333cf72e823c4f926","name":"tereza","image":{"@type":"ImageObject","inLanguage":"en-US","@id":"https:\/\/www.welovecycling.com\/wide\/#\/schema\/person\/image\/","url":"https:\/\/secure.gravatar.com\/avatar\/1f9eb71be33845f0afabce3791bc1c58ecdb0a25c62964987e5dbcf7a20d2ec7?s=96&d=mm&r=g","contentUrl":"https:\/\/secure.gravatar.com\/avatar\/1f9eb71be33845f0afabce3791bc1c58ecdb0a25c62964987e5dbcf7a20d2ec7?s=96&d=mm&r=g","caption":"tereza"},"url":"https:\/\/www.welovecycling.com\/wide\/author\/tereza\/"}]}},"_links":{"self":[{"href":"https:\/\/www.welovecycling.com\/wide\/wp-json\/wp\/v2\/posts\/199269","targetHints":{"allow":["GET"]}}],"collection":[{"href":"https:\/\/www.welovecycling.com\/wide\/wp-json\/wp\/v2\/posts"}],"about":[{"href":"https:\/\/www.welovecycling.com\/wide\/wp-json\/wp\/v2\/types\/post"}],"author":[{"embeddable":true,"href":"https:\/\/www.welovecycling.com\/wide\/wp-json\/wp\/v2\/users\/99"}],"replies":[{"embeddable":true,"href":"https:\/\/www.welovecycling.com\/wide\/wp-json\/wp\/v2\/comments?post=199269"}],"version-history":[{"count":1,"href":"https:\/\/www.welovecycling.com\/wide\/wp-json\/wp\/v2\/posts\/199269\/revisions"}],"predecessor-version":[{"id":199271,"href":"https:\/\/www.welovecycling.com\/wide\/wp-json\/wp\/v2\/posts\/199269\/revisions\/199271"}],"wp:featuredmedia":[{"embeddable":true,"href":"https:\/\/www.welovecycling.com\/wide\/wp-json\/wp\/v2\/media\/199270"}],"wp:attachment":[{"href":"https:\/\/www.welovecycling.com\/wide\/wp-json\/wp\/v2\/media?parent=199269"}],"wp:term":[{"taxonomy":"category","embeddable":true,"href":"https:\/\/www.welovecycling.com\/wide\/wp-json\/wp\/v2\/categories?post=199269"},{"taxonomy":"post_tag","embeddable":true,"href":"https:\/\/www.welovecycling.com\/wide\/wp-json\/wp\/v2\/tags?post=199269"},{"taxonomy":"global-categories","embeddable":true,"href":"https:\/\/www.welovecycling.com\/wide\/wp-json\/wp\/v2\/global-categories?post=199269"}],"curies":[{"name":"wp","href":"https:\/\/api.w.org\/{rel}","templated":true}]}}