{"id":199258,"date":"2025-08-05T05:19:27","date_gmt":"2025-08-05T05:19:27","guid":{"rendered":"https:\/\/www.welovecycling.com\/wide\/?p=199258"},"modified":"2025-08-05T05:19:27","modified_gmt":"2025-08-05T05:19:27","slug":"the-diaphragm-your-most-underrated-core-muscle","status":"publish","type":"post","link":"https:\/\/www.welovecycling.com\/wide\/2025\/08\/05\/the-diaphragm-your-most-underrated-core-muscle\/","title":{"rendered":"The Diaphragm: Your Most Underrated Core Muscle"},"content":{"rendered":"<p><strong>Let\u2019s start with a question: when you think about your core, what muscles come to mind?<\/strong><\/p>\n<p><!--more--><\/p>\n<p><span style=\"font-weight: 400;\">If your answer is something like \u201cabs,\u201d you\u2019re in good company. Maybe you throw in the obliques, maybe the lower back. But for most cyclists, there\u2019s one crucial muscle that rarely makes the list, even though it works tirelessly every second you\u2019re alive. We\u2019re talking about the diaphragm.<\/span><\/p>\n<p><span style=\"font-weight: 400;\">Most of us know the diaphragm as the primary muscle responsible for breathing, but it plays a significantly larger role in cycling performance than it is often given credit for. From posture and power output to fatigue resistance, this humble dome-shaped muscle sits at the crossroads of some of your most essential athletic functions. And the better it works, the better you ride.<\/span><\/p>\n<h2><b>Meet your inner core<\/b><\/h2>\n<p><span style=\"font-weight: 400;\">To understand how the diaphragm fits into the bigger picture, it helps to take a step back and examine how your core actually functions. Picture a soda can. The top is your diaphragm. The bottom is your pelvic floor. The sides are your deep abdominals and multifidus (a deep spinal muscle). When all of these elements are working together, they create pressure and stability from the inside out, keeping your spine supported, your pelvis aligned, and your limbs free to move efficiently.<\/span><\/p>\n<p><span style=\"font-weight: 400;\">When that internal pressure system isn\u2019t functioning well\u2014say, from poor breathing habits or a weak diaphragm\u2014everything from posture to power transfer can start to fall apart. You might not notice it right away, but over the course of a long ride, the little things add up. A subtle shift in spinal alignment, a small energy leak from your hips, a creeping tension in your neck or traps. Eventually, it affects your form, your performance, and how long you can stay comfortable and efficient on the bike.<\/span><\/p>\n<h2><b>What breathing has to do with riding strong<\/b><\/h2>\n<p><span style=\"font-weight: 400;\">Think about a hard effort\u2014a climb, a sprint, or even a long, steady push into a headwind. Your legs are working, your heart\u2019s pounding, and your breathing is picking up. Ideally, your breath is deep and rhythmic, driven from your lower ribs and belly. But for a lot of us, breathing becomes shallow and chesty as intensity increases.<\/span><\/p>\n<p><span style=\"font-weight: 400;\">The problem with this kind of breathing is that it bypasses the diaphragm. Instead of engaging your core and stabilising your spine with each inhale, you\u2019re lifting your shoulders, tightening your neck, and recruiting accessory muscles that weren\u2019t meant to work that hard for that long. Over time, that compensation creates fatigue, not just in your upper body, but in your whole system.<\/span><\/p>\n<p><span style=\"font-weight: 400;\">And it\u2019s not just about where you\u2019re breathing from. How well your diaphragm functions can also influence how efficiently oxygen gets delivered to your working muscles. If the diaphragm is weak or out of sync with the rest of your core, it can compromise your breathing rhythm and your ability to exchange air effectively. That means <a href=\"https:\/\/www.welovecycling.com\/wide\/2023\/03\/28\/how-to-train-with-a-power-meter-vs-heart-rate\/\" target=\"_blank\" rel=\"noopener\">higher heart rate,<\/a> higher perceived exertion, and\u2014ironically\u2014less endurance.<\/span><\/p>\n<h2><b>Posture, power, and fatigue: A three-way street<\/b><\/h2>\n<p><span style=\"font-weight: 400;\">Posture is one of those things that often slips under the radar until it becomes a problem. On the bike, poor posture can look like slouching through your lower back, rounding your shoulders, or craning your neck forward. It feels like that annoying ache between your shoulder blades, the tension in your traps, or the low-grade fatigue that builds up over hours in the saddle.<\/span><\/p>\n<p><span style=\"font-weight: 400;\">What many cyclists don\u2019t realise is that dysfunctional breathing can be a root cause of postural breakdowns. When your diaphragm isn\u2019t pulling its weight, your body loses a key player in spinal support. That puts more stress on the superficial muscles, which then fatigue faster, pulling you out of alignment and setting off a chain reaction: posture goes, power goes, fatigue sets in.<\/span><\/p>\n<p><span style=\"font-weight: 400;\">It\u2019s a vicious cycle. But the good news is, it works in reverse, too. Improve your breathing mechanics, and you support your posture. Improve your posture, and you free up more energy for your legs. The whole system becomes more efficient, and that can translate to more watts, longer endurance, and a lot less tension.<\/span><\/p>\n<h2><b>So\u2026 how do you actually train the diaphragm?<\/b><\/h2>\n<p><span style=\"font-weight: 400;\">Here\u2019s the part you can control. Just like your glutes or your hamstrings, the diaphragm is a muscle that can be trained. And the training doesn\u2019t need to be complicated, time-consuming, or high-tech.<\/span><\/p>\n<p><span style=\"font-weight: 400;\">The easiest place to start? Lie down and pay attention.<\/span><\/p>\n<p><span style=\"font-weight: 400;\">Try this: Lie on your back with your knees bent and your feet on the floor. Place one hand on your chest and one on your belly. Now breathe in through your nose and notice where the air goes. Ideally, your belly expands and your lower ribs widen, not your chest. Then exhale slowly through pursed lips, like you&#8217;re blowing out a candle. Feel your belly gently fall and your ribs move inward.<\/span><\/p>\n<p><span style=\"font-weight: 400;\">If this feels unfamiliar or difficult, don\u2019t worry. You\u2019re not alone. It might take some practice to reconnect with your diaphragm, especially if you\u2019ve been defaulting to shallow chest breathing for years.<\/span><\/p>\n<p><span style=\"font-weight: 400;\">Once you\u2019re comfortable lying down, you can start to explore diaphragmatic breathing in other positions, like lying face down (known as crocodile breathing), seated upright, or even on the bike during easy rides. One helpful exercise is called <a href=\"https:\/\/www.healthline.com\/health\/copd\/box-breathing\">box breathing:<\/a> inhale for four counts, hold for four, exhale for four, hold again for four. It\u2019s simple, calming, and an effective way to link breath with rhythm and control.<\/span><\/p>\n<p><span style=\"font-weight: 400;\">When you\u2019re ready to take it a step further, you can combine breath with movement. Exercises like the dead bug or bird-dog, performed with intentional exhalation and spinal alignment, can help integrate diaphragm engagement with core control. You can even bring it into your strength training or mobility work. The key is awareness\u2014breathing well on purpose, rather than letting old habits take over.<\/span><\/p>\n<h2><strong>What<\/strong><b> you\u2019ll notice on the bike<\/b><\/h2>\n<p><span style=\"font-weight: 400;\">The first thing most cyclists notice when they start working with their diaphragm is a drop in tension. Neck and shoulder tightness starts to ease. You feel more grounded through your core. Over time, your breathing becomes more efficient under pressure\u2014climbs don\u2019t feel quite so frantic, and long rides don\u2019t leave you quite so wrecked.<\/span><\/p>\n<p><span style=\"font-weight: 400;\">Posture starts to hold up better, too. That mid-ride slouch? Less dramatic. The low-back fatigue that creeps in after three hours? Not as intense. Even your recovery might improve, thanks to better oxygen exchange and nervous system regulation.<\/span><\/p>\n<p><span style=\"font-weight: 400;\">And while it\u2019s unlikely that diaphragmatic breathing alone will suddenly make you faster, it <\/span><i><span style=\"font-weight: 400;\">will<\/span><\/i><span style=\"font-weight: 400;\"> help you ride more efficiently. And in a sport where energy conservation is everything, that might be the edge you\u2019re looking for.<\/span><\/p>\n<h2><b>Never underestimate the power of your breath!<\/b><\/h2>\n<p><span style=\"font-weight: 400;\">In the world of cycling, we spend a lot of time chasing marginal gains. Aero socks, ceramic pulleys, and perfect tire pressure. But sometimes the biggest improvements come from the simplest places\u2014like learning to breathe better.<\/span><\/p>\n<p><span style=\"font-weight: 400;\">So the next time you\u2019re on the bike, check in with your breath. Is it deep, grounded, and rhythmic\u2014or shallow and tight? Is your core helping support your ride, or just along for the ride?<\/span><\/p>\n<p><span style=\"font-weight: 400;\">Your diaphragm might not look as flashy as your quads or glutes, but it\u2019s doing work that matters. Show it a little attention, and you might just ride stronger, longer, and more comfortably than you thought possible.<\/span><\/p>\n","protected":false},"excerpt":{"rendered":"<p>Let\u2019s start with a question: when you think about your core, what muscles come to mind?<\/p>\n","protected":false},"author":99,"featured_media":199259,"comment_status":"closed","ping_status":"open","sticky":false,"template":"","format":"standard","meta":{"footnotes":""},"categories":[332],"tags":[1846,5690,8629,8579,3305,8628,8630],"global-categories":[3366],"class_list":["post-199258","post","type-post","status-publish","format-standard","has-post-thumbnail","hentry","category-health-and-training","tag-breathing-techniques","tag-breathing-workout","tag-core-strength","tag-cycling-and-breath","tag-cycling-training","tag-diaphragm","tag-fatigue","global-categories-cycling"],"yoast_head":"<!-- This site is optimized with the Yoast SEO Premium plugin v25.3 (Yoast SEO v25.9) - https:\/\/yoast.com\/wordpress\/plugins\/seo\/ -->\n<title>The Diaphragm: Your Most Underrated Core Muscle - \u0160koda We Love Cycling<\/title>\n<meta name=\"description\" content=\"Let\u2019s start with a question: when you think about your core, what muscles come to mind? If your answer is something like \u201cabs,\u201d you\u2019re in good company.\" \/>\n<meta name=\"robots\" content=\"index, follow, max-snippet:-1, max-image-preview:large, max-video-preview:-1\" \/>\n<link rel=\"canonical\" href=\"https:\/\/www.welovecycling.com\/wide\/2025\/08\/05\/the-diaphragm-your-most-underrated-core-muscle\/\" \/>\n<meta property=\"og:locale\" content=\"en_US\" \/>\n<meta property=\"og:type\" content=\"article\" \/>\n<meta property=\"og:title\" content=\"The Diaphragm: Your Most Underrated Core Muscle\" \/>\n<meta property=\"og:description\" content=\"Let\u2019s start with a question: when you think about your core, what muscles come to mind? If your answer is something like \u201cabs,\u201d you\u2019re in good company.\" \/>\n<meta property=\"og:url\" content=\"https:\/\/www.welovecycling.com\/wide\/2025\/08\/05\/the-diaphragm-your-most-underrated-core-muscle\/\" \/>\n<meta property=\"og:site_name\" content=\"\u0160koda We Love Cycling\" \/>\n<meta property=\"article:published_time\" content=\"2025-08-05T05:19:27+00:00\" \/>\n<meta property=\"og:image\" content=\"https:\/\/d2p6e6u75xmxt8.cloudfront.net\/2\/2025\/08\/Woman-Cycling-E-Bike-Nature-profimedia-1025855151-CVR.webp\" \/>\n\t<meta property=\"og:image:width\" content=\"990\" \/>\n\t<meta property=\"og:image:height\" content=\"660\" \/>\n\t<meta property=\"og:image:type\" content=\"image\/webp\" \/>\n<meta name=\"author\" content=\"tereza\" \/>\n<meta name=\"twitter:card\" content=\"summary_large_image\" \/>\n<meta name=\"twitter:label1\" content=\"Written by\" \/>\n\t<meta name=\"twitter:data1\" content=\"Megan Flottorp\" \/>\n\t<meta name=\"twitter:label2\" content=\"Est. reading time\" \/>\n\t<meta name=\"twitter:data2\" content=\"4\" \/>\n<script type=\"application\/ld+json\" class=\"yoast-schema-graph\">{\"@context\":\"https:\/\/schema.org\",\"@graph\":[{\"@type\":\"WebPage\",\"@id\":\"https:\/\/www.welovecycling.com\/wide\/2025\/08\/05\/the-diaphragm-your-most-underrated-core-muscle\/\",\"url\":\"https:\/\/www.welovecycling.com\/wide\/2025\/08\/05\/the-diaphragm-your-most-underrated-core-muscle\/\",\"name\":\"The Diaphragm: Your Most Underrated Core Muscle - \u0160koda We Love Cycling\",\"isPartOf\":{\"@id\":\"https:\/\/www.welovecycling.com\/wide\/#website\"},\"primaryImageOfPage\":{\"@id\":\"https:\/\/www.welovecycling.com\/wide\/2025\/08\/05\/the-diaphragm-your-most-underrated-core-muscle\/#primaryimage\"},\"image\":{\"@id\":\"https:\/\/www.welovecycling.com\/wide\/2025\/08\/05\/the-diaphragm-your-most-underrated-core-muscle\/#primaryimage\"},\"thumbnailUrl\":\"https:\/\/d2p6e6u75xmxt8.cloudfront.net\/2\/2025\/08\/Woman-Cycling-E-Bike-Nature-profimedia-1025855151-CVR.webp\",\"datePublished\":\"2025-08-05T05:19:27+00:00\",\"author\":{\"@id\":\"https:\/\/www.welovecycling.com\/wide\/#\/schema\/person\/50f01ecd18718d2333cf72e823c4f926\"},\"description\":\"Let\u2019s start with a question: when you think about your core, what muscles come to mind? If your answer is something like \u201cabs,\u201d you\u2019re in good company.\",\"breadcrumb\":{\"@id\":\"https:\/\/www.welovecycling.com\/wide\/2025\/08\/05\/the-diaphragm-your-most-underrated-core-muscle\/#breadcrumb\"},\"inLanguage\":\"en-US\",\"potentialAction\":[{\"@type\":\"ReadAction\",\"target\":[\"https:\/\/www.welovecycling.com\/wide\/2025\/08\/05\/the-diaphragm-your-most-underrated-core-muscle\/\"]}]},{\"@type\":\"ImageObject\",\"inLanguage\":\"en-US\",\"@id\":\"https:\/\/www.welovecycling.com\/wide\/2025\/08\/05\/the-diaphragm-your-most-underrated-core-muscle\/#primaryimage\",\"url\":\"https:\/\/d2p6e6u75xmxt8.cloudfront.net\/2\/2025\/08\/Woman-Cycling-E-Bike-Nature-profimedia-1025855151-CVR.webp\",\"contentUrl\":\"https:\/\/d2p6e6u75xmxt8.cloudfront.net\/2\/2025\/08\/Woman-Cycling-E-Bike-Nature-profimedia-1025855151-CVR.webp\",\"width\":990,\"height\":660,\"caption\":\"Cyclist in nature\"},{\"@type\":\"BreadcrumbList\",\"@id\":\"https:\/\/www.welovecycling.com\/wide\/2025\/08\/05\/the-diaphragm-your-most-underrated-core-muscle\/#breadcrumb\",\"itemListElement\":[{\"@type\":\"ListItem\",\"position\":1,\"name\":\"Home\",\"item\":\"https:\/\/www.welovecycling.com\/wide\/\"},{\"@type\":\"ListItem\",\"position\":2,\"name\":\"The Diaphragm: Your Most Underrated Core Muscle\"}]},{\"@type\":\"WebSite\",\"@id\":\"https:\/\/www.welovecycling.com\/wide\/#website\",\"url\":\"https:\/\/www.welovecycling.com\/wide\/\",\"name\":\"\u0160koda We Love Cycling\",\"description\":\"\u0160koda We Love Cycling magazine\",\"alternateName\":\"\u0160koda WLC\",\"potentialAction\":[{\"@type\":\"SearchAction\",\"target\":{\"@type\":\"EntryPoint\",\"urlTemplate\":\"https:\/\/www.welovecycling.com\/wide\/?s={search_term_string}\"},\"query-input\":{\"@type\":\"PropertyValueSpecification\",\"valueRequired\":true,\"valueName\":\"search_term_string\"}}],\"inLanguage\":\"en-US\"},{\"@type\":\"Person\",\"@id\":\"https:\/\/www.welovecycling.com\/wide\/#\/schema\/person\/50f01ecd18718d2333cf72e823c4f926\",\"name\":\"tereza\",\"image\":{\"@type\":\"ImageObject\",\"inLanguage\":\"en-US\",\"@id\":\"https:\/\/www.welovecycling.com\/wide\/#\/schema\/person\/image\/\",\"url\":\"https:\/\/secure.gravatar.com\/avatar\/1f9eb71be33845f0afabce3791bc1c58ecdb0a25c62964987e5dbcf7a20d2ec7?s=96&d=mm&r=g\",\"contentUrl\":\"https:\/\/secure.gravatar.com\/avatar\/1f9eb71be33845f0afabce3791bc1c58ecdb0a25c62964987e5dbcf7a20d2ec7?s=96&d=mm&r=g\",\"caption\":\"tereza\"},\"url\":\"https:\/\/www.welovecycling.com\/wide\/author\/tereza\/\"}]}<\/script>\n<!-- \/ Yoast SEO Premium plugin. -->","yoast_head_json":{"title":"The Diaphragm: Your Most Underrated Core Muscle - \u0160koda We Love Cycling","description":"Let\u2019s start with a question: when you think about your core, what muscles come to mind? If your answer is something like \u201cabs,\u201d you\u2019re in good company.","robots":{"index":"index","follow":"follow","max-snippet":"max-snippet:-1","max-image-preview":"max-image-preview:large","max-video-preview":"max-video-preview:-1"},"canonical":"https:\/\/www.welovecycling.com\/wide\/2025\/08\/05\/the-diaphragm-your-most-underrated-core-muscle\/","og_locale":"en_US","og_type":"article","og_title":"The Diaphragm: Your Most Underrated Core Muscle","og_description":"Let\u2019s start with a question: when you think about your core, what muscles come to mind? If your answer is something like \u201cabs,\u201d you\u2019re in good company.","og_url":"https:\/\/www.welovecycling.com\/wide\/2025\/08\/05\/the-diaphragm-your-most-underrated-core-muscle\/","og_site_name":"\u0160koda We Love Cycling","article_published_time":"2025-08-05T05:19:27+00:00","og_image":[{"width":990,"height":660,"url":"https:\/\/d2p6e6u75xmxt8.cloudfront.net\/2\/2025\/08\/Woman-Cycling-E-Bike-Nature-profimedia-1025855151-CVR.webp","type":"image\/webp"}],"author":"tereza","twitter_card":"summary_large_image","twitter_misc":{"Written by":"Megan Flottorp","Est. reading time":"4"},"schema":{"@context":"https:\/\/schema.org","@graph":[{"@type":"WebPage","@id":"https:\/\/www.welovecycling.com\/wide\/2025\/08\/05\/the-diaphragm-your-most-underrated-core-muscle\/","url":"https:\/\/www.welovecycling.com\/wide\/2025\/08\/05\/the-diaphragm-your-most-underrated-core-muscle\/","name":"The Diaphragm: Your Most Underrated Core Muscle - \u0160koda We Love Cycling","isPartOf":{"@id":"https:\/\/www.welovecycling.com\/wide\/#website"},"primaryImageOfPage":{"@id":"https:\/\/www.welovecycling.com\/wide\/2025\/08\/05\/the-diaphragm-your-most-underrated-core-muscle\/#primaryimage"},"image":{"@id":"https:\/\/www.welovecycling.com\/wide\/2025\/08\/05\/the-diaphragm-your-most-underrated-core-muscle\/#primaryimage"},"thumbnailUrl":"https:\/\/d2p6e6u75xmxt8.cloudfront.net\/2\/2025\/08\/Woman-Cycling-E-Bike-Nature-profimedia-1025855151-CVR.webp","datePublished":"2025-08-05T05:19:27+00:00","author":{"@id":"https:\/\/www.welovecycling.com\/wide\/#\/schema\/person\/50f01ecd18718d2333cf72e823c4f926"},"description":"Let\u2019s start with a question: when you think about your core, what muscles come to mind? If your answer is something like \u201cabs,\u201d you\u2019re in good company.","breadcrumb":{"@id":"https:\/\/www.welovecycling.com\/wide\/2025\/08\/05\/the-diaphragm-your-most-underrated-core-muscle\/#breadcrumb"},"inLanguage":"en-US","potentialAction":[{"@type":"ReadAction","target":["https:\/\/www.welovecycling.com\/wide\/2025\/08\/05\/the-diaphragm-your-most-underrated-core-muscle\/"]}]},{"@type":"ImageObject","inLanguage":"en-US","@id":"https:\/\/www.welovecycling.com\/wide\/2025\/08\/05\/the-diaphragm-your-most-underrated-core-muscle\/#primaryimage","url":"https:\/\/d2p6e6u75xmxt8.cloudfront.net\/2\/2025\/08\/Woman-Cycling-E-Bike-Nature-profimedia-1025855151-CVR.webp","contentUrl":"https:\/\/d2p6e6u75xmxt8.cloudfront.net\/2\/2025\/08\/Woman-Cycling-E-Bike-Nature-profimedia-1025855151-CVR.webp","width":990,"height":660,"caption":"Cyclist in nature"},{"@type":"BreadcrumbList","@id":"https:\/\/www.welovecycling.com\/wide\/2025\/08\/05\/the-diaphragm-your-most-underrated-core-muscle\/#breadcrumb","itemListElement":[{"@type":"ListItem","position":1,"name":"Home","item":"https:\/\/www.welovecycling.com\/wide\/"},{"@type":"ListItem","position":2,"name":"The Diaphragm: Your Most Underrated Core Muscle"}]},{"@type":"WebSite","@id":"https:\/\/www.welovecycling.com\/wide\/#website","url":"https:\/\/www.welovecycling.com\/wide\/","name":"\u0160koda We Love Cycling","description":"\u0160koda We Love Cycling magazine","alternateName":"\u0160koda WLC","potentialAction":[{"@type":"SearchAction","target":{"@type":"EntryPoint","urlTemplate":"https:\/\/www.welovecycling.com\/wide\/?s={search_term_string}"},"query-input":{"@type":"PropertyValueSpecification","valueRequired":true,"valueName":"search_term_string"}}],"inLanguage":"en-US"},{"@type":"Person","@id":"https:\/\/www.welovecycling.com\/wide\/#\/schema\/person\/50f01ecd18718d2333cf72e823c4f926","name":"tereza","image":{"@type":"ImageObject","inLanguage":"en-US","@id":"https:\/\/www.welovecycling.com\/wide\/#\/schema\/person\/image\/","url":"https:\/\/secure.gravatar.com\/avatar\/1f9eb71be33845f0afabce3791bc1c58ecdb0a25c62964987e5dbcf7a20d2ec7?s=96&d=mm&r=g","contentUrl":"https:\/\/secure.gravatar.com\/avatar\/1f9eb71be33845f0afabce3791bc1c58ecdb0a25c62964987e5dbcf7a20d2ec7?s=96&d=mm&r=g","caption":"tereza"},"url":"https:\/\/www.welovecycling.com\/wide\/author\/tereza\/"}]}},"_links":{"self":[{"href":"https:\/\/www.welovecycling.com\/wide\/wp-json\/wp\/v2\/posts\/199258","targetHints":{"allow":["GET"]}}],"collection":[{"href":"https:\/\/www.welovecycling.com\/wide\/wp-json\/wp\/v2\/posts"}],"about":[{"href":"https:\/\/www.welovecycling.com\/wide\/wp-json\/wp\/v2\/types\/post"}],"author":[{"embeddable":true,"href":"https:\/\/www.welovecycling.com\/wide\/wp-json\/wp\/v2\/users\/99"}],"replies":[{"embeddable":true,"href":"https:\/\/www.welovecycling.com\/wide\/wp-json\/wp\/v2\/comments?post=199258"}],"version-history":[{"count":1,"href":"https:\/\/www.welovecycling.com\/wide\/wp-json\/wp\/v2\/posts\/199258\/revisions"}],"predecessor-version":[{"id":199260,"href":"https:\/\/www.welovecycling.com\/wide\/wp-json\/wp\/v2\/posts\/199258\/revisions\/199260"}],"wp:featuredmedia":[{"embeddable":true,"href":"https:\/\/www.welovecycling.com\/wide\/wp-json\/wp\/v2\/media\/199259"}],"wp:attachment":[{"href":"https:\/\/www.welovecycling.com\/wide\/wp-json\/wp\/v2\/media?parent=199258"}],"wp:term":[{"taxonomy":"category","embeddable":true,"href":"https:\/\/www.welovecycling.com\/wide\/wp-json\/wp\/v2\/categories?post=199258"},{"taxonomy":"post_tag","embeddable":true,"href":"https:\/\/www.welovecycling.com\/wide\/wp-json\/wp\/v2\/tags?post=199258"},{"taxonomy":"global-categories","embeddable":true,"href":"https:\/\/www.welovecycling.com\/wide\/wp-json\/wp\/v2\/global-categories?post=199258"}],"curies":[{"name":"wp","href":"https:\/\/api.w.org\/{rel}","templated":true}]}}