{"id":199243,"date":"2025-08-01T08:03:26","date_gmt":"2025-08-01T08:03:26","guid":{"rendered":"https:\/\/www.welovecycling.com\/wide\/?p=199243"},"modified":"2025-08-01T08:05:13","modified_gmt":"2025-08-01T08:05:13","slug":"le-court-pienaar-extends-gc-lead-as-maeva-squiban-makes-french-hearts-race-with-32km-solo","status":"publish","type":"post","link":"https:\/\/www.welovecycling.com\/wide\/2025\/08\/01\/le-court-pienaar-extends-gc-lead-as-maeva-squiban-makes-french-hearts-race-with-32km-solo\/","title":{"rendered":"Le Court Pienaar Extends GC Lead as Ma\u00ebva Squiban Makes French Hearts Race With 32km Solo"},"content":{"rendered":"<p><strong>Is current race leader Kim Le Court Pienaar riding for the yellow jersey in the Tour de France Femmes avec Zwift (TdFFaZ)? The question has to be asked after her performance on Thursday\u2019s stage 6, the first real mountain stage, which included two tough climbs over its 123.7km from Clermont Ferrand to Ambert. Because the AG Insurance\u2013Soudal leader raced ferociously for all the bonus points on offer and rode hard at the end to deprive race favorite Demi Vollering (FDJ-Suez) of the final 4 bonus seconds on offer at the finish.<\/strong><\/p>\n<p><!--more--><\/p>\n<h2><strong>Is she racing for yellow?<\/strong><\/h2>\n<p>With the big mountain stages to come on the weekend, with a summit finish on the iconic Col de la Madeleine (18.9km @ 8%) on Saturday\u2019s queen stage, Le Court Pienaar leads the GC by 26 seconds over home favorite Ferrand-Pr\u00e9vot, with Niewiadoma-Phinney in third, at 30 seconds, and Vollering 1 second farther back in fourth. The Mauritian champion has collected a whopping 34 bonus seconds so far, which is the reason she leads the race. Vollering has picked up only 6 bonus seconds. In last year\u2019s TdFFaZ, <a href=\"https:\/\/www.welovecycling.com\/wide\/2024\/08\/21\/kasia-niewiadoma-on-winning-the-2024-tour-de-france-femmes-avec-zwift\/\" target=\"_blank\" rel=\"noopener\">Kasia Niewiadoma-Phinney<\/a> beat Vollering by only 4 seconds. So, Le Court Pienaar might have a more ambitious goal than picking up stage wins and riding in yellow for as long as possible.<\/p>\n<p>She certainly rode confidently on the stage\u2019s category 1 and category 2 climbs and never looked like cracking even on the steepest sections. So, until she says or does otherwise, she must now be included in the group of favorites, which also comprises Pauline Ferrand-Pr\u00e9vot (Visma\u2013Lease a Bike), Anna van der Breggen (SD Worx\u2013Protime), Niewiadoma-Phinney (Canyon\/\/SRAM-zondacrypto) and Pauliena Rooijakkers (Fenix-Deceuninck).<\/p>\n<h2><strong>A French heroine<\/strong><\/h2>\n<p>The heroine of stage 6 was the unheralded 23-year-old Ma\u00ebva Squiban (UAE Team ADQ), who attacked 3km from the summit of the last climb, the category 2 Col du Chansert (6.4km @ 5.4%), gradually built out her gap on the long descent and completed a bold 32.3km solo to notch her first ever WorldTour win and the second French stage win in the TdFFaZ. Another French rider, Juliette Labous (FDJ-Suez), finished second, 1:09 adrift, while Le Court Pienaar came third, 4 seconds farther back.<\/p>\n<p>The young Frenchwoman\u2019s victory was all the more remarkable because her team had been reduced to only four of its original seven riders. UAE leader Elisa Longo Borghini, who won the Giro d\u2019Italia two weeks before this race began, was forced to drop out after stage 3 due to an intestinal virus. Two other UAE riders subsequently abandoned after crashing, which left Squiban\u2019s team drastically short-handed.<\/p>\n<p>\u201cIt\u2019s incredible. I don\u2019t know what to say,\u201d a still tearful Squiban said after the biggest win of her career. &#8220;When they told me I had [a lead of] a minute and a half, I couldn\u2019t believe it. I mainly wanted to get a head start before the climb to the bonus sprint. Then I was hoping to be part of a small group from the bonus sprint to the finish. It&#8217;s really an amazing feeling. I didn&#8217;t expect to do that.<\/p>\n<p>&#8220;I know we had a strong team, we are only four now, but we are all really strong, and we knew that we were able to do something big today. Finally, we did it. A special day for us.&#8221;<\/p>\n<p>After the crashes of the previous day\u2019s stage, which saw no fewer than nine riders drop out, Thursday\u2019s race was relatively uneventful, with a large breakaway riding ahead of the peloton but kept on a tight leash by AG Insurance\u2013Soudal because Le Court Pienaar wanted another stage win.<\/p>\n<p>Asked about her feelings after another podium finish, she said, &#8220;It could only have been better if I won the stage. I felt really good today. The goal was to control the race. At the beginning we kind of got a bit stuck with the big break, so we had to kind of control the race from the start, which was OK&#8230; My teammates were superb, I mean I couldn&#8217;t ask for a better team. They&#8217;re so dedicated to me and to the goal.\u201d<\/p>\n<p>But what exactly is the goal?<\/p>\n<h2><strong>A historic stage win<\/strong><\/h2>\n<p>The TdFFaZ GC battle actually kicked off on the last, and hardest, of the three categorized climb of Wednesday\u2019s stage 5, the category 3 ascent to Le Maupuy (2.7km @ 5.3%), with an attack by Vollering 9km from the finish line. She took six riders with her, including all the GC contenders, and the group gradually pulled away from the chasers. With 7km left to ride, that gap had ballooned to 20 seconds.<\/p>\n<p>The lead group was still together when the riders hit the final kilometer and had a lead of 31 seconds over the chasers. Van der Breggen attacked 700m from the line but was quickly caught and eventually passed by Le Court Pienaar and Vollering, who rode an excellent sprint but could not catch the Mauritian, who became the first African rider to win a stage in the TdFFaZ. She also regained the yellow jersey, which she had lost to Marianne Vos (Visma\u2013Lease a Bike) after stage 3.<\/p>\n<p>Though Vollering looked uncertain on that final climb, her ride on the descent and in the sprint, where she came within a whisper of pipping Le Court, suggests that the injuries she sustained in a heavy crash near the end of Monday\u2019s stage 3 appear to be healing. (For a comprehensive description of the stage, please see <a href=\"https:\/\/www.welovecycling.com\/wide\/2025\/07\/31\/luckily-i-had-the-fastest-kick-kim-le-court-grabs-stage-win-and-yellow-jersey-in-explosive-stage-5-of-tdffaz\/\">here<\/a>.).<\/p>\n<blockquote class=\"instagram-media\" style=\"background: #FFF; border: 0; border-radius: 3px; box-shadow: 0 0 1px 0 rgba(0,0,0,0.5),0 1px 10px 0 rgba(0,0,0,0.15); margin: 1px; max-width: 540px; min-width: 326px; padding: 0; width: calc(100% - 2px);\" data-instgrm-captioned=\"\" data-instgrm-permalink=\"https:\/\/www.instagram.com\/p\/DMyJpOSt1P2\/?utm_source=ig_embed&amp;utm_campaign=loading\" data-instgrm-version=\"14\">\n<div style=\"padding: 16px;\">\n<p>&nbsp;<\/p>\n<div style=\"display: flex; flex-direction: row; align-items: center;\">\n<div style=\"background-color: #f4f4f4; border-radius: 50%; flex-grow: 0; height: 40px; margin-right: 14px; width: 40px;\"><\/div>\n<div style=\"display: flex; flex-direction: column; flex-grow: 1; justify-content: center;\">\n<div style=\"background-color: #f4f4f4; border-radius: 4px; flex-grow: 0; height: 14px; margin-bottom: 6px; width: 100px;\"><\/div>\n<div style=\"background-color: #f4f4f4; border-radius: 4px; flex-grow: 0; height: 14px; width: 60px;\"><\/div>\n<\/div>\n<\/div>\n<div style=\"padding: 19% 0;\"><\/div>\n<div style=\"display: block; height: 50px; margin: 0 auto 12px; width: 50px;\"><\/div>\n<div style=\"padding-top: 8px;\">\n<div style=\"color: #3897f0; font-family: Arial,sans-serif; font-size: 14px; font-style: normal; font-weight: 550; line-height: 18px;\">Zobrazit p\u0159\u00edsp\u011bvek na Instagramu<\/div>\n<\/div>\n<div style=\"padding: 12.5% 0;\"><\/div>\n<div style=\"display: flex; flex-direction: row; margin-bottom: 14px; align-items: center;\">\n<div>\n<div style=\"background-color: #f4f4f4; border-radius: 50%; height: 12.5px; width: 12.5px; transform: translateX(0px) translateY(7px);\"><\/div>\n<div style=\"background-color: #f4f4f4; height: 12.5px; transform: rotate(-45deg) translateX(3px) translateY(1px); width: 12.5px; flex-grow: 0; margin-right: 14px; margin-left: 2px;\"><\/div>\n<div style=\"background-color: #f4f4f4; border-radius: 50%; height: 12.5px; width: 12.5px; transform: translateX(9px) translateY(-18px);\"><\/div>\n<\/div>\n<div style=\"margin-left: 8px;\">\n<div style=\"background-color: #f4f4f4; border-radius: 50%; flex-grow: 0; height: 20px; width: 20px;\"><\/div>\n<div style=\"width: 0; height: 0; border-top: 2px solid transparent; border-left: 6px solid #f4f4f4; border-bottom: 2px solid transparent; transform: translateX(16px) translateY(-4px) rotate(30deg);\"><\/div>\n<\/div>\n<div style=\"margin-left: auto;\">\n<div style=\"width: 0px; border-top: 8px solid #F4F4F4; border-right: 8px solid transparent; transform: translateY(16px);\"><\/div>\n<div style=\"background-color: #f4f4f4; flex-grow: 0; height: 12px; width: 16px; transform: translateY(-4px);\"><\/div>\n<div style=\"width: 0; height: 0; border-top: 8px solid #F4F4F4; border-left: 8px solid transparent; transform: translateY(-4px) translateX(8px);\"><\/div>\n<\/div>\n<\/div>\n<div style=\"display: flex; flex-direction: column; flex-grow: 1; justify-content: center; margin-bottom: 24px;\">\n<div style=\"background-color: #f4f4f4; border-radius: 4px; flex-grow: 0; height: 14px; margin-bottom: 6px; width: 224px;\"><\/div>\n<div style=\"background-color: #f4f4f4; border-radius: 4px; flex-grow: 0; height: 14px; width: 144px;\"><\/div>\n<\/div>\n<p>&nbsp;<\/p>\n<p style=\"color: #c9c8cd; font-family: Arial,sans-serif; font-size: 14px; line-height: 17px; margin-bottom: 0; margin-top: 8px; overflow: hidden; padding: 8px 0 7px; text-align: center; text-overflow: ellipsis; white-space: nowrap;\"><a style=\"color: #c9c8cd; font-family: Arial,sans-serif; font-size: 14px; font-style: normal; font-weight: normal; line-height: 17px; text-decoration: none;\" href=\"https:\/\/www.instagram.com\/p\/DMyJpOSt1P2\/?utm_source=ig_embed&amp;utm_campaign=loading\" target=\"_blank\" rel=\"noopener\">P\u0159\u00edsp\u011bvek sd\u00edlen\u00fd Tour de France\u2122 (@letourdefrance)<\/a><\/p>\n<\/div>\n<\/blockquote>\n<h2><script async src=\"\/\/www.instagram.com\/embed.js\"><\/script><strong>Wiebes leads \u0160koda Green Jersey race<\/strong><\/h2>\n<p>In the race for the Skoda green jersey, two-stage winner Lorena Wiebes holds a narrow lead over Vos, 208 points to 178, with Le Court-Pienaar well down in third, at 118 points. With three big mountain stages left in the race, the points classification race will now come down to the three remaining intermediate sprints, two of which come after a category 1 climb. Vos is a more accomplished climber than Wiebes and may make it over these climbs, but the points will probably be taken by breakaway groups.<\/p>\n<p>That leaves the intermediate sprint on Friday\u2019s stage 7, which comes after about 75km of flat road. I imagine that both Vos and Wiebes will try to join an early breakaway and then race for the 25 points. That may be the spot where Wiebes, who has been consistently faster than Vos, secures her Skoda green jersey win.<\/p>\n<h4><strong>Results of Stage 6, 2025 Tour de France Femmes avec Zwift <\/strong><\/h4>\n<ol>\n<li>Ma\u00ebva Squiban, UAE Team ADQ 3:20:46<br \/>\n2. Juliette Labous, FDJ-Suez\u00a0\u00a0\u00a0\u00a0\u00a0\u00a0\u00a0\u00a0\u00a0\u00a0\u00a0\u00a0\u00a0\u00a0\u00a0\u00a0\u00a0\u00a0\u00a0\u00a0\u00a0\u00a0\u00a0\u00a0\u00a0\u00a0\u00a0\u00a0\u00a0\u00a0\u00a0\u00a0\u00a0\u00a0\u00a0\u00a0\u00a0\u00a0 \u00a0+1:09<br \/>\n3. Kim Le Court Pienaar, AG Insurance\u2013Soudal\u00a0\u00a0\u00a0\u00a0\u00a0\u00a0\u00a0\u00a0 +1:13<br \/>\n4.\u00a0Demi Vollering, FDJ-Suez\u00a0\u00a0\u00a0\u00a0\u00a0\u00a0\u00a0\u00a0\u00a0\u00a0\u00a0\u00a0\u00a0\u00a0\u00a0\u00a0\u00a0\u00a0\u00a0\u00a0\u00a0\u00a0\u00a0\u00a0\u00a0\u00a0\u00a0\u00a0\u00a0\u00a0\u00a0\u00a0\u00a0\u00a0\u00a0\u00a0\u00a0\u00a0\u00a0\u00a0\u00a0\u00a0 \u201c<br \/>\n5. Dominika W\u0142odarczyk, UAE Team ADQ\u00a0\u00a0\u00a0\u00a0\u00a0\u00a0\u00a0\u00a0\u00a0\u00a0\u00a0\u00a0\u00a0\u00a0\u00a0\u00a0\u00a0\u00a0\u00a0 \u201c<br \/>\n6. Margot Vanpachtenbeke, VolkerWessels \u00a0\u00a0\u00a0\u00a0\u00a0\u00a0\u00a0\u00a0\u00a0\u00a0\u00a0\u00a0\u00a0\u00a0\u00a0\u00a0\u00a0\u00a0\u00a0\u00a0\u201c<br \/>\n7. Pauline Ferrand-Pr\u00e9vot, Visma\u2013Lease a Bike \u00a0\u00a0\u00a0\u00a0\u00a0\u00a0\u00a0\u00a0\u00a0\u00a0\u00a0\u00a0\u00a0\u00a0\u201c<br \/>\n8. Magdeleine Vallieres, EF Education\u2013Oatly\u00a0\u00a0\u00a0\u00a0\u00a0\u00a0\u00a0\u00a0\u00a0\u00a0\u00a0\u00a0\u00a0\u00a0\u00a0\u00a0\u00a0\u00a0\u00a0\u00a0\u00a0\u00a0\u00a0\u00a0\u00a0\u00a0 \u00a0\u201c<br \/>\n9. Pauliena Rooijakkers, Fenix-Deceuninck\u00a0\u00a0\u00a0\u00a0\u00a0\u00a0\u00a0\u00a0\u00a0\u00a0\u00a0\u00a0\u00a0\u00a0\u00a0\u00a0\u00a0\u00a0\u00a0\u00a0 \u201c<br \/>\n10. Puck Pieterse, Fenix-Deceuninck\u00a0\u00a0\u00a0\u00a0\u00a0\u00a0\u00a0\u00a0\u00a0\u00a0\u00a0\u00a0\u00a0\u00a0\u00a0\u00a0\u00a0\u00a0\u00a0\u00a0\u00a0\u00a0\u00a0\u00a0\u00a0\u00a0\u00a0\u00a0\u00a0\u00a0\u00a0 \u201c<\/li>\n<\/ol>\n<h4><strong>General Classification After Stage 6<\/strong><\/h4>\n<ol>\n<li>Kim Le Court Pienaar, AG Insurance\u2013Soudal \u00a0\u00a0\u00a018:29:05<br \/>\n2. Pauline Ferrand-Pr\u00e9vot, Visma\u2013Lease a Bike\u00a0\u00a0\u00a0\u00a0\u00a0\u00a0\u00a0\u00a0\u00a0\u00a0\u00a0\u00a0\u00a0\u00a0\u00a0\u00a0\u00a0\u00a0\u00a0 \u00a0\u00a0\u00a0+0:26<br \/>\n3.\u00a0Kasia Niewiadoma-Phinney, Canyon\/\/SRAM zondacrypto \u00a0+0:30<br \/>\n4. Demi Vollering, FDJ-SUEZ\u00a0\u00a0\u00a0\u00a0\u00a0\u00a0\u00a0\u00a0\u00a0\u00a0\u00a0\u00a0\u00a0\u00a0\u00a0\u00a0\u00a0\u00a0\u00a0\u00a0\u00a0\u00a0\u00a0\u00a0\u00a0\u00a0\u00a0\u00a0\u00a0\u00a0\u00a0\u00a0\u00a0\u00a0\u00a0\u00a0\u00a0\u00a0\u00a0\u00a0\u00a0\u00a0\u00a0\u00a0\u00a0\u00a0\u00a0 \u00a0\u00a0\u00a0+0:31<br \/>\n5. Anna van der Breggen, SD Worx\u2013Protime \u00a0\u00a0\u00a0\u00a0\u00a0\u00a0\u00a0\u00a0\u00a0\u00a0\u00a0\u00a0\u00a0\u00a0\u00a0\u00a0\u00a0\u00a0\u00a0\u00a0\u00a0\u00a0\u00a0\u00a0\u00a0\u00a0\u00a0\u00a0+0:35<br \/>\n6. Pauliena Rooijakkers, Fenix-Deceuninck\u00a0\u00a0\u00a0\u00a0\u00a0\u00a0\u00a0\u00a0\u00a0\u00a0\u00a0\u00a0\u00a0\u00a0\u00a0\u00a0\u00a0\u00a0\u00a0\u00a0\u00a0\u00a0\u00a0\u00a0\u00a0\u00a0\u00a0\u00a0\u00a0\u00a0 \u00a0+0:53<br \/>\n7. Sarah Gigante, AG Insurance\u2013Soudal\u00a0\u00a0\u00a0\u00a0\u00a0\u00a0\u00a0 \u00a0\u00a0\u00a0\u00a0\u00a0\u00a0\u00a0\u00a0\u00a0\u00a0\u00a0\u00a0\u00a0\u00a0\u00a0\u00a0\u00a0\u00a0\u00a0\u00a0\u00a0\u00a0\u00a0\u00a0\u00a0\u00a0\u00a0\u00a0\u00a0+1:03<br \/>\n8. Puck Pieterse, Fenix-Deceuninck\u00a0\u00a0\u00a0\u00a0\u00a0\u00a0\u00a0\u00a0\u00a0\u00a0\u00a0\u00a0\u00a0\u00a0\u00a0\u00a0\u00a0\u00a0\u00a0\u00a0\u00a0\u00a0\u00a0\u00a0\u00a0\u00a0\u00a0\u00a0\u00a0\u00a0\u00a0\u00a0\u00a0\u00a0\u00a0\u00a0\u00a0\u00a0\u00a0\u00a0\u00a0\u00a0 \u00a0+1:12<br \/>\n9. C\u00e9drine Kerbaol, EF Education\u2013Oatly\u00a0\u00a0\u00a0\u00a0\u00a0\u00a0\u00a0\u00a0\u00a0\u00a0\u00a0\u00a0\u00a0\u00a0\u00a0\u00a0\u00a0\u00a0\u00a0\u00a0\u00a0\u00a0\u00a0\u00a0\u00a0\u00a0 \u00a0\u00a0\u00a0\u00a0\u00a0\u00a0\u00a0\u00a0\u00a0\u00a0\u00a0\u00a0\u00a0\u00a0\u00a0\u00a0\u00a0\u00a0\u00a0+1:24<br \/>\n10. Evita Muzic, FDJ-Suez\u00a0\u00a0\u00a0\u00a0\u00a0\u00a0\u00a0\u00a0\u00a0\u00a0\u00a0\u00a0\u00a0\u00a0\u00a0\u00a0\u00a0\u00a0\u00a0\u00a0\u00a0\u00a0\u00a0\u00a0\u00a0\u00a0\u00a0\u00a0\u00a0\u00a0\u00a0\u00a0\u00a0\u00a0\u00a0\u00a0\u00a0\u00a0\u00a0\u00a0\u00a0\u00a0\u00a0\u00a0\u00a0\u00a0\u00a0\u00a0\u00a0\u00a0\u00a0\u00a0\u00a0\u00a0\u00a0\u00a0\u00a0\u00a0\u00a0\u00a0\u00a0\u00a0 \u201c<\/li>\n<\/ol>\n<p>&nbsp;<\/p>\n","protected":false},"excerpt":{"rendered":"<p>Is current race leader Kim Le Court Pienaar riding for the yellow jersey in the Tour de France Femmes avec [&hellip;]<\/p>\n","protected":false},"author":99,"featured_media":199245,"comment_status":"closed","ping_status":"open","sticky":false,"template":"","format":"standard","meta":{"footnotes":""},"categories":[329],"tags":[8092,3771,2711,8490,3773,3136,3453,5780],"global-categories":[3366],"class_list":["post-199243","post","type-post","status-publish","format-standard","has-post-thumbnail","hentry","category-road-cycling","tag-2025-tour-de-france-femmes-avec-zwift","tag-demi-vollering","tag-elisa-longo-borghini","tag-kim-le-court","tag-lorena-wiebes","tag-marianne-vos","tag-skoda-green-jersey","tag-tour-de-france-femmes","global-categories-cycling"],"yoast_head":"<!-- This site is optimized with the Yoast SEO Premium plugin v25.3 (Yoast SEO v25.9) - https:\/\/yoast.com\/wordpress\/plugins\/seo\/ -->\n<title>Le Court Pienaar Extends GC at the Tour de France Femmes avec Zwift<\/title>\n<meta name=\"description\" content=\"Is current race leader Kim Le Court Pienaar riding for the yellow jersey in the Tour de France Femmes avec Zwift (TdFFaZ)? The question has to be asked\" \/>\n<meta name=\"robots\" content=\"index, follow, max-snippet:-1, max-image-preview:large, max-video-preview:-1\" \/>\n<link rel=\"canonical\" href=\"https:\/\/www.welovecycling.com\/wide\/2025\/08\/01\/le-court-pienaar-extends-gc-lead-as-maeva-squiban-makes-french-hearts-race-with-32km-solo\/\" \/>\n<meta property=\"og:locale\" content=\"en_US\" \/>\n<meta property=\"og:type\" content=\"article\" \/>\n<meta property=\"og:title\" content=\"Le Court Pienaar Extends GC Lead as Ma\u00ebva Squiban Makes French Hearts Race With 32km Solo\" \/>\n<meta property=\"og:description\" content=\"Is current race leader Kim Le Court Pienaar riding for the yellow jersey in the Tour de France Femmes avec Zwift (TdFFaZ)? The question has to be asked\" \/>\n<meta property=\"og:url\" content=\"https:\/\/www.welovecycling.com\/wide\/2025\/08\/01\/le-court-pienaar-extends-gc-lead-as-maeva-squiban-makes-french-hearts-race-with-32km-solo\/\" \/>\n<meta property=\"og:site_name\" content=\"\u0160koda We Love Cycling\" \/>\n<meta property=\"article:published_time\" content=\"2025-08-01T08:03:26+00:00\" \/>\n<meta property=\"article:modified_time\" content=\"2025-08-01T08:05:13+00:00\" \/>\n<meta property=\"og:image\" content=\"https:\/\/d2p6e6u75xmxt8.cloudfront.net\/2\/2025\/08\/Kimberley-Le-Court-Pienaar-Tour-Femmes-profimedia-1026968307-CVR.webp\" \/>\n\t<meta property=\"og:image:width\" content=\"990\" \/>\n\t<meta property=\"og:image:height\" content=\"660\" \/>\n\t<meta property=\"og:image:type\" content=\"image\/webp\" \/>\n<meta name=\"author\" content=\"tereza\" \/>\n<meta name=\"twitter:card\" content=\"summary_large_image\" \/>\n<meta name=\"twitter:label1\" content=\"Written by\" \/>\n\t<meta name=\"twitter:data1\" content=\"Siegfried Mortkowitz\" \/>\n\t<meta name=\"twitter:label2\" content=\"Est. reading time\" \/>\n\t<meta name=\"twitter:data2\" content=\"3\" \/>\n<script type=\"application\/ld+json\" class=\"yoast-schema-graph\">{\"@context\":\"https:\/\/schema.org\",\"@graph\":[{\"@type\":\"WebPage\",\"@id\":\"https:\/\/www.welovecycling.com\/wide\/2025\/08\/01\/le-court-pienaar-extends-gc-lead-as-maeva-squiban-makes-french-hearts-race-with-32km-solo\/\",\"url\":\"https:\/\/www.welovecycling.com\/wide\/2025\/08\/01\/le-court-pienaar-extends-gc-lead-as-maeva-squiban-makes-french-hearts-race-with-32km-solo\/\",\"name\":\"Le Court Pienaar Extends GC at the Tour de France Femmes avec Zwift\",\"isPartOf\":{\"@id\":\"https:\/\/www.welovecycling.com\/wide\/#website\"},\"primaryImageOfPage\":{\"@id\":\"https:\/\/www.welovecycling.com\/wide\/2025\/08\/01\/le-court-pienaar-extends-gc-lead-as-maeva-squiban-makes-french-hearts-race-with-32km-solo\/#primaryimage\"},\"image\":{\"@id\":\"https:\/\/www.welovecycling.com\/wide\/2025\/08\/01\/le-court-pienaar-extends-gc-lead-as-maeva-squiban-makes-french-hearts-race-with-32km-solo\/#primaryimage\"},\"thumbnailUrl\":\"https:\/\/d2p6e6u75xmxt8.cloudfront.net\/2\/2025\/08\/Kimberley-Le-Court-Pienaar-Tour-Femmes-profimedia-1026968307-CVR.webp\",\"datePublished\":\"2025-08-01T08:03:26+00:00\",\"dateModified\":\"2025-08-01T08:05:13+00:00\",\"author\":{\"@id\":\"https:\/\/www.welovecycling.com\/wide\/#\/schema\/person\/50f01ecd18718d2333cf72e823c4f926\"},\"description\":\"Is current race leader Kim Le Court Pienaar riding for the yellow jersey in the Tour de France Femmes avec Zwift (TdFFaZ)? The question has to be asked\",\"breadcrumb\":{\"@id\":\"https:\/\/www.welovecycling.com\/wide\/2025\/08\/01\/le-court-pienaar-extends-gc-lead-as-maeva-squiban-makes-french-hearts-race-with-32km-solo\/#breadcrumb\"},\"inLanguage\":\"en-US\",\"potentialAction\":[{\"@type\":\"ReadAction\",\"target\":[\"https:\/\/www.welovecycling.com\/wide\/2025\/08\/01\/le-court-pienaar-extends-gc-lead-as-maeva-squiban-makes-french-hearts-race-with-32km-solo\/\"]}]},{\"@type\":\"ImageObject\",\"inLanguage\":\"en-US\",\"@id\":\"https:\/\/www.welovecycling.com\/wide\/2025\/08\/01\/le-court-pienaar-extends-gc-lead-as-maeva-squiban-makes-french-hearts-race-with-32km-solo\/#primaryimage\",\"url\":\"https:\/\/d2p6e6u75xmxt8.cloudfront.net\/2\/2025\/08\/Kimberley-Le-Court-Pienaar-Tour-Femmes-profimedia-1026968307-CVR.webp\",\"contentUrl\":\"https:\/\/d2p6e6u75xmxt8.cloudfront.net\/2\/2025\/08\/Kimberley-Le-Court-Pienaar-Tour-Femmes-profimedia-1026968307-CVR.webp\",\"width\":990,\"height\":660,\"caption\":\"Kim Le Court\"},{\"@type\":\"BreadcrumbList\",\"@id\":\"https:\/\/www.welovecycling.com\/wide\/2025\/08\/01\/le-court-pienaar-extends-gc-lead-as-maeva-squiban-makes-french-hearts-race-with-32km-solo\/#breadcrumb\",\"itemListElement\":[{\"@type\":\"ListItem\",\"position\":1,\"name\":\"Home\",\"item\":\"https:\/\/www.welovecycling.com\/wide\/\"},{\"@type\":\"ListItem\",\"position\":2,\"name\":\"Le Court Pienaar Extends GC Lead as Ma\u00ebva Squiban Makes French Hearts Race With 32km Solo\"}]},{\"@type\":\"WebSite\",\"@id\":\"https:\/\/www.welovecycling.com\/wide\/#website\",\"url\":\"https:\/\/www.welovecycling.com\/wide\/\",\"name\":\"\u0160koda We Love Cycling\",\"description\":\"\u0160koda We Love Cycling magazine\",\"alternateName\":\"\u0160koda WLC\",\"potentialAction\":[{\"@type\":\"SearchAction\",\"target\":{\"@type\":\"EntryPoint\",\"urlTemplate\":\"https:\/\/www.welovecycling.com\/wide\/?s={search_term_string}\"},\"query-input\":{\"@type\":\"PropertyValueSpecification\",\"valueRequired\":true,\"valueName\":\"search_term_string\"}}],\"inLanguage\":\"en-US\"},{\"@type\":\"Person\",\"@id\":\"https:\/\/www.welovecycling.com\/wide\/#\/schema\/person\/50f01ecd18718d2333cf72e823c4f926\",\"name\":\"tereza\",\"image\":{\"@type\":\"ImageObject\",\"inLanguage\":\"en-US\",\"@id\":\"https:\/\/www.welovecycling.com\/wide\/#\/schema\/person\/image\/\",\"url\":\"https:\/\/secure.gravatar.com\/avatar\/1f9eb71be33845f0afabce3791bc1c58ecdb0a25c62964987e5dbcf7a20d2ec7?s=96&d=mm&r=g\",\"contentUrl\":\"https:\/\/secure.gravatar.com\/avatar\/1f9eb71be33845f0afabce3791bc1c58ecdb0a25c62964987e5dbcf7a20d2ec7?s=96&d=mm&r=g\",\"caption\":\"tereza\"},\"url\":\"https:\/\/www.welovecycling.com\/wide\/author\/tereza\/\"}]}<\/script>\n<!-- \/ Yoast SEO Premium plugin. -->","yoast_head_json":{"title":"Le Court Pienaar Extends GC at the Tour de France Femmes avec Zwift","description":"Is current race leader Kim Le Court Pienaar riding for the yellow jersey in the Tour de France Femmes avec Zwift (TdFFaZ)? The question has to be asked","robots":{"index":"index","follow":"follow","max-snippet":"max-snippet:-1","max-image-preview":"max-image-preview:large","max-video-preview":"max-video-preview:-1"},"canonical":"https:\/\/www.welovecycling.com\/wide\/2025\/08\/01\/le-court-pienaar-extends-gc-lead-as-maeva-squiban-makes-french-hearts-race-with-32km-solo\/","og_locale":"en_US","og_type":"article","og_title":"Le Court Pienaar Extends GC Lead as Ma\u00ebva Squiban Makes French Hearts Race With 32km Solo","og_description":"Is current race leader Kim Le Court Pienaar riding for the yellow jersey in the Tour de France Femmes avec Zwift (TdFFaZ)? The question has to be asked","og_url":"https:\/\/www.welovecycling.com\/wide\/2025\/08\/01\/le-court-pienaar-extends-gc-lead-as-maeva-squiban-makes-french-hearts-race-with-32km-solo\/","og_site_name":"\u0160koda We Love Cycling","article_published_time":"2025-08-01T08:03:26+00:00","article_modified_time":"2025-08-01T08:05:13+00:00","og_image":[{"width":990,"height":660,"url":"https:\/\/d2p6e6u75xmxt8.cloudfront.net\/2\/2025\/08\/Kimberley-Le-Court-Pienaar-Tour-Femmes-profimedia-1026968307-CVR.webp","type":"image\/webp"}],"author":"tereza","twitter_card":"summary_large_image","twitter_misc":{"Written by":"Siegfried Mortkowitz","Est. reading time":"3"},"schema":{"@context":"https:\/\/schema.org","@graph":[{"@type":"WebPage","@id":"https:\/\/www.welovecycling.com\/wide\/2025\/08\/01\/le-court-pienaar-extends-gc-lead-as-maeva-squiban-makes-french-hearts-race-with-32km-solo\/","url":"https:\/\/www.welovecycling.com\/wide\/2025\/08\/01\/le-court-pienaar-extends-gc-lead-as-maeva-squiban-makes-french-hearts-race-with-32km-solo\/","name":"Le Court Pienaar Extends GC at the Tour de France Femmes avec Zwift","isPartOf":{"@id":"https:\/\/www.welovecycling.com\/wide\/#website"},"primaryImageOfPage":{"@id":"https:\/\/www.welovecycling.com\/wide\/2025\/08\/01\/le-court-pienaar-extends-gc-lead-as-maeva-squiban-makes-french-hearts-race-with-32km-solo\/#primaryimage"},"image":{"@id":"https:\/\/www.welovecycling.com\/wide\/2025\/08\/01\/le-court-pienaar-extends-gc-lead-as-maeva-squiban-makes-french-hearts-race-with-32km-solo\/#primaryimage"},"thumbnailUrl":"https:\/\/d2p6e6u75xmxt8.cloudfront.net\/2\/2025\/08\/Kimberley-Le-Court-Pienaar-Tour-Femmes-profimedia-1026968307-CVR.webp","datePublished":"2025-08-01T08:03:26+00:00","dateModified":"2025-08-01T08:05:13+00:00","author":{"@id":"https:\/\/www.welovecycling.com\/wide\/#\/schema\/person\/50f01ecd18718d2333cf72e823c4f926"},"description":"Is current race leader Kim Le Court Pienaar riding for the yellow jersey in the Tour de France Femmes avec Zwift (TdFFaZ)? The question has to be asked","breadcrumb":{"@id":"https:\/\/www.welovecycling.com\/wide\/2025\/08\/01\/le-court-pienaar-extends-gc-lead-as-maeva-squiban-makes-french-hearts-race-with-32km-solo\/#breadcrumb"},"inLanguage":"en-US","potentialAction":[{"@type":"ReadAction","target":["https:\/\/www.welovecycling.com\/wide\/2025\/08\/01\/le-court-pienaar-extends-gc-lead-as-maeva-squiban-makes-french-hearts-race-with-32km-solo\/"]}]},{"@type":"ImageObject","inLanguage":"en-US","@id":"https:\/\/www.welovecycling.com\/wide\/2025\/08\/01\/le-court-pienaar-extends-gc-lead-as-maeva-squiban-makes-french-hearts-race-with-32km-solo\/#primaryimage","url":"https:\/\/d2p6e6u75xmxt8.cloudfront.net\/2\/2025\/08\/Kimberley-Le-Court-Pienaar-Tour-Femmes-profimedia-1026968307-CVR.webp","contentUrl":"https:\/\/d2p6e6u75xmxt8.cloudfront.net\/2\/2025\/08\/Kimberley-Le-Court-Pienaar-Tour-Femmes-profimedia-1026968307-CVR.webp","width":990,"height":660,"caption":"Kim Le Court"},{"@type":"BreadcrumbList","@id":"https:\/\/www.welovecycling.com\/wide\/2025\/08\/01\/le-court-pienaar-extends-gc-lead-as-maeva-squiban-makes-french-hearts-race-with-32km-solo\/#breadcrumb","itemListElement":[{"@type":"ListItem","position":1,"name":"Home","item":"https:\/\/www.welovecycling.com\/wide\/"},{"@type":"ListItem","position":2,"name":"Le Court Pienaar Extends GC Lead as Ma\u00ebva Squiban Makes French Hearts Race With 32km Solo"}]},{"@type":"WebSite","@id":"https:\/\/www.welovecycling.com\/wide\/#website","url":"https:\/\/www.welovecycling.com\/wide\/","name":"\u0160koda We Love Cycling","description":"\u0160koda We Love Cycling magazine","alternateName":"\u0160koda WLC","potentialAction":[{"@type":"SearchAction","target":{"@type":"EntryPoint","urlTemplate":"https:\/\/www.welovecycling.com\/wide\/?s={search_term_string}"},"query-input":{"@type":"PropertyValueSpecification","valueRequired":true,"valueName":"search_term_string"}}],"inLanguage":"en-US"},{"@type":"Person","@id":"https:\/\/www.welovecycling.com\/wide\/#\/schema\/person\/50f01ecd18718d2333cf72e823c4f926","name":"tereza","image":{"@type":"ImageObject","inLanguage":"en-US","@id":"https:\/\/www.welovecycling.com\/wide\/#\/schema\/person\/image\/","url":"https:\/\/secure.gravatar.com\/avatar\/1f9eb71be33845f0afabce3791bc1c58ecdb0a25c62964987e5dbcf7a20d2ec7?s=96&d=mm&r=g","contentUrl":"https:\/\/secure.gravatar.com\/avatar\/1f9eb71be33845f0afabce3791bc1c58ecdb0a25c62964987e5dbcf7a20d2ec7?s=96&d=mm&r=g","caption":"tereza"},"url":"https:\/\/www.welovecycling.com\/wide\/author\/tereza\/"}]}},"_links":{"self":[{"href":"https:\/\/www.welovecycling.com\/wide\/wp-json\/wp\/v2\/posts\/199243","targetHints":{"allow":["GET"]}}],"collection":[{"href":"https:\/\/www.welovecycling.com\/wide\/wp-json\/wp\/v2\/posts"}],"about":[{"href":"https:\/\/www.welovecycling.com\/wide\/wp-json\/wp\/v2\/types\/post"}],"author":[{"embeddable":true,"href":"https:\/\/www.welovecycling.com\/wide\/wp-json\/wp\/v2\/users\/99"}],"replies":[{"embeddable":true,"href":"https:\/\/www.welovecycling.com\/wide\/wp-json\/wp\/v2\/comments?post=199243"}],"version-history":[{"count":4,"href":"https:\/\/www.welovecycling.com\/wide\/wp-json\/wp\/v2\/posts\/199243\/revisions"}],"predecessor-version":[{"id":199248,"href":"https:\/\/www.welovecycling.com\/wide\/wp-json\/wp\/v2\/posts\/199243\/revisions\/199248"}],"wp:featuredmedia":[{"embeddable":true,"href":"https:\/\/www.welovecycling.com\/wide\/wp-json\/wp\/v2\/media\/199245"}],"wp:attachment":[{"href":"https:\/\/www.welovecycling.com\/wide\/wp-json\/wp\/v2\/media?parent=199243"}],"wp:term":[{"taxonomy":"category","embeddable":true,"href":"https:\/\/www.welovecycling.com\/wide\/wp-json\/wp\/v2\/categories?post=199243"},{"taxonomy":"post_tag","embeddable":true,"href":"https:\/\/www.welovecycling.com\/wide\/wp-json\/wp\/v2\/tags?post=199243"},{"taxonomy":"global-categories","embeddable":true,"href":"https:\/\/www.welovecycling.com\/wide\/wp-json\/wp\/v2\/global-categories?post=199243"}],"curies":[{"name":"wp","href":"https:\/\/api.w.org\/{rel}","templated":true}]}}