{"id":199239,"date":"2025-08-01T05:20:50","date_gmt":"2025-08-01T05:20:50","guid":{"rendered":"https:\/\/www.welovecycling.com\/wide\/?p=199239"},"modified":"2025-08-01T05:26:28","modified_gmt":"2025-08-01T05:26:28","slug":"why-every-cyclist-secretly-thinks-theyd-win-the-tour-de-france","status":"publish","type":"post","link":"https:\/\/www.welovecycling.com\/wide\/2025\/08\/01\/why-every-cyclist-secretly-thinks-theyd-win-the-tour-de-france\/","title":{"rendered":"Why Every Cyclist Secretly Thinks They\u2019d Win the Tour de France"},"content":{"rendered":"<p><strong>Let\u2019s be honest: every cyclist \u2013 yes, including you, me, and Dave from accounting with his squeaky hybrid \u2013 secretly thinks they\u2019d win the Tour de France.<\/strong><!--more--><\/p>\n<h2><strong>\u201cIf I had time to train\u2026\u201d<\/strong><\/h2>\n<p>This is the universal mantra. If we just didn\u2019t have full-time jobs, kids, dogs, mortgages, creaky knees, or an insatiable need to watch Netflix every night \u2013 we\u2019d be right up there with <a href=\"https:\/\/www.welovecycling.com\/wide\/2025\/07\/27\/pogacar-wins-tour-de-france-a-display-of-unyielding-dominance\/\" target=\"_blank\" rel=\"noopener\">Poga\u010dar.<\/a><\/p>\n<p>I mean, I personally train <em>hard<\/em> \u2013 two Zwift sessions a week, a Sunday caf\u00e9 ride, and regular strength workouts consisting of carrying shopping bags up the stairs. Surely that\u2019s enough to conquer the Alps?<\/p>\n<p>And let\u2019s not forget the ultimate justification: <em>\u201cI just don\u2019t have the time to recover properly, otherwise I\u2019d smash it.\u201d<\/em> Yes, Dave. Sleep is the only thing standing between you and yellow.<\/p>\n<h2><strong>Crushing that local segment<\/strong><\/h2>\n<p>Every cyclist has that one segment they absolutely obliterate. It might only be 200 metres long and have a howling tailwind, but it\u2019s THEIR moment of glory.<\/p>\n<p>Last week, I KOM\u2019d a flat segment near Lidl at 45km\/h while drafting a recycling truck. Felt unstoppable. <a href=\"https:\/\/letour.fr\/\">Tour de France<\/a> mountains? Pfft. Same thing, just longer\u2026 right?<\/p>\n<p>And let\u2019s be real, every group ride ends with someone sprinting for an imaginary line yelling, \u201cAND HE TAKES THE STAGE WIN ON THE CHAMPS-\u00c9LYS\u00c9ES!\u201d We\u2019ve all done it. Some of us twice in the same ride.<\/p>\n<h2><strong>Watching every stage makes us pros<\/strong><\/h2>\n<p>We\u2019ve all sat on the sofa in bib shorts, eating spaghetti straight from the pan, watching Eurosport commentators dissect watts per kilo and thinking, \u201cYeah, I could totally do that.\u201d After all, tactical knowledge is half the battle. The other half \u2013 the fitness \u2013 is just details.<\/p>\n<p>Plus, we know exactly when to attack. Usually right after the bakery stop when everyone else is digesting almond croissants. Pure strategy.<\/p>\n<h2><strong>The bike is worth more than the car<\/strong><\/h2>\n<p>It\u2019s science: the lighter the wallet, the faster the bike. Between the carbon frame, Di2, and aero wheels, our bikes are basically pro-level. Sure, the engine (legs) might wheeze uphill like an asthmatic goat, but at least we <em>look<\/em> Tour-ready in photos.<\/p>\n<p>And let\u2019s not ignore the moral boost from \u00a3200 shoes and a matching helmet. Marginal gains, right?<\/p>\n<h2><strong>We can suffer\u2026 briefly<\/strong><\/h2>\n<p>The Tour is about suffering, and we\u2019re experts. Just last Sunday I held 300 watts for 10 minutes before seeing stars and dry-heaving into a hedge. Multiply that by 40 and I\u2019m basically <a href=\"https:\/\/www.welovecycling.com\/wide\/2025\/07\/29\/tdffaz-short-on-favourites-as-reusser-and-longo-borghini-abandon-and-vollering-crashes\/\" target=\"_blank\" rel=\"noopener\">Demi Vollering.<\/a> That\u2019s how maths works, right?<\/p>\n<p>Besides, pain is just weakness leaving the body. Or in my case, it\u2019s last night\u2019s pizza leaving my stomach at the roadside mid-interval.<\/p>\n<h2><strong>Because dreams are free<\/strong><\/h2>\n<p>At the end of the day, we\u2019re all the same: lycra-clad dreamers, believing that with just a bit more training, a few gels, and the perfect marginal gains, we\u2019d be on that Paris podium, spraying champagne and waving to adoring fans.<\/p>\n<p>Until UAE Team Emirates calls, I\u2019ll keep wearing yellow socks for morale, chasing Strava segments behind buses, and telling anyone who\u2019ll listen:<\/p>\n<p>\u201cHonestly mate, if I went full gas, I\u2019d drop Poga\u010dar. Easy.\u201d<\/p>\n","protected":false},"excerpt":{"rendered":"<p>Let\u2019s be honest: every cyclist \u2013 yes, including you, me, and Dave from accounting with his squeaky hybrid \u2013 secretly [&hellip;]<\/p>\n","protected":false},"author":99,"featured_media":199242,"comment_status":"closed","ping_status":"open","sticky":false,"template":"","format":"standard","meta":{"footnotes":""},"categories":[329,334],"tags":[2668,3415,433,3231],"global-categories":[3366],"class_list":["post-199239","post","type-post","status-publish","format-standard","has-post-thumbnail","hentry","category-road-cycling","category-socialising-and-culture","tag-cycling-fun","tag-tadej-pogacar","tag-tour-de-france","tag-tour-de-france-fans","global-categories-cycling"],"yoast_head":"<!-- This site is optimized with the Yoast SEO Premium plugin v25.3 (Yoast SEO v25.9) - https:\/\/yoast.com\/wordpress\/plugins\/seo\/ -->\n<title>Why Every Cyclist Secretly Thinks They\u2019d Win the Tour de France - \u0160koda We Love Cycling<\/title>\n<meta name=\"description\" content=\"Let\u2019s be honest: every cyclist \u2013 yes, including you, me, and Dave from accounting with his squeaky hybrid \u2013 secretly thinks they\u2019d win the Tour de France.\" \/>\n<meta name=\"robots\" content=\"index, follow, max-snippet:-1, max-image-preview:large, max-video-preview:-1\" \/>\n<link rel=\"canonical\" href=\"https:\/\/www.welovecycling.com\/wide\/2025\/08\/01\/why-every-cyclist-secretly-thinks-theyd-win-the-tour-de-france\/\" \/>\n<meta property=\"og:locale\" content=\"en_US\" \/>\n<meta property=\"og:type\" content=\"article\" \/>\n<meta property=\"og:title\" content=\"Why Every Cyclist Secretly Thinks They\u2019d Win the Tour de France\" \/>\n<meta property=\"og:description\" content=\"Let\u2019s be honest: every cyclist \u2013 yes, including you, me, and Dave from accounting with his squeaky hybrid \u2013 secretly thinks they\u2019d win the Tour de France.\" \/>\n<meta property=\"og:url\" content=\"https:\/\/www.welovecycling.com\/wide\/2025\/08\/01\/why-every-cyclist-secretly-thinks-theyd-win-the-tour-de-france\/\" \/>\n<meta property=\"og:site_name\" content=\"\u0160koda We Love Cycling\" \/>\n<meta property=\"article:published_time\" content=\"2025-08-01T05:20:50+00:00\" \/>\n<meta property=\"article:modified_time\" content=\"2025-08-01T05:26:28+00:00\" \/>\n<meta property=\"og:image\" content=\"https:\/\/d2p6e6u75xmxt8.cloudfront.net\/2\/2025\/08\/Tour-de-France-Femmes-Start-Peloton-profimedia-1026791755-CVR.webp\" \/>\n\t<meta property=\"og:image:width\" content=\"990\" \/>\n\t<meta property=\"og:image:height\" content=\"660\" \/>\n\t<meta property=\"og:image:type\" content=\"image\/webp\" \/>\n<meta name=\"author\" content=\"tereza\" \/>\n<meta name=\"twitter:card\" content=\"summary_large_image\" \/>\n<meta name=\"twitter:label1\" content=\"Written by\" \/>\n\t<meta name=\"twitter:data1\" content=\"Monica Buck\" \/>\n\t<meta name=\"twitter:label2\" content=\"Est. reading time\" \/>\n\t<meta name=\"twitter:data2\" content=\"2\" \/>\n<script type=\"application\/ld+json\" class=\"yoast-schema-graph\">{\"@context\":\"https:\/\/schema.org\",\"@graph\":[{\"@type\":\"WebPage\",\"@id\":\"https:\/\/www.welovecycling.com\/wide\/2025\/08\/01\/why-every-cyclist-secretly-thinks-theyd-win-the-tour-de-france\/\",\"url\":\"https:\/\/www.welovecycling.com\/wide\/2025\/08\/01\/why-every-cyclist-secretly-thinks-theyd-win-the-tour-de-france\/\",\"name\":\"Why Every Cyclist Secretly Thinks They\u2019d Win the Tour de France - \u0160koda We Love Cycling\",\"isPartOf\":{\"@id\":\"https:\/\/www.welovecycling.com\/wide\/#website\"},\"primaryImageOfPage\":{\"@id\":\"https:\/\/www.welovecycling.com\/wide\/2025\/08\/01\/why-every-cyclist-secretly-thinks-theyd-win-the-tour-de-france\/#primaryimage\"},\"image\":{\"@id\":\"https:\/\/www.welovecycling.com\/wide\/2025\/08\/01\/why-every-cyclist-secretly-thinks-theyd-win-the-tour-de-france\/#primaryimage\"},\"thumbnailUrl\":\"https:\/\/d2p6e6u75xmxt8.cloudfront.net\/2\/2025\/08\/Tour-de-France-Femmes-Start-Peloton-profimedia-1026791755-CVR.webp\",\"datePublished\":\"2025-08-01T05:20:50+00:00\",\"dateModified\":\"2025-08-01T05:26:28+00:00\",\"author\":{\"@id\":\"https:\/\/www.welovecycling.com\/wide\/#\/schema\/person\/50f01ecd18718d2333cf72e823c4f926\"},\"description\":\"Let\u2019s be honest: every cyclist \u2013 yes, including you, me, and Dave from accounting with his squeaky hybrid \u2013 secretly thinks they\u2019d win the Tour de France.\",\"breadcrumb\":{\"@id\":\"https:\/\/www.welovecycling.com\/wide\/2025\/08\/01\/why-every-cyclist-secretly-thinks-theyd-win-the-tour-de-france\/#breadcrumb\"},\"inLanguage\":\"en-US\",\"potentialAction\":[{\"@type\":\"ReadAction\",\"target\":[\"https:\/\/www.welovecycling.com\/wide\/2025\/08\/01\/why-every-cyclist-secretly-thinks-theyd-win-the-tour-de-france\/\"]}]},{\"@type\":\"ImageObject\",\"inLanguage\":\"en-US\",\"@id\":\"https:\/\/www.welovecycling.com\/wide\/2025\/08\/01\/why-every-cyclist-secretly-thinks-theyd-win-the-tour-de-france\/#primaryimage\",\"url\":\"https:\/\/d2p6e6u75xmxt8.cloudfront.net\/2\/2025\/08\/Tour-de-France-Femmes-Start-Peloton-profimedia-1026791755-CVR.webp\",\"contentUrl\":\"https:\/\/d2p6e6u75xmxt8.cloudfront.net\/2\/2025\/08\/Tour-de-France-Femmes-Start-Peloton-profimedia-1026791755-CVR.webp\",\"width\":990,\"height\":660,\"caption\":\"Tour de France Femmes Start\"},{\"@type\":\"BreadcrumbList\",\"@id\":\"https:\/\/www.welovecycling.com\/wide\/2025\/08\/01\/why-every-cyclist-secretly-thinks-theyd-win-the-tour-de-france\/#breadcrumb\",\"itemListElement\":[{\"@type\":\"ListItem\",\"position\":1,\"name\":\"Home\",\"item\":\"https:\/\/www.welovecycling.com\/wide\/\"},{\"@type\":\"ListItem\",\"position\":2,\"name\":\"Why Every Cyclist Secretly Thinks They\u2019d Win the Tour de France\"}]},{\"@type\":\"WebSite\",\"@id\":\"https:\/\/www.welovecycling.com\/wide\/#website\",\"url\":\"https:\/\/www.welovecycling.com\/wide\/\",\"name\":\"\u0160koda We Love Cycling\",\"description\":\"\u0160koda We Love Cycling magazine\",\"alternateName\":\"\u0160koda WLC\",\"potentialAction\":[{\"@type\":\"SearchAction\",\"target\":{\"@type\":\"EntryPoint\",\"urlTemplate\":\"https:\/\/www.welovecycling.com\/wide\/?s={search_term_string}\"},\"query-input\":{\"@type\":\"PropertyValueSpecification\",\"valueRequired\":true,\"valueName\":\"search_term_string\"}}],\"inLanguage\":\"en-US\"},{\"@type\":\"Person\",\"@id\":\"https:\/\/www.welovecycling.com\/wide\/#\/schema\/person\/50f01ecd18718d2333cf72e823c4f926\",\"name\":\"tereza\",\"image\":{\"@type\":\"ImageObject\",\"inLanguage\":\"en-US\",\"@id\":\"https:\/\/www.welovecycling.com\/wide\/#\/schema\/person\/image\/\",\"url\":\"https:\/\/secure.gravatar.com\/avatar\/1f9eb71be33845f0afabce3791bc1c58ecdb0a25c62964987e5dbcf7a20d2ec7?s=96&d=mm&r=g\",\"contentUrl\":\"https:\/\/secure.gravatar.com\/avatar\/1f9eb71be33845f0afabce3791bc1c58ecdb0a25c62964987e5dbcf7a20d2ec7?s=96&d=mm&r=g\",\"caption\":\"tereza\"},\"url\":\"https:\/\/www.welovecycling.com\/wide\/author\/tereza\/\"}]}<\/script>\n<!-- \/ Yoast SEO Premium plugin. -->","yoast_head_json":{"title":"Why Every Cyclist Secretly Thinks They\u2019d Win the Tour de France - \u0160koda We Love Cycling","description":"Let\u2019s be honest: every cyclist \u2013 yes, including you, me, and Dave from accounting with his squeaky hybrid \u2013 secretly thinks they\u2019d win the Tour de France.","robots":{"index":"index","follow":"follow","max-snippet":"max-snippet:-1","max-image-preview":"max-image-preview:large","max-video-preview":"max-video-preview:-1"},"canonical":"https:\/\/www.welovecycling.com\/wide\/2025\/08\/01\/why-every-cyclist-secretly-thinks-theyd-win-the-tour-de-france\/","og_locale":"en_US","og_type":"article","og_title":"Why Every Cyclist Secretly Thinks They\u2019d Win the Tour de France","og_description":"Let\u2019s be honest: every cyclist \u2013 yes, including you, me, and Dave from accounting with his squeaky hybrid \u2013 secretly thinks they\u2019d win the Tour de France.","og_url":"https:\/\/www.welovecycling.com\/wide\/2025\/08\/01\/why-every-cyclist-secretly-thinks-theyd-win-the-tour-de-france\/","og_site_name":"\u0160koda We Love Cycling","article_published_time":"2025-08-01T05:20:50+00:00","article_modified_time":"2025-08-01T05:26:28+00:00","og_image":[{"width":990,"height":660,"url":"https:\/\/d2p6e6u75xmxt8.cloudfront.net\/2\/2025\/08\/Tour-de-France-Femmes-Start-Peloton-profimedia-1026791755-CVR.webp","type":"image\/webp"}],"author":"tereza","twitter_card":"summary_large_image","twitter_misc":{"Written by":"Monica Buck","Est. reading time":"2"},"schema":{"@context":"https:\/\/schema.org","@graph":[{"@type":"WebPage","@id":"https:\/\/www.welovecycling.com\/wide\/2025\/08\/01\/why-every-cyclist-secretly-thinks-theyd-win-the-tour-de-france\/","url":"https:\/\/www.welovecycling.com\/wide\/2025\/08\/01\/why-every-cyclist-secretly-thinks-theyd-win-the-tour-de-france\/","name":"Why Every Cyclist Secretly Thinks They\u2019d Win the Tour de France - \u0160koda We Love Cycling","isPartOf":{"@id":"https:\/\/www.welovecycling.com\/wide\/#website"},"primaryImageOfPage":{"@id":"https:\/\/www.welovecycling.com\/wide\/2025\/08\/01\/why-every-cyclist-secretly-thinks-theyd-win-the-tour-de-france\/#primaryimage"},"image":{"@id":"https:\/\/www.welovecycling.com\/wide\/2025\/08\/01\/why-every-cyclist-secretly-thinks-theyd-win-the-tour-de-france\/#primaryimage"},"thumbnailUrl":"https:\/\/d2p6e6u75xmxt8.cloudfront.net\/2\/2025\/08\/Tour-de-France-Femmes-Start-Peloton-profimedia-1026791755-CVR.webp","datePublished":"2025-08-01T05:20:50+00:00","dateModified":"2025-08-01T05:26:28+00:00","author":{"@id":"https:\/\/www.welovecycling.com\/wide\/#\/schema\/person\/50f01ecd18718d2333cf72e823c4f926"},"description":"Let\u2019s be honest: every cyclist \u2013 yes, including you, me, and Dave from accounting with his squeaky hybrid \u2013 secretly thinks they\u2019d win the Tour de France.","breadcrumb":{"@id":"https:\/\/www.welovecycling.com\/wide\/2025\/08\/01\/why-every-cyclist-secretly-thinks-theyd-win-the-tour-de-france\/#breadcrumb"},"inLanguage":"en-US","potentialAction":[{"@type":"ReadAction","target":["https:\/\/www.welovecycling.com\/wide\/2025\/08\/01\/why-every-cyclist-secretly-thinks-theyd-win-the-tour-de-france\/"]}]},{"@type":"ImageObject","inLanguage":"en-US","@id":"https:\/\/www.welovecycling.com\/wide\/2025\/08\/01\/why-every-cyclist-secretly-thinks-theyd-win-the-tour-de-france\/#primaryimage","url":"https:\/\/d2p6e6u75xmxt8.cloudfront.net\/2\/2025\/08\/Tour-de-France-Femmes-Start-Peloton-profimedia-1026791755-CVR.webp","contentUrl":"https:\/\/d2p6e6u75xmxt8.cloudfront.net\/2\/2025\/08\/Tour-de-France-Femmes-Start-Peloton-profimedia-1026791755-CVR.webp","width":990,"height":660,"caption":"Tour de France Femmes Start"},{"@type":"BreadcrumbList","@id":"https:\/\/www.welovecycling.com\/wide\/2025\/08\/01\/why-every-cyclist-secretly-thinks-theyd-win-the-tour-de-france\/#breadcrumb","itemListElement":[{"@type":"ListItem","position":1,"name":"Home","item":"https:\/\/www.welovecycling.com\/wide\/"},{"@type":"ListItem","position":2,"name":"Why Every Cyclist Secretly Thinks They\u2019d Win the Tour de France"}]},{"@type":"WebSite","@id":"https:\/\/www.welovecycling.com\/wide\/#website","url":"https:\/\/www.welovecycling.com\/wide\/","name":"\u0160koda We Love Cycling","description":"\u0160koda We Love Cycling magazine","alternateName":"\u0160koda WLC","potentialAction":[{"@type":"SearchAction","target":{"@type":"EntryPoint","urlTemplate":"https:\/\/www.welovecycling.com\/wide\/?s={search_term_string}"},"query-input":{"@type":"PropertyValueSpecification","valueRequired":true,"valueName":"search_term_string"}}],"inLanguage":"en-US"},{"@type":"Person","@id":"https:\/\/www.welovecycling.com\/wide\/#\/schema\/person\/50f01ecd18718d2333cf72e823c4f926","name":"tereza","image":{"@type":"ImageObject","inLanguage":"en-US","@id":"https:\/\/www.welovecycling.com\/wide\/#\/schema\/person\/image\/","url":"https:\/\/secure.gravatar.com\/avatar\/1f9eb71be33845f0afabce3791bc1c58ecdb0a25c62964987e5dbcf7a20d2ec7?s=96&d=mm&r=g","contentUrl":"https:\/\/secure.gravatar.com\/avatar\/1f9eb71be33845f0afabce3791bc1c58ecdb0a25c62964987e5dbcf7a20d2ec7?s=96&d=mm&r=g","caption":"tereza"},"url":"https:\/\/www.welovecycling.com\/wide\/author\/tereza\/"}]}},"_links":{"self":[{"href":"https:\/\/www.welovecycling.com\/wide\/wp-json\/wp\/v2\/posts\/199239","targetHints":{"allow":["GET"]}}],"collection":[{"href":"https:\/\/www.welovecycling.com\/wide\/wp-json\/wp\/v2\/posts"}],"about":[{"href":"https:\/\/www.welovecycling.com\/wide\/wp-json\/wp\/v2\/types\/post"}],"author":[{"embeddable":true,"href":"https:\/\/www.welovecycling.com\/wide\/wp-json\/wp\/v2\/users\/99"}],"replies":[{"embeddable":true,"href":"https:\/\/www.welovecycling.com\/wide\/wp-json\/wp\/v2\/comments?post=199239"}],"version-history":[{"count":2,"href":"https:\/\/www.welovecycling.com\/wide\/wp-json\/wp\/v2\/posts\/199239\/revisions"}],"predecessor-version":[{"id":199241,"href":"https:\/\/www.welovecycling.com\/wide\/wp-json\/wp\/v2\/posts\/199239\/revisions\/199241"}],"wp:featuredmedia":[{"embeddable":true,"href":"https:\/\/www.welovecycling.com\/wide\/wp-json\/wp\/v2\/media\/199242"}],"wp:attachment":[{"href":"https:\/\/www.welovecycling.com\/wide\/wp-json\/wp\/v2\/media?parent=199239"}],"wp:term":[{"taxonomy":"category","embeddable":true,"href":"https:\/\/www.welovecycling.com\/wide\/wp-json\/wp\/v2\/categories?post=199239"},{"taxonomy":"post_tag","embeddable":true,"href":"https:\/\/www.welovecycling.com\/wide\/wp-json\/wp\/v2\/tags?post=199239"},{"taxonomy":"global-categories","embeddable":true,"href":"https:\/\/www.welovecycling.com\/wide\/wp-json\/wp\/v2\/global-categories?post=199239"}],"curies":[{"name":"wp","href":"https:\/\/api.w.org\/{rel}","templated":true}]}}