{"id":199194,"date":"2025-07-28T09:38:11","date_gmt":"2025-07-28T09:38:11","guid":{"rendered":"https:\/\/www.welovecycling.com\/wide\/?p=199194"},"modified":"2025-07-28T10:47:26","modified_gmt":"2025-07-28T10:47:26","slug":"jonathan-milan-wins-the-skoda-green-jersey-with-late-points-burst","status":"publish","type":"post","link":"https:\/\/www.welovecycling.com\/wide\/2025\/07\/28\/jonathan-milan-wins-the-skoda-green-jersey-with-late-points-burst\/","title":{"rendered":"Jonathan Milan Wins the \u0160koda Green Jersey With Late Points Burst"},"content":{"rendered":"<p><strong>Lidl-Trek\u2019s Jonathan Milan won the \u0160kod Green Jersey with a late stage win and a harvesting of intermediate sprint (IS) points to deny Tadej Poga\u010dar (UAE Team Emirates\u2013XRG), who was not actively competing in that competition. His margin of victory over the yellow jersey winner was 372 points to 294, with Biniam Girmay (Intermarch\u00e9-Wanty) in third with 232.<\/strong><\/p>\n<p><!--more--><\/p>\n<p>Milan won two stages, matching Tim Merlier (Soudal Quick-Step), who finished seventh in the points classification, with 156 points. Milan became the de facto favorite for the win after his primary rival, Jasper Philipsen (Alpecin-Deceuninck), crashed on stage 3 while racing for an IS and broke his collarbone. The 2023 \u0160koda Green Jersey winner won the opening stage, in which Milan was part of a group that was dropped from the peloton due to crosswinds and never caught up, and the Belgian looked very strong. But Philipsen was in the wrong place at the wrong time when Bryan Coquard (Cofidis) and Edward Theuns (Lidl-Trek) collided and Coquard ricocheted into him.<\/p>\n<p>\u201cI\u2019m super happy with how the Tour panned out for us,\u201d Milan said after stage 21. \u201cI will definitely love to come back in the next few years. We\u2019ll see what the course is like every year in order to decide when.\u201d<\/p>\n<p>One problem for him and other sprinters was the decision of organisers to add three climbs of the C\u00f4te de la Butte Montmartre to the final stage, which turned it into something of a Classics race, rather than a stage perfectly suited for the sprinters, as had been the tradition.<\/p>\n<blockquote class=\"instagram-media\" style=\"background: #FFF; border: 0; border-radius: 3px; box-shadow: 0 0 1px 0 rgba(0,0,0,0.5),0 1px 10px 0 rgba(0,0,0,0.15); margin: 1px; max-width: 540px; min-width: 326px; padding: 0; width: calc(100% - 2px);\" data-instgrm-captioned=\"\" data-instgrm-permalink=\"https:\/\/www.instagram.com\/reel\/DMn7Fy0scu-\/?utm_source=ig_embed&amp;utm_campaign=loading\" data-instgrm-version=\"14\">\n<div style=\"padding: 16px;\">\n<p>&nbsp;<\/p>\n<div style=\"display: flex; flex-direction: row; align-items: center;\">\n<div style=\"background-color: #f4f4f4; border-radius: 50%; flex-grow: 0; height: 40px; margin-right: 14px; width: 40px;\"><\/div>\n<div style=\"display: flex; flex-direction: column; flex-grow: 1; justify-content: center;\">\n<div style=\"background-color: #f4f4f4; border-radius: 4px; flex-grow: 0; height: 14px; margin-bottom: 6px; width: 100px;\"><\/div>\n<div style=\"background-color: #f4f4f4; border-radius: 4px; flex-grow: 0; height: 14px; width: 60px;\"><\/div>\n<\/div>\n<\/div>\n<div style=\"padding: 19% 0;\"><\/div>\n<div style=\"display: block; height: 50px; margin: 0 auto 12px; width: 50px;\"><\/div>\n<div style=\"padding-top: 8px;\">\n<div style=\"color: #3897f0; font-family: Arial,sans-serif; font-size: 14px; font-style: normal; font-weight: 550; line-height: 18px;\">Zobrazit p\u0159\u00edsp\u011bvek na Instagramu<\/div>\n<\/div>\n<div style=\"padding: 12.5% 0;\"><\/div>\n<div style=\"display: flex; flex-direction: row; margin-bottom: 14px; align-items: center;\">\n<div>\n<div style=\"background-color: #f4f4f4; border-radius: 50%; height: 12.5px; width: 12.5px; transform: translateX(0px) translateY(7px);\"><\/div>\n<div style=\"background-color: #f4f4f4; height: 12.5px; transform: rotate(-45deg) translateX(3px) translateY(1px); width: 12.5px; flex-grow: 0; margin-right: 14px; margin-left: 2px;\"><\/div>\n<div style=\"background-color: #f4f4f4; border-radius: 50%; height: 12.5px; width: 12.5px; transform: translateX(9px) translateY(-18px);\"><\/div>\n<\/div>\n<div style=\"margin-left: 8px;\">\n<div style=\"background-color: #f4f4f4; border-radius: 50%; flex-grow: 0; height: 20px; width: 20px;\"><\/div>\n<div style=\"width: 0; height: 0; border-top: 2px solid transparent; border-left: 6px solid #f4f4f4; border-bottom: 2px solid transparent; transform: translateX(16px) translateY(-4px) rotate(30deg);\"><\/div>\n<\/div>\n<div style=\"margin-left: auto;\">\n<div style=\"width: 0px; border-top: 8px solid #F4F4F4; border-right: 8px solid transparent; transform: translateY(16px);\"><\/div>\n<div style=\"background-color: #f4f4f4; flex-grow: 0; height: 12px; width: 16px; transform: translateY(-4px);\"><\/div>\n<div style=\"width: 0; height: 0; border-top: 8px solid #F4F4F4; border-left: 8px solid transparent; transform: translateY(-4px) translateX(8px);\"><\/div>\n<\/div>\n<\/div>\n<div style=\"display: flex; flex-direction: column; flex-grow: 1; justify-content: center; margin-bottom: 24px;\">\n<div style=\"background-color: #f4f4f4; border-radius: 4px; flex-grow: 0; height: 14px; margin-bottom: 6px; width: 224px;\"><\/div>\n<div style=\"background-color: #f4f4f4; border-radius: 4px; flex-grow: 0; height: 14px; width: 144px;\"><\/div>\n<\/div>\n<p>&nbsp;<\/p>\n<p style=\"color: #c9c8cd; font-family: Arial,sans-serif; font-size: 14px; line-height: 17px; margin-bottom: 0; margin-top: 8px; overflow: hidden; padding: 8px 0 7px; text-align: center; text-overflow: ellipsis; white-space: nowrap;\"><a style=\"color: #c9c8cd; font-family: Arial,sans-serif; font-size: 14px; font-style: normal; font-weight: normal; line-height: 17px; text-decoration: none;\" href=\"https:\/\/www.instagram.com\/reel\/DMn7Fy0scu-\/?utm_source=ig_embed&amp;utm_campaign=loading\" target=\"_blank\" rel=\"noopener\">P\u0159\u00edsp\u011bvek sd\u00edlen\u00fd S\u030ckoda We Love Cycling France (@skodawelovecyclingfrance)<\/a><\/p>\n<\/div>\n<\/blockquote>\n<p><script async src=\"\/\/www.instagram.com\/embed.js\"><\/script>\u201cThe guys really tried for me on the first Montmartre [climb], but it was just too tough. I really enjoyed the stage after that,\u201d Milan said. \u201cIt was my dream to finish with a sprint, but this was really the complete opposite. I did my best, and I&#8217;m happy with the Tour we rode.\u201d<\/p>\n<p>He went on to say: &#8220;I really suffered in this edition, but I would love to return to experience it all again. The Tour was a big goal for the team, and it has always been a dream to arrive in Paris in the \u0160koda Green Jersey, ever since I turned pro. We achieved a lot today, I am very happy with that.\u201d<\/p>\n<p>Milan was riding in his first Tour after winning the Giro d\u2019Italia points classification in 2023 and 2024. The 24-year-old Italian looks to be a Grand Tour green jersey contender for years to come. One of his future rivals is certain to be last year\u2019s <a href=\"https:\/\/www.welovecycling.com\/wide\/2024\/07\/02\/its-our-moment-its-our-time-its-for-all-africa-declares-biniam-girmay-after-historic-tour-de-france-stage-win\/\" target=\"_blank\" rel=\"noopener\">\u0160koda Green Jersey winner, Biniam Girmay.<\/a> The 25-year-old Eritrean came into the Tour some way from his best form and was not able to collect a win. \u201cI was better than last year, but we never found the momentum,\u201d he said. \u201cWe could have performed better, but we learned a lot.\u201d<\/p>\n<p>One of the intriguing aspects of the points race had been the presence of Philipsen\u2019s teammate Mathieu van der Poel. It was widely believed that the world gravel and cross-country champion might go for the green jersey after Philipsen left the race, especially since many of the stages suited his one-day-racing skills and race organisers had decided to award the maximum 50 points to the winners of these hilly stages.<\/p>\n<p>Van der Poel won stage 2, finished third on stage 4 and third on stage 11, after which he stood third in the green jersey standings. He repeatedly denied that he was interested in anything but stage wins, yet raced in an IS on occasion. But he eventually left the race before the start of stage 16 after falling ill with pneumonia, so we\u2019ll never know for sure.<\/p>\n<p>As for Poga\u010dar, he trailed Milan by only 11 points after stage 16 because of his four stage wins, and would have given the Lidl-Trek sprinter quite a fight if Milan had not won another stage. But Milan won stage 17 and picked up IS points on that and the following stage, while Poga\u010dar did not win another stage.<\/p>\n<p>\u201cIt was a tough fight, but we deserved this,\u201d Milan said. \u201cI&#8217;m going to sleep on Monday, preferably until 10 a.m. or later. And I&#8217;m going to eat pizza, a nice margherita. I&#8217;m going to miss the people in the Tour, but definitely not the climbs, ha-ha!\u201d<\/p>\n","protected":false},"excerpt":{"rendered":"<p>Lidl-Trek\u2019s Jonathan Milan won the \u0160kod Green Jersey with a late stage win and a harvesting of intermediate sprint (IS) [&hellip;]<\/p>\n","protected":false},"author":99,"featured_media":199196,"comment_status":"closed","ping_status":"open","sticky":false,"template":"","format":"standard","meta":{"footnotes":""},"categories":[329],"tags":[8082,6356,5436,7142,2933,4970,433],"global-categories":[3366],"class_list":["post-199194","post","type-post","status-publish","format-standard","has-post-thumbnail","hentry","category-road-cycling","tag-2025-tour","tag-biniam-girmay","tag-jasper-philipsen","tag-jonathan-milan","tag-mathieu-van-der-poel","tag-tim-merlier","tag-tour-de-france","global-categories-cycling"],"yoast_head":"<!-- This site is optimized with the Yoast SEO Premium plugin v25.3 (Yoast SEO v25.9) - https:\/\/yoast.com\/wordpress\/plugins\/seo\/ -->\n<title>Jonathan Milan Wins the Tour de France \u0160koda Green Jersey<\/title>\n<meta name=\"description\" content=\"Lidl-Trek\u2019s Jonathan Milan won the \u0160kod Green Jersey with a late stage win and a harvesting of intermediate sprint (IS) points to deny Tadej Poga\u010dar (UAE\" \/>\n<meta name=\"robots\" content=\"index, follow, max-snippet:-1, max-image-preview:large, max-video-preview:-1\" \/>\n<link rel=\"canonical\" href=\"https:\/\/www.welovecycling.com\/wide\/2025\/07\/28\/jonathan-milan-wins-the-skoda-green-jersey-with-late-points-burst\/\" \/>\n<meta property=\"og:locale\" content=\"en_US\" \/>\n<meta property=\"og:type\" content=\"article\" \/>\n<meta property=\"og:title\" content=\"Jonathan Milan Wins the \u0160koda Green Jersey With Late Points Burst\" \/>\n<meta property=\"og:description\" content=\"Lidl-Trek\u2019s Jonathan Milan won the \u0160kod Green Jersey with a late stage win and a harvesting of intermediate sprint (IS) points to deny Tadej Poga\u010dar (UAE\" \/>\n<meta property=\"og:url\" content=\"https:\/\/www.welovecycling.com\/wide\/2025\/07\/28\/jonathan-milan-wins-the-skoda-green-jersey-with-late-points-burst\/\" \/>\n<meta property=\"og:site_name\" content=\"\u0160koda We Love Cycling\" \/>\n<meta property=\"article:published_time\" content=\"2025-07-28T09:38:11+00:00\" \/>\n<meta property=\"article:modified_time\" content=\"2025-07-28T10:47:26+00:00\" \/>\n<meta property=\"og:image\" content=\"https:\/\/d2p6e6u75xmxt8.cloudfront.net\/2\/2025\/07\/Jonathan-Milan-Green-Jersey-2025-Tour-profimedia-1026195797-CVR.webp\" \/>\n\t<meta property=\"og:image:width\" content=\"990\" \/>\n\t<meta property=\"og:image:height\" content=\"660\" \/>\n\t<meta property=\"og:image:type\" content=\"image\/webp\" \/>\n<meta name=\"author\" content=\"tereza\" \/>\n<meta name=\"twitter:card\" content=\"summary_large_image\" \/>\n<meta name=\"twitter:label1\" content=\"Written by\" \/>\n\t<meta name=\"twitter:data1\" content=\"Siegfried Mortkowitz\" \/>\n\t<meta name=\"twitter:label2\" content=\"Est. reading time\" \/>\n\t<meta name=\"twitter:data2\" content=\"3\" \/>\n<script type=\"application\/ld+json\" class=\"yoast-schema-graph\">{\"@context\":\"https:\/\/schema.org\",\"@graph\":[{\"@type\":\"WebPage\",\"@id\":\"https:\/\/www.welovecycling.com\/wide\/2025\/07\/28\/jonathan-milan-wins-the-skoda-green-jersey-with-late-points-burst\/\",\"url\":\"https:\/\/www.welovecycling.com\/wide\/2025\/07\/28\/jonathan-milan-wins-the-skoda-green-jersey-with-late-points-burst\/\",\"name\":\"Jonathan Milan Wins the Tour de France \u0160koda Green Jersey\",\"isPartOf\":{\"@id\":\"https:\/\/www.welovecycling.com\/wide\/#website\"},\"primaryImageOfPage\":{\"@id\":\"https:\/\/www.welovecycling.com\/wide\/2025\/07\/28\/jonathan-milan-wins-the-skoda-green-jersey-with-late-points-burst\/#primaryimage\"},\"image\":{\"@id\":\"https:\/\/www.welovecycling.com\/wide\/2025\/07\/28\/jonathan-milan-wins-the-skoda-green-jersey-with-late-points-burst\/#primaryimage\"},\"thumbnailUrl\":\"https:\/\/d2p6e6u75xmxt8.cloudfront.net\/2\/2025\/07\/Jonathan-Milan-Green-Jersey-2025-Tour-profimedia-1026195797-CVR.webp\",\"datePublished\":\"2025-07-28T09:38:11+00:00\",\"dateModified\":\"2025-07-28T10:47:26+00:00\",\"author\":{\"@id\":\"https:\/\/www.welovecycling.com\/wide\/#\/schema\/person\/50f01ecd18718d2333cf72e823c4f926\"},\"description\":\"Lidl-Trek\u2019s Jonathan Milan won the \u0160kod Green Jersey with a late stage win and a harvesting of intermediate sprint (IS) points to deny Tadej Poga\u010dar (UAE\",\"breadcrumb\":{\"@id\":\"https:\/\/www.welovecycling.com\/wide\/2025\/07\/28\/jonathan-milan-wins-the-skoda-green-jersey-with-late-points-burst\/#breadcrumb\"},\"inLanguage\":\"en-US\",\"potentialAction\":[{\"@type\":\"ReadAction\",\"target\":[\"https:\/\/www.welovecycling.com\/wide\/2025\/07\/28\/jonathan-milan-wins-the-skoda-green-jersey-with-late-points-burst\/\"]}]},{\"@type\":\"ImageObject\",\"inLanguage\":\"en-US\",\"@id\":\"https:\/\/www.welovecycling.com\/wide\/2025\/07\/28\/jonathan-milan-wins-the-skoda-green-jersey-with-late-points-burst\/#primaryimage\",\"url\":\"https:\/\/d2p6e6u75xmxt8.cloudfront.net\/2\/2025\/07\/Jonathan-Milan-Green-Jersey-2025-Tour-profimedia-1026195797-CVR.webp\",\"contentUrl\":\"https:\/\/d2p6e6u75xmxt8.cloudfront.net\/2\/2025\/07\/Jonathan-Milan-Green-Jersey-2025-Tour-profimedia-1026195797-CVR.webp\",\"width\":990,\"height\":660,\"caption\":\"Jonathan Milan\"},{\"@type\":\"BreadcrumbList\",\"@id\":\"https:\/\/www.welovecycling.com\/wide\/2025\/07\/28\/jonathan-milan-wins-the-skoda-green-jersey-with-late-points-burst\/#breadcrumb\",\"itemListElement\":[{\"@type\":\"ListItem\",\"position\":1,\"name\":\"Home\",\"item\":\"https:\/\/www.welovecycling.com\/wide\/\"},{\"@type\":\"ListItem\",\"position\":2,\"name\":\"Jonathan Milan Wins the \u0160koda Green Jersey With Late Points Burst\"}]},{\"@type\":\"WebSite\",\"@id\":\"https:\/\/www.welovecycling.com\/wide\/#website\",\"url\":\"https:\/\/www.welovecycling.com\/wide\/\",\"name\":\"\u0160koda We Love Cycling\",\"description\":\"\u0160koda We Love Cycling magazine\",\"alternateName\":\"\u0160koda WLC\",\"potentialAction\":[{\"@type\":\"SearchAction\",\"target\":{\"@type\":\"EntryPoint\",\"urlTemplate\":\"https:\/\/www.welovecycling.com\/wide\/?s={search_term_string}\"},\"query-input\":{\"@type\":\"PropertyValueSpecification\",\"valueRequired\":true,\"valueName\":\"search_term_string\"}}],\"inLanguage\":\"en-US\"},{\"@type\":\"Person\",\"@id\":\"https:\/\/www.welovecycling.com\/wide\/#\/schema\/person\/50f01ecd18718d2333cf72e823c4f926\",\"name\":\"tereza\",\"image\":{\"@type\":\"ImageObject\",\"inLanguage\":\"en-US\",\"@id\":\"https:\/\/www.welovecycling.com\/wide\/#\/schema\/person\/image\/\",\"url\":\"https:\/\/secure.gravatar.com\/avatar\/1f9eb71be33845f0afabce3791bc1c58ecdb0a25c62964987e5dbcf7a20d2ec7?s=96&d=mm&r=g\",\"contentUrl\":\"https:\/\/secure.gravatar.com\/avatar\/1f9eb71be33845f0afabce3791bc1c58ecdb0a25c62964987e5dbcf7a20d2ec7?s=96&d=mm&r=g\",\"caption\":\"tereza\"},\"url\":\"https:\/\/www.welovecycling.com\/wide\/author\/tereza\/\"}]}<\/script>\n<!-- \/ Yoast SEO Premium plugin. -->","yoast_head_json":{"title":"Jonathan Milan Wins the Tour de France \u0160koda Green Jersey","description":"Lidl-Trek\u2019s Jonathan Milan won the \u0160kod Green Jersey with a late stage win and a harvesting of intermediate sprint (IS) points to deny Tadej Poga\u010dar (UAE","robots":{"index":"index","follow":"follow","max-snippet":"max-snippet:-1","max-image-preview":"max-image-preview:large","max-video-preview":"max-video-preview:-1"},"canonical":"https:\/\/www.welovecycling.com\/wide\/2025\/07\/28\/jonathan-milan-wins-the-skoda-green-jersey-with-late-points-burst\/","og_locale":"en_US","og_type":"article","og_title":"Jonathan Milan Wins the \u0160koda Green Jersey With Late Points Burst","og_description":"Lidl-Trek\u2019s Jonathan Milan won the \u0160kod Green Jersey with a late stage win and a harvesting of intermediate sprint (IS) points to deny Tadej Poga\u010dar (UAE","og_url":"https:\/\/www.welovecycling.com\/wide\/2025\/07\/28\/jonathan-milan-wins-the-skoda-green-jersey-with-late-points-burst\/","og_site_name":"\u0160koda We Love Cycling","article_published_time":"2025-07-28T09:38:11+00:00","article_modified_time":"2025-07-28T10:47:26+00:00","og_image":[{"width":990,"height":660,"url":"https:\/\/d2p6e6u75xmxt8.cloudfront.net\/2\/2025\/07\/Jonathan-Milan-Green-Jersey-2025-Tour-profimedia-1026195797-CVR.webp","type":"image\/webp"}],"author":"tereza","twitter_card":"summary_large_image","twitter_misc":{"Written by":"Siegfried Mortkowitz","Est. reading time":"3"},"schema":{"@context":"https:\/\/schema.org","@graph":[{"@type":"WebPage","@id":"https:\/\/www.welovecycling.com\/wide\/2025\/07\/28\/jonathan-milan-wins-the-skoda-green-jersey-with-late-points-burst\/","url":"https:\/\/www.welovecycling.com\/wide\/2025\/07\/28\/jonathan-milan-wins-the-skoda-green-jersey-with-late-points-burst\/","name":"Jonathan Milan Wins the Tour de France \u0160koda Green Jersey","isPartOf":{"@id":"https:\/\/www.welovecycling.com\/wide\/#website"},"primaryImageOfPage":{"@id":"https:\/\/www.welovecycling.com\/wide\/2025\/07\/28\/jonathan-milan-wins-the-skoda-green-jersey-with-late-points-burst\/#primaryimage"},"image":{"@id":"https:\/\/www.welovecycling.com\/wide\/2025\/07\/28\/jonathan-milan-wins-the-skoda-green-jersey-with-late-points-burst\/#primaryimage"},"thumbnailUrl":"https:\/\/d2p6e6u75xmxt8.cloudfront.net\/2\/2025\/07\/Jonathan-Milan-Green-Jersey-2025-Tour-profimedia-1026195797-CVR.webp","datePublished":"2025-07-28T09:38:11+00:00","dateModified":"2025-07-28T10:47:26+00:00","author":{"@id":"https:\/\/www.welovecycling.com\/wide\/#\/schema\/person\/50f01ecd18718d2333cf72e823c4f926"},"description":"Lidl-Trek\u2019s Jonathan Milan won the \u0160kod Green Jersey with a late stage win and a harvesting of intermediate sprint (IS) points to deny Tadej Poga\u010dar (UAE","breadcrumb":{"@id":"https:\/\/www.welovecycling.com\/wide\/2025\/07\/28\/jonathan-milan-wins-the-skoda-green-jersey-with-late-points-burst\/#breadcrumb"},"inLanguage":"en-US","potentialAction":[{"@type":"ReadAction","target":["https:\/\/www.welovecycling.com\/wide\/2025\/07\/28\/jonathan-milan-wins-the-skoda-green-jersey-with-late-points-burst\/"]}]},{"@type":"ImageObject","inLanguage":"en-US","@id":"https:\/\/www.welovecycling.com\/wide\/2025\/07\/28\/jonathan-milan-wins-the-skoda-green-jersey-with-late-points-burst\/#primaryimage","url":"https:\/\/d2p6e6u75xmxt8.cloudfront.net\/2\/2025\/07\/Jonathan-Milan-Green-Jersey-2025-Tour-profimedia-1026195797-CVR.webp","contentUrl":"https:\/\/d2p6e6u75xmxt8.cloudfront.net\/2\/2025\/07\/Jonathan-Milan-Green-Jersey-2025-Tour-profimedia-1026195797-CVR.webp","width":990,"height":660,"caption":"Jonathan Milan"},{"@type":"BreadcrumbList","@id":"https:\/\/www.welovecycling.com\/wide\/2025\/07\/28\/jonathan-milan-wins-the-skoda-green-jersey-with-late-points-burst\/#breadcrumb","itemListElement":[{"@type":"ListItem","position":1,"name":"Home","item":"https:\/\/www.welovecycling.com\/wide\/"},{"@type":"ListItem","position":2,"name":"Jonathan Milan Wins the \u0160koda Green Jersey With Late Points Burst"}]},{"@type":"WebSite","@id":"https:\/\/www.welovecycling.com\/wide\/#website","url":"https:\/\/www.welovecycling.com\/wide\/","name":"\u0160koda We Love Cycling","description":"\u0160koda We Love Cycling magazine","alternateName":"\u0160koda WLC","potentialAction":[{"@type":"SearchAction","target":{"@type":"EntryPoint","urlTemplate":"https:\/\/www.welovecycling.com\/wide\/?s={search_term_string}"},"query-input":{"@type":"PropertyValueSpecification","valueRequired":true,"valueName":"search_term_string"}}],"inLanguage":"en-US"},{"@type":"Person","@id":"https:\/\/www.welovecycling.com\/wide\/#\/schema\/person\/50f01ecd18718d2333cf72e823c4f926","name":"tereza","image":{"@type":"ImageObject","inLanguage":"en-US","@id":"https:\/\/www.welovecycling.com\/wide\/#\/schema\/person\/image\/","url":"https:\/\/secure.gravatar.com\/avatar\/1f9eb71be33845f0afabce3791bc1c58ecdb0a25c62964987e5dbcf7a20d2ec7?s=96&d=mm&r=g","contentUrl":"https:\/\/secure.gravatar.com\/avatar\/1f9eb71be33845f0afabce3791bc1c58ecdb0a25c62964987e5dbcf7a20d2ec7?s=96&d=mm&r=g","caption":"tereza"},"url":"https:\/\/www.welovecycling.com\/wide\/author\/tereza\/"}]}},"_links":{"self":[{"href":"https:\/\/www.welovecycling.com\/wide\/wp-json\/wp\/v2\/posts\/199194","targetHints":{"allow":["GET"]}}],"collection":[{"href":"https:\/\/www.welovecycling.com\/wide\/wp-json\/wp\/v2\/posts"}],"about":[{"href":"https:\/\/www.welovecycling.com\/wide\/wp-json\/wp\/v2\/types\/post"}],"author":[{"embeddable":true,"href":"https:\/\/www.welovecycling.com\/wide\/wp-json\/wp\/v2\/users\/99"}],"replies":[{"embeddable":true,"href":"https:\/\/www.welovecycling.com\/wide\/wp-json\/wp\/v2\/comments?post=199194"}],"version-history":[{"count":9,"href":"https:\/\/www.welovecycling.com\/wide\/wp-json\/wp\/v2\/posts\/199194\/revisions"}],"predecessor-version":[{"id":199212,"href":"https:\/\/www.welovecycling.com\/wide\/wp-json\/wp\/v2\/posts\/199194\/revisions\/199212"}],"wp:featuredmedia":[{"embeddable":true,"href":"https:\/\/www.welovecycling.com\/wide\/wp-json\/wp\/v2\/media\/199196"}],"wp:attachment":[{"href":"https:\/\/www.welovecycling.com\/wide\/wp-json\/wp\/v2\/media?parent=199194"}],"wp:term":[{"taxonomy":"category","embeddable":true,"href":"https:\/\/www.welovecycling.com\/wide\/wp-json\/wp\/v2\/categories?post=199194"},{"taxonomy":"post_tag","embeddable":true,"href":"https:\/\/www.welovecycling.com\/wide\/wp-json\/wp\/v2\/tags?post=199194"},{"taxonomy":"global-categories","embeddable":true,"href":"https:\/\/www.welovecycling.com\/wide\/wp-json\/wp\/v2\/global-categories?post=199194"}],"curies":[{"name":"wp","href":"https:\/\/api.w.org\/{rel}","templated":true}]}}