{"id":199171,"date":"2025-07-24T07:37:17","date_gmt":"2025-07-24T07:37:17","guid":{"rendered":"https:\/\/www.welovecycling.com\/wide\/?p=199171"},"modified":"2025-07-24T07:37:17","modified_gmt":"2025-07-24T07:37:17","slug":"four-tour-de-france-stars-of-the-future","status":"publish","type":"post","link":"https:\/\/www.welovecycling.com\/wide\/2025\/07\/24\/four-tour-de-france-stars-of-the-future\/","title":{"rendered":"Four Tour de France Stars of the Future"},"content":{"rendered":"<p><strong>As expected, this Tour de France has been another showcase for three- (and soon to be four-) time race winner Tadej Poga\u010dar. But from this fan\u2019s perspective, the more exciting, and perhaps more important, feature of this Tour has been the emergence of four young riders who could become the stars of many Tours to come.<\/strong><\/p>\n<p><!--more--><\/p>\n<p>Three of these stars are currently in the top 5 of the Tour\u2019s GC standings and the fourth is wearing the King of the Mountains polka-dot jersey. There are three enormous mountain stages left to ride, so it is possible that things may change, especially in the King of the Mountains race. But based on their performances so far, this new generation of cyclists will provide racing aficionados with at least six more years of exciting Tour de France racing.<\/p>\n<h2><strong>Out of Rogli\u010d\u2019s shadow<\/strong><\/h2>\n<p>The most impressive of the four riders, Florian Lipowitz, is also the oldest at 24. For the past two years, he toiled in the service of his Red Bull\u2013BORA\u2013hansgrohe leader, Primo\u017e Rogli\u010d, who joined the team in 2024 in his quest to finally win a Tour de France.<\/p>\n<p>Lipowitz first came to my attention in last year\u2019s Tour de Romandie, in which he rode in support of another Red Bull veteran, Aleksandr Vlasov. But a funny thing happened on stage 4 of that race, which ended with a hard climb (13.8 km @ 6%) to a summit finish at Leysin. Looking stronger than Vlasov on the ascent, Lipowitz was apparently permitted to ride for himself and finished second, with the same time as the winner, Richard Carapaz (EF Education\u2013EasyPost). In that stage, he not only outclimbed Vlasov, but also Enric Mas (Movistar), Egan Bernal (INEOS Grenadiers) and Juan Ayuso (UAE Team Emirates\u2013XRG). He eventually finished third in that GC, 9 seconds behind the winner, Carlos Rodr\u00edguez (INEOS Grenadiers), and only 2 seconds behind Vlasov.<\/p>\n<p>Lipowitz had a mixed 2024. He abandoned the Giro due to illness, but finished seventh in the Vuelta a Espa\u00f1a while helping Rogli\u010d win his fourth Vuelta. But he has found a new level this year, finishing second in Paris-Nice to Matteo Jorgenson (Visma\u2013Lease a Bike) and third in the Crit\u00e9rium du Dauphin\u00e9, behind Poga\u010dar and Visma\u2019s Jonas Vingegaard, but ahead of Remco Evenepoel (Soudal Quick-Step), Jorgenson and Mas. And riding in his first Tour de France, he is now on the verge of a podium finish and winning the white jersey for best young rider.<\/p>\n<p>Lipowitz came into his own on stage 12 of this Tour, on the climb to the finish on top of the Hautacam, when he literally rode out of Rogli\u010d\u2019s shadow and finished third in the stage, just 13 seconds behind Vingegaard. No one was happier for him than Rogli\u010d, who said: \u201cLipo had the legs today, so it was a great job from him. When you have the legs, you have to go. I\u2019m really happy and hope he can continue with his level here.\u201d Those were the words of a champion passing the baton.<\/p>\n<p>Lipowitz rode two excellent time trials in this Tour, finishing sixth and fourth, and he finished third, fourth, and fifth in the big Pyrenean mountain stages. Climbing on the big mountains, he appears to be struggling, but that\u2019s just how he rides. He has a strong cruising speed and knows how to pace himself. At 1.81 m and 68 kg, he may be too big to ever win a Tour de France, but in view of how much he has improved in one year, it\u2019s unwise to ever write him off. A golden future looks in store for this young German riding for a prosperous German team.<\/p>\n<h2><strong>Bardet\u2019s precocious prot\u00e9g\u00e9 comes up in the world<\/strong><\/h2>\n<p>When Romain Bardet announced that he would be retiring this year after the Crit\u00e9rium du Dauphin\u00e9, and therefore before the Tour de France, one of the reasons might have been his 22-year-old prot\u00e9g\u00e9, Oscar Onley. The main reason was probably that Bardet, at 34 and after riding in 11 editions of the race, didn\u2019t want to put himself through that ordeal again. But it was also because Onley was ready to become Picnic PostNL\u2019s new GC leader.<\/p>\n<p>Boy, was he ever ready. This year, he finished fourth in the Tour Down Under, fifth in the UAE Tour, and third in the Tour de Suisse. The young Briton now sits fourth in the Tour GC, 9:18 behind Poga\u010dar but only 1:25 adrift of Lipowitz. If the German falters, Onley could still make it a dream finish in his second Tour. His first experience in the Tour, last year, was mostly a learning experience, though it featured a promising fifth-place finish on the mountainous stage 17. The year before that, he began his Grand Tour career with a victory in the stage 1 team time trial of the Vuelta. However, Onley crashed on stage 2 and abandoned the race.<\/p>\n<p>That his team named him to become its GC leader in the greatest bike race in the world at age 22 tells you all you need to know about how much confidence its sport directors have in his ability. And the proof is in his results. In this Tour, he has finished fourth on stage 4, third on stage 7, and fifth, sixth and seventh, always behind Lipowitz, in the Pyrenean mountain stages. Onley is definitely a future star of the sport and almost certainly a Tour winner after Poga\u010dar and Vingegaard retire.<\/p>\n<blockquote class=\"instagram-media\" style=\"background: #FFF; border: 0; border-radius: 3px; box-shadow: 0 0 1px 0 rgba(0,0,0,0.5),0 1px 10px 0 rgba(0,0,0,0.15); margin: 1px; max-width: 540px; min-width: 326px; padding: 0; width: calc(100% - 2px);\" data-instgrm-captioned=\"\" data-instgrm-permalink=\"https:\/\/www.instagram.com\/reel\/DMcx4XmN5W1\/?utm_source=ig_embed&amp;utm_campaign=loading\" data-instgrm-version=\"14\">\n<div style=\"padding: 16px;\">\n<p>&nbsp;<\/p>\n<div style=\"display: flex; flex-direction: row; align-items: center;\">\n<div style=\"background-color: #f4f4f4; border-radius: 50%; flex-grow: 0; height: 40px; margin-right: 14px; width: 40px;\"><\/div>\n<div style=\"display: flex; flex-direction: column; flex-grow: 1; justify-content: center;\">\n<div style=\"background-color: #f4f4f4; border-radius: 4px; flex-grow: 0; height: 14px; margin-bottom: 6px; width: 100px;\"><\/div>\n<div style=\"background-color: #f4f4f4; border-radius: 4px; flex-grow: 0; height: 14px; width: 60px;\"><\/div>\n<\/div>\n<\/div>\n<div style=\"padding: 19% 0;\"><\/div>\n<div style=\"display: block; height: 50px; margin: 0 auto 12px; width: 50px;\"><\/div>\n<div style=\"padding-top: 8px;\">\n<div style=\"color: #3897f0; font-family: Arial,sans-serif; font-size: 14px; font-style: normal; font-weight: 550; line-height: 18px;\">Zobrazit p\u0159\u00edsp\u011bvek na Instagramu<\/div>\n<\/div>\n<div style=\"padding: 12.5% 0;\"><\/div>\n<div style=\"display: flex; flex-direction: row; margin-bottom: 14px; align-items: center;\">\n<div>\n<div style=\"background-color: #f4f4f4; border-radius: 50%; height: 12.5px; width: 12.5px; transform: translateX(0px) translateY(7px);\"><\/div>\n<div style=\"background-color: #f4f4f4; height: 12.5px; transform: rotate(-45deg) translateX(3px) translateY(1px); width: 12.5px; flex-grow: 0; margin-right: 14px; margin-left: 2px;\"><\/div>\n<div style=\"background-color: #f4f4f4; border-radius: 50%; height: 12.5px; width: 12.5px; transform: translateX(9px) translateY(-18px);\"><\/div>\n<\/div>\n<div style=\"margin-left: 8px;\">\n<div style=\"background-color: #f4f4f4; border-radius: 50%; flex-grow: 0; height: 20px; width: 20px;\"><\/div>\n<div style=\"width: 0; height: 0; border-top: 2px solid transparent; border-left: 6px solid #f4f4f4; border-bottom: 2px solid transparent; transform: translateX(16px) translateY(-4px) rotate(30deg);\"><\/div>\n<\/div>\n<div style=\"margin-left: auto;\">\n<div style=\"width: 0px; border-top: 8px solid #F4F4F4; border-right: 8px solid transparent; transform: translateY(16px);\"><\/div>\n<div style=\"background-color: #f4f4f4; flex-grow: 0; height: 12px; width: 16px; transform: translateY(-4px);\"><\/div>\n<div style=\"width: 0; height: 0; border-top: 8px solid #F4F4F4; border-left: 8px solid transparent; transform: translateY(-4px) translateX(8px);\"><\/div>\n<\/div>\n<\/div>\n<div style=\"display: flex; flex-direction: column; flex-grow: 1; justify-content: center; margin-bottom: 24px;\">\n<div style=\"background-color: #f4f4f4; border-radius: 4px; flex-grow: 0; height: 14px; margin-bottom: 6px; width: 224px;\"><\/div>\n<div style=\"background-color: #f4f4f4; border-radius: 4px; flex-grow: 0; height: 14px; width: 144px;\"><\/div>\n<\/div>\n<p>&nbsp;<\/p>\n<p style=\"color: #c9c8cd; font-family: Arial,sans-serif; font-size: 14px; line-height: 17px; margin-bottom: 0; margin-top: 8px; overflow: hidden; padding: 8px 0 7px; text-align: center; text-overflow: ellipsis; white-space: nowrap;\"><a style=\"color: #c9c8cd; font-family: Arial,sans-serif; font-size: 14px; font-style: normal; font-weight: normal; line-height: 17px; text-decoration: none;\" href=\"https:\/\/www.instagram.com\/reel\/DMcx4XmN5W1\/?utm_source=ig_embed&amp;utm_campaign=loading\" target=\"_blank\" rel=\"noopener\">P\u0159\u00edsp\u011bvek sd\u00edlen\u00fd Tour de France\u2122 (@letourdefrance)<\/a><\/p>\n<\/div>\n<\/blockquote>\n<h2><script async src=\"\/\/www.instagram.com\/embed.js\"><\/script><strong>He makes French hearts beat faster<\/strong><\/h2>\n<p>K\u00e9vin Vauquelin appears to be on a mission, to save his Ark\u00e9a\u2013B&amp;B Hotels team from bankruptcy. With its sponsors dropping out at the end of this year, the team has been casting about for fresh funds to remain in existence. No one has drawn more attention to its plight than the 24-year-old native of Bayeux, France. He first rode himself into prominence on stage 1 of last year\u2019s Tour, when he unleashed a powerful 16 km solo breakaway to take his and his team\u2019s first ever Tour stage win.<\/p>\n<p>This year, in the hunt for vital points for his team, he won two second-level races, the Tour du Gard and the R\u00e9gion Pays de la Loire Tour, finished a very impressive second to Poga\u010dar, and ahead of Tom Pidcock (Q36.5), in La Fl\u00e8che Wallonne<strong>\u00a0<\/strong>and finished second in the Tour de Suisse, just in front of Onley. That is an impressive Palmares. He currently sits fifth in the Tour, at 10:21, and 1:03 behind Onley. But Vauquelin is more of a one-day racer than a pure climber, like Lipowitz or Onley, and it is unlikely that he will be able to keep his place in the GC as the Tour reaches its climbing climax in the next stages.<\/p>\n<p>However, what has characterised his performances is his never-say-die spirit, which saw him claw back time when dropped on difficult climbs. Vauquelin just never gives up. The French love that attitude, and he has become the new darling of French racing. But how will the French feel if his team is disbanded at the end of the year and he signs with a non-French team, as is inevitable? Because you can be sure that other teams have taken note of his strength and his style, and will come knocking on his door with bundles of cash. Vauquelin will never win a Tour de France, but he will definitely light up future editions of the race for years to come, no matter who he rides for.<\/p>\n<h2><strong>The new French hope<\/strong><\/h2>\n<p>When Lenny Martinez moved from the French team Groupama-FDJ to Bahrain-Victorious this year, he was criticised by parts of the French public and the press for abandoning his country. But his results have proven the wisdom of his decision. Under the tutelage of one of the great cycling coaches of the century, Rod Ellingworth, one of the primary architects of the success of Team Sky, the 22-year-old native of Cannes is on the verge of stardom.<\/p>\n<p>We have already written at length about Martinez <a href=\"https:\/\/www.welovecycling.com\/wide\/2025\/05\/07\/is-lenny-martinez-the-bona-fide-great-french-hope\/\">in these pages<\/a>. However, it is important to repeat that France has not won its sporting crown jewel since 1985, when the great Bernard Hinault won the last of his five Tour victories. Apparently, Ellingworth and the Bahrain staff think Martinez has the stuff to end that drought. But it won\u2019t be this year. Martinez made it clear that he wasn\u2019t going for GC glory when he did not compete in the early stages. Trailing the GC contenders by over an hour after stage 9 meant that he would be allowed to join breakaways in search of his real goal, the King of the Mountains polka-dot jersey.<\/p>\n<p>He currently leads that competition by a scant 8 points, 60 to 52, over Poga\u010dar and will continue to hunt for more points on the intermediate climbs in the coming stages, since the final mountains of these stages will mostly be contested by the GC contenders. As <a href=\"https:\/\/www.letour.fr\/en\/news\/2025\/lenny-martinez-eight-points-ahead-isnt-much\/1330497#:~:text=2025%20%2D%2018%3A16-,Lenny%20Martinez%3A%20%22Eight%20points%20ahead%20isn't%20much%22,I%20stayed%20on%20my%20bike.\">he put it<\/a>,\u00a0\u201cMy biggest dream is to bring the polka-dot jersey back to Paris. I have an eight-point lead, which isn&#8217;t much, and I think Poga\u010dar will win quite a few more stages, so I&#8217;ll need to score points in the breakaways.\u201d<\/p>\n<p>Martinez is an excellent climber, though not yet of the calibre of the Tour favourites. But he may eventually reach that level. At 1.68 m and 52 kg, he has the perfect body to be a top climber. And as his victory over UAE\u2019s Jo\u00e3o Almeida on a summit finish in this year\u2019s Tour de Romandie illustrated, he has the legs and the smarts to beat the best. It&#8217;s early days yet in his career, but the French \u2013 whose hopes have been crushed so often over the years \u2013 may yet see Martinez answer their 40-year-old prayers.<\/p>\n","protected":false},"excerpt":{"rendered":"<p>As expected, this Tour de France has been another showcase for three- (and soon to be four-) time race winner [&hellip;]<\/p>\n","protected":false},"author":99,"featured_media":199172,"comment_status":"closed","ping_status":"open","sticky":false,"template":"","format":"standard","meta":{"footnotes":""},"categories":[329],"tags":[8082,8620,8481,7368,1221,473,433,8621],"global-categories":[3366],"class_list":["post-199171","post","type-post","status-publish","format-standard","has-post-thumbnail","hentry","category-road-cycling","tag-2025-tour","tag-florian-lipowitz","tag-kevin-vauquelin","tag-lenny-martinez","tag-primoz-roglic","tag-romain-bardet","tag-tour-de-france","tag-young-riders","global-categories-cycling"],"yoast_head":"<!-- This site is optimized with the Yoast SEO Premium plugin v25.3 (Yoast SEO v25.9) - https:\/\/yoast.com\/wordpress\/plugins\/seo\/ -->\n<title>Four Tour de France Stars of the Future - \u0160koda We Love Cycling<\/title>\n<meta name=\"description\" content=\"As expected, this Tour de France has been another showcase for three- (and soon to be four-) time race winner Tadej Poga\u010dar. But from this fan\u2019s\" \/>\n<meta name=\"robots\" content=\"index, follow, max-snippet:-1, max-image-preview:large, max-video-preview:-1\" \/>\n<link rel=\"canonical\" href=\"https:\/\/www.welovecycling.com\/wide\/2025\/07\/24\/four-tour-de-france-stars-of-the-future\/\" \/>\n<meta property=\"og:locale\" content=\"en_US\" \/>\n<meta property=\"og:type\" content=\"article\" \/>\n<meta property=\"og:title\" content=\"Four Tour de France Stars of the Future\" \/>\n<meta property=\"og:description\" content=\"As expected, this Tour de France has been another showcase for three- (and soon to be four-) time race winner Tadej Poga\u010dar. But from this fan\u2019s\" \/>\n<meta property=\"og:url\" content=\"https:\/\/www.welovecycling.com\/wide\/2025\/07\/24\/four-tour-de-france-stars-of-the-future\/\" \/>\n<meta property=\"og:site_name\" content=\"\u0160koda We Love Cycling\" \/>\n<meta property=\"article:published_time\" content=\"2025-07-24T07:37:17+00:00\" \/>\n<meta property=\"og:image\" content=\"https:\/\/d2p6e6u75xmxt8.cloudfront.net\/2\/2025\/07\/Florian-Lipowitz-profimedia-1025023202-CVR.webp\" \/>\n\t<meta property=\"og:image:width\" content=\"990\" \/>\n\t<meta property=\"og:image:height\" content=\"660\" \/>\n\t<meta property=\"og:image:type\" content=\"image\/webp\" \/>\n<meta name=\"author\" content=\"tereza\" \/>\n<meta name=\"twitter:card\" content=\"summary_large_image\" \/>\n<meta name=\"twitter:label1\" content=\"Written by\" \/>\n\t<meta name=\"twitter:data1\" content=\"Siegfried Mortkowitz\" \/>\n\t<meta name=\"twitter:label2\" content=\"Est. reading time\" \/>\n\t<meta name=\"twitter:data2\" content=\"3\" \/>\n<script type=\"application\/ld+json\" class=\"yoast-schema-graph\">{\"@context\":\"https:\/\/schema.org\",\"@graph\":[{\"@type\":\"WebPage\",\"@id\":\"https:\/\/www.welovecycling.com\/wide\/2025\/07\/24\/four-tour-de-france-stars-of-the-future\/\",\"url\":\"https:\/\/www.welovecycling.com\/wide\/2025\/07\/24\/four-tour-de-france-stars-of-the-future\/\",\"name\":\"Four Tour de France Stars of the Future - \u0160koda We Love Cycling\",\"isPartOf\":{\"@id\":\"https:\/\/www.welovecycling.com\/wide\/#website\"},\"primaryImageOfPage\":{\"@id\":\"https:\/\/www.welovecycling.com\/wide\/2025\/07\/24\/four-tour-de-france-stars-of-the-future\/#primaryimage\"},\"image\":{\"@id\":\"https:\/\/www.welovecycling.com\/wide\/2025\/07\/24\/four-tour-de-france-stars-of-the-future\/#primaryimage\"},\"thumbnailUrl\":\"https:\/\/d2p6e6u75xmxt8.cloudfront.net\/2\/2025\/07\/Florian-Lipowitz-profimedia-1025023202-CVR.webp\",\"datePublished\":\"2025-07-24T07:37:17+00:00\",\"author\":{\"@id\":\"https:\/\/www.welovecycling.com\/wide\/#\/schema\/person\/50f01ecd18718d2333cf72e823c4f926\"},\"description\":\"As expected, this Tour de France has been another showcase for three- (and soon to be four-) time race winner Tadej Poga\u010dar. But from this fan\u2019s\",\"breadcrumb\":{\"@id\":\"https:\/\/www.welovecycling.com\/wide\/2025\/07\/24\/four-tour-de-france-stars-of-the-future\/#breadcrumb\"},\"inLanguage\":\"en-US\",\"potentialAction\":[{\"@type\":\"ReadAction\",\"target\":[\"https:\/\/www.welovecycling.com\/wide\/2025\/07\/24\/four-tour-de-france-stars-of-the-future\/\"]}]},{\"@type\":\"ImageObject\",\"inLanguage\":\"en-US\",\"@id\":\"https:\/\/www.welovecycling.com\/wide\/2025\/07\/24\/four-tour-de-france-stars-of-the-future\/#primaryimage\",\"url\":\"https:\/\/d2p6e6u75xmxt8.cloudfront.net\/2\/2025\/07\/Florian-Lipowitz-profimedia-1025023202-CVR.webp\",\"contentUrl\":\"https:\/\/d2p6e6u75xmxt8.cloudfront.net\/2\/2025\/07\/Florian-Lipowitz-profimedia-1025023202-CVR.webp\",\"width\":990,\"height\":660,\"caption\":\"Florian Lipowitz\"},{\"@type\":\"BreadcrumbList\",\"@id\":\"https:\/\/www.welovecycling.com\/wide\/2025\/07\/24\/four-tour-de-france-stars-of-the-future\/#breadcrumb\",\"itemListElement\":[{\"@type\":\"ListItem\",\"position\":1,\"name\":\"Home\",\"item\":\"https:\/\/www.welovecycling.com\/wide\/\"},{\"@type\":\"ListItem\",\"position\":2,\"name\":\"Four Tour de France Stars of the Future\"}]},{\"@type\":\"WebSite\",\"@id\":\"https:\/\/www.welovecycling.com\/wide\/#website\",\"url\":\"https:\/\/www.welovecycling.com\/wide\/\",\"name\":\"\u0160koda We Love Cycling\",\"description\":\"\u0160koda We Love Cycling magazine\",\"alternateName\":\"\u0160koda WLC\",\"potentialAction\":[{\"@type\":\"SearchAction\",\"target\":{\"@type\":\"EntryPoint\",\"urlTemplate\":\"https:\/\/www.welovecycling.com\/wide\/?s={search_term_string}\"},\"query-input\":{\"@type\":\"PropertyValueSpecification\",\"valueRequired\":true,\"valueName\":\"search_term_string\"}}],\"inLanguage\":\"en-US\"},{\"@type\":\"Person\",\"@id\":\"https:\/\/www.welovecycling.com\/wide\/#\/schema\/person\/50f01ecd18718d2333cf72e823c4f926\",\"name\":\"tereza\",\"image\":{\"@type\":\"ImageObject\",\"inLanguage\":\"en-US\",\"@id\":\"https:\/\/www.welovecycling.com\/wide\/#\/schema\/person\/image\/\",\"url\":\"https:\/\/secure.gravatar.com\/avatar\/1f9eb71be33845f0afabce3791bc1c58ecdb0a25c62964987e5dbcf7a20d2ec7?s=96&d=mm&r=g\",\"contentUrl\":\"https:\/\/secure.gravatar.com\/avatar\/1f9eb71be33845f0afabce3791bc1c58ecdb0a25c62964987e5dbcf7a20d2ec7?s=96&d=mm&r=g\",\"caption\":\"tereza\"},\"url\":\"https:\/\/www.welovecycling.com\/wide\/author\/tereza\/\"}]}<\/script>\n<!-- \/ Yoast SEO Premium plugin. -->","yoast_head_json":{"title":"Four Tour de France Stars of the Future - \u0160koda We Love Cycling","description":"As expected, this Tour de France has been another showcase for three- (and soon to be four-) time race winner Tadej Poga\u010dar. But from this fan\u2019s","robots":{"index":"index","follow":"follow","max-snippet":"max-snippet:-1","max-image-preview":"max-image-preview:large","max-video-preview":"max-video-preview:-1"},"canonical":"https:\/\/www.welovecycling.com\/wide\/2025\/07\/24\/four-tour-de-france-stars-of-the-future\/","og_locale":"en_US","og_type":"article","og_title":"Four Tour de France Stars of the Future","og_description":"As expected, this Tour de France has been another showcase for three- (and soon to be four-) time race winner Tadej Poga\u010dar. But from this fan\u2019s","og_url":"https:\/\/www.welovecycling.com\/wide\/2025\/07\/24\/four-tour-de-france-stars-of-the-future\/","og_site_name":"\u0160koda We Love Cycling","article_published_time":"2025-07-24T07:37:17+00:00","og_image":[{"width":990,"height":660,"url":"https:\/\/d2p6e6u75xmxt8.cloudfront.net\/2\/2025\/07\/Florian-Lipowitz-profimedia-1025023202-CVR.webp","type":"image\/webp"}],"author":"tereza","twitter_card":"summary_large_image","twitter_misc":{"Written by":"Siegfried Mortkowitz","Est. reading time":"3"},"schema":{"@context":"https:\/\/schema.org","@graph":[{"@type":"WebPage","@id":"https:\/\/www.welovecycling.com\/wide\/2025\/07\/24\/four-tour-de-france-stars-of-the-future\/","url":"https:\/\/www.welovecycling.com\/wide\/2025\/07\/24\/four-tour-de-france-stars-of-the-future\/","name":"Four Tour de France Stars of the Future - \u0160koda We Love Cycling","isPartOf":{"@id":"https:\/\/www.welovecycling.com\/wide\/#website"},"primaryImageOfPage":{"@id":"https:\/\/www.welovecycling.com\/wide\/2025\/07\/24\/four-tour-de-france-stars-of-the-future\/#primaryimage"},"image":{"@id":"https:\/\/www.welovecycling.com\/wide\/2025\/07\/24\/four-tour-de-france-stars-of-the-future\/#primaryimage"},"thumbnailUrl":"https:\/\/d2p6e6u75xmxt8.cloudfront.net\/2\/2025\/07\/Florian-Lipowitz-profimedia-1025023202-CVR.webp","datePublished":"2025-07-24T07:37:17+00:00","author":{"@id":"https:\/\/www.welovecycling.com\/wide\/#\/schema\/person\/50f01ecd18718d2333cf72e823c4f926"},"description":"As expected, this Tour de France has been another showcase for three- (and soon to be four-) time race winner Tadej Poga\u010dar. But from this fan\u2019s","breadcrumb":{"@id":"https:\/\/www.welovecycling.com\/wide\/2025\/07\/24\/four-tour-de-france-stars-of-the-future\/#breadcrumb"},"inLanguage":"en-US","potentialAction":[{"@type":"ReadAction","target":["https:\/\/www.welovecycling.com\/wide\/2025\/07\/24\/four-tour-de-france-stars-of-the-future\/"]}]},{"@type":"ImageObject","inLanguage":"en-US","@id":"https:\/\/www.welovecycling.com\/wide\/2025\/07\/24\/four-tour-de-france-stars-of-the-future\/#primaryimage","url":"https:\/\/d2p6e6u75xmxt8.cloudfront.net\/2\/2025\/07\/Florian-Lipowitz-profimedia-1025023202-CVR.webp","contentUrl":"https:\/\/d2p6e6u75xmxt8.cloudfront.net\/2\/2025\/07\/Florian-Lipowitz-profimedia-1025023202-CVR.webp","width":990,"height":660,"caption":"Florian Lipowitz"},{"@type":"BreadcrumbList","@id":"https:\/\/www.welovecycling.com\/wide\/2025\/07\/24\/four-tour-de-france-stars-of-the-future\/#breadcrumb","itemListElement":[{"@type":"ListItem","position":1,"name":"Home","item":"https:\/\/www.welovecycling.com\/wide\/"},{"@type":"ListItem","position":2,"name":"Four Tour de France Stars of the Future"}]},{"@type":"WebSite","@id":"https:\/\/www.welovecycling.com\/wide\/#website","url":"https:\/\/www.welovecycling.com\/wide\/","name":"\u0160koda We Love Cycling","description":"\u0160koda We Love Cycling magazine","alternateName":"\u0160koda WLC","potentialAction":[{"@type":"SearchAction","target":{"@type":"EntryPoint","urlTemplate":"https:\/\/www.welovecycling.com\/wide\/?s={search_term_string}"},"query-input":{"@type":"PropertyValueSpecification","valueRequired":true,"valueName":"search_term_string"}}],"inLanguage":"en-US"},{"@type":"Person","@id":"https:\/\/www.welovecycling.com\/wide\/#\/schema\/person\/50f01ecd18718d2333cf72e823c4f926","name":"tereza","image":{"@type":"ImageObject","inLanguage":"en-US","@id":"https:\/\/www.welovecycling.com\/wide\/#\/schema\/person\/image\/","url":"https:\/\/secure.gravatar.com\/avatar\/1f9eb71be33845f0afabce3791bc1c58ecdb0a25c62964987e5dbcf7a20d2ec7?s=96&d=mm&r=g","contentUrl":"https:\/\/secure.gravatar.com\/avatar\/1f9eb71be33845f0afabce3791bc1c58ecdb0a25c62964987e5dbcf7a20d2ec7?s=96&d=mm&r=g","caption":"tereza"},"url":"https:\/\/www.welovecycling.com\/wide\/author\/tereza\/"}]}},"_links":{"self":[{"href":"https:\/\/www.welovecycling.com\/wide\/wp-json\/wp\/v2\/posts\/199171","targetHints":{"allow":["GET"]}}],"collection":[{"href":"https:\/\/www.welovecycling.com\/wide\/wp-json\/wp\/v2\/posts"}],"about":[{"href":"https:\/\/www.welovecycling.com\/wide\/wp-json\/wp\/v2\/types\/post"}],"author":[{"embeddable":true,"href":"https:\/\/www.welovecycling.com\/wide\/wp-json\/wp\/v2\/users\/99"}],"replies":[{"embeddable":true,"href":"https:\/\/www.welovecycling.com\/wide\/wp-json\/wp\/v2\/comments?post=199171"}],"version-history":[{"count":1,"href":"https:\/\/www.welovecycling.com\/wide\/wp-json\/wp\/v2\/posts\/199171\/revisions"}],"predecessor-version":[{"id":199173,"href":"https:\/\/www.welovecycling.com\/wide\/wp-json\/wp\/v2\/posts\/199171\/revisions\/199173"}],"wp:featuredmedia":[{"embeddable":true,"href":"https:\/\/www.welovecycling.com\/wide\/wp-json\/wp\/v2\/media\/199172"}],"wp:attachment":[{"href":"https:\/\/www.welovecycling.com\/wide\/wp-json\/wp\/v2\/media?parent=199171"}],"wp:term":[{"taxonomy":"category","embeddable":true,"href":"https:\/\/www.welovecycling.com\/wide\/wp-json\/wp\/v2\/categories?post=199171"},{"taxonomy":"post_tag","embeddable":true,"href":"https:\/\/www.welovecycling.com\/wide\/wp-json\/wp\/v2\/tags?post=199171"},{"taxonomy":"global-categories","embeddable":true,"href":"https:\/\/www.welovecycling.com\/wide\/wp-json\/wp\/v2\/global-categories?post=199171"}],"curies":[{"name":"wp","href":"https:\/\/api.w.org\/{rel}","templated":true}]}}