{"id":199166,"date":"2025-07-22T15:43:03","date_gmt":"2025-07-22T15:43:03","guid":{"rendered":"https:\/\/www.welovecycling.com\/wide\/?p=199166"},"modified":"2025-07-22T15:43:03","modified_gmt":"2025-07-22T15:43:03","slug":"design-your-own-tour-stage-4-the-rest-day","status":"publish","type":"post","link":"https:\/\/www.welovecycling.com\/wide\/2025\/07\/22\/design-your-own-tour-stage-4-the-rest-day\/","title":{"rendered":"Design Your Own Tour \u2013 Stage 4: The Rest Day"},"content":{"rendered":"<p><strong>What do the pros at the Tour de France do on a rest day, and how can you best copy them? This article will show you how to create a true recovery day, whether you\u2019re a data nerd or a couch cruiser.<\/strong><\/p>\n<p><!--more--><\/p>\n<h2><strong>What makes a rest day?<\/strong><\/h2>\n<p>Even the world\u2019s best riders need time to recover, and that\u2019s exactly why every Tour de France includes two rest days. The pros won\u2019t be completely off the bike, but it\u2019s a vital pause in the action. Most will spin their legs for an hour, eat clean, get massages, and focus on recovery strategies that help them handle the stages to come. Here\u2019s what a typical rest day looks like.<\/p>\n<p><strong>Distance:<\/strong> 40\u201350\u202fkm<\/p>\n<p><strong>Elevation:<\/strong> Minimal<\/p>\n<p><strong>Experience:<\/strong> This day is about active recovery. It includes light riding to spin out the tired legs, a massage, and maximising sleep and nutrition to absorb fatigue. Mentally, it offers a reset before upcoming key stages.<\/p>\n<h2><strong>How to design your own rest day?<\/strong><\/h2>\n<p>You don\u2019t need a team bus to recover like a pro \u2013 you just need to slow down with intention. Whether you choose to ride a little or not at all, the goal is to give your body and mind space to reset. And depending on your fitness level, recovery can take many different forms.<\/p>\n<p><a href=\"https:\/\/www.welovecycling.com\/wide\/tour-de-france-2025\/#contest\">Take the quiz to find out what type of cyclist you are<\/a> and see what the perfect \u201cperformance pause\u201d looks like for you.<\/p>\n<h2><strong>The Couch Cruiser<\/strong><\/h2>\n<blockquote class=\"instagram-media\" style=\"background: #FFF; border: 0; border-radius: 3px; box-shadow: 0 0 1px 0 rgba(0,0,0,0.5),0 1px 10px 0 rgba(0,0,0,0.15); margin: 1px; max-width: 540px; min-width: 326px; padding: 0; width: calc(100% - 2px);\" data-instgrm-captioned=\"\" data-instgrm-permalink=\"https:\/\/www.instagram.com\/p\/DLjY3yqoLD9\/?utm_source=ig_embed&amp;utm_campaign=loading\" data-instgrm-version=\"14\">\n<div style=\"padding: 16px;\">\n<p>&nbsp;<\/p>\n<div style=\"display: flex; flex-direction: row; align-items: center;\">\n<div style=\"background-color: #f4f4f4; border-radius: 50%; flex-grow: 0; height: 40px; margin-right: 14px; width: 40px;\"><\/div>\n<div style=\"display: flex; flex-direction: column; flex-grow: 1; justify-content: center;\">\n<div style=\"background-color: #f4f4f4; border-radius: 4px; flex-grow: 0; height: 14px; margin-bottom: 6px; width: 100px;\"><\/div>\n<div style=\"background-color: #f4f4f4; border-radius: 4px; flex-grow: 0; height: 14px; width: 60px;\"><\/div>\n<\/div>\n<\/div>\n<div style=\"padding: 19% 0;\"><\/div>\n<div style=\"display: block; height: 50px; margin: 0 auto 12px; width: 50px;\"><\/div>\n<div style=\"padding-top: 8px;\">\n<div style=\"color: #3897f0; font-family: Arial,sans-serif; font-size: 14px; font-style: normal; font-weight: 550; line-height: 18px;\">Zobrazit p\u0159\u00edsp\u011bvek na Instagramu<\/div>\n<\/div>\n<div style=\"padding: 12.5% 0;\"><\/div>\n<div style=\"display: flex; flex-direction: row; margin-bottom: 14px; align-items: center;\">\n<div>\n<div style=\"background-color: #f4f4f4; border-radius: 50%; height: 12.5px; width: 12.5px; transform: translateX(0px) translateY(7px);\"><\/div>\n<div style=\"background-color: #f4f4f4; height: 12.5px; transform: rotate(-45deg) translateX(3px) translateY(1px); width: 12.5px; flex-grow: 0; margin-right: 14px; margin-left: 2px;\"><\/div>\n<div style=\"background-color: #f4f4f4; border-radius: 50%; height: 12.5px; width: 12.5px; transform: translateX(9px) translateY(-18px);\"><\/div>\n<\/div>\n<div style=\"margin-left: 8px;\">\n<div style=\"background-color: #f4f4f4; border-radius: 50%; flex-grow: 0; height: 20px; width: 20px;\"><\/div>\n<div style=\"width: 0; height: 0; border-top: 2px solid transparent; border-left: 6px solid #f4f4f4; border-bottom: 2px solid transparent; transform: translateX(16px) translateY(-4px) rotate(30deg);\"><\/div>\n<\/div>\n<div style=\"margin-left: auto;\">\n<div style=\"width: 0px; border-top: 8px solid #F4F4F4; border-right: 8px solid transparent; transform: translateY(16px);\"><\/div>\n<div style=\"background-color: #f4f4f4; flex-grow: 0; height: 12px; width: 16px; transform: translateY(-4px);\"><\/div>\n<div style=\"width: 0; height: 0; border-top: 8px solid #F4F4F4; border-left: 8px solid transparent; transform: translateY(-4px) translateX(8px);\"><\/div>\n<\/div>\n<\/div>\n<div style=\"display: flex; flex-direction: column; flex-grow: 1; justify-content: center; margin-bottom: 24px;\">\n<div style=\"background-color: #f4f4f4; border-radius: 4px; flex-grow: 0; height: 14px; margin-bottom: 6px; width: 224px;\"><\/div>\n<div style=\"background-color: #f4f4f4; border-radius: 4px; flex-grow: 0; height: 14px; width: 144px;\"><\/div>\n<\/div>\n<p>&nbsp;<\/p>\n<p style=\"color: #c9c8cd; font-family: Arial,sans-serif; font-size: 14px; line-height: 17px; margin-bottom: 0; margin-top: 8px; overflow: hidden; padding: 8px 0 7px; text-align: center; text-overflow: ellipsis; white-space: nowrap;\"><a style=\"color: #c9c8cd; font-family: Arial,sans-serif; font-size: 14px; font-style: normal; font-weight: normal; line-height: 17px; text-decoration: none;\" href=\"https:\/\/www.instagram.com\/p\/DLjY3yqoLD9\/?utm_source=ig_embed&amp;utm_campaign=loading\" target=\"_blank\" rel=\"noopener\">P\u0159\u00edsp\u011bvek sd\u00edlen\u00fd \u0160koda We Love Cycling (@wlcmagazine)<\/a><\/p>\n<\/div>\n<\/blockquote>\n<h3><script async src=\"\/\/www.instagram.com\/embed.js\"><\/script><strong>Recovery plan<\/strong><\/h3>\n<p><strong>Ride?<\/strong> Optional. If it happens, max 30 minutes, flat, and in full vibes mode.<\/p>\n<p><strong>Movement:<\/strong> A short walk, barefoot in the grass if possible. Very healing. Very aesthetic.<\/p>\n<p><strong>Stretching:<\/strong> Try 10 minutes of YouTube yoga or stretch with music that makes you feel like you live in Provence.<\/p>\n<p><strong>Food:<\/strong> Oats and fruit in the morning, croissant at golden hour. Hydrate, but pretend it\u2019s ros\u00e9.<\/p>\n<p><strong>Mental reset:<\/strong> Watch a Tour de France recap or make a post about why rest is \u201cpart of the process\u201d. Bonus points for candlelight or voiceover.<\/p>\n<h3><strong>How to embrace the day<\/strong><\/h3>\n<p>Your job is to live like a WorldTour rider off-duty. Slippers &gt; cleats. Foam roller? More like a floor pillow. You are recovering through intention, elegance, and maybe a light facial.<\/p>\n<h2><strong>The Sunday Spinner<\/strong><\/h2>\n<h3><strong>Recovery plan<\/strong><\/h3>\n<p><strong>Ride?<\/strong> Yes, but 20\u201340 minutes max, easy spin, no hills, no pushing. Just moving the legs.<\/p>\n<p><strong>Movement:<\/strong> Add a gentle stretch afterward (neck, shoulders, hamstrings).<\/p>\n<p><strong>Massage:<\/strong> A foam roller or massage ball while watching something with subtitles.<\/p>\n<p><strong>Food:<\/strong> Have a solid breakfast, easy lunch, and stay hydrated. Eat like you just finished a stage, even if you just finished a cappuccino.<\/p>\n<p><strong>Mental reset:<\/strong> No guilt. No Garmin. Clean your bike or reorganise your gear drawer. Do something that reminds you you\u2019re a cyclist\u2026 without needing to suffer.<\/p>\n<h3><strong>How to embrace the day<\/strong><\/h3>\n<p>Think of the rest day as of a brunch with intention. You\u2019re not \u201cskipping\u201d your ride, you\u2019re honouring the ritual. A caf\u00e9 spin is fine, but stopping is mandatory. This is where real gains are made: in carbs, calm, and croissant-activated joy.<\/p>\n<h2><strong>The Pedal Punisher<\/strong><\/h2>\n<h3><strong>Recovery plan<\/strong><\/h3>\n<p><strong>Ride?<\/strong> Yes: 30\u201345 minutes in Zone 1, high cadence, low pressure. Just enough to flush the legs.<\/p>\n<p><strong>Mobility:<\/strong> 15 minutes of active stretching or a yoga flow to loosen hips and spine.<\/p>\n<p><strong>Massage:<\/strong> Foam roller or massage gun (stay gentle, this is maintenance, not punishment).<\/p>\n<p><strong>Food:<\/strong> Focus on quality carbs and hydration. Fuel like you&#8217;re riding again tomorrow, not \u201cearning rest\u201d.<\/p>\n<p><strong>Mental reset:<\/strong> Take a break from TrainingPeaks. No performance review today. Put your feet up, literally. Legs up the wall for 10 minutes.<\/p>\n<h3><strong>How to embrace the day<\/strong><\/h3>\n<p>You don\u2019t win during intervals \u2013 you win in how well you recover from them. Your body needs space to rebuild. This is a data-free zone. Feel the breath, stretch the tight spots, spin until it\u2019s boring. Then stop. The goal? Wake up tomorrow ready to destroy someone\u2019s tempo pace.<\/p>\n<h2><strong>The Full-Gas Fanatic<\/strong><\/h2>\n<h3><strong>Recovery plan<\/strong><\/h3>\n<p><strong>Ride?<\/strong> Definitely: 30\u201360 minutes at active recovery pace. Flat, high cadence (90\u2013100 rpm), low neuromuscular strain.<\/p>\n<p><strong>Movement:<\/strong> 5 minutes mobility pre-ride and foam rolling of major muscle groups after. Or go have a sports massage if you have the option.<\/p>\n<p><strong>Nutrition:<\/strong> Rebuild glycogen with low-fibre carbs and protein every 3\u20134 hours. Hydrate, add electrolytes to water. Zero alcohol.<\/p>\n<p><strong>Data hygiene:<\/strong> HRV check, sleep score log, resting HR trend, but no TSS anxiety<\/p>\n<p><strong>Mental recovery:<\/strong> Switch off racing content. Read something non-cycling. Go full sensory reset.<\/p>\n<h3><strong>How to embrace the day<\/strong><\/h3>\n<p>Today is not passive. It\u2019s strategic withdrawal. You rest like you ride: precisely. Every gram of pasta, every hour of sleep, every minute on the roller matters. The rest day isn\u2019t a pause, it\u2019s a recalibration. You\u2019re not stepping back. You\u2019re loading the next attack.<\/p>\n","protected":false},"excerpt":{"rendered":"<p>What do the pros at the Tour de France do on a rest day, and how can you best copy [&hellip;]<\/p>\n","protected":false},"author":99,"featured_media":190570,"comment_status":"closed","ping_status":"open","sticky":false,"template":"","format":"standard","meta":{"footnotes":""},"categories":[332],"tags":[3305,8605,8613],"global-categories":[3366],"class_list":["post-199166","post","type-post","status-publish","format-standard","has-post-thumbnail","hentry","category-health-and-training","tag-cycling-training","tag-design-your-own-tour","tag-find-your-tour-de","global-categories-cycling"],"yoast_head":"<!-- This site is optimized with the Yoast SEO Premium plugin v25.3 (Yoast SEO v25.9) - https:\/\/yoast.com\/wordpress\/plugins\/seo\/ -->\n<title>Design Your Own Tour \u2013 Stage 4: The Rest Day - \u0160koda We Love Cycling<\/title>\n<meta name=\"description\" content=\"What do the pros at the Tour de France do on a rest day, and how can you best copy them? This article will show you how to create a true recovery day,\" \/>\n<meta name=\"robots\" content=\"index, follow, max-snippet:-1, max-image-preview:large, max-video-preview:-1\" \/>\n<link rel=\"canonical\" href=\"https:\/\/www.welovecycling.com\/wide\/2025\/07\/22\/design-your-own-tour-stage-4-the-rest-day\/\" \/>\n<meta property=\"og:locale\" content=\"en_US\" \/>\n<meta property=\"og:type\" content=\"article\" \/>\n<meta property=\"og:title\" content=\"Design Your Own Tour \u2013 Stage 4: The Rest Day\" \/>\n<meta property=\"og:description\" content=\"What do the pros at the Tour de France do on a rest day, and how can you best copy them? This article will show you how to create a true recovery day,\" \/>\n<meta property=\"og:url\" content=\"https:\/\/www.welovecycling.com\/wide\/2025\/07\/22\/design-your-own-tour-stage-4-the-rest-day\/\" \/>\n<meta property=\"og:site_name\" content=\"\u0160koda We Love Cycling\" \/>\n<meta property=\"article:published_time\" content=\"2025-07-22T15:43:03+00:00\" \/>\n<meta property=\"og:image\" content=\"https:\/\/d2p6e6u75xmxt8.cloudfront.net\/2\/2022\/09\/Cyclist-resting-MTB-profimedia-0711218304-CVR.webp\" \/>\n\t<meta property=\"og:image:width\" content=\"990\" \/>\n\t<meta property=\"og:image:height\" content=\"660\" \/>\n\t<meta property=\"og:image:type\" content=\"image\/webp\" \/>\n<meta name=\"author\" content=\"tereza\" \/>\n<meta name=\"twitter:card\" content=\"summary_large_image\" \/>\n<meta name=\"twitter:label1\" content=\"Written by\" \/>\n\t<meta name=\"twitter:data1\" content=\"Jiri Kaloc\" \/>\n\t<meta name=\"twitter:label2\" content=\"Est. reading time\" \/>\n\t<meta name=\"twitter:data2\" content=\"3\" \/>\n<script type=\"application\/ld+json\" class=\"yoast-schema-graph\">{\"@context\":\"https:\/\/schema.org\",\"@graph\":[{\"@type\":\"WebPage\",\"@id\":\"https:\/\/www.welovecycling.com\/wide\/2025\/07\/22\/design-your-own-tour-stage-4-the-rest-day\/\",\"url\":\"https:\/\/www.welovecycling.com\/wide\/2025\/07\/22\/design-your-own-tour-stage-4-the-rest-day\/\",\"name\":\"Design Your Own Tour \u2013 Stage 4: The Rest Day - \u0160koda We Love Cycling\",\"isPartOf\":{\"@id\":\"https:\/\/www.welovecycling.com\/wide\/#website\"},\"primaryImageOfPage\":{\"@id\":\"https:\/\/www.welovecycling.com\/wide\/2025\/07\/22\/design-your-own-tour-stage-4-the-rest-day\/#primaryimage\"},\"image\":{\"@id\":\"https:\/\/www.welovecycling.com\/wide\/2025\/07\/22\/design-your-own-tour-stage-4-the-rest-day\/#primaryimage\"},\"thumbnailUrl\":\"https:\/\/d2p6e6u75xmxt8.cloudfront.net\/2\/2022\/09\/Cyclist-resting-MTB-profimedia-0711218304-CVR.webp\",\"datePublished\":\"2025-07-22T15:43:03+00:00\",\"author\":{\"@id\":\"https:\/\/www.welovecycling.com\/wide\/#\/schema\/person\/50f01ecd18718d2333cf72e823c4f926\"},\"description\":\"What do the pros at the Tour de France do on a rest day, and how can you best copy them? This article will show you how to create a true recovery day,\",\"breadcrumb\":{\"@id\":\"https:\/\/www.welovecycling.com\/wide\/2025\/07\/22\/design-your-own-tour-stage-4-the-rest-day\/#breadcrumb\"},\"inLanguage\":\"en-US\",\"potentialAction\":[{\"@type\":\"ReadAction\",\"target\":[\"https:\/\/www.welovecycling.com\/wide\/2025\/07\/22\/design-your-own-tour-stage-4-the-rest-day\/\"]}]},{\"@type\":\"ImageObject\",\"inLanguage\":\"en-US\",\"@id\":\"https:\/\/www.welovecycling.com\/wide\/2025\/07\/22\/design-your-own-tour-stage-4-the-rest-day\/#primaryimage\",\"url\":\"https:\/\/d2p6e6u75xmxt8.cloudfront.net\/2\/2022\/09\/Cyclist-resting-MTB-profimedia-0711218304-CVR.webp\",\"contentUrl\":\"https:\/\/d2p6e6u75xmxt8.cloudfront.net\/2\/2022\/09\/Cyclist-resting-MTB-profimedia-0711218304-CVR.webp\",\"width\":990,\"height\":660,\"caption\":\"Cyclist resting in the mountains\"},{\"@type\":\"BreadcrumbList\",\"@id\":\"https:\/\/www.welovecycling.com\/wide\/2025\/07\/22\/design-your-own-tour-stage-4-the-rest-day\/#breadcrumb\",\"itemListElement\":[{\"@type\":\"ListItem\",\"position\":1,\"name\":\"Home\",\"item\":\"https:\/\/www.welovecycling.com\/wide\/\"},{\"@type\":\"ListItem\",\"position\":2,\"name\":\"Design Your Own Tour \u2013 Stage 4: The Rest Day\"}]},{\"@type\":\"WebSite\",\"@id\":\"https:\/\/www.welovecycling.com\/wide\/#website\",\"url\":\"https:\/\/www.welovecycling.com\/wide\/\",\"name\":\"\u0160koda We Love Cycling\",\"description\":\"\u0160koda We Love Cycling magazine\",\"alternateName\":\"\u0160koda WLC\",\"potentialAction\":[{\"@type\":\"SearchAction\",\"target\":{\"@type\":\"EntryPoint\",\"urlTemplate\":\"https:\/\/www.welovecycling.com\/wide\/?s={search_term_string}\"},\"query-input\":{\"@type\":\"PropertyValueSpecification\",\"valueRequired\":true,\"valueName\":\"search_term_string\"}}],\"inLanguage\":\"en-US\"},{\"@type\":\"Person\",\"@id\":\"https:\/\/www.welovecycling.com\/wide\/#\/schema\/person\/50f01ecd18718d2333cf72e823c4f926\",\"name\":\"tereza\",\"image\":{\"@type\":\"ImageObject\",\"inLanguage\":\"en-US\",\"@id\":\"https:\/\/www.welovecycling.com\/wide\/#\/schema\/person\/image\/\",\"url\":\"https:\/\/secure.gravatar.com\/avatar\/1f9eb71be33845f0afabce3791bc1c58ecdb0a25c62964987e5dbcf7a20d2ec7?s=96&d=mm&r=g\",\"contentUrl\":\"https:\/\/secure.gravatar.com\/avatar\/1f9eb71be33845f0afabce3791bc1c58ecdb0a25c62964987e5dbcf7a20d2ec7?s=96&d=mm&r=g\",\"caption\":\"tereza\"},\"url\":\"https:\/\/www.welovecycling.com\/wide\/author\/tereza\/\"}]}<\/script>\n<!-- \/ Yoast SEO Premium plugin. -->","yoast_head_json":{"title":"Design Your Own Tour \u2013 Stage 4: The Rest Day - \u0160koda We Love Cycling","description":"What do the pros at the Tour de France do on a rest day, and how can you best copy them? This article will show you how to create a true recovery day,","robots":{"index":"index","follow":"follow","max-snippet":"max-snippet:-1","max-image-preview":"max-image-preview:large","max-video-preview":"max-video-preview:-1"},"canonical":"https:\/\/www.welovecycling.com\/wide\/2025\/07\/22\/design-your-own-tour-stage-4-the-rest-day\/","og_locale":"en_US","og_type":"article","og_title":"Design Your Own Tour \u2013 Stage 4: The Rest Day","og_description":"What do the pros at the Tour de France do on a rest day, and how can you best copy them? This article will show you how to create a true recovery day,","og_url":"https:\/\/www.welovecycling.com\/wide\/2025\/07\/22\/design-your-own-tour-stage-4-the-rest-day\/","og_site_name":"\u0160koda We Love Cycling","article_published_time":"2025-07-22T15:43:03+00:00","og_image":[{"width":990,"height":660,"url":"https:\/\/d2p6e6u75xmxt8.cloudfront.net\/2\/2022\/09\/Cyclist-resting-MTB-profimedia-0711218304-CVR.webp","type":"image\/webp"}],"author":"tereza","twitter_card":"summary_large_image","twitter_misc":{"Written by":"Jiri Kaloc","Est. reading time":"3"},"schema":{"@context":"https:\/\/schema.org","@graph":[{"@type":"WebPage","@id":"https:\/\/www.welovecycling.com\/wide\/2025\/07\/22\/design-your-own-tour-stage-4-the-rest-day\/","url":"https:\/\/www.welovecycling.com\/wide\/2025\/07\/22\/design-your-own-tour-stage-4-the-rest-day\/","name":"Design Your Own Tour \u2013 Stage 4: The Rest Day - \u0160koda We Love Cycling","isPartOf":{"@id":"https:\/\/www.welovecycling.com\/wide\/#website"},"primaryImageOfPage":{"@id":"https:\/\/www.welovecycling.com\/wide\/2025\/07\/22\/design-your-own-tour-stage-4-the-rest-day\/#primaryimage"},"image":{"@id":"https:\/\/www.welovecycling.com\/wide\/2025\/07\/22\/design-your-own-tour-stage-4-the-rest-day\/#primaryimage"},"thumbnailUrl":"https:\/\/d2p6e6u75xmxt8.cloudfront.net\/2\/2022\/09\/Cyclist-resting-MTB-profimedia-0711218304-CVR.webp","datePublished":"2025-07-22T15:43:03+00:00","author":{"@id":"https:\/\/www.welovecycling.com\/wide\/#\/schema\/person\/50f01ecd18718d2333cf72e823c4f926"},"description":"What do the pros at the Tour de France do on a rest day, and how can you best copy them? This article will show you how to create a true recovery day,","breadcrumb":{"@id":"https:\/\/www.welovecycling.com\/wide\/2025\/07\/22\/design-your-own-tour-stage-4-the-rest-day\/#breadcrumb"},"inLanguage":"en-US","potentialAction":[{"@type":"ReadAction","target":["https:\/\/www.welovecycling.com\/wide\/2025\/07\/22\/design-your-own-tour-stage-4-the-rest-day\/"]}]},{"@type":"ImageObject","inLanguage":"en-US","@id":"https:\/\/www.welovecycling.com\/wide\/2025\/07\/22\/design-your-own-tour-stage-4-the-rest-day\/#primaryimage","url":"https:\/\/d2p6e6u75xmxt8.cloudfront.net\/2\/2022\/09\/Cyclist-resting-MTB-profimedia-0711218304-CVR.webp","contentUrl":"https:\/\/d2p6e6u75xmxt8.cloudfront.net\/2\/2022\/09\/Cyclist-resting-MTB-profimedia-0711218304-CVR.webp","width":990,"height":660,"caption":"Cyclist resting in the mountains"},{"@type":"BreadcrumbList","@id":"https:\/\/www.welovecycling.com\/wide\/2025\/07\/22\/design-your-own-tour-stage-4-the-rest-day\/#breadcrumb","itemListElement":[{"@type":"ListItem","position":1,"name":"Home","item":"https:\/\/www.welovecycling.com\/wide\/"},{"@type":"ListItem","position":2,"name":"Design Your Own Tour \u2013 Stage 4: The Rest Day"}]},{"@type":"WebSite","@id":"https:\/\/www.welovecycling.com\/wide\/#website","url":"https:\/\/www.welovecycling.com\/wide\/","name":"\u0160koda We Love Cycling","description":"\u0160koda We Love Cycling magazine","alternateName":"\u0160koda WLC","potentialAction":[{"@type":"SearchAction","target":{"@type":"EntryPoint","urlTemplate":"https:\/\/www.welovecycling.com\/wide\/?s={search_term_string}"},"query-input":{"@type":"PropertyValueSpecification","valueRequired":true,"valueName":"search_term_string"}}],"inLanguage":"en-US"},{"@type":"Person","@id":"https:\/\/www.welovecycling.com\/wide\/#\/schema\/person\/50f01ecd18718d2333cf72e823c4f926","name":"tereza","image":{"@type":"ImageObject","inLanguage":"en-US","@id":"https:\/\/www.welovecycling.com\/wide\/#\/schema\/person\/image\/","url":"https:\/\/secure.gravatar.com\/avatar\/1f9eb71be33845f0afabce3791bc1c58ecdb0a25c62964987e5dbcf7a20d2ec7?s=96&d=mm&r=g","contentUrl":"https:\/\/secure.gravatar.com\/avatar\/1f9eb71be33845f0afabce3791bc1c58ecdb0a25c62964987e5dbcf7a20d2ec7?s=96&d=mm&r=g","caption":"tereza"},"url":"https:\/\/www.welovecycling.com\/wide\/author\/tereza\/"}]}},"_links":{"self":[{"href":"https:\/\/www.welovecycling.com\/wide\/wp-json\/wp\/v2\/posts\/199166","targetHints":{"allow":["GET"]}}],"collection":[{"href":"https:\/\/www.welovecycling.com\/wide\/wp-json\/wp\/v2\/posts"}],"about":[{"href":"https:\/\/www.welovecycling.com\/wide\/wp-json\/wp\/v2\/types\/post"}],"author":[{"embeddable":true,"href":"https:\/\/www.welovecycling.com\/wide\/wp-json\/wp\/v2\/users\/99"}],"replies":[{"embeddable":true,"href":"https:\/\/www.welovecycling.com\/wide\/wp-json\/wp\/v2\/comments?post=199166"}],"version-history":[{"count":1,"href":"https:\/\/www.welovecycling.com\/wide\/wp-json\/wp\/v2\/posts\/199166\/revisions"}],"predecessor-version":[{"id":199167,"href":"https:\/\/www.welovecycling.com\/wide\/wp-json\/wp\/v2\/posts\/199166\/revisions\/199167"}],"wp:featuredmedia":[{"embeddable":true,"href":"https:\/\/www.welovecycling.com\/wide\/wp-json\/wp\/v2\/media\/190570"}],"wp:attachment":[{"href":"https:\/\/www.welovecycling.com\/wide\/wp-json\/wp\/v2\/media?parent=199166"}],"wp:term":[{"taxonomy":"category","embeddable":true,"href":"https:\/\/www.welovecycling.com\/wide\/wp-json\/wp\/v2\/categories?post=199166"},{"taxonomy":"post_tag","embeddable":true,"href":"https:\/\/www.welovecycling.com\/wide\/wp-json\/wp\/v2\/tags?post=199166"},{"taxonomy":"global-categories","embeddable":true,"href":"https:\/\/www.welovecycling.com\/wide\/wp-json\/wp\/v2\/global-categories?post=199166"}],"curies":[{"name":"wp","href":"https:\/\/api.w.org\/{rel}","templated":true}]}}