{"id":199157,"date":"2025-07-21T13:00:06","date_gmt":"2025-07-21T13:00:06","guid":{"rendered":"https:\/\/www.welovecycling.com\/wide\/?p=199157"},"modified":"2025-07-21T13:33:16","modified_gmt":"2025-07-21T13:33:16","slug":"evenepoel-drops-out-on-the-tourmalet-as-pogacar-increases-gc-lead","status":"publish","type":"post","link":"https:\/\/www.welovecycling.com\/wide\/2025\/07\/21\/evenepoel-drops-out-on-the-tourmalet-as-pogacar-increases-gc-lead\/","title":{"rendered":"Evenepoel Drops out on the Tourmalet as Poga\u010dar Increases GC Lead"},"content":{"rendered":"<p><strong>A stage that offers more than 5,000m of altitude gained and includes two HC climbs was always going to feel like a Tour de France \u2018queen stage,\u2019 and Saturday\u2019s stage 14 did not disappoint \u2013 except perhaps the fans of Tadej Poga\u010dar who wanted him to win a third stage in a row.<\/strong><\/p>\n<p><!--more--><\/p>\n<h2><strong>Generous Pogi<\/strong><\/h2>\n<p>He didn\u2019t. He finished second, 1:08 behind Thymen Arensman, who burst out of a small breakaway group on the category 1 climb to the Col du Peyresourde (7.1km @ 8.1%) with 34.1km left to ride on the 182.6km course from Pau to Luchon-Superbagn\u00e8res and soloed courageously to the finish line. It marked the first Tour victory for his INEOS Grenadiers team since July 15, 2023, when Carlos Rodr\u00edguez also won that Tour\u2019s stage 14.<\/p>\n<p>&#8220;I heard the gap with the GC group, and I thought with Tadej and Jonas [Vingegaard], three-and-a-half minutes probably isn&#8217;t enough,\u201d Arensman said afterwards. \u201cI have to move. Maybe it&#8217;s suicide, maybe it&#8217;s not. I can&#8217;t believe I held them off, but I was really fading on this last climb, the second half. But I think with all the spectators, they gave me an extra few Watts, and I just could hold them off. It&#8217;s crazy.\u201d<\/p>\n<p>That climb was the second HC ascent of the stage, 12.4km @ 7.3% to the ski resort of Luchon-Superbagn\u00e8res, and on some of the double-digit gradients Arensman looked as if he were about to stop or fall over. But he plugged on and maintained a healthy gap all the way to the line.<\/p>\n<p>But, with no disrespect to Arensman, it must be said that Poga\u010dar looked as if he could easily have caught and passed him on that final climb. That he didn\u2019t was probably due to a media discussion that took place Friday when some commentators suggested that perhaps the Slovenian was too greedy and should give lesser riders a chance to win a stage. \u201cI&#8217;m not here to make enemies, but this is the Tour de France,\u201d he replied. \u201cI\u2019m paid to win races, not to give them away.\u201d \u00a0But I think he gave this one away.<\/p>\n<p>About 4km before the finish line, Vingegaard (Visma\u2013Lease a Bike) burst out of a small pursuing group, followed closely by Poga\u010dar and the new Red Bull\u2013BORA\u2013hansgrohe GC leader, Florian Lipowitz. The young German was eventually dropped, as the two GC rivals pursued their intense rivalry up the mountain. It seemed that Poga\u010dar could have ridden away at any moment and sprint towards the finish, but he chose to sit on the Dane\u2019s wheel.<\/p>\n<blockquote class=\"instagram-media\" style=\"background: #FFF; border: 0; border-radius: 3px; box-shadow: 0 0 1px 0 rgba(0,0,0,0.5),0 1px 10px 0 rgba(0,0,0,0.15); margin: 1px; max-width: 540px; min-width: 326px; padding: 0; width: calc(100% - 2px);\" data-instgrm-captioned=\"\" data-instgrm-permalink=\"https:\/\/www.instagram.com\/p\/DMVg03lNRUE\/?utm_source=ig_embed&amp;utm_campaign=loading\" data-instgrm-version=\"14\">\n<div style=\"padding: 16px;\">\n<p>&nbsp;<\/p>\n<div style=\"display: flex; flex-direction: row; align-items: center;\">\n<div style=\"background-color: #f4f4f4; border-radius: 50%; flex-grow: 0; height: 40px; margin-right: 14px; width: 40px;\"><\/div>\n<div style=\"display: flex; flex-direction: column; flex-grow: 1; justify-content: center;\">\n<div style=\"background-color: #f4f4f4; border-radius: 4px; flex-grow: 0; height: 14px; margin-bottom: 6px; width: 100px;\"><\/div>\n<div style=\"background-color: #f4f4f4; border-radius: 4px; flex-grow: 0; height: 14px; width: 60px;\"><\/div>\n<\/div>\n<\/div>\n<div style=\"padding: 19% 0;\"><\/div>\n<div style=\"display: block; height: 50px; margin: 0 auto 12px; width: 50px;\"><\/div>\n<div style=\"padding-top: 8px;\">\n<div style=\"color: #3897f0; font-family: Arial,sans-serif; font-size: 14px; font-style: normal; font-weight: 550; line-height: 18px;\">Zobrazit p\u0159\u00edsp\u011bvek na Instagramu<\/div>\n<\/div>\n<div style=\"padding: 12.5% 0;\"><\/div>\n<div style=\"display: flex; flex-direction: row; margin-bottom: 14px; align-items: center;\">\n<div>\n<div style=\"background-color: #f4f4f4; border-radius: 50%; height: 12.5px; width: 12.5px; transform: translateX(0px) translateY(7px);\"><\/div>\n<div style=\"background-color: #f4f4f4; height: 12.5px; transform: rotate(-45deg) translateX(3px) translateY(1px); width: 12.5px; flex-grow: 0; margin-right: 14px; margin-left: 2px;\"><\/div>\n<div style=\"background-color: #f4f4f4; border-radius: 50%; height: 12.5px; width: 12.5px; transform: translateX(9px) translateY(-18px);\"><\/div>\n<\/div>\n<div style=\"margin-left: 8px;\">\n<div style=\"background-color: #f4f4f4; border-radius: 50%; flex-grow: 0; height: 20px; width: 20px;\"><\/div>\n<div style=\"width: 0; height: 0; border-top: 2px solid transparent; border-left: 6px solid #f4f4f4; border-bottom: 2px solid transparent; transform: translateX(16px) translateY(-4px) rotate(30deg);\"><\/div>\n<\/div>\n<div style=\"margin-left: auto;\">\n<div style=\"width: 0px; border-top: 8px solid #F4F4F4; border-right: 8px solid transparent; transform: translateY(16px);\"><\/div>\n<div style=\"background-color: #f4f4f4; flex-grow: 0; height: 12px; width: 16px; transform: translateY(-4px);\"><\/div>\n<div style=\"width: 0; height: 0; border-top: 8px solid #F4F4F4; border-left: 8px solid transparent; transform: translateY(-4px) translateX(8px);\"><\/div>\n<\/div>\n<\/div>\n<div style=\"display: flex; flex-direction: column; flex-grow: 1; justify-content: center; margin-bottom: 24px;\">\n<div style=\"background-color: #f4f4f4; border-radius: 4px; flex-grow: 0; height: 14px; margin-bottom: 6px; width: 224px;\"><\/div>\n<div style=\"background-color: #f4f4f4; border-radius: 4px; flex-grow: 0; height: 14px; width: 144px;\"><\/div>\n<\/div>\n<p>&nbsp;<\/p>\n<p style=\"color: #c9c8cd; font-family: Arial,sans-serif; font-size: 14px; line-height: 17px; margin-bottom: 0; margin-top: 8px; overflow: hidden; padding: 8px 0 7px; text-align: center; text-overflow: ellipsis; white-space: nowrap;\"><a style=\"color: #c9c8cd; font-family: Arial,sans-serif; font-size: 14px; font-style: normal; font-weight: normal; line-height: 17px; text-decoration: none;\" href=\"https:\/\/www.instagram.com\/p\/DMVg03lNRUE\/?utm_source=ig_embed&amp;utm_campaign=loading\" target=\"_blank\" rel=\"noopener\">P\u0159\u00edsp\u011bvek sd\u00edlen\u00fd Tour de France\u2122 (@letourdefrance)<\/a><\/p>\n<\/div>\n<\/blockquote>\n<h2><script async src=\"\/\/www.instagram.com\/embed.js\"><\/script><strong>An unhappy ending for Evenepoel<\/strong><\/h2>\n<p>In the end, Vingegaard could not match Poga\u010dar\u2019s sprint and finished 4 seconds behind the world champion. He trails him by 4:13 in the GC, with Lipowitz, who finished fifth in the stage, now in third, at 7:53. He now also owns the white jersey for best young rider in the race. That jersey and the third spot on <a href=\"https:\/\/www.letour.fr\/en\/\">the Tour<\/a> podium belonged to Remco Evenepoel (Soudal Quick-Step) before the start of the stage. But the world and Olympics ITT champion had struggled on Friday\u2019s stage 13 time trial, finishing 2:39 behind the winner, Poga\u010dar.<\/p>\n<p>Most of that ITT was an 8.1km climb with an average gradient of 7.6% and ramps of up to 16% at the end on an airport at Peyragudes. Poga\u010dar beat Vingegaard by 36 seconds, with a resurgent Primo\u017e Rogli\u010d (Red Bull\u2013BORA\u2013hansgrohe) finishing third, at 1:20. Evenepoel looked so unlike his usual time-trialing self that commentators suggested that he was ailing. Those observations were even more numerous on Saturday, as the 25-year-old Belgian crawled up the lower slopes of the first HC climb of the stage, the daunting Tourmalet (18.9km @ 7.4%). He eventually got off his bike and rode away in a team car.<\/p>\n<p>Tom Steels, Soudal Quick-Step\u2019s head sports director at the Tour, told TNT Sports that Evenepoel \u201cdidn\u2019t feel great. He hoped for the best. He hoped it would turn at a moment, but it didn\u2019t turn. He also didn\u2019t have the legs to suffer. And then I also think it\u2019s wise not to continue and [instead] recover well. He still has some goals this year and if he continues in the condition he had, maybe the rest of the season is lost.\u201d Steels went on to say that September\u2019s World Championships in Rwanda would likely be Evenepoel\u2019s next goal.<\/p>\n<p>But Evenepoel certainly seemed at his best in the stage 5 time trial, which he won majestically. So I believe the months of winter training he missed following his training crash in December and the high temperatures and blazing speeds at which this Tour has been run were responsible for his bad form when the climbing began.<\/p>\n<h2><strong>More stage madness and another UAE winner<\/strong><\/h2>\n<p>Sunday\u2019s stage 15 was another one of those hilly, high-speed, lunatic stages with breakaways coming every time you blinked because it was probably the last stage which a cyclist who was neither a sprinter nor a climbing specialist could win. It seemed that perhaps half the peloton tried to race away at one time or another. In the final 20km or so, there must have been at least a half-dozen small groups strung out between the peloton and the finish line.<\/p>\n<p>So it was fitting that the last breakaway rider, Belgian champion Tim Wellens (UAE Emirates\u2013XRG), took home the prize. The 34-year-old took off from a small lead group with 43.6km left to race on the 169.3km course from Muret to\u00a0Carcassonne. While some of the riders in the group \u2013 Quinn Simmons (Lidl-Trek), Victor Campenaerts (Visma\u2013Lease a Bike), Warren Barguil (Picnic PostNL) and Michael Storer (Tudor Pro) \u2013 made an effort to catch him, Wellens slowly pulled away and when he crossed the finish line he had a gap of 1:28 over fellow Belgian Campenaerts, with French veteran Julian Alaphilippe (Tudor Pro) outsprinting Visma\u2019s <a href=\"https:\/\/www.welovecycling.com\/wide\/2025\/06\/25\/road-to-the-tour-what-can-we-expect-from-wout-van-aert\/\" target=\"_blank\" rel=\"noopener\">Wout van Aert<\/a> for third, at 1:36.<\/p>\n<p>As an example of the chaos that reigned in this stage, Alaphilippe was part of a crash early in the stage and dislocated his shoulder. Instead of waiting for medical assistance, he healed himself. &#8220;I immediately felt that it was going to be complicated for a few seconds, because I&#8217;ve already done both shoulders, so I know the pain,&#8221; he <a href=\"https:\/\/www.msn.com\/en-us\/sports\/other\/from-a-dislocated-shoulder-to-thinking-he-had-won-the-stage-julian-alaphilippe-s-wild-day-in-the-tour-de-france-breakaway\/ar-AA1IX8uN?ocid=msedgntp&amp;cvid=f8d196bd98a54a53c4dea719fd162ad7&amp;ei=8\">told French TV<\/a>. &#8220;But I remembered what they did at the hospital, and I managed to pop it back in. I just know that it made a big &#8216;click&#8217; and that it was right again. . . . For 30 seconds after the fall, I thought it was over for me.&#8221;<\/p>\n<p>He got on his bike and eventually found himself near the front of a pursuing group late in the stage and sprinting for third place. But he had another problem. &#8220;Unfortunately, my radio was no longer working after the crash, so I tried to do the best sprint possible, thinking about the stage victory,&#8221; he explained. He unleashed a powerful sprint, actually nipping van Aert at the line and celebrating as he crossed the line. &#8220;I raised my arms like an idiot, but there were guys in front [of me],\u201d he explained.&#8221; So there you go, it could have ended better, but I could also have gone home [because of the crash]. So it&#8217;s OK.&#8221;<\/p>\n<p>The victory was the first Tour stage win for Wellens and gave him a stage victory in all three Grand Tours. &#8220;I knew I&#8217;d be on an elite list with winners of stages in all the Grand Tours,\u201d <a href=\"https:\/\/www.cyclingnews.com\/news\/i-would-swap-this-victory-in-an-instant-for-yellow-with-tadej-in-paris-tim-wellens-celebrates-tour-de-france-stage-win-but-says-pogacar-gc-victory-remains-his-top-priority\/\">he said<\/a> afterwards. \u201cI had time to enjoy it. I actually wanted to raise my bike at the finish, but I was so happy I forgot.\u201d He added: &#8220;I saw an opportunity, I seized it, and I had the legs to finish it off. But I would trade this victory in an instant for the yellow jersey with Tadej in Paris.&#8221;<\/p>\n<p>And, barring injury or illness, Poga\u010dar now looks certain to be wearing that yellow jersey when the race ends Sunday in Paris.<\/p>\n<p><strong>Results of Stage 15, 2025 Tour de France <\/strong><\/p>\n<ol>\n<li>Tim Wellens, UAE Team Emirates\u2013XRG 3:34:09<\/li>\n<li>Victor Campenaerts, Visma\u2013Lease a Bike +1:28<\/li>\n<li>Julian Alaphilippe, Tudor Pro +1:36<\/li>\n<li>Wout Van Aert, Visma\u2013Lease a Bike \u00a0\u00a0\u00a0\u201c<\/li>\n<li>Axel Laurance, INEOS Grenadiers \u201c<\/li>\n<li>Aleksandr Vlasov, Red Bull\u2013BORA\u2013hansgrohe \u201c<\/li>\n<li>Paul Penho\u00ebt, Groupama-FDJ \u201c<\/li>\n<li>Jordan Jegat, TotalEngeries \u201c<\/li>\n<li>Michael Valgren, EF Education\u2013EasyPost \u201c<\/li>\n<li>Valentin Madouas, Groupama-FDJ \u201c<\/li>\n<\/ol>\n<h4><strong>2025 Tour de France General Classification After Stage 15<\/strong><\/h4>\n<ol>\n<li>Tadej Poga\u010dar, UAE Team Emirates\u2013XRG 54:20:44<\/li>\n<li>Jonas Vingegaard, Visma\u2013Lease a Bike +4:13<\/li>\n<li>Florian Lipowitz, Red Bull\u2013BORA\u2013hansgrohe +7:53<\/li>\n<li>Oscar Onley, Picnic PostNL \u00a0+9:18<\/li>\n<li>K\u00e9vin Vauquelin, Ark\u00e9a\u2013B&amp;B Hotels +10:21<\/li>\n<li>Primo\u017e Rogli\u010d, Red Bull\u2013BORA\u2013hansgrohe +10:34<\/li>\n<li>Felix Gall, Decathlon AG2R La Mondiale \u00a0\u00a0+12:00<\/li>\n<li>Tobias Halland Johannessen, Uno-X Mobility +12:33<\/li>\n<li>Carlos Rodr\u00edguez, INEOS Grenadiers +18:26<\/li>\n<li>Ben Healy, EF Education\u2013EasyPost +18:41<\/li>\n<\/ol>\n","protected":false},"excerpt":{"rendered":"<p>A stage that offers more than 5,000m of altitude gained and includes two HC climbs was always going to feel [&hellip;]<\/p>\n","protected":false},"author":99,"featured_media":199159,"comment_status":"closed","ping_status":"open","sticky":false,"template":"","format":"standard","meta":{"footnotes":""},"categories":[329],"tags":[8082,5450,3544,3415,433],"global-categories":[3366],"class_list":["post-199157","post","type-post","status-publish","format-standard","has-post-thumbnail","hentry","category-road-cycling","tag-2025-tour","tag-jonas-vingegaard","tag-remco-evenepoel","tag-tadej-pogacar","tag-tour-de-france","global-categories-cycling"],"yoast_head":"<!-- This site is optimized with the Yoast SEO Premium plugin v25.3 (Yoast SEO v25.9) - https:\/\/yoast.com\/wordpress\/plugins\/seo\/ -->\n<title>Evenepoel Drops Out as Poga\u010dar Increases GC Lead at the Tour<\/title>\n<meta name=\"description\" content=\"A stage that offers more than 5,000m of altitude gained and includes two HC climbs was always going to feel like a Tour de France \u2018queen stage,\u2019 and\" \/>\n<meta name=\"robots\" content=\"index, follow, max-snippet:-1, max-image-preview:large, max-video-preview:-1\" \/>\n<link rel=\"canonical\" href=\"https:\/\/www.welovecycling.com\/wide\/2025\/07\/21\/evenepoel-drops-out-on-the-tourmalet-as-pogacar-increases-gc-lead\/\" \/>\n<meta property=\"og:locale\" content=\"en_US\" \/>\n<meta property=\"og:type\" content=\"article\" \/>\n<meta property=\"og:title\" content=\"Evenepoel Drops out on the Tourmalet as Poga\u010dar Increases GC Lead\" \/>\n<meta property=\"og:description\" content=\"A stage that offers more than 5,000m of altitude gained and includes two HC climbs was always going to feel like a Tour de France \u2018queen stage,\u2019 and\" \/>\n<meta property=\"og:url\" content=\"https:\/\/www.welovecycling.com\/wide\/2025\/07\/21\/evenepoel-drops-out-on-the-tourmalet-as-pogacar-increases-gc-lead\/\" \/>\n<meta property=\"og:site_name\" content=\"\u0160koda We Love Cycling\" \/>\n<meta property=\"article:published_time\" content=\"2025-07-21T13:00:06+00:00\" \/>\n<meta property=\"article:modified_time\" content=\"2025-07-21T13:33:16+00:00\" \/>\n<meta property=\"og:image\" content=\"https:\/\/d2p6e6u75xmxt8.cloudfront.net\/2\/2025\/07\/2025-Tour-de-France-Pogacar-Evenepoel-profimedia-1021818080-CVR.webp\" \/>\n\t<meta property=\"og:image:width\" content=\"990\" \/>\n\t<meta property=\"og:image:height\" content=\"660\" \/>\n\t<meta property=\"og:image:type\" content=\"image\/webp\" \/>\n<meta name=\"author\" content=\"tereza\" \/>\n<meta name=\"twitter:card\" content=\"summary_large_image\" \/>\n<meta name=\"twitter:label1\" content=\"Written by\" \/>\n\t<meta name=\"twitter:data1\" content=\"Siegfried Mortkowitz\" \/>\n\t<meta name=\"twitter:label2\" content=\"Est. reading time\" \/>\n\t<meta name=\"twitter:data2\" content=\"3\" \/>\n<script type=\"application\/ld+json\" class=\"yoast-schema-graph\">{\"@context\":\"https:\/\/schema.org\",\"@graph\":[{\"@type\":\"WebPage\",\"@id\":\"https:\/\/www.welovecycling.com\/wide\/2025\/07\/21\/evenepoel-drops-out-on-the-tourmalet-as-pogacar-increases-gc-lead\/\",\"url\":\"https:\/\/www.welovecycling.com\/wide\/2025\/07\/21\/evenepoel-drops-out-on-the-tourmalet-as-pogacar-increases-gc-lead\/\",\"name\":\"Evenepoel Drops Out as Poga\u010dar Increases GC Lead at the Tour\",\"isPartOf\":{\"@id\":\"https:\/\/www.welovecycling.com\/wide\/#website\"},\"primaryImageOfPage\":{\"@id\":\"https:\/\/www.welovecycling.com\/wide\/2025\/07\/21\/evenepoel-drops-out-on-the-tourmalet-as-pogacar-increases-gc-lead\/#primaryimage\"},\"image\":{\"@id\":\"https:\/\/www.welovecycling.com\/wide\/2025\/07\/21\/evenepoel-drops-out-on-the-tourmalet-as-pogacar-increases-gc-lead\/#primaryimage\"},\"thumbnailUrl\":\"https:\/\/d2p6e6u75xmxt8.cloudfront.net\/2\/2025\/07\/2025-Tour-de-France-Pogacar-Evenepoel-profimedia-1021818080-CVR.webp\",\"datePublished\":\"2025-07-21T13:00:06+00:00\",\"dateModified\":\"2025-07-21T13:33:16+00:00\",\"author\":{\"@id\":\"https:\/\/www.welovecycling.com\/wide\/#\/schema\/person\/50f01ecd18718d2333cf72e823c4f926\"},\"description\":\"A stage that offers more than 5,000m of altitude gained and includes two HC climbs was always going to feel like a Tour de France \u2018queen stage,\u2019 and\",\"breadcrumb\":{\"@id\":\"https:\/\/www.welovecycling.com\/wide\/2025\/07\/21\/evenepoel-drops-out-on-the-tourmalet-as-pogacar-increases-gc-lead\/#breadcrumb\"},\"inLanguage\":\"en-US\",\"potentialAction\":[{\"@type\":\"ReadAction\",\"target\":[\"https:\/\/www.welovecycling.com\/wide\/2025\/07\/21\/evenepoel-drops-out-on-the-tourmalet-as-pogacar-increases-gc-lead\/\"]}]},{\"@type\":\"ImageObject\",\"inLanguage\":\"en-US\",\"@id\":\"https:\/\/www.welovecycling.com\/wide\/2025\/07\/21\/evenepoel-drops-out-on-the-tourmalet-as-pogacar-increases-gc-lead\/#primaryimage\",\"url\":\"https:\/\/d2p6e6u75xmxt8.cloudfront.net\/2\/2025\/07\/2025-Tour-de-France-Pogacar-Evenepoel-profimedia-1021818080-CVR.webp\",\"contentUrl\":\"https:\/\/d2p6e6u75xmxt8.cloudfront.net\/2\/2025\/07\/2025-Tour-de-France-Pogacar-Evenepoel-profimedia-1021818080-CVR.webp\",\"width\":990,\"height\":660,\"caption\":\"2025 Tour\"},{\"@type\":\"BreadcrumbList\",\"@id\":\"https:\/\/www.welovecycling.com\/wide\/2025\/07\/21\/evenepoel-drops-out-on-the-tourmalet-as-pogacar-increases-gc-lead\/#breadcrumb\",\"itemListElement\":[{\"@type\":\"ListItem\",\"position\":1,\"name\":\"Home\",\"item\":\"https:\/\/www.welovecycling.com\/wide\/\"},{\"@type\":\"ListItem\",\"position\":2,\"name\":\"Evenepoel Drops out on the Tourmalet as Poga\u010dar Increases GC Lead\"}]},{\"@type\":\"WebSite\",\"@id\":\"https:\/\/www.welovecycling.com\/wide\/#website\",\"url\":\"https:\/\/www.welovecycling.com\/wide\/\",\"name\":\"\u0160koda We Love Cycling\",\"description\":\"\u0160koda We Love Cycling magazine\",\"alternateName\":\"\u0160koda WLC\",\"potentialAction\":[{\"@type\":\"SearchAction\",\"target\":{\"@type\":\"EntryPoint\",\"urlTemplate\":\"https:\/\/www.welovecycling.com\/wide\/?s={search_term_string}\"},\"query-input\":{\"@type\":\"PropertyValueSpecification\",\"valueRequired\":true,\"valueName\":\"search_term_string\"}}],\"inLanguage\":\"en-US\"},{\"@type\":\"Person\",\"@id\":\"https:\/\/www.welovecycling.com\/wide\/#\/schema\/person\/50f01ecd18718d2333cf72e823c4f926\",\"name\":\"tereza\",\"image\":{\"@type\":\"ImageObject\",\"inLanguage\":\"en-US\",\"@id\":\"https:\/\/www.welovecycling.com\/wide\/#\/schema\/person\/image\/\",\"url\":\"https:\/\/secure.gravatar.com\/avatar\/1f9eb71be33845f0afabce3791bc1c58ecdb0a25c62964987e5dbcf7a20d2ec7?s=96&d=mm&r=g\",\"contentUrl\":\"https:\/\/secure.gravatar.com\/avatar\/1f9eb71be33845f0afabce3791bc1c58ecdb0a25c62964987e5dbcf7a20d2ec7?s=96&d=mm&r=g\",\"caption\":\"tereza\"},\"url\":\"https:\/\/www.welovecycling.com\/wide\/author\/tereza\/\"}]}<\/script>\n<!-- \/ Yoast SEO Premium plugin. -->","yoast_head_json":{"title":"Evenepoel Drops Out as Poga\u010dar Increases GC Lead at the Tour","description":"A stage that offers more than 5,000m of altitude gained and includes two HC climbs was always going to feel like a Tour de France \u2018queen stage,\u2019 and","robots":{"index":"index","follow":"follow","max-snippet":"max-snippet:-1","max-image-preview":"max-image-preview:large","max-video-preview":"max-video-preview:-1"},"canonical":"https:\/\/www.welovecycling.com\/wide\/2025\/07\/21\/evenepoel-drops-out-on-the-tourmalet-as-pogacar-increases-gc-lead\/","og_locale":"en_US","og_type":"article","og_title":"Evenepoel Drops out on the Tourmalet as Poga\u010dar Increases GC Lead","og_description":"A stage that offers more than 5,000m of altitude gained and includes two HC climbs was always going to feel like a Tour de France \u2018queen stage,\u2019 and","og_url":"https:\/\/www.welovecycling.com\/wide\/2025\/07\/21\/evenepoel-drops-out-on-the-tourmalet-as-pogacar-increases-gc-lead\/","og_site_name":"\u0160koda We Love Cycling","article_published_time":"2025-07-21T13:00:06+00:00","article_modified_time":"2025-07-21T13:33:16+00:00","og_image":[{"width":990,"height":660,"url":"https:\/\/d2p6e6u75xmxt8.cloudfront.net\/2\/2025\/07\/2025-Tour-de-France-Pogacar-Evenepoel-profimedia-1021818080-CVR.webp","type":"image\/webp"}],"author":"tereza","twitter_card":"summary_large_image","twitter_misc":{"Written by":"Siegfried Mortkowitz","Est. reading time":"3"},"schema":{"@context":"https:\/\/schema.org","@graph":[{"@type":"WebPage","@id":"https:\/\/www.welovecycling.com\/wide\/2025\/07\/21\/evenepoel-drops-out-on-the-tourmalet-as-pogacar-increases-gc-lead\/","url":"https:\/\/www.welovecycling.com\/wide\/2025\/07\/21\/evenepoel-drops-out-on-the-tourmalet-as-pogacar-increases-gc-lead\/","name":"Evenepoel Drops Out as Poga\u010dar Increases GC Lead at the Tour","isPartOf":{"@id":"https:\/\/www.welovecycling.com\/wide\/#website"},"primaryImageOfPage":{"@id":"https:\/\/www.welovecycling.com\/wide\/2025\/07\/21\/evenepoel-drops-out-on-the-tourmalet-as-pogacar-increases-gc-lead\/#primaryimage"},"image":{"@id":"https:\/\/www.welovecycling.com\/wide\/2025\/07\/21\/evenepoel-drops-out-on-the-tourmalet-as-pogacar-increases-gc-lead\/#primaryimage"},"thumbnailUrl":"https:\/\/d2p6e6u75xmxt8.cloudfront.net\/2\/2025\/07\/2025-Tour-de-France-Pogacar-Evenepoel-profimedia-1021818080-CVR.webp","datePublished":"2025-07-21T13:00:06+00:00","dateModified":"2025-07-21T13:33:16+00:00","author":{"@id":"https:\/\/www.welovecycling.com\/wide\/#\/schema\/person\/50f01ecd18718d2333cf72e823c4f926"},"description":"A stage that offers more than 5,000m of altitude gained and includes two HC climbs was always going to feel like a Tour de France \u2018queen stage,\u2019 and","breadcrumb":{"@id":"https:\/\/www.welovecycling.com\/wide\/2025\/07\/21\/evenepoel-drops-out-on-the-tourmalet-as-pogacar-increases-gc-lead\/#breadcrumb"},"inLanguage":"en-US","potentialAction":[{"@type":"ReadAction","target":["https:\/\/www.welovecycling.com\/wide\/2025\/07\/21\/evenepoel-drops-out-on-the-tourmalet-as-pogacar-increases-gc-lead\/"]}]},{"@type":"ImageObject","inLanguage":"en-US","@id":"https:\/\/www.welovecycling.com\/wide\/2025\/07\/21\/evenepoel-drops-out-on-the-tourmalet-as-pogacar-increases-gc-lead\/#primaryimage","url":"https:\/\/d2p6e6u75xmxt8.cloudfront.net\/2\/2025\/07\/2025-Tour-de-France-Pogacar-Evenepoel-profimedia-1021818080-CVR.webp","contentUrl":"https:\/\/d2p6e6u75xmxt8.cloudfront.net\/2\/2025\/07\/2025-Tour-de-France-Pogacar-Evenepoel-profimedia-1021818080-CVR.webp","width":990,"height":660,"caption":"2025 Tour"},{"@type":"BreadcrumbList","@id":"https:\/\/www.welovecycling.com\/wide\/2025\/07\/21\/evenepoel-drops-out-on-the-tourmalet-as-pogacar-increases-gc-lead\/#breadcrumb","itemListElement":[{"@type":"ListItem","position":1,"name":"Home","item":"https:\/\/www.welovecycling.com\/wide\/"},{"@type":"ListItem","position":2,"name":"Evenepoel Drops out on the Tourmalet as Poga\u010dar Increases GC Lead"}]},{"@type":"WebSite","@id":"https:\/\/www.welovecycling.com\/wide\/#website","url":"https:\/\/www.welovecycling.com\/wide\/","name":"\u0160koda We Love Cycling","description":"\u0160koda We Love Cycling magazine","alternateName":"\u0160koda WLC","potentialAction":[{"@type":"SearchAction","target":{"@type":"EntryPoint","urlTemplate":"https:\/\/www.welovecycling.com\/wide\/?s={search_term_string}"},"query-input":{"@type":"PropertyValueSpecification","valueRequired":true,"valueName":"search_term_string"}}],"inLanguage":"en-US"},{"@type":"Person","@id":"https:\/\/www.welovecycling.com\/wide\/#\/schema\/person\/50f01ecd18718d2333cf72e823c4f926","name":"tereza","image":{"@type":"ImageObject","inLanguage":"en-US","@id":"https:\/\/www.welovecycling.com\/wide\/#\/schema\/person\/image\/","url":"https:\/\/secure.gravatar.com\/avatar\/1f9eb71be33845f0afabce3791bc1c58ecdb0a25c62964987e5dbcf7a20d2ec7?s=96&d=mm&r=g","contentUrl":"https:\/\/secure.gravatar.com\/avatar\/1f9eb71be33845f0afabce3791bc1c58ecdb0a25c62964987e5dbcf7a20d2ec7?s=96&d=mm&r=g","caption":"tereza"},"url":"https:\/\/www.welovecycling.com\/wide\/author\/tereza\/"}]}},"_links":{"self":[{"href":"https:\/\/www.welovecycling.com\/wide\/wp-json\/wp\/v2\/posts\/199157","targetHints":{"allow":["GET"]}}],"collection":[{"href":"https:\/\/www.welovecycling.com\/wide\/wp-json\/wp\/v2\/posts"}],"about":[{"href":"https:\/\/www.welovecycling.com\/wide\/wp-json\/wp\/v2\/types\/post"}],"author":[{"embeddable":true,"href":"https:\/\/www.welovecycling.com\/wide\/wp-json\/wp\/v2\/users\/99"}],"replies":[{"embeddable":true,"href":"https:\/\/www.welovecycling.com\/wide\/wp-json\/wp\/v2\/comments?post=199157"}],"version-history":[{"count":2,"href":"https:\/\/www.welovecycling.com\/wide\/wp-json\/wp\/v2\/posts\/199157\/revisions"}],"predecessor-version":[{"id":199160,"href":"https:\/\/www.welovecycling.com\/wide\/wp-json\/wp\/v2\/posts\/199157\/revisions\/199160"}],"wp:featuredmedia":[{"embeddable":true,"href":"https:\/\/www.welovecycling.com\/wide\/wp-json\/wp\/v2\/media\/199159"}],"wp:attachment":[{"href":"https:\/\/www.welovecycling.com\/wide\/wp-json\/wp\/v2\/media?parent=199157"}],"wp:term":[{"taxonomy":"category","embeddable":true,"href":"https:\/\/www.welovecycling.com\/wide\/wp-json\/wp\/v2\/categories?post=199157"},{"taxonomy":"post_tag","embeddable":true,"href":"https:\/\/www.welovecycling.com\/wide\/wp-json\/wp\/v2\/tags?post=199157"},{"taxonomy":"global-categories","embeddable":true,"href":"https:\/\/www.welovecycling.com\/wide\/wp-json\/wp\/v2\/global-categories?post=199157"}],"curies":[{"name":"wp","href":"https:\/\/api.w.org\/{rel}","templated":true}]}}