{"id":199148,"date":"2025-07-18T11:32:48","date_gmt":"2025-07-18T11:32:48","guid":{"rendered":"https:\/\/www.welovecycling.com\/wide\/?p=199148"},"modified":"2025-07-18T11:33:22","modified_gmt":"2025-07-18T11:33:22","slug":"pogacar-whips-the-new-vingegaard-on-first-major-climb-of-the-tour","status":"publish","type":"post","link":"https:\/\/www.welovecycling.com\/wide\/2025\/07\/18\/pogacar-whips-the-new-vingegaard-on-first-major-climb-of-the-tour\/","title":{"rendered":"Poga\u010dar Whips the \u2018New\u2019 Vingegaard on First Major Climb of the Tour"},"content":{"rendered":"<p><strong>On Thursday\u2019s stage 12 of the Tour de France, Tadej Poga\u010dar (UAE Team Emirates\u2013XRG) answered all the questions and replied to all the challenges Jonas Vingegaard and his Visma\u2013Lease a Bike team had thrown at him over the first 11 stages of the race. <\/strong><\/p>\n<p><!--more--><\/p>\n<p>Riding away from a small group of GC contenders with a devastating burst of speed, he left Vingegaard and the other GC contenders gasping in the 34\u00b0C temperatures on the slopes of the HC (beyond category) Hautacam (13.1 km @ 7.8% with ramps of 15%) and took a huge step towards securing the fourth Tour de France victory of his career.<\/p>\n<h2><strong>Poga\u010dar flies up the Hautacam as Vingegaard jogs<\/strong><\/h2>\n<p>Led out by teammate Jhonatan Narv\u00e1ez, <a href=\"https:\/\/www.welovecycling.com\/wide\/2024\/10\/16\/opinion-is-pogacar-too-good-for-the-sport\/\" target=\"_blank\" rel=\"noopener\">Poga\u010dar<\/a> took off near the bottom of the ascent and with just a few pedal strokes had a lead of some 50 m over the Dane. Though Vingegaard fought hard, he was no match for the rider widely considered the greatest road racer of all time. By the time he crossed the finish line, overheated and grimacing, Vingegaard had lost 2:10 to the winner and now trails his rival by a whopping 3:31. Race over? Considering that the Hautacam was the first of many more brutal climbs to come, I would have to say yes.<\/p>\n<p>The victory puts Poga\u010dar in the yellow jersey for the third time as former race leader Ben Healy (EF Education\u2013EasyPost) suffered in the heat and finished nearly 14 minutes behind the winner. The Slovenian also became the first world champion to win a summit finish in the Tour since Bernard Hinault did it in 1981.<\/p>\n<p>\u201cI knew the first time I rode Hautacam that it\u2019s a super nice climb. I was always looking forward to riding it,\u201d Poga\u010dar told TNT Sports. \u201cI\u2019m super happy to take time and to win on this climb.\u201d And just to let Vingegaard and other rivals know that they have exactly two chances to beat him, slim and none, when asked how he feels compared to previous Tours, he said, \u201cBased on my feeling, I feel at the best moment of my career.\u201d<\/p>\n<p>He also paid tribute to Samuele Privitera, a 19-year-old rider for Jayco-AlUla\u2019s development team, Hagens Berman Jayco, who died Wednesday after a crash on the opening stage of the Giro della Valle d&#8217;Aosta. \u201cThis stage can go for Samuele, to all his family,\u201d Poga\u010dar said. \u201cIt was really sad. It was the first thing I read in the morning, and I was thinking in the last kilometre about him and how tough this sport can be and how much pain it can cause.\u201d<\/p>\n<p>The Slovenian is a class act all the way, class on the road and class in his skin.<\/p>\n<blockquote class=\"instagram-media\" style=\"background: #FFF; border: 0; border-radius: 3px; box-shadow: 0 0 1px 0 rgba(0,0,0,0.5),0 1px 10px 0 rgba(0,0,0,0.15); margin: 1px; max-width: 540px; min-width: 326px; padding: 0; width: calc(100% - 2px);\" data-instgrm-captioned=\"\" data-instgrm-permalink=\"https:\/\/www.instagram.com\/p\/DMNKJu9ok_A\/?utm_source=ig_embed&amp;utm_campaign=loading\" data-instgrm-version=\"14\">\n<div style=\"padding: 16px;\">\n<p>&nbsp;<\/p>\n<div style=\"display: flex; flex-direction: row; align-items: center;\">\n<div style=\"background-color: #f4f4f4; border-radius: 50%; flex-grow: 0; height: 40px; margin-right: 14px; width: 40px;\"><\/div>\n<div style=\"display: flex; flex-direction: column; flex-grow: 1; justify-content: center;\">\n<div style=\"background-color: #f4f4f4; border-radius: 4px; flex-grow: 0; height: 14px; margin-bottom: 6px; width: 100px;\"><\/div>\n<div style=\"background-color: #f4f4f4; border-radius: 4px; flex-grow: 0; height: 14px; width: 60px;\"><\/div>\n<\/div>\n<\/div>\n<div style=\"padding: 19% 0;\"><\/div>\n<div style=\"display: block; height: 50px; margin: 0 auto 12px; width: 50px;\"><\/div>\n<div style=\"padding-top: 8px;\">\n<div style=\"color: #3897f0; font-family: Arial,sans-serif; font-size: 14px; font-style: normal; font-weight: 550; line-height: 18px;\">Zobrazit p\u0159\u00edsp\u011bvek na Instagramu<\/div>\n<\/div>\n<div style=\"padding: 12.5% 0;\"><\/div>\n<div style=\"display: flex; flex-direction: row; margin-bottom: 14px; align-items: center;\">\n<div>\n<div style=\"background-color: #f4f4f4; border-radius: 50%; height: 12.5px; width: 12.5px; transform: translateX(0px) translateY(7px);\"><\/div>\n<div style=\"background-color: #f4f4f4; height: 12.5px; transform: rotate(-45deg) translateX(3px) translateY(1px); width: 12.5px; flex-grow: 0; margin-right: 14px; margin-left: 2px;\"><\/div>\n<div style=\"background-color: #f4f4f4; border-radius: 50%; height: 12.5px; width: 12.5px; transform: translateX(9px) translateY(-18px);\"><\/div>\n<\/div>\n<div style=\"margin-left: 8px;\">\n<div style=\"background-color: #f4f4f4; border-radius: 50%; flex-grow: 0; height: 20px; width: 20px;\"><\/div>\n<div style=\"width: 0; height: 0; border-top: 2px solid transparent; border-left: 6px solid #f4f4f4; border-bottom: 2px solid transparent; transform: translateX(16px) translateY(-4px) rotate(30deg);\"><\/div>\n<\/div>\n<div style=\"margin-left: auto;\">\n<div style=\"width: 0px; border-top: 8px solid #F4F4F4; border-right: 8px solid transparent; transform: translateY(16px);\"><\/div>\n<div style=\"background-color: #f4f4f4; flex-grow: 0; height: 12px; width: 16px; transform: translateY(-4px);\"><\/div>\n<div style=\"width: 0; height: 0; border-top: 8px solid #F4F4F4; border-left: 8px solid transparent; transform: translateY(-4px) translateX(8px);\"><\/div>\n<\/div>\n<\/div>\n<div style=\"display: flex; flex-direction: column; flex-grow: 1; justify-content: center; margin-bottom: 24px;\">\n<div style=\"background-color: #f4f4f4; border-radius: 4px; flex-grow: 0; height: 14px; margin-bottom: 6px; width: 224px;\"><\/div>\n<div style=\"background-color: #f4f4f4; border-radius: 4px; flex-grow: 0; height: 14px; width: 144px;\"><\/div>\n<\/div>\n<p>&nbsp;<\/p>\n<p style=\"color: #c9c8cd; font-family: Arial,sans-serif; font-size: 14px; line-height: 17px; margin-bottom: 0; margin-top: 8px; overflow: hidden; padding: 8px 0 7px; text-align: center; text-overflow: ellipsis; white-space: nowrap;\"><a style=\"color: #c9c8cd; font-family: Arial,sans-serif; font-size: 14px; font-style: normal; font-weight: normal; line-height: 17px; text-decoration: none;\" href=\"https:\/\/www.instagram.com\/p\/DMNKJu9ok_A\/?utm_source=ig_embed&amp;utm_campaign=loading\" target=\"_blank\" rel=\"noopener\">P\u0159\u00edsp\u011bvek sd\u00edlen\u00fd \u0160koda We Love Cycling (@wlcmagazine)<\/a><\/p>\n<\/div>\n<\/blockquote>\n<p><script async src=\"\/\/www.instagram.com\/embed.js\"><\/script>Remco Evenepoel finished seventh in the stage, 3:35 behind the winner, and now sits in third, at 4:45. The Soudal Quick-Step leader was already dropped on the first big climb of the stage, the category 1 Col du Soulor (11.8 km @ 7.3%), but heroically made his way back to the group of favourites. But the Hautacam proved too steep, too long, and too hot for him. Friday\u2019s stage 13 is an uphill ITT which may suit the world and Olympic time trial champion better, though the final section has gradients of up to 16%.<\/p>\n<p>He now has to protect his place on the podium, and his best young rider\u2019s white jersey, against the 24-year-old Florian Lipowitz (Red Bull\u2013BORA\u2013hansgrohe), who was finally allowed to resign from his domestique duties for team leader Primo\u017e Rogli\u010d and pursue his own glory. The young German finished a terrific third in the stage, only 13 seconds behind Vingegaard, and now sits fourth, only 49 seconds behind Evenepoel.<a href=\"https:\/\/d2p6e6u75xmxt8.cloudfront.net\/2\/2025\/07\/Pogacar-Vingegaard-peloton-Tour-Climb-Hautacam-profimedia-1022877031.webp\"><img loading=\"lazy\" decoding=\"async\" class=\"alignnone size-full wp-image-199150\" src=\"https:\/\/d2p6e6u75xmxt8.cloudfront.net\/2\/2025\/07\/Pogacar-Vingegaard-peloton-Tour-Climb-Hautacam-profimedia-1022877031.webp\" alt=\"Poga\u010dar and Vingegaard\" width=\"990\" height=\"660\" srcset=\"https:\/\/d2p6e6u75xmxt8.cloudfront.net\/2\/2025\/07\/Pogacar-Vingegaard-peloton-Tour-Climb-Hautacam-profimedia-1022877031.webp 990w, https:\/\/d2p6e6u75xmxt8.cloudfront.net\/2\/2025\/07\/Pogacar-Vingegaard-peloton-Tour-Climb-Hautacam-profimedia-1022877031-300x200.webp 300w, https:\/\/d2p6e6u75xmxt8.cloudfront.net\/2\/2025\/07\/Pogacar-Vingegaard-peloton-Tour-Climb-Hautacam-profimedia-1022877031-768x512.webp 768w, https:\/\/d2p6e6u75xmxt8.cloudfront.net\/2\/2025\/07\/Pogacar-Vingegaard-peloton-Tour-Climb-Hautacam-profimedia-1022877031-400x267.webp 400w, https:\/\/d2p6e6u75xmxt8.cloudfront.net\/2\/2025\/07\/Pogacar-Vingegaard-peloton-Tour-Climb-Hautacam-profimedia-1022877031-272x182.webp 272w\" sizes=\"auto, (max-width: 990px) 100vw, 990px\" \/><\/a><\/p>\n<p>As for Vingegaard, one has to wonder if all the public declarations and demonstrations of confidence were just smoke or if he really believed he had improved so much since Poga\u010dar soundly beat him in the Crit\u00e9rium du Dauphin\u00e9. The \u2018new Vingegaard\u2019 turned out to be not as good as the old Vingegaard, who twice beat Poga\u010dar in the Tour and never faltered as badly as he did Thursday on the Hautacam. If the race had been 1 km longer, Lipowitz would surely have caught him. Whatever the reason for the performance, you can\u2019t argue with the conclusion of Visma\u2019s head of racing, Grischa Niermann, who said, \u201cIn the end, the best rider won.\u201d<\/p>\n<h2><strong>Jonas Abrahamsen brings first Grand Tour win for Uno-X Mobility<\/strong><\/h2>\n<p>It has been a wild and wacky Tour so far, and the wildest and wackiest stage of the race was Wednesday\u2019s stage 11, in which two riders rode the entire 156.8 km course in and around Toulouse in a high-speed breakaway (average speed 48.016 km\/h) while behind them all hell broke loose, so to speak.<\/p>\n<p>At the end, Jonas Abrahamsen outsprinted Mauro Schmid by a whisker to take the second professional win of his career and give his Pro-level UNO-X Mobility team its first-ever Grand Tour victory. For the 29-year-old Norwegian late bloomer, the hard-fought victory came just four weeks after he broke his collarbone on the first stage of the Baloise Belgium Tour.<\/p>\n<p>\u201cI was crying in the hospital because I thought I wasn\u2019t riding the Tour de France,\u201d Abrahamsen said after his victory. \u201cThe day after, I was on the home trainer and hoping I could go to the Tour. Every day, I did everything I could to come back. So, to be here, having won a stage of the Tour de France, is amazing.\u201d<\/p>\n<p>In his and the team\u2019s first Tour, last year, he collected a second place and a third, but he would not accept another close miss this year. \u201c[Schmid] was so strong today from the start,\u201d he said. \u201cI tried and it was so difficult to pass him, but I was thinking \u2018I have to win this stage, I have to,\u2019 and then I got a wheel in front and that was so nice.\u201d<\/p>\n<p>It was not so nice for the courageous Schmid (Jayco AlUla), who was riding in his first Tour and, like Abrahamsen, went full gas from kilometre zero to the finish line. \u201cI think after the rest day, a stage like this, there\u2019s many guys like me who wanted to be in the break today because the stages from here will be quite hard or a sprint,\u201d he explained on TNT Sports. \u201cI think today was a really good opportunity.\u201d<\/p>\n<p>As a result, there were breakaway attempts throughout the first half of the stage, with different riders trying to join groups up front in what could be their last chance to win a stage. Eventually, two five-rider groups were in front of the peloton, the lead group with Abrahamsen and Schmid and a second group that included Mathieu van der Poel (Alpecin-Deceuninck) and Wout van Aert (Visma\u2013Lease a Bike). That made it hard for everyone.<\/p>\n<p>The gap between the two groups vacillated between 20 and 30 seconds until van der Poel took off in hot pursuit on his own with 9 km left on the slope of the steep final climb of the stage (800 m @ 12.4% with ramps of up to 20%). He seemed to get closer to the pair with every stroke of his pedals, but fell 7 seconds short in the end.<\/p>\n<p>To add to the chaos, a protester ran out onto the course near the finish line and was immediately tackled. And for even more drama, Poga\u010dar crashed about 4 km from the finish line when Abrahamsen\u2019s UNO-X teammate Tobias Halland Johannessen misjudged his turn and rode into the Slovenian\u2019s path, clipping his handlebar. The world champion, who rarely crashes, slid across the asphalt and into the curb, but did not sustain any serious injuries. And he lost no time as the peloton, which contained his main rivals, sat up and waited for him.<\/p>\n<p>\u201cWe waited for him, like we should do, in my opinion,\u201d Vingegaard said.\u00a0His Visma teammate Matteo Jorgenson added, \u201cWe\u2019re trying to beat him in a sporting way.\u201d<\/p>\n<p>Good luck with that.<\/p>\n<h4><strong>Results of Stage 12, 2025 Tour de France <\/strong><\/h4>\n<ol>\n<li>Tadej Poga\u010dar, UAE Team Emirates\u2013XRG 4:21:19<\/li>\n<li>Jonas Vingegaard, Visma\u2013Lease a Bike +2:10<\/li>\n<li>Florian Lipowitz, Red Bull\u2013BORA\u2013hansgrohe +2:23<\/li>\n<li>Tobias Halland Johanssen, Uno-X Mobility +3:00<\/li>\n<li>Oscar Onley, Picnic PostNL \u201c<\/li>\n<li>K\u00e9vin Vauquelin, Ark\u00e9a\u2013B&amp;B Hotels +3:33<\/li>\n<li>Remco Evenepoel, Soudal Quick-Step \u00a0+3:35<\/li>\n<li>Felix Gall, Decathlon AG2R La Mondiale +4:02<\/li>\n<li>Primo\u017e Rogli\u010d, Red Bull\u2013BORA\u2013hansgrohe +4:08<\/li>\n<li>Cristi\u00e1n Rodr\u00edguez, Ark\u00e9a\u2013B&amp;B Hotels +7:26<\/li>\n<\/ol>\n<h4><strong>2025 Tour de France General Classification After Stage 12<\/strong><\/h4>\n<ol>\n<li>Tadej Poga\u010dar, UAE Team Emirates\u2013XRG 45:22:51<\/li>\n<li>Jonas Vingegaard, Visma\u2013Lease a Bike +3:31<\/li>\n<li>Remco Evenepoel, Soudal Quick-Step +4:45<\/li>\n<li>Florian Lipowitz, Red Bull\u2013BORA\u2013hansgrohe +5:34<\/li>\n<li>K\u00e9vin Vauquelin, Ark\u00e9a\u2013B&amp;B Hotels +5:40<\/li>\n<li>Oscar Onley, Picnic PostNL +6:05<\/li>\n<li>Primo\u017e Rogli\u010d, Red Bull\u2013BORA\u2013hansgrohe +7:30<\/li>\n<li>Tobias Halland Johanssen, Uno-X Mobility +7:44<\/li>\n<li>Felix Gall, Decathlon AG2R La Mondiale \u00a0+9:21<\/li>\n<li>Matteo Jorgenson, Visma\u2013Lease a Bike +12:12<\/li>\n<\/ol>\n","protected":false},"excerpt":{"rendered":"<p>On Thursday\u2019s stage 12 of the Tour de France, Tadej Poga\u010dar (UAE Team Emirates\u2013XRG) answered all the questions and replied [&hellip;]<\/p>\n","protected":false},"author":99,"featured_media":199149,"comment_status":"closed","ping_status":"open","sticky":false,"template":"","format":"standard","meta":{"footnotes":""},"categories":[329],"tags":[8082,7098,8616,7375,5450,3544,3415],"global-categories":[3366],"class_list":["post-199148","post","type-post","status-publish","format-standard","has-post-thumbnail","hentry","category-road-cycling","tag-2025-tour","tag-ben-healy","tag-hautacam","tag-jonas-abrahamsen","tag-jonas-vingegaard","tag-remco-evenepoel","tag-tadej-pogacar","global-categories-cycling"],"yoast_head":"<!-- This site is optimized with the Yoast SEO Premium plugin v25.3 (Yoast SEO v25.9) - https:\/\/yoast.com\/wordpress\/plugins\/seo\/ -->\n<title>Poga\u010dar Whips Vingegaard on First Major Climb of the Tour<\/title>\n<meta name=\"description\" content=\"On Thursday\u2019s stage 12 of the Tour de France, Tadej Poga\u010dar (UAE Team Emirates\u2013XRG) answered all the questions and replied to all the challenges Jonas\" \/>\n<meta name=\"robots\" content=\"index, follow, max-snippet:-1, max-image-preview:large, max-video-preview:-1\" \/>\n<link rel=\"canonical\" href=\"https:\/\/www.welovecycling.com\/wide\/2025\/07\/18\/pogacar-whips-the-new-vingegaard-on-first-major-climb-of-the-tour\/\" \/>\n<meta property=\"og:locale\" content=\"en_US\" \/>\n<meta property=\"og:type\" content=\"article\" \/>\n<meta property=\"og:title\" content=\"Poga\u010dar Whips the \u2018New\u2019 Vingegaard on First Major Climb of the Tour\" \/>\n<meta property=\"og:description\" content=\"On Thursday\u2019s stage 12 of the Tour de France, Tadej Poga\u010dar (UAE Team Emirates\u2013XRG) answered all the questions and replied to all the challenges Jonas\" \/>\n<meta property=\"og:url\" content=\"https:\/\/www.welovecycling.com\/wide\/2025\/07\/18\/pogacar-whips-the-new-vingegaard-on-first-major-climb-of-the-tour\/\" \/>\n<meta property=\"og:site_name\" content=\"\u0160koda We Love Cycling\" \/>\n<meta property=\"article:published_time\" content=\"2025-07-18T11:32:48+00:00\" \/>\n<meta property=\"article:modified_time\" content=\"2025-07-18T11:33:22+00:00\" \/>\n<meta property=\"og:image\" content=\"https:\/\/d2p6e6u75xmxt8.cloudfront.net\/2\/2025\/07\/Pogacar-Vingegaard-2025-Tour-profimedia-1022792210-CVR.webp\" \/>\n\t<meta property=\"og:image:width\" content=\"990\" \/>\n\t<meta property=\"og:image:height\" content=\"660\" \/>\n\t<meta property=\"og:image:type\" content=\"image\/webp\" \/>\n<meta name=\"author\" content=\"tereza\" \/>\n<meta name=\"twitter:card\" content=\"summary_large_image\" \/>\n<meta name=\"twitter:label1\" content=\"Written by\" \/>\n\t<meta name=\"twitter:data1\" content=\"Siegfried Mortkowitz\" \/>\n\t<meta name=\"twitter:label2\" content=\"Est. reading time\" \/>\n\t<meta name=\"twitter:data2\" content=\"3\" \/>\n<script type=\"application\/ld+json\" class=\"yoast-schema-graph\">{\"@context\":\"https:\/\/schema.org\",\"@graph\":[{\"@type\":\"WebPage\",\"@id\":\"https:\/\/www.welovecycling.com\/wide\/2025\/07\/18\/pogacar-whips-the-new-vingegaard-on-first-major-climb-of-the-tour\/\",\"url\":\"https:\/\/www.welovecycling.com\/wide\/2025\/07\/18\/pogacar-whips-the-new-vingegaard-on-first-major-climb-of-the-tour\/\",\"name\":\"Poga\u010dar Whips Vingegaard on First Major Climb of the Tour\",\"isPartOf\":{\"@id\":\"https:\/\/www.welovecycling.com\/wide\/#website\"},\"primaryImageOfPage\":{\"@id\":\"https:\/\/www.welovecycling.com\/wide\/2025\/07\/18\/pogacar-whips-the-new-vingegaard-on-first-major-climb-of-the-tour\/#primaryimage\"},\"image\":{\"@id\":\"https:\/\/www.welovecycling.com\/wide\/2025\/07\/18\/pogacar-whips-the-new-vingegaard-on-first-major-climb-of-the-tour\/#primaryimage\"},\"thumbnailUrl\":\"https:\/\/d2p6e6u75xmxt8.cloudfront.net\/2\/2025\/07\/Pogacar-Vingegaard-2025-Tour-profimedia-1022792210-CVR.webp\",\"datePublished\":\"2025-07-18T11:32:48+00:00\",\"dateModified\":\"2025-07-18T11:33:22+00:00\",\"author\":{\"@id\":\"https:\/\/www.welovecycling.com\/wide\/#\/schema\/person\/50f01ecd18718d2333cf72e823c4f926\"},\"description\":\"On Thursday\u2019s stage 12 of the Tour de France, Tadej Poga\u010dar (UAE Team Emirates\u2013XRG) answered all the questions and replied to all the challenges Jonas\",\"breadcrumb\":{\"@id\":\"https:\/\/www.welovecycling.com\/wide\/2025\/07\/18\/pogacar-whips-the-new-vingegaard-on-first-major-climb-of-the-tour\/#breadcrumb\"},\"inLanguage\":\"en-US\",\"potentialAction\":[{\"@type\":\"ReadAction\",\"target\":[\"https:\/\/www.welovecycling.com\/wide\/2025\/07\/18\/pogacar-whips-the-new-vingegaard-on-first-major-climb-of-the-tour\/\"]}]},{\"@type\":\"ImageObject\",\"inLanguage\":\"en-US\",\"@id\":\"https:\/\/www.welovecycling.com\/wide\/2025\/07\/18\/pogacar-whips-the-new-vingegaard-on-first-major-climb-of-the-tour\/#primaryimage\",\"url\":\"https:\/\/d2p6e6u75xmxt8.cloudfront.net\/2\/2025\/07\/Pogacar-Vingegaard-2025-Tour-profimedia-1022792210-CVR.webp\",\"contentUrl\":\"https:\/\/d2p6e6u75xmxt8.cloudfront.net\/2\/2025\/07\/Pogacar-Vingegaard-2025-Tour-profimedia-1022792210-CVR.webp\",\"width\":990,\"height\":660,\"caption\":\"Poga\u010dar and Vingegaard\"},{\"@type\":\"BreadcrumbList\",\"@id\":\"https:\/\/www.welovecycling.com\/wide\/2025\/07\/18\/pogacar-whips-the-new-vingegaard-on-first-major-climb-of-the-tour\/#breadcrumb\",\"itemListElement\":[{\"@type\":\"ListItem\",\"position\":1,\"name\":\"Home\",\"item\":\"https:\/\/www.welovecycling.com\/wide\/\"},{\"@type\":\"ListItem\",\"position\":2,\"name\":\"Poga\u010dar Whips the \u2018New\u2019 Vingegaard on First Major Climb of the Tour\"}]},{\"@type\":\"WebSite\",\"@id\":\"https:\/\/www.welovecycling.com\/wide\/#website\",\"url\":\"https:\/\/www.welovecycling.com\/wide\/\",\"name\":\"\u0160koda We Love Cycling\",\"description\":\"\u0160koda We Love Cycling magazine\",\"alternateName\":\"\u0160koda WLC\",\"potentialAction\":[{\"@type\":\"SearchAction\",\"target\":{\"@type\":\"EntryPoint\",\"urlTemplate\":\"https:\/\/www.welovecycling.com\/wide\/?s={search_term_string}\"},\"query-input\":{\"@type\":\"PropertyValueSpecification\",\"valueRequired\":true,\"valueName\":\"search_term_string\"}}],\"inLanguage\":\"en-US\"},{\"@type\":\"Person\",\"@id\":\"https:\/\/www.welovecycling.com\/wide\/#\/schema\/person\/50f01ecd18718d2333cf72e823c4f926\",\"name\":\"tereza\",\"image\":{\"@type\":\"ImageObject\",\"inLanguage\":\"en-US\",\"@id\":\"https:\/\/www.welovecycling.com\/wide\/#\/schema\/person\/image\/\",\"url\":\"https:\/\/secure.gravatar.com\/avatar\/1f9eb71be33845f0afabce3791bc1c58ecdb0a25c62964987e5dbcf7a20d2ec7?s=96&d=mm&r=g\",\"contentUrl\":\"https:\/\/secure.gravatar.com\/avatar\/1f9eb71be33845f0afabce3791bc1c58ecdb0a25c62964987e5dbcf7a20d2ec7?s=96&d=mm&r=g\",\"caption\":\"tereza\"},\"url\":\"https:\/\/www.welovecycling.com\/wide\/author\/tereza\/\"}]}<\/script>\n<!-- \/ Yoast SEO Premium plugin. -->","yoast_head_json":{"title":"Poga\u010dar Whips Vingegaard on First Major Climb of the Tour","description":"On Thursday\u2019s stage 12 of the Tour de France, Tadej Poga\u010dar (UAE Team Emirates\u2013XRG) answered all the questions and replied to all the challenges Jonas","robots":{"index":"index","follow":"follow","max-snippet":"max-snippet:-1","max-image-preview":"max-image-preview:large","max-video-preview":"max-video-preview:-1"},"canonical":"https:\/\/www.welovecycling.com\/wide\/2025\/07\/18\/pogacar-whips-the-new-vingegaard-on-first-major-climb-of-the-tour\/","og_locale":"en_US","og_type":"article","og_title":"Poga\u010dar Whips the \u2018New\u2019 Vingegaard on First Major Climb of the Tour","og_description":"On Thursday\u2019s stage 12 of the Tour de France, Tadej Poga\u010dar (UAE Team Emirates\u2013XRG) answered all the questions and replied to all the challenges Jonas","og_url":"https:\/\/www.welovecycling.com\/wide\/2025\/07\/18\/pogacar-whips-the-new-vingegaard-on-first-major-climb-of-the-tour\/","og_site_name":"\u0160koda We Love Cycling","article_published_time":"2025-07-18T11:32:48+00:00","article_modified_time":"2025-07-18T11:33:22+00:00","og_image":[{"width":990,"height":660,"url":"https:\/\/d2p6e6u75xmxt8.cloudfront.net\/2\/2025\/07\/Pogacar-Vingegaard-2025-Tour-profimedia-1022792210-CVR.webp","type":"image\/webp"}],"author":"tereza","twitter_card":"summary_large_image","twitter_misc":{"Written by":"Siegfried Mortkowitz","Est. reading time":"3"},"schema":{"@context":"https:\/\/schema.org","@graph":[{"@type":"WebPage","@id":"https:\/\/www.welovecycling.com\/wide\/2025\/07\/18\/pogacar-whips-the-new-vingegaard-on-first-major-climb-of-the-tour\/","url":"https:\/\/www.welovecycling.com\/wide\/2025\/07\/18\/pogacar-whips-the-new-vingegaard-on-first-major-climb-of-the-tour\/","name":"Poga\u010dar Whips Vingegaard on First Major Climb of the Tour","isPartOf":{"@id":"https:\/\/www.welovecycling.com\/wide\/#website"},"primaryImageOfPage":{"@id":"https:\/\/www.welovecycling.com\/wide\/2025\/07\/18\/pogacar-whips-the-new-vingegaard-on-first-major-climb-of-the-tour\/#primaryimage"},"image":{"@id":"https:\/\/www.welovecycling.com\/wide\/2025\/07\/18\/pogacar-whips-the-new-vingegaard-on-first-major-climb-of-the-tour\/#primaryimage"},"thumbnailUrl":"https:\/\/d2p6e6u75xmxt8.cloudfront.net\/2\/2025\/07\/Pogacar-Vingegaard-2025-Tour-profimedia-1022792210-CVR.webp","datePublished":"2025-07-18T11:32:48+00:00","dateModified":"2025-07-18T11:33:22+00:00","author":{"@id":"https:\/\/www.welovecycling.com\/wide\/#\/schema\/person\/50f01ecd18718d2333cf72e823c4f926"},"description":"On Thursday\u2019s stage 12 of the Tour de France, Tadej Poga\u010dar (UAE Team Emirates\u2013XRG) answered all the questions and replied to all the challenges Jonas","breadcrumb":{"@id":"https:\/\/www.welovecycling.com\/wide\/2025\/07\/18\/pogacar-whips-the-new-vingegaard-on-first-major-climb-of-the-tour\/#breadcrumb"},"inLanguage":"en-US","potentialAction":[{"@type":"ReadAction","target":["https:\/\/www.welovecycling.com\/wide\/2025\/07\/18\/pogacar-whips-the-new-vingegaard-on-first-major-climb-of-the-tour\/"]}]},{"@type":"ImageObject","inLanguage":"en-US","@id":"https:\/\/www.welovecycling.com\/wide\/2025\/07\/18\/pogacar-whips-the-new-vingegaard-on-first-major-climb-of-the-tour\/#primaryimage","url":"https:\/\/d2p6e6u75xmxt8.cloudfront.net\/2\/2025\/07\/Pogacar-Vingegaard-2025-Tour-profimedia-1022792210-CVR.webp","contentUrl":"https:\/\/d2p6e6u75xmxt8.cloudfront.net\/2\/2025\/07\/Pogacar-Vingegaard-2025-Tour-profimedia-1022792210-CVR.webp","width":990,"height":660,"caption":"Poga\u010dar and Vingegaard"},{"@type":"BreadcrumbList","@id":"https:\/\/www.welovecycling.com\/wide\/2025\/07\/18\/pogacar-whips-the-new-vingegaard-on-first-major-climb-of-the-tour\/#breadcrumb","itemListElement":[{"@type":"ListItem","position":1,"name":"Home","item":"https:\/\/www.welovecycling.com\/wide\/"},{"@type":"ListItem","position":2,"name":"Poga\u010dar Whips the \u2018New\u2019 Vingegaard on First Major Climb of the Tour"}]},{"@type":"WebSite","@id":"https:\/\/www.welovecycling.com\/wide\/#website","url":"https:\/\/www.welovecycling.com\/wide\/","name":"\u0160koda We Love Cycling","description":"\u0160koda We Love Cycling magazine","alternateName":"\u0160koda WLC","potentialAction":[{"@type":"SearchAction","target":{"@type":"EntryPoint","urlTemplate":"https:\/\/www.welovecycling.com\/wide\/?s={search_term_string}"},"query-input":{"@type":"PropertyValueSpecification","valueRequired":true,"valueName":"search_term_string"}}],"inLanguage":"en-US"},{"@type":"Person","@id":"https:\/\/www.welovecycling.com\/wide\/#\/schema\/person\/50f01ecd18718d2333cf72e823c4f926","name":"tereza","image":{"@type":"ImageObject","inLanguage":"en-US","@id":"https:\/\/www.welovecycling.com\/wide\/#\/schema\/person\/image\/","url":"https:\/\/secure.gravatar.com\/avatar\/1f9eb71be33845f0afabce3791bc1c58ecdb0a25c62964987e5dbcf7a20d2ec7?s=96&d=mm&r=g","contentUrl":"https:\/\/secure.gravatar.com\/avatar\/1f9eb71be33845f0afabce3791bc1c58ecdb0a25c62964987e5dbcf7a20d2ec7?s=96&d=mm&r=g","caption":"tereza"},"url":"https:\/\/www.welovecycling.com\/wide\/author\/tereza\/"}]}},"_links":{"self":[{"href":"https:\/\/www.welovecycling.com\/wide\/wp-json\/wp\/v2\/posts\/199148","targetHints":{"allow":["GET"]}}],"collection":[{"href":"https:\/\/www.welovecycling.com\/wide\/wp-json\/wp\/v2\/posts"}],"about":[{"href":"https:\/\/www.welovecycling.com\/wide\/wp-json\/wp\/v2\/types\/post"}],"author":[{"embeddable":true,"href":"https:\/\/www.welovecycling.com\/wide\/wp-json\/wp\/v2\/users\/99"}],"replies":[{"embeddable":true,"href":"https:\/\/www.welovecycling.com\/wide\/wp-json\/wp\/v2\/comments?post=199148"}],"version-history":[{"count":1,"href":"https:\/\/www.welovecycling.com\/wide\/wp-json\/wp\/v2\/posts\/199148\/revisions"}],"predecessor-version":[{"id":199151,"href":"https:\/\/www.welovecycling.com\/wide\/wp-json\/wp\/v2\/posts\/199148\/revisions\/199151"}],"wp:featuredmedia":[{"embeddable":true,"href":"https:\/\/www.welovecycling.com\/wide\/wp-json\/wp\/v2\/media\/199149"}],"wp:attachment":[{"href":"https:\/\/www.welovecycling.com\/wide\/wp-json\/wp\/v2\/media?parent=199148"}],"wp:term":[{"taxonomy":"category","embeddable":true,"href":"https:\/\/www.welovecycling.com\/wide\/wp-json\/wp\/v2\/categories?post=199148"},{"taxonomy":"post_tag","embeddable":true,"href":"https:\/\/www.welovecycling.com\/wide\/wp-json\/wp\/v2\/tags?post=199148"},{"taxonomy":"global-categories","embeddable":true,"href":"https:\/\/www.welovecycling.com\/wide\/wp-json\/wp\/v2\/global-categories?post=199148"}],"curies":[{"name":"wp","href":"https:\/\/api.w.org\/{rel}","templated":true}]}}