{"id":199074,"date":"2025-07-11T06:00:54","date_gmt":"2025-07-11T06:00:54","guid":{"rendered":"https:\/\/www.welovecycling.com\/wide\/?p=199074"},"modified":"2025-07-09T09:06:36","modified_gmt":"2025-07-09T09:06:36","slug":"how-to-channel-pro-vibes-on-your-summer-ride","status":"publish","type":"post","link":"https:\/\/www.welovecycling.com\/wide\/2025\/07\/11\/how-to-channel-pro-vibes-on-your-summer-ride\/","title":{"rendered":"How to Channel Pro Vibes on Your Summer Ride"},"content":{"rendered":"<p><strong>The Tour de France is underway, and as always, it is proving to be more than just a race. It\u2019s a rhythm. A mood. A three-week immersion in glory, heartbreak, power data, helicopter shots, and perfectly timed solo breakaways. For many of us, July is defined by it: our mornings shaped by stage profiles, our group chats full of tactical takes, and our rides laced with the subtle feeling that we, too, are somehow part of it.<\/strong><\/p>\n<p><!--more--><\/p>\n<p><span style=\"font-weight: 400;\">Of course, most of us aren&#8217;t climbing the Galibier or sprinting down the Champs-\u00c9lys\u00e9es. But there\u2019s still a way to capture a little of that pro peloton magic in our own riding routines. Whatever kind of rider you are\u2014romantic, number-cruncher, style icon, grease-stained tinkerer, or social soul\u2014there\u2019s a Tour-inspired energy waiting for you. Here\u2019s how to find yours.<\/span><\/p>\n<h2><b>The Dreamer<\/b><\/h2>\n<p><span style=\"font-weight: 400;\">The dreamer rides for the feeling. You\u2019re not here to chase KOMs or fine-tune your cadence, you\u2019re here for the swooping descents, the long shadows across an open road, the sudden burst of emotion when a rider crosses the finish line in tears. Watching the Tour feels like reading poetry in motion. You follow the race not just for the results, but for the stories: the underdog attacks, the roadside fans with homemade signs, the glimpses of lavender fields and ch\u00e2teau-dotted horizons.<\/span><\/p>\n<p><span style=\"font-weight: 400;\">This summer, you don\u2019t need to travel to France to make your rides feel cinematic. Start by giving your usual loop a little narrative flair, rename your local climb something suitably grand and set out to conquer it as if it were a summit finish. Take the long way home if it means catching golden hour on your favourite stretch of road. Ride without watching your speed. Let your legs guide you like a rider on a long, solo breakaway.<\/span><\/p>\n<p><span style=\"font-weight: 400;\">And when you return home, maybe take five minutes to jot down your ride like a race recap. Not for social media, just for yourself. Your personal Stage 9. Because for the dreamer, every ride is part of a bigger story.<\/span><\/p>\n<blockquote class=\"instagram-media\" style=\"background: #FFF; border: 0; border-radius: 3px; box-shadow: 0 0 1px 0 rgba(0,0,0,0.5),0 1px 10px 0 rgba(0,0,0,0.15); margin: 1px; max-width: 540px; min-width: 326px; padding: 0; width: calc(100% - 2px);\" data-instgrm-captioned=\"\" data-instgrm-permalink=\"https:\/\/www.instagram.com\/reel\/DLt2K1ko9I8\/?utm_source=ig_embed&amp;utm_campaign=loading\" data-instgrm-version=\"14\">\n<div style=\"padding: 16px;\">\n<p>&nbsp;<\/p>\n<div style=\"display: flex; flex-direction: row; align-items: center;\">\n<div style=\"background-color: #f4f4f4; border-radius: 50%; flex-grow: 0; height: 40px; margin-right: 14px; width: 40px;\"><\/div>\n<div style=\"display: flex; flex-direction: column; flex-grow: 1; justify-content: center;\">\n<div style=\"background-color: #f4f4f4; border-radius: 4px; flex-grow: 0; height: 14px; margin-bottom: 6px; width: 100px;\"><\/div>\n<div style=\"background-color: #f4f4f4; border-radius: 4px; flex-grow: 0; height: 14px; width: 60px;\"><\/div>\n<\/div>\n<\/div>\n<div style=\"padding: 19% 0;\"><\/div>\n<div style=\"display: block; height: 50px; margin: 0 auto 12px; width: 50px;\"><\/div>\n<div style=\"padding-top: 8px;\">\n<div style=\"color: #3897f0; font-family: Arial,sans-serif; font-size: 14px; font-style: normal; font-weight: 550; line-height: 18px;\">Zobrazit p\u0159\u00edsp\u011bvek na Instagramu<\/div>\n<\/div>\n<div style=\"padding: 12.5% 0;\"><\/div>\n<div style=\"display: flex; flex-direction: row; margin-bottom: 14px; align-items: center;\">\n<div>\n<div style=\"background-color: #f4f4f4; border-radius: 50%; height: 12.5px; width: 12.5px; transform: translateX(0px) translateY(7px);\"><\/div>\n<div style=\"background-color: #f4f4f4; height: 12.5px; transform: rotate(-45deg) translateX(3px) translateY(1px); width: 12.5px; flex-grow: 0; margin-right: 14px; margin-left: 2px;\"><\/div>\n<div style=\"background-color: #f4f4f4; border-radius: 50%; height: 12.5px; width: 12.5px; transform: translateX(9px) translateY(-18px);\"><\/div>\n<\/div>\n<div style=\"margin-left: 8px;\">\n<div style=\"background-color: #f4f4f4; border-radius: 50%; flex-grow: 0; height: 20px; width: 20px;\"><\/div>\n<div style=\"width: 0; height: 0; border-top: 2px solid transparent; border-left: 6px solid #f4f4f4; border-bottom: 2px solid transparent; transform: translateX(16px) translateY(-4px) rotate(30deg);\"><\/div>\n<\/div>\n<div style=\"margin-left: auto;\">\n<div style=\"width: 0px; border-top: 8px solid #F4F4F4; border-right: 8px solid transparent; transform: translateY(16px);\"><\/div>\n<div style=\"background-color: #f4f4f4; flex-grow: 0; height: 12px; width: 16px; transform: translateY(-4px);\"><\/div>\n<div style=\"width: 0; height: 0; border-top: 8px solid #F4F4F4; border-left: 8px solid transparent; transform: translateY(-4px) translateX(8px);\"><\/div>\n<\/div>\n<\/div>\n<div style=\"display: flex; flex-direction: column; flex-grow: 1; justify-content: center; margin-bottom: 24px;\">\n<div style=\"background-color: #f4f4f4; border-radius: 4px; flex-grow: 0; height: 14px; margin-bottom: 6px; width: 224px;\"><\/div>\n<div style=\"background-color: #f4f4f4; border-radius: 4px; flex-grow: 0; height: 14px; width: 144px;\"><\/div>\n<\/div>\n<p>&nbsp;<\/p>\n<p style=\"color: #c9c8cd; font-family: Arial,sans-serif; font-size: 14px; line-height: 17px; margin-bottom: 0; margin-top: 8px; overflow: hidden; padding: 8px 0 7px; text-align: center; text-overflow: ellipsis; white-space: nowrap;\"><a style=\"color: #c9c8cd; font-family: Arial,sans-serif; font-size: 14px; font-style: normal; font-weight: normal; line-height: 17px; text-decoration: none;\" href=\"https:\/\/www.instagram.com\/reel\/DLt2K1ko9I8\/?utm_source=ig_embed&amp;utm_campaign=loading\" target=\"_blank\" rel=\"noopener\">P\u0159\u00edsp\u011bvek sd\u00edlen\u00fd \u0160koda We Love Cycling (@wlcmagazine)<\/a><\/p>\n<\/div>\n<\/blockquote>\n<h2><script async src=\"\/\/www.instagram.com\/embed.js\"><\/script><b>The Data Geek<\/b><\/h2>\n<p><span style=\"font-weight: 400;\">You, on the other hand, <\/span><i><span style=\"font-weight: 400;\">love<\/span><\/i><span style=\"font-weight: 400;\"> numbers. <a href=\"https:\/\/letour.fr\/\">The Tour<\/a> is your Olympic Games, but also your spreadsheet Super Bowl. You keep tabs on watts per kilo, heart rate zones, aero testing, tire pressures, and the second Pogacar starts tapping out negative splits on a climb, you\u2019re mentally recalibrating your own training plan.<\/span><\/p>\n<p><span style=\"font-weight: 400;\">This summer, try structuring your riding around something the pros would respect. Maybe you target a new power zone, or build your own mini training camp inspired by your favourite team\u2019s approach. Think of your weekend loop as your flat stage, your hill repeats as a short, punchy finish, your long ride as a simulated day in the break. Track your progress like you&#8217;re prepping for a Grand Tour. Use the Tour\u2019s drama as your motivational fuel: if they can attack on the <a href=\"https:\/\/www.welovecycling.com\/wide\/ride-tested\/alpe-dhuez\/\" target=\"_blank\" rel=\"noopener\">Alpe d\u2019Huez<\/a> after three weeks of racing, you can probably squeeze in a threshold interval before work.<\/span><\/p>\n<p><span style=\"font-weight: 400;\">The data geek doesn\u2019t just watch the Tour\u2014they <\/span><i><span style=\"font-weight: 400;\">study<\/span><\/i><span style=\"font-weight: 400;\"> it. And with a bit of planning, your summer can be a well-oiled training block worthy of a WorldTour coach\u2019s approval.<\/span><\/p>\n<h2><b>The Aesthete<\/b><\/h2>\n<p><span style=\"font-weight: 400;\">You might not know anyone\u2019s average watts, but you <\/span><i><span style=\"font-weight: 400;\">do<\/span><\/i><span style=\"font-weight: 400;\"> know what socks each team is wearing this year, and which kits have no business being televised. You treat your bike like an extension of your style, and your Instagram feed looks more like a Rapha catalogue than a training log. You\u2019re the reason the rest of us clean our bikes before the group ride.<\/span><\/p>\n<p><span style=\"font-weight: 400;\">For the aesthetic rider, the Tour is a visual feast. The kits, the bikes, the sponsors, the backdrops. This summer, take that inspiration and run with it. Curate your own July looks\u2014maybe a sleek white-on-white kit for hot days, a throwback cap for caf\u00e9 stops, or a team-inspired fit just for fun. Plan a golden hour ride and actually <\/span><i><span style=\"font-weight: 400;\">bring<\/span><\/i><span style=\"font-weight: 400;\"> your tripod. If your town has cobbles, lean into the drama, snap the shot, get the angle, own the moment.<\/span><\/p>\n<p><span style=\"font-weight: 400;\">While the pros have soigneurs and photographers, you\u2019ve got your eye and your unique vibe. Ride like you\u2019re being followed by a race moto, even if it\u2019s just your own shadow at dusk.<\/span><\/p>\n<h2><b>The DIY Mechanic<\/b><\/h2>\n<p><span style=\"font-weight: 400;\">You don\u2019t just ride bikes\u2014you fix them, tweak them, tune them, clean them, and possibly name them. While some fans watch the Tour for the sprints or GC battles, you&#8217;re zooming in on drivetrain setups, aero bar positions, and the new prototype wheels someone quietly debuted in Stage 5. The real drama, for you, might be whether that chain drops under pressure.<\/span><\/p>\n<p><span style=\"font-weight: 400;\">This summer is your time to shine. Give your bike the kind of care it deserves: a mid-season strip-down, fresh cables, and a bit of new bar tape to match your TdF mood. If there\u2019s a component you\u2019ve been meaning to upgrade, or a setup you\u2019ve been itching to test, now\u2019s the time. The Tour reminds us that every marginal gain counts, and there\u2019s no satisfaction quite like a perfectly indexed shift.<\/span><\/p>\n<p><span style=\"font-weight: 400;\">And if your ride buddy\u2019s bike is creaking ominously, well\u2026 you know what to do. Bring the multitool. Be the team car. You are the unsung hero of summer cycling.<\/span><\/p>\n<h2><b>The Social Rider<\/b><\/h2>\n<p><span style=\"font-weight: 400;\">Not everyone gets Tour fever through power data or gear geekery. For some, the magic lies in the shared experience: the group chats lighting up during each stage, the watch parties with post-race debates, the group rides where everyone\u2019s pretending not to be racing up that final hill.<\/span><\/p>\n<p><span style=\"font-weight: 400;\">If you\u2019re the social soul of your riding circle, this summer is the perfect excuse to build community around the Tour. Organise a TdF-themed ride with friends, maybe everyone picks a team to represent, or you mimic a stage route in your local terrain. Host a watch party with themed snacks (croissants and <a href=\"https:\/\/www.welovecycling.com\/wide\/2017\/09\/13\/cyclists-hydration-homemade-electrolyte-drink\/\" target=\"_blank\" rel=\"noopener\">electrolyte drinks,<\/a> anyone?) or a sweepstakes where each person draws a rider from a hat and cheers them on all month. Better yet, create your own \u201cTour de [Insert Town Name Here],\u201d a mini multi-stage challenge over a few weekends, with sprints, climbs, and caf\u00e9 stops as checkpoints.<\/span><\/p>\n<p><span style=\"font-weight: 400;\">For the social rider, cycling is a team sport, even if there\u2019s no podium. You bring the energy, the banter, the good vibes. And just like the peloton, your strength is in numbers.<\/span><\/p>\n<h2><b>Find your peloton<\/b><\/h2>\n<p><span style=\"font-weight: 400;\">The best part about the Tour de France is how it sparks a little something in all of us. You don\u2019t have to shave your legs or ride 150 kilometres to be part of it. Maybe it\u2019s the way you climb your local hill like it\u2019s the <a href=\"https:\/\/www.welovecycling.com\/wide\/ride-tested\/col-du-tourmalet-lourdes-vorland-tourmalet-lourdes\/\" target=\"_blank\" rel=\"noopener\">Col du Tourmalet<\/a>. Maybe it\u2019s the way you wax your chain while the pros warm up for a time trial. Maybe it\u2019s just the fact that you ride a little more often in July, pulled by the momentum of the world\u2019s greatest race.<\/span><\/p>\n<p><span style=\"font-weight: 400;\">Whatever your riding personality, the Tour is yours to channel. Clip in, pick your stage, and bring the vibes.<\/span><\/p>\n","protected":false},"excerpt":{"rendered":"<p>The Tour de France is underway, and as always, it is proving to be more than just a race. It\u2019s [&hellip;]<\/p>\n","protected":false},"author":99,"featured_media":199075,"comment_status":"closed","ping_status":"open","sticky":false,"template":"","format":"standard","meta":{"footnotes":""},"categories":[332,329],"tags":[2668,8515,3116,433],"global-categories":[3366],"class_list":["post-199074","post","type-post","status-publish","format-standard","has-post-thumbnail","hentry","category-health-and-training","category-road-cycling","tag-cycling-fun","tag-find-your-tour","tag-summer-cycling","tag-tour-de-france","global-categories-cycling"],"yoast_head":"<!-- This site is optimized with the Yoast SEO Premium plugin v25.3 (Yoast SEO v25.9) - https:\/\/yoast.com\/wordpress\/plugins\/seo\/ -->\n<title>How to Channel Pro Vibes on Your Summer Ride - \u0160koda We Love Cycling<\/title>\n<meta name=\"description\" content=\"The Tour de France is underway, and as always, it is proving to be more than just a race. It\u2019s a rhythm. A mood. A three-week immersion in glory,\" \/>\n<meta name=\"robots\" content=\"index, follow, max-snippet:-1, max-image-preview:large, max-video-preview:-1\" \/>\n<link rel=\"canonical\" href=\"https:\/\/www.welovecycling.com\/wide\/2025\/07\/11\/how-to-channel-pro-vibes-on-your-summer-ride\/\" \/>\n<meta property=\"og:locale\" content=\"en_US\" \/>\n<meta property=\"og:type\" content=\"article\" \/>\n<meta property=\"og:title\" content=\"How to Channel Pro Vibes on Your Summer Ride\" \/>\n<meta property=\"og:description\" content=\"The Tour de France is underway, and as always, it is proving to be more than just a race. It\u2019s a rhythm. A mood. A three-week immersion in glory,\" \/>\n<meta property=\"og:url\" content=\"https:\/\/www.welovecycling.com\/wide\/2025\/07\/11\/how-to-channel-pro-vibes-on-your-summer-ride\/\" \/>\n<meta property=\"og:site_name\" content=\"\u0160koda We Love Cycling\" \/>\n<meta property=\"article:published_time\" content=\"2025-07-11T06:00:54+00:00\" \/>\n<meta property=\"og:image\" content=\"https:\/\/d2p6e6u75xmxt8.cloudfront.net\/2\/2025\/07\/2025-Tour-de-France-Peloton-Field-profimedia-1019744038-CVR.webp\" \/>\n\t<meta property=\"og:image:width\" content=\"990\" \/>\n\t<meta property=\"og:image:height\" content=\"660\" \/>\n\t<meta property=\"og:image:type\" content=\"image\/webp\" \/>\n<meta name=\"author\" content=\"tereza\" \/>\n<meta name=\"twitter:card\" content=\"summary_large_image\" \/>\n<meta name=\"twitter:label1\" content=\"Written by\" \/>\n\t<meta name=\"twitter:data1\" content=\"Megan Flottorp\" \/>\n\t<meta name=\"twitter:label2\" content=\"Est. reading time\" \/>\n\t<meta name=\"twitter:data2\" content=\"4\" \/>\n<script type=\"application\/ld+json\" class=\"yoast-schema-graph\">{\"@context\":\"https:\/\/schema.org\",\"@graph\":[{\"@type\":\"WebPage\",\"@id\":\"https:\/\/www.welovecycling.com\/wide\/2025\/07\/11\/how-to-channel-pro-vibes-on-your-summer-ride\/\",\"url\":\"https:\/\/www.welovecycling.com\/wide\/2025\/07\/11\/how-to-channel-pro-vibes-on-your-summer-ride\/\",\"name\":\"How to Channel Pro Vibes on Your Summer Ride - \u0160koda We Love Cycling\",\"isPartOf\":{\"@id\":\"https:\/\/www.welovecycling.com\/wide\/#website\"},\"primaryImageOfPage\":{\"@id\":\"https:\/\/www.welovecycling.com\/wide\/2025\/07\/11\/how-to-channel-pro-vibes-on-your-summer-ride\/#primaryimage\"},\"image\":{\"@id\":\"https:\/\/www.welovecycling.com\/wide\/2025\/07\/11\/how-to-channel-pro-vibes-on-your-summer-ride\/#primaryimage\"},\"thumbnailUrl\":\"https:\/\/d2p6e6u75xmxt8.cloudfront.net\/2\/2025\/07\/2025-Tour-de-France-Peloton-Field-profimedia-1019744038-CVR.webp\",\"datePublished\":\"2025-07-11T06:00:54+00:00\",\"author\":{\"@id\":\"https:\/\/www.welovecycling.com\/wide\/#\/schema\/person\/50f01ecd18718d2333cf72e823c4f926\"},\"description\":\"The Tour de France is underway, and as always, it is proving to be more than just a race. It\u2019s a rhythm. A mood. A three-week immersion in glory,\",\"breadcrumb\":{\"@id\":\"https:\/\/www.welovecycling.com\/wide\/2025\/07\/11\/how-to-channel-pro-vibes-on-your-summer-ride\/#breadcrumb\"},\"inLanguage\":\"en-US\",\"potentialAction\":[{\"@type\":\"ReadAction\",\"target\":[\"https:\/\/www.welovecycling.com\/wide\/2025\/07\/11\/how-to-channel-pro-vibes-on-your-summer-ride\/\"]}]},{\"@type\":\"ImageObject\",\"inLanguage\":\"en-US\",\"@id\":\"https:\/\/www.welovecycling.com\/wide\/2025\/07\/11\/how-to-channel-pro-vibes-on-your-summer-ride\/#primaryimage\",\"url\":\"https:\/\/d2p6e6u75xmxt8.cloudfront.net\/2\/2025\/07\/2025-Tour-de-France-Peloton-Field-profimedia-1019744038-CVR.webp\",\"contentUrl\":\"https:\/\/d2p6e6u75xmxt8.cloudfront.net\/2\/2025\/07\/2025-Tour-de-France-Peloton-Field-profimedia-1019744038-CVR.webp\",\"width\":990,\"height\":660,\"caption\":\"2025 Tour de France\"},{\"@type\":\"BreadcrumbList\",\"@id\":\"https:\/\/www.welovecycling.com\/wide\/2025\/07\/11\/how-to-channel-pro-vibes-on-your-summer-ride\/#breadcrumb\",\"itemListElement\":[{\"@type\":\"ListItem\",\"position\":1,\"name\":\"Home\",\"item\":\"https:\/\/www.welovecycling.com\/wide\/\"},{\"@type\":\"ListItem\",\"position\":2,\"name\":\"How to Channel Pro Vibes on Your Summer Ride\"}]},{\"@type\":\"WebSite\",\"@id\":\"https:\/\/www.welovecycling.com\/wide\/#website\",\"url\":\"https:\/\/www.welovecycling.com\/wide\/\",\"name\":\"\u0160koda We Love Cycling\",\"description\":\"\u0160koda We Love Cycling magazine\",\"alternateName\":\"\u0160koda WLC\",\"potentialAction\":[{\"@type\":\"SearchAction\",\"target\":{\"@type\":\"EntryPoint\",\"urlTemplate\":\"https:\/\/www.welovecycling.com\/wide\/?s={search_term_string}\"},\"query-input\":{\"@type\":\"PropertyValueSpecification\",\"valueRequired\":true,\"valueName\":\"search_term_string\"}}],\"inLanguage\":\"en-US\"},{\"@type\":\"Person\",\"@id\":\"https:\/\/www.welovecycling.com\/wide\/#\/schema\/person\/50f01ecd18718d2333cf72e823c4f926\",\"name\":\"tereza\",\"image\":{\"@type\":\"ImageObject\",\"inLanguage\":\"en-US\",\"@id\":\"https:\/\/www.welovecycling.com\/wide\/#\/schema\/person\/image\/\",\"url\":\"https:\/\/secure.gravatar.com\/avatar\/1f9eb71be33845f0afabce3791bc1c58ecdb0a25c62964987e5dbcf7a20d2ec7?s=96&d=mm&r=g\",\"contentUrl\":\"https:\/\/secure.gravatar.com\/avatar\/1f9eb71be33845f0afabce3791bc1c58ecdb0a25c62964987e5dbcf7a20d2ec7?s=96&d=mm&r=g\",\"caption\":\"tereza\"},\"url\":\"https:\/\/www.welovecycling.com\/wide\/author\/tereza\/\"}]}<\/script>\n<!-- \/ Yoast SEO Premium plugin. -->","yoast_head_json":{"title":"How to Channel Pro Vibes on Your Summer Ride - \u0160koda We Love Cycling","description":"The Tour de France is underway, and as always, it is proving to be more than just a race. It\u2019s a rhythm. A mood. A three-week immersion in glory,","robots":{"index":"index","follow":"follow","max-snippet":"max-snippet:-1","max-image-preview":"max-image-preview:large","max-video-preview":"max-video-preview:-1"},"canonical":"https:\/\/www.welovecycling.com\/wide\/2025\/07\/11\/how-to-channel-pro-vibes-on-your-summer-ride\/","og_locale":"en_US","og_type":"article","og_title":"How to Channel Pro Vibes on Your Summer Ride","og_description":"The Tour de France is underway, and as always, it is proving to be more than just a race. It\u2019s a rhythm. A mood. A three-week immersion in glory,","og_url":"https:\/\/www.welovecycling.com\/wide\/2025\/07\/11\/how-to-channel-pro-vibes-on-your-summer-ride\/","og_site_name":"\u0160koda We Love Cycling","article_published_time":"2025-07-11T06:00:54+00:00","og_image":[{"width":990,"height":660,"url":"https:\/\/d2p6e6u75xmxt8.cloudfront.net\/2\/2025\/07\/2025-Tour-de-France-Peloton-Field-profimedia-1019744038-CVR.webp","type":"image\/webp"}],"author":"tereza","twitter_card":"summary_large_image","twitter_misc":{"Written by":"Megan Flottorp","Est. reading time":"4"},"schema":{"@context":"https:\/\/schema.org","@graph":[{"@type":"WebPage","@id":"https:\/\/www.welovecycling.com\/wide\/2025\/07\/11\/how-to-channel-pro-vibes-on-your-summer-ride\/","url":"https:\/\/www.welovecycling.com\/wide\/2025\/07\/11\/how-to-channel-pro-vibes-on-your-summer-ride\/","name":"How to Channel Pro Vibes on Your Summer Ride - \u0160koda We Love Cycling","isPartOf":{"@id":"https:\/\/www.welovecycling.com\/wide\/#website"},"primaryImageOfPage":{"@id":"https:\/\/www.welovecycling.com\/wide\/2025\/07\/11\/how-to-channel-pro-vibes-on-your-summer-ride\/#primaryimage"},"image":{"@id":"https:\/\/www.welovecycling.com\/wide\/2025\/07\/11\/how-to-channel-pro-vibes-on-your-summer-ride\/#primaryimage"},"thumbnailUrl":"https:\/\/d2p6e6u75xmxt8.cloudfront.net\/2\/2025\/07\/2025-Tour-de-France-Peloton-Field-profimedia-1019744038-CVR.webp","datePublished":"2025-07-11T06:00:54+00:00","author":{"@id":"https:\/\/www.welovecycling.com\/wide\/#\/schema\/person\/50f01ecd18718d2333cf72e823c4f926"},"description":"The Tour de France is underway, and as always, it is proving to be more than just a race. It\u2019s a rhythm. A mood. A three-week immersion in glory,","breadcrumb":{"@id":"https:\/\/www.welovecycling.com\/wide\/2025\/07\/11\/how-to-channel-pro-vibes-on-your-summer-ride\/#breadcrumb"},"inLanguage":"en-US","potentialAction":[{"@type":"ReadAction","target":["https:\/\/www.welovecycling.com\/wide\/2025\/07\/11\/how-to-channel-pro-vibes-on-your-summer-ride\/"]}]},{"@type":"ImageObject","inLanguage":"en-US","@id":"https:\/\/www.welovecycling.com\/wide\/2025\/07\/11\/how-to-channel-pro-vibes-on-your-summer-ride\/#primaryimage","url":"https:\/\/d2p6e6u75xmxt8.cloudfront.net\/2\/2025\/07\/2025-Tour-de-France-Peloton-Field-profimedia-1019744038-CVR.webp","contentUrl":"https:\/\/d2p6e6u75xmxt8.cloudfront.net\/2\/2025\/07\/2025-Tour-de-France-Peloton-Field-profimedia-1019744038-CVR.webp","width":990,"height":660,"caption":"2025 Tour de France"},{"@type":"BreadcrumbList","@id":"https:\/\/www.welovecycling.com\/wide\/2025\/07\/11\/how-to-channel-pro-vibes-on-your-summer-ride\/#breadcrumb","itemListElement":[{"@type":"ListItem","position":1,"name":"Home","item":"https:\/\/www.welovecycling.com\/wide\/"},{"@type":"ListItem","position":2,"name":"How to Channel Pro Vibes on Your Summer Ride"}]},{"@type":"WebSite","@id":"https:\/\/www.welovecycling.com\/wide\/#website","url":"https:\/\/www.welovecycling.com\/wide\/","name":"\u0160koda We Love Cycling","description":"\u0160koda We Love Cycling magazine","alternateName":"\u0160koda WLC","potentialAction":[{"@type":"SearchAction","target":{"@type":"EntryPoint","urlTemplate":"https:\/\/www.welovecycling.com\/wide\/?s={search_term_string}"},"query-input":{"@type":"PropertyValueSpecification","valueRequired":true,"valueName":"search_term_string"}}],"inLanguage":"en-US"},{"@type":"Person","@id":"https:\/\/www.welovecycling.com\/wide\/#\/schema\/person\/50f01ecd18718d2333cf72e823c4f926","name":"tereza","image":{"@type":"ImageObject","inLanguage":"en-US","@id":"https:\/\/www.welovecycling.com\/wide\/#\/schema\/person\/image\/","url":"https:\/\/secure.gravatar.com\/avatar\/1f9eb71be33845f0afabce3791bc1c58ecdb0a25c62964987e5dbcf7a20d2ec7?s=96&d=mm&r=g","contentUrl":"https:\/\/secure.gravatar.com\/avatar\/1f9eb71be33845f0afabce3791bc1c58ecdb0a25c62964987e5dbcf7a20d2ec7?s=96&d=mm&r=g","caption":"tereza"},"url":"https:\/\/www.welovecycling.com\/wide\/author\/tereza\/"}]}},"_links":{"self":[{"href":"https:\/\/www.welovecycling.com\/wide\/wp-json\/wp\/v2\/posts\/199074","targetHints":{"allow":["GET"]}}],"collection":[{"href":"https:\/\/www.welovecycling.com\/wide\/wp-json\/wp\/v2\/posts"}],"about":[{"href":"https:\/\/www.welovecycling.com\/wide\/wp-json\/wp\/v2\/types\/post"}],"author":[{"embeddable":true,"href":"https:\/\/www.welovecycling.com\/wide\/wp-json\/wp\/v2\/users\/99"}],"replies":[{"embeddable":true,"href":"https:\/\/www.welovecycling.com\/wide\/wp-json\/wp\/v2\/comments?post=199074"}],"version-history":[{"count":1,"href":"https:\/\/www.welovecycling.com\/wide\/wp-json\/wp\/v2\/posts\/199074\/revisions"}],"predecessor-version":[{"id":199076,"href":"https:\/\/www.welovecycling.com\/wide\/wp-json\/wp\/v2\/posts\/199074\/revisions\/199076"}],"wp:featuredmedia":[{"embeddable":true,"href":"https:\/\/www.welovecycling.com\/wide\/wp-json\/wp\/v2\/media\/199075"}],"wp:attachment":[{"href":"https:\/\/www.welovecycling.com\/wide\/wp-json\/wp\/v2\/media?parent=199074"}],"wp:term":[{"taxonomy":"category","embeddable":true,"href":"https:\/\/www.welovecycling.com\/wide\/wp-json\/wp\/v2\/categories?post=199074"},{"taxonomy":"post_tag","embeddable":true,"href":"https:\/\/www.welovecycling.com\/wide\/wp-json\/wp\/v2\/tags?post=199074"},{"taxonomy":"global-categories","embeddable":true,"href":"https:\/\/www.welovecycling.com\/wide\/wp-json\/wp\/v2\/global-categories?post=199074"}],"curies":[{"name":"wp","href":"https:\/\/api.w.org\/{rel}","templated":true}]}}