{"id":199071,"date":"2025-07-09T07:51:25","date_gmt":"2025-07-09T07:51:25","guid":{"rendered":"https:\/\/www.welovecycling.com\/wide\/?p=199071"},"modified":"2025-07-09T07:51:25","modified_gmt":"2025-07-09T07:51:25","slug":"through-the-eyes-of-a-reporter-matt-stephens-on-the-fans-of-the-tour-de-france","status":"publish","type":"post","link":"https:\/\/www.welovecycling.com\/wide\/2025\/07\/09\/through-the-eyes-of-a-reporter-matt-stephens-on-the-fans-of-the-tour-de-france\/","title":{"rendered":"Through the Eyes of a Reporter: Matt Stephens on the Fans of the Tour de France"},"content":{"rendered":"<p><strong>I\u2019ve had the privilege of witnessing ten editions of the Tour de France up close and personal. Sometimes I\u2019m commentating, sometimes I\u2019m behind the scenes, sometimes interviewing riders, and last year for the first time I was clinging to the back of a motorbike with nothing but a microphone, a radio earpiece, and mild terror between me and the tarmac.<\/strong><\/p>\n<p><!--more--><\/p>\n<p>But one constant remains, year after year, from Normandy to Nice, Alpe d\u2019Huez to the Champs-\u00c9lys\u00e9es: the fans. The glorious, often slightly mad, beautiful fans, of which I was one back in 1986 as a young 16-year-old. It was being a fan first that started my journey into cycling.<\/p>\n<p>Little did 16-year-old me know that 30-odd years later I\u2019d be bringing other fans the images, sounds, textures, and emotion of the Grand Boucle myself.<\/p>\n<p>Let\u2019s get one thing straight: there is no sporting crowd quite like Tour de France fans. They\u2019re not ticket holders. They don\u2019t file into a stadium. They take over entire mountains, villages, and towns. They wake up at 3 a.m. to stake a roadside spot, having travelled there days in advance. They boil coffee on camping stoves, eat bread and cheese, and sip local wine and wear costumes to boggle the mind. They have rider fan clubs, create homemade flags, posters, and friezes that help make the race come alive.<\/p>\n<p>I\u2019ve seen a man in a banana suit sprint next to a breakaway on the Col du Tourmalet, yelling in what I hope was encouragement. I\u2019ve seen an 85-year-old woman in the Pyrenees slap her saucepan like a war drum as the peloton snaked by. I\u2019ve seen fans suspended on bicycles from a crane, dangling them directly over the passing peloton, and I\u2019ve seen a dozen men dressed as babies running alongside <a href=\"https:\/\/www.welovecycling.com\/wide\/2024\/11\/12\/the-final-victory-a-dream-ending-in-singapore-for-mark-cavendish\/\" target=\"_blank\" rel=\"noopener\">Mark Cavendish<\/a> as he fought to finish inside the time limit in the Alpes. Just bonkers!<\/p>\n<p>I\u2019ve been offered more sausages, beers, and unsolicited back rubs than I care to count. On Alpe d\u2019Huez I had to close the car window as fans tried to climb in and join me. Honestly&#8230; It\u2019s clear that there\u2019s no such thing as a \u201ctypical\u201d fan at the Tour, and that\u2019s the magic of it. They come from every walk of life\u2014French grannies waving tricolores, Dutch caravans decked out like rave buses with techno music blaring out, Danish fans dressed as Vikings, in fact I\u2019m sure I spotted a Viking longboat tandem a few years back! The fans are never calm. And why would they be? For many, seeing the Tour is a once-in-a-lifetime pilgrimage. It\u2019s sporting theatre, high drama, and a touch of lunacy all rolled into one sweaty, lycra-wrapped spectacle. Their passion and joy are palpable and often so overwhelming it has reduced me to near tears.<\/p>\n<blockquote class=\"instagram-media\" style=\"background: #FFF; border: 0; border-radius: 3px; box-shadow: 0 0 1px 0 rgba(0,0,0,0.5),0 1px 10px 0 rgba(0,0,0,0.15); margin: 1px; max-width: 540px; min-width: 326px; padding: 0; width: calc(100% - 2px);\" data-instgrm-captioned=\"\" data-instgrm-permalink=\"https:\/\/www.instagram.com\/reel\/DLt2K1ko9I8\/?utm_source=ig_embed&amp;utm_campaign=loading\" data-instgrm-version=\"14\">\n<div style=\"padding: 16px;\">\n<p>&nbsp;<\/p>\n<div style=\"display: flex; flex-direction: row; align-items: center;\">\n<div style=\"background-color: #f4f4f4; border-radius: 50%; flex-grow: 0; height: 40px; margin-right: 14px; width: 40px;\"><\/div>\n<div style=\"display: flex; flex-direction: column; flex-grow: 1; justify-content: center;\">\n<div style=\"background-color: #f4f4f4; border-radius: 4px; flex-grow: 0; height: 14px; margin-bottom: 6px; width: 100px;\"><\/div>\n<div style=\"background-color: #f4f4f4; border-radius: 4px; flex-grow: 0; height: 14px; width: 60px;\"><\/div>\n<\/div>\n<\/div>\n<div style=\"padding: 19% 0;\"><\/div>\n<div style=\"display: block; height: 50px; margin: 0 auto 12px; width: 50px;\"><\/div>\n<div style=\"padding-top: 8px;\">\n<div style=\"color: #3897f0; font-family: Arial,sans-serif; font-size: 14px; font-style: normal; font-weight: 550; line-height: 18px;\">Zobrazit p\u0159\u00edsp\u011bvek na Instagramu<\/div>\n<\/div>\n<div style=\"padding: 12.5% 0;\"><\/div>\n<div style=\"display: flex; flex-direction: row; margin-bottom: 14px; align-items: center;\">\n<div>\n<div style=\"background-color: #f4f4f4; border-radius: 50%; height: 12.5px; width: 12.5px; transform: translateX(0px) translateY(7px);\"><\/div>\n<div style=\"background-color: #f4f4f4; height: 12.5px; transform: rotate(-45deg) translateX(3px) translateY(1px); width: 12.5px; flex-grow: 0; margin-right: 14px; margin-left: 2px;\"><\/div>\n<div style=\"background-color: #f4f4f4; border-radius: 50%; height: 12.5px; width: 12.5px; transform: translateX(9px) translateY(-18px);\"><\/div>\n<\/div>\n<div style=\"margin-left: 8px;\">\n<div style=\"background-color: #f4f4f4; border-radius: 50%; flex-grow: 0; height: 20px; width: 20px;\"><\/div>\n<div style=\"width: 0; height: 0; border-top: 2px solid transparent; border-left: 6px solid #f4f4f4; border-bottom: 2px solid transparent; transform: translateX(16px) translateY(-4px) rotate(30deg);\"><\/div>\n<\/div>\n<div style=\"margin-left: auto;\">\n<div style=\"width: 0px; border-top: 8px solid #F4F4F4; border-right: 8px solid transparent; transform: translateY(16px);\"><\/div>\n<div style=\"background-color: #f4f4f4; flex-grow: 0; height: 12px; width: 16px; transform: translateY(-4px);\"><\/div>\n<div style=\"width: 0; height: 0; border-top: 8px solid #F4F4F4; border-left: 8px solid transparent; transform: translateY(-4px) translateX(8px);\"><\/div>\n<\/div>\n<\/div>\n<div style=\"display: flex; flex-direction: column; flex-grow: 1; justify-content: center; margin-bottom: 24px;\">\n<div style=\"background-color: #f4f4f4; border-radius: 4px; flex-grow: 0; height: 14px; margin-bottom: 6px; width: 224px;\"><\/div>\n<div style=\"background-color: #f4f4f4; border-radius: 4px; flex-grow: 0; height: 14px; width: 144px;\"><\/div>\n<\/div>\n<p>&nbsp;<\/p>\n<p style=\"color: #c9c8cd; font-family: Arial,sans-serif; font-size: 14px; line-height: 17px; margin-bottom: 0; margin-top: 8px; overflow: hidden; padding: 8px 0 7px; text-align: center; text-overflow: ellipsis; white-space: nowrap;\"><a style=\"color: #c9c8cd; font-family: Arial,sans-serif; font-size: 14px; font-style: normal; font-weight: normal; line-height: 17px; text-decoration: none;\" href=\"https:\/\/www.instagram.com\/reel\/DLt2K1ko9I8\/?utm_source=ig_embed&amp;utm_campaign=loading\" target=\"_blank\" rel=\"noopener\">P\u0159\u00edsp\u011bvek sd\u00edlen\u00fd \u0160koda We Love Cycling (@wlcmagazine)<\/a><\/p>\n<\/div>\n<\/blockquote>\n<p><script async src=\"\/\/www.instagram.com\/embed.js\"><\/script>But the thing that gets me, year after year, isn\u2019t so much the silliness, it\u2019s the heart, the soul. The real, raw emotion. I\u2019ve seen children on their dad\u2019s shoulders, eyes wide with awe as the peloton roars past, waving flags and decked in swag they got from the Tour caravan. I\u2019ve spoken to fans who\u2019ve travelled thousands of miles, halfway across the world, camping in dodgy lay-bys just for the chance to see their heroes for often only a few fleeting seconds, and they don\u2019t regret a moment of it.<\/p>\n<p>They become part of the race. You can feel their energy pushing riders up the climbs, especially on those savage Alpine and Pyrenean ascents where the road narrows and the noise becomes a living thing. It\u2019s deafening, thrilling, and terrifying all at the same time. I\u2019ve been on the moto, just behind the group of leaders as they grind their way up a savage climb, and you can see it\u2014how the fans lift them. Sometimes literally! (Please don\u2019t touch the riders. They hate that.)<\/p>\n<p>The fans know their stuff. These aren&#8217;t casual Sunday viewers. I&#8217;ve had roadside chats as a reporter with fans who know more about Visma &#8211; Lease a Bike\u2019s team strategy than half the press corps! They live and breathe the race, they understand the nuance, and most of all they care deeply.<\/p>\n<p>There are moments, quiet ones too, that have stayed with me. I picked up my first bidon that was thrown at my feet in 1986, and my father still has it. I can play every moment of that in my mind, I remember the feeling it gave me as a kid. It inspired me. I remember speaking to a Belgian couple who for 10 years have travelled and watched nearly every single stage of the Tour, the camper van their home for the month of July. They said they\u2019ll do it for as long as they possibly could.<\/p>\n<p>Or the little girl at the finish of a stage of the <a href=\"https:\/\/www.letourfemmes.fr\/en\">Tour de France Femmes avec Zwift<\/a> in Rodez who waited patiently as a rider warmed down on the home trainer, only to be gifted a cap and a bidon; the delight on her face said it all, pure inspiration. That\u2019s the Tour for you. Everyone\u2019s a part of it, with the fans at the centre.<\/p>\n<p>Sometimes, though, it gets too much. The road might get too narrow, the beer too strong, the crowd a little too close. I&#8217;ve seen a few accidents, moments where the party forgets the race. But even then, the love is a constant. This wild, messy, imperfect passion for cycling that pours out of every village square and mountain pass. That\u2019s not something you can fake. It\u2019s real. It\u2019s raw. And it\u2019s very, very French (with a healthy sprinkling of Dutch, Basque, British, Danish, Italian&#8230; well, the list goes on&#8230;)<\/p>\n<p>As someone who\u2019s seen this race from all angles, from a roadside fan who camped by a river all those years ago, to commentator, moto reporter, pundit, and presenter, I can tell you without hesitation that the fans are the lifeblood of the Tour. Without them, it\u2019s just bikes on a road. With them, it\u2019s a three-week love story, full of chaos, colour, and pure joy. A celebration that unites people from all walks of life, from all over the world. I would go as far as to say that they are important, vital even.<\/p>\n<p>My role on the Tour is essentially to do the following: to convey emotion, to tell a story, to attempt to deconstruct the complexities of race tactics, to get across the spirit, history, and culture of the places the Tour passes through, to understand the characters that make the race, and finally to entertain, engage, inspire, and even educate those who take the time to watch the race. I love my role and am always striving to improve. But what would it be without the fans?<\/p>\n<p>So here\u2019s to the roadside legends. You make the Tour de France more than a race. You make it a celebration of everything glorious, ridiculous, and deeply human about sport. And, if you haven\u2019t yet experienced the joyful chaos of the biggest sporting event on the planet, you\u2019re missing a treat. Come and join in the fun. You will not be disappointed.<\/p>\n<p>See you on the road! Come and say hi!<\/p>\n","protected":false},"excerpt":{"rendered":"<p>I\u2019ve had the privilege of witnessing ten editions of the Tour de France up close and personal. Sometimes I\u2019m commentating, [&hellip;]<\/p>\n","protected":false},"author":99,"featured_media":197057,"comment_status":"closed","ping_status":"open","sticky":false,"template":"","format":"standard","meta":{"footnotes":""},"categories":[329,334],"tags":[6399,433,8602,3231],"global-categories":[3366],"class_list":["post-199071","post","type-post","status-publish","format-standard","has-post-thumbnail","hentry","category-road-cycling","category-socialising-and-culture","tag-matt-stephens","tag-tour-de-france","tag-tour-de-france-commentator","tag-tour-de-france-fans","global-categories-cycling"],"yoast_head":"<!-- This site is optimized with the Yoast SEO Premium plugin v25.3 (Yoast SEO v25.9) - https:\/\/yoast.com\/wordpress\/plugins\/seo\/ -->\n<title>Matt Stephens on the Fans of the Tour de France<\/title>\n<meta name=\"description\" content=\"I\u2019ve had the privilege of witnessing ten editions of the Tour de France up close and personal. Sometimes I\u2019m commentating, sometimes I\u2019m behind the\" \/>\n<meta name=\"robots\" content=\"index, follow, max-snippet:-1, max-image-preview:large, max-video-preview:-1\" \/>\n<link rel=\"canonical\" href=\"https:\/\/www.welovecycling.com\/wide\/2025\/07\/09\/through-the-eyes-of-a-reporter-matt-stephens-on-the-fans-of-the-tour-de-france\/\" \/>\n<meta property=\"og:locale\" content=\"en_US\" \/>\n<meta property=\"og:type\" content=\"article\" \/>\n<meta property=\"og:title\" content=\"Through the Eyes of a Reporter: Matt Stephens on the Fans of the Tour de France\" \/>\n<meta property=\"og:description\" content=\"I\u2019ve had the privilege of witnessing ten editions of the Tour de France up close and personal. Sometimes I\u2019m commentating, sometimes I\u2019m behind the\" \/>\n<meta property=\"og:url\" content=\"https:\/\/www.welovecycling.com\/wide\/2025\/07\/09\/through-the-eyes-of-a-reporter-matt-stephens-on-the-fans-of-the-tour-de-france\/\" \/>\n<meta property=\"og:site_name\" content=\"\u0160koda We Love Cycling\" \/>\n<meta property=\"article:published_time\" content=\"2025-07-09T07:51:25+00:00\" \/>\n<meta property=\"og:image\" content=\"https:\/\/d2p6e6u75xmxt8.cloudfront.net\/2\/2024\/10\/Letape25_Matt_article_990x660-1.webp\" \/>\n\t<meta property=\"og:image:width\" content=\"990\" \/>\n\t<meta property=\"og:image:height\" content=\"660\" \/>\n\t<meta property=\"og:image:type\" content=\"image\/webp\" \/>\n<meta name=\"author\" content=\"tereza\" \/>\n<meta name=\"twitter:card\" content=\"summary_large_image\" \/>\n<meta name=\"twitter:label1\" content=\"Written by\" \/>\n\t<meta name=\"twitter:data1\" content=\"Matt Stephens\" \/>\n\t<meta name=\"twitter:label2\" content=\"Est. reading time\" \/>\n\t<meta name=\"twitter:data2\" content=\"4\" \/>\n<script type=\"application\/ld+json\" class=\"yoast-schema-graph\">{\"@context\":\"https:\/\/schema.org\",\"@graph\":[{\"@type\":\"WebPage\",\"@id\":\"https:\/\/www.welovecycling.com\/wide\/2025\/07\/09\/through-the-eyes-of-a-reporter-matt-stephens-on-the-fans-of-the-tour-de-france\/\",\"url\":\"https:\/\/www.welovecycling.com\/wide\/2025\/07\/09\/through-the-eyes-of-a-reporter-matt-stephens-on-the-fans-of-the-tour-de-france\/\",\"name\":\"Matt Stephens on the Fans of the Tour de France\",\"isPartOf\":{\"@id\":\"https:\/\/www.welovecycling.com\/wide\/#website\"},\"primaryImageOfPage\":{\"@id\":\"https:\/\/www.welovecycling.com\/wide\/2025\/07\/09\/through-the-eyes-of-a-reporter-matt-stephens-on-the-fans-of-the-tour-de-france\/#primaryimage\"},\"image\":{\"@id\":\"https:\/\/www.welovecycling.com\/wide\/2025\/07\/09\/through-the-eyes-of-a-reporter-matt-stephens-on-the-fans-of-the-tour-de-france\/#primaryimage\"},\"thumbnailUrl\":\"https:\/\/d2p6e6u75xmxt8.cloudfront.net\/2\/2024\/10\/Letape25_Matt_article_990x660-1.webp\",\"datePublished\":\"2025-07-09T07:51:25+00:00\",\"author\":{\"@id\":\"https:\/\/www.welovecycling.com\/wide\/#\/schema\/person\/50f01ecd18718d2333cf72e823c4f926\"},\"description\":\"I\u2019ve had the privilege of witnessing ten editions of the Tour de France up close and personal. Sometimes I\u2019m commentating, sometimes I\u2019m behind the\",\"breadcrumb\":{\"@id\":\"https:\/\/www.welovecycling.com\/wide\/2025\/07\/09\/through-the-eyes-of-a-reporter-matt-stephens-on-the-fans-of-the-tour-de-france\/#breadcrumb\"},\"inLanguage\":\"en-US\",\"potentialAction\":[{\"@type\":\"ReadAction\",\"target\":[\"https:\/\/www.welovecycling.com\/wide\/2025\/07\/09\/through-the-eyes-of-a-reporter-matt-stephens-on-the-fans-of-the-tour-de-france\/\"]}]},{\"@type\":\"ImageObject\",\"inLanguage\":\"en-US\",\"@id\":\"https:\/\/www.welovecycling.com\/wide\/2025\/07\/09\/through-the-eyes-of-a-reporter-matt-stephens-on-the-fans-of-the-tour-de-france\/#primaryimage\",\"url\":\"https:\/\/d2p6e6u75xmxt8.cloudfront.net\/2\/2024\/10\/Letape25_Matt_article_990x660-1.webp\",\"contentUrl\":\"https:\/\/d2p6e6u75xmxt8.cloudfront.net\/2\/2024\/10\/Letape25_Matt_article_990x660-1.webp\",\"width\":990,\"height\":660,\"caption\":\"Matt Stephens\"},{\"@type\":\"BreadcrumbList\",\"@id\":\"https:\/\/www.welovecycling.com\/wide\/2025\/07\/09\/through-the-eyes-of-a-reporter-matt-stephens-on-the-fans-of-the-tour-de-france\/#breadcrumb\",\"itemListElement\":[{\"@type\":\"ListItem\",\"position\":1,\"name\":\"Home\",\"item\":\"https:\/\/www.welovecycling.com\/wide\/\"},{\"@type\":\"ListItem\",\"position\":2,\"name\":\"Through the Eyes of a Reporter: Matt Stephens on the Fans of the Tour de France\"}]},{\"@type\":\"WebSite\",\"@id\":\"https:\/\/www.welovecycling.com\/wide\/#website\",\"url\":\"https:\/\/www.welovecycling.com\/wide\/\",\"name\":\"\u0160koda We Love Cycling\",\"description\":\"\u0160koda We Love Cycling magazine\",\"alternateName\":\"\u0160koda WLC\",\"potentialAction\":[{\"@type\":\"SearchAction\",\"target\":{\"@type\":\"EntryPoint\",\"urlTemplate\":\"https:\/\/www.welovecycling.com\/wide\/?s={search_term_string}\"},\"query-input\":{\"@type\":\"PropertyValueSpecification\",\"valueRequired\":true,\"valueName\":\"search_term_string\"}}],\"inLanguage\":\"en-US\"},{\"@type\":\"Person\",\"@id\":\"https:\/\/www.welovecycling.com\/wide\/#\/schema\/person\/50f01ecd18718d2333cf72e823c4f926\",\"name\":\"tereza\",\"image\":{\"@type\":\"ImageObject\",\"inLanguage\":\"en-US\",\"@id\":\"https:\/\/www.welovecycling.com\/wide\/#\/schema\/person\/image\/\",\"url\":\"https:\/\/secure.gravatar.com\/avatar\/1f9eb71be33845f0afabce3791bc1c58ecdb0a25c62964987e5dbcf7a20d2ec7?s=96&d=mm&r=g\",\"contentUrl\":\"https:\/\/secure.gravatar.com\/avatar\/1f9eb71be33845f0afabce3791bc1c58ecdb0a25c62964987e5dbcf7a20d2ec7?s=96&d=mm&r=g\",\"caption\":\"tereza\"},\"url\":\"https:\/\/www.welovecycling.com\/wide\/author\/tereza\/\"}]}<\/script>\n<!-- \/ Yoast SEO Premium plugin. -->","yoast_head_json":{"title":"Matt Stephens on the Fans of the Tour de France","description":"I\u2019ve had the privilege of witnessing ten editions of the Tour de France up close and personal. Sometimes I\u2019m commentating, sometimes I\u2019m behind the","robots":{"index":"index","follow":"follow","max-snippet":"max-snippet:-1","max-image-preview":"max-image-preview:large","max-video-preview":"max-video-preview:-1"},"canonical":"https:\/\/www.welovecycling.com\/wide\/2025\/07\/09\/through-the-eyes-of-a-reporter-matt-stephens-on-the-fans-of-the-tour-de-france\/","og_locale":"en_US","og_type":"article","og_title":"Through the Eyes of a Reporter: Matt Stephens on the Fans of the Tour de France","og_description":"I\u2019ve had the privilege of witnessing ten editions of the Tour de France up close and personal. Sometimes I\u2019m commentating, sometimes I\u2019m behind the","og_url":"https:\/\/www.welovecycling.com\/wide\/2025\/07\/09\/through-the-eyes-of-a-reporter-matt-stephens-on-the-fans-of-the-tour-de-france\/","og_site_name":"\u0160koda We Love Cycling","article_published_time":"2025-07-09T07:51:25+00:00","og_image":[{"width":990,"height":660,"url":"https:\/\/d2p6e6u75xmxt8.cloudfront.net\/2\/2024\/10\/Letape25_Matt_article_990x660-1.webp","type":"image\/webp"}],"author":"tereza","twitter_card":"summary_large_image","twitter_misc":{"Written by":"Matt Stephens","Est. reading time":"4"},"schema":{"@context":"https:\/\/schema.org","@graph":[{"@type":"WebPage","@id":"https:\/\/www.welovecycling.com\/wide\/2025\/07\/09\/through-the-eyes-of-a-reporter-matt-stephens-on-the-fans-of-the-tour-de-france\/","url":"https:\/\/www.welovecycling.com\/wide\/2025\/07\/09\/through-the-eyes-of-a-reporter-matt-stephens-on-the-fans-of-the-tour-de-france\/","name":"Matt Stephens on the Fans of the Tour de France","isPartOf":{"@id":"https:\/\/www.welovecycling.com\/wide\/#website"},"primaryImageOfPage":{"@id":"https:\/\/www.welovecycling.com\/wide\/2025\/07\/09\/through-the-eyes-of-a-reporter-matt-stephens-on-the-fans-of-the-tour-de-france\/#primaryimage"},"image":{"@id":"https:\/\/www.welovecycling.com\/wide\/2025\/07\/09\/through-the-eyes-of-a-reporter-matt-stephens-on-the-fans-of-the-tour-de-france\/#primaryimage"},"thumbnailUrl":"https:\/\/d2p6e6u75xmxt8.cloudfront.net\/2\/2024\/10\/Letape25_Matt_article_990x660-1.webp","datePublished":"2025-07-09T07:51:25+00:00","author":{"@id":"https:\/\/www.welovecycling.com\/wide\/#\/schema\/person\/50f01ecd18718d2333cf72e823c4f926"},"description":"I\u2019ve had the privilege of witnessing ten editions of the Tour de France up close and personal. Sometimes I\u2019m commentating, sometimes I\u2019m behind the","breadcrumb":{"@id":"https:\/\/www.welovecycling.com\/wide\/2025\/07\/09\/through-the-eyes-of-a-reporter-matt-stephens-on-the-fans-of-the-tour-de-france\/#breadcrumb"},"inLanguage":"en-US","potentialAction":[{"@type":"ReadAction","target":["https:\/\/www.welovecycling.com\/wide\/2025\/07\/09\/through-the-eyes-of-a-reporter-matt-stephens-on-the-fans-of-the-tour-de-france\/"]}]},{"@type":"ImageObject","inLanguage":"en-US","@id":"https:\/\/www.welovecycling.com\/wide\/2025\/07\/09\/through-the-eyes-of-a-reporter-matt-stephens-on-the-fans-of-the-tour-de-france\/#primaryimage","url":"https:\/\/d2p6e6u75xmxt8.cloudfront.net\/2\/2024\/10\/Letape25_Matt_article_990x660-1.webp","contentUrl":"https:\/\/d2p6e6u75xmxt8.cloudfront.net\/2\/2024\/10\/Letape25_Matt_article_990x660-1.webp","width":990,"height":660,"caption":"Matt Stephens"},{"@type":"BreadcrumbList","@id":"https:\/\/www.welovecycling.com\/wide\/2025\/07\/09\/through-the-eyes-of-a-reporter-matt-stephens-on-the-fans-of-the-tour-de-france\/#breadcrumb","itemListElement":[{"@type":"ListItem","position":1,"name":"Home","item":"https:\/\/www.welovecycling.com\/wide\/"},{"@type":"ListItem","position":2,"name":"Through the Eyes of a Reporter: Matt Stephens on the Fans of the Tour de France"}]},{"@type":"WebSite","@id":"https:\/\/www.welovecycling.com\/wide\/#website","url":"https:\/\/www.welovecycling.com\/wide\/","name":"\u0160koda We Love Cycling","description":"\u0160koda We Love Cycling magazine","alternateName":"\u0160koda WLC","potentialAction":[{"@type":"SearchAction","target":{"@type":"EntryPoint","urlTemplate":"https:\/\/www.welovecycling.com\/wide\/?s={search_term_string}"},"query-input":{"@type":"PropertyValueSpecification","valueRequired":true,"valueName":"search_term_string"}}],"inLanguage":"en-US"},{"@type":"Person","@id":"https:\/\/www.welovecycling.com\/wide\/#\/schema\/person\/50f01ecd18718d2333cf72e823c4f926","name":"tereza","image":{"@type":"ImageObject","inLanguage":"en-US","@id":"https:\/\/www.welovecycling.com\/wide\/#\/schema\/person\/image\/","url":"https:\/\/secure.gravatar.com\/avatar\/1f9eb71be33845f0afabce3791bc1c58ecdb0a25c62964987e5dbcf7a20d2ec7?s=96&d=mm&r=g","contentUrl":"https:\/\/secure.gravatar.com\/avatar\/1f9eb71be33845f0afabce3791bc1c58ecdb0a25c62964987e5dbcf7a20d2ec7?s=96&d=mm&r=g","caption":"tereza"},"url":"https:\/\/www.welovecycling.com\/wide\/author\/tereza\/"}]}},"_links":{"self":[{"href":"https:\/\/www.welovecycling.com\/wide\/wp-json\/wp\/v2\/posts\/199071","targetHints":{"allow":["GET"]}}],"collection":[{"href":"https:\/\/www.welovecycling.com\/wide\/wp-json\/wp\/v2\/posts"}],"about":[{"href":"https:\/\/www.welovecycling.com\/wide\/wp-json\/wp\/v2\/types\/post"}],"author":[{"embeddable":true,"href":"https:\/\/www.welovecycling.com\/wide\/wp-json\/wp\/v2\/users\/99"}],"replies":[{"embeddable":true,"href":"https:\/\/www.welovecycling.com\/wide\/wp-json\/wp\/v2\/comments?post=199071"}],"version-history":[{"count":2,"href":"https:\/\/www.welovecycling.com\/wide\/wp-json\/wp\/v2\/posts\/199071\/revisions"}],"predecessor-version":[{"id":199073,"href":"https:\/\/www.welovecycling.com\/wide\/wp-json\/wp\/v2\/posts\/199071\/revisions\/199073"}],"wp:featuredmedia":[{"embeddable":true,"href":"https:\/\/www.welovecycling.com\/wide\/wp-json\/wp\/v2\/media\/197057"}],"wp:attachment":[{"href":"https:\/\/www.welovecycling.com\/wide\/wp-json\/wp\/v2\/media?parent=199071"}],"wp:term":[{"taxonomy":"category","embeddable":true,"href":"https:\/\/www.welovecycling.com\/wide\/wp-json\/wp\/v2\/categories?post=199071"},{"taxonomy":"post_tag","embeddable":true,"href":"https:\/\/www.welovecycling.com\/wide\/wp-json\/wp\/v2\/tags?post=199071"},{"taxonomy":"global-categories","embeddable":true,"href":"https:\/\/www.welovecycling.com\/wide\/wp-json\/wp\/v2\/global-categories?post=199071"}],"curies":[{"name":"wp","href":"https:\/\/api.w.org\/{rel}","templated":true}]}}