{"id":198760,"date":"2025-06-12T11:37:38","date_gmt":"2025-06-12T11:37:38","guid":{"rendered":"https:\/\/www.welovecycling.com\/wide\/?p=198760"},"modified":"2025-06-12T11:37:38","modified_gmt":"2025-06-12T11:37:38","slug":"amy-hudsons-6300-km-tour-de-france-challenge-sparked-by-lachlan-morton","status":"publish","type":"post","link":"https:\/\/www.welovecycling.com\/wide\/2025\/06\/12\/amy-hudsons-6300-km-tour-de-france-challenge-sparked-by-lachlan-morton\/","title":{"rendered":"Find Your Tour: Amy Hudson\u2019s 6,300 km Tour de France Challenge, Sparked by Lachlan Morton"},"content":{"rendered":"<p><strong>Amy Hudson isn\u2019t trying to win the Tour de France. She\u2019s not even trying to race it. Instead, she\u2019s doing something arguably tougher: riding every single stage and transfer, over 6,300 kilometres in 30 days, as a regular non-pro cyclist.<\/strong><\/p>\n<p><!--more--><\/p>\n<p>What inspired her to take on such a massive challenge? A combination of her own journey in cycling and a nudge from one of the sport\u2019s most unique riders, Lachlan Morton.<\/p>\n<h2><strong>Inspired by a different kind of Tour<\/strong><\/h2>\n<p>&#8220;I\u2019m just calling it my own Tour de France challenge,&#8221; Amy says. &#8220;I\u2019m not trying to compare myself to Lachlan because he\u2019s an absolute legend. What he did was amazing.&#8221;<\/p>\n<p>In 2021, professional cyclist Lachlan Morton captured the cycling world\u2019s imagination by riding an alternative Tour. He completed every stage and the long, often gruelling transfers between them, unsupported and ahead of the pros. You can watch his Alt Tour story <a href=\"https:\/\/youtu.be\/eujxv77lGOI?si=2ycL3Ih6znfEfLXp\">here<\/a> if you want to see what a feat it was.<\/p>\n<div class=\"embed-controller-wrapper\">\n<div class=\"embed-wrapper\"><iframe title=\"Rapha Gone Racing - The Alt Tour - Full Film\" width=\"500\" height=\"281\" data-src=\"https:\/\/www.youtube.com\/embed\/eujxv77lGOI?feature=oembed&#038;si=2ycL3Ih6znfEfLXp&#038;enablejsapi=1\" frameborder=\"0\" allow=\"accelerometer; autoplay; clipboard-write; encrypted-media; gyroscope; picture-in-picture; web-share\" referrerpolicy=\"strict-origin-when-cross-origin\" allowfullscreen><\/iframe><\/div>\n<\/div>\n<p>Amy watched the documentary about Morton\u2019s ride, and the idea took hold. &#8220;I\u2019ve been to see the Tour de France the last two years,&#8221; she says. &#8220;It\u2019s just such an amazing atmosphere. I think because it\u2019s the biggest cycling thing of the year, I thought well, why not be part of it?&#8221;<\/p>\n<p>But she\u2019s quick to clarify: her ride isn\u2019t an attempt to replicate Morton\u2019s. &#8220;Originally, I wanted to do it in the same time as the pros,&#8221; she says. &#8220;But this year\u2019s Tour has some massive transfers, like one that\u2019s 540 kilometres. I had to be realistic. I didn\u2019t want to set myself up to fail.&#8221;<\/p>\n<p>Instead, she\u2019s allowing herself 30 days to complete the route, with two rest days built in. She\u2019ll start a week before the professional peloton and plans to finish a day ahead of them.<\/p>\n<blockquote class=\"instagram-media\" style=\"background: #FFF; border: 0; border-radius: 3px; box-shadow: 0 0 1px 0 rgba(0,0,0,0.5),0 1px 10px 0 rgba(0,0,0,0.15); margin: 1px; max-width: 540px; min-width: 326px; padding: 0; width: calc(100% - 2px);\" data-instgrm-captioned=\"\" data-instgrm-permalink=\"https:\/\/www.instagram.com\/p\/DFDcLsBMGVT\/?utm_source=ig_embed&amp;utm_campaign=loading\" data-instgrm-version=\"14\">\n<div style=\"padding: 16px;\">\n<p>&nbsp;<\/p>\n<div style=\"display: flex; flex-direction: row; align-items: center;\">\n<div style=\"background-color: #f4f4f4; border-radius: 50%; flex-grow: 0; height: 40px; margin-right: 14px; width: 40px;\"><\/div>\n<div style=\"display: flex; flex-direction: column; flex-grow: 1; justify-content: center;\">\n<div style=\"background-color: #f4f4f4; border-radius: 4px; flex-grow: 0; height: 14px; margin-bottom: 6px; width: 100px;\"><\/div>\n<div style=\"background-color: #f4f4f4; border-radius: 4px; flex-grow: 0; height: 14px; width: 60px;\"><\/div>\n<\/div>\n<\/div>\n<div style=\"padding: 19% 0;\"><\/div>\n<div style=\"display: block; height: 50px; margin: 0 auto 12px; width: 50px;\"><\/div>\n<div style=\"padding-top: 8px;\">\n<div style=\"color: #3897f0; font-family: Arial,sans-serif; font-size: 14px; font-style: normal; font-weight: 550; line-height: 18px;\">Zobrazit p\u0159\u00edsp\u011bvek na Instagramu<\/div>\n<\/div>\n<div style=\"padding: 12.5% 0;\"><\/div>\n<div style=\"display: flex; flex-direction: row; margin-bottom: 14px; align-items: center;\">\n<div>\n<div style=\"background-color: #f4f4f4; border-radius: 50%; height: 12.5px; width: 12.5px; transform: translateX(0px) translateY(7px);\"><\/div>\n<div style=\"background-color: #f4f4f4; height: 12.5px; transform: rotate(-45deg) translateX(3px) translateY(1px); width: 12.5px; flex-grow: 0; margin-right: 14px; margin-left: 2px;\"><\/div>\n<div style=\"background-color: #f4f4f4; border-radius: 50%; height: 12.5px; width: 12.5px; transform: translateX(9px) translateY(-18px);\"><\/div>\n<\/div>\n<div style=\"margin-left: 8px;\">\n<div style=\"background-color: #f4f4f4; border-radius: 50%; flex-grow: 0; height: 20px; width: 20px;\"><\/div>\n<div style=\"width: 0; height: 0; border-top: 2px solid transparent; border-left: 6px solid #f4f4f4; border-bottom: 2px solid transparent; transform: translateX(16px) translateY(-4px) rotate(30deg);\"><\/div>\n<\/div>\n<div style=\"margin-left: auto;\">\n<div style=\"width: 0px; border-top: 8px solid #F4F4F4; border-right: 8px solid transparent; transform: translateY(16px);\"><\/div>\n<div style=\"background-color: #f4f4f4; flex-grow: 0; height: 12px; width: 16px; transform: translateY(-4px);\"><\/div>\n<div style=\"width: 0; height: 0; border-top: 8px solid #F4F4F4; border-left: 8px solid transparent; transform: translateY(-4px) translateX(8px);\"><\/div>\n<\/div>\n<\/div>\n<div style=\"display: flex; flex-direction: column; flex-grow: 1; justify-content: center; margin-bottom: 24px;\">\n<div style=\"background-color: #f4f4f4; border-radius: 4px; flex-grow: 0; height: 14px; margin-bottom: 6px; width: 224px;\"><\/div>\n<div style=\"background-color: #f4f4f4; border-radius: 4px; flex-grow: 0; height: 14px; width: 144px;\"><\/div>\n<\/div>\n<p>&nbsp;<\/p>\n<p style=\"color: #c9c8cd; font-family: Arial,sans-serif; font-size: 14px; line-height: 17px; margin-bottom: 0; margin-top: 8px; overflow: hidden; padding: 8px 0 7px; text-align: center; text-overflow: ellipsis; white-space: nowrap;\"><a style=\"color: #c9c8cd; font-family: Arial,sans-serif; font-size: 14px; font-style: normal; font-weight: normal; line-height: 17px; text-decoration: none;\" href=\"https:\/\/www.instagram.com\/p\/DFDcLsBMGVT\/?utm_source=ig_embed&amp;utm_campaign=loading\" target=\"_blank\" rel=\"noopener\">P\u0159\u00edsp\u011bvek sd\u00edlen\u00fd Amy Hudson (@amy.cycling.adventures)<\/a><\/p>\n<\/div>\n<\/blockquote>\n<h2><script async src=\"\/\/www.instagram.com\/embed.js\"><\/script><strong>Riding for mental health<\/strong><\/h2>\n<p>For Amy, this isn\u2019t just about distance or personal achievement. There\u2019s a deeper reason behind the challenge.<\/p>\n<p>&#8220;I\u2019m doing it to raise money for a mental health charity called Shout,&#8221; she says. &#8220;They\u2019re a 24-hour text service for anyone who\u2019s struggling. I chose them because it\u2019s so much easier to send a text than pick up the phone when you\u2019re really struggling.&#8221;<\/p>\n<p><a href=\"https:\/\/www.welovecycling.com\/wide\/2021\/11\/03\/what-the-case-of-olivia-podmore-can-tell-us-about-mental-health-in-professional-cycling\/\" target=\"_blank\" rel=\"noopener\">Mental health advocacy<\/a> has been a constant in Amy\u2019s journey, not just because of her own experiences but because she knows how powerful sport can be in recovery.<\/p>\n<p>&#8220;There was a time when I didn\u2019t want to be here anymore,&#8221; she says. &#8220;The bike is a big reason I still am.&#8221;<\/p>\n<p>On her Instagram, she wrote:<\/p>\n<p>&#8220;To raise money for a mental health charity and raise understanding that having a mental health illness doesn\u2019t make you weak, it gives you a strong mind.&#8221;<\/p>\n<p>Donations to the charity can be made here on <a href=\"https:\/\/www.justgiving.com\/page\/a-c-a?utm_medium=FR&amp;utm_source=CL\">Amy\u2019s fundraiser page.<\/a><\/p>\n<h2><strong>A woman\u2019s place on the route<\/strong><\/h2>\n<p>Another motivation for Amy: showing that women can take on the same challenges.<\/p>\n<p>&#8220;I wanted to do the men&#8217;s route to sort of prove that a woman can do that distance as well,&#8221; she says. &#8220;And after I finish, I\u2019m hoping to go and see the Tour de France Femmes avec Zwift, if I\u2019ve still got the energy to cheer.&#8221;<\/p>\n<p>For Amy, representation matters. Cycling\u2019s biggest stage is often seen as the domain of elite male athletes. Amy\u2019s ride quietly pushes back against that idea, proving that resilience and determination aren\u2019t confined to any one group.<\/p>\n<h2><strong>A chance encounter with Lachlan Morton<\/strong><\/h2>\n<p>Amy\u2019s inspiration even came full circle at an event in the UK.<\/p>\n<p>&#8220;I saw Lachlan at Rouleur Live,&#8221; she says. &#8220;It was really brief, but I told him what I was planning. He looked at the route and zoomed in on a section. He was like, \u2018I had really bad headwinds all down here. That\u2019s going to be really hard.\u2019&#8221;<\/p>\n<p>She laughs. &#8220;I thought, oh great, thanks.&#8221;<\/p>\n<p>This summer, Amy will set off on the biggest challenge of her life: 6,300 kilometres, 30 days, two wheels, and one goal. To prove to herself and others what\u2019s possible.<\/p>\n<p>&#8220;I\u2019m completely scared, and I have big doubts about my ability to do it,&#8221; she says. &#8220;But I\u2019m going to give it my 100% effort. If I don\u2019t try, I\u2019ll never know.&#8221;<\/p>\n<h2><strong>About Amy Hudson<\/strong><\/h2>\n<p>Amy Hudson is a British endurance cyclist and mental health advocate who fell in love with cycling just four years ago. Since then, she\u2019s completed challenging ultra-distance events, including the North Coast 500, a 24-hour time trial, Paris-Brest-Paris (1,200 km), All Points North (1,000 km), and Land\u2019s End to John o\u2019Groats \u2014 a classic end-to-end ride covering nearly 1,400 km across the UK. From overcoming personal struggles to chasing the limits of endurance, Amy now shares her passion through her <a href=\"https:\/\/www.youtube.com\/@amy.cycling.adventures\">YouTube channel,<\/a> Instagram, and <a href=\"https:\/\/www.strava.com\/athletes\/30216361\">Strava,<\/a> inspiring others to set big goals \u2014 no matter where they started.<\/p>\n","protected":false},"excerpt":{"rendered":"<p>Amy Hudson isn\u2019t trying to win the Tour de France. She\u2019s not even trying to race it. Instead, she\u2019s doing [&hellip;]<\/p>\n","protected":false},"author":99,"featured_media":198731,"comment_status":"closed","ping_status":"open","sticky":false,"template":"","format":"standard","meta":{"footnotes":""},"categories":[8162,329],"tags":[8560,8082,8559,8515,5840,433],"global-categories":[3366],"class_list":["post-198760","post","type-post","status-publish","format-standard","has-post-thumbnail","hentry","category-explore-and-travel","category-road-cycling","tag-findyourtour","tag-2025-tour","tag-amy-hudson","tag-find-your-tour","tag-lachlan-morton","tag-tour-de-france","global-categories-cycling"],"yoast_head":"<!-- This site is optimized with the Yoast SEO Premium plugin v25.3 (Yoast SEO v25.9) - https:\/\/yoast.com\/wordpress\/plugins\/seo\/ -->\n<title>Amy Hudson\u2019s 6,300 km Tour de France Challenge<\/title>\n<meta name=\"description\" content=\"Amy Hudson isn\u2019t trying to win the Tour de France. She\u2019s not even trying to race it. Instead, she\u2019s doing something arguably tougher: riding every single\" \/>\n<meta name=\"robots\" content=\"index, follow, max-snippet:-1, max-image-preview:large, max-video-preview:-1\" \/>\n<link rel=\"canonical\" href=\"https:\/\/www.welovecycling.com\/wide\/2025\/06\/12\/amy-hudsons-6300-km-tour-de-france-challenge-sparked-by-lachlan-morton\/\" \/>\n<meta property=\"og:locale\" content=\"en_US\" \/>\n<meta property=\"og:type\" content=\"article\" \/>\n<meta property=\"og:title\" content=\"Find Your Tour: Amy Hudson\u2019s 6,300 km Tour de France Challenge, Sparked by Lachlan Morton\" \/>\n<meta property=\"og:description\" content=\"Amy Hudson isn\u2019t trying to win the Tour de France. She\u2019s not even trying to race it. Instead, she\u2019s doing something arguably tougher: riding every single\" \/>\n<meta property=\"og:url\" content=\"https:\/\/www.welovecycling.com\/wide\/2025\/06\/12\/amy-hudsons-6300-km-tour-de-france-challenge-sparked-by-lachlan-morton\/\" \/>\n<meta property=\"og:site_name\" content=\"\u0160koda We Love Cycling\" \/>\n<meta property=\"article:published_time\" content=\"2025-06-12T11:37:38+00:00\" \/>\n<meta property=\"og:image\" content=\"https:\/\/d2p6e6u75xmxt8.cloudfront.net\/2\/2025\/06\/Amy-Hudson-CVR-1.webp\" \/>\n\t<meta property=\"og:image:width\" content=\"990\" \/>\n\t<meta property=\"og:image:height\" content=\"660\" \/>\n\t<meta property=\"og:image:type\" content=\"image\/webp\" \/>\n<meta name=\"author\" content=\"tereza\" \/>\n<meta name=\"twitter:card\" content=\"summary_large_image\" \/>\n<meta name=\"twitter:label1\" content=\"Written by\" \/>\n\t<meta name=\"twitter:data1\" content=\"Jiri Kaloc\" \/>\n\t<meta name=\"twitter:label2\" content=\"Est. reading time\" \/>\n\t<meta name=\"twitter:data2\" content=\"3\" \/>\n<script type=\"application\/ld+json\" class=\"yoast-schema-graph\">{\"@context\":\"https:\/\/schema.org\",\"@graph\":[{\"@type\":\"WebPage\",\"@id\":\"https:\/\/www.welovecycling.com\/wide\/2025\/06\/12\/amy-hudsons-6300-km-tour-de-france-challenge-sparked-by-lachlan-morton\/\",\"url\":\"https:\/\/www.welovecycling.com\/wide\/2025\/06\/12\/amy-hudsons-6300-km-tour-de-france-challenge-sparked-by-lachlan-morton\/\",\"name\":\"Amy Hudson\u2019s 6,300 km Tour de France Challenge\",\"isPartOf\":{\"@id\":\"https:\/\/www.welovecycling.com\/wide\/#website\"},\"primaryImageOfPage\":{\"@id\":\"https:\/\/www.welovecycling.com\/wide\/2025\/06\/12\/amy-hudsons-6300-km-tour-de-france-challenge-sparked-by-lachlan-morton\/#primaryimage\"},\"image\":{\"@id\":\"https:\/\/www.welovecycling.com\/wide\/2025\/06\/12\/amy-hudsons-6300-km-tour-de-france-challenge-sparked-by-lachlan-morton\/#primaryimage\"},\"thumbnailUrl\":\"https:\/\/d2p6e6u75xmxt8.cloudfront.net\/2\/2025\/06\/Amy-Hudson-CVR-1.webp\",\"datePublished\":\"2025-06-12T11:37:38+00:00\",\"author\":{\"@id\":\"https:\/\/www.welovecycling.com\/wide\/#\/schema\/person\/50f01ecd18718d2333cf72e823c4f926\"},\"description\":\"Amy Hudson isn\u2019t trying to win the Tour de France. She\u2019s not even trying to race it. Instead, she\u2019s doing something arguably tougher: riding every single\",\"breadcrumb\":{\"@id\":\"https:\/\/www.welovecycling.com\/wide\/2025\/06\/12\/amy-hudsons-6300-km-tour-de-france-challenge-sparked-by-lachlan-morton\/#breadcrumb\"},\"inLanguage\":\"en-US\",\"potentialAction\":[{\"@type\":\"ReadAction\",\"target\":[\"https:\/\/www.welovecycling.com\/wide\/2025\/06\/12\/amy-hudsons-6300-km-tour-de-france-challenge-sparked-by-lachlan-morton\/\"]}]},{\"@type\":\"ImageObject\",\"inLanguage\":\"en-US\",\"@id\":\"https:\/\/www.welovecycling.com\/wide\/2025\/06\/12\/amy-hudsons-6300-km-tour-de-france-challenge-sparked-by-lachlan-morton\/#primaryimage\",\"url\":\"https:\/\/d2p6e6u75xmxt8.cloudfront.net\/2\/2025\/06\/Amy-Hudson-CVR-1.webp\",\"contentUrl\":\"https:\/\/d2p6e6u75xmxt8.cloudfront.net\/2\/2025\/06\/Amy-Hudson-CVR-1.webp\",\"width\":990,\"height\":660,\"caption\":\"Amy Hudson\"},{\"@type\":\"BreadcrumbList\",\"@id\":\"https:\/\/www.welovecycling.com\/wide\/2025\/06\/12\/amy-hudsons-6300-km-tour-de-france-challenge-sparked-by-lachlan-morton\/#breadcrumb\",\"itemListElement\":[{\"@type\":\"ListItem\",\"position\":1,\"name\":\"Home\",\"item\":\"https:\/\/www.welovecycling.com\/wide\/\"},{\"@type\":\"ListItem\",\"position\":2,\"name\":\"Find Your Tour: Amy Hudson\u2019s 6,300 km Tour de France Challenge, Sparked by Lachlan Morton\"}]},{\"@type\":\"WebSite\",\"@id\":\"https:\/\/www.welovecycling.com\/wide\/#website\",\"url\":\"https:\/\/www.welovecycling.com\/wide\/\",\"name\":\"\u0160koda We Love Cycling\",\"description\":\"\u0160koda We Love Cycling magazine\",\"alternateName\":\"\u0160koda WLC\",\"potentialAction\":[{\"@type\":\"SearchAction\",\"target\":{\"@type\":\"EntryPoint\",\"urlTemplate\":\"https:\/\/www.welovecycling.com\/wide\/?s={search_term_string}\"},\"query-input\":{\"@type\":\"PropertyValueSpecification\",\"valueRequired\":true,\"valueName\":\"search_term_string\"}}],\"inLanguage\":\"en-US\"},{\"@type\":\"Person\",\"@id\":\"https:\/\/www.welovecycling.com\/wide\/#\/schema\/person\/50f01ecd18718d2333cf72e823c4f926\",\"name\":\"tereza\",\"image\":{\"@type\":\"ImageObject\",\"inLanguage\":\"en-US\",\"@id\":\"https:\/\/www.welovecycling.com\/wide\/#\/schema\/person\/image\/\",\"url\":\"https:\/\/secure.gravatar.com\/avatar\/1f9eb71be33845f0afabce3791bc1c58ecdb0a25c62964987e5dbcf7a20d2ec7?s=96&d=mm&r=g\",\"contentUrl\":\"https:\/\/secure.gravatar.com\/avatar\/1f9eb71be33845f0afabce3791bc1c58ecdb0a25c62964987e5dbcf7a20d2ec7?s=96&d=mm&r=g\",\"caption\":\"tereza\"},\"url\":\"https:\/\/www.welovecycling.com\/wide\/author\/tereza\/\"}]}<\/script>\n<!-- \/ Yoast SEO Premium plugin. -->","yoast_head_json":{"title":"Amy Hudson\u2019s 6,300 km Tour de France Challenge","description":"Amy Hudson isn\u2019t trying to win the Tour de France. She\u2019s not even trying to race it. Instead, she\u2019s doing something arguably tougher: riding every single","robots":{"index":"index","follow":"follow","max-snippet":"max-snippet:-1","max-image-preview":"max-image-preview:large","max-video-preview":"max-video-preview:-1"},"canonical":"https:\/\/www.welovecycling.com\/wide\/2025\/06\/12\/amy-hudsons-6300-km-tour-de-france-challenge-sparked-by-lachlan-morton\/","og_locale":"en_US","og_type":"article","og_title":"Find Your Tour: Amy Hudson\u2019s 6,300 km Tour de France Challenge, Sparked by Lachlan Morton","og_description":"Amy Hudson isn\u2019t trying to win the Tour de France. She\u2019s not even trying to race it. Instead, she\u2019s doing something arguably tougher: riding every single","og_url":"https:\/\/www.welovecycling.com\/wide\/2025\/06\/12\/amy-hudsons-6300-km-tour-de-france-challenge-sparked-by-lachlan-morton\/","og_site_name":"\u0160koda We Love Cycling","article_published_time":"2025-06-12T11:37:38+00:00","og_image":[{"width":990,"height":660,"url":"https:\/\/d2p6e6u75xmxt8.cloudfront.net\/2\/2025\/06\/Amy-Hudson-CVR-1.webp","type":"image\/webp"}],"author":"tereza","twitter_card":"summary_large_image","twitter_misc":{"Written by":"Jiri Kaloc","Est. reading time":"3"},"schema":{"@context":"https:\/\/schema.org","@graph":[{"@type":"WebPage","@id":"https:\/\/www.welovecycling.com\/wide\/2025\/06\/12\/amy-hudsons-6300-km-tour-de-france-challenge-sparked-by-lachlan-morton\/","url":"https:\/\/www.welovecycling.com\/wide\/2025\/06\/12\/amy-hudsons-6300-km-tour-de-france-challenge-sparked-by-lachlan-morton\/","name":"Amy Hudson\u2019s 6,300 km Tour de France Challenge","isPartOf":{"@id":"https:\/\/www.welovecycling.com\/wide\/#website"},"primaryImageOfPage":{"@id":"https:\/\/www.welovecycling.com\/wide\/2025\/06\/12\/amy-hudsons-6300-km-tour-de-france-challenge-sparked-by-lachlan-morton\/#primaryimage"},"image":{"@id":"https:\/\/www.welovecycling.com\/wide\/2025\/06\/12\/amy-hudsons-6300-km-tour-de-france-challenge-sparked-by-lachlan-morton\/#primaryimage"},"thumbnailUrl":"https:\/\/d2p6e6u75xmxt8.cloudfront.net\/2\/2025\/06\/Amy-Hudson-CVR-1.webp","datePublished":"2025-06-12T11:37:38+00:00","author":{"@id":"https:\/\/www.welovecycling.com\/wide\/#\/schema\/person\/50f01ecd18718d2333cf72e823c4f926"},"description":"Amy Hudson isn\u2019t trying to win the Tour de France. She\u2019s not even trying to race it. Instead, she\u2019s doing something arguably tougher: riding every single","breadcrumb":{"@id":"https:\/\/www.welovecycling.com\/wide\/2025\/06\/12\/amy-hudsons-6300-km-tour-de-france-challenge-sparked-by-lachlan-morton\/#breadcrumb"},"inLanguage":"en-US","potentialAction":[{"@type":"ReadAction","target":["https:\/\/www.welovecycling.com\/wide\/2025\/06\/12\/amy-hudsons-6300-km-tour-de-france-challenge-sparked-by-lachlan-morton\/"]}]},{"@type":"ImageObject","inLanguage":"en-US","@id":"https:\/\/www.welovecycling.com\/wide\/2025\/06\/12\/amy-hudsons-6300-km-tour-de-france-challenge-sparked-by-lachlan-morton\/#primaryimage","url":"https:\/\/d2p6e6u75xmxt8.cloudfront.net\/2\/2025\/06\/Amy-Hudson-CVR-1.webp","contentUrl":"https:\/\/d2p6e6u75xmxt8.cloudfront.net\/2\/2025\/06\/Amy-Hudson-CVR-1.webp","width":990,"height":660,"caption":"Amy Hudson"},{"@type":"BreadcrumbList","@id":"https:\/\/www.welovecycling.com\/wide\/2025\/06\/12\/amy-hudsons-6300-km-tour-de-france-challenge-sparked-by-lachlan-morton\/#breadcrumb","itemListElement":[{"@type":"ListItem","position":1,"name":"Home","item":"https:\/\/www.welovecycling.com\/wide\/"},{"@type":"ListItem","position":2,"name":"Find Your Tour: Amy Hudson\u2019s 6,300 km Tour de France Challenge, Sparked by Lachlan Morton"}]},{"@type":"WebSite","@id":"https:\/\/www.welovecycling.com\/wide\/#website","url":"https:\/\/www.welovecycling.com\/wide\/","name":"\u0160koda We Love Cycling","description":"\u0160koda We Love Cycling magazine","alternateName":"\u0160koda WLC","potentialAction":[{"@type":"SearchAction","target":{"@type":"EntryPoint","urlTemplate":"https:\/\/www.welovecycling.com\/wide\/?s={search_term_string}"},"query-input":{"@type":"PropertyValueSpecification","valueRequired":true,"valueName":"search_term_string"}}],"inLanguage":"en-US"},{"@type":"Person","@id":"https:\/\/www.welovecycling.com\/wide\/#\/schema\/person\/50f01ecd18718d2333cf72e823c4f926","name":"tereza","image":{"@type":"ImageObject","inLanguage":"en-US","@id":"https:\/\/www.welovecycling.com\/wide\/#\/schema\/person\/image\/","url":"https:\/\/secure.gravatar.com\/avatar\/1f9eb71be33845f0afabce3791bc1c58ecdb0a25c62964987e5dbcf7a20d2ec7?s=96&d=mm&r=g","contentUrl":"https:\/\/secure.gravatar.com\/avatar\/1f9eb71be33845f0afabce3791bc1c58ecdb0a25c62964987e5dbcf7a20d2ec7?s=96&d=mm&r=g","caption":"tereza"},"url":"https:\/\/www.welovecycling.com\/wide\/author\/tereza\/"}]}},"_links":{"self":[{"href":"https:\/\/www.welovecycling.com\/wide\/wp-json\/wp\/v2\/posts\/198760","targetHints":{"allow":["GET"]}}],"collection":[{"href":"https:\/\/www.welovecycling.com\/wide\/wp-json\/wp\/v2\/posts"}],"about":[{"href":"https:\/\/www.welovecycling.com\/wide\/wp-json\/wp\/v2\/types\/post"}],"author":[{"embeddable":true,"href":"https:\/\/www.welovecycling.com\/wide\/wp-json\/wp\/v2\/users\/99"}],"replies":[{"embeddable":true,"href":"https:\/\/www.welovecycling.com\/wide\/wp-json\/wp\/v2\/comments?post=198760"}],"version-history":[{"count":1,"href":"https:\/\/www.welovecycling.com\/wide\/wp-json\/wp\/v2\/posts\/198760\/revisions"}],"predecessor-version":[{"id":198763,"href":"https:\/\/www.welovecycling.com\/wide\/wp-json\/wp\/v2\/posts\/198760\/revisions\/198763"}],"wp:featuredmedia":[{"embeddable":true,"href":"https:\/\/www.welovecycling.com\/wide\/wp-json\/wp\/v2\/media\/198731"}],"wp:attachment":[{"href":"https:\/\/www.welovecycling.com\/wide\/wp-json\/wp\/v2\/media?parent=198760"}],"wp:term":[{"taxonomy":"category","embeddable":true,"href":"https:\/\/www.welovecycling.com\/wide\/wp-json\/wp\/v2\/categories?post=198760"},{"taxonomy":"post_tag","embeddable":true,"href":"https:\/\/www.welovecycling.com\/wide\/wp-json\/wp\/v2\/tags?post=198760"},{"taxonomy":"global-categories","embeddable":true,"href":"https:\/\/www.welovecycling.com\/wide\/wp-json\/wp\/v2\/global-categories?post=198760"}],"curies":[{"name":"wp","href":"https:\/\/api.w.org\/{rel}","templated":true}]}}