{"id":198752,"date":"2025-06-12T09:04:20","date_gmt":"2025-06-12T09:04:20","guid":{"rendered":"https:\/\/www.welovecycling.com\/wide\/?p=198752"},"modified":"2025-06-12T09:04:20","modified_gmt":"2025-06-12T09:04:20","slug":"evenepoel-wins-dauphine-itt-as-vingegaard-impresses-and-pogacar-disappoints","status":"publish","type":"post","link":"https:\/\/www.welovecycling.com\/wide\/2025\/06\/12\/evenepoel-wins-dauphine-itt-as-vingegaard-impresses-and-pogacar-disappoints\/","title":{"rendered":"Evenepoel Wins Dauphin\u00e9 ITT as Vingegaard Impresses and Poga\u010dar Disappoints"},"content":{"rendered":"<p data-start=\"199\" data-end=\"616\"><strong>With the three main favorites for the Tour de France riding in it, the Crit\u00e9rium du Dauphin\u00e9 was always going to be regarded as a preview of the upcoming Grand Tour and examined for potential clues to the relative strengths of the three superstars. So Wednesday\u2019s stage 4, an individual time trial, drew a lot of attention as it is a discipline in which Tadej Poga\u010dar, Jonas Vingegaard, and Remco Evenepoel all excel.<\/strong><\/p>\n<p data-start=\"199\" data-end=\"616\"><!--more--><\/p>\n<p data-start=\"618\" data-end=\"1167\">And the stage lived up to expectations \u2013 and provided a few surprises as well. But it was no surprise that Evenepoel (Soudal Quick-Step), the reigning world and Olympic ITT champion, won the stage, which was run over a 17.4 km course from Charmes-sur-Rh\u00f4ne to Saint-P\u00e9ray. If there were any doubts about his fitness, the Belgian rider laid them to rest with a dominant performance. He now leads the race by 4 seconds over the surprising young German Florian Lipowitz (Red Bull\u2013BORA\u2013hansgrohe), with Movistar\u2019s Iv\u00e1n Romeo sitting third, at 9 seconds.<\/p>\n<p data-start=\"1169\" data-end=\"1546\">Vingegaard (Visma\u2013Lease a Bike) was almost as impressive, as he finished second, 21 seconds behind the winner. The first surprise was the name of the third-place finisher, Vingegaard\u2019s teammate Matteo Jorgenson, who finished 38 seconds adrift and continues to show that he is becoming a superb cyclist and will be invaluable to Vingegaard\u2019s quest to win a third Tour de France.<\/p>\n<p data-start=\"1548\" data-end=\"1904\">The biggest surprise was the performance of Poga\u010dar (UAE Team Emirates\u2013XRG), who finished fourth, 49 seconds behind Evenepoel and only 8 seconds ahead of Lipowitz. He now ranks eighth in the GC, 38 seconds behind the leader. Assuming that everyone will still improve before the start of the Tour, on July 5, this could be a worrying sign for the Slovenian.<\/p>\n<p data-start=\"1906\" data-end=\"2251\">There are two ITTs in the Tour: the stage 5 time trial will be run over a pretty flat 33 km course, while most of the stage 13 10.9 km ITT consists of a climb to the finish at Peyragudes (8 km @ 7.9%), in the French Pyrenees. If the GC decision is not made in the mountain stages, the ITTs could play an important role in the final GC standings.<\/p>\n<p data-start=\"2253\" data-end=\"2577\">A word should also be said about the performance of the \u201cFourth Superstar,\u201d Mathieu van der Poel (Alpecin-Deceuninck), who excels at every aspect of cycling except for climbing and, until Wednesday, time trialing. But he rode a superb race, finishing sixth, 1:02 behind the winner and is now fourth in the GC, at 14 seconds.<\/p>\n<p data-start=\"2579\" data-end=\"3246\">Evenepoel said after the race he hadn\u2019t expected to have such big gaps over his rivals. &#8220;I think it means that I did a really good time trial,\u201d he said on TNT Sports. \u201cOn the flat, on the uphill and the small descent part I think I did everything [my team and I] spoke about and discussed. Like I said already yesterday, I really wanted to focus just on the stage win, and after that we were going to see on the GC. This morning we really did not expect to take [the] yellow [jersey], especially with the gap on [Romeo] and Lipowitz. But it just means that I did a good time trial and that we can only be happy and proud with the performance and the result of today.&#8221;<\/p>\n<blockquote class=\"instagram-media\" style=\"background: #FFF; border: 0; border-radius: 3px; box-shadow: 0 0 1px 0 rgba(0,0,0,0.5),0 1px 10px 0 rgba(0,0,0,0.15); margin: 1px; max-width: 540px; min-width: 326px; padding: 0; width: calc(100% - 2px);\" data-instgrm-captioned=\"\" data-instgrm-permalink=\"https:\/\/www.instagram.com\/p\/DKym19Joqgd\/?utm_source=ig_embed&amp;utm_campaign=loading\" data-instgrm-version=\"14\">\n<div style=\"padding: 16px;\">\n<p>&nbsp;<\/p>\n<div style=\"display: flex; flex-direction: row; align-items: center;\">\n<div style=\"background-color: #f4f4f4; border-radius: 50%; flex-grow: 0; height: 40px; margin-right: 14px; width: 40px;\"><\/div>\n<div style=\"display: flex; flex-direction: column; flex-grow: 1; justify-content: center;\">\n<div style=\"background-color: #f4f4f4; border-radius: 4px; flex-grow: 0; height: 14px; margin-bottom: 6px; width: 100px;\"><\/div>\n<div style=\"background-color: #f4f4f4; border-radius: 4px; flex-grow: 0; height: 14px; width: 60px;\"><\/div>\n<\/div>\n<\/div>\n<div style=\"padding: 19% 0;\"><\/div>\n<div style=\"display: block; height: 50px; margin: 0 auto 12px; width: 50px;\"><\/div>\n<div style=\"padding-top: 8px;\">\n<div style=\"color: #3897f0; font-family: Arial,sans-serif; font-size: 14px; font-style: normal; font-weight: 550; line-height: 18px;\">View this post on Instagram<\/div>\n<\/div>\n<div style=\"padding: 12.5% 0;\"><\/div>\n<div style=\"display: flex; flex-direction: row; margin-bottom: 14px; align-items: center;\">\n<div>\n<div style=\"background-color: #f4f4f4; border-radius: 50%; height: 12.5px; width: 12.5px; transform: translateX(0px) translateY(7px);\"><\/div>\n<div style=\"background-color: #f4f4f4; height: 12.5px; transform: rotate(-45deg) translateX(3px) translateY(1px); width: 12.5px; flex-grow: 0; margin-right: 14px; margin-left: 2px;\"><\/div>\n<div style=\"background-color: #f4f4f4; border-radius: 50%; height: 12.5px; width: 12.5px; transform: translateX(9px) translateY(-18px);\"><\/div>\n<\/div>\n<div style=\"margin-left: 8px;\">\n<div style=\"background-color: #f4f4f4; border-radius: 50%; flex-grow: 0; height: 20px; width: 20px;\"><\/div>\n<div style=\"width: 0; height: 0; border-top: 2px solid transparent; border-left: 6px solid #f4f4f4; border-bottom: 2px solid transparent; transform: translateX(16px) translateY(-4px) rotate(30deg);\"><\/div>\n<\/div>\n<div style=\"margin-left: auto;\">\n<div style=\"width: 0px; border-top: 8px solid #F4F4F4; border-right: 8px solid transparent; transform: translateY(16px);\"><\/div>\n<div style=\"background-color: #f4f4f4; flex-grow: 0; height: 12px; width: 16px; transform: translateY(-4px);\"><\/div>\n<div style=\"width: 0; height: 0; border-top: 8px solid #F4F4F4; border-left: 8px solid transparent; transform: translateY(-4px) translateX(8px);\"><\/div>\n<\/div>\n<\/div>\n<div style=\"display: flex; flex-direction: column; flex-grow: 1; justify-content: center; margin-bottom: 24px;\">\n<div style=\"background-color: #f4f4f4; border-radius: 4px; flex-grow: 0; height: 14px; margin-bottom: 6px; width: 224px;\"><\/div>\n<div style=\"background-color: #f4f4f4; border-radius: 4px; flex-grow: 0; height: 14px; width: 144px;\"><\/div>\n<\/div>\n<p>&nbsp;<\/p>\n<p style=\"color: #c9c8cd; font-family: Arial,sans-serif; font-size: 14px; line-height: 17px; margin-bottom: 0; margin-top: 8px; overflow: hidden; padding: 8px 0 7px; text-align: center; text-overflow: ellipsis; white-space: nowrap;\"><a style=\"color: #c9c8cd; font-family: Arial,sans-serif; font-size: 14px; font-style: normal; font-weight: normal; line-height: 17px; text-decoration: none;\" href=\"https:\/\/www.instagram.com\/p\/DKym19Joqgd\/?utm_source=ig_embed&amp;utm_campaign=loading\" target=\"_blank\" rel=\"noopener\">A post shared by Crite\u0301rium Du Dauphine (@criteriumdudauphine)<\/a><\/p>\n<\/div>\n<\/blockquote>\n<p><script async src=\"\/\/www.instagram.com\/embed.js\"><\/script><\/p>\n<p data-start=\"3248\" data-end=\"3591\">He also said that his performance so far in the race was a good sign for the Tour. \u201cIt\u2019s already good the performance I\u2019ve been showing in the past few days. I\u2019m feeling good, I\u2019m feeling happy as well. It\u2019s always better to be in good shape now so that I have less stress in the last month [before the Tour], as I had last year, for example.\u201d<\/p>\n<p data-start=\"3593\" data-end=\"4133\">His win was also his team\u2019s 1,000th victory, a very impressive performance achieved in not quite 23 years \u2013 which averages to more than 40 wins per year. \u201cTo reach 23 years and 1,000 victories at the highest level is an achievement that we are hugely proud of,\u201d Soudal Quick-Step CEO Jurgen For\u00e9 <a href=\"https:\/\/www.soudal-quickstepteam.com\/en\/news\/7062\/soudal-quick-step-celebrates-1000-victories\">said on the team\u2019s website.<\/a> \u201cIt is a milestone that is only made possible by years of dedication, teamwork, and unlimited passion. Each win tells a story in its own right, but the ethos of the team is that it\u2019s never been about one individual.\u201d<\/p>\n<p data-start=\"4135\" data-end=\"4391\">Vingegaard said he was &#8220;pretty happy with the result. Remco is the best time trialist in the world, so losing only 20 seconds to him in this time trial is pretty good, in my opinion. And I gained time on Tadej, so I can be satisfied at the end of the day.&#8221;<\/p>\n<p data-start=\"4393\" data-end=\"4840\">As for Poga\u010dar, he admitted that he had an off-day. &#8220;I didn&#8217;t do the perfect TT today. I think I probably got the pacing slightly wrong,&#8221; he said, according to quotes made available by his team after the three-time Tour champion reportedly did not speak to journalists. &#8220;I started out on the first section a bit too conservative and should have pushed a bit more there. But it&#8217;s OK; that&#8217;s why we are here, to tune up before the Tour and improve.&#8221;<\/p>\n<p data-start=\"4842\" data-end=\"5351\">After the race, Poga\u010dar did something unexpected: he briefly examined the bike Vingegaard used in the time trial, especially checking its weight. (See the video HERE.) It was probably just professional curiosity, but it could also be interpreted as a sign of admiration for his rival\u2019s ITT performance. Or, since Poga\u010dar is a master showman, he might simply have been playing up the rivalry for the journalists. In any case, it did nothing to reduce interest in the rest of the Dauphin\u00e9, which ends on Sunday.<\/p>\n<hr data-start=\"5353\" data-end=\"5356\" \/>\n<p data-start=\"5358\" data-end=\"5415\"><strong data-start=\"5358\" data-end=\"5415\">Results of Stage 4 of the 2025 Crit\u00e9rium du Dauphin\u00e9:<\/strong><\/p>\n<ol>\n<li data-start=\"5420\" data-end=\"5464\">Remco Evenepoel, Soudal Quick-Step \u2014 20:50<\/li>\n<li data-start=\"5468\" data-end=\"5514\">Jonas Vingegaard, Visma\u2013Lease a Bike \u2014 +0:21<\/li>\n<li data-start=\"5518\" data-end=\"5564\">Matteo Jorgenson, Visma\u2013Lease a Bike \u2014 +0:38<\/li>\n<li data-start=\"5568\" data-end=\"5614\">Tadej Poga\u010dar, UAE Team Emirates\u2013XRG \u2014 +0:49<\/li>\n<li data-start=\"5618\" data-end=\"5669\">Florian Lipowitz, Red Bull\u2013BORA\u2013hansgrohe \u2014 +0:57<\/li>\n<li data-start=\"5673\" data-end=\"5723\">Mathieu van der Poel, Alpecin-Deceuninck \u2014 +1:02<\/li>\n<li data-start=\"5727\" data-end=\"5767\">Stian Fredheim, Uno-X Mobility \u2014 +1:07<\/li>\n<li data-start=\"5771\" data-end=\"5806\">Eddie Dunbar, Jayco-AlUla \u2014 +1:10<\/li>\n<li data-start=\"5810\" data-end=\"5849\">Tobias Foss, INEOS Grenadiers \u2014 +1:12<\/li>\n<li data-start=\"5854\" data-end=\"5903\">Paul Seixas, Decathlon AG2R La Mondiale \u2014 +1:14<\/li>\n<\/ol>\n<hr data-start=\"5905\" data-end=\"5908\" \/>\n<p><strong data-start=\"5910\" data-end=\"5951\">General Classification after Stage 4:<\/strong><\/p>\n<ol>\n<li data-start=\"5956\" data-end=\"6003\">Remco Evenepoel, Soudal Quick-Step \u2014 14:31:08<\/li>\n<li data-start=\"6007\" data-end=\"6058\">Florian Lipowitz, Red Bull\u2013BORA\u2013hansgrohe \u2014 +0:04<\/li>\n<li data-start=\"6062\" data-end=\"6092\">Iv\u00e1n Romeo, Movistar \u2014 +0:09<\/li>\n<li data-start=\"6096\" data-end=\"6146\">Mathieu van der Poel, Alpecin-Deceuninck \u2014 +0:14<\/li>\n<li data-start=\"6150\" data-end=\"6196\">Jonas Vingegaard, Visma\u2013Lease a Bike \u2014 +0:16<\/li>\n<li data-start=\"6200\" data-end=\"6235\">Eddie Dunbar, Jayco-AlUla \u2014 +0:30<\/li>\n<li data-start=\"6239\" data-end=\"6274\">Harold Tejada, XDS Astana \u2014 +0:37<\/li>\n<li data-start=\"6278\" data-end=\"6324\">Tadej Poga\u010dar, UAE Team Emirates\u2013XRG \u2014 +0:38<\/li>\n<li data-start=\"6328\" data-end=\"6374\">Matteo Jorgenson, Visma\u2013Lease a Bike \u2014 +0:39<\/li>\n<li data-start=\"6379\" data-end=\"6419\">Louis Barr\u00e9, Intermarch\u00e9-Wanty \u2014 +1:03<\/li>\n<\/ol>\n","protected":false},"excerpt":{"rendered":"<p>With the three main favorites for the Tour de France riding in it, the Crit\u00e9rium du Dauphin\u00e9 was always going [&hellip;]<\/p>\n","protected":false},"author":99,"featured_media":198753,"comment_status":"closed","ping_status":"open","sticky":false,"template":"","format":"standard","meta":{"footnotes":""},"categories":[329],"tags":[8558,438,5450,3544,3415],"global-categories":[3366],"class_list":["post-198752","post","type-post","status-publish","format-standard","has-post-thumbnail","hentry","category-road-cycling","tag-2025-criterium-du-dauphine","tag-criterium-du-dauphine","tag-jonas-vingegaard","tag-remco-evenepoel","tag-tadej-pogacar","global-categories-cycling"],"yoast_head":"<!-- This site is optimized with the Yoast SEO Premium plugin v25.3 (Yoast SEO v25.9) - https:\/\/yoast.com\/wordpress\/plugins\/seo\/ -->\n<title>Evenepoel Wins Dauphin\u00e9 ITT as Vingegaard Impresses and Poga\u010dar Disappoints - \u0160koda We Love Cycling<\/title>\n<meta name=\"description\" content=\"With the three main favorites for the Tour de France riding in it, the Crit\u00e9rium du Dauphin\u00e9 was always going to be regarded as a preview of the upcoming\" \/>\n<meta name=\"robots\" content=\"index, follow, max-snippet:-1, max-image-preview:large, max-video-preview:-1\" \/>\n<link rel=\"canonical\" href=\"https:\/\/www.welovecycling.com\/wide\/2025\/06\/12\/evenepoel-wins-dauphine-itt-as-vingegaard-impresses-and-pogacar-disappoints\/\" \/>\n<meta property=\"og:locale\" content=\"en_US\" \/>\n<meta property=\"og:type\" content=\"article\" \/>\n<meta property=\"og:title\" content=\"Evenepoel Wins Dauphin\u00e9 ITT as Vingegaard Impresses and Poga\u010dar Disappoints\" \/>\n<meta property=\"og:description\" content=\"With the three main favorites for the Tour de France riding in it, the Crit\u00e9rium du Dauphin\u00e9 was always going to be regarded as a preview of the upcoming\" \/>\n<meta property=\"og:url\" content=\"https:\/\/www.welovecycling.com\/wide\/2025\/06\/12\/evenepoel-wins-dauphine-itt-as-vingegaard-impresses-and-pogacar-disappoints\/\" \/>\n<meta property=\"og:site_name\" content=\"\u0160koda We Love Cycling\" \/>\n<meta property=\"article:published_time\" content=\"2025-06-12T09:04:20+00:00\" \/>\n<meta property=\"og:image\" content=\"https:\/\/d2p6e6u75xmxt8.cloudfront.net\/2\/2025\/06\/Remco-Evenepoel-Criterium-Dauphine-profimedia-1009744424-CVR.webp\" \/>\n\t<meta property=\"og:image:width\" content=\"990\" \/>\n\t<meta property=\"og:image:height\" content=\"660\" \/>\n\t<meta property=\"og:image:type\" content=\"image\/webp\" \/>\n<meta name=\"author\" content=\"tereza\" \/>\n<meta name=\"twitter:card\" content=\"summary_large_image\" \/>\n<meta name=\"twitter:label1\" content=\"Written by\" \/>\n\t<meta name=\"twitter:data1\" content=\"Siegfried Mortkowitz\" \/>\n\t<meta name=\"twitter:label2\" content=\"Est. reading time\" \/>\n\t<meta name=\"twitter:data2\" content=\"3\" \/>\n<script type=\"application\/ld+json\" class=\"yoast-schema-graph\">{\"@context\":\"https:\/\/schema.org\",\"@graph\":[{\"@type\":\"WebPage\",\"@id\":\"https:\/\/www.welovecycling.com\/wide\/2025\/06\/12\/evenepoel-wins-dauphine-itt-as-vingegaard-impresses-and-pogacar-disappoints\/\",\"url\":\"https:\/\/www.welovecycling.com\/wide\/2025\/06\/12\/evenepoel-wins-dauphine-itt-as-vingegaard-impresses-and-pogacar-disappoints\/\",\"name\":\"Evenepoel Wins Dauphin\u00e9 ITT as Vingegaard Impresses and Poga\u010dar Disappoints - \u0160koda We Love Cycling\",\"isPartOf\":{\"@id\":\"https:\/\/www.welovecycling.com\/wide\/#website\"},\"primaryImageOfPage\":{\"@id\":\"https:\/\/www.welovecycling.com\/wide\/2025\/06\/12\/evenepoel-wins-dauphine-itt-as-vingegaard-impresses-and-pogacar-disappoints\/#primaryimage\"},\"image\":{\"@id\":\"https:\/\/www.welovecycling.com\/wide\/2025\/06\/12\/evenepoel-wins-dauphine-itt-as-vingegaard-impresses-and-pogacar-disappoints\/#primaryimage\"},\"thumbnailUrl\":\"https:\/\/d2p6e6u75xmxt8.cloudfront.net\/2\/2025\/06\/Remco-Evenepoel-Criterium-Dauphine-profimedia-1009744424-CVR.webp\",\"datePublished\":\"2025-06-12T09:04:20+00:00\",\"author\":{\"@id\":\"https:\/\/www.welovecycling.com\/wide\/#\/schema\/person\/50f01ecd18718d2333cf72e823c4f926\"},\"description\":\"With the three main favorites for the Tour de France riding in it, the Crit\u00e9rium du Dauphin\u00e9 was always going to be regarded as a preview of the upcoming\",\"breadcrumb\":{\"@id\":\"https:\/\/www.welovecycling.com\/wide\/2025\/06\/12\/evenepoel-wins-dauphine-itt-as-vingegaard-impresses-and-pogacar-disappoints\/#breadcrumb\"},\"inLanguage\":\"en-US\",\"potentialAction\":[{\"@type\":\"ReadAction\",\"target\":[\"https:\/\/www.welovecycling.com\/wide\/2025\/06\/12\/evenepoel-wins-dauphine-itt-as-vingegaard-impresses-and-pogacar-disappoints\/\"]}]},{\"@type\":\"ImageObject\",\"inLanguage\":\"en-US\",\"@id\":\"https:\/\/www.welovecycling.com\/wide\/2025\/06\/12\/evenepoel-wins-dauphine-itt-as-vingegaard-impresses-and-pogacar-disappoints\/#primaryimage\",\"url\":\"https:\/\/d2p6e6u75xmxt8.cloudfront.net\/2\/2025\/06\/Remco-Evenepoel-Criterium-Dauphine-profimedia-1009744424-CVR.webp\",\"contentUrl\":\"https:\/\/d2p6e6u75xmxt8.cloudfront.net\/2\/2025\/06\/Remco-Evenepoel-Criterium-Dauphine-profimedia-1009744424-CVR.webp\",\"width\":990,\"height\":660,\"caption\":\"Remco Evenepoel\"},{\"@type\":\"BreadcrumbList\",\"@id\":\"https:\/\/www.welovecycling.com\/wide\/2025\/06\/12\/evenepoel-wins-dauphine-itt-as-vingegaard-impresses-and-pogacar-disappoints\/#breadcrumb\",\"itemListElement\":[{\"@type\":\"ListItem\",\"position\":1,\"name\":\"Home\",\"item\":\"https:\/\/www.welovecycling.com\/wide\/\"},{\"@type\":\"ListItem\",\"position\":2,\"name\":\"Evenepoel Wins Dauphin\u00e9 ITT as Vingegaard Impresses and Poga\u010dar Disappoints\"}]},{\"@type\":\"WebSite\",\"@id\":\"https:\/\/www.welovecycling.com\/wide\/#website\",\"url\":\"https:\/\/www.welovecycling.com\/wide\/\",\"name\":\"\u0160koda We Love Cycling\",\"description\":\"\u0160koda We Love Cycling magazine\",\"alternateName\":\"\u0160koda WLC\",\"potentialAction\":[{\"@type\":\"SearchAction\",\"target\":{\"@type\":\"EntryPoint\",\"urlTemplate\":\"https:\/\/www.welovecycling.com\/wide\/?s={search_term_string}\"},\"query-input\":{\"@type\":\"PropertyValueSpecification\",\"valueRequired\":true,\"valueName\":\"search_term_string\"}}],\"inLanguage\":\"en-US\"},{\"@type\":\"Person\",\"@id\":\"https:\/\/www.welovecycling.com\/wide\/#\/schema\/person\/50f01ecd18718d2333cf72e823c4f926\",\"name\":\"tereza\",\"image\":{\"@type\":\"ImageObject\",\"inLanguage\":\"en-US\",\"@id\":\"https:\/\/www.welovecycling.com\/wide\/#\/schema\/person\/image\/\",\"url\":\"https:\/\/secure.gravatar.com\/avatar\/1f9eb71be33845f0afabce3791bc1c58ecdb0a25c62964987e5dbcf7a20d2ec7?s=96&d=mm&r=g\",\"contentUrl\":\"https:\/\/secure.gravatar.com\/avatar\/1f9eb71be33845f0afabce3791bc1c58ecdb0a25c62964987e5dbcf7a20d2ec7?s=96&d=mm&r=g\",\"caption\":\"tereza\"},\"url\":\"https:\/\/www.welovecycling.com\/wide\/author\/tereza\/\"}]}<\/script>\n<!-- \/ Yoast SEO Premium plugin. -->","yoast_head_json":{"title":"Evenepoel Wins Dauphin\u00e9 ITT as Vingegaard Impresses and Poga\u010dar Disappoints - \u0160koda We Love Cycling","description":"With the three main favorites for the Tour de France riding in it, the Crit\u00e9rium du Dauphin\u00e9 was always going to be regarded as a preview of the upcoming","robots":{"index":"index","follow":"follow","max-snippet":"max-snippet:-1","max-image-preview":"max-image-preview:large","max-video-preview":"max-video-preview:-1"},"canonical":"https:\/\/www.welovecycling.com\/wide\/2025\/06\/12\/evenepoel-wins-dauphine-itt-as-vingegaard-impresses-and-pogacar-disappoints\/","og_locale":"en_US","og_type":"article","og_title":"Evenepoel Wins Dauphin\u00e9 ITT as Vingegaard Impresses and Poga\u010dar Disappoints","og_description":"With the three main favorites for the Tour de France riding in it, the Crit\u00e9rium du Dauphin\u00e9 was always going to be regarded as a preview of the upcoming","og_url":"https:\/\/www.welovecycling.com\/wide\/2025\/06\/12\/evenepoel-wins-dauphine-itt-as-vingegaard-impresses-and-pogacar-disappoints\/","og_site_name":"\u0160koda We Love Cycling","article_published_time":"2025-06-12T09:04:20+00:00","og_image":[{"width":990,"height":660,"url":"https:\/\/d2p6e6u75xmxt8.cloudfront.net\/2\/2025\/06\/Remco-Evenepoel-Criterium-Dauphine-profimedia-1009744424-CVR.webp","type":"image\/webp"}],"author":"tereza","twitter_card":"summary_large_image","twitter_misc":{"Written by":"Siegfried Mortkowitz","Est. reading time":"3"},"schema":{"@context":"https:\/\/schema.org","@graph":[{"@type":"WebPage","@id":"https:\/\/www.welovecycling.com\/wide\/2025\/06\/12\/evenepoel-wins-dauphine-itt-as-vingegaard-impresses-and-pogacar-disappoints\/","url":"https:\/\/www.welovecycling.com\/wide\/2025\/06\/12\/evenepoel-wins-dauphine-itt-as-vingegaard-impresses-and-pogacar-disappoints\/","name":"Evenepoel Wins Dauphin\u00e9 ITT as Vingegaard Impresses and Poga\u010dar Disappoints - \u0160koda We Love Cycling","isPartOf":{"@id":"https:\/\/www.welovecycling.com\/wide\/#website"},"primaryImageOfPage":{"@id":"https:\/\/www.welovecycling.com\/wide\/2025\/06\/12\/evenepoel-wins-dauphine-itt-as-vingegaard-impresses-and-pogacar-disappoints\/#primaryimage"},"image":{"@id":"https:\/\/www.welovecycling.com\/wide\/2025\/06\/12\/evenepoel-wins-dauphine-itt-as-vingegaard-impresses-and-pogacar-disappoints\/#primaryimage"},"thumbnailUrl":"https:\/\/d2p6e6u75xmxt8.cloudfront.net\/2\/2025\/06\/Remco-Evenepoel-Criterium-Dauphine-profimedia-1009744424-CVR.webp","datePublished":"2025-06-12T09:04:20+00:00","author":{"@id":"https:\/\/www.welovecycling.com\/wide\/#\/schema\/person\/50f01ecd18718d2333cf72e823c4f926"},"description":"With the three main favorites for the Tour de France riding in it, the Crit\u00e9rium du Dauphin\u00e9 was always going to be regarded as a preview of the upcoming","breadcrumb":{"@id":"https:\/\/www.welovecycling.com\/wide\/2025\/06\/12\/evenepoel-wins-dauphine-itt-as-vingegaard-impresses-and-pogacar-disappoints\/#breadcrumb"},"inLanguage":"en-US","potentialAction":[{"@type":"ReadAction","target":["https:\/\/www.welovecycling.com\/wide\/2025\/06\/12\/evenepoel-wins-dauphine-itt-as-vingegaard-impresses-and-pogacar-disappoints\/"]}]},{"@type":"ImageObject","inLanguage":"en-US","@id":"https:\/\/www.welovecycling.com\/wide\/2025\/06\/12\/evenepoel-wins-dauphine-itt-as-vingegaard-impresses-and-pogacar-disappoints\/#primaryimage","url":"https:\/\/d2p6e6u75xmxt8.cloudfront.net\/2\/2025\/06\/Remco-Evenepoel-Criterium-Dauphine-profimedia-1009744424-CVR.webp","contentUrl":"https:\/\/d2p6e6u75xmxt8.cloudfront.net\/2\/2025\/06\/Remco-Evenepoel-Criterium-Dauphine-profimedia-1009744424-CVR.webp","width":990,"height":660,"caption":"Remco Evenepoel"},{"@type":"BreadcrumbList","@id":"https:\/\/www.welovecycling.com\/wide\/2025\/06\/12\/evenepoel-wins-dauphine-itt-as-vingegaard-impresses-and-pogacar-disappoints\/#breadcrumb","itemListElement":[{"@type":"ListItem","position":1,"name":"Home","item":"https:\/\/www.welovecycling.com\/wide\/"},{"@type":"ListItem","position":2,"name":"Evenepoel Wins Dauphin\u00e9 ITT as Vingegaard Impresses and Poga\u010dar Disappoints"}]},{"@type":"WebSite","@id":"https:\/\/www.welovecycling.com\/wide\/#website","url":"https:\/\/www.welovecycling.com\/wide\/","name":"\u0160koda We Love Cycling","description":"\u0160koda We Love Cycling magazine","alternateName":"\u0160koda WLC","potentialAction":[{"@type":"SearchAction","target":{"@type":"EntryPoint","urlTemplate":"https:\/\/www.welovecycling.com\/wide\/?s={search_term_string}"},"query-input":{"@type":"PropertyValueSpecification","valueRequired":true,"valueName":"search_term_string"}}],"inLanguage":"en-US"},{"@type":"Person","@id":"https:\/\/www.welovecycling.com\/wide\/#\/schema\/person\/50f01ecd18718d2333cf72e823c4f926","name":"tereza","image":{"@type":"ImageObject","inLanguage":"en-US","@id":"https:\/\/www.welovecycling.com\/wide\/#\/schema\/person\/image\/","url":"https:\/\/secure.gravatar.com\/avatar\/1f9eb71be33845f0afabce3791bc1c58ecdb0a25c62964987e5dbcf7a20d2ec7?s=96&d=mm&r=g","contentUrl":"https:\/\/secure.gravatar.com\/avatar\/1f9eb71be33845f0afabce3791bc1c58ecdb0a25c62964987e5dbcf7a20d2ec7?s=96&d=mm&r=g","caption":"tereza"},"url":"https:\/\/www.welovecycling.com\/wide\/author\/tereza\/"}]}},"_links":{"self":[{"href":"https:\/\/www.welovecycling.com\/wide\/wp-json\/wp\/v2\/posts\/198752","targetHints":{"allow":["GET"]}}],"collection":[{"href":"https:\/\/www.welovecycling.com\/wide\/wp-json\/wp\/v2\/posts"}],"about":[{"href":"https:\/\/www.welovecycling.com\/wide\/wp-json\/wp\/v2\/types\/post"}],"author":[{"embeddable":true,"href":"https:\/\/www.welovecycling.com\/wide\/wp-json\/wp\/v2\/users\/99"}],"replies":[{"embeddable":true,"href":"https:\/\/www.welovecycling.com\/wide\/wp-json\/wp\/v2\/comments?post=198752"}],"version-history":[{"count":3,"href":"https:\/\/www.welovecycling.com\/wide\/wp-json\/wp\/v2\/posts\/198752\/revisions"}],"predecessor-version":[{"id":198756,"href":"https:\/\/www.welovecycling.com\/wide\/wp-json\/wp\/v2\/posts\/198752\/revisions\/198756"}],"wp:featuredmedia":[{"embeddable":true,"href":"https:\/\/www.welovecycling.com\/wide\/wp-json\/wp\/v2\/media\/198753"}],"wp:attachment":[{"href":"https:\/\/www.welovecycling.com\/wide\/wp-json\/wp\/v2\/media?parent=198752"}],"wp:term":[{"taxonomy":"category","embeddable":true,"href":"https:\/\/www.welovecycling.com\/wide\/wp-json\/wp\/v2\/categories?post=198752"},{"taxonomy":"post_tag","embeddable":true,"href":"https:\/\/www.welovecycling.com\/wide\/wp-json\/wp\/v2\/tags?post=198752"},{"taxonomy":"global-categories","embeddable":true,"href":"https:\/\/www.welovecycling.com\/wide\/wp-json\/wp\/v2\/global-categories?post=198752"}],"curies":[{"name":"wp","href":"https:\/\/api.w.org\/{rel}","templated":true}]}}