{"id":198744,"date":"2025-06-11T17:23:34","date_gmt":"2025-06-11T17:23:34","guid":{"rendered":"https:\/\/www.welovecycling.com\/wide\/?p=198744"},"modified":"2025-06-11T17:24:53","modified_gmt":"2025-06-11T17:24:53","slug":"romain-bardet-a-cyclist-who-never-gave-up","status":"publish","type":"post","link":"https:\/\/www.welovecycling.com\/wide\/2025\/06\/11\/romain-bardet-a-cyclist-who-never-gave-up\/","title":{"rendered":"Romain Bardet: A Cyclist Who Never Gave Up"},"content":{"rendered":"<p>After stage 20 of last year\u2019s Tour de France, the last competitive Tour stage of Romain Bardet\u2019s 14-year career, the then 33-year-old Frenchman told Eurosport, \u201cIt\u2019s 13 years of my life, it\u2019s over. It\u2019s so tough. It\u2019s the story of my career, to turn myself inside out without ever being the best. But I never stopped trying.\u201d Bardet is now riding in his final competitive road race, the Crit\u00e9rium du Dauphin\u00e9, which ends on Sunday. Stage 3 of the race began in his hometown, Brioude.<!--more--><br \/>\nHe made the above statement at the end of a Tour in which he won the greatest victory of his career, taking stage 1 in a 50km breakaway with DSM-Firmenich PostNL (now Picnic PostNL) teammate Frank van den Broek and winning the first Tour de France yellow jersey of his career. Bardet said after that victory that he came into the Tour with a different state of mind than he\u2019d had at the previous 10 Tours he had ridden, \u201ctotally relaxed, ready to give 100% every day and not to turn over heaven and Earth if it didn&#8217;t work out.<\/p>\n<p>\u201dHe also, characteristically, shared the credit for the victory with the 10-year-younger van den Broek, who was riding in his first Tour. \u201cToday, we are sharing this jersey, which he wanted to win as much as me,\u201d Bardet said. \u201cIt&#8217;s the first day of his very first Tour de France, at 23 years old.\u2026 I couldn&#8217;t have done it without him. It&#8217;s pure joy.<\/p>\n<p>\u201dThe question is why he could never start the previous Tours \u201ctotally relaxed,\u201d as he did his last. The answer, I think, is that he had finally shrugged the weight of his country\u2019s expectations off his shoulders. If you are a French top road racer, an excellent climber and you \u201cnever stop trying,\u201d you will inevitably be expected to win the Tour de France for the home country, which has not walked away from its greatest domestic sports event with a GC victory since 1985.<\/p>\n<p>That now makes 40 years of frustration, disappointment and failure, and every French rider with good climbing legs and early success will be burdened with that history. It was Bardet\u2019s \u2018misfortune\u2019 to finish second in the 2016 Tour, behind Chris Froome, and so immediately become a new Great French Hope (GFH) to end the long drought.<\/p>\n<p>He himself said that his racing mindset changed when he changed teams in late 2020 from the French team AG2R Mondiale to the Dutch DSM (now Picnic PostNL). In a 2022 interview with Rouleur, he said his new team had a different attitude to the one he experienced in France. \u201cNow I feel more relaxed. [Team general manager] Iwan Spekenbrink came to me and said, \u2018We want you in the team. We\u2019ll try to do everything right but at the end of the day, if you don\u2019t win, that\u2019s ok\u2026 We don\u2019t need you to win, we just need you to be the best you can be.\u2019 [In France] the boss thinks all the riders are trying to [fool] them, taking the salary and doing as little as possible. The team managers are like, \u2018We need to really push the rider because he\u2019s taking it a bit too easy.\u2019\u201d<\/p>\n<p>Thibaud Pinot, another GFH, retired last year to great fanfare because his failures in the Tour were dramatic and sometimes accompanied by tears. Bardet is a different breed of rider, sober, soft-spoken, dogged rather than dramatic. He has now won four Tour de France stages, as well as a Tour King of the Mountain jersey in 2019; a Vuelta stage in 2021 and a Vuelta team time trial in 2023; the Tour de l\u2019Ain in 2013 and the Tour of the Alps in 2022.<\/p>\n<p>But the Tour wins, of course, provided the greatest satisfaction, and he is leaving the sport with his head held high. &#8220;I feel I&#8217;ve achieved everything I could in the Tour, especially after wearing the yellow jersey last year,&#8221; Bardet told Cyclingnews in an exclusive interview before the start of the recent Giro d\u2019Italia. &#8220;I have some really nice memories from the Tour; they&#8217;re the highlights of my career. So, it&#8217;s a special race for me.<\/p>\n<p>\u201cThat&#8217;s also why I just don&#8217;t want to be there riding around as a farewell race this year. I never wanted to do the Tour just to be on the start line, and not really being an actor of the race is not my style. The Tour is too hard for that. I&#8217;m happy the 2024 Tour was my last. Now I&#8217;ve let it go. It&#8217;s time to make room for other riders on the team and let some new energy in.&#8221;<\/p>\n<p>But Bardet is not retiring from competitive cycling. He will race gravel in the second half of 2025 and 2026, with the goal of remaining competitive while having more flexibility in his schedule and spending more time with his family. This was one important reason for his retirement from road racing, to be able to devote more of his time to his wife Amandine and their young son, Angus. And he will continue to mentor and guide young riders in his team, such as the two promising 22-year-old Britons, Oscar Onley and Max Poole.<br \/>\nAs Bardet himself said, he was always an honest rider, not a superstar but a rider who never gave up and could light up a race with a sudden burst of speed at the top of a climb and a courageous solo ride to the finish line. He will be missed.<\/p>\n","protected":false},"excerpt":{"rendered":"<p>After stage 20 of last year\u2019s Tour de France, the last competitive Tour stage of Romain Bardet\u2019s 14-year career, the [&hellip;]<\/p>\n","protected":false},"author":11,"featured_media":198747,"comment_status":"closed","ping_status":"open","sticky":false,"template":"","format":"standard","meta":{"footnotes":""},"categories":[329],"tags":[8561,438,8563,8562,473,433],"global-categories":[3366],"class_list":["post-198744","post","type-post","status-publish","format-standard","has-post-thumbnail","hentry","category-road-cycling","tag-brioude","tag-criterium-du-dauphine","tag-frank-van-den-broek","tag-picnic-postnl","tag-romain-bardet","tag-tour-de-france","global-categories-cycling"],"yoast_head":"<!-- This site is optimized with the Yoast SEO Premium plugin v25.3 (Yoast SEO v25.9) - https:\/\/yoast.com\/wordpress\/plugins\/seo\/ -->\n<title>Romain Bardet: A Cyclist Who Never Gave Up - \u0160koda We Love Cycling<\/title>\n<meta name=\"description\" content=\"After stage 20 of last year\u2019s Tour de France, the last competitive Tour stage of Romain Bardet\u2019s 14-year career, the then 33-year-old Frenchman told\" \/>\n<meta name=\"robots\" content=\"index, follow, max-snippet:-1, max-image-preview:large, max-video-preview:-1\" \/>\n<link rel=\"canonical\" href=\"https:\/\/www.welovecycling.com\/wide\/2025\/06\/11\/romain-bardet-a-cyclist-who-never-gave-up\/\" \/>\n<meta property=\"og:locale\" content=\"en_US\" \/>\n<meta property=\"og:type\" content=\"article\" \/>\n<meta property=\"og:title\" content=\"Romain Bardet: A Cyclist Who Never Gave Up\" \/>\n<meta property=\"og:description\" content=\"After stage 20 of last year\u2019s Tour de France, the last competitive Tour stage of Romain Bardet\u2019s 14-year career, the then 33-year-old Frenchman told\" \/>\n<meta property=\"og:url\" content=\"https:\/\/www.welovecycling.com\/wide\/2025\/06\/11\/romain-bardet-a-cyclist-who-never-gave-up\/\" \/>\n<meta property=\"og:site_name\" content=\"\u0160koda We Love Cycling\" \/>\n<meta property=\"article:published_time\" content=\"2025-06-11T17:23:34+00:00\" \/>\n<meta property=\"article:modified_time\" content=\"2025-06-11T17:24:53+00:00\" \/>\n<meta property=\"og:image\" content=\"https:\/\/d2p6e6u75xmxt8.cloudfront.net\/2\/2025\/06\/1.webp\" \/>\n\t<meta property=\"og:image:width\" content=\"990\" \/>\n\t<meta property=\"og:image:height\" content=\"660\" \/>\n\t<meta property=\"og:image:type\" content=\"image\/webp\" \/>\n<meta name=\"author\" content=\"ondrejfilgas\" \/>\n<meta name=\"twitter:card\" content=\"summary_large_image\" \/>\n<meta name=\"twitter:label1\" content=\"Written by\" \/>\n\t<meta name=\"twitter:data1\" content=\"Siegfried Mortkowitz\" \/>\n\t<meta name=\"twitter:label2\" content=\"Est. reading time\" \/>\n\t<meta name=\"twitter:data2\" content=\"4\" \/>\n<script type=\"application\/ld+json\" class=\"yoast-schema-graph\">{\"@context\":\"https:\/\/schema.org\",\"@graph\":[{\"@type\":\"WebPage\",\"@id\":\"https:\/\/www.welovecycling.com\/wide\/2025\/06\/11\/romain-bardet-a-cyclist-who-never-gave-up\/\",\"url\":\"https:\/\/www.welovecycling.com\/wide\/2025\/06\/11\/romain-bardet-a-cyclist-who-never-gave-up\/\",\"name\":\"Romain Bardet: A Cyclist Who Never Gave Up - \u0160koda We Love Cycling\",\"isPartOf\":{\"@id\":\"https:\/\/www.welovecycling.com\/wide\/#website\"},\"primaryImageOfPage\":{\"@id\":\"https:\/\/www.welovecycling.com\/wide\/2025\/06\/11\/romain-bardet-a-cyclist-who-never-gave-up\/#primaryimage\"},\"image\":{\"@id\":\"https:\/\/www.welovecycling.com\/wide\/2025\/06\/11\/romain-bardet-a-cyclist-who-never-gave-up\/#primaryimage\"},\"thumbnailUrl\":\"https:\/\/d2p6e6u75xmxt8.cloudfront.net\/2\/2025\/06\/1.webp\",\"datePublished\":\"2025-06-11T17:23:34+00:00\",\"dateModified\":\"2025-06-11T17:24:53+00:00\",\"author\":{\"@id\":\"https:\/\/www.welovecycling.com\/wide\/#\/schema\/person\/9e2e86835e0bb27fb0d57ed5a91e76af\"},\"description\":\"After stage 20 of last year\u2019s Tour de France, the last competitive Tour stage of Romain Bardet\u2019s 14-year career, the then 33-year-old Frenchman told\",\"breadcrumb\":{\"@id\":\"https:\/\/www.welovecycling.com\/wide\/2025\/06\/11\/romain-bardet-a-cyclist-who-never-gave-up\/#breadcrumb\"},\"inLanguage\":\"en-US\",\"potentialAction\":[{\"@type\":\"ReadAction\",\"target\":[\"https:\/\/www.welovecycling.com\/wide\/2025\/06\/11\/romain-bardet-a-cyclist-who-never-gave-up\/\"]}]},{\"@type\":\"ImageObject\",\"inLanguage\":\"en-US\",\"@id\":\"https:\/\/www.welovecycling.com\/wide\/2025\/06\/11\/romain-bardet-a-cyclist-who-never-gave-up\/#primaryimage\",\"url\":\"https:\/\/d2p6e6u75xmxt8.cloudfront.net\/2\/2025\/06\/1.webp\",\"contentUrl\":\"https:\/\/d2p6e6u75xmxt8.cloudfront.net\/2\/2025\/06\/1.webp\",\"width\":990,\"height\":660},{\"@type\":\"BreadcrumbList\",\"@id\":\"https:\/\/www.welovecycling.com\/wide\/2025\/06\/11\/romain-bardet-a-cyclist-who-never-gave-up\/#breadcrumb\",\"itemListElement\":[{\"@type\":\"ListItem\",\"position\":1,\"name\":\"Home\",\"item\":\"https:\/\/www.welovecycling.com\/wide\/\"},{\"@type\":\"ListItem\",\"position\":2,\"name\":\"Romain Bardet: A Cyclist Who Never Gave Up\"}]},{\"@type\":\"WebSite\",\"@id\":\"https:\/\/www.welovecycling.com\/wide\/#website\",\"url\":\"https:\/\/www.welovecycling.com\/wide\/\",\"name\":\"\u0160koda We Love Cycling\",\"description\":\"\u0160koda We Love Cycling magazine\",\"alternateName\":\"\u0160koda WLC\",\"potentialAction\":[{\"@type\":\"SearchAction\",\"target\":{\"@type\":\"EntryPoint\",\"urlTemplate\":\"https:\/\/www.welovecycling.com\/wide\/?s={search_term_string}\"},\"query-input\":{\"@type\":\"PropertyValueSpecification\",\"valueRequired\":true,\"valueName\":\"search_term_string\"}}],\"inLanguage\":\"en-US\"},{\"@type\":\"Person\",\"@id\":\"https:\/\/www.welovecycling.com\/wide\/#\/schema\/person\/9e2e86835e0bb27fb0d57ed5a91e76af\",\"name\":\"ondrejfilgas\",\"image\":{\"@type\":\"ImageObject\",\"inLanguage\":\"en-US\",\"@id\":\"https:\/\/www.welovecycling.com\/wide\/#\/schema\/person\/image\/\",\"url\":\"https:\/\/secure.gravatar.com\/avatar\/02fc81aabb3935fbbc0730be0dad75bfa59dd0ad02d2945f9121c307ebd1bace?s=96&d=mm&r=g\",\"contentUrl\":\"https:\/\/secure.gravatar.com\/avatar\/02fc81aabb3935fbbc0730be0dad75bfa59dd0ad02d2945f9121c307ebd1bace?s=96&d=mm&r=g\",\"caption\":\"ondrejfilgas\"},\"url\":\"https:\/\/www.welovecycling.com\/wide\/author\/ondrejfilgas\/\"}]}<\/script>\n<!-- \/ Yoast SEO Premium plugin. -->","yoast_head_json":{"title":"Romain Bardet: A Cyclist Who Never Gave Up - \u0160koda We Love Cycling","description":"After stage 20 of last year\u2019s Tour de France, the last competitive Tour stage of Romain Bardet\u2019s 14-year career, the then 33-year-old Frenchman told","robots":{"index":"index","follow":"follow","max-snippet":"max-snippet:-1","max-image-preview":"max-image-preview:large","max-video-preview":"max-video-preview:-1"},"canonical":"https:\/\/www.welovecycling.com\/wide\/2025\/06\/11\/romain-bardet-a-cyclist-who-never-gave-up\/","og_locale":"en_US","og_type":"article","og_title":"Romain Bardet: A Cyclist Who Never Gave Up","og_description":"After stage 20 of last year\u2019s Tour de France, the last competitive Tour stage of Romain Bardet\u2019s 14-year career, the then 33-year-old Frenchman told","og_url":"https:\/\/www.welovecycling.com\/wide\/2025\/06\/11\/romain-bardet-a-cyclist-who-never-gave-up\/","og_site_name":"\u0160koda We Love Cycling","article_published_time":"2025-06-11T17:23:34+00:00","article_modified_time":"2025-06-11T17:24:53+00:00","og_image":[{"width":990,"height":660,"url":"https:\/\/d2p6e6u75xmxt8.cloudfront.net\/2\/2025\/06\/1.webp","type":"image\/webp"}],"author":"ondrejfilgas","twitter_card":"summary_large_image","twitter_misc":{"Written by":"Siegfried Mortkowitz","Est. reading time":"4"},"schema":{"@context":"https:\/\/schema.org","@graph":[{"@type":"WebPage","@id":"https:\/\/www.welovecycling.com\/wide\/2025\/06\/11\/romain-bardet-a-cyclist-who-never-gave-up\/","url":"https:\/\/www.welovecycling.com\/wide\/2025\/06\/11\/romain-bardet-a-cyclist-who-never-gave-up\/","name":"Romain Bardet: A Cyclist Who Never Gave Up - \u0160koda We Love Cycling","isPartOf":{"@id":"https:\/\/www.welovecycling.com\/wide\/#website"},"primaryImageOfPage":{"@id":"https:\/\/www.welovecycling.com\/wide\/2025\/06\/11\/romain-bardet-a-cyclist-who-never-gave-up\/#primaryimage"},"image":{"@id":"https:\/\/www.welovecycling.com\/wide\/2025\/06\/11\/romain-bardet-a-cyclist-who-never-gave-up\/#primaryimage"},"thumbnailUrl":"https:\/\/d2p6e6u75xmxt8.cloudfront.net\/2\/2025\/06\/1.webp","datePublished":"2025-06-11T17:23:34+00:00","dateModified":"2025-06-11T17:24:53+00:00","author":{"@id":"https:\/\/www.welovecycling.com\/wide\/#\/schema\/person\/9e2e86835e0bb27fb0d57ed5a91e76af"},"description":"After stage 20 of last year\u2019s Tour de France, the last competitive Tour stage of Romain Bardet\u2019s 14-year career, the then 33-year-old Frenchman told","breadcrumb":{"@id":"https:\/\/www.welovecycling.com\/wide\/2025\/06\/11\/romain-bardet-a-cyclist-who-never-gave-up\/#breadcrumb"},"inLanguage":"en-US","potentialAction":[{"@type":"ReadAction","target":["https:\/\/www.welovecycling.com\/wide\/2025\/06\/11\/romain-bardet-a-cyclist-who-never-gave-up\/"]}]},{"@type":"ImageObject","inLanguage":"en-US","@id":"https:\/\/www.welovecycling.com\/wide\/2025\/06\/11\/romain-bardet-a-cyclist-who-never-gave-up\/#primaryimage","url":"https:\/\/d2p6e6u75xmxt8.cloudfront.net\/2\/2025\/06\/1.webp","contentUrl":"https:\/\/d2p6e6u75xmxt8.cloudfront.net\/2\/2025\/06\/1.webp","width":990,"height":660},{"@type":"BreadcrumbList","@id":"https:\/\/www.welovecycling.com\/wide\/2025\/06\/11\/romain-bardet-a-cyclist-who-never-gave-up\/#breadcrumb","itemListElement":[{"@type":"ListItem","position":1,"name":"Home","item":"https:\/\/www.welovecycling.com\/wide\/"},{"@type":"ListItem","position":2,"name":"Romain Bardet: A Cyclist Who Never Gave Up"}]},{"@type":"WebSite","@id":"https:\/\/www.welovecycling.com\/wide\/#website","url":"https:\/\/www.welovecycling.com\/wide\/","name":"\u0160koda We Love Cycling","description":"\u0160koda We Love Cycling magazine","alternateName":"\u0160koda WLC","potentialAction":[{"@type":"SearchAction","target":{"@type":"EntryPoint","urlTemplate":"https:\/\/www.welovecycling.com\/wide\/?s={search_term_string}"},"query-input":{"@type":"PropertyValueSpecification","valueRequired":true,"valueName":"search_term_string"}}],"inLanguage":"en-US"},{"@type":"Person","@id":"https:\/\/www.welovecycling.com\/wide\/#\/schema\/person\/9e2e86835e0bb27fb0d57ed5a91e76af","name":"ondrejfilgas","image":{"@type":"ImageObject","inLanguage":"en-US","@id":"https:\/\/www.welovecycling.com\/wide\/#\/schema\/person\/image\/","url":"https:\/\/secure.gravatar.com\/avatar\/02fc81aabb3935fbbc0730be0dad75bfa59dd0ad02d2945f9121c307ebd1bace?s=96&d=mm&r=g","contentUrl":"https:\/\/secure.gravatar.com\/avatar\/02fc81aabb3935fbbc0730be0dad75bfa59dd0ad02d2945f9121c307ebd1bace?s=96&d=mm&r=g","caption":"ondrejfilgas"},"url":"https:\/\/www.welovecycling.com\/wide\/author\/ondrejfilgas\/"}]}},"_links":{"self":[{"href":"https:\/\/www.welovecycling.com\/wide\/wp-json\/wp\/v2\/posts\/198744","targetHints":{"allow":["GET"]}}],"collection":[{"href":"https:\/\/www.welovecycling.com\/wide\/wp-json\/wp\/v2\/posts"}],"about":[{"href":"https:\/\/www.welovecycling.com\/wide\/wp-json\/wp\/v2\/types\/post"}],"author":[{"embeddable":true,"href":"https:\/\/www.welovecycling.com\/wide\/wp-json\/wp\/v2\/users\/11"}],"replies":[{"embeddable":true,"href":"https:\/\/www.welovecycling.com\/wide\/wp-json\/wp\/v2\/comments?post=198744"}],"version-history":[{"count":2,"href":"https:\/\/www.welovecycling.com\/wide\/wp-json\/wp\/v2\/posts\/198744\/revisions"}],"predecessor-version":[{"id":198746,"href":"https:\/\/www.welovecycling.com\/wide\/wp-json\/wp\/v2\/posts\/198744\/revisions\/198746"}],"wp:featuredmedia":[{"embeddable":true,"href":"https:\/\/www.welovecycling.com\/wide\/wp-json\/wp\/v2\/media\/198747"}],"wp:attachment":[{"href":"https:\/\/www.welovecycling.com\/wide\/wp-json\/wp\/v2\/media?parent=198744"}],"wp:term":[{"taxonomy":"category","embeddable":true,"href":"https:\/\/www.welovecycling.com\/wide\/wp-json\/wp\/v2\/categories?post=198744"},{"taxonomy":"post_tag","embeddable":true,"href":"https:\/\/www.welovecycling.com\/wide\/wp-json\/wp\/v2\/tags?post=198744"},{"taxonomy":"global-categories","embeddable":true,"href":"https:\/\/www.welovecycling.com\/wide\/wp-json\/wp\/v2\/global-categories?post=198744"}],"curies":[{"name":"wp","href":"https:\/\/api.w.org\/{rel}","templated":true}]}}