{"id":198729,"date":"2025-06-10T08:48:52","date_gmt":"2025-06-10T08:48:52","guid":{"rendered":"https:\/\/www.welovecycling.com\/wide\/?p=198729"},"modified":"2025-06-12T11:34:48","modified_gmt":"2025-06-12T11:34:48","slug":"how-cycling-changed-amy-hudsons-life-and-led-to-the-tour-de-france","status":"publish","type":"post","link":"https:\/\/www.welovecycling.com\/wide\/2025\/06\/10\/how-cycling-changed-amy-hudsons-life-and-led-to-the-tour-de-france\/","title":{"rendered":"Find Your Tour: How Cycling Changed Amy Hudson\u2019s Life \u2014 and Led to the Tour de France"},"content":{"rendered":"<p><strong>Most cyclists dream of watching the Tour de France from the roadside. Amy Hudson dreams of riding it \u2014 every stage, every transfer \u2014 as an amateur cyclist with no pro contract, no racing background, and only a few years of cycling experience behind her. This summer, she plans to tackle over 6,300 kilometres across France, starting a week before the professionals, and finishing just a day ahead.<\/strong><\/p>\n<p><!--more--><\/p>\n<p>For Amy, this isn\u2019t about fame or finishing first. It\u2019s about pushing personal limits, showing that ordinary people can take on extraordinary challenges, and raising awareness about mental health.<\/p>\n<h2><strong>She started cycling at 25<\/strong><\/h2>\n<p>Growing up in England, Amy was active, but not on two wheels.<\/p>\n<p>&#8220;I learned to ride my bike when I was five, like normal, but I didn&#8217;t really ride much,&#8221; she says. &#8220;We used to go on a family bike ride maybe once a month after school, but I was more into swimming and dance classes.&#8221;<\/p>\n<p>Later, running took over, but it wasn\u2019t a healthy relationship. &#8220;I did a lot of running in my teenage years,&#8221; she says. &#8220;But with running, it was always like a way to burn calories. It wasn\u2019t healthy.&#8221;<\/p>\n<p>Cycling didn\u2019t come into the picture until she was 25, and it came at a difficult moment.<\/p>\n<h2><strong>A bike that changed everything<\/strong><\/h2>\n<p>Amy was working as a mental health nurse when she experienced a breakdown and had to leave her job.<\/p>\n<p>&#8220;I just was really unwell,&#8221; she says. &#8220;And then my husband, Kyle, randomly just bought me a bike. I never asked for it, but he knew I loved being outside. He thought if I got a bike, I could go out for longer and it might help me get more happy again.&#8221;<\/p>\n<p>It wasn\u2019t a race bike, just a basic model from Halfords. She started riding short distances with her dad, who had always enjoyed biking but not in any competitive sense.<\/p>\n<p>&#8220;My dad\u2019s the kind of person who rides in a T-shirt and shorts, no cleats or anything, just normal shoes. But he rides hilly rides,&#8221; she laughs. &#8220;My first ride with him was like 40 miles with loads of hills in the Peak District.&#8221;<\/p>\n<p>Those rides, casual, quiet, and free of expectations, were exactly what Amy needed. Unlike <a href=\"https:\/\/www.welovecycling.com\/wide\/2021\/05\/18\/cycling-vs-swimming-which-is-better\/\" target=\"_blank\" rel=\"noopener\">swimming<\/a> or running, cycling wasn\u2019t tied to competition or pressure.<\/p>\n<p>&#8220;Cycling didn\u2019t have pressure attached to it,&#8221; she says. &#8220;Swimming felt pressured, because you were competing. Running was unhealthy for me, it was about burning calories. But with cycling, it was just me and my dad. It wasn\u2019t about speed or distance. It was just a day out.&#8221;<\/p>\n<h2><strong>Falling in love with distance<\/strong><\/h2>\n<p>Not long after she started, Amy found herself drawn to longer and longer rides.<\/p>\n<p>&#8220;After about six months, my dad said he always wanted to do the North Coast 500, the 500-mile loop in Scotland,&#8221; she says. &#8220;We did that together, and it felt like my mind cleared. I just really fell in love with it there.&#8221;<\/p>\n<blockquote class=\"instagram-media\" style=\"background: #FFF; border: 0; border-radius: 3px; box-shadow: 0 0 1px 0 rgba(0,0,0,0.5),0 1px 10px 0 rgba(0,0,0,0.15); margin: 1px; max-width: 540px; min-width: 326px; padding: 0; width: calc(100% - 2px);\" data-instgrm-captioned=\"\" data-instgrm-permalink=\"https:\/\/www.instagram.com\/p\/CUNjGe_sU-f\/?utm_source=ig_embed&amp;utm_campaign=loading\" data-instgrm-version=\"14\">\n<div style=\"padding: 16px;\">\n<p>&nbsp;<\/p>\n<div style=\"display: flex; flex-direction: row; align-items: center;\">\n<div style=\"background-color: #f4f4f4; border-radius: 50%; flex-grow: 0; height: 40px; margin-right: 14px; width: 40px;\"><\/div>\n<div style=\"display: flex; flex-direction: column; flex-grow: 1; justify-content: center;\">\n<div style=\"background-color: #f4f4f4; border-radius: 4px; flex-grow: 0; height: 14px; margin-bottom: 6px; width: 100px;\"><\/div>\n<div style=\"background-color: #f4f4f4; border-radius: 4px; flex-grow: 0; height: 14px; width: 60px;\"><\/div>\n<\/div>\n<\/div>\n<div style=\"padding: 19% 0;\"><\/div>\n<div style=\"display: block; height: 50px; margin: 0 auto 12px; width: 50px;\"><\/div>\n<div style=\"padding-top: 8px;\">\n<div style=\"color: #3897f0; font-family: Arial,sans-serif; font-size: 14px; font-style: normal; font-weight: 550; line-height: 18px;\">Zobrazit p\u0159\u00edsp\u011bvek na Instagramu<\/div>\n<\/div>\n<div style=\"padding: 12.5% 0;\"><\/div>\n<div style=\"display: flex; flex-direction: row; margin-bottom: 14px; align-items: center;\">\n<div>\n<div style=\"background-color: #f4f4f4; border-radius: 50%; height: 12.5px; width: 12.5px; transform: translateX(0px) translateY(7px);\"><\/div>\n<div style=\"background-color: #f4f4f4; height: 12.5px; transform: rotate(-45deg) translateX(3px) translateY(1px); width: 12.5px; flex-grow: 0; margin-right: 14px; margin-left: 2px;\"><\/div>\n<div style=\"background-color: #f4f4f4; border-radius: 50%; height: 12.5px; width: 12.5px; transform: translateX(9px) translateY(-18px);\"><\/div>\n<\/div>\n<div style=\"margin-left: 8px;\">\n<div style=\"background-color: #f4f4f4; border-radius: 50%; flex-grow: 0; height: 20px; width: 20px;\"><\/div>\n<div style=\"width: 0; height: 0; border-top: 2px solid transparent; border-left: 6px solid #f4f4f4; border-bottom: 2px solid transparent; transform: translateX(16px) translateY(-4px) rotate(30deg);\"><\/div>\n<\/div>\n<div style=\"margin-left: auto;\">\n<div style=\"width: 0px; border-top: 8px solid #F4F4F4; border-right: 8px solid transparent; transform: translateY(16px);\"><\/div>\n<div style=\"background-color: #f4f4f4; flex-grow: 0; height: 12px; width: 16px; transform: translateY(-4px);\"><\/div>\n<div style=\"width: 0; height: 0; border-top: 8px solid #F4F4F4; border-left: 8px solid transparent; transform: translateY(-4px) translateX(8px);\"><\/div>\n<\/div>\n<\/div>\n<div style=\"display: flex; flex-direction: column; flex-grow: 1; justify-content: center; margin-bottom: 24px;\">\n<div style=\"background-color: #f4f4f4; border-radius: 4px; flex-grow: 0; height: 14px; margin-bottom: 6px; width: 224px;\"><\/div>\n<div style=\"background-color: #f4f4f4; border-radius: 4px; flex-grow: 0; height: 14px; width: 144px;\"><\/div>\n<\/div>\n<p>&nbsp;<\/p>\n<p style=\"color: #c9c8cd; font-family: Arial,sans-serif; font-size: 14px; line-height: 17px; margin-bottom: 0; margin-top: 8px; overflow: hidden; padding: 8px 0 7px; text-align: center; text-overflow: ellipsis; white-space: nowrap;\"><a style=\"color: #c9c8cd; font-family: Arial,sans-serif; font-size: 14px; font-style: normal; font-weight: normal; line-height: 17px; text-decoration: none;\" href=\"https:\/\/www.instagram.com\/p\/CUNjGe_sU-f\/?utm_source=ig_embed&amp;utm_campaign=loading\" target=\"_blank\" rel=\"noopener\">P\u0159\u00edsp\u011bvek sd\u00edlen\u00fd Amy Hudson (@amy.cycling.adventures)<\/a><\/p>\n<\/div>\n<\/blockquote>\n<p><script async src=\"\/\/www.instagram.com\/embed.js\"><\/script><\/p>\n<p>While Amy dabbled in crit racing, it didn\u2019t click.<\/p>\n<p>&#8220;I got up to Cat 3, and I was going to try and get to Cat 2, but I just wasn\u2019t enjoying it,&#8221; she says. &#8220;It felt pressured, and I didn\u2019t like the idea of crashing on the corners. I\u2019m not about that crowd. I like the endurance. I can go at my own pace, be in nature. I\u2019m still pushing my body, but in a different way.&#8221;<\/p>\n<p>She quickly moved from casual rides to solo adventures. One of the first was cycling home from a family trip, 190 miles in a day.<\/p>\n<p>&#8220;We had the caravan, 300 kilometres away,&#8221; she remembers. &#8220;I just said, \u2018I\u2019m going to cycle home from there.\u2019 I had my running belt with a pump, and some snacks. No Lycra, no cleats. And I did it.&#8221;<\/p>\n<p>That ride lit a fire. &#8220;From then, I was like, right, let\u2019s see how much further I can go.&#8221;<\/p>\n<h2><strong>Proving she wasn\u2019t a quitter<\/strong><\/h2>\n<p>At the time, Amy was still rebuilding her life after leaving her nursing career. The feeling of loss ran deep.<\/p>\n<p>&#8220;I\u2019d been at uni for four years, got a master\u2019s degree to be a nurse, and I was a nurse for three years,&#8221; she says. &#8220;And then that all just went because I was too unwell to carry on. I had to leave my job. I was just teaching swimming at the time to get a bit of money, and I didn\u2019t really have much. I just felt really worthless, like a complete failure.&#8221;<\/p>\n<p>Cycling offered her something else, a way to prove something to herself and others.<\/p>\n<p>&#8220;I wanted to prove I can do hard things,&#8221; she says. &#8220;People thought, \u2018Oh, you left your job because you couldn\u2019t cope,\u2019 but it doesn\u2019t mean I\u2019m weak. That\u2019s one reason I do my challenges; I\u2019ve got this thing about not being a quitter. That caravan ride was just after I left my job. We went to Wales to find some calm, and I thought, right, I want to prove I\u2019m not a quitter.&#8221;<\/p>\n<div class=\"embed-controller-wrapper\">\n<div class=\"embed-wrapper\"><iframe title=\"300KM SOLO RIDE | DERBY TO WALES IN LESS THAN 12 HOURS | SNOWDONIA NATIONAL PARK\" width=\"500\" height=\"281\" data-src=\"https:\/\/www.youtube.com\/embed\/zBJymRm4Jxo?feature=oembed&#038;si=Xf3D83xHjgoBRSJ6&#038;enablejsapi=1\" frameborder=\"0\" allow=\"accelerometer; autoplay; clipboard-write; encrypted-media; gyroscope; picture-in-picture; web-share\" referrerpolicy=\"strict-origin-when-cross-origin\" allowfullscreen><\/iframe><\/div>\n<\/div>\n<h2><strong>Cycling to inspire<\/strong><\/h2>\n<p>Over time, cycling became more than a hobby to Amy.<\/p>\n<p>&#8220;I started documenting my rides. At first, I didn\u2019t want photos or videos, I was embarrassed. But then I thought, if I can help one person by showing this, it\u2019s worth it.&#8221;<\/p>\n<p>Today, Amy\u2019s built a following as an endurance cyclist and advocate for mental health. But she\u2019s quick to point out she\u2019s not chasing fame.<\/p>\n<p>&#8220;I\u2019m not a pro, and I don\u2019t want to be,&#8221; she says. &#8220;I ride my bike because I love it, and I make videos because I want to inspire people. Someone once messaged me and said, \u2018You\u2019re not an influencer, you\u2019re an inspirer.\u2019 I thought, yeah, I like that.&#8221;<\/p>\n<h2><strong>Amy\u2019s biggest challenge yet<\/strong><\/h2>\n<p>This summer, Amy\u2019s biggest adventure yet will begin: riding the full 2025 Tour de France route, plus all the transfers, a total of over 6,300 kilometres in 30 days, with two rest days, starting one week before the pros.<\/p>\n<p>&#8220;There was a time when I didn\u2019t want to be here anymore,&#8221; she says. &#8220;The bike is a big reason that I still am.&#8221;<\/p>\n<p>Next week, we\u2019ll look at what inspired Amy to take on this massive challenge.<\/p>\n<h2><strong>About Amy Hudson<\/strong><\/h2>\n<p>Amy Hudson is a British endurance cyclist and mental health advocate who fell in love with cycling just four years ago. Since then, she\u2019s completed challenging ultra-distance events, including the North Coast 500, a 24-hour time trial, Paris-Brest-Paris (1,200 km), All Points North (1,000 km), and Land\u2019s End to John o\u2019Groats \u2014 a classic end-to-end ride covering nearly 1,400 km across the UK. From overcoming personal struggles to chasing the limits of endurance, Amy now shares her passion through her <a href=\"https:\/\/www.youtube.com\/@amy.cycling.adventures\">YouTube channel,<\/a> Instagram, and <a href=\"https:\/\/www.strava.com\/athletes\/30216361\">Strava,<\/a> inspiring others to set big goals \u2014 no matter where they started.<\/p>\n","protected":false},"excerpt":{"rendered":"<p>Most cyclists dream of watching the Tour de France from the roadside. Amy Hudson dreams of riding it \u2014 every [&hellip;]<\/p>\n","protected":false},"author":99,"featured_media":198732,"comment_status":"closed","ping_status":"open","sticky":false,"template":"","format":"standard","meta":{"footnotes":""},"categories":[329,334],"tags":[8560,8082,8559,8515,433],"global-categories":[3366],"class_list":["post-198729","post","type-post","status-publish","format-standard","has-post-thumbnail","hentry","category-road-cycling","category-socialising-and-culture","tag-findyourtour","tag-2025-tour","tag-amy-hudson","tag-find-your-tour","tag-tour-de-france","global-categories-cycling"],"yoast_head":"<!-- This site is optimized with the Yoast SEO Premium plugin v25.3 (Yoast SEO v25.9) - https:\/\/yoast.com\/wordpress\/plugins\/seo\/ -->\n<title>How Cycling Changed Amy Hudson\u2019s Life and Led to the Tour<\/title>\n<meta name=\"description\" content=\"Most cyclists dream of watching the Tour de France from the roadside. Amy Hudson dreams of riding it \u2014 every stage, every transfer \u2014 as an amateur cyclist\" \/>\n<meta name=\"robots\" content=\"index, follow, max-snippet:-1, max-image-preview:large, max-video-preview:-1\" \/>\n<link rel=\"canonical\" href=\"https:\/\/www.welovecycling.com\/wide\/2025\/06\/10\/how-cycling-changed-amy-hudsons-life-and-led-to-the-tour-de-france\/\" \/>\n<meta property=\"og:locale\" content=\"en_US\" \/>\n<meta property=\"og:type\" content=\"article\" \/>\n<meta property=\"og:title\" content=\"Find Your Tour: How Cycling Changed Amy Hudson\u2019s Life \u2014 and Led to the Tour de France\" \/>\n<meta property=\"og:description\" content=\"Most cyclists dream of watching the Tour de France from the roadside. Amy Hudson dreams of riding it \u2014 every stage, every transfer \u2014 as an amateur cyclist\" \/>\n<meta property=\"og:url\" content=\"https:\/\/www.welovecycling.com\/wide\/2025\/06\/10\/how-cycling-changed-amy-hudsons-life-and-led-to-the-tour-de-france\/\" \/>\n<meta property=\"og:site_name\" content=\"\u0160koda We Love Cycling\" \/>\n<meta property=\"article:published_time\" content=\"2025-06-10T08:48:52+00:00\" \/>\n<meta property=\"article:modified_time\" content=\"2025-06-12T11:34:48+00:00\" \/>\n<meta property=\"og:image\" content=\"https:\/\/d2p6e6u75xmxt8.cloudfront.net\/2\/2025\/06\/Amy-Hudson-CVR.webp\" \/>\n\t<meta property=\"og:image:width\" content=\"990\" \/>\n\t<meta property=\"og:image:height\" content=\"660\" \/>\n\t<meta property=\"og:image:type\" content=\"image\/webp\" \/>\n<meta name=\"author\" content=\"tereza\" \/>\n<meta name=\"twitter:card\" content=\"summary_large_image\" \/>\n<meta name=\"twitter:label1\" content=\"Written by\" \/>\n\t<meta name=\"twitter:data1\" content=\"Jiri Kaloc\" \/>\n\t<meta name=\"twitter:label2\" content=\"Est. reading time\" \/>\n\t<meta name=\"twitter:data2\" content=\"3\" \/>\n<script type=\"application\/ld+json\" class=\"yoast-schema-graph\">{\"@context\":\"https:\/\/schema.org\",\"@graph\":[{\"@type\":\"WebPage\",\"@id\":\"https:\/\/www.welovecycling.com\/wide\/2025\/06\/10\/how-cycling-changed-amy-hudsons-life-and-led-to-the-tour-de-france\/\",\"url\":\"https:\/\/www.welovecycling.com\/wide\/2025\/06\/10\/how-cycling-changed-amy-hudsons-life-and-led-to-the-tour-de-france\/\",\"name\":\"How Cycling Changed Amy Hudson\u2019s Life and Led to the Tour\",\"isPartOf\":{\"@id\":\"https:\/\/www.welovecycling.com\/wide\/#website\"},\"primaryImageOfPage\":{\"@id\":\"https:\/\/www.welovecycling.com\/wide\/2025\/06\/10\/how-cycling-changed-amy-hudsons-life-and-led-to-the-tour-de-france\/#primaryimage\"},\"image\":{\"@id\":\"https:\/\/www.welovecycling.com\/wide\/2025\/06\/10\/how-cycling-changed-amy-hudsons-life-and-led-to-the-tour-de-france\/#primaryimage\"},\"thumbnailUrl\":\"https:\/\/d2p6e6u75xmxt8.cloudfront.net\/2\/2025\/06\/Amy-Hudson-CVR.webp\",\"datePublished\":\"2025-06-10T08:48:52+00:00\",\"dateModified\":\"2025-06-12T11:34:48+00:00\",\"author\":{\"@id\":\"https:\/\/www.welovecycling.com\/wide\/#\/schema\/person\/50f01ecd18718d2333cf72e823c4f926\"},\"description\":\"Most cyclists dream of watching the Tour de France from the roadside. Amy Hudson dreams of riding it \u2014 every stage, every transfer \u2014 as an amateur cyclist\",\"breadcrumb\":{\"@id\":\"https:\/\/www.welovecycling.com\/wide\/2025\/06\/10\/how-cycling-changed-amy-hudsons-life-and-led-to-the-tour-de-france\/#breadcrumb\"},\"inLanguage\":\"en-US\",\"potentialAction\":[{\"@type\":\"ReadAction\",\"target\":[\"https:\/\/www.welovecycling.com\/wide\/2025\/06\/10\/how-cycling-changed-amy-hudsons-life-and-led-to-the-tour-de-france\/\"]}]},{\"@type\":\"ImageObject\",\"inLanguage\":\"en-US\",\"@id\":\"https:\/\/www.welovecycling.com\/wide\/2025\/06\/10\/how-cycling-changed-amy-hudsons-life-and-led-to-the-tour-de-france\/#primaryimage\",\"url\":\"https:\/\/d2p6e6u75xmxt8.cloudfront.net\/2\/2025\/06\/Amy-Hudson-CVR.webp\",\"contentUrl\":\"https:\/\/d2p6e6u75xmxt8.cloudfront.net\/2\/2025\/06\/Amy-Hudson-CVR.webp\",\"width\":990,\"height\":660,\"caption\":\"Amy Hudson\"},{\"@type\":\"BreadcrumbList\",\"@id\":\"https:\/\/www.welovecycling.com\/wide\/2025\/06\/10\/how-cycling-changed-amy-hudsons-life-and-led-to-the-tour-de-france\/#breadcrumb\",\"itemListElement\":[{\"@type\":\"ListItem\",\"position\":1,\"name\":\"Home\",\"item\":\"https:\/\/www.welovecycling.com\/wide\/\"},{\"@type\":\"ListItem\",\"position\":2,\"name\":\"Find Your Tour: How Cycling Changed Amy Hudson\u2019s Life \u2014 and Led to the Tour de France\"}]},{\"@type\":\"WebSite\",\"@id\":\"https:\/\/www.welovecycling.com\/wide\/#website\",\"url\":\"https:\/\/www.welovecycling.com\/wide\/\",\"name\":\"\u0160koda We Love Cycling\",\"description\":\"\u0160koda We Love Cycling magazine\",\"alternateName\":\"\u0160koda WLC\",\"potentialAction\":[{\"@type\":\"SearchAction\",\"target\":{\"@type\":\"EntryPoint\",\"urlTemplate\":\"https:\/\/www.welovecycling.com\/wide\/?s={search_term_string}\"},\"query-input\":{\"@type\":\"PropertyValueSpecification\",\"valueRequired\":true,\"valueName\":\"search_term_string\"}}],\"inLanguage\":\"en-US\"},{\"@type\":\"Person\",\"@id\":\"https:\/\/www.welovecycling.com\/wide\/#\/schema\/person\/50f01ecd18718d2333cf72e823c4f926\",\"name\":\"tereza\",\"image\":{\"@type\":\"ImageObject\",\"inLanguage\":\"en-US\",\"@id\":\"https:\/\/www.welovecycling.com\/wide\/#\/schema\/person\/image\/\",\"url\":\"https:\/\/secure.gravatar.com\/avatar\/1f9eb71be33845f0afabce3791bc1c58ecdb0a25c62964987e5dbcf7a20d2ec7?s=96&d=mm&r=g\",\"contentUrl\":\"https:\/\/secure.gravatar.com\/avatar\/1f9eb71be33845f0afabce3791bc1c58ecdb0a25c62964987e5dbcf7a20d2ec7?s=96&d=mm&r=g\",\"caption\":\"tereza\"},\"url\":\"https:\/\/www.welovecycling.com\/wide\/author\/tereza\/\"}]}<\/script>\n<!-- \/ Yoast SEO Premium plugin. -->","yoast_head_json":{"title":"How Cycling Changed Amy Hudson\u2019s Life and Led to the Tour","description":"Most cyclists dream of watching the Tour de France from the roadside. Amy Hudson dreams of riding it \u2014 every stage, every transfer \u2014 as an amateur cyclist","robots":{"index":"index","follow":"follow","max-snippet":"max-snippet:-1","max-image-preview":"max-image-preview:large","max-video-preview":"max-video-preview:-1"},"canonical":"https:\/\/www.welovecycling.com\/wide\/2025\/06\/10\/how-cycling-changed-amy-hudsons-life-and-led-to-the-tour-de-france\/","og_locale":"en_US","og_type":"article","og_title":"Find Your Tour: How Cycling Changed Amy Hudson\u2019s Life \u2014 and Led to the Tour de France","og_description":"Most cyclists dream of watching the Tour de France from the roadside. Amy Hudson dreams of riding it \u2014 every stage, every transfer \u2014 as an amateur cyclist","og_url":"https:\/\/www.welovecycling.com\/wide\/2025\/06\/10\/how-cycling-changed-amy-hudsons-life-and-led-to-the-tour-de-france\/","og_site_name":"\u0160koda We Love Cycling","article_published_time":"2025-06-10T08:48:52+00:00","article_modified_time":"2025-06-12T11:34:48+00:00","og_image":[{"width":990,"height":660,"url":"https:\/\/d2p6e6u75xmxt8.cloudfront.net\/2\/2025\/06\/Amy-Hudson-CVR.webp","type":"image\/webp"}],"author":"tereza","twitter_card":"summary_large_image","twitter_misc":{"Written by":"Jiri Kaloc","Est. reading time":"3"},"schema":{"@context":"https:\/\/schema.org","@graph":[{"@type":"WebPage","@id":"https:\/\/www.welovecycling.com\/wide\/2025\/06\/10\/how-cycling-changed-amy-hudsons-life-and-led-to-the-tour-de-france\/","url":"https:\/\/www.welovecycling.com\/wide\/2025\/06\/10\/how-cycling-changed-amy-hudsons-life-and-led-to-the-tour-de-france\/","name":"How Cycling Changed Amy Hudson\u2019s Life and Led to the Tour","isPartOf":{"@id":"https:\/\/www.welovecycling.com\/wide\/#website"},"primaryImageOfPage":{"@id":"https:\/\/www.welovecycling.com\/wide\/2025\/06\/10\/how-cycling-changed-amy-hudsons-life-and-led-to-the-tour-de-france\/#primaryimage"},"image":{"@id":"https:\/\/www.welovecycling.com\/wide\/2025\/06\/10\/how-cycling-changed-amy-hudsons-life-and-led-to-the-tour-de-france\/#primaryimage"},"thumbnailUrl":"https:\/\/d2p6e6u75xmxt8.cloudfront.net\/2\/2025\/06\/Amy-Hudson-CVR.webp","datePublished":"2025-06-10T08:48:52+00:00","dateModified":"2025-06-12T11:34:48+00:00","author":{"@id":"https:\/\/www.welovecycling.com\/wide\/#\/schema\/person\/50f01ecd18718d2333cf72e823c4f926"},"description":"Most cyclists dream of watching the Tour de France from the roadside. Amy Hudson dreams of riding it \u2014 every stage, every transfer \u2014 as an amateur cyclist","breadcrumb":{"@id":"https:\/\/www.welovecycling.com\/wide\/2025\/06\/10\/how-cycling-changed-amy-hudsons-life-and-led-to-the-tour-de-france\/#breadcrumb"},"inLanguage":"en-US","potentialAction":[{"@type":"ReadAction","target":["https:\/\/www.welovecycling.com\/wide\/2025\/06\/10\/how-cycling-changed-amy-hudsons-life-and-led-to-the-tour-de-france\/"]}]},{"@type":"ImageObject","inLanguage":"en-US","@id":"https:\/\/www.welovecycling.com\/wide\/2025\/06\/10\/how-cycling-changed-amy-hudsons-life-and-led-to-the-tour-de-france\/#primaryimage","url":"https:\/\/d2p6e6u75xmxt8.cloudfront.net\/2\/2025\/06\/Amy-Hudson-CVR.webp","contentUrl":"https:\/\/d2p6e6u75xmxt8.cloudfront.net\/2\/2025\/06\/Amy-Hudson-CVR.webp","width":990,"height":660,"caption":"Amy Hudson"},{"@type":"BreadcrumbList","@id":"https:\/\/www.welovecycling.com\/wide\/2025\/06\/10\/how-cycling-changed-amy-hudsons-life-and-led-to-the-tour-de-france\/#breadcrumb","itemListElement":[{"@type":"ListItem","position":1,"name":"Home","item":"https:\/\/www.welovecycling.com\/wide\/"},{"@type":"ListItem","position":2,"name":"Find Your Tour: How Cycling Changed Amy Hudson\u2019s Life \u2014 and Led to the Tour de France"}]},{"@type":"WebSite","@id":"https:\/\/www.welovecycling.com\/wide\/#website","url":"https:\/\/www.welovecycling.com\/wide\/","name":"\u0160koda We Love Cycling","description":"\u0160koda We Love Cycling magazine","alternateName":"\u0160koda WLC","potentialAction":[{"@type":"SearchAction","target":{"@type":"EntryPoint","urlTemplate":"https:\/\/www.welovecycling.com\/wide\/?s={search_term_string}"},"query-input":{"@type":"PropertyValueSpecification","valueRequired":true,"valueName":"search_term_string"}}],"inLanguage":"en-US"},{"@type":"Person","@id":"https:\/\/www.welovecycling.com\/wide\/#\/schema\/person\/50f01ecd18718d2333cf72e823c4f926","name":"tereza","image":{"@type":"ImageObject","inLanguage":"en-US","@id":"https:\/\/www.welovecycling.com\/wide\/#\/schema\/person\/image\/","url":"https:\/\/secure.gravatar.com\/avatar\/1f9eb71be33845f0afabce3791bc1c58ecdb0a25c62964987e5dbcf7a20d2ec7?s=96&d=mm&r=g","contentUrl":"https:\/\/secure.gravatar.com\/avatar\/1f9eb71be33845f0afabce3791bc1c58ecdb0a25c62964987e5dbcf7a20d2ec7?s=96&d=mm&r=g","caption":"tereza"},"url":"https:\/\/www.welovecycling.com\/wide\/author\/tereza\/"}]}},"_links":{"self":[{"href":"https:\/\/www.welovecycling.com\/wide\/wp-json\/wp\/v2\/posts\/198729","targetHints":{"allow":["GET"]}}],"collection":[{"href":"https:\/\/www.welovecycling.com\/wide\/wp-json\/wp\/v2\/posts"}],"about":[{"href":"https:\/\/www.welovecycling.com\/wide\/wp-json\/wp\/v2\/types\/post"}],"author":[{"embeddable":true,"href":"https:\/\/www.welovecycling.com\/wide\/wp-json\/wp\/v2\/users\/99"}],"replies":[{"embeddable":true,"href":"https:\/\/www.welovecycling.com\/wide\/wp-json\/wp\/v2\/comments?post=198729"}],"version-history":[{"count":3,"href":"https:\/\/www.welovecycling.com\/wide\/wp-json\/wp\/v2\/posts\/198729\/revisions"}],"predecessor-version":[{"id":198738,"href":"https:\/\/www.welovecycling.com\/wide\/wp-json\/wp\/v2\/posts\/198729\/revisions\/198738"}],"wp:featuredmedia":[{"embeddable":true,"href":"https:\/\/www.welovecycling.com\/wide\/wp-json\/wp\/v2\/media\/198732"}],"wp:attachment":[{"href":"https:\/\/www.welovecycling.com\/wide\/wp-json\/wp\/v2\/media?parent=198729"}],"wp:term":[{"taxonomy":"category","embeddable":true,"href":"https:\/\/www.welovecycling.com\/wide\/wp-json\/wp\/v2\/categories?post=198729"},{"taxonomy":"post_tag","embeddable":true,"href":"https:\/\/www.welovecycling.com\/wide\/wp-json\/wp\/v2\/tags?post=198729"},{"taxonomy":"global-categories","embeddable":true,"href":"https:\/\/www.welovecycling.com\/wide\/wp-json\/wp\/v2\/global-categories?post=198729"}],"curies":[{"name":"wp","href":"https:\/\/api.w.org\/{rel}","templated":true}]}}