{"id":198726,"date":"2025-06-09T08:50:43","date_gmt":"2025-06-09T08:50:43","guid":{"rendered":"https:\/\/www.welovecycling.com\/wide\/?p=198726"},"modified":"2025-06-09T08:50:43","modified_gmt":"2025-06-09T08:50:43","slug":"back-in-the-game-cyclings-superstars-return-with-a-statement-at-the-dauphine","status":"publish","type":"post","link":"https:\/\/www.welovecycling.com\/wide\/2025\/06\/09\/back-in-the-game-cyclings-superstars-return-with-a-statement-at-the-dauphine\/","title":{"rendered":"Back in the Game: Cycling\u2019s Superstars Return with a Statement at the Dauphin\u00e9"},"content":{"rendered":"<p data-start=\"438\" data-end=\"800\"><strong>The organizers of this year\u2019s Crit\u00e9rium du Dauphin\u00e9 couldn\u2019t have wished for a more superstar-studded line-up \u2014 or a more symbolic beginning. Stage 1 wasn\u2019t just about a dramatic finish. It marked the high-profile return of cycling\u2019s biggest names from injury and disruption, and their early clash hinted at what\u2019s to come just weeks ahead of the Tour de France.<\/strong><\/p>\n<p data-start=\"438\" data-end=\"800\"><!--more--><\/p>\n<p data-start=\"802\" data-end=\"1218\">With world champion Tadej Poga\u010dar (UAE Team Emirates\u2013XRG), two-time Tour de France winner Jonas Vingegaard (Visma\u2013Lease a Bike), Olympic champion Remco Evenepoel (Soudal Quick-Step) and the multi-talented Mathieu van der Poel (Alpecin-Deceuninck) all on the start list, expectations were high. But few would have predicted that the &#8216;Big Four&#8217; would face off this early \u2014 let alone on a stage suited to the sprinters.<\/p>\n<p data-start=\"1220\" data-end=\"1662\">The finale was kicked off, unexpectedly, by Vingegaard, not typically known for his explosive attacks on flatter finishes. With 5.3 km left on the lumpy 195.8 km course from Dom\u00e9rat to Montlu\u00e7on, the Dane launched off the front. He was quickly followed by the other three superstars, with Evenepoel bridging last. The move turned a sprinter-friendly stage into a late-race showdown between four GC-calibre riders, all with something to prove.<\/p>\n<p data-start=\"1664\" data-end=\"2033\">Romain Bardet (Picnic\u2013PostNL), riding his final pro race, briefly joined the front group alongside Vingegaard\u2019s teammate Matteo Jorgenson and Santiago Buitrago (Bahrain\u2013Victorious), but it was the \u2018Big Four\u2019 who ultimately commanded the spotlight. Even with the peloton chasing hard \u2014 the gap never more than 10 seconds \u2014 it became a test of legs, nerves, and recovery.<\/p>\n<p data-start=\"2035\" data-end=\"2313\">Van der Poel made the first move with 250 meters to go, but it was Poga\u010dar and Vingegaard who swept past, with the Slovenian taking the stage and the yellow jersey. But beyond the result, the deeper story was about the form each rider showed \u2014 and what that might mean for July.<\/p>\n<p data-start=\"2315\" data-end=\"2682\">&#8220;I didn&#8217;t expect it at all,\u201d Poga\u010dar said post-stage. \u201cWe were just thinking about going quickly to the bus at the end of the day and taking a shower. But finally I&#8217;m here with the victory and the yellow jersey. I can go home happy [now] from this Dauphin\u00e9. But it&#8217;s true that the most important things are still to come, with the time trial and the mountain stages.\u201d<\/p>\n<p data-start=\"2684\" data-end=\"2937\">He and Vingegaard shared a laugh at the finish \u2014 two riders returning from spring setbacks, clearly pleased to be back in race shape. \u201cI had a good day, to be honest,\u201d Vingegaard said. \u201cI guess it was the first time I finished second in a bunch sprint.\u201d<\/p>\n<p data-start=\"2939\" data-end=\"3396\">Van der Poel was more subdued, still adjusting to his recent broken wrist sustained at the Nov\u00e9 M\u011bsto mountain bike World Cup. &#8220;I just didn&#8217;t have the legs anymore. Like I said before the race, I could not train in the last weeks,&#8221; he admitted. &#8220;I really felt I was on the limit over the top of the climb, and I hoped my legs would recover a bit for the final sprint, but that was not the case. But to be honest, I&#8217;m quite happy with the performance today.\u201d<\/p>\n<p data-start=\"3398\" data-end=\"3738\">In fact, all four riders are navigating comebacks of some sort. Van der Poel is regaining form after his crash, Vingegaard is building back from his injury at Paris\u2013Nice, and Evenepoel is also fresh off a recovery period. And yet here they were \u2014 animating the finale, testing each other early, and reminding everyone what\u2019s on the horizon.<\/p>\n<p data-start=\"3740\" data-end=\"4210\">Evenepoel reflected on the unpredictability of the moment: \u201cThat\u2019s where modern cycling [is going] to \u2014 you never know what to expect in a race like this. It was pretty special and pretty nice to be up there. Positive signs.\u201d He faded in the sprint but pointed to positioning and wind as factors. \u201cOn paper, Mathieu would have won this sprint easily, but he launched from far away. [The confrontation] was good for racing, but I have a bit of feeling for the sprinters.\u201d<\/p>\n<p data-start=\"4212\" data-end=\"4491\">In the Tour, van der Poel will likely target stage wins and ride support for Jasper Philipsen. The other three have more ambitious GC goals. Based on Stage 1\u2019s effort and intent, the Dauphin\u00e9 is already shaping into more than just a warm-up \u2014 it\u2019s a battlefield in its own right.<\/p>\n","protected":false},"excerpt":{"rendered":"<p>The organizers of this year\u2019s Crit\u00e9rium du Dauphin\u00e9 couldn\u2019t have wished for a more superstar-studded line-up \u2014 or a more [&hellip;]<\/p>\n","protected":false},"author":99,"featured_media":198727,"comment_status":"closed","ping_status":"open","sticky":false,"template":"","format":"standard","meta":{"footnotes":""},"categories":[329],"tags":[8558,438,5436,5450,2933,3544],"global-categories":[3366],"class_list":["post-198726","post","type-post","status-publish","format-standard","has-post-thumbnail","hentry","category-road-cycling","tag-2025-criterium-du-dauphine","tag-criterium-du-dauphine","tag-jasper-philipsen","tag-jonas-vingegaard","tag-mathieu-van-der-poel","tag-remco-evenepoel","global-categories-cycling"],"yoast_head":"<!-- This site is optimized with the Yoast SEO Premium plugin v25.3 (Yoast SEO v25.9) - https:\/\/yoast.com\/wordpress\/plugins\/seo\/ -->\n<title>Cycling\u2019s Superstars Return with a Statement at the Dauphin\u00e9<\/title>\n<meta name=\"description\" content=\"The organizers of this year\u2019s Crit\u00e9rium du Dauphin\u00e9 couldn\u2019t have wished for a more superstar-studded line-up \u2014 or a more symbolic beginning. Stage 1\" \/>\n<meta name=\"robots\" content=\"index, follow, max-snippet:-1, max-image-preview:large, max-video-preview:-1\" \/>\n<link rel=\"canonical\" href=\"https:\/\/www.welovecycling.com\/wide\/2025\/06\/09\/back-in-the-game-cyclings-superstars-return-with-a-statement-at-the-dauphine\/\" \/>\n<meta property=\"og:locale\" content=\"en_US\" \/>\n<meta property=\"og:type\" content=\"article\" \/>\n<meta property=\"og:title\" content=\"Back in the Game: Cycling\u2019s Superstars Return with a Statement at the Dauphin\u00e9\" \/>\n<meta property=\"og:description\" content=\"The organizers of this year\u2019s Crit\u00e9rium du Dauphin\u00e9 couldn\u2019t have wished for a more superstar-studded line-up \u2014 or a more symbolic beginning. Stage 1\" \/>\n<meta property=\"og:url\" content=\"https:\/\/www.welovecycling.com\/wide\/2025\/06\/09\/back-in-the-game-cyclings-superstars-return-with-a-statement-at-the-dauphine\/\" \/>\n<meta property=\"og:site_name\" content=\"\u0160koda We Love Cycling\" \/>\n<meta property=\"article:published_time\" content=\"2025-06-09T08:50:43+00:00\" \/>\n<meta property=\"og:image\" content=\"https:\/\/d2p6e6u75xmxt8.cloudfront.net\/2\/2025\/06\/2025-Criterium-du-Dauphine-profimedia-1008600232-CVR.webp\" \/>\n\t<meta property=\"og:image:width\" content=\"990\" \/>\n\t<meta property=\"og:image:height\" content=\"660\" \/>\n\t<meta property=\"og:image:type\" content=\"image\/webp\" \/>\n<meta name=\"author\" content=\"tereza\" \/>\n<meta name=\"twitter:card\" content=\"summary_large_image\" \/>\n<meta name=\"twitter:label1\" content=\"Written by\" \/>\n\t<meta name=\"twitter:data1\" content=\"Siegfried Mortkowitz\" \/>\n\t<meta name=\"twitter:label2\" content=\"Est. reading time\" \/>\n\t<meta name=\"twitter:data2\" content=\"3\" \/>\n<script type=\"application\/ld+json\" class=\"yoast-schema-graph\">{\"@context\":\"https:\/\/schema.org\",\"@graph\":[{\"@type\":\"WebPage\",\"@id\":\"https:\/\/www.welovecycling.com\/wide\/2025\/06\/09\/back-in-the-game-cyclings-superstars-return-with-a-statement-at-the-dauphine\/\",\"url\":\"https:\/\/www.welovecycling.com\/wide\/2025\/06\/09\/back-in-the-game-cyclings-superstars-return-with-a-statement-at-the-dauphine\/\",\"name\":\"Cycling\u2019s Superstars Return with a Statement at the Dauphin\u00e9\",\"isPartOf\":{\"@id\":\"https:\/\/www.welovecycling.com\/wide\/#website\"},\"primaryImageOfPage\":{\"@id\":\"https:\/\/www.welovecycling.com\/wide\/2025\/06\/09\/back-in-the-game-cyclings-superstars-return-with-a-statement-at-the-dauphine\/#primaryimage\"},\"image\":{\"@id\":\"https:\/\/www.welovecycling.com\/wide\/2025\/06\/09\/back-in-the-game-cyclings-superstars-return-with-a-statement-at-the-dauphine\/#primaryimage\"},\"thumbnailUrl\":\"https:\/\/d2p6e6u75xmxt8.cloudfront.net\/2\/2025\/06\/2025-Criterium-du-Dauphine-profimedia-1008600232-CVR.webp\",\"datePublished\":\"2025-06-09T08:50:43+00:00\",\"author\":{\"@id\":\"https:\/\/www.welovecycling.com\/wide\/#\/schema\/person\/50f01ecd18718d2333cf72e823c4f926\"},\"description\":\"The organizers of this year\u2019s Crit\u00e9rium du Dauphin\u00e9 couldn\u2019t have wished for a more superstar-studded line-up \u2014 or a more symbolic beginning. Stage 1\",\"breadcrumb\":{\"@id\":\"https:\/\/www.welovecycling.com\/wide\/2025\/06\/09\/back-in-the-game-cyclings-superstars-return-with-a-statement-at-the-dauphine\/#breadcrumb\"},\"inLanguage\":\"en-US\",\"potentialAction\":[{\"@type\":\"ReadAction\",\"target\":[\"https:\/\/www.welovecycling.com\/wide\/2025\/06\/09\/back-in-the-game-cyclings-superstars-return-with-a-statement-at-the-dauphine\/\"]}]},{\"@type\":\"ImageObject\",\"inLanguage\":\"en-US\",\"@id\":\"https:\/\/www.welovecycling.com\/wide\/2025\/06\/09\/back-in-the-game-cyclings-superstars-return-with-a-statement-at-the-dauphine\/#primaryimage\",\"url\":\"https:\/\/d2p6e6u75xmxt8.cloudfront.net\/2\/2025\/06\/2025-Criterium-du-Dauphine-profimedia-1008600232-CVR.webp\",\"contentUrl\":\"https:\/\/d2p6e6u75xmxt8.cloudfront.net\/2\/2025\/06\/2025-Criterium-du-Dauphine-profimedia-1008600232-CVR.webp\",\"width\":990,\"height\":660,\"caption\":\"2025 Criterium du Dauphine\"},{\"@type\":\"BreadcrumbList\",\"@id\":\"https:\/\/www.welovecycling.com\/wide\/2025\/06\/09\/back-in-the-game-cyclings-superstars-return-with-a-statement-at-the-dauphine\/#breadcrumb\",\"itemListElement\":[{\"@type\":\"ListItem\",\"position\":1,\"name\":\"Home\",\"item\":\"https:\/\/www.welovecycling.com\/wide\/\"},{\"@type\":\"ListItem\",\"position\":2,\"name\":\"Back in the Game: Cycling\u2019s Superstars Return with a Statement at the Dauphin\u00e9\"}]},{\"@type\":\"WebSite\",\"@id\":\"https:\/\/www.welovecycling.com\/wide\/#website\",\"url\":\"https:\/\/www.welovecycling.com\/wide\/\",\"name\":\"\u0160koda We Love Cycling\",\"description\":\"\u0160koda We Love Cycling magazine\",\"alternateName\":\"\u0160koda WLC\",\"potentialAction\":[{\"@type\":\"SearchAction\",\"target\":{\"@type\":\"EntryPoint\",\"urlTemplate\":\"https:\/\/www.welovecycling.com\/wide\/?s={search_term_string}\"},\"query-input\":{\"@type\":\"PropertyValueSpecification\",\"valueRequired\":true,\"valueName\":\"search_term_string\"}}],\"inLanguage\":\"en-US\"},{\"@type\":\"Person\",\"@id\":\"https:\/\/www.welovecycling.com\/wide\/#\/schema\/person\/50f01ecd18718d2333cf72e823c4f926\",\"name\":\"tereza\",\"image\":{\"@type\":\"ImageObject\",\"inLanguage\":\"en-US\",\"@id\":\"https:\/\/www.welovecycling.com\/wide\/#\/schema\/person\/image\/\",\"url\":\"https:\/\/secure.gravatar.com\/avatar\/1f9eb71be33845f0afabce3791bc1c58ecdb0a25c62964987e5dbcf7a20d2ec7?s=96&d=mm&r=g\",\"contentUrl\":\"https:\/\/secure.gravatar.com\/avatar\/1f9eb71be33845f0afabce3791bc1c58ecdb0a25c62964987e5dbcf7a20d2ec7?s=96&d=mm&r=g\",\"caption\":\"tereza\"},\"url\":\"https:\/\/www.welovecycling.com\/wide\/author\/tereza\/\"}]}<\/script>\n<!-- \/ Yoast SEO Premium plugin. -->","yoast_head_json":{"title":"Cycling\u2019s Superstars Return with a Statement at the Dauphin\u00e9","description":"The organizers of this year\u2019s Crit\u00e9rium du Dauphin\u00e9 couldn\u2019t have wished for a more superstar-studded line-up \u2014 or a more symbolic beginning. Stage 1","robots":{"index":"index","follow":"follow","max-snippet":"max-snippet:-1","max-image-preview":"max-image-preview:large","max-video-preview":"max-video-preview:-1"},"canonical":"https:\/\/www.welovecycling.com\/wide\/2025\/06\/09\/back-in-the-game-cyclings-superstars-return-with-a-statement-at-the-dauphine\/","og_locale":"en_US","og_type":"article","og_title":"Back in the Game: Cycling\u2019s Superstars Return with a Statement at the Dauphin\u00e9","og_description":"The organizers of this year\u2019s Crit\u00e9rium du Dauphin\u00e9 couldn\u2019t have wished for a more superstar-studded line-up \u2014 or a more symbolic beginning. Stage 1","og_url":"https:\/\/www.welovecycling.com\/wide\/2025\/06\/09\/back-in-the-game-cyclings-superstars-return-with-a-statement-at-the-dauphine\/","og_site_name":"\u0160koda We Love Cycling","article_published_time":"2025-06-09T08:50:43+00:00","og_image":[{"width":990,"height":660,"url":"https:\/\/d2p6e6u75xmxt8.cloudfront.net\/2\/2025\/06\/2025-Criterium-du-Dauphine-profimedia-1008600232-CVR.webp","type":"image\/webp"}],"author":"tereza","twitter_card":"summary_large_image","twitter_misc":{"Written by":"Siegfried Mortkowitz","Est. reading time":"3"},"schema":{"@context":"https:\/\/schema.org","@graph":[{"@type":"WebPage","@id":"https:\/\/www.welovecycling.com\/wide\/2025\/06\/09\/back-in-the-game-cyclings-superstars-return-with-a-statement-at-the-dauphine\/","url":"https:\/\/www.welovecycling.com\/wide\/2025\/06\/09\/back-in-the-game-cyclings-superstars-return-with-a-statement-at-the-dauphine\/","name":"Cycling\u2019s Superstars Return with a Statement at the Dauphin\u00e9","isPartOf":{"@id":"https:\/\/www.welovecycling.com\/wide\/#website"},"primaryImageOfPage":{"@id":"https:\/\/www.welovecycling.com\/wide\/2025\/06\/09\/back-in-the-game-cyclings-superstars-return-with-a-statement-at-the-dauphine\/#primaryimage"},"image":{"@id":"https:\/\/www.welovecycling.com\/wide\/2025\/06\/09\/back-in-the-game-cyclings-superstars-return-with-a-statement-at-the-dauphine\/#primaryimage"},"thumbnailUrl":"https:\/\/d2p6e6u75xmxt8.cloudfront.net\/2\/2025\/06\/2025-Criterium-du-Dauphine-profimedia-1008600232-CVR.webp","datePublished":"2025-06-09T08:50:43+00:00","author":{"@id":"https:\/\/www.welovecycling.com\/wide\/#\/schema\/person\/50f01ecd18718d2333cf72e823c4f926"},"description":"The organizers of this year\u2019s Crit\u00e9rium du Dauphin\u00e9 couldn\u2019t have wished for a more superstar-studded line-up \u2014 or a more symbolic beginning. Stage 1","breadcrumb":{"@id":"https:\/\/www.welovecycling.com\/wide\/2025\/06\/09\/back-in-the-game-cyclings-superstars-return-with-a-statement-at-the-dauphine\/#breadcrumb"},"inLanguage":"en-US","potentialAction":[{"@type":"ReadAction","target":["https:\/\/www.welovecycling.com\/wide\/2025\/06\/09\/back-in-the-game-cyclings-superstars-return-with-a-statement-at-the-dauphine\/"]}]},{"@type":"ImageObject","inLanguage":"en-US","@id":"https:\/\/www.welovecycling.com\/wide\/2025\/06\/09\/back-in-the-game-cyclings-superstars-return-with-a-statement-at-the-dauphine\/#primaryimage","url":"https:\/\/d2p6e6u75xmxt8.cloudfront.net\/2\/2025\/06\/2025-Criterium-du-Dauphine-profimedia-1008600232-CVR.webp","contentUrl":"https:\/\/d2p6e6u75xmxt8.cloudfront.net\/2\/2025\/06\/2025-Criterium-du-Dauphine-profimedia-1008600232-CVR.webp","width":990,"height":660,"caption":"2025 Criterium du Dauphine"},{"@type":"BreadcrumbList","@id":"https:\/\/www.welovecycling.com\/wide\/2025\/06\/09\/back-in-the-game-cyclings-superstars-return-with-a-statement-at-the-dauphine\/#breadcrumb","itemListElement":[{"@type":"ListItem","position":1,"name":"Home","item":"https:\/\/www.welovecycling.com\/wide\/"},{"@type":"ListItem","position":2,"name":"Back in the Game: Cycling\u2019s Superstars Return with a Statement at the Dauphin\u00e9"}]},{"@type":"WebSite","@id":"https:\/\/www.welovecycling.com\/wide\/#website","url":"https:\/\/www.welovecycling.com\/wide\/","name":"\u0160koda We Love Cycling","description":"\u0160koda We Love Cycling magazine","alternateName":"\u0160koda WLC","potentialAction":[{"@type":"SearchAction","target":{"@type":"EntryPoint","urlTemplate":"https:\/\/www.welovecycling.com\/wide\/?s={search_term_string}"},"query-input":{"@type":"PropertyValueSpecification","valueRequired":true,"valueName":"search_term_string"}}],"inLanguage":"en-US"},{"@type":"Person","@id":"https:\/\/www.welovecycling.com\/wide\/#\/schema\/person\/50f01ecd18718d2333cf72e823c4f926","name":"tereza","image":{"@type":"ImageObject","inLanguage":"en-US","@id":"https:\/\/www.welovecycling.com\/wide\/#\/schema\/person\/image\/","url":"https:\/\/secure.gravatar.com\/avatar\/1f9eb71be33845f0afabce3791bc1c58ecdb0a25c62964987e5dbcf7a20d2ec7?s=96&d=mm&r=g","contentUrl":"https:\/\/secure.gravatar.com\/avatar\/1f9eb71be33845f0afabce3791bc1c58ecdb0a25c62964987e5dbcf7a20d2ec7?s=96&d=mm&r=g","caption":"tereza"},"url":"https:\/\/www.welovecycling.com\/wide\/author\/tereza\/"}]}},"_links":{"self":[{"href":"https:\/\/www.welovecycling.com\/wide\/wp-json\/wp\/v2\/posts\/198726","targetHints":{"allow":["GET"]}}],"collection":[{"href":"https:\/\/www.welovecycling.com\/wide\/wp-json\/wp\/v2\/posts"}],"about":[{"href":"https:\/\/www.welovecycling.com\/wide\/wp-json\/wp\/v2\/types\/post"}],"author":[{"embeddable":true,"href":"https:\/\/www.welovecycling.com\/wide\/wp-json\/wp\/v2\/users\/99"}],"replies":[{"embeddable":true,"href":"https:\/\/www.welovecycling.com\/wide\/wp-json\/wp\/v2\/comments?post=198726"}],"version-history":[{"count":1,"href":"https:\/\/www.welovecycling.com\/wide\/wp-json\/wp\/v2\/posts\/198726\/revisions"}],"predecessor-version":[{"id":198728,"href":"https:\/\/www.welovecycling.com\/wide\/wp-json\/wp\/v2\/posts\/198726\/revisions\/198728"}],"wp:featuredmedia":[{"embeddable":true,"href":"https:\/\/www.welovecycling.com\/wide\/wp-json\/wp\/v2\/media\/198727"}],"wp:attachment":[{"href":"https:\/\/www.welovecycling.com\/wide\/wp-json\/wp\/v2\/media?parent=198726"}],"wp:term":[{"taxonomy":"category","embeddable":true,"href":"https:\/\/www.welovecycling.com\/wide\/wp-json\/wp\/v2\/categories?post=198726"},{"taxonomy":"post_tag","embeddable":true,"href":"https:\/\/www.welovecycling.com\/wide\/wp-json\/wp\/v2\/tags?post=198726"},{"taxonomy":"global-categories","embeddable":true,"href":"https:\/\/www.welovecycling.com\/wide\/wp-json\/wp\/v2\/global-categories?post=198726"}],"curies":[{"name":"wp","href":"https:\/\/api.w.org\/{rel}","templated":true}]}}