{"id":198682,"date":"2025-06-02T10:39:37","date_gmt":"2025-06-02T10:39:37","guid":{"rendered":"https:\/\/www.welovecycling.com\/wide\/?p=198682"},"modified":"2025-06-02T10:39:37","modified_gmt":"2025-06-02T10:39:37","slug":"simon-yates-finds-glory-with-dramatic-giro-d-italia-victory","status":"publish","type":"post","link":"https:\/\/www.welovecycling.com\/wide\/2025\/06\/02\/simon-yates-finds-glory-with-dramatic-giro-d-italia-victory\/","title":{"rendered":"Simon Yates Finds Glory and Redemption on Finestre with Dramatic Giro Victory"},"content":{"rendered":"<p><strong>Simon Yates banished the ghosts of past failure by conquering the daunting Colle delle Finestre \u2013 the climb that had cost him victory seven years ago \u2013 to win the Giro d\u2019Italia on Saturday\u2019s thrilling \u2013 and baffling \u2013 stage 20. In a race with more twists and turns than the Alpe d\u2019Huez, this final stunner may have been the most outrageous of all as Yates leapfrogged from third place to first by turning a 1:21 disadvantage into a winning margin of 3:56 over former race leader Isaac del Toro (UAE Team Emirates\u2013XRG). Richard Carapaz (EF Education\u2013EasyPost) completed the Giro podium, 4:43 adrift.<\/strong><\/p>\n<p><!--more--><\/p>\n<h2><strong>An emotional comeback<\/strong><\/h2>\n<p>In the most exciting stage of the most exciting Grand Tour in recent memory, Yates\u2019s long solo ride up the most difficult climb in the race (18.5 km @ 9.2% with ramps up to 14%, and including 7 km of gravel) gave him the second Grand Tour victory of his career and probably the best day in his life on as bike. So important was his victory over that mountain that the usually taciturn Yates broke down and cried after the finish.<\/p>\n<p>His reaction was understandable. At the start of stage 19 of the 2018 Giro, he had led the GC by 28 seconds over Tom Dumoulin and 3:22 over Chris Froome, but he cracked trying to follow Froome on the Finistre and finished the stage nearly 40 minutes behind the four-time Tour de France winner, a stinging memory that he has now laid to rest.<\/p>\n<p>\u201cOnce the parcours was released, I always had it in the back of my mind that maybe I could come here and close the chapter,\u201d the still tearful 32-year-old Briton told TNT Sports after the stage. \u201cMaybe not to take the pink jersey and the race, but at least win the stage win or something. To try and show myself the way I know I can do, and to pull it off. I have to thank the guys, the team. They believed in me and even during the stage they were saying, \u2018Just give it a try,\u2019 and I did it in the end.\u201d<\/p>\n<p>He went on to say, \u201cI\u2019m not really an emotional person, but even coming over the finish line, I couldn\u2019t hold back the tears. It\u2019s something I\u2019ve worked towards throughout my career, year after year, and I\u2019ve had a lot of setbacks. I finally managed to pull it off.\u201d<\/p>\n<p>Though he won the race with his heart and with his legs \u2013 he rode the fastest ever ascent in history of the Finestre, 59:22 \u2013 he also had plenty of help, especially from Wout van Aert, who waited for Yates on the descent from the Finestre and then helped him add more than 2 minutes to his advantage over del Toro and Carapaz by leading him down the mountain, across the valley and halfway up the final climb to the finish line at Sestriere (16.3 km @ 3.8%).<\/p>\n<h2><strong>How to lose a Grand Tour without really trying<\/strong><\/h2>\n<p>And there was the unwitting aid of his main rivals, Carapaz and, especially, del Toro. The decisive battle for the race leader\u2019s <em>maglia rosa<\/em>, or pink jersey, was kicked off by Carapaz not far from the foot of the climb. He was followed by del Toro, and the two of them rode off. Yates waited before commencing his chase and eventually, in his calm, measured style, caught them. He then attacked the pair three times, and was always reeled in. But on his fourth attack, Carapaz and del Toro did not respond, allowing him to build a decent gap.<\/p>\n<p>As the wily Ecuadorian and the 21-year-old Mexican tried to outthink each other, the gap to Yates vacillated between 8 and 20 seconds \u2013 until del Toro made his first fatal mistake: he refused to help Carapaz ride in pursuit. The Ecuadorian called his bluff and slowed down, trying to coax his rival into taking up the chase. By the time del Toro finally assumed his responsibility as race leader and started working, Yates was near the summit and was already the virtual race leader. Then van Aert joined him and added more pressure on the pursuers.<\/p>\n<blockquote class=\"instagram-media\" style=\"background: #FFF; border: 0; border-radius: 3px; box-shadow: 0 0 1px 0 rgba(0,0,0,0.5),0 1px 10px 0 rgba(0,0,0,0.15); margin: 1px; max-width: 540px; min-width: 326px; padding: 0; width: calc(100% - 2px);\" data-instgrm-captioned=\"\" data-instgrm-permalink=\"https:\/\/www.instagram.com\/p\/DKXadnfIeWw\/?utm_source=ig_embed&amp;utm_campaign=loading\" data-instgrm-version=\"14\">\n<div style=\"padding: 16px;\">\n<p>&nbsp;<\/p>\n<div style=\"display: flex; flex-direction: row; align-items: center;\">\n<div style=\"background-color: #f4f4f4; border-radius: 50%; flex-grow: 0; height: 40px; margin-right: 14px; width: 40px;\"><\/div>\n<div style=\"display: flex; flex-direction: column; flex-grow: 1; justify-content: center;\">\n<div style=\"background-color: #f4f4f4; border-radius: 4px; flex-grow: 0; height: 14px; margin-bottom: 6px; width: 100px;\"><\/div>\n<div style=\"background-color: #f4f4f4; border-radius: 4px; flex-grow: 0; height: 14px; width: 60px;\"><\/div>\n<\/div>\n<\/div>\n<div style=\"padding: 19% 0;\"><\/div>\n<div style=\"display: block; height: 50px; margin: 0 auto 12px; width: 50px;\"><\/div>\n<div style=\"padding-top: 8px;\">\n<div style=\"color: #3897f0; font-family: Arial,sans-serif; font-size: 14px; font-style: normal; font-weight: 550; line-height: 18px;\">Zobrazit p\u0159\u00edsp\u011bvek na Instagramu<\/div>\n<\/div>\n<div style=\"padding: 12.5% 0;\"><\/div>\n<div style=\"display: flex; flex-direction: row; margin-bottom: 14px; align-items: center;\">\n<div>\n<div style=\"background-color: #f4f4f4; border-radius: 50%; height: 12.5px; width: 12.5px; transform: translateX(0px) translateY(7px);\"><\/div>\n<div style=\"background-color: #f4f4f4; height: 12.5px; transform: rotate(-45deg) translateX(3px) translateY(1px); width: 12.5px; flex-grow: 0; margin-right: 14px; margin-left: 2px;\"><\/div>\n<div style=\"background-color: #f4f4f4; border-radius: 50%; height: 12.5px; width: 12.5px; transform: translateX(9px) translateY(-18px);\"><\/div>\n<\/div>\n<div style=\"margin-left: 8px;\">\n<div style=\"background-color: #f4f4f4; border-radius: 50%; flex-grow: 0; height: 20px; width: 20px;\"><\/div>\n<div style=\"width: 0; height: 0; border-top: 2px solid transparent; border-left: 6px solid #f4f4f4; border-bottom: 2px solid transparent; transform: translateX(16px) translateY(-4px) rotate(30deg);\"><\/div>\n<\/div>\n<div style=\"margin-left: auto;\">\n<div style=\"width: 0px; border-top: 8px solid #F4F4F4; border-right: 8px solid transparent; transform: translateY(16px);\"><\/div>\n<div style=\"background-color: #f4f4f4; flex-grow: 0; height: 12px; width: 16px; transform: translateY(-4px);\"><\/div>\n<div style=\"width: 0; height: 0; border-top: 8px solid #F4F4F4; border-left: 8px solid transparent; transform: translateY(-4px) translateX(8px);\"><\/div>\n<\/div>\n<\/div>\n<div style=\"display: flex; flex-direction: column; flex-grow: 1; justify-content: center; margin-bottom: 24px;\">\n<div style=\"background-color: #f4f4f4; border-radius: 4px; flex-grow: 0; height: 14px; margin-bottom: 6px; width: 224px;\"><\/div>\n<div style=\"background-color: #f4f4f4; border-radius: 4px; flex-grow: 0; height: 14px; width: 144px;\"><\/div>\n<\/div>\n<p>&nbsp;<\/p>\n<p style=\"color: #c9c8cd; font-family: Arial,sans-serif; font-size: 14px; line-height: 17px; margin-bottom: 0; margin-top: 8px; overflow: hidden; padding: 8px 0 7px; text-align: center; text-overflow: ellipsis; white-space: nowrap;\"><a style=\"color: #c9c8cd; font-family: Arial,sans-serif; font-size: 14px; font-style: normal; font-weight: normal; line-height: 17px; text-decoration: none;\" href=\"https:\/\/www.instagram.com\/p\/DKXadnfIeWw\/?utm_source=ig_embed&amp;utm_campaign=loading\" target=\"_blank\" rel=\"noopener\">P\u0159\u00edsp\u011bvek sd\u00edlen\u00fd Giro d&#8217;Italia (@giroditalia)<\/a><\/p>\n<\/div>\n<\/blockquote>\n<p><script async src=\"\/\/www.instagram.com\/embed.js\"><\/script>\u00a0But del Toro\u2019s own goals didn\u2019t stop there because when he and Carapaz reached the valley, he again refused to work with his rival. And this time, the EF Education leader simply put on the brakes, as a way of telling del Toro, \u201cIf you don\u2019t want to win this race, then neither do I.\u201d One has to question why del Toro preferred losing the race to helping Carapaz. And one also has to question the decision of the UAE brain trust not to order del Toro to ride as hard as his legs allowed in pursuit of the pink jersey. As a result, he and Carapaz crossed the finish line 5:13 behind Yates.<\/p>\n<p>And the mind games between del Toro and Carapaz continued after the stage, when the Ecuadorian said, \u201cIn the end, he lost the Giro. I think he didn&#8217;t know how to ride well, and in the end, the smartest guy won.\u201d Del Toro replied by basically admitting he had been racing against Carapaz. \u201cAt the beginning of the Finestre, he wanted to crack everybody, and I just showed he can&#8217;t do that,\u201d he said. \u201cI wanted to be smart on the climb and not go crazy. I knew it would last an hour. I didn&#8217;t want to push 1,000 watts and then stop, like I knew would have happened. That&#8217;s why I paced myself.\u201d<\/p>\n<p>He went on to explain: \u201cSimon came up and I know he has experience and that he&#8217;d ride steady and smart. I think I could have stayed with him, but I knew I had to mark Carapaz because he was the closest to me in GC. Yates was third, and Richie was second, so Richie needed to follow him. I had 1:20 on Simon and so I could let him go a bit. I told Richard that I wouldn&#8217;t work so that he could attack and drop me on the last climb. He told me he wouldn&#8217;t ride, and I said, &#8216;Okay.&#8217; Everyone then saw what happened.\u201d<\/p>\n<p>When del Toro said that he was afraid of being dropped \u201con the last climb\u201d and that he \u201cknew\u201d he would stop if he pushed himself, he basically admitted that he didn\u2019t have the legs to beat Carapaz by working with him. That is the only possible \u2013 the only sane \u2013 explanation, that he and the team knew he couldn\u2019t defend his lead if he did his share of the work on the climb and therefore would probably crack and finish third or worse. So the decision was made to sit on Carapaz\u2019s wheel and outsprint him at the finish, while hoping that no one else would beat them. The team never expected Yates to be as strong as he was and didn\u2019t have a Plan B when he rode away. Whatever the explanation, UAE\u2019s strategy will go down in history with other great tactical failures, such as Napoleon\u2019s at Waterloo.<\/p>\n<p>Yates\u2019s victory also marks a triumphant return to form for Visma\u2013Lease a Bike, which went through a long period of frustration and failure following the injuries suffered by Jonas Vingegaard and <a href=\"https:\/\/www.welovecycling.com\/wide\/2025\/05\/23\/monster-van-aert-leadout-sets-up-kooij-victory-and-other-giro-updates\/\" target=\"_blank\" rel=\"noopener\">van Aert<\/a> in the spring of last year. They got their tactics spot on and are now enjoying some redemption as well. Visma\u2019s Olav Kooij won the bunch sprint of Sunday\u2019s final stage in Rome, his second stage win of the race. This success will give the team a huge boost of confidence heading into the Tour of France, which starts on July 5 in the French city of Lille.<\/p>\n<h4><strong>Results Stage 20, Giro d\u2019Italia, 205 km Verr\u00e8s to Sestriere <\/strong><\/h4>\n<ol>\n<li>Chris Harper, Team Jayco-AlUla 5:27:29<\/li>\n<li>Alessandro Verre, Ark\u00e9a\u2013B&amp;B Hotels \u00a0+1:49<\/li>\n<li>Simon Yates, Visma\u2013Lease a Bike +1:57<\/li>\n<li>Gianmarco Garofoli, Soudal Quick-Step +3:52<\/li>\n<li>R\u00e9my Rochas, Groupama-FDJ +3:57<\/li>\n<li>Martin Marcellusi, VF Group\u2013Bardiani +4:31<\/li>\n<li>Carlos Verona, Lidl-Trek \u201c<\/li>\n<li>Max Poole, Picnic PostNL +6:45<\/li>\n<li>Isaac del Toro, UAE Team Emirates\u2013XRG +7:10<\/li>\n<li>Giulio Pellizzari, Red Bull\u2013BORA\u2013hansgrohe \u201c<\/li>\n<\/ol>\n<h4><strong>Giro d\u2019Italy General Classification, Final standings <\/strong><\/h4>\n<ol>\n<li>Simon Yates, Visma\u2013Lease a Bike 79:18:42<\/li>\n<li>Isaac del Toro, Red Bull\u2013BORA-hansgrohe +3:56<\/li>\n<li>Richard Carapaz, EF Education\u2013EasyPost +4:43<\/li>\n<li>Derek Gee, Israel\u2013Premier Tech +6:23<\/li>\n<li>Damiano Caruso, Bahrain Victorious +7:32<\/li>\n<li>Giulio Pellizzari, Red Bull\u2013BORA\u2013hansgrohe +9:28<\/li>\n<li>Egan Bernal, INEOS Grenadiers +12:42<\/li>\n<li>Einer Rubio, Movistar +13:05<\/li>\n<li>Brandon McNulty, UAE Team Emirates\u2013XRG +13:36<\/li>\n<li>Michael Storer, Tudor Pro +14:27<\/li>\n<\/ol>\n","protected":false},"excerpt":{"rendered":"<p>Simon Yates banished the ghosts of past failure by conquering the daunting Colle delle Finestre \u2013 the climb that had [&hellip;]<\/p>\n","protected":false},"author":99,"featured_media":198683,"comment_status":"closed","ping_status":"open","sticky":false,"template":"","format":"standard","meta":{"footnotes":""},"categories":[329],"tags":[8268,402,7603,3065,1786,831],"global-categories":[3366],"class_list":["post-198682","post","type-post","status-publish","format-standard","has-post-thumbnail","hentry","category-road-cycling","tag-2025-giro","tag-giro-ditalia","tag-isaac-del-toro","tag-richard-carapaz","tag-simon-yates","tag-wout-van-aert","global-categories-cycling"],"yoast_head":"<!-- This site is optimized with the Yoast SEO Premium plugin v25.3 (Yoast SEO v25.9) - https:\/\/yoast.com\/wordpress\/plugins\/seo\/ -->\n<title>Simon Yates Finds Glory on Finestre with Giro d&#039;Italia Victory<\/title>\n<meta name=\"description\" content=\"Simon Yates banished the ghosts of past failure by conquering the daunting Colle delle Finestre \u2013 the climb that had cost him victory seven years ago \u2013 to\" \/>\n<meta name=\"robots\" content=\"index, follow, max-snippet:-1, max-image-preview:large, max-video-preview:-1\" \/>\n<link rel=\"canonical\" href=\"https:\/\/www.welovecycling.com\/wide\/2025\/06\/02\/simon-yates-finds-glory-with-dramatic-giro-d-italia-victory\/\" \/>\n<meta property=\"og:locale\" content=\"en_US\" \/>\n<meta property=\"og:type\" content=\"article\" \/>\n<meta property=\"og:title\" content=\"Simon Yates Finds Glory and Redemption on Finestre with Dramatic Giro Victory\" \/>\n<meta property=\"og:description\" content=\"Simon Yates banished the ghosts of past failure by conquering the daunting Colle delle Finestre \u2013 the climb that had cost him victory seven years ago \u2013 to\" \/>\n<meta property=\"og:url\" content=\"https:\/\/www.welovecycling.com\/wide\/2025\/06\/02\/simon-yates-finds-glory-with-dramatic-giro-d-italia-victory\/\" \/>\n<meta property=\"og:site_name\" content=\"\u0160koda We Love Cycling\" \/>\n<meta property=\"article:published_time\" content=\"2025-06-02T10:39:37+00:00\" \/>\n<meta property=\"og:image\" content=\"https:\/\/d2p6e6u75xmxt8.cloudfront.net\/2\/2025\/06\/Simon-Yates-2025-Giro-profimedia-1006127257-CVR.webp\" \/>\n\t<meta property=\"og:image:width\" content=\"990\" \/>\n\t<meta property=\"og:image:height\" content=\"660\" \/>\n\t<meta property=\"og:image:type\" content=\"image\/webp\" \/>\n<meta name=\"author\" content=\"tereza\" \/>\n<meta name=\"twitter:card\" content=\"summary_large_image\" \/>\n<meta name=\"twitter:label1\" content=\"Written by\" \/>\n\t<meta name=\"twitter:data1\" content=\"Siegfried Mortkowitz\" \/>\n\t<meta name=\"twitter:label2\" content=\"Est. reading time\" \/>\n\t<meta name=\"twitter:data2\" content=\"3\" \/>\n<script type=\"application\/ld+json\" class=\"yoast-schema-graph\">{\"@context\":\"https:\/\/schema.org\",\"@graph\":[{\"@type\":\"WebPage\",\"@id\":\"https:\/\/www.welovecycling.com\/wide\/2025\/06\/02\/simon-yates-finds-glory-with-dramatic-giro-d-italia-victory\/\",\"url\":\"https:\/\/www.welovecycling.com\/wide\/2025\/06\/02\/simon-yates-finds-glory-with-dramatic-giro-d-italia-victory\/\",\"name\":\"Simon Yates Finds Glory on Finestre with Giro d'Italia Victory\",\"isPartOf\":{\"@id\":\"https:\/\/www.welovecycling.com\/wide\/#website\"},\"primaryImageOfPage\":{\"@id\":\"https:\/\/www.welovecycling.com\/wide\/2025\/06\/02\/simon-yates-finds-glory-with-dramatic-giro-d-italia-victory\/#primaryimage\"},\"image\":{\"@id\":\"https:\/\/www.welovecycling.com\/wide\/2025\/06\/02\/simon-yates-finds-glory-with-dramatic-giro-d-italia-victory\/#primaryimage\"},\"thumbnailUrl\":\"https:\/\/d2p6e6u75xmxt8.cloudfront.net\/2\/2025\/06\/Simon-Yates-2025-Giro-profimedia-1006127257-CVR.webp\",\"datePublished\":\"2025-06-02T10:39:37+00:00\",\"author\":{\"@id\":\"https:\/\/www.welovecycling.com\/wide\/#\/schema\/person\/50f01ecd18718d2333cf72e823c4f926\"},\"description\":\"Simon Yates banished the ghosts of past failure by conquering the daunting Colle delle Finestre \u2013 the climb that had cost him victory seven years ago \u2013 to\",\"breadcrumb\":{\"@id\":\"https:\/\/www.welovecycling.com\/wide\/2025\/06\/02\/simon-yates-finds-glory-with-dramatic-giro-d-italia-victory\/#breadcrumb\"},\"inLanguage\":\"en-US\",\"potentialAction\":[{\"@type\":\"ReadAction\",\"target\":[\"https:\/\/www.welovecycling.com\/wide\/2025\/06\/02\/simon-yates-finds-glory-with-dramatic-giro-d-italia-victory\/\"]}]},{\"@type\":\"ImageObject\",\"inLanguage\":\"en-US\",\"@id\":\"https:\/\/www.welovecycling.com\/wide\/2025\/06\/02\/simon-yates-finds-glory-with-dramatic-giro-d-italia-victory\/#primaryimage\",\"url\":\"https:\/\/d2p6e6u75xmxt8.cloudfront.net\/2\/2025\/06\/Simon-Yates-2025-Giro-profimedia-1006127257-CVR.webp\",\"contentUrl\":\"https:\/\/d2p6e6u75xmxt8.cloudfront.net\/2\/2025\/06\/Simon-Yates-2025-Giro-profimedia-1006127257-CVR.webp\",\"width\":990,\"height\":660,\"caption\":\"Simon Yates\"},{\"@type\":\"BreadcrumbList\",\"@id\":\"https:\/\/www.welovecycling.com\/wide\/2025\/06\/02\/simon-yates-finds-glory-with-dramatic-giro-d-italia-victory\/#breadcrumb\",\"itemListElement\":[{\"@type\":\"ListItem\",\"position\":1,\"name\":\"Home\",\"item\":\"https:\/\/www.welovecycling.com\/wide\/\"},{\"@type\":\"ListItem\",\"position\":2,\"name\":\"Simon Yates Finds Glory and Redemption on Finestre with Dramatic Giro Victory\"}]},{\"@type\":\"WebSite\",\"@id\":\"https:\/\/www.welovecycling.com\/wide\/#website\",\"url\":\"https:\/\/www.welovecycling.com\/wide\/\",\"name\":\"\u0160koda We Love Cycling\",\"description\":\"\u0160koda We Love Cycling magazine\",\"alternateName\":\"\u0160koda WLC\",\"potentialAction\":[{\"@type\":\"SearchAction\",\"target\":{\"@type\":\"EntryPoint\",\"urlTemplate\":\"https:\/\/www.welovecycling.com\/wide\/?s={search_term_string}\"},\"query-input\":{\"@type\":\"PropertyValueSpecification\",\"valueRequired\":true,\"valueName\":\"search_term_string\"}}],\"inLanguage\":\"en-US\"},{\"@type\":\"Person\",\"@id\":\"https:\/\/www.welovecycling.com\/wide\/#\/schema\/person\/50f01ecd18718d2333cf72e823c4f926\",\"name\":\"tereza\",\"image\":{\"@type\":\"ImageObject\",\"inLanguage\":\"en-US\",\"@id\":\"https:\/\/www.welovecycling.com\/wide\/#\/schema\/person\/image\/\",\"url\":\"https:\/\/secure.gravatar.com\/avatar\/1f9eb71be33845f0afabce3791bc1c58ecdb0a25c62964987e5dbcf7a20d2ec7?s=96&d=mm&r=g\",\"contentUrl\":\"https:\/\/secure.gravatar.com\/avatar\/1f9eb71be33845f0afabce3791bc1c58ecdb0a25c62964987e5dbcf7a20d2ec7?s=96&d=mm&r=g\",\"caption\":\"tereza\"},\"url\":\"https:\/\/www.welovecycling.com\/wide\/author\/tereza\/\"}]}<\/script>\n<!-- \/ Yoast SEO Premium plugin. -->","yoast_head_json":{"title":"Simon Yates Finds Glory on Finestre with Giro d'Italia Victory","description":"Simon Yates banished the ghosts of past failure by conquering the daunting Colle delle Finestre \u2013 the climb that had cost him victory seven years ago \u2013 to","robots":{"index":"index","follow":"follow","max-snippet":"max-snippet:-1","max-image-preview":"max-image-preview:large","max-video-preview":"max-video-preview:-1"},"canonical":"https:\/\/www.welovecycling.com\/wide\/2025\/06\/02\/simon-yates-finds-glory-with-dramatic-giro-d-italia-victory\/","og_locale":"en_US","og_type":"article","og_title":"Simon Yates Finds Glory and Redemption on Finestre with Dramatic Giro Victory","og_description":"Simon Yates banished the ghosts of past failure by conquering the daunting Colle delle Finestre \u2013 the climb that had cost him victory seven years ago \u2013 to","og_url":"https:\/\/www.welovecycling.com\/wide\/2025\/06\/02\/simon-yates-finds-glory-with-dramatic-giro-d-italia-victory\/","og_site_name":"\u0160koda We Love Cycling","article_published_time":"2025-06-02T10:39:37+00:00","og_image":[{"width":990,"height":660,"url":"https:\/\/d2p6e6u75xmxt8.cloudfront.net\/2\/2025\/06\/Simon-Yates-2025-Giro-profimedia-1006127257-CVR.webp","type":"image\/webp"}],"author":"tereza","twitter_card":"summary_large_image","twitter_misc":{"Written by":"Siegfried Mortkowitz","Est. reading time":"3"},"schema":{"@context":"https:\/\/schema.org","@graph":[{"@type":"WebPage","@id":"https:\/\/www.welovecycling.com\/wide\/2025\/06\/02\/simon-yates-finds-glory-with-dramatic-giro-d-italia-victory\/","url":"https:\/\/www.welovecycling.com\/wide\/2025\/06\/02\/simon-yates-finds-glory-with-dramatic-giro-d-italia-victory\/","name":"Simon Yates Finds Glory on Finestre with Giro d'Italia Victory","isPartOf":{"@id":"https:\/\/www.welovecycling.com\/wide\/#website"},"primaryImageOfPage":{"@id":"https:\/\/www.welovecycling.com\/wide\/2025\/06\/02\/simon-yates-finds-glory-with-dramatic-giro-d-italia-victory\/#primaryimage"},"image":{"@id":"https:\/\/www.welovecycling.com\/wide\/2025\/06\/02\/simon-yates-finds-glory-with-dramatic-giro-d-italia-victory\/#primaryimage"},"thumbnailUrl":"https:\/\/d2p6e6u75xmxt8.cloudfront.net\/2\/2025\/06\/Simon-Yates-2025-Giro-profimedia-1006127257-CVR.webp","datePublished":"2025-06-02T10:39:37+00:00","author":{"@id":"https:\/\/www.welovecycling.com\/wide\/#\/schema\/person\/50f01ecd18718d2333cf72e823c4f926"},"description":"Simon Yates banished the ghosts of past failure by conquering the daunting Colle delle Finestre \u2013 the climb that had cost him victory seven years ago \u2013 to","breadcrumb":{"@id":"https:\/\/www.welovecycling.com\/wide\/2025\/06\/02\/simon-yates-finds-glory-with-dramatic-giro-d-italia-victory\/#breadcrumb"},"inLanguage":"en-US","potentialAction":[{"@type":"ReadAction","target":["https:\/\/www.welovecycling.com\/wide\/2025\/06\/02\/simon-yates-finds-glory-with-dramatic-giro-d-italia-victory\/"]}]},{"@type":"ImageObject","inLanguage":"en-US","@id":"https:\/\/www.welovecycling.com\/wide\/2025\/06\/02\/simon-yates-finds-glory-with-dramatic-giro-d-italia-victory\/#primaryimage","url":"https:\/\/d2p6e6u75xmxt8.cloudfront.net\/2\/2025\/06\/Simon-Yates-2025-Giro-profimedia-1006127257-CVR.webp","contentUrl":"https:\/\/d2p6e6u75xmxt8.cloudfront.net\/2\/2025\/06\/Simon-Yates-2025-Giro-profimedia-1006127257-CVR.webp","width":990,"height":660,"caption":"Simon Yates"},{"@type":"BreadcrumbList","@id":"https:\/\/www.welovecycling.com\/wide\/2025\/06\/02\/simon-yates-finds-glory-with-dramatic-giro-d-italia-victory\/#breadcrumb","itemListElement":[{"@type":"ListItem","position":1,"name":"Home","item":"https:\/\/www.welovecycling.com\/wide\/"},{"@type":"ListItem","position":2,"name":"Simon Yates Finds Glory and Redemption on Finestre with Dramatic Giro Victory"}]},{"@type":"WebSite","@id":"https:\/\/www.welovecycling.com\/wide\/#website","url":"https:\/\/www.welovecycling.com\/wide\/","name":"\u0160koda We Love Cycling","description":"\u0160koda We Love Cycling magazine","alternateName":"\u0160koda WLC","potentialAction":[{"@type":"SearchAction","target":{"@type":"EntryPoint","urlTemplate":"https:\/\/www.welovecycling.com\/wide\/?s={search_term_string}"},"query-input":{"@type":"PropertyValueSpecification","valueRequired":true,"valueName":"search_term_string"}}],"inLanguage":"en-US"},{"@type":"Person","@id":"https:\/\/www.welovecycling.com\/wide\/#\/schema\/person\/50f01ecd18718d2333cf72e823c4f926","name":"tereza","image":{"@type":"ImageObject","inLanguage":"en-US","@id":"https:\/\/www.welovecycling.com\/wide\/#\/schema\/person\/image\/","url":"https:\/\/secure.gravatar.com\/avatar\/1f9eb71be33845f0afabce3791bc1c58ecdb0a25c62964987e5dbcf7a20d2ec7?s=96&d=mm&r=g","contentUrl":"https:\/\/secure.gravatar.com\/avatar\/1f9eb71be33845f0afabce3791bc1c58ecdb0a25c62964987e5dbcf7a20d2ec7?s=96&d=mm&r=g","caption":"tereza"},"url":"https:\/\/www.welovecycling.com\/wide\/author\/tereza\/"}]}},"_links":{"self":[{"href":"https:\/\/www.welovecycling.com\/wide\/wp-json\/wp\/v2\/posts\/198682","targetHints":{"allow":["GET"]}}],"collection":[{"href":"https:\/\/www.welovecycling.com\/wide\/wp-json\/wp\/v2\/posts"}],"about":[{"href":"https:\/\/www.welovecycling.com\/wide\/wp-json\/wp\/v2\/types\/post"}],"author":[{"embeddable":true,"href":"https:\/\/www.welovecycling.com\/wide\/wp-json\/wp\/v2\/users\/99"}],"replies":[{"embeddable":true,"href":"https:\/\/www.welovecycling.com\/wide\/wp-json\/wp\/v2\/comments?post=198682"}],"version-history":[{"count":1,"href":"https:\/\/www.welovecycling.com\/wide\/wp-json\/wp\/v2\/posts\/198682\/revisions"}],"predecessor-version":[{"id":198684,"href":"https:\/\/www.welovecycling.com\/wide\/wp-json\/wp\/v2\/posts\/198682\/revisions\/198684"}],"wp:featuredmedia":[{"embeddable":true,"href":"https:\/\/www.welovecycling.com\/wide\/wp-json\/wp\/v2\/media\/198683"}],"wp:attachment":[{"href":"https:\/\/www.welovecycling.com\/wide\/wp-json\/wp\/v2\/media?parent=198682"}],"wp:term":[{"taxonomy":"category","embeddable":true,"href":"https:\/\/www.welovecycling.com\/wide\/wp-json\/wp\/v2\/categories?post=198682"},{"taxonomy":"post_tag","embeddable":true,"href":"https:\/\/www.welovecycling.com\/wide\/wp-json\/wp\/v2\/tags?post=198682"},{"taxonomy":"global-categories","embeddable":true,"href":"https:\/\/www.welovecycling.com\/wide\/wp-json\/wp\/v2\/global-categories?post=198682"}],"curies":[{"name":"wp","href":"https:\/\/api.w.org\/{rel}","templated":true}]}}