{"id":198677,"date":"2025-05-30T10:45:38","date_gmt":"2025-05-30T10:45:38","guid":{"rendered":"https:\/\/www.welovecycling.com\/wide\/?p=198677"},"modified":"2025-05-30T11:00:54","modified_gmt":"2025-05-30T11:00:54","slug":"a-super-dramatic-giro-ditalia-heads-for-a-super-dramatic-finish-in-rome","status":"publish","type":"post","link":"https:\/\/www.welovecycling.com\/wide\/2025\/05\/30\/a-super-dramatic-giro-ditalia-heads-for-a-super-dramatic-finish-in-rome\/","title":{"rendered":"A Super Dramatic Giro d\u2019Italia Heads for a Super Dramatic Finish in Rome"},"content":{"rendered":"<p><strong>With three stages left to race, this rollercoaster Giro d\u2019Italia is finely poised as less than a minute separates the top three GC contenders, with a fourth rider less than two minutes behind the surprise leader, Isaac del Toro (UAE Team Emirates). The 21-year-old Mexican scored an impressive win on Wednesday\u2019s stage 17, riding away from his nearest rivals to increase his lead.<\/strong><\/p>\n<p><!--more--><\/p>\n<h2><strong>Where we\u2019re at<\/strong><\/h2>\n<p>After Thursday\u2019s stage 18, he leads Richard Carapaz (EF Education\u2013EasyPost) by 41 seconds, with Simon Yates (Visma\u2013Lease a Bike) a further 10 seconds adrift in third. Israel\u2013Premier Tech\u2019s Derek Gee sits 1:57 down in fourth place. Each of these four riders could win this Giro because large gains and losses are definitely possible on the next two stages, each of which has at least 4,000 meters of climbing.<\/p>\n<p>So, the Giro will be won by the best climber, as Grand Tours usually are. For me, the best climber in the race, by some distance, is Carapaz. Though he lost time to del Toro on Wednesday, that was because the Mexican rider is quicker on the flat, and the last part of the race was flat. The finishes on Friday and Saturday are not considered summit finishes, but the final climbs come close enough to the finish lines that they may as well be. And they are hard enough to really shake things up again.<\/p>\n<p>On Friday\u2019s stage 19, the final climb is easy enough, 9.5km @ 4.7%, and the finish line comes 5km after its summit, most of which is descent, but it is preceded by three tough Category 1 climbs, the last of which, the Col du Joux (15.3km @ 6.9%) comes immediately before it. On Saturday\u2019s stage, the finish line comes just a stone\u2019s throw from the summit of the final climb, a Category 3 to Sestriere (16.3km @ 3.8%). But that ascent is preceded by the HC (Beyond Category) Colle delle Finestre (18.4km @ 9.2%!), where the race may well be decided.<\/p>\n<h2><strong>Who will win<\/strong><\/h2>\n<p>But whoever comes over the Finestre climb first better have a sizable lead on del Toro, because he is fast and has shown that he can climb modest mountains. That means that, to defeat del Toro, Carapaz (or Yates or Gee) will have to begin building that lead on Friday, on the Col du Joux or even as early as the Category 1 climb before it, the Colle di San P\u00e1nthaleone (16.5km @ 7.2%).<\/p>\n<p>That\u2019s a lot of numbers to throw out, but this race will be decided by those numbers because, from what I\u2019ve seen, the now 32-year-old Carapaz (birthday on Thursday) is best on the long, steep climbs, where he can exploit his explosiveness and his stamina. He will certainly burst into the lead on one or two of the above-mentioned climbs, with (probably) Yates, Gee and maybe del Toro in pursuit. Yates and Gee will then try to climb at their own pace, to try and catch Carapaz in the hope that he will tire.<\/p>\n<p>It&#8217;s unclear if del Toro will be able to follow them. He wasn\u2019t able to follow them on Tuesday\u2019s final climb, but one theory put forward suggests that he never rides well on the race after a rest day. That\u2019s a new one for me. In any case, based on available data, visual plus history, Carapaz should win the race. But the Giro is always unpredictable (unless Poga\u010dar rides in it), and this edition has been insane.<\/p>\n<blockquote class=\"instagram-media\" style=\"background: #FFF; border: 0; border-radius: 3px; box-shadow: 0 0 1px 0 rgba(0,0,0,0.5),0 1px 10px 0 rgba(0,0,0,0.15); margin: 1px; max-width: 540px; min-width: 326px; padding: 0; width: calc(100% - 2px);\" data-instgrm-captioned=\"\" data-instgrm-permalink=\"https:\/\/www.instagram.com\/p\/DKP2JgzCY7X\/?utm_source=ig_embed&amp;utm_campaign=loading\" data-instgrm-version=\"14\">\n<div style=\"padding: 16px;\">\n<p>&nbsp;<\/p>\n<div style=\"display: flex; flex-direction: row; align-items: center;\">\n<div style=\"background-color: #f4f4f4; border-radius: 50%; flex-grow: 0; height: 40px; margin-right: 14px; width: 40px;\"><\/div>\n<div style=\"display: flex; flex-direction: column; flex-grow: 1; justify-content: center;\">\n<div style=\"background-color: #f4f4f4; border-radius: 4px; flex-grow: 0; height: 14px; margin-bottom: 6px; width: 100px;\"><\/div>\n<div style=\"background-color: #f4f4f4; border-radius: 4px; flex-grow: 0; height: 14px; width: 60px;\"><\/div>\n<\/div>\n<\/div>\n<div style=\"padding: 19% 0;\"><\/div>\n<div style=\"display: block; height: 50px; margin: 0 auto 12px; width: 50px;\"><\/div>\n<div style=\"padding-top: 8px;\">\n<div style=\"color: #3897f0; font-family: Arial,sans-serif; font-size: 14px; font-style: normal; font-weight: 550; line-height: 18px;\">Zobrazit p\u0159\u00edsp\u011bvek na Instagramu<\/div>\n<\/div>\n<div style=\"padding: 12.5% 0;\"><\/div>\n<div style=\"display: flex; flex-direction: row; margin-bottom: 14px; align-items: center;\">\n<div>\n<div style=\"background-color: #f4f4f4; border-radius: 50%; height: 12.5px; width: 12.5px; transform: translateX(0px) translateY(7px);\"><\/div>\n<div style=\"background-color: #f4f4f4; height: 12.5px; transform: rotate(-45deg) translateX(3px) translateY(1px); width: 12.5px; flex-grow: 0; margin-right: 14px; margin-left: 2px;\"><\/div>\n<div style=\"background-color: #f4f4f4; border-radius: 50%; height: 12.5px; width: 12.5px; transform: translateX(9px) translateY(-18px);\"><\/div>\n<\/div>\n<div style=\"margin-left: 8px;\">\n<div style=\"background-color: #f4f4f4; border-radius: 50%; flex-grow: 0; height: 20px; width: 20px;\"><\/div>\n<div style=\"width: 0; height: 0; border-top: 2px solid transparent; border-left: 6px solid #f4f4f4; border-bottom: 2px solid transparent; transform: translateX(16px) translateY(-4px) rotate(30deg);\"><\/div>\n<\/div>\n<div style=\"margin-left: auto;\">\n<div style=\"width: 0px; border-top: 8px solid #F4F4F4; border-right: 8px solid transparent; transform: translateY(16px);\"><\/div>\n<div style=\"background-color: #f4f4f4; flex-grow: 0; height: 12px; width: 16px; transform: translateY(-4px);\"><\/div>\n<div style=\"width: 0; height: 0; border-top: 8px solid #F4F4F4; border-left: 8px solid transparent; transform: translateY(-4px) translateX(8px);\"><\/div>\n<\/div>\n<\/div>\n<div style=\"display: flex; flex-direction: column; flex-grow: 1; justify-content: center; margin-bottom: 24px;\">\n<div style=\"background-color: #f4f4f4; border-radius: 4px; flex-grow: 0; height: 14px; margin-bottom: 6px; width: 224px;\"><\/div>\n<div style=\"background-color: #f4f4f4; border-radius: 4px; flex-grow: 0; height: 14px; width: 144px;\"><\/div>\n<\/div>\n<p>&nbsp;<\/p>\n<p style=\"color: #c9c8cd; font-family: Arial,sans-serif; font-size: 14px; line-height: 17px; margin-bottom: 0; margin-top: 8px; overflow: hidden; padding: 8px 0 7px; text-align: center; text-overflow: ellipsis; white-space: nowrap;\"><a style=\"color: #c9c8cd; font-family: Arial,sans-serif; font-size: 14px; font-style: normal; font-weight: normal; line-height: 17px; text-decoration: none;\" href=\"https:\/\/www.instagram.com\/p\/DKP2JgzCY7X\/?utm_source=ig_embed&amp;utm_campaign=loading\" target=\"_blank\" rel=\"noopener\">P\u0159\u00edsp\u011bvek sd\u00edlen\u00fd Giro d&#8217;Italia (@giroditalia)<\/a><\/p>\n<\/div>\n<\/blockquote>\n<h2><script async src=\"\/\/www.instagram.com\/embed.js\"><\/script><strong>If it wasn\u2019t for bad luck they wouldn\u2019t have any luck at all<\/strong><\/h2>\n<p>The big losers \u2013 or, more accurately, hard-luck victims \u2013 of this race were the two pre-race favourites, Primo\u017e Rogli\u010d (Red Bull\u2013BORA\u2013hansgrohe) and Juan Ayuso (UAE Team Emirates\u2013XRG). Neither of them is still in the race. Rogli\u010d abandoned on Tuesday, after crashing for the fourth time in the race, and Ayuso dropped out on Thursday, finally succumbing to the knee injury he suffered on stage 9.<\/p>\n<p>Rogli\u010d\u2019s story is straightforward and familiar, for he has a history of falling off his bike in a Grand Tour. He will presumably use the extra days of rest to recover and prepare for the Tour de France, the race he (still) really wants to win. He is 35 years old, so this may be his best chance. I wish him luck, because he deserves one final triumph. But can he really beat Poga\u010dar and Vingegaard? We\u2019ll see.<\/p>\n<p>Ayuso\u2019s tale is more complex, for it is tied up with the question of who was UAE\u2019s real leader, which was first asked after stage 9, in which he injured his knee and del Toro raced into the race leader\u2019s <em>maglia rosa<\/em>. The team\u2019s indecision on that score hurt both riders, until Tuesday when UAE staff members announced at a press conference (which Ayuso refused to attend) that del Toro was the leader.<\/p>\n<p>Since then, the Spaniard has been a mere shadow of himself and actually wound up riding in a grupetto (a group of riders dropped by the peloton) for the first time. Interviewed by TNT Sports before Thursday\u2019s stage, he appeared with a badly swollen eye. \u201cA bee went under my helmet,\u201d he explained. \u201cI can\u2019t see out of my right eye.\u201d<\/p>\n<p>He said doctors had advised against his continuing in the race, but he said he wanted to show that he was always a good team member. Of riding in a grupetto for the first time, he said, \u201cI\u2019m always at the front fighting for the win. It was pure misery in the back.\u201d And then he summed up his experience in the race: \u201cEverything seems going against me.\u201d<\/p>\n<p>Rogli\u010d could say the same. His wife, Lora Roglic Klinc, told the <a href=\"https:\/\/siol.net\/trendi\/zvezde-in-slavni\/nepridipravi-vlomili-v-kamper-druzine-primoza-roglica-663631\">Slovenian news outlet Siol<\/a> that thieves had broken into the family\u2019s camper during the stage 10 ITT. &#8220;They smashed a window and stole a laptop that had been hidden under the bed, a mobile phone that Primoz had brought me from the Tokyo Olympic Games, some cash, and two rings,\u201d she said.<\/p>\n<p>So in the future, if you think you\u2019re having a bad day, reflect on Rogli\u010d and Ayuso in the Giro and remember that it can always be worse.<\/p>\n<h2><strong>Emotional Red Bull<\/strong><\/h2>\n<p>Nico Denz (Red Bull\u2013BORA\u2013hansgrohe) won Thursday\u2019s stage 18 with a 17km solo breakaway from an 11-rider group that had broken away from a 35-rider breakaway group, on a day on which most of the peloton rested ahead of the two testing mountain stages that will decide the race. That was Red Bull\u2019s first road victory since March and a nice consolation for the hard luck that struck Rogli\u010d.<\/p>\n<p>Denz won the third Giro stage of his career and said after the race that &#8220;this is probably the most emotional one after losing Jai [Hindley] early on and then Primo\u017e.\u201d Hindley crashed out of the race on stage 1. \u00a0&#8220;We invested a lot and everybody in the whole team \u2013 not only the riders but the staff \u2013 had this one big goal of winning the Giro d\u2019Italia with Primo\u017e Rogli\u010d.<\/p>\n<p>\u201cWe were on altitude for two months, I\u2019m now three months gone from home \u2013 didn\u2019t see my wife or my children \u2013 and in the end, if you lose a leader like Primo\u017e, you also lose a dream. It feels like all this hard work is for nothing. Luckily we turned around and could motivate ourselves, with Giulio [Pellizzari] doing a fantastic job in the GC and now winning here today for me \u2013 on Father\u2019s Day, by the way \u2013 it\u2019s pretty special.&#8221; He then greeted his father in German.<\/p>\n<p>In other news, four-stage winner Mads Pedersen has sewn up the points classification competition with three days to go. All he has to do is stay on his bike and he will take the <em>maglia ciclamino<\/em> (purple jersey) on Sunday. The same is true of the indefatigable Lorenzo Fortunato (XDS-Astana) and the King of the Mountains competition. He has a lead of 230 points over his teammate Christian Scaroni. It\u2019s probably still mathematically possible for someone to overtake him with all those mountains left to climb, but it is physically impossible that one rider reaches all those summits first \u2013 and it certainly won\u2019t be Scaroni.<\/p>\n","protected":false},"excerpt":{"rendered":"<p>With three stages left to race, this rollercoaster Giro d\u2019Italia is finely poised as less than a minute separates the [&hellip;]<\/p>\n","protected":false},"author":99,"featured_media":198678,"comment_status":"closed","ping_status":"open","sticky":false,"template":"","format":"standard","meta":{"footnotes":""},"categories":[329],"tags":[8268,402,7603,6699,3559,1221,3065],"global-categories":[3366],"class_list":["post-198677","post","type-post","status-publish","format-standard","has-post-thumbnail","hentry","category-road-cycling","tag-2025-giro","tag-giro-ditalia","tag-isaac-del-toro","tag-juan-ayuso","tag-mads-pedersen","tag-primoz-roglic","tag-richard-carapaz","global-categories-cycling"],"yoast_head":"<!-- This site is optimized with the Yoast SEO Premium plugin v25.3 (Yoast SEO v25.9) - https:\/\/yoast.com\/wordpress\/plugins\/seo\/ -->\n<title>A Super Dramatic Giro d\u2019Italia Heads for a Dramatic Finish in Rome<\/title>\n<meta name=\"description\" content=\"With three stages left to race, this rollercoaster Giro d\u2019Italia is finely poised as less than a minute separates the top three GC contenders, with a\" \/>\n<meta name=\"robots\" content=\"index, follow, max-snippet:-1, max-image-preview:large, max-video-preview:-1\" \/>\n<link rel=\"canonical\" href=\"https:\/\/www.welovecycling.com\/wide\/2025\/05\/30\/a-super-dramatic-giro-ditalia-heads-for-a-super-dramatic-finish-in-rome\/\" \/>\n<meta property=\"og:locale\" content=\"en_US\" \/>\n<meta property=\"og:type\" content=\"article\" \/>\n<meta property=\"og:title\" content=\"A Super Dramatic Giro d\u2019Italia Heads for a Super Dramatic Finish in Rome\" \/>\n<meta property=\"og:description\" content=\"With three stages left to race, this rollercoaster Giro d\u2019Italia is finely poised as less than a minute separates the top three GC contenders, with a\" \/>\n<meta property=\"og:url\" content=\"https:\/\/www.welovecycling.com\/wide\/2025\/05\/30\/a-super-dramatic-giro-ditalia-heads-for-a-super-dramatic-finish-in-rome\/\" \/>\n<meta property=\"og:site_name\" content=\"\u0160koda We Love Cycling\" \/>\n<meta property=\"article:published_time\" content=\"2025-05-30T10:45:38+00:00\" \/>\n<meta property=\"article:modified_time\" content=\"2025-05-30T11:00:54+00:00\" \/>\n<meta property=\"og:image\" content=\"https:\/\/d2p6e6u75xmxt8.cloudfront.net\/2\/2025\/05\/Del-Toro-Pellizzari-Giro-profimedia-1005130177-CVR.webp\" \/>\n\t<meta property=\"og:image:width\" content=\"990\" \/>\n\t<meta property=\"og:image:height\" content=\"660\" \/>\n\t<meta property=\"og:image:type\" content=\"image\/webp\" \/>\n<meta name=\"author\" content=\"tereza\" \/>\n<meta name=\"twitter:card\" content=\"summary_large_image\" \/>\n<meta name=\"twitter:label1\" content=\"Written by\" \/>\n\t<meta name=\"twitter:data1\" content=\"Siegfried Mortkowitz\" \/>\n\t<meta name=\"twitter:label2\" content=\"Est. reading time\" \/>\n\t<meta name=\"twitter:data2\" content=\"3\" \/>\n<script type=\"application\/ld+json\" class=\"yoast-schema-graph\">{\"@context\":\"https:\/\/schema.org\",\"@graph\":[{\"@type\":\"WebPage\",\"@id\":\"https:\/\/www.welovecycling.com\/wide\/2025\/05\/30\/a-super-dramatic-giro-ditalia-heads-for-a-super-dramatic-finish-in-rome\/\",\"url\":\"https:\/\/www.welovecycling.com\/wide\/2025\/05\/30\/a-super-dramatic-giro-ditalia-heads-for-a-super-dramatic-finish-in-rome\/\",\"name\":\"A Super Dramatic Giro d\u2019Italia Heads for a Dramatic Finish in Rome\",\"isPartOf\":{\"@id\":\"https:\/\/www.welovecycling.com\/wide\/#website\"},\"primaryImageOfPage\":{\"@id\":\"https:\/\/www.welovecycling.com\/wide\/2025\/05\/30\/a-super-dramatic-giro-ditalia-heads-for-a-super-dramatic-finish-in-rome\/#primaryimage\"},\"image\":{\"@id\":\"https:\/\/www.welovecycling.com\/wide\/2025\/05\/30\/a-super-dramatic-giro-ditalia-heads-for-a-super-dramatic-finish-in-rome\/#primaryimage\"},\"thumbnailUrl\":\"https:\/\/d2p6e6u75xmxt8.cloudfront.net\/2\/2025\/05\/Del-Toro-Pellizzari-Giro-profimedia-1005130177-CVR.webp\",\"datePublished\":\"2025-05-30T10:45:38+00:00\",\"dateModified\":\"2025-05-30T11:00:54+00:00\",\"author\":{\"@id\":\"https:\/\/www.welovecycling.com\/wide\/#\/schema\/person\/50f01ecd18718d2333cf72e823c4f926\"},\"description\":\"With three stages left to race, this rollercoaster Giro d\u2019Italia is finely poised as less than a minute separates the top three GC contenders, with a\",\"breadcrumb\":{\"@id\":\"https:\/\/www.welovecycling.com\/wide\/2025\/05\/30\/a-super-dramatic-giro-ditalia-heads-for-a-super-dramatic-finish-in-rome\/#breadcrumb\"},\"inLanguage\":\"en-US\",\"potentialAction\":[{\"@type\":\"ReadAction\",\"target\":[\"https:\/\/www.welovecycling.com\/wide\/2025\/05\/30\/a-super-dramatic-giro-ditalia-heads-for-a-super-dramatic-finish-in-rome\/\"]}]},{\"@type\":\"ImageObject\",\"inLanguage\":\"en-US\",\"@id\":\"https:\/\/www.welovecycling.com\/wide\/2025\/05\/30\/a-super-dramatic-giro-ditalia-heads-for-a-super-dramatic-finish-in-rome\/#primaryimage\",\"url\":\"https:\/\/d2p6e6u75xmxt8.cloudfront.net\/2\/2025\/05\/Del-Toro-Pellizzari-Giro-profimedia-1005130177-CVR.webp\",\"contentUrl\":\"https:\/\/d2p6e6u75xmxt8.cloudfront.net\/2\/2025\/05\/Del-Toro-Pellizzari-Giro-profimedia-1005130177-CVR.webp\",\"width\":990,\"height\":660,\"caption\":\"Isaac del Toro\"},{\"@type\":\"BreadcrumbList\",\"@id\":\"https:\/\/www.welovecycling.com\/wide\/2025\/05\/30\/a-super-dramatic-giro-ditalia-heads-for-a-super-dramatic-finish-in-rome\/#breadcrumb\",\"itemListElement\":[{\"@type\":\"ListItem\",\"position\":1,\"name\":\"Home\",\"item\":\"https:\/\/www.welovecycling.com\/wide\/\"},{\"@type\":\"ListItem\",\"position\":2,\"name\":\"A Super Dramatic Giro d\u2019Italia Heads for a Super Dramatic Finish in Rome\"}]},{\"@type\":\"WebSite\",\"@id\":\"https:\/\/www.welovecycling.com\/wide\/#website\",\"url\":\"https:\/\/www.welovecycling.com\/wide\/\",\"name\":\"\u0160koda We Love Cycling\",\"description\":\"\u0160koda We Love Cycling magazine\",\"alternateName\":\"\u0160koda WLC\",\"potentialAction\":[{\"@type\":\"SearchAction\",\"target\":{\"@type\":\"EntryPoint\",\"urlTemplate\":\"https:\/\/www.welovecycling.com\/wide\/?s={search_term_string}\"},\"query-input\":{\"@type\":\"PropertyValueSpecification\",\"valueRequired\":true,\"valueName\":\"search_term_string\"}}],\"inLanguage\":\"en-US\"},{\"@type\":\"Person\",\"@id\":\"https:\/\/www.welovecycling.com\/wide\/#\/schema\/person\/50f01ecd18718d2333cf72e823c4f926\",\"name\":\"tereza\",\"image\":{\"@type\":\"ImageObject\",\"inLanguage\":\"en-US\",\"@id\":\"https:\/\/www.welovecycling.com\/wide\/#\/schema\/person\/image\/\",\"url\":\"https:\/\/secure.gravatar.com\/avatar\/1f9eb71be33845f0afabce3791bc1c58ecdb0a25c62964987e5dbcf7a20d2ec7?s=96&d=mm&r=g\",\"contentUrl\":\"https:\/\/secure.gravatar.com\/avatar\/1f9eb71be33845f0afabce3791bc1c58ecdb0a25c62964987e5dbcf7a20d2ec7?s=96&d=mm&r=g\",\"caption\":\"tereza\"},\"url\":\"https:\/\/www.welovecycling.com\/wide\/author\/tereza\/\"}]}<\/script>\n<!-- \/ Yoast SEO Premium plugin. -->","yoast_head_json":{"title":"A Super Dramatic Giro d\u2019Italia Heads for a Dramatic Finish in Rome","description":"With three stages left to race, this rollercoaster Giro d\u2019Italia is finely poised as less than a minute separates the top three GC contenders, with a","robots":{"index":"index","follow":"follow","max-snippet":"max-snippet:-1","max-image-preview":"max-image-preview:large","max-video-preview":"max-video-preview:-1"},"canonical":"https:\/\/www.welovecycling.com\/wide\/2025\/05\/30\/a-super-dramatic-giro-ditalia-heads-for-a-super-dramatic-finish-in-rome\/","og_locale":"en_US","og_type":"article","og_title":"A Super Dramatic Giro d\u2019Italia Heads for a Super Dramatic Finish in Rome","og_description":"With three stages left to race, this rollercoaster Giro d\u2019Italia is finely poised as less than a minute separates the top three GC contenders, with a","og_url":"https:\/\/www.welovecycling.com\/wide\/2025\/05\/30\/a-super-dramatic-giro-ditalia-heads-for-a-super-dramatic-finish-in-rome\/","og_site_name":"\u0160koda We Love Cycling","article_published_time":"2025-05-30T10:45:38+00:00","article_modified_time":"2025-05-30T11:00:54+00:00","og_image":[{"width":990,"height":660,"url":"https:\/\/d2p6e6u75xmxt8.cloudfront.net\/2\/2025\/05\/Del-Toro-Pellizzari-Giro-profimedia-1005130177-CVR.webp","type":"image\/webp"}],"author":"tereza","twitter_card":"summary_large_image","twitter_misc":{"Written by":"Siegfried Mortkowitz","Est. reading time":"3"},"schema":{"@context":"https:\/\/schema.org","@graph":[{"@type":"WebPage","@id":"https:\/\/www.welovecycling.com\/wide\/2025\/05\/30\/a-super-dramatic-giro-ditalia-heads-for-a-super-dramatic-finish-in-rome\/","url":"https:\/\/www.welovecycling.com\/wide\/2025\/05\/30\/a-super-dramatic-giro-ditalia-heads-for-a-super-dramatic-finish-in-rome\/","name":"A Super Dramatic Giro d\u2019Italia Heads for a Dramatic Finish in Rome","isPartOf":{"@id":"https:\/\/www.welovecycling.com\/wide\/#website"},"primaryImageOfPage":{"@id":"https:\/\/www.welovecycling.com\/wide\/2025\/05\/30\/a-super-dramatic-giro-ditalia-heads-for-a-super-dramatic-finish-in-rome\/#primaryimage"},"image":{"@id":"https:\/\/www.welovecycling.com\/wide\/2025\/05\/30\/a-super-dramatic-giro-ditalia-heads-for-a-super-dramatic-finish-in-rome\/#primaryimage"},"thumbnailUrl":"https:\/\/d2p6e6u75xmxt8.cloudfront.net\/2\/2025\/05\/Del-Toro-Pellizzari-Giro-profimedia-1005130177-CVR.webp","datePublished":"2025-05-30T10:45:38+00:00","dateModified":"2025-05-30T11:00:54+00:00","author":{"@id":"https:\/\/www.welovecycling.com\/wide\/#\/schema\/person\/50f01ecd18718d2333cf72e823c4f926"},"description":"With three stages left to race, this rollercoaster Giro d\u2019Italia is finely poised as less than a minute separates the top three GC contenders, with a","breadcrumb":{"@id":"https:\/\/www.welovecycling.com\/wide\/2025\/05\/30\/a-super-dramatic-giro-ditalia-heads-for-a-super-dramatic-finish-in-rome\/#breadcrumb"},"inLanguage":"en-US","potentialAction":[{"@type":"ReadAction","target":["https:\/\/www.welovecycling.com\/wide\/2025\/05\/30\/a-super-dramatic-giro-ditalia-heads-for-a-super-dramatic-finish-in-rome\/"]}]},{"@type":"ImageObject","inLanguage":"en-US","@id":"https:\/\/www.welovecycling.com\/wide\/2025\/05\/30\/a-super-dramatic-giro-ditalia-heads-for-a-super-dramatic-finish-in-rome\/#primaryimage","url":"https:\/\/d2p6e6u75xmxt8.cloudfront.net\/2\/2025\/05\/Del-Toro-Pellizzari-Giro-profimedia-1005130177-CVR.webp","contentUrl":"https:\/\/d2p6e6u75xmxt8.cloudfront.net\/2\/2025\/05\/Del-Toro-Pellizzari-Giro-profimedia-1005130177-CVR.webp","width":990,"height":660,"caption":"Isaac del Toro"},{"@type":"BreadcrumbList","@id":"https:\/\/www.welovecycling.com\/wide\/2025\/05\/30\/a-super-dramatic-giro-ditalia-heads-for-a-super-dramatic-finish-in-rome\/#breadcrumb","itemListElement":[{"@type":"ListItem","position":1,"name":"Home","item":"https:\/\/www.welovecycling.com\/wide\/"},{"@type":"ListItem","position":2,"name":"A Super Dramatic Giro d\u2019Italia Heads for a Super Dramatic Finish in Rome"}]},{"@type":"WebSite","@id":"https:\/\/www.welovecycling.com\/wide\/#website","url":"https:\/\/www.welovecycling.com\/wide\/","name":"\u0160koda We Love Cycling","description":"\u0160koda We Love Cycling magazine","alternateName":"\u0160koda WLC","potentialAction":[{"@type":"SearchAction","target":{"@type":"EntryPoint","urlTemplate":"https:\/\/www.welovecycling.com\/wide\/?s={search_term_string}"},"query-input":{"@type":"PropertyValueSpecification","valueRequired":true,"valueName":"search_term_string"}}],"inLanguage":"en-US"},{"@type":"Person","@id":"https:\/\/www.welovecycling.com\/wide\/#\/schema\/person\/50f01ecd18718d2333cf72e823c4f926","name":"tereza","image":{"@type":"ImageObject","inLanguage":"en-US","@id":"https:\/\/www.welovecycling.com\/wide\/#\/schema\/person\/image\/","url":"https:\/\/secure.gravatar.com\/avatar\/1f9eb71be33845f0afabce3791bc1c58ecdb0a25c62964987e5dbcf7a20d2ec7?s=96&d=mm&r=g","contentUrl":"https:\/\/secure.gravatar.com\/avatar\/1f9eb71be33845f0afabce3791bc1c58ecdb0a25c62964987e5dbcf7a20d2ec7?s=96&d=mm&r=g","caption":"tereza"},"url":"https:\/\/www.welovecycling.com\/wide\/author\/tereza\/"}]}},"_links":{"self":[{"href":"https:\/\/www.welovecycling.com\/wide\/wp-json\/wp\/v2\/posts\/198677","targetHints":{"allow":["GET"]}}],"collection":[{"href":"https:\/\/www.welovecycling.com\/wide\/wp-json\/wp\/v2\/posts"}],"about":[{"href":"https:\/\/www.welovecycling.com\/wide\/wp-json\/wp\/v2\/types\/post"}],"author":[{"embeddable":true,"href":"https:\/\/www.welovecycling.com\/wide\/wp-json\/wp\/v2\/users\/99"}],"replies":[{"embeddable":true,"href":"https:\/\/www.welovecycling.com\/wide\/wp-json\/wp\/v2\/comments?post=198677"}],"version-history":[{"count":3,"href":"https:\/\/www.welovecycling.com\/wide\/wp-json\/wp\/v2\/posts\/198677\/revisions"}],"predecessor-version":[{"id":198681,"href":"https:\/\/www.welovecycling.com\/wide\/wp-json\/wp\/v2\/posts\/198677\/revisions\/198681"}],"wp:featuredmedia":[{"embeddable":true,"href":"https:\/\/www.welovecycling.com\/wide\/wp-json\/wp\/v2\/media\/198678"}],"wp:attachment":[{"href":"https:\/\/www.welovecycling.com\/wide\/wp-json\/wp\/v2\/media?parent=198677"}],"wp:term":[{"taxonomy":"category","embeddable":true,"href":"https:\/\/www.welovecycling.com\/wide\/wp-json\/wp\/v2\/categories?post=198677"},{"taxonomy":"post_tag","embeddable":true,"href":"https:\/\/www.welovecycling.com\/wide\/wp-json\/wp\/v2\/tags?post=198677"},{"taxonomy":"global-categories","embeddable":true,"href":"https:\/\/www.welovecycling.com\/wide\/wp-json\/wp\/v2\/global-categories?post=198677"}],"curies":[{"name":"wp","href":"https:\/\/api.w.org\/{rel}","templated":true}]}}