{"id":198656,"date":"2025-05-28T12:45:58","date_gmt":"2025-05-28T12:45:58","guid":{"rendered":"https:\/\/www.welovecycling.com\/wide\/?p=198656"},"modified":"2025-05-28T12:45:58","modified_gmt":"2025-05-28T12:45:58","slug":"roglic-withdraws-ayuso-cracks-del-toro-falters-on-breathtaking-giro-stage-16","status":"publish","type":"post","link":"https:\/\/www.welovecycling.com\/wide\/2025\/05\/28\/roglic-withdraws-ayuso-cracks-del-toro-falters-on-breathtaking-giro-stage-16\/","title":{"rendered":"Rogli\u010d Withdraws, Ayuso Cracks, del Toro Falters on Breathtaking Giro Stage 16"},"content":{"rendered":"<p><strong>This Giro d\u2019Italia has been like a thrilling espionage series, such as the great French show <em>The Bureau<\/em>: Long moments of calm are followed by explosive action, which is followed by new mysteries which lead to surprises that upset the narrative. And at the end? We\u2019ll just have to wait until next Sunday.<\/strong><\/p>\n<p><!--more--><\/p>\n<p>Tuesday\u2019s stage 16 was a miniature version of the exciting spy series that the race has so far been. And what happened on this stage turned the race topsy-turvy and smashed the well-ordered world of UAE Team Emirates\u2013XRG, the team of race leader Isaac del Toro, to pieces.<\/p>\n<h2><strong>Where are the favourites?<\/strong><\/h2>\n<p>Here are the current top three of the 2025 Giro GC after stage 16:<\/p>\n<ol>\n<li>Isaac del Toro, UAE Team Emirates\u2013XRG 61:31:56<\/li>\n<li>Simon Yates, Visma\u2013Lease a Bike +0:26<\/li>\n<li>Richard Carapaz, EF Education\u2013EasyPost +0:31<\/li>\n<\/ol>\n<p>You\u2019ll note that del Toro\u2019s teammate \u2013 and pre-race co-favourite \u2013 Juan Ayuso is gone from the rankings. That\u2019s because he weakened badly on the third categorised climb of the day, up to Santa Barbara (12.7 km @ 8.3%, with ramps up to 14%), and finished 35th(!), 14:47 behind the stage winner, Christian Scaroni (XDS Astana). He now sits way down in 17th place, 13:27 adrift.<\/p>\n<p>And what about the other pre-race favourite, Primo\u017e Rogli\u010d (Red Bull\u2013BORA\u2013hansgrohe), who was going through a bad patch? He crashed for the fourth time in the race and dropped out about halfway through the 203 km course from Piazzola sul Brenta to San Valentino. There had already been talk about the Slovenian leaving the race after Sunday\u2019s stage, on which he lost 1:30 to his GC rivals and slipped down to tenth in the standings.<\/p>\n<p>Before the start of the stage, Rogli\u010d had admitted that he was facing an uphill battle just to stay in the race. \u201cI don\u2019t think it\u2019s realistic to go for the GC,\u201d he told TNT Sports. \u201cLike I said, I\u2019m fighting to survive. I showed up at the start, but yesterday [Monday], I couldn\u2019t even sit on the bike. Today, I\u2019ll see if I can stay on it.\u201d He couldn\u2019t.<\/p>\n<p>I hate to say it, but to crash four times on a Grand Tour may suggest that, at 35, the five-time Grand Tour winner no longer has the bike-handling skills to win a Grand Tour. Three of the crashes, including Tuesday\u2019s, occurred on pavement made slippery by rain. But if you can\u2019t stay on your bike when the pavement is not ideal\u2026 I\u2019ll let you finish the sentence.<\/p>\n<blockquote class=\"instagram-media\" style=\"background: #FFF; border: 0; border-radius: 3px; box-shadow: 0 0 1px 0 rgba(0,0,0,0.5),0 1px 10px 0 rgba(0,0,0,0.15); margin: 1px; max-width: 540px; min-width: 326px; padding: 0; width: calc(100% - 2px);\" data-instgrm-captioned=\"\" data-instgrm-permalink=\"https:\/\/www.instagram.com\/p\/DKMiEB4CDt4\/?utm_source=ig_embed&amp;utm_campaign=loading\" data-instgrm-version=\"14\">\n<div style=\"padding: 16px;\">\n<p>&nbsp;<\/p>\n<div style=\"display: flex; flex-direction: row; align-items: center;\">\n<div style=\"background-color: #f4f4f4; border-radius: 50%; flex-grow: 0; height: 40px; margin-right: 14px; width: 40px;\"><\/div>\n<div style=\"display: flex; flex-direction: column; flex-grow: 1; justify-content: center;\">\n<div style=\"background-color: #f4f4f4; border-radius: 4px; flex-grow: 0; height: 14px; margin-bottom: 6px; width: 100px;\"><\/div>\n<div style=\"background-color: #f4f4f4; border-radius: 4px; flex-grow: 0; height: 14px; width: 60px;\"><\/div>\n<\/div>\n<\/div>\n<div style=\"padding: 19% 0;\"><\/div>\n<div style=\"display: block; height: 50px; margin: 0 auto 12px; width: 50px;\"><\/div>\n<div style=\"padding-top: 8px;\">\n<div style=\"color: #3897f0; font-family: Arial,sans-serif; font-size: 14px; font-style: normal; font-weight: 550; line-height: 18px;\">Zobrazit p\u0159\u00edsp\u011bvek na Instagramu<\/div>\n<\/div>\n<div style=\"padding: 12.5% 0;\"><\/div>\n<div style=\"display: flex; flex-direction: row; margin-bottom: 14px; align-items: center;\">\n<div>\n<div style=\"background-color: #f4f4f4; border-radius: 50%; height: 12.5px; width: 12.5px; transform: translateX(0px) translateY(7px);\"><\/div>\n<div style=\"background-color: #f4f4f4; height: 12.5px; transform: rotate(-45deg) translateX(3px) translateY(1px); width: 12.5px; flex-grow: 0; margin-right: 14px; margin-left: 2px;\"><\/div>\n<div style=\"background-color: #f4f4f4; border-radius: 50%; height: 12.5px; width: 12.5px; transform: translateX(9px) translateY(-18px);\"><\/div>\n<\/div>\n<div style=\"margin-left: 8px;\">\n<div style=\"background-color: #f4f4f4; border-radius: 50%; flex-grow: 0; height: 20px; width: 20px;\"><\/div>\n<div style=\"width: 0; height: 0; border-top: 2px solid transparent; border-left: 6px solid #f4f4f4; border-bottom: 2px solid transparent; transform: translateX(16px) translateY(-4px) rotate(30deg);\"><\/div>\n<\/div>\n<div style=\"margin-left: auto;\">\n<div style=\"width: 0px; border-top: 8px solid #F4F4F4; border-right: 8px solid transparent; transform: translateY(16px);\"><\/div>\n<div style=\"background-color: #f4f4f4; flex-grow: 0; height: 12px; width: 16px; transform: translateY(-4px);\"><\/div>\n<div style=\"width: 0; height: 0; border-top: 8px solid #F4F4F4; border-left: 8px solid transparent; transform: translateY(-4px) translateX(8px);\"><\/div>\n<\/div>\n<\/div>\n<div style=\"display: flex; flex-direction: column; flex-grow: 1; justify-content: center; margin-bottom: 24px;\">\n<div style=\"background-color: #f4f4f4; border-radius: 4px; flex-grow: 0; height: 14px; margin-bottom: 6px; width: 224px;\"><\/div>\n<div style=\"background-color: #f4f4f4; border-radius: 4px; flex-grow: 0; height: 14px; width: 144px;\"><\/div>\n<\/div>\n<p>&nbsp;<\/p>\n<p style=\"color: #c9c8cd; font-family: Arial,sans-serif; font-size: 14px; line-height: 17px; margin-bottom: 0; margin-top: 8px; overflow: hidden; padding: 8px 0 7px; text-align: center; text-overflow: ellipsis; white-space: nowrap;\"><a style=\"color: #c9c8cd; font-family: Arial,sans-serif; font-size: 14px; font-style: normal; font-weight: normal; line-height: 17px; text-decoration: none;\" href=\"https:\/\/www.instagram.com\/p\/DKMiEB4CDt4\/?utm_source=ig_embed&amp;utm_campaign=loading\" target=\"_blank\" rel=\"noopener\">P\u0159\u00edsp\u011bvek sd\u00edlen\u00fd Giro d&#8217;Italia (@giroditalia)<\/a><\/p>\n<\/div>\n<\/blockquote>\n<h2><script async src=\"\/\/www.instagram.com\/embed.js\"><\/script><strong>So, is Isaac del Toro finally acknowledged as UAE\u2019s leader?<\/strong><\/h2>\n<p>Yes, by default, after Ayuso\u2019s catastrophic failure, and also by decision of the UAE staff. At a press conference before the start of the stage, team sports director Fabio Baldato and manager Matxin Fernandez anointed the Mexican the squad leader. \u201cOur idea, our goal, is for the team to ride compact around our leader, Isaac,\u201d Baldato <a href=\"https:\/\/www.msn.com\/en-us\/sports\/other\/isaac-has-shown-he-is-the-strongest-rider-in-the-race-uae-team-emirates-back-del-toro-to-win-the-giro-d-italia\/ar-AA1Fw1sw?ocid=msedgntp&amp;cvid=c7dbbb06fabe4c0dd02892082962c968&amp;ei=26\">said<\/a>. Fernandez added, \u201cIt&#8217;s clear that Isaac has shown he is the strongest rider in the race; he&#8217;s the leader with 1:20 on the second rider, through his own merits.\u201d The decision was far from unanimous because Ayuso stayed away from the press conference.<\/p>\n<p>But here\u2019s the cruel irony: On the day he was crowned emperor, the young Mexican had no clothes. He just didn\u2019t have the legs when the fight for the race leader\u2019s <em>maglia rosa<\/em> (pink jersey) kicked off on the endless climb to a mountaintop finish at San Valentino (18.2 km @ 6.1%, with ramps up to 14%). First Simon Yates (Visma\u2013Lease a Bike) took off on the steepest part of the climb, with about 8 km left to ride in the stage, from a small group that included del Toro, Richard Carapaz (EF Education\u2013EasyPost) and Derek Gee (Israel\u2013Premier Tech). One kilometre later, Carapaz made his move, and neither del Toro nor Yates was able to follow, as only Gee took off in pursuit.<\/p>\n<p>Yates then had to lead del Toro up the climb, but with 4 km left to race, the Aussie left the weakening Mexican behind and took off after Carapaz in an attempt to save his second place. But I have the feeling that Yates delayed his pursuit of the Ecuadorian because he did not want to take the race lead. The reason? His team is probably not strong enough to defend the <em>maglia rosa <\/em>for a week. After all, it was Wout van Aert who rode a blistering pace up the mountain for about 5 km in an attempt to weaken Yates\u2019s rivals. But I expect Yates to make a move later this week; he looks fit and strong.<\/p>\n<h2><strong>Who won the stage and why was it important?<\/strong><\/h2>\n<p>Christian Scaroni crossed the finish line hand in hand with his XDS Astana teammate Lorenzo Fortunato, who took a stranglehold on the <em>maglia azzurra (<\/em>blue jersey) for Giro King of the Mountains. Fortunato let his teammate take the stage win to thank him for helping him secure the jersey.<\/p>\n<p>\u201cI&#8217;m really happy about it,\u201d Scaroni said, \u201cMe and Fortunato felt really good right from the start, and even when it rained, I felt really good. We dropped all the other riders, and I wasn&#8217;t sure if Carapaz would catch us. Then in the last kilometre, I was really suffering, but we stayed together, and this victory is for the team.\u201d<\/p>\n<p>Scaroni\u2019s victory was important for two reasons. First, it was the first Italian stage win in the Giro after 17 winless stages, which ties a record. Naturally, Fortunato is also Italian, as is the third-place finisher, 21-year-old Giulio Pellizzari. Pellizzari was one of Rogli\u010d\u2019s most important domestiques and was now allowed \u2013 since his leader was no longer in the race \u2013 to ride for his own glory. He did and now sits in ninth place in the GC, 4:36 behind del Toro.<\/p>\n<p>From the way he climbed to San Valentino and with Rogli\u010d\u2019s other domestiques supporting him, we will doubtless hear more from young Pellizzari. As his fallen leader put it, \u00a0\u201cHe\u2019s shown he has the legs, so he\u2019ll definitely get a chance.\u201d<\/p>\n<p>The second reason the stage victory was important is that both Scaroni and Fortunato ride for XDS Astana, a team fighting to stay in the WorldTour. The one-two finish in the stage assured the Kazakh team of another 310 points, a big step closer to staying at the top level.<\/p>\n<h2><strong>So, who\u2019s going to win?<\/strong><\/h2>\n<p>I don\u2019t have the slightest idea. Even if del Toro dug deep and limited his losses on Tuesday, he lost a lot of time over a short stretch of mountain and looked helpless on the climb. There are a lot of mountain stretches left to overcome, and I don\u2019t think he can keep Carapaz, Yates, and perhaps even Gee from passing him in the GC. So, what is UAE Team Emirates\u2013XRG going to do? Look for another leader?<\/p>\n<p>Well, there\u2019s Adam Yates, who sits in 10th, 5:08 behind. But Yates was dropped by van Aert on that last climb, so no. They have the strongest group of domestiques in the race, who will have to work very hard to protect their (new) leader. But domestiques don\u2019t win Grand Tours; champion riders do.<\/p>\n<p>Based on their comparative records, Carapaz \u2013 who won the 2019 Giro \u2013 should be considered the favourite. He is certainly up for the coming battle. \u201cI think in the last few years, I haven\u2019t had the shape to be here at this moment,\u201d Carapaz said after Tuesday\u2019s stage. \u201cBut I think that was always the motivation, to get myself up and go again and try it all once more. I think we\u2019re here now to give a big battle, go for it.\u201d<\/p>\n<p>Based on visuals, Yates looks like the strongest of the two, and he is riding with the self-assured calm of someone with great confidence. However, he didn\u2019t have much to say after the stage, and what he said wasn\u2019t reassuring: \u201cIt was hard for me. So we&#8217;ll see how the next days go.\u201d<\/p>\n<p>As for Gee, it\u2019s great to see the Canadian riding so well in a big race because he has been slowly building toward an impressive Grand Tour performance. But he trails both Carapaz and Yates by 1 minute, and has never even won a Grand Tour stage, so he must be considered an outsider. But this Giro has been so wild and wacky and unexpected that anything can still happen. Here we are in the third week of a Grand Tour, and any of eight or even ten riders still have a chance to win. Isn\u2019t it great?<\/p>\n<h4><strong>Giro d\u2019Italia 2025, Stage 16 Results:<\/strong><\/h4>\n<ol>\n<li>Cristian Scaroni, XDSAstana 5:35:05<\/li>\n<li>Lorenzo Fortunato, XDS-Astana \u201c<\/li>\n<li>Giulio Pellizzari, Red Bull\u2013BORA\u2013hansgrohe +0:55<\/li>\n<li>Richard Carapaz, EF Education\u2013EasyPost \u00a0\u00a0\u00a0+1:10<\/li>\n<li>Derek Gee, Israel\u2013Premier Tech +1:23<\/li>\n<li>Jefferson Cepeda, Movistar +1:43<\/li>\n<li>Michael Storer, Tudor Pro Cycling +1:52<\/li>\n<li>Simon Yates, Visma\u2013Lease a Bike \u201c<\/li>\n<li>Gijs Leemreize, Picnic-PostNL +2:19<\/li>\n<li>Yannis Voisard, Tudor Pro Cycling +2:31<\/li>\n<\/ol>\n<h4><strong>General Classification after Stage 16<\/strong><\/h4>\n<ol>\n<li>Isaac Del Toro, UAE Team Emirates\u2013XRG \u00a0\u00a0\u00a061:31:56<\/li>\n<li>Simon Yates, Visma\u2013Lease a Bike +0:26<\/li>\n<li>Richard Carapaz, EF Education\u2013EasyPost \u00a0\u00a0\u00a0+0:31<\/li>\n<\/ol>\n<p>4 Derek Gee, Israel\u2013Premier Tech \u00a0\u00a0\u00a0\u00a0\u00a0\u00a0\u00a0\u00a0\u00a0\u00a0\u00a0\u00a0\u00a0\u00a0\u00a0\u00a0\u00a0\u00a0\u00a0\u00a0\u00a0\u00a0\u00a0\u00a0\u00a0\u00a0\u00a0\u00a0\u00a0+1:31<\/p>\n<ol start=\"5\">\n<li>Damiano Caruso, Bahrain Victorious +2:40<\/li>\n<li>Egan Bernal, INEOS Grenadiers +3:23<\/li>\n<li>Michael Storer, Tudor Pro Cycling \u00a0+3:31<\/li>\n<li>Antonio Tiberi, Bahrain Victorious +4:07<\/li>\n<li>Giulio Pellizzari, Red Bull\u2013BORA\u2013hansgrohe +4:36<\/li>\n<li>Adam Yates, UAE Team Emirates\u2013XRG \u00a0\u00a0\u00a0\u00a0\u00a0\u00a0\u00a0\u00a0+5:08<\/li>\n<\/ol>\n","protected":false},"excerpt":{"rendered":"<p>This Giro d\u2019Italia has been like a thrilling espionage series, such as the great French show The Bureau: Long moments [&hellip;]<\/p>\n","protected":false},"author":99,"featured_media":198657,"comment_status":"closed","ping_status":"open","sticky":false,"template":"","format":"standard","meta":{"footnotes":""},"categories":[329],"tags":[8268,402,7603,6699,1221,3065],"global-categories":[3366],"class_list":["post-198656","post","type-post","status-publish","format-standard","has-post-thumbnail","hentry","category-road-cycling","tag-2025-giro","tag-giro-ditalia","tag-isaac-del-toro","tag-juan-ayuso","tag-primoz-roglic","tag-richard-carapaz","global-categories-cycling"],"yoast_head":"<!-- This site is optimized with the Yoast SEO Premium plugin v25.3 (Yoast SEO v25.9) - https:\/\/yoast.com\/wordpress\/plugins\/seo\/ -->\n<title>Rogli\u010d Withdraws, Ayuso Cracks, del Toro Falters on Giro Stage 16<\/title>\n<meta name=\"description\" content=\"This Giro d\u2019Italia has been like a thrilling espionage series, such as the great French show The Bureau: Long moments of calm are followed by explosive\" \/>\n<meta name=\"robots\" content=\"index, follow, max-snippet:-1, max-image-preview:large, max-video-preview:-1\" \/>\n<link rel=\"canonical\" href=\"https:\/\/www.welovecycling.com\/wide\/2025\/05\/28\/roglic-withdraws-ayuso-cracks-del-toro-falters-on-breathtaking-giro-stage-16\/\" \/>\n<meta property=\"og:locale\" content=\"en_US\" \/>\n<meta property=\"og:type\" content=\"article\" \/>\n<meta property=\"og:title\" content=\"Rogli\u010d Withdraws, Ayuso Cracks, del Toro Falters on Breathtaking Giro Stage 16\" \/>\n<meta property=\"og:description\" content=\"This Giro d\u2019Italia has been like a thrilling espionage series, such as the great French show The Bureau: Long moments of calm are followed by explosive\" \/>\n<meta property=\"og:url\" content=\"https:\/\/www.welovecycling.com\/wide\/2025\/05\/28\/roglic-withdraws-ayuso-cracks-del-toro-falters-on-breathtaking-giro-stage-16\/\" \/>\n<meta property=\"og:site_name\" content=\"\u0160koda We Love Cycling\" \/>\n<meta property=\"article:published_time\" content=\"2025-05-28T12:45:58+00:00\" \/>\n<meta property=\"og:image\" content=\"https:\/\/d2p6e6u75xmxt8.cloudfront.net\/2\/2025\/05\/2025-Giro-Peloton-profimedia-1003897792-CVR.webp\" \/>\n\t<meta property=\"og:image:width\" content=\"990\" \/>\n\t<meta property=\"og:image:height\" content=\"660\" \/>\n\t<meta property=\"og:image:type\" content=\"image\/webp\" \/>\n<meta name=\"author\" content=\"tereza\" \/>\n<meta name=\"twitter:card\" content=\"summary_large_image\" \/>\n<meta name=\"twitter:label1\" content=\"Written by\" \/>\n\t<meta name=\"twitter:data1\" content=\"Siegfried Mortkowitz\" \/>\n\t<meta name=\"twitter:label2\" content=\"Est. reading time\" \/>\n\t<meta name=\"twitter:data2\" content=\"8 minutes\" \/>\n<script type=\"application\/ld+json\" class=\"yoast-schema-graph\">{\"@context\":\"https:\/\/schema.org\",\"@graph\":[{\"@type\":\"WebPage\",\"@id\":\"https:\/\/www.welovecycling.com\/wide\/2025\/05\/28\/roglic-withdraws-ayuso-cracks-del-toro-falters-on-breathtaking-giro-stage-16\/\",\"url\":\"https:\/\/www.welovecycling.com\/wide\/2025\/05\/28\/roglic-withdraws-ayuso-cracks-del-toro-falters-on-breathtaking-giro-stage-16\/\",\"name\":\"Rogli\u010d Withdraws, Ayuso Cracks, del Toro Falters on Giro Stage 16\",\"isPartOf\":{\"@id\":\"https:\/\/www.welovecycling.com\/wide\/#website\"},\"primaryImageOfPage\":{\"@id\":\"https:\/\/www.welovecycling.com\/wide\/2025\/05\/28\/roglic-withdraws-ayuso-cracks-del-toro-falters-on-breathtaking-giro-stage-16\/#primaryimage\"},\"image\":{\"@id\":\"https:\/\/www.welovecycling.com\/wide\/2025\/05\/28\/roglic-withdraws-ayuso-cracks-del-toro-falters-on-breathtaking-giro-stage-16\/#primaryimage\"},\"thumbnailUrl\":\"https:\/\/d2p6e6u75xmxt8.cloudfront.net\/2\/2025\/05\/2025-Giro-Peloton-profimedia-1003897792-CVR.webp\",\"datePublished\":\"2025-05-28T12:45:58+00:00\",\"author\":{\"@id\":\"https:\/\/www.welovecycling.com\/wide\/#\/schema\/person\/50f01ecd18718d2333cf72e823c4f926\"},\"description\":\"This Giro d\u2019Italia has been like a thrilling espionage series, such as the great French show The Bureau: Long moments of calm are followed by explosive\",\"breadcrumb\":{\"@id\":\"https:\/\/www.welovecycling.com\/wide\/2025\/05\/28\/roglic-withdraws-ayuso-cracks-del-toro-falters-on-breathtaking-giro-stage-16\/#breadcrumb\"},\"inLanguage\":\"en-US\",\"potentialAction\":[{\"@type\":\"ReadAction\",\"target\":[\"https:\/\/www.welovecycling.com\/wide\/2025\/05\/28\/roglic-withdraws-ayuso-cracks-del-toro-falters-on-breathtaking-giro-stage-16\/\"]}]},{\"@type\":\"ImageObject\",\"inLanguage\":\"en-US\",\"@id\":\"https:\/\/www.welovecycling.com\/wide\/2025\/05\/28\/roglic-withdraws-ayuso-cracks-del-toro-falters-on-breathtaking-giro-stage-16\/#primaryimage\",\"url\":\"https:\/\/d2p6e6u75xmxt8.cloudfront.net\/2\/2025\/05\/2025-Giro-Peloton-profimedia-1003897792-CVR.webp\",\"contentUrl\":\"https:\/\/d2p6e6u75xmxt8.cloudfront.net\/2\/2025\/05\/2025-Giro-Peloton-profimedia-1003897792-CVR.webp\",\"width\":990,\"height\":660,\"caption\":\"2025 Giro\"},{\"@type\":\"BreadcrumbList\",\"@id\":\"https:\/\/www.welovecycling.com\/wide\/2025\/05\/28\/roglic-withdraws-ayuso-cracks-del-toro-falters-on-breathtaking-giro-stage-16\/#breadcrumb\",\"itemListElement\":[{\"@type\":\"ListItem\",\"position\":1,\"name\":\"Home\",\"item\":\"https:\/\/www.welovecycling.com\/wide\/\"},{\"@type\":\"ListItem\",\"position\":2,\"name\":\"Rogli\u010d Withdraws, Ayuso Cracks, del Toro Falters on Breathtaking Giro Stage 16\"}]},{\"@type\":\"WebSite\",\"@id\":\"https:\/\/www.welovecycling.com\/wide\/#website\",\"url\":\"https:\/\/www.welovecycling.com\/wide\/\",\"name\":\"\u0160koda We Love Cycling\",\"description\":\"\u0160koda We Love Cycling magazine\",\"alternateName\":\"\u0160koda WLC\",\"potentialAction\":[{\"@type\":\"SearchAction\",\"target\":{\"@type\":\"EntryPoint\",\"urlTemplate\":\"https:\/\/www.welovecycling.com\/wide\/?s={search_term_string}\"},\"query-input\":{\"@type\":\"PropertyValueSpecification\",\"valueRequired\":true,\"valueName\":\"search_term_string\"}}],\"inLanguage\":\"en-US\"},{\"@type\":\"Person\",\"@id\":\"https:\/\/www.welovecycling.com\/wide\/#\/schema\/person\/50f01ecd18718d2333cf72e823c4f926\",\"name\":\"tereza\",\"image\":{\"@type\":\"ImageObject\",\"inLanguage\":\"en-US\",\"@id\":\"https:\/\/www.welovecycling.com\/wide\/#\/schema\/person\/image\/\",\"url\":\"https:\/\/secure.gravatar.com\/avatar\/1f9eb71be33845f0afabce3791bc1c58ecdb0a25c62964987e5dbcf7a20d2ec7?s=96&d=mm&r=g\",\"contentUrl\":\"https:\/\/secure.gravatar.com\/avatar\/1f9eb71be33845f0afabce3791bc1c58ecdb0a25c62964987e5dbcf7a20d2ec7?s=96&d=mm&r=g\",\"caption\":\"tereza\"},\"url\":\"https:\/\/www.welovecycling.com\/wide\/author\/tereza\/\"}]}<\/script>\n<!-- \/ Yoast SEO Premium plugin. -->","yoast_head_json":{"title":"Rogli\u010d Withdraws, Ayuso Cracks, del Toro Falters on Giro Stage 16","description":"This Giro d\u2019Italia has been like a thrilling espionage series, such as the great French show The Bureau: Long moments of calm are followed by explosive","robots":{"index":"index","follow":"follow","max-snippet":"max-snippet:-1","max-image-preview":"max-image-preview:large","max-video-preview":"max-video-preview:-1"},"canonical":"https:\/\/www.welovecycling.com\/wide\/2025\/05\/28\/roglic-withdraws-ayuso-cracks-del-toro-falters-on-breathtaking-giro-stage-16\/","og_locale":"en_US","og_type":"article","og_title":"Rogli\u010d Withdraws, Ayuso Cracks, del Toro Falters on Breathtaking Giro Stage 16","og_description":"This Giro d\u2019Italia has been like a thrilling espionage series, such as the great French show The Bureau: Long moments of calm are followed by explosive","og_url":"https:\/\/www.welovecycling.com\/wide\/2025\/05\/28\/roglic-withdraws-ayuso-cracks-del-toro-falters-on-breathtaking-giro-stage-16\/","og_site_name":"\u0160koda We Love Cycling","article_published_time":"2025-05-28T12:45:58+00:00","og_image":[{"width":990,"height":660,"url":"https:\/\/d2p6e6u75xmxt8.cloudfront.net\/2\/2025\/05\/2025-Giro-Peloton-profimedia-1003897792-CVR.webp","type":"image\/webp"}],"author":"tereza","twitter_card":"summary_large_image","twitter_misc":{"Written by":"Siegfried Mortkowitz","Est. reading time":"8 minutes"},"schema":{"@context":"https:\/\/schema.org","@graph":[{"@type":"WebPage","@id":"https:\/\/www.welovecycling.com\/wide\/2025\/05\/28\/roglic-withdraws-ayuso-cracks-del-toro-falters-on-breathtaking-giro-stage-16\/","url":"https:\/\/www.welovecycling.com\/wide\/2025\/05\/28\/roglic-withdraws-ayuso-cracks-del-toro-falters-on-breathtaking-giro-stage-16\/","name":"Rogli\u010d Withdraws, Ayuso Cracks, del Toro Falters on Giro Stage 16","isPartOf":{"@id":"https:\/\/www.welovecycling.com\/wide\/#website"},"primaryImageOfPage":{"@id":"https:\/\/www.welovecycling.com\/wide\/2025\/05\/28\/roglic-withdraws-ayuso-cracks-del-toro-falters-on-breathtaking-giro-stage-16\/#primaryimage"},"image":{"@id":"https:\/\/www.welovecycling.com\/wide\/2025\/05\/28\/roglic-withdraws-ayuso-cracks-del-toro-falters-on-breathtaking-giro-stage-16\/#primaryimage"},"thumbnailUrl":"https:\/\/d2p6e6u75xmxt8.cloudfront.net\/2\/2025\/05\/2025-Giro-Peloton-profimedia-1003897792-CVR.webp","datePublished":"2025-05-28T12:45:58+00:00","author":{"@id":"https:\/\/www.welovecycling.com\/wide\/#\/schema\/person\/50f01ecd18718d2333cf72e823c4f926"},"description":"This Giro d\u2019Italia has been like a thrilling espionage series, such as the great French show The Bureau: Long moments of calm are followed by explosive","breadcrumb":{"@id":"https:\/\/www.welovecycling.com\/wide\/2025\/05\/28\/roglic-withdraws-ayuso-cracks-del-toro-falters-on-breathtaking-giro-stage-16\/#breadcrumb"},"inLanguage":"en-US","potentialAction":[{"@type":"ReadAction","target":["https:\/\/www.welovecycling.com\/wide\/2025\/05\/28\/roglic-withdraws-ayuso-cracks-del-toro-falters-on-breathtaking-giro-stage-16\/"]}]},{"@type":"ImageObject","inLanguage":"en-US","@id":"https:\/\/www.welovecycling.com\/wide\/2025\/05\/28\/roglic-withdraws-ayuso-cracks-del-toro-falters-on-breathtaking-giro-stage-16\/#primaryimage","url":"https:\/\/d2p6e6u75xmxt8.cloudfront.net\/2\/2025\/05\/2025-Giro-Peloton-profimedia-1003897792-CVR.webp","contentUrl":"https:\/\/d2p6e6u75xmxt8.cloudfront.net\/2\/2025\/05\/2025-Giro-Peloton-profimedia-1003897792-CVR.webp","width":990,"height":660,"caption":"2025 Giro"},{"@type":"BreadcrumbList","@id":"https:\/\/www.welovecycling.com\/wide\/2025\/05\/28\/roglic-withdraws-ayuso-cracks-del-toro-falters-on-breathtaking-giro-stage-16\/#breadcrumb","itemListElement":[{"@type":"ListItem","position":1,"name":"Home","item":"https:\/\/www.welovecycling.com\/wide\/"},{"@type":"ListItem","position":2,"name":"Rogli\u010d Withdraws, Ayuso Cracks, del Toro Falters on Breathtaking Giro Stage 16"}]},{"@type":"WebSite","@id":"https:\/\/www.welovecycling.com\/wide\/#website","url":"https:\/\/www.welovecycling.com\/wide\/","name":"\u0160koda We Love Cycling","description":"\u0160koda We Love Cycling magazine","alternateName":"\u0160koda WLC","potentialAction":[{"@type":"SearchAction","target":{"@type":"EntryPoint","urlTemplate":"https:\/\/www.welovecycling.com\/wide\/?s={search_term_string}"},"query-input":{"@type":"PropertyValueSpecification","valueRequired":true,"valueName":"search_term_string"}}],"inLanguage":"en-US"},{"@type":"Person","@id":"https:\/\/www.welovecycling.com\/wide\/#\/schema\/person\/50f01ecd18718d2333cf72e823c4f926","name":"tereza","image":{"@type":"ImageObject","inLanguage":"en-US","@id":"https:\/\/www.welovecycling.com\/wide\/#\/schema\/person\/image\/","url":"https:\/\/secure.gravatar.com\/avatar\/1f9eb71be33845f0afabce3791bc1c58ecdb0a25c62964987e5dbcf7a20d2ec7?s=96&d=mm&r=g","contentUrl":"https:\/\/secure.gravatar.com\/avatar\/1f9eb71be33845f0afabce3791bc1c58ecdb0a25c62964987e5dbcf7a20d2ec7?s=96&d=mm&r=g","caption":"tereza"},"url":"https:\/\/www.welovecycling.com\/wide\/author\/tereza\/"}]}},"_links":{"self":[{"href":"https:\/\/www.welovecycling.com\/wide\/wp-json\/wp\/v2\/posts\/198656","targetHints":{"allow":["GET"]}}],"collection":[{"href":"https:\/\/www.welovecycling.com\/wide\/wp-json\/wp\/v2\/posts"}],"about":[{"href":"https:\/\/www.welovecycling.com\/wide\/wp-json\/wp\/v2\/types\/post"}],"author":[{"embeddable":true,"href":"https:\/\/www.welovecycling.com\/wide\/wp-json\/wp\/v2\/users\/99"}],"replies":[{"embeddable":true,"href":"https:\/\/www.welovecycling.com\/wide\/wp-json\/wp\/v2\/comments?post=198656"}],"version-history":[{"count":1,"href":"https:\/\/www.welovecycling.com\/wide\/wp-json\/wp\/v2\/posts\/198656\/revisions"}],"predecessor-version":[{"id":198658,"href":"https:\/\/www.welovecycling.com\/wide\/wp-json\/wp\/v2\/posts\/198656\/revisions\/198658"}],"wp:featuredmedia":[{"embeddable":true,"href":"https:\/\/www.welovecycling.com\/wide\/wp-json\/wp\/v2\/media\/198657"}],"wp:attachment":[{"href":"https:\/\/www.welovecycling.com\/wide\/wp-json\/wp\/v2\/media?parent=198656"}],"wp:term":[{"taxonomy":"category","embeddable":true,"href":"https:\/\/www.welovecycling.com\/wide\/wp-json\/wp\/v2\/categories?post=198656"},{"taxonomy":"post_tag","embeddable":true,"href":"https:\/\/www.welovecycling.com\/wide\/wp-json\/wp\/v2\/tags?post=198656"},{"taxonomy":"global-categories","embeddable":true,"href":"https:\/\/www.welovecycling.com\/wide\/wp-json\/wp\/v2\/global-categories?post=198656"}],"curies":[{"name":"wp","href":"https:\/\/api.w.org\/{rel}","templated":true}]}}