{"id":198645,"date":"2025-05-26T12:06:35","date_gmt":"2025-05-26T12:06:35","guid":{"rendered":"https:\/\/www.welovecycling.com\/wide\/?p=198645"},"modified":"2025-05-26T12:06:35","modified_gmt":"2025-05-26T12:06:35","slug":"marlen-reusser-dominates-vuelta-a-burgos-feminas-with-crushing-time-trial-victory","status":"publish","type":"post","link":"https:\/\/www.welovecycling.com\/wide\/2025\/05\/26\/marlen-reusser-dominates-vuelta-a-burgos-feminas-with-crushing-time-trial-victory\/","title":{"rendered":"\u201cIt Was a Really Nice Comeback\u201d: Marlen Reusser Dominates Vuelta a Burgos F\u00e9minas with Crushing Time Trial Victory"},"content":{"rendered":"<p><strong>Marlen Reusser (Movistar) sealed a commanding overall win at the Vuelta a Burgos F\u00e9minas with a blistering ride in the stage 4 time trial, capping off a performance that left little doubt about who owned the week in northern Spain.<\/strong><\/p>\n<p><!--more--><\/p>\n<p>The Swiss powerhouse delivered a resounding statement in her first individual time trial in 20 months, clocking 12:51 on the sharp and technical 9.4km course from Villasana de Mena to Lezana de Mena \u2014 six seconds faster than Juliette Labous (FDJ-Suez) and eight ahead of <a href=\"https:\/\/www.welovecycling.com\/wide\/2024\/09\/26\/get-to-know-the-womens-peloton-elisa-longo-borghini\/\" target=\"_blank\" rel=\"noopener\">Elisa Longo Borghini<\/a> (UAE Team ADQ).<\/p>\n<p>\u201cToday was a nice one because I felt good, and also, this time trial here is really nice. It\u2019s sharp, 9km, and it was really interesting with the technical aspect. It was hard, so it was a really nice comeback on the individual time trial,\u201d Reusser said.<\/p>\n<p>With two stage wins and a second-place finish, Reusser didn\u2019t just win \u2014 she obliterated the field. Her final margin in the general classification was 1:47, a testament not only to her individual strength but to Movistar\u2019s team cohesion.<\/p>\n<p>\u201cWe came here with the idea that I could win the overall, but we couldn\u2019t expect that it would be this clear, so of course we are super happy. I think I showed a nice shape, but the whole team did really great work,\u201d Reusser said.<\/p>\n<p>\u201cBoth in the race, but also today, I\u2019m doing an individual time trial, but the preparation and support is a big team behind, they do a lot of things and do it so well, so I could really focus on my task.\u201d<\/p>\n<blockquote class=\"instagram-media\" style=\"background: #FFF; border: 0; border-radius: 3px; box-shadow: 0 0 1px 0 rgba(0,0,0,0.5),0 1px 10px 0 rgba(0,0,0,0.15); margin: 1px; max-width: 540px; min-width: 326px; padding: 0; width: calc(100% - 2px);\" data-instgrm-captioned=\"\" data-instgrm-permalink=\"https:\/\/www.instagram.com\/reel\/DKFV-O-ouh-\/?utm_source=ig_embed&amp;utm_campaign=loading\" data-instgrm-version=\"14\">\n<div style=\"padding: 16px;\">\n<p>&nbsp;<\/p>\n<div style=\"display: flex; flex-direction: row; align-items: center;\">\n<div style=\"background-color: #f4f4f4; border-radius: 50%; flex-grow: 0; height: 40px; margin-right: 14px; width: 40px;\"><\/div>\n<div style=\"display: flex; flex-direction: column; flex-grow: 1; justify-content: center;\">\n<div style=\"background-color: #f4f4f4; border-radius: 4px; flex-grow: 0; height: 14px; margin-bottom: 6px; width: 100px;\"><\/div>\n<div style=\"background-color: #f4f4f4; border-radius: 4px; flex-grow: 0; height: 14px; width: 60px;\"><\/div>\n<\/div>\n<\/div>\n<div style=\"padding: 19% 0;\"><\/div>\n<div style=\"display: block; height: 50px; margin: 0 auto 12px; width: 50px;\"><\/div>\n<div style=\"padding-top: 8px;\">\n<div style=\"color: #3897f0; font-family: Arial,sans-serif; font-size: 14px; font-style: normal; font-weight: 550; line-height: 18px;\">Zobrazit p\u0159\u00edsp\u011bvek na Instagramu<\/div>\n<\/div>\n<div style=\"padding: 12.5% 0;\"><\/div>\n<div style=\"display: flex; flex-direction: row; margin-bottom: 14px; align-items: center;\">\n<div>\n<div style=\"background-color: #f4f4f4; border-radius: 50%; height: 12.5px; width: 12.5px; transform: translateX(0px) translateY(7px);\"><\/div>\n<div style=\"background-color: #f4f4f4; height: 12.5px; transform: rotate(-45deg) translateX(3px) translateY(1px); width: 12.5px; flex-grow: 0; margin-right: 14px; margin-left: 2px;\"><\/div>\n<div style=\"background-color: #f4f4f4; border-radius: 50%; height: 12.5px; width: 12.5px; transform: translateX(9px) translateY(-18px);\"><\/div>\n<\/div>\n<div style=\"margin-left: 8px;\">\n<div style=\"background-color: #f4f4f4; border-radius: 50%; flex-grow: 0; height: 20px; width: 20px;\"><\/div>\n<div style=\"width: 0; height: 0; border-top: 2px solid transparent; border-left: 6px solid #f4f4f4; border-bottom: 2px solid transparent; transform: translateX(16px) translateY(-4px) rotate(30deg);\"><\/div>\n<\/div>\n<div style=\"margin-left: auto;\">\n<div style=\"width: 0px; border-top: 8px solid #F4F4F4; border-right: 8px solid transparent; transform: translateY(16px);\"><\/div>\n<div style=\"background-color: #f4f4f4; flex-grow: 0; height: 12px; width: 16px; transform: translateY(-4px);\"><\/div>\n<div style=\"width: 0; height: 0; border-top: 8px solid #F4F4F4; border-left: 8px solid transparent; transform: translateY(-4px) translateX(8px);\"><\/div>\n<\/div>\n<\/div>\n<div style=\"display: flex; flex-direction: column; flex-grow: 1; justify-content: center; margin-bottom: 24px;\">\n<div style=\"background-color: #f4f4f4; border-radius: 4px; flex-grow: 0; height: 14px; margin-bottom: 6px; width: 224px;\"><\/div>\n<div style=\"background-color: #f4f4f4; border-radius: 4px; flex-grow: 0; height: 14px; width: 144px;\"><\/div>\n<\/div>\n<p>&nbsp;<\/p>\n<p style=\"color: #c9c8cd; font-family: Arial,sans-serif; font-size: 14px; line-height: 17px; margin-bottom: 0; margin-top: 8px; overflow: hidden; padding: 8px 0 7px; text-align: center; text-overflow: ellipsis; white-space: nowrap;\"><a style=\"color: #c9c8cd; font-family: Arial,sans-serif; font-size: 14px; font-style: normal; font-weight: normal; line-height: 17px; text-decoration: none;\" href=\"https:\/\/www.instagram.com\/reel\/DKFV-O-ouh-\/?utm_source=ig_embed&amp;utm_campaign=loading\" target=\"_blank\" rel=\"noopener\">P\u0159\u00edsp\u011bvek sd\u00edlen\u00fd UCI Women\u2019s WorldTour (@uci_wwt)<\/a><\/p>\n<\/div>\n<\/blockquote>\n<h2><script async src=\"\/\/www.instagram.com\/embed.js\"><\/script><strong>Stage 4 recap: technical course, ruthless pace<\/strong><\/h2>\n<p>The time trial course was anything but straightforward. Riders faced tight corners, bumpy tarmac, narrow roads, and a punchy 100 metres of elevation gain \u2014 a route that rewarded both power and technical precision.<\/p>\n<p>Rebecca Koerner (Uno-X Mobility) set the first benchmark at 13:24 before Zoe B\u00e4ckstedt (Canyon-SRAM) dropped a scorching 13:05. That time held until Lotte Kopecky (SD Worx-Protime) slipped in at 13:03. Then Mie Bj\u00f8rndal Ottestad (Uno-X Mobility), fresh off a stage 2 win, raised the stakes with 13:01 \u2014 only to be immediately dethroned by Labous, who dipped under 13 minutes with 12:57.<\/p>\n<p>Longo Borghini came heartbreakingly close with 12:59, but Reusser, the final rider down the start ramp, was simply on another level.<\/p>\n<h3><strong>\ud83d\udd52 Stage 4 \u2013 ITT results (9.4km)<\/strong><\/h3>\n<ol>\n<li><strong>Marlen Reusser<\/strong> (Movistar) \u2013 12:51<\/li>\n<li><strong>Juliette Labous<\/strong> (FDJ-Suez) \u2013 12:57 (+0:06)<\/li>\n<li><strong>Elisa Longo Borghini<\/strong> (UAE Team ADQ) \u2013 12:59 (+0:08)<\/li>\n<li><strong>Mie Bj\u00f8rndal Ottestad<\/strong> (Uno-X Mobility) \u2013 13:01 (+0:10)<\/li>\n<li><strong>Lotte Kopecky<\/strong> (SD Worx-Protime) \u2013 13:03 (+0:12)<\/li>\n<\/ol>\n<h3><strong>\ud83c\udfc1 Final General classification (GC)<\/strong><\/h3>\n<ol>\n<li><strong>Marlen Reusser<\/strong> (Movistar Team) \u2013 9h 25&#8242; 40&#8243;<\/li>\n<li><strong>Elisa Longo Borghini<\/strong> (UAE Team ADQ) \u2013 +1&#8242; 51&#8243;<\/li>\n<li><strong>Yara Kastelijn<\/strong> (Fenix-Deceuninck) \u2013 +1&#8242; 58&#8243;<\/li>\n<li><strong>Amanda Spratt<\/strong> (Lidl-Trek) \u2013 +2&#8242; 46&#8243;<\/li>\n<li><strong>Juliette Labous<\/strong> (FDJ-Suez) \u2013 +2&#8242; 47&#8243;<\/li>\n<\/ol>\n","protected":false},"excerpt":{"rendered":"<p>Marlen Reusser (Movistar) sealed a commanding overall win at the Vuelta a Burgos F\u00e9minas with a blistering ride in the [&hellip;]<\/p>\n","protected":false},"author":99,"featured_media":198650,"comment_status":"closed","ping_status":"open","sticky":false,"template":"","format":"standard","meta":{"footnotes":""},"categories":[329],"tags":[2711,5518,8543,2264],"global-categories":[3366],"class_list":["post-198645","post","type-post","status-publish","format-standard","has-post-thumbnail","hentry","category-road-cycling","tag-elisa-longo-borghini","tag-marlen-reusser","tag-vuelta-a-burgos-feminas","tag-womens-cycling","global-categories-cycling"],"yoast_head":"<!-- This site is optimized with the Yoast SEO Premium plugin v25.3 (Yoast SEO v25.9) - https:\/\/yoast.com\/wordpress\/plugins\/seo\/ -->\n<title>Marlen Reusser Dominates Vuelta a Burgos F\u00e9minas<\/title>\n<meta name=\"description\" content=\"Marlen Reusser (Movistar) sealed a commanding overall win at the Vuelta a Burgos F\u00e9minas with a blistering ride in the stage 4 time trial, capping off a\" \/>\n<meta name=\"robots\" content=\"index, follow, max-snippet:-1, max-image-preview:large, max-video-preview:-1\" \/>\n<link rel=\"canonical\" href=\"https:\/\/www.welovecycling.com\/wide\/2025\/05\/26\/marlen-reusser-dominates-vuelta-a-burgos-feminas-with-crushing-time-trial-victory\/\" \/>\n<meta property=\"og:locale\" content=\"en_US\" \/>\n<meta property=\"og:type\" content=\"article\" \/>\n<meta property=\"og:title\" content=\"\u201cIt Was a Really Nice Comeback\u201d: Marlen Reusser Dominates Vuelta a Burgos F\u00e9minas with Crushing Time Trial Victory\" \/>\n<meta property=\"og:description\" content=\"Marlen Reusser (Movistar) sealed a commanding overall win at the Vuelta a Burgos F\u00e9minas with a blistering ride in the stage 4 time trial, capping off a\" \/>\n<meta property=\"og:url\" content=\"https:\/\/www.welovecycling.com\/wide\/2025\/05\/26\/marlen-reusser-dominates-vuelta-a-burgos-feminas-with-crushing-time-trial-victory\/\" \/>\n<meta property=\"og:site_name\" content=\"\u0160koda We Love Cycling\" \/>\n<meta property=\"article:published_time\" content=\"2025-05-26T12:06:35+00:00\" \/>\n<meta property=\"og:image\" content=\"https:\/\/d2p6e6u75xmxt8.cloudfront.net\/2\/2025\/05\/Marlen-Reusser-Vuelta-Burgos-CVR.webp\" \/>\n\t<meta property=\"og:image:width\" content=\"990\" \/>\n\t<meta property=\"og:image:height\" content=\"660\" \/>\n\t<meta property=\"og:image:type\" content=\"image\/webp\" \/>\n<meta name=\"author\" content=\"tereza\" \/>\n<meta name=\"twitter:card\" content=\"summary_large_image\" \/>\n<meta name=\"twitter:label1\" content=\"Written by\" \/>\n\t<meta name=\"twitter:data1\" content=\"Monica Buck\" \/>\n\t<meta name=\"twitter:label2\" content=\"Est. reading time\" \/>\n\t<meta name=\"twitter:data2\" content=\"2\" \/>\n<script type=\"application\/ld+json\" class=\"yoast-schema-graph\">{\"@context\":\"https:\/\/schema.org\",\"@graph\":[{\"@type\":\"WebPage\",\"@id\":\"https:\/\/www.welovecycling.com\/wide\/2025\/05\/26\/marlen-reusser-dominates-vuelta-a-burgos-feminas-with-crushing-time-trial-victory\/\",\"url\":\"https:\/\/www.welovecycling.com\/wide\/2025\/05\/26\/marlen-reusser-dominates-vuelta-a-burgos-feminas-with-crushing-time-trial-victory\/\",\"name\":\"Marlen Reusser Dominates Vuelta a Burgos F\u00e9minas\",\"isPartOf\":{\"@id\":\"https:\/\/www.welovecycling.com\/wide\/#website\"},\"primaryImageOfPage\":{\"@id\":\"https:\/\/www.welovecycling.com\/wide\/2025\/05\/26\/marlen-reusser-dominates-vuelta-a-burgos-feminas-with-crushing-time-trial-victory\/#primaryimage\"},\"image\":{\"@id\":\"https:\/\/www.welovecycling.com\/wide\/2025\/05\/26\/marlen-reusser-dominates-vuelta-a-burgos-feminas-with-crushing-time-trial-victory\/#primaryimage\"},\"thumbnailUrl\":\"https:\/\/d2p6e6u75xmxt8.cloudfront.net\/2\/2025\/05\/Marlen-Reusser-Vuelta-Burgos-CVR.webp\",\"datePublished\":\"2025-05-26T12:06:35+00:00\",\"author\":{\"@id\":\"https:\/\/www.welovecycling.com\/wide\/#\/schema\/person\/50f01ecd18718d2333cf72e823c4f926\"},\"description\":\"Marlen Reusser (Movistar) sealed a commanding overall win at the Vuelta a Burgos F\u00e9minas with a blistering ride in the stage 4 time trial, capping off a\",\"breadcrumb\":{\"@id\":\"https:\/\/www.welovecycling.com\/wide\/2025\/05\/26\/marlen-reusser-dominates-vuelta-a-burgos-feminas-with-crushing-time-trial-victory\/#breadcrumb\"},\"inLanguage\":\"en-US\",\"potentialAction\":[{\"@type\":\"ReadAction\",\"target\":[\"https:\/\/www.welovecycling.com\/wide\/2025\/05\/26\/marlen-reusser-dominates-vuelta-a-burgos-feminas-with-crushing-time-trial-victory\/\"]}]},{\"@type\":\"ImageObject\",\"inLanguage\":\"en-US\",\"@id\":\"https:\/\/www.welovecycling.com\/wide\/2025\/05\/26\/marlen-reusser-dominates-vuelta-a-burgos-feminas-with-crushing-time-trial-victory\/#primaryimage\",\"url\":\"https:\/\/d2p6e6u75xmxt8.cloudfront.net\/2\/2025\/05\/Marlen-Reusser-Vuelta-Burgos-CVR.webp\",\"contentUrl\":\"https:\/\/d2p6e6u75xmxt8.cloudfront.net\/2\/2025\/05\/Marlen-Reusser-Vuelta-Burgos-CVR.webp\",\"width\":990,\"height\":660,\"caption\":\"Marlen Reusser\"},{\"@type\":\"BreadcrumbList\",\"@id\":\"https:\/\/www.welovecycling.com\/wide\/2025\/05\/26\/marlen-reusser-dominates-vuelta-a-burgos-feminas-with-crushing-time-trial-victory\/#breadcrumb\",\"itemListElement\":[{\"@type\":\"ListItem\",\"position\":1,\"name\":\"Home\",\"item\":\"https:\/\/www.welovecycling.com\/wide\/\"},{\"@type\":\"ListItem\",\"position\":2,\"name\":\"\u201cIt Was a Really Nice Comeback\u201d: Marlen Reusser Dominates Vuelta a Burgos F\u00e9minas with Crushing Time Trial Victory\"}]},{\"@type\":\"WebSite\",\"@id\":\"https:\/\/www.welovecycling.com\/wide\/#website\",\"url\":\"https:\/\/www.welovecycling.com\/wide\/\",\"name\":\"\u0160koda We Love Cycling\",\"description\":\"\u0160koda We Love Cycling magazine\",\"alternateName\":\"\u0160koda WLC\",\"potentialAction\":[{\"@type\":\"SearchAction\",\"target\":{\"@type\":\"EntryPoint\",\"urlTemplate\":\"https:\/\/www.welovecycling.com\/wide\/?s={search_term_string}\"},\"query-input\":{\"@type\":\"PropertyValueSpecification\",\"valueRequired\":true,\"valueName\":\"search_term_string\"}}],\"inLanguage\":\"en-US\"},{\"@type\":\"Person\",\"@id\":\"https:\/\/www.welovecycling.com\/wide\/#\/schema\/person\/50f01ecd18718d2333cf72e823c4f926\",\"name\":\"tereza\",\"image\":{\"@type\":\"ImageObject\",\"inLanguage\":\"en-US\",\"@id\":\"https:\/\/www.welovecycling.com\/wide\/#\/schema\/person\/image\/\",\"url\":\"https:\/\/secure.gravatar.com\/avatar\/1f9eb71be33845f0afabce3791bc1c58ecdb0a25c62964987e5dbcf7a20d2ec7?s=96&d=mm&r=g\",\"contentUrl\":\"https:\/\/secure.gravatar.com\/avatar\/1f9eb71be33845f0afabce3791bc1c58ecdb0a25c62964987e5dbcf7a20d2ec7?s=96&d=mm&r=g\",\"caption\":\"tereza\"},\"url\":\"https:\/\/www.welovecycling.com\/wide\/author\/tereza\/\"}]}<\/script>\n<!-- \/ Yoast SEO Premium plugin. -->","yoast_head_json":{"title":"Marlen Reusser Dominates Vuelta a Burgos F\u00e9minas","description":"Marlen Reusser (Movistar) sealed a commanding overall win at the Vuelta a Burgos F\u00e9minas with a blistering ride in the stage 4 time trial, capping off a","robots":{"index":"index","follow":"follow","max-snippet":"max-snippet:-1","max-image-preview":"max-image-preview:large","max-video-preview":"max-video-preview:-1"},"canonical":"https:\/\/www.welovecycling.com\/wide\/2025\/05\/26\/marlen-reusser-dominates-vuelta-a-burgos-feminas-with-crushing-time-trial-victory\/","og_locale":"en_US","og_type":"article","og_title":"\u201cIt Was a Really Nice Comeback\u201d: Marlen Reusser Dominates Vuelta a Burgos F\u00e9minas with Crushing Time Trial Victory","og_description":"Marlen Reusser (Movistar) sealed a commanding overall win at the Vuelta a Burgos F\u00e9minas with a blistering ride in the stage 4 time trial, capping off a","og_url":"https:\/\/www.welovecycling.com\/wide\/2025\/05\/26\/marlen-reusser-dominates-vuelta-a-burgos-feminas-with-crushing-time-trial-victory\/","og_site_name":"\u0160koda We Love Cycling","article_published_time":"2025-05-26T12:06:35+00:00","og_image":[{"width":990,"height":660,"url":"https:\/\/d2p6e6u75xmxt8.cloudfront.net\/2\/2025\/05\/Marlen-Reusser-Vuelta-Burgos-CVR.webp","type":"image\/webp"}],"author":"tereza","twitter_card":"summary_large_image","twitter_misc":{"Written by":"Monica Buck","Est. reading time":"2"},"schema":{"@context":"https:\/\/schema.org","@graph":[{"@type":"WebPage","@id":"https:\/\/www.welovecycling.com\/wide\/2025\/05\/26\/marlen-reusser-dominates-vuelta-a-burgos-feminas-with-crushing-time-trial-victory\/","url":"https:\/\/www.welovecycling.com\/wide\/2025\/05\/26\/marlen-reusser-dominates-vuelta-a-burgos-feminas-with-crushing-time-trial-victory\/","name":"Marlen Reusser Dominates Vuelta a Burgos F\u00e9minas","isPartOf":{"@id":"https:\/\/www.welovecycling.com\/wide\/#website"},"primaryImageOfPage":{"@id":"https:\/\/www.welovecycling.com\/wide\/2025\/05\/26\/marlen-reusser-dominates-vuelta-a-burgos-feminas-with-crushing-time-trial-victory\/#primaryimage"},"image":{"@id":"https:\/\/www.welovecycling.com\/wide\/2025\/05\/26\/marlen-reusser-dominates-vuelta-a-burgos-feminas-with-crushing-time-trial-victory\/#primaryimage"},"thumbnailUrl":"https:\/\/d2p6e6u75xmxt8.cloudfront.net\/2\/2025\/05\/Marlen-Reusser-Vuelta-Burgos-CVR.webp","datePublished":"2025-05-26T12:06:35+00:00","author":{"@id":"https:\/\/www.welovecycling.com\/wide\/#\/schema\/person\/50f01ecd18718d2333cf72e823c4f926"},"description":"Marlen Reusser (Movistar) sealed a commanding overall win at the Vuelta a Burgos F\u00e9minas with a blistering ride in the stage 4 time trial, capping off a","breadcrumb":{"@id":"https:\/\/www.welovecycling.com\/wide\/2025\/05\/26\/marlen-reusser-dominates-vuelta-a-burgos-feminas-with-crushing-time-trial-victory\/#breadcrumb"},"inLanguage":"en-US","potentialAction":[{"@type":"ReadAction","target":["https:\/\/www.welovecycling.com\/wide\/2025\/05\/26\/marlen-reusser-dominates-vuelta-a-burgos-feminas-with-crushing-time-trial-victory\/"]}]},{"@type":"ImageObject","inLanguage":"en-US","@id":"https:\/\/www.welovecycling.com\/wide\/2025\/05\/26\/marlen-reusser-dominates-vuelta-a-burgos-feminas-with-crushing-time-trial-victory\/#primaryimage","url":"https:\/\/d2p6e6u75xmxt8.cloudfront.net\/2\/2025\/05\/Marlen-Reusser-Vuelta-Burgos-CVR.webp","contentUrl":"https:\/\/d2p6e6u75xmxt8.cloudfront.net\/2\/2025\/05\/Marlen-Reusser-Vuelta-Burgos-CVR.webp","width":990,"height":660,"caption":"Marlen Reusser"},{"@type":"BreadcrumbList","@id":"https:\/\/www.welovecycling.com\/wide\/2025\/05\/26\/marlen-reusser-dominates-vuelta-a-burgos-feminas-with-crushing-time-trial-victory\/#breadcrumb","itemListElement":[{"@type":"ListItem","position":1,"name":"Home","item":"https:\/\/www.welovecycling.com\/wide\/"},{"@type":"ListItem","position":2,"name":"\u201cIt Was a Really Nice Comeback\u201d: Marlen Reusser Dominates Vuelta a Burgos F\u00e9minas with Crushing Time Trial Victory"}]},{"@type":"WebSite","@id":"https:\/\/www.welovecycling.com\/wide\/#website","url":"https:\/\/www.welovecycling.com\/wide\/","name":"\u0160koda We Love Cycling","description":"\u0160koda We Love Cycling magazine","alternateName":"\u0160koda WLC","potentialAction":[{"@type":"SearchAction","target":{"@type":"EntryPoint","urlTemplate":"https:\/\/www.welovecycling.com\/wide\/?s={search_term_string}"},"query-input":{"@type":"PropertyValueSpecification","valueRequired":true,"valueName":"search_term_string"}}],"inLanguage":"en-US"},{"@type":"Person","@id":"https:\/\/www.welovecycling.com\/wide\/#\/schema\/person\/50f01ecd18718d2333cf72e823c4f926","name":"tereza","image":{"@type":"ImageObject","inLanguage":"en-US","@id":"https:\/\/www.welovecycling.com\/wide\/#\/schema\/person\/image\/","url":"https:\/\/secure.gravatar.com\/avatar\/1f9eb71be33845f0afabce3791bc1c58ecdb0a25c62964987e5dbcf7a20d2ec7?s=96&d=mm&r=g","contentUrl":"https:\/\/secure.gravatar.com\/avatar\/1f9eb71be33845f0afabce3791bc1c58ecdb0a25c62964987e5dbcf7a20d2ec7?s=96&d=mm&r=g","caption":"tereza"},"url":"https:\/\/www.welovecycling.com\/wide\/author\/tereza\/"}]}},"_links":{"self":[{"href":"https:\/\/www.welovecycling.com\/wide\/wp-json\/wp\/v2\/posts\/198645","targetHints":{"allow":["GET"]}}],"collection":[{"href":"https:\/\/www.welovecycling.com\/wide\/wp-json\/wp\/v2\/posts"}],"about":[{"href":"https:\/\/www.welovecycling.com\/wide\/wp-json\/wp\/v2\/types\/post"}],"author":[{"embeddable":true,"href":"https:\/\/www.welovecycling.com\/wide\/wp-json\/wp\/v2\/users\/99"}],"replies":[{"embeddable":true,"href":"https:\/\/www.welovecycling.com\/wide\/wp-json\/wp\/v2\/comments?post=198645"}],"version-history":[{"count":4,"href":"https:\/\/www.welovecycling.com\/wide\/wp-json\/wp\/v2\/posts\/198645\/revisions"}],"predecessor-version":[{"id":198651,"href":"https:\/\/www.welovecycling.com\/wide\/wp-json\/wp\/v2\/posts\/198645\/revisions\/198651"}],"wp:featuredmedia":[{"embeddable":true,"href":"https:\/\/www.welovecycling.com\/wide\/wp-json\/wp\/v2\/media\/198650"}],"wp:attachment":[{"href":"https:\/\/www.welovecycling.com\/wide\/wp-json\/wp\/v2\/media?parent=198645"}],"wp:term":[{"taxonomy":"category","embeddable":true,"href":"https:\/\/www.welovecycling.com\/wide\/wp-json\/wp\/v2\/categories?post=198645"},{"taxonomy":"post_tag","embeddable":true,"href":"https:\/\/www.welovecycling.com\/wide\/wp-json\/wp\/v2\/tags?post=198645"},{"taxonomy":"global-categories","embeddable":true,"href":"https:\/\/www.welovecycling.com\/wide\/wp-json\/wp\/v2\/global-categories?post=198645"}],"curies":[{"name":"wp","href":"https:\/\/api.w.org\/{rel}","templated":true}]}}