{"id":198631,"date":"2025-05-26T10:23:23","date_gmt":"2025-05-26T10:23:23","guid":{"rendered":"https:\/\/www.welovecycling.com\/wide\/?p=198631"},"modified":"2025-05-26T10:58:26","modified_gmt":"2025-05-26T10:58:26","slug":"hurt-roglic-falters-del-toro-in-pink-verona-wins-sixth-giro-stage-for-lidl-trek","status":"publish","type":"post","link":"https:\/\/www.welovecycling.com\/wide\/2025\/05\/26\/hurt-roglic-falters-del-toro-in-pink-verona-wins-sixth-giro-stage-for-lidl-trek\/","title":{"rendered":"Hurt Rogli\u010d Falters, del Toro in Pink, Verona Wins Sixth Giro Stage for Lidl-Trek"},"content":{"rendered":"<p><strong>If favorite Primo\u017e Rogli\u010d ever has occasion to think back on the 2025 Giro d\u2019Italia, his thoughts will invariably land on Sunday\u2019s stage 15, a massive 220km from Fiume Veneto to Asiago. That was the stage in which his legs failed him when his GC rivals went on the attack with 29km left to race, near the top of the last of three categorized climbs in the stage (16.6km @ 5.3%) and, though the gradient was not steep, he was unable to follow.<\/strong><\/p>\n<p><!--more--><\/p>\n<h2><strong>Carapaz attacks<\/strong><\/h2>\n<p>The move was instigated by the always aggressive Richard Carapaz (EF Education\u2013EasyPost), who was soon joined by all the GC contenders \u2013 race leader Isaac del Toro and Juan Ayuso (both UAE Team Emirates\u2013XRG), Simon Yates (Visma\u2013Lease a Bike), Egan Bernal and Thymen Arensman (both INEOS Grenadiers), Damiano Caruso and Antonio Tiberi (both Bahrain Victorious) and Derek Gee (Israel\u2013Premier Tech). In other words all the GC contenders of this Giro were together, everyone except the Red Bull\u2013BORA\u2013hansgrohe leader.<\/p>\n<p>His domestiques, Dani Mart\u00ednez and Giulio Pollizzari, worked hard to pull Rogli\u010d over the climb and cut down the deficit, and they eventually managed to stabilize it \u2013 but the damage had been done. The Slovenian crossed the finish line a whopping 1:30 behind his GC rivals and 1:59 behind the brave stage winner, Carlos Verona, who gave his Lidl-Trek team its sixth stage victory of the race. Rogli\u010d now sits 10th in the GC standings, 3:53 behind del Toro.<\/p>\n<h2><strong>Is Rogli\u010d done?<\/strong><\/h2>\n<p>That\u2019s the question. Rogli\u010d has looked uncharacteristically passive over the past two weeks, raising concern over his fitness. In any case, his first words to TNT after Sunday\u2019s stage were not reassuring: \u201cI\u2019m just happy that I finished,\u201d\u00a0he said. But worse news was soon to come.<\/p>\n<p>Red Bull sports director Christian P\u00f6mer then put his future in the race in question. Asked if Rogli\u010d \u00a0will still be in the race after Monday\u2019s rest day, <a href=\"https:\/\/www.idlprocycling.com\/cycling\/will-roglic-leave-the-giro-ditalia-that-remains-a-big-question-for-redbull-bora-hansgrohe-today-we-got-a-reality-check\">he said<\/a>, &#8220;I think this decision is up to the medical team. Health comes first. The team doctor has the final say and will assess whether Primo\u017e can continue.&#8221;<\/p>\n<p>The 2023 Giro winner was one of several riders to crash or be impeded on Saturday\u2019s stage 14, on a stretch of cobblestone in the Slovenian city of Nova Gorica made slippery by rain. That crash also affected several of the main contenders such as Ayuso and Bernal, and forced Lidl-Trek\u2019s GC candidate Giulio Ciccone to drop out of the race after the stage.<\/p>\n<p>&#8220;There&#8217;s no point hiding that he&#8217;s not feeling well or in pain,\u201d P\u00f6mer went on to say. \u201cWe tried to hide it a little, and that worked until today, but today we got a reality check.\u201d Apparently, a decision on Rogli\u010d staying in the race will be made on Monday. However, if he does continue, a gap of nearly 4 minutes is a lot of time to make up in a week, even a week in which there is so much climbing. Yes, Rogli\u010d made up nearly 5 minutes on Ben O\u2019Connor in last year\u2019s Vuelta, but \u2013 no offense to O\u2019Connor \u2013 he is no del Toro.<\/p>\n<p>It was the second time Rogli\u010d crashed in the race. He first fell off his bike on one of the white gravel sectors on stage 9, where he first lost substantial time to del Toro after also suffering a flat. However, his performance in the stage-10 ITT, which followed a rest day, suggested that he had come out of the incident unscathed.<\/p>\n<blockquote class=\"instagram-media\" style=\"background: #FFF; border: 0; border-radius: 3px; box-shadow: 0 0 1px 0 rgba(0,0,0,0.5),0 1px 10px 0 rgba(0,0,0,0.15); margin: 1px; max-width: 540px; min-width: 326px; padding: 0; width: calc(100% - 2px);\" data-instgrm-captioned=\"\" data-instgrm-permalink=\"https:\/\/www.instagram.com\/p\/DKFuam7CDCA\/?utm_source=ig_embed&amp;utm_campaign=loading\" data-instgrm-version=\"14\">\n<div style=\"padding: 16px;\">\n<p>&nbsp;<\/p>\n<div style=\"display: flex; flex-direction: row; align-items: center;\">\n<div style=\"background-color: #f4f4f4; border-radius: 50%; flex-grow: 0; height: 40px; margin-right: 14px; width: 40px;\"><\/div>\n<div style=\"display: flex; flex-direction: column; flex-grow: 1; justify-content: center;\">\n<div style=\"background-color: #f4f4f4; border-radius: 4px; flex-grow: 0; height: 14px; margin-bottom: 6px; width: 100px;\"><\/div>\n<div style=\"background-color: #f4f4f4; border-radius: 4px; flex-grow: 0; height: 14px; width: 60px;\"><\/div>\n<\/div>\n<\/div>\n<div style=\"padding: 19% 0;\"><\/div>\n<div style=\"display: block; height: 50px; margin: 0 auto 12px; width: 50px;\"><\/div>\n<div style=\"padding-top: 8px;\">\n<div style=\"color: #3897f0; font-family: Arial,sans-serif; font-size: 14px; font-style: normal; font-weight: 550; line-height: 18px;\">Zobrazit p\u0159\u00edsp\u011bvek na Instagramu<\/div>\n<\/div>\n<div style=\"padding: 12.5% 0;\"><\/div>\n<div style=\"display: flex; flex-direction: row; margin-bottom: 14px; align-items: center;\">\n<div>\n<div style=\"background-color: #f4f4f4; border-radius: 50%; height: 12.5px; width: 12.5px; transform: translateX(0px) translateY(7px);\"><\/div>\n<div style=\"background-color: #f4f4f4; height: 12.5px; transform: rotate(-45deg) translateX(3px) translateY(1px); width: 12.5px; flex-grow: 0; margin-right: 14px; margin-left: 2px;\"><\/div>\n<div style=\"background-color: #f4f4f4; border-radius: 50%; height: 12.5px; width: 12.5px; transform: translateX(9px) translateY(-18px);\"><\/div>\n<\/div>\n<div style=\"margin-left: 8px;\">\n<div style=\"background-color: #f4f4f4; border-radius: 50%; flex-grow: 0; height: 20px; width: 20px;\"><\/div>\n<div style=\"width: 0; height: 0; border-top: 2px solid transparent; border-left: 6px solid #f4f4f4; border-bottom: 2px solid transparent; transform: translateX(16px) translateY(-4px) rotate(30deg);\"><\/div>\n<\/div>\n<div style=\"margin-left: auto;\">\n<div style=\"width: 0px; border-top: 8px solid #F4F4F4; border-right: 8px solid transparent; transform: translateY(16px);\"><\/div>\n<div style=\"background-color: #f4f4f4; flex-grow: 0; height: 12px; width: 16px; transform: translateY(-4px);\"><\/div>\n<div style=\"width: 0; height: 0; border-top: 8px solid #F4F4F4; border-left: 8px solid transparent; transform: translateY(-4px) translateX(8px);\"><\/div>\n<\/div>\n<\/div>\n<div style=\"display: flex; flex-direction: column; flex-grow: 1; justify-content: center; margin-bottom: 24px;\">\n<div style=\"background-color: #f4f4f4; border-radius: 4px; flex-grow: 0; height: 14px; margin-bottom: 6px; width: 224px;\"><\/div>\n<div style=\"background-color: #f4f4f4; border-radius: 4px; flex-grow: 0; height: 14px; width: 144px;\"><\/div>\n<\/div>\n<p>&nbsp;<\/p>\n<p style=\"color: #c9c8cd; font-family: Arial,sans-serif; font-size: 14px; line-height: 17px; margin-bottom: 0; margin-top: 8px; overflow: hidden; padding: 8px 0 7px; text-align: center; text-overflow: ellipsis; white-space: nowrap;\"><a style=\"color: #c9c8cd; font-family: Arial,sans-serif; font-size: 14px; font-style: normal; font-weight: normal; line-height: 17px; text-decoration: none;\" href=\"https:\/\/www.instagram.com\/p\/DKFuam7CDCA\/?utm_source=ig_embed&amp;utm_campaign=loading\" target=\"_blank\" rel=\"noopener\">P\u0159\u00edsp\u011bvek sd\u00edlen\u00fd Giro d&#8217;Italia (@giroditalia)<\/a><\/p>\n<\/div>\n<\/blockquote>\n<h2><script async src=\"\/\/www.instagram.com\/embed.js\"><\/script>\u00a0<strong>A domestique\u2019s triumph<\/strong><\/h2>\n<p>Ciccone\u2019s abandon on Saturday emboldened Lidl-Trek\u2019s reliable domestique Carlos Verona to surge out of a lead group of riders with 42km left to in the stage. The 32-year-old Italian rode a stunning solo all the way to the finish line for only the second professional victory of his 14-year career. It was also his first Grand Tour win, which came in his sixteenth Grand Tour. His win was popular in the peloton and also gave Lidl-Trek its sixth stage victory in the race.<\/p>\n<p>&#8220;Everything changed\u201d after Ciccone abandoned the race, Verona said. \u201cToday I was riding with my mind and my legs, especially for Ciccone, because I know how much he worked for this race, how many sacrifices he [made]. When you are a helper, you need to be there to help them. When they\u2019re not here, you need to also be there for the team.\u201d<\/p>\n<p>This Giro\u2019s brutal third week will have about 23,000 meters of climbing, beginning with what is undoubtedly the race\u2019s Queen Stage on Tuesday, with an estimated 4,900 meters of elevation gained. Two big questions remain to be answered: Will Rogli\u010d be fit enough to continue and who in heaven\u2019s name is the UAE team leader, del Toro or Ayuso?<\/p>\n<p>Saturday\u2019s crash also affected Ayuso, who now sits third in the GC, 1:26 behind his teammate and 6 seconds behind Simon Yates. The team\u2019s motives and tactics regarding their two young stars are as mysterious as the movement of the tides. For example, on Sunday del Toro reacted immediately to an early attack by Bernal with about 92km left to ride, on the interminable category 1 climb to the summit of Monte Grappa (25.1km @ 5.7%, with ramps up to 11%). But he was ordered by his team not to take part in the attack.<\/p>\n<p>The reason? Who knows. Maybe they didn\u2019t want Ayuso to lose any more time, presumably because the sports directors want to have two weapons to throw at their main rivals in the big climbs of week 3. Also, Ayuso\u2019s climbing ability is well established, but del Toro has not yet proven himself on the long-steep climbs he will face this week. However, the 21-year-old Mexican has shown no weaknesses so far in the race, has avoided all of the crashes that hampered Rogli\u010d and Ayuso and has exhibited the same all-conquering charisma of his team leader and mentor, Tadej Poga\u010dar. And when he steps on the pedals, del Toro even looks like Pogi.<\/p>\n<p>This week will reveal if he also climbs like him.<\/p>\n<h4><strong>General classification after stage 15<\/strong><\/h4>\n<ol>\n<li>Isaac Del Toro, UAE Team Emirates\u2013XRG 55:54:05<\/li>\n<li>Simon Yates, Visma\u2013Lease a Bike +1:20<\/li>\n<li>Juan Ayuso, UAE Team Emirates\u2013XRG \u00a0\u00a0\u00a0\u00a0\u00a0\u00a0\u00a0\u00a0\u00a0+1:26<\/li>\n<li>Richard Carapaz, EF Education\u2013EasyPost +2:07<\/li>\n<li>Derek Gee, Israel-Premier Tech +2:54<\/li>\n<li>David Caruso, Bahrain Victorious +2:55<\/li>\n<li>Antonio Tiberi, Bahrain Victorious +3:02<\/li>\n<li>Egan Bernal, INEOS Grenadiers +3:38<\/li>\n<li>Thymen Arensman, INEOS Grenadiers +3:45<\/li>\n<li>Primo\u017e Rogli\u010d, Red Bull\u2013BORA\u2013Hansgrohe +3:53<\/li>\n<\/ol>\n","protected":false},"excerpt":{"rendered":"<p>If favorite Primo\u017e Rogli\u010d ever has occasion to think back on the 2025 Giro d\u2019Italia, his thoughts will invariably land [&hellip;]<\/p>\n","protected":false},"author":99,"featured_media":198633,"comment_status":"closed","ping_status":"open","sticky":false,"template":"","format":"standard","meta":{"footnotes":""},"categories":[329],"tags":[8268,5445,8542,402,3939,1221,3065],"global-categories":[3366],"class_list":["post-198631","post","type-post","status-publish","format-standard","has-post-thumbnail","hentry","category-road-cycling","tag-2025-giro","tag-ben-oconnor","tag-carlos-verona","tag-giro-ditalia","tag-giulio-ciccone","tag-primoz-roglic","tag-richard-carapaz","global-categories-cycling"],"yoast_head":"<!-- This site is optimized with the Yoast SEO Premium plugin v25.3 (Yoast SEO v25.9) - https:\/\/yoast.com\/wordpress\/plugins\/seo\/ -->\n<title>Carlos Verona Wins Sixth Giro Stage for Lidl-Trek<\/title>\n<meta name=\"description\" content=\"If favorite Primo\u017e Rogli\u010d ever has occasion to think back on the 2025 Giro d\u2019Italia, his thoughts will invariably land on Sunday\u2019s stage 15, a massive\" \/>\n<meta name=\"robots\" content=\"index, follow, max-snippet:-1, max-image-preview:large, max-video-preview:-1\" \/>\n<link rel=\"canonical\" href=\"https:\/\/www.welovecycling.com\/wide\/2025\/05\/26\/hurt-roglic-falters-del-toro-in-pink-verona-wins-sixth-giro-stage-for-lidl-trek\/\" \/>\n<meta property=\"og:locale\" content=\"en_US\" \/>\n<meta property=\"og:type\" content=\"article\" \/>\n<meta property=\"og:title\" content=\"Hurt Rogli\u010d Falters, del Toro in Pink, Verona Wins Sixth Giro Stage for Lidl-Trek\" \/>\n<meta property=\"og:description\" content=\"If favorite Primo\u017e Rogli\u010d ever has occasion to think back on the 2025 Giro d\u2019Italia, his thoughts will invariably land on Sunday\u2019s stage 15, a massive\" \/>\n<meta property=\"og:url\" content=\"https:\/\/www.welovecycling.com\/wide\/2025\/05\/26\/hurt-roglic-falters-del-toro-in-pink-verona-wins-sixth-giro-stage-for-lidl-trek\/\" \/>\n<meta property=\"og:site_name\" content=\"\u0160koda We Love Cycling\" \/>\n<meta property=\"article:published_time\" content=\"2025-05-26T10:23:23+00:00\" \/>\n<meta property=\"article:modified_time\" content=\"2025-05-26T10:58:26+00:00\" \/>\n<meta property=\"og:image\" content=\"https:\/\/d2p6e6u75xmxt8.cloudfront.net\/2\/2025\/05\/Roglic-Bora-Giroprofimedia-1003437852-CVR.webp\" \/>\n\t<meta property=\"og:image:width\" content=\"990\" \/>\n\t<meta property=\"og:image:height\" content=\"660\" \/>\n\t<meta property=\"og:image:type\" content=\"image\/webp\" \/>\n<meta name=\"author\" content=\"tereza\" \/>\n<meta name=\"twitter:card\" content=\"summary_large_image\" \/>\n<meta name=\"twitter:label1\" content=\"Written by\" \/>\n\t<meta name=\"twitter:data1\" content=\"Siegfried Mortkowitz\" \/>\n\t<meta name=\"twitter:label2\" content=\"Est. reading time\" \/>\n\t<meta name=\"twitter:data2\" content=\"3\" \/>\n<script type=\"application\/ld+json\" class=\"yoast-schema-graph\">{\"@context\":\"https:\/\/schema.org\",\"@graph\":[{\"@type\":\"WebPage\",\"@id\":\"https:\/\/www.welovecycling.com\/wide\/2025\/05\/26\/hurt-roglic-falters-del-toro-in-pink-verona-wins-sixth-giro-stage-for-lidl-trek\/\",\"url\":\"https:\/\/www.welovecycling.com\/wide\/2025\/05\/26\/hurt-roglic-falters-del-toro-in-pink-verona-wins-sixth-giro-stage-for-lidl-trek\/\",\"name\":\"Carlos Verona Wins Sixth Giro Stage for Lidl-Trek\",\"isPartOf\":{\"@id\":\"https:\/\/www.welovecycling.com\/wide\/#website\"},\"primaryImageOfPage\":{\"@id\":\"https:\/\/www.welovecycling.com\/wide\/2025\/05\/26\/hurt-roglic-falters-del-toro-in-pink-verona-wins-sixth-giro-stage-for-lidl-trek\/#primaryimage\"},\"image\":{\"@id\":\"https:\/\/www.welovecycling.com\/wide\/2025\/05\/26\/hurt-roglic-falters-del-toro-in-pink-verona-wins-sixth-giro-stage-for-lidl-trek\/#primaryimage\"},\"thumbnailUrl\":\"https:\/\/d2p6e6u75xmxt8.cloudfront.net\/2\/2025\/05\/Roglic-Bora-Giroprofimedia-1003437852-CVR.webp\",\"datePublished\":\"2025-05-26T10:23:23+00:00\",\"dateModified\":\"2025-05-26T10:58:26+00:00\",\"author\":{\"@id\":\"https:\/\/www.welovecycling.com\/wide\/#\/schema\/person\/50f01ecd18718d2333cf72e823c4f926\"},\"description\":\"If favorite Primo\u017e Rogli\u010d ever has occasion to think back on the 2025 Giro d\u2019Italia, his thoughts will invariably land on Sunday\u2019s stage 15, a massive\",\"breadcrumb\":{\"@id\":\"https:\/\/www.welovecycling.com\/wide\/2025\/05\/26\/hurt-roglic-falters-del-toro-in-pink-verona-wins-sixth-giro-stage-for-lidl-trek\/#breadcrumb\"},\"inLanguage\":\"en-US\",\"potentialAction\":[{\"@type\":\"ReadAction\",\"target\":[\"https:\/\/www.welovecycling.com\/wide\/2025\/05\/26\/hurt-roglic-falters-del-toro-in-pink-verona-wins-sixth-giro-stage-for-lidl-trek\/\"]}]},{\"@type\":\"ImageObject\",\"inLanguage\":\"en-US\",\"@id\":\"https:\/\/www.welovecycling.com\/wide\/2025\/05\/26\/hurt-roglic-falters-del-toro-in-pink-verona-wins-sixth-giro-stage-for-lidl-trek\/#primaryimage\",\"url\":\"https:\/\/d2p6e6u75xmxt8.cloudfront.net\/2\/2025\/05\/Roglic-Bora-Giroprofimedia-1003437852-CVR.webp\",\"contentUrl\":\"https:\/\/d2p6e6u75xmxt8.cloudfront.net\/2\/2025\/05\/Roglic-Bora-Giroprofimedia-1003437852-CVR.webp\",\"width\":990,\"height\":660,\"caption\":\"2025 Giro\"},{\"@type\":\"BreadcrumbList\",\"@id\":\"https:\/\/www.welovecycling.com\/wide\/2025\/05\/26\/hurt-roglic-falters-del-toro-in-pink-verona-wins-sixth-giro-stage-for-lidl-trek\/#breadcrumb\",\"itemListElement\":[{\"@type\":\"ListItem\",\"position\":1,\"name\":\"Home\",\"item\":\"https:\/\/www.welovecycling.com\/wide\/\"},{\"@type\":\"ListItem\",\"position\":2,\"name\":\"Hurt Rogli\u010d Falters, del Toro in Pink, Verona Wins Sixth Giro Stage for Lidl-Trek\"}]},{\"@type\":\"WebSite\",\"@id\":\"https:\/\/www.welovecycling.com\/wide\/#website\",\"url\":\"https:\/\/www.welovecycling.com\/wide\/\",\"name\":\"\u0160koda We Love Cycling\",\"description\":\"\u0160koda We Love Cycling magazine\",\"alternateName\":\"\u0160koda WLC\",\"potentialAction\":[{\"@type\":\"SearchAction\",\"target\":{\"@type\":\"EntryPoint\",\"urlTemplate\":\"https:\/\/www.welovecycling.com\/wide\/?s={search_term_string}\"},\"query-input\":{\"@type\":\"PropertyValueSpecification\",\"valueRequired\":true,\"valueName\":\"search_term_string\"}}],\"inLanguage\":\"en-US\"},{\"@type\":\"Person\",\"@id\":\"https:\/\/www.welovecycling.com\/wide\/#\/schema\/person\/50f01ecd18718d2333cf72e823c4f926\",\"name\":\"tereza\",\"image\":{\"@type\":\"ImageObject\",\"inLanguage\":\"en-US\",\"@id\":\"https:\/\/www.welovecycling.com\/wide\/#\/schema\/person\/image\/\",\"url\":\"https:\/\/secure.gravatar.com\/avatar\/1f9eb71be33845f0afabce3791bc1c58ecdb0a25c62964987e5dbcf7a20d2ec7?s=96&d=mm&r=g\",\"contentUrl\":\"https:\/\/secure.gravatar.com\/avatar\/1f9eb71be33845f0afabce3791bc1c58ecdb0a25c62964987e5dbcf7a20d2ec7?s=96&d=mm&r=g\",\"caption\":\"tereza\"},\"url\":\"https:\/\/www.welovecycling.com\/wide\/author\/tereza\/\"}]}<\/script>\n<!-- \/ Yoast SEO Premium plugin. -->","yoast_head_json":{"title":"Carlos Verona Wins Sixth Giro Stage for Lidl-Trek","description":"If favorite Primo\u017e Rogli\u010d ever has occasion to think back on the 2025 Giro d\u2019Italia, his thoughts will invariably land on Sunday\u2019s stage 15, a massive","robots":{"index":"index","follow":"follow","max-snippet":"max-snippet:-1","max-image-preview":"max-image-preview:large","max-video-preview":"max-video-preview:-1"},"canonical":"https:\/\/www.welovecycling.com\/wide\/2025\/05\/26\/hurt-roglic-falters-del-toro-in-pink-verona-wins-sixth-giro-stage-for-lidl-trek\/","og_locale":"en_US","og_type":"article","og_title":"Hurt Rogli\u010d Falters, del Toro in Pink, Verona Wins Sixth Giro Stage for Lidl-Trek","og_description":"If favorite Primo\u017e Rogli\u010d ever has occasion to think back on the 2025 Giro d\u2019Italia, his thoughts will invariably land on Sunday\u2019s stage 15, a massive","og_url":"https:\/\/www.welovecycling.com\/wide\/2025\/05\/26\/hurt-roglic-falters-del-toro-in-pink-verona-wins-sixth-giro-stage-for-lidl-trek\/","og_site_name":"\u0160koda We Love Cycling","article_published_time":"2025-05-26T10:23:23+00:00","article_modified_time":"2025-05-26T10:58:26+00:00","og_image":[{"width":990,"height":660,"url":"https:\/\/d2p6e6u75xmxt8.cloudfront.net\/2\/2025\/05\/Roglic-Bora-Giroprofimedia-1003437852-CVR.webp","type":"image\/webp"}],"author":"tereza","twitter_card":"summary_large_image","twitter_misc":{"Written by":"Siegfried Mortkowitz","Est. reading time":"3"},"schema":{"@context":"https:\/\/schema.org","@graph":[{"@type":"WebPage","@id":"https:\/\/www.welovecycling.com\/wide\/2025\/05\/26\/hurt-roglic-falters-del-toro-in-pink-verona-wins-sixth-giro-stage-for-lidl-trek\/","url":"https:\/\/www.welovecycling.com\/wide\/2025\/05\/26\/hurt-roglic-falters-del-toro-in-pink-verona-wins-sixth-giro-stage-for-lidl-trek\/","name":"Carlos Verona Wins Sixth Giro Stage for Lidl-Trek","isPartOf":{"@id":"https:\/\/www.welovecycling.com\/wide\/#website"},"primaryImageOfPage":{"@id":"https:\/\/www.welovecycling.com\/wide\/2025\/05\/26\/hurt-roglic-falters-del-toro-in-pink-verona-wins-sixth-giro-stage-for-lidl-trek\/#primaryimage"},"image":{"@id":"https:\/\/www.welovecycling.com\/wide\/2025\/05\/26\/hurt-roglic-falters-del-toro-in-pink-verona-wins-sixth-giro-stage-for-lidl-trek\/#primaryimage"},"thumbnailUrl":"https:\/\/d2p6e6u75xmxt8.cloudfront.net\/2\/2025\/05\/Roglic-Bora-Giroprofimedia-1003437852-CVR.webp","datePublished":"2025-05-26T10:23:23+00:00","dateModified":"2025-05-26T10:58:26+00:00","author":{"@id":"https:\/\/www.welovecycling.com\/wide\/#\/schema\/person\/50f01ecd18718d2333cf72e823c4f926"},"description":"If favorite Primo\u017e Rogli\u010d ever has occasion to think back on the 2025 Giro d\u2019Italia, his thoughts will invariably land on Sunday\u2019s stage 15, a massive","breadcrumb":{"@id":"https:\/\/www.welovecycling.com\/wide\/2025\/05\/26\/hurt-roglic-falters-del-toro-in-pink-verona-wins-sixth-giro-stage-for-lidl-trek\/#breadcrumb"},"inLanguage":"en-US","potentialAction":[{"@type":"ReadAction","target":["https:\/\/www.welovecycling.com\/wide\/2025\/05\/26\/hurt-roglic-falters-del-toro-in-pink-verona-wins-sixth-giro-stage-for-lidl-trek\/"]}]},{"@type":"ImageObject","inLanguage":"en-US","@id":"https:\/\/www.welovecycling.com\/wide\/2025\/05\/26\/hurt-roglic-falters-del-toro-in-pink-verona-wins-sixth-giro-stage-for-lidl-trek\/#primaryimage","url":"https:\/\/d2p6e6u75xmxt8.cloudfront.net\/2\/2025\/05\/Roglic-Bora-Giroprofimedia-1003437852-CVR.webp","contentUrl":"https:\/\/d2p6e6u75xmxt8.cloudfront.net\/2\/2025\/05\/Roglic-Bora-Giroprofimedia-1003437852-CVR.webp","width":990,"height":660,"caption":"2025 Giro"},{"@type":"BreadcrumbList","@id":"https:\/\/www.welovecycling.com\/wide\/2025\/05\/26\/hurt-roglic-falters-del-toro-in-pink-verona-wins-sixth-giro-stage-for-lidl-trek\/#breadcrumb","itemListElement":[{"@type":"ListItem","position":1,"name":"Home","item":"https:\/\/www.welovecycling.com\/wide\/"},{"@type":"ListItem","position":2,"name":"Hurt Rogli\u010d Falters, del Toro in Pink, Verona Wins Sixth Giro Stage for Lidl-Trek"}]},{"@type":"WebSite","@id":"https:\/\/www.welovecycling.com\/wide\/#website","url":"https:\/\/www.welovecycling.com\/wide\/","name":"\u0160koda We Love Cycling","description":"\u0160koda We Love Cycling magazine","alternateName":"\u0160koda WLC","potentialAction":[{"@type":"SearchAction","target":{"@type":"EntryPoint","urlTemplate":"https:\/\/www.welovecycling.com\/wide\/?s={search_term_string}"},"query-input":{"@type":"PropertyValueSpecification","valueRequired":true,"valueName":"search_term_string"}}],"inLanguage":"en-US"},{"@type":"Person","@id":"https:\/\/www.welovecycling.com\/wide\/#\/schema\/person\/50f01ecd18718d2333cf72e823c4f926","name":"tereza","image":{"@type":"ImageObject","inLanguage":"en-US","@id":"https:\/\/www.welovecycling.com\/wide\/#\/schema\/person\/image\/","url":"https:\/\/secure.gravatar.com\/avatar\/1f9eb71be33845f0afabce3791bc1c58ecdb0a25c62964987e5dbcf7a20d2ec7?s=96&d=mm&r=g","contentUrl":"https:\/\/secure.gravatar.com\/avatar\/1f9eb71be33845f0afabce3791bc1c58ecdb0a25c62964987e5dbcf7a20d2ec7?s=96&d=mm&r=g","caption":"tereza"},"url":"https:\/\/www.welovecycling.com\/wide\/author\/tereza\/"}]}},"_links":{"self":[{"href":"https:\/\/www.welovecycling.com\/wide\/wp-json\/wp\/v2\/posts\/198631","targetHints":{"allow":["GET"]}}],"collection":[{"href":"https:\/\/www.welovecycling.com\/wide\/wp-json\/wp\/v2\/posts"}],"about":[{"href":"https:\/\/www.welovecycling.com\/wide\/wp-json\/wp\/v2\/types\/post"}],"author":[{"embeddable":true,"href":"https:\/\/www.welovecycling.com\/wide\/wp-json\/wp\/v2\/users\/99"}],"replies":[{"embeddable":true,"href":"https:\/\/www.welovecycling.com\/wide\/wp-json\/wp\/v2\/comments?post=198631"}],"version-history":[{"count":5,"href":"https:\/\/www.welovecycling.com\/wide\/wp-json\/wp\/v2\/posts\/198631\/revisions"}],"predecessor-version":[{"id":198644,"href":"https:\/\/www.welovecycling.com\/wide\/wp-json\/wp\/v2\/posts\/198631\/revisions\/198644"}],"wp:featuredmedia":[{"embeddable":true,"href":"https:\/\/www.welovecycling.com\/wide\/wp-json\/wp\/v2\/media\/198633"}],"wp:attachment":[{"href":"https:\/\/www.welovecycling.com\/wide\/wp-json\/wp\/v2\/media?parent=198631"}],"wp:term":[{"taxonomy":"category","embeddable":true,"href":"https:\/\/www.welovecycling.com\/wide\/wp-json\/wp\/v2\/categories?post=198631"},{"taxonomy":"post_tag","embeddable":true,"href":"https:\/\/www.welovecycling.com\/wide\/wp-json\/wp\/v2\/tags?post=198631"},{"taxonomy":"global-categories","embeddable":true,"href":"https:\/\/www.welovecycling.com\/wide\/wp-json\/wp\/v2\/global-categories?post=198631"}],"curies":[{"name":"wp","href":"https:\/\/api.w.org\/{rel}","templated":true}]}}