{"id":198626,"date":"2025-05-26T09:13:34","date_gmt":"2025-05-26T09:13:34","guid":{"rendered":"https:\/\/www.welovecycling.com\/wide\/?p=198626"},"modified":"2025-05-26T10:21:03","modified_gmt":"2025-05-26T10:21:03","slug":"van-der-poel-mtb-world-championship-quest-begins-with-a-crash-out-and-perhaps-worse","status":"publish","type":"post","link":"https:\/\/www.welovecycling.com\/wide\/2025\/05\/26\/van-der-poel-mtb-world-championship-quest-begins-with-a-crash-out-and-perhaps-worse\/","title":{"rendered":"Van der Poel MTB World Championship Quest Begins with a Crash-Out \u2013 and Perhaps Worse"},"content":{"rendered":"<p><strong>Mathieu van der Poel\u2019s quest for the mountain bike world championship began in Sunday\u2019s Nov\u00e9\u00a0M\u011bsto\u00a0Na\u00a0Morav\u011b UCI World Series race with an absolute nightmare. He crashed twice on the start loop of the Elite Men\u2019s race and eventually abandoned the race on the third of eight laps.<\/strong><\/p>\n<p><!--more--><\/p>\n<p>But the bad news didn\u2019t stop there. <em>Wielerflits<\/em> <a href=\"https:\/\/www.wielerflits.nl\/nieuws\/mathieu-van-der-poel-voor-controle-na-ziekenhuis-na-dubbele-valpartij\/\">reported<\/a> that both van der Poel and Alpecin-Deceuninck teammate Sam Gaze, who also abandoned the race after crashing, were taken to the hospital to be examined. Another report by <a href=\"https:\/\/sporza.be\/nl\/2025\/05\/25\/tour-de-france-in-gevaar-mathieu-van-der-poel-naar-ziekenhuis-voor-onderzoeken-na-valpartij-met-mountainbike~1748199696292\/\"><em>Sporza<\/em><\/a>, yet to be confirmed, suggested that the reigning cyclocross and gravel world champion might be forced to give up plans to ride in the upcoming Tour de France.<\/p>\n<p><em>Sporza<\/em> went on to say that van der Poel had been scheduled to travel to La Plagne on Monday for an altitude training camp in preparation for \u00a0the <a href=\"https:\/\/www.procyclingstats.com\/race\/dauphine\/2025\">Crit\u00e9rium du Dauphin\u00e9<\/a>, which starts on \u00a0June 8, and the Tour, which kicks off on July 5. \u201cThere is now a very big question mark behind that planning,\u201d the publication reported, without however providing concrete details.<\/p>\n<p>Van der Poel\u2019s problems in the race began with his place on the start grid. Not having ridden an MTB race in four years, he had to start far back on the 32nd spot, about eight rows from the front, which forced him to ride in catch-up mode. Two minutes into the start loop, at the foot of a climb, he tried to pass a rider on the outside by leaning into him, but the rider resisted and van der Poel crashed into the side netting.<\/p>\n<blockquote class=\"instagram-media\" style=\"background: #FFF; border: 0; border-radius: 3px; box-shadow: 0 0 1px 0 rgba(0,0,0,0.5),0 1px 10px 0 rgba(0,0,0,0.15); margin: 1px; max-width: 540px; min-width: 326px; padding: 0; width: calc(100% - 2px);\" data-instgrm-captioned=\"\" data-instgrm-permalink=\"https:\/\/www.instagram.com\/p\/DKF0I6Vsbd9\/?utm_source=ig_embed&amp;utm_campaign=loading\" data-instgrm-version=\"14\">\n<div style=\"padding: 16px;\">\n<p>&nbsp;<\/p>\n<div style=\"display: flex; flex-direction: row; align-items: center;\">\n<div style=\"background-color: #f4f4f4; border-radius: 50%; flex-grow: 0; height: 40px; margin-right: 14px; width: 40px;\"><\/div>\n<div style=\"display: flex; flex-direction: column; flex-grow: 1; justify-content: center;\">\n<div style=\"background-color: #f4f4f4; border-radius: 4px; flex-grow: 0; height: 14px; margin-bottom: 6px; width: 100px;\"><\/div>\n<div style=\"background-color: #f4f4f4; border-radius: 4px; flex-grow: 0; height: 14px; width: 60px;\"><\/div>\n<\/div>\n<\/div>\n<div style=\"padding: 19% 0;\"><\/div>\n<div style=\"display: block; height: 50px; margin: 0 auto 12px; width: 50px;\"><\/div>\n<div style=\"padding-top: 8px;\">\n<div style=\"color: #3897f0; font-family: Arial,sans-serif; font-size: 14px; font-style: normal; font-weight: 550; line-height: 18px;\">View this post on Instagram<\/div>\n<\/div>\n<div style=\"padding: 12.5% 0;\"><\/div>\n<div style=\"display: flex; flex-direction: row; margin-bottom: 14px; align-items: center;\">\n<div>\n<div style=\"background-color: #f4f4f4; border-radius: 50%; height: 12.5px; width: 12.5px; transform: translateX(0px) translateY(7px);\"><\/div>\n<div style=\"background-color: #f4f4f4; height: 12.5px; transform: rotate(-45deg) translateX(3px) translateY(1px); width: 12.5px; flex-grow: 0; margin-right: 14px; margin-left: 2px;\"><\/div>\n<div style=\"background-color: #f4f4f4; border-radius: 50%; height: 12.5px; width: 12.5px; transform: translateX(9px) translateY(-18px);\"><\/div>\n<\/div>\n<div style=\"margin-left: 8px;\">\n<div style=\"background-color: #f4f4f4; border-radius: 50%; flex-grow: 0; height: 20px; width: 20px;\"><\/div>\n<div style=\"width: 0; height: 0; border-top: 2px solid transparent; border-left: 6px solid #f4f4f4; border-bottom: 2px solid transparent; transform: translateX(16px) translateY(-4px) rotate(30deg);\"><\/div>\n<\/div>\n<div style=\"margin-left: auto;\">\n<div style=\"width: 0px; border-top: 8px solid #F4F4F4; border-right: 8px solid transparent; transform: translateY(16px);\"><\/div>\n<div style=\"background-color: #f4f4f4; flex-grow: 0; height: 12px; width: 16px; transform: translateY(-4px);\"><\/div>\n<div style=\"width: 0; height: 0; border-top: 8px solid #F4F4F4; border-left: 8px solid transparent; transform: translateY(-4px) translateX(8px);\"><\/div>\n<\/div>\n<\/div>\n<div style=\"display: flex; flex-direction: column; flex-grow: 1; justify-content: center; margin-bottom: 24px;\">\n<div style=\"background-color: #f4f4f4; border-radius: 4px; flex-grow: 0; height: 14px; margin-bottom: 6px; width: 224px;\"><\/div>\n<div style=\"background-color: #f4f4f4; border-radius: 4px; flex-grow: 0; height: 14px; width: 144px;\"><\/div>\n<\/div>\n<p>&nbsp;<\/p>\n<p style=\"color: #c9c8cd; font-family: Arial,sans-serif; font-size: 14px; line-height: 17px; margin-bottom: 0; margin-top: 8px; overflow: hidden; padding: 8px 0 7px; text-align: center; text-overflow: ellipsis; white-space: nowrap;\"><a style=\"color: #c9c8cd; font-family: Arial,sans-serif; font-size: 14px; font-style: normal; font-weight: normal; line-height: 17px; text-decoration: none;\" href=\"https:\/\/www.instagram.com\/p\/DKF0I6Vsbd9\/?utm_source=ig_embed&amp;utm_campaign=loading\" target=\"_blank\" rel=\"noopener\">A post shared by UCI Mountain Bike (@uci_mountainbike)<\/a><\/p>\n<\/div>\n<\/blockquote>\n<p><script async src=\"\/\/www.instagram.com\/embed.js\"><\/script><\/p>\n<p>Soon after, riding near the back of the race, he was caught in a bottleneck on a narrow track leading to another climb. Then, coming off a rapid descent, the Alpecin-Deceuninck leader hit a rocky bump on the track and fell over his handlebars, hitting the ground hard. [See that incident here.] Apparently unhurt, he immediately remounted and tried to improve his position. But he was now in next-to-last place, some 1:40 behind the leaders.<\/p>\n<p>While he improved his placement over the first two laps, he could make up no time and finally decided to call it a day on lap 3. As a result, van der Poel will earn no MTB points and will therefore be faced with the same problem on his next race, a bad placement on the start grid. And unless he starts picking up points eventually, he will face the same issue in the 2025 UCI Mountain Bike World Championships, which will be held in\u00a0Valais, Switzerland, from August 30 to September 14.<\/p>\n<p>Another multi-discipline rider returned to MTB racing at Nov\u00e9\u00a0M\u011bsto, reigning MTB women\u2019s world champion Puck Pieterse (Fenix-Deceuninck), who was \u00a0coming off an impressive spring Classics season in which she won the La Fl\u00e8che Wallonne F\u00e9minine, finished second in <a href=\"https:\/\/www.procyclingstats.com\/race\/liege-bastogne-liege-femmes\/2025\/result\">Li\u00e8ge-Bastogne-Li\u00e8ge Femmes<\/a>\u00a0and third in the Amstel Gold Race. Pieterse had a great start, easily winning Saturday\u2019s Short Track race.<\/p>\n<p>And she had an impressive start in Sunday\u2019s Elite Woman\u2019s race, fighting for the lead or leading for much of the first lap, when disaster struck in the form of a front-wheel flat tire at the worst possible spot on the course, far from the technical sector where repairs can be made.<\/p>\n<p>By the time she had labored to that section on one good tire and changed the wheel, Pieterse had lost 1:30 to the leaders. Despite riding in the red for several laps in an attempt to catch up, she could get no closer than 1:05 and eventually tired, finishing 13th, 1:59 behind the winner, Mona Mitterwallner (Mondraker Factory Racing).<\/p>\n","protected":false},"excerpt":{"rendered":"<p>Mathieu van der Poel\u2019s quest for the mountain bike world championship began in Sunday\u2019s Nov\u00e9\u00a0M\u011bsto\u00a0Na\u00a0Morav\u011b UCI World Series race with [&hellip;]<\/p>\n","protected":false},"author":99,"featured_media":198638,"comment_status":"closed","ping_status":"open","sticky":false,"template":"","format":"standard","meta":{"footnotes":""},"categories":[328],"tags":[2933,8539,6064,8540,8541],"global-categories":[3366],"class_list":["post-198626","post","type-post","status-publish","format-standard","has-post-thumbnail","hentry","category-outdoor-mountain","tag-mathieu-van-der-poel","tag-mtb-world-championship","tag-puck-pieterse","tag-sam-gaze","tag-uci-mountain-bike-world-cup-xco-xcc","global-categories-cycling"],"yoast_head":"<!-- This site is optimized with the Yoast SEO Premium plugin v25.3 (Yoast SEO v25.9) - https:\/\/yoast.com\/wordpress\/plugins\/seo\/ -->\n<title>Van der Poel MTB World Championship Quest Begins with a Crash<\/title>\n<meta name=\"description\" content=\"Mathieu van der Poel\u2019s quest for the mountain bike world championship began in Sunday\u2019s Nov\u00e9\u00a0M\u011bsto\u00a0Na\u00a0Morav\u011b UCI World Series race with an absolute\" \/>\n<meta name=\"robots\" content=\"index, follow, max-snippet:-1, max-image-preview:large, max-video-preview:-1\" \/>\n<link rel=\"canonical\" href=\"https:\/\/www.welovecycling.com\/wide\/2025\/05\/26\/van-der-poel-mtb-world-championship-quest-begins-with-a-crash-out-and-perhaps-worse\/\" \/>\n<meta property=\"og:locale\" content=\"en_US\" \/>\n<meta property=\"og:type\" content=\"article\" \/>\n<meta property=\"og:title\" content=\"Van der Poel MTB World Championship Quest Begins with a Crash-Out \u2013 and Perhaps Worse\" \/>\n<meta property=\"og:description\" content=\"Mathieu van der Poel\u2019s quest for the mountain bike world championship began in Sunday\u2019s Nov\u00e9\u00a0M\u011bsto\u00a0Na\u00a0Morav\u011b UCI World Series race with an absolute\" \/>\n<meta property=\"og:url\" content=\"https:\/\/www.welovecycling.com\/wide\/2025\/05\/26\/van-der-poel-mtb-world-championship-quest-begins-with-a-crash-out-and-perhaps-worse\/\" \/>\n<meta property=\"og:site_name\" content=\"\u0160koda We Love Cycling\" \/>\n<meta property=\"article:published_time\" content=\"2025-05-26T09:13:34+00:00\" \/>\n<meta property=\"article:modified_time\" content=\"2025-05-26T10:21:03+00:00\" \/>\n<meta property=\"og:image\" content=\"https:\/\/d2p6e6u75xmxt8.cloudfront.net\/2\/2025\/05\/Van-der-Poel-profimedia-1003281867-CVR.webp\" \/>\n\t<meta property=\"og:image:width\" content=\"990\" \/>\n\t<meta property=\"og:image:height\" content=\"660\" \/>\n\t<meta property=\"og:image:type\" content=\"image\/webp\" \/>\n<meta name=\"author\" content=\"tereza\" \/>\n<meta name=\"twitter:card\" content=\"summary_large_image\" \/>\n<meta name=\"twitter:label1\" content=\"Written by\" \/>\n\t<meta name=\"twitter:data1\" content=\"Siegfried Mortkowitz\" \/>\n\t<meta name=\"twitter:label2\" content=\"Est. reading time\" \/>\n\t<meta name=\"twitter:data2\" content=\"3\" \/>\n<script type=\"application\/ld+json\" class=\"yoast-schema-graph\">{\"@context\":\"https:\/\/schema.org\",\"@graph\":[{\"@type\":\"WebPage\",\"@id\":\"https:\/\/www.welovecycling.com\/wide\/2025\/05\/26\/van-der-poel-mtb-world-championship-quest-begins-with-a-crash-out-and-perhaps-worse\/\",\"url\":\"https:\/\/www.welovecycling.com\/wide\/2025\/05\/26\/van-der-poel-mtb-world-championship-quest-begins-with-a-crash-out-and-perhaps-worse\/\",\"name\":\"Van der Poel MTB World Championship Quest Begins with a Crash\",\"isPartOf\":{\"@id\":\"https:\/\/www.welovecycling.com\/wide\/#website\"},\"primaryImageOfPage\":{\"@id\":\"https:\/\/www.welovecycling.com\/wide\/2025\/05\/26\/van-der-poel-mtb-world-championship-quest-begins-with-a-crash-out-and-perhaps-worse\/#primaryimage\"},\"image\":{\"@id\":\"https:\/\/www.welovecycling.com\/wide\/2025\/05\/26\/van-der-poel-mtb-world-championship-quest-begins-with-a-crash-out-and-perhaps-worse\/#primaryimage\"},\"thumbnailUrl\":\"https:\/\/d2p6e6u75xmxt8.cloudfront.net\/2\/2025\/05\/Van-der-Poel-profimedia-1003281867-CVR.webp\",\"datePublished\":\"2025-05-26T09:13:34+00:00\",\"dateModified\":\"2025-05-26T10:21:03+00:00\",\"author\":{\"@id\":\"https:\/\/www.welovecycling.com\/wide\/#\/schema\/person\/50f01ecd18718d2333cf72e823c4f926\"},\"description\":\"Mathieu van der Poel\u2019s quest for the mountain bike world championship began in Sunday\u2019s Nov\u00e9\u00a0M\u011bsto\u00a0Na\u00a0Morav\u011b UCI World Series race with an absolute\",\"breadcrumb\":{\"@id\":\"https:\/\/www.welovecycling.com\/wide\/2025\/05\/26\/van-der-poel-mtb-world-championship-quest-begins-with-a-crash-out-and-perhaps-worse\/#breadcrumb\"},\"inLanguage\":\"en-US\",\"potentialAction\":[{\"@type\":\"ReadAction\",\"target\":[\"https:\/\/www.welovecycling.com\/wide\/2025\/05\/26\/van-der-poel-mtb-world-championship-quest-begins-with-a-crash-out-and-perhaps-worse\/\"]}]},{\"@type\":\"ImageObject\",\"inLanguage\":\"en-US\",\"@id\":\"https:\/\/www.welovecycling.com\/wide\/2025\/05\/26\/van-der-poel-mtb-world-championship-quest-begins-with-a-crash-out-and-perhaps-worse\/#primaryimage\",\"url\":\"https:\/\/d2p6e6u75xmxt8.cloudfront.net\/2\/2025\/05\/Van-der-Poel-profimedia-1003281867-CVR.webp\",\"contentUrl\":\"https:\/\/d2p6e6u75xmxt8.cloudfront.net\/2\/2025\/05\/Van-der-Poel-profimedia-1003281867-CVR.webp\",\"width\":990,\"height\":660,\"caption\":\"Mathieu van der Poel\"},{\"@type\":\"BreadcrumbList\",\"@id\":\"https:\/\/www.welovecycling.com\/wide\/2025\/05\/26\/van-der-poel-mtb-world-championship-quest-begins-with-a-crash-out-and-perhaps-worse\/#breadcrumb\",\"itemListElement\":[{\"@type\":\"ListItem\",\"position\":1,\"name\":\"Home\",\"item\":\"https:\/\/www.welovecycling.com\/wide\/\"},{\"@type\":\"ListItem\",\"position\":2,\"name\":\"Van der Poel MTB World Championship Quest Begins with a Crash-Out \u2013 and Perhaps Worse\"}]},{\"@type\":\"WebSite\",\"@id\":\"https:\/\/www.welovecycling.com\/wide\/#website\",\"url\":\"https:\/\/www.welovecycling.com\/wide\/\",\"name\":\"\u0160koda We Love Cycling\",\"description\":\"\u0160koda We Love Cycling magazine\",\"alternateName\":\"\u0160koda WLC\",\"potentialAction\":[{\"@type\":\"SearchAction\",\"target\":{\"@type\":\"EntryPoint\",\"urlTemplate\":\"https:\/\/www.welovecycling.com\/wide\/?s={search_term_string}\"},\"query-input\":{\"@type\":\"PropertyValueSpecification\",\"valueRequired\":true,\"valueName\":\"search_term_string\"}}],\"inLanguage\":\"en-US\"},{\"@type\":\"Person\",\"@id\":\"https:\/\/www.welovecycling.com\/wide\/#\/schema\/person\/50f01ecd18718d2333cf72e823c4f926\",\"name\":\"tereza\",\"image\":{\"@type\":\"ImageObject\",\"inLanguage\":\"en-US\",\"@id\":\"https:\/\/www.welovecycling.com\/wide\/#\/schema\/person\/image\/\",\"url\":\"https:\/\/secure.gravatar.com\/avatar\/1f9eb71be33845f0afabce3791bc1c58ecdb0a25c62964987e5dbcf7a20d2ec7?s=96&d=mm&r=g\",\"contentUrl\":\"https:\/\/secure.gravatar.com\/avatar\/1f9eb71be33845f0afabce3791bc1c58ecdb0a25c62964987e5dbcf7a20d2ec7?s=96&d=mm&r=g\",\"caption\":\"tereza\"},\"url\":\"https:\/\/www.welovecycling.com\/wide\/author\/tereza\/\"}]}<\/script>\n<!-- \/ Yoast SEO Premium plugin. -->","yoast_head_json":{"title":"Van der Poel MTB World Championship Quest Begins with a Crash","description":"Mathieu van der Poel\u2019s quest for the mountain bike world championship began in Sunday\u2019s Nov\u00e9\u00a0M\u011bsto\u00a0Na\u00a0Morav\u011b UCI World Series race with an absolute","robots":{"index":"index","follow":"follow","max-snippet":"max-snippet:-1","max-image-preview":"max-image-preview:large","max-video-preview":"max-video-preview:-1"},"canonical":"https:\/\/www.welovecycling.com\/wide\/2025\/05\/26\/van-der-poel-mtb-world-championship-quest-begins-with-a-crash-out-and-perhaps-worse\/","og_locale":"en_US","og_type":"article","og_title":"Van der Poel MTB World Championship Quest Begins with a Crash-Out \u2013 and Perhaps Worse","og_description":"Mathieu van der Poel\u2019s quest for the mountain bike world championship began in Sunday\u2019s Nov\u00e9\u00a0M\u011bsto\u00a0Na\u00a0Morav\u011b UCI World Series race with an absolute","og_url":"https:\/\/www.welovecycling.com\/wide\/2025\/05\/26\/van-der-poel-mtb-world-championship-quest-begins-with-a-crash-out-and-perhaps-worse\/","og_site_name":"\u0160koda We Love Cycling","article_published_time":"2025-05-26T09:13:34+00:00","article_modified_time":"2025-05-26T10:21:03+00:00","og_image":[{"width":990,"height":660,"url":"https:\/\/d2p6e6u75xmxt8.cloudfront.net\/2\/2025\/05\/Van-der-Poel-profimedia-1003281867-CVR.webp","type":"image\/webp"}],"author":"tereza","twitter_card":"summary_large_image","twitter_misc":{"Written by":"Siegfried Mortkowitz","Est. reading time":"3"},"schema":{"@context":"https:\/\/schema.org","@graph":[{"@type":"WebPage","@id":"https:\/\/www.welovecycling.com\/wide\/2025\/05\/26\/van-der-poel-mtb-world-championship-quest-begins-with-a-crash-out-and-perhaps-worse\/","url":"https:\/\/www.welovecycling.com\/wide\/2025\/05\/26\/van-der-poel-mtb-world-championship-quest-begins-with-a-crash-out-and-perhaps-worse\/","name":"Van der Poel MTB World Championship Quest Begins with a Crash","isPartOf":{"@id":"https:\/\/www.welovecycling.com\/wide\/#website"},"primaryImageOfPage":{"@id":"https:\/\/www.welovecycling.com\/wide\/2025\/05\/26\/van-der-poel-mtb-world-championship-quest-begins-with-a-crash-out-and-perhaps-worse\/#primaryimage"},"image":{"@id":"https:\/\/www.welovecycling.com\/wide\/2025\/05\/26\/van-der-poel-mtb-world-championship-quest-begins-with-a-crash-out-and-perhaps-worse\/#primaryimage"},"thumbnailUrl":"https:\/\/d2p6e6u75xmxt8.cloudfront.net\/2\/2025\/05\/Van-der-Poel-profimedia-1003281867-CVR.webp","datePublished":"2025-05-26T09:13:34+00:00","dateModified":"2025-05-26T10:21:03+00:00","author":{"@id":"https:\/\/www.welovecycling.com\/wide\/#\/schema\/person\/50f01ecd18718d2333cf72e823c4f926"},"description":"Mathieu van der Poel\u2019s quest for the mountain bike world championship began in Sunday\u2019s Nov\u00e9\u00a0M\u011bsto\u00a0Na\u00a0Morav\u011b UCI World Series race with an absolute","breadcrumb":{"@id":"https:\/\/www.welovecycling.com\/wide\/2025\/05\/26\/van-der-poel-mtb-world-championship-quest-begins-with-a-crash-out-and-perhaps-worse\/#breadcrumb"},"inLanguage":"en-US","potentialAction":[{"@type":"ReadAction","target":["https:\/\/www.welovecycling.com\/wide\/2025\/05\/26\/van-der-poel-mtb-world-championship-quest-begins-with-a-crash-out-and-perhaps-worse\/"]}]},{"@type":"ImageObject","inLanguage":"en-US","@id":"https:\/\/www.welovecycling.com\/wide\/2025\/05\/26\/van-der-poel-mtb-world-championship-quest-begins-with-a-crash-out-and-perhaps-worse\/#primaryimage","url":"https:\/\/d2p6e6u75xmxt8.cloudfront.net\/2\/2025\/05\/Van-der-Poel-profimedia-1003281867-CVR.webp","contentUrl":"https:\/\/d2p6e6u75xmxt8.cloudfront.net\/2\/2025\/05\/Van-der-Poel-profimedia-1003281867-CVR.webp","width":990,"height":660,"caption":"Mathieu van der Poel"},{"@type":"BreadcrumbList","@id":"https:\/\/www.welovecycling.com\/wide\/2025\/05\/26\/van-der-poel-mtb-world-championship-quest-begins-with-a-crash-out-and-perhaps-worse\/#breadcrumb","itemListElement":[{"@type":"ListItem","position":1,"name":"Home","item":"https:\/\/www.welovecycling.com\/wide\/"},{"@type":"ListItem","position":2,"name":"Van der Poel MTB World Championship Quest Begins with a Crash-Out \u2013 and Perhaps Worse"}]},{"@type":"WebSite","@id":"https:\/\/www.welovecycling.com\/wide\/#website","url":"https:\/\/www.welovecycling.com\/wide\/","name":"\u0160koda We Love Cycling","description":"\u0160koda We Love Cycling magazine","alternateName":"\u0160koda WLC","potentialAction":[{"@type":"SearchAction","target":{"@type":"EntryPoint","urlTemplate":"https:\/\/www.welovecycling.com\/wide\/?s={search_term_string}"},"query-input":{"@type":"PropertyValueSpecification","valueRequired":true,"valueName":"search_term_string"}}],"inLanguage":"en-US"},{"@type":"Person","@id":"https:\/\/www.welovecycling.com\/wide\/#\/schema\/person\/50f01ecd18718d2333cf72e823c4f926","name":"tereza","image":{"@type":"ImageObject","inLanguage":"en-US","@id":"https:\/\/www.welovecycling.com\/wide\/#\/schema\/person\/image\/","url":"https:\/\/secure.gravatar.com\/avatar\/1f9eb71be33845f0afabce3791bc1c58ecdb0a25c62964987e5dbcf7a20d2ec7?s=96&d=mm&r=g","contentUrl":"https:\/\/secure.gravatar.com\/avatar\/1f9eb71be33845f0afabce3791bc1c58ecdb0a25c62964987e5dbcf7a20d2ec7?s=96&d=mm&r=g","caption":"tereza"},"url":"https:\/\/www.welovecycling.com\/wide\/author\/tereza\/"}]}},"_links":{"self":[{"href":"https:\/\/www.welovecycling.com\/wide\/wp-json\/wp\/v2\/posts\/198626","targetHints":{"allow":["GET"]}}],"collection":[{"href":"https:\/\/www.welovecycling.com\/wide\/wp-json\/wp\/v2\/posts"}],"about":[{"href":"https:\/\/www.welovecycling.com\/wide\/wp-json\/wp\/v2\/types\/post"}],"author":[{"embeddable":true,"href":"https:\/\/www.welovecycling.com\/wide\/wp-json\/wp\/v2\/users\/99"}],"replies":[{"embeddable":true,"href":"https:\/\/www.welovecycling.com\/wide\/wp-json\/wp\/v2\/comments?post=198626"}],"version-history":[{"count":5,"href":"https:\/\/www.welovecycling.com\/wide\/wp-json\/wp\/v2\/posts\/198626\/revisions"}],"predecessor-version":[{"id":198637,"href":"https:\/\/www.welovecycling.com\/wide\/wp-json\/wp\/v2\/posts\/198626\/revisions\/198637"}],"wp:featuredmedia":[{"embeddable":true,"href":"https:\/\/www.welovecycling.com\/wide\/wp-json\/wp\/v2\/media\/198638"}],"wp:attachment":[{"href":"https:\/\/www.welovecycling.com\/wide\/wp-json\/wp\/v2\/media?parent=198626"}],"wp:term":[{"taxonomy":"category","embeddable":true,"href":"https:\/\/www.welovecycling.com\/wide\/wp-json\/wp\/v2\/categories?post=198626"},{"taxonomy":"post_tag","embeddable":true,"href":"https:\/\/www.welovecycling.com\/wide\/wp-json\/wp\/v2\/tags?post=198626"},{"taxonomy":"global-categories","embeddable":true,"href":"https:\/\/www.welovecycling.com\/wide\/wp-json\/wp\/v2\/global-categories?post=198626"}],"curies":[{"name":"wp","href":"https:\/\/api.w.org\/{rel}","templated":true}]}}