{"id":198581,"date":"2025-05-16T12:35:52","date_gmt":"2025-05-16T12:35:52","guid":{"rendered":"https:\/\/www.welovecycling.com\/wide\/?p=198581"},"modified":"2025-05-16T12:35:52","modified_gmt":"2025-05-16T12:35:52","slug":"pedersen-survives-giros-disaster-movie-to-lead-gc-ahead-of-first-mountain-stage","status":"publish","type":"post","link":"https:\/\/www.welovecycling.com\/wide\/2025\/05\/16\/pedersen-survives-giros-disaster-movie-to-lead-gc-ahead-of-first-mountain-stage\/","title":{"rendered":"Pedersen Survives Giro\u2019s \u2018Disaster Movie\u2019 to Lead GC Ahead of First Mountain Stage"},"content":{"rendered":"<p><strong>The weather rained on Mads Pedersen\u2019s Giro d\u2019Italia win parade and turned Thursday\u2019s stage 6 of the Giro d\u2019Italia into a disaster movie when more than two dozen riders crashed on the slippery road surface, forcing race organizers to temporarily halt racing and neutralize the finish.<\/strong><\/p>\n<p><!--more--><\/p>\n<p>The crash occurred with about 72km left to ride in the 227km course from Potenza to Naples and took down several top riders, including Richard Carapaz (EF Education\u2013EasyPost) and 2022 Giro winner Jai Hindley (Red Bull\u2013BORA\u2013Hansgrohe). Hindley, who is race favorite Primo\u017e Rogli\u010d\u2019s main domestique in the mountains, had to abandon the race along with several other riders, which is a setback for the Red Bull leader.<\/p>\n<p>As a result of the crash and ensuing chaos, organizers first reduced the speed of the race to 20km\/h to give riders caught up in the crash the chance to rejoin the peloton. Then they stopped the race completely with about 55km left to ride, consulted the riders and finally decided that no points or bonus seconds would be awarded at the last intermediate sprint and at the finish and that time differences at the finish line would not count towards the GC. The race was then restarted, with the two-man breakaway having its 47-second advantage over the peloton restored.<\/p>\n<p>As the streets of Naples are treacherous even in sunshine, all the GC riders then slowed down and let the sprinters race ahead for the win. All except for Pedersen, who decided not to risk the Naples cobblestones and did not ride for his fourth victory in six stages, which would have been a first since 1933.<\/p>\n<p>But the chaos was not over, not by a long shot. With 3km left to race, as the \u201csprinters\u2019 peloton\u201d was barreling down Naples\u2019 streets towards the finish line, two protestors ran onto the road, which slowed down the breakaway and just missed causing another disaster. According to Taco van der Hoorn (Intermarch\u00e9-Wanty), one of the two riders in the breakaway, \u201cIt did have an impact. I don&#8217;t know if we would have made it otherwise, I don&#8217;t think so. But it is a shame that it has to end like this.&#8221; Watch that incident <a href=\"https:\/\/x.com\/IntermarcheW\/status\/1923082982652256349?ref_src=twsrc%5Etfw%7Ctwcamp%5Etweetembed%7Ctwterm%5E1923082982652256349%7Ctwgr%5E4b519f264b3826050d10059441648b20d6078eda%7Ctwcon%5Es1_&amp;ref_url=https%3A%2F%2Fcyclinguptodate.com%2Fcycling%2Funbelievable-lamentable-video-shows-giro-ditalia-protestors-trying-to-cause-crash-for-breakaway-riders\">here<\/a>.<\/p>\n<figure id=\"attachment_198559\" aria-describedby=\"caption-attachment-198559\" style=\"width: 990px\" class=\"wp-caption alignnone\"><a href=\"https:\/\/d2p6e6u75xmxt8.cloudfront.net\/2\/2025\/05\/Mads-Pedersen-profimedia-0998667950-CVR.webp\"><img loading=\"lazy\" decoding=\"async\" class=\"wp-image-198559 size-full\" src=\"https:\/\/d2p6e6u75xmxt8.cloudfront.net\/2\/2025\/05\/Mads-Pedersen-profimedia-0998667950-CVR.webp\" alt=\"Mads Pedersen\" width=\"990\" height=\"660\" srcset=\"https:\/\/d2p6e6u75xmxt8.cloudfront.net\/2\/2025\/05\/Mads-Pedersen-profimedia-0998667950-CVR.webp 990w, https:\/\/d2p6e6u75xmxt8.cloudfront.net\/2\/2025\/05\/Mads-Pedersen-profimedia-0998667950-CVR-300x200.webp 300w, https:\/\/d2p6e6u75xmxt8.cloudfront.net\/2\/2025\/05\/Mads-Pedersen-profimedia-0998667950-CVR-768x512.webp 768w, https:\/\/d2p6e6u75xmxt8.cloudfront.net\/2\/2025\/05\/Mads-Pedersen-profimedia-0998667950-CVR-400x267.webp 400w, https:\/\/d2p6e6u75xmxt8.cloudfront.net\/2\/2025\/05\/Mads-Pedersen-profimedia-0998667950-CVR-272x182.webp 272w\" sizes=\"auto, (max-width: 990px) 100vw, 990px\" \/><\/a><figcaption id=\"caption-attachment-198559\" class=\"wp-caption-text\">Pedersen celebrates after stage 4 of the 2025 Giro. \u00a9 Profimedia<\/figcaption><\/figure>\n<p>But that wasn\u2019t the end of the chaos either. With about 700 meters to go, Visma\u2013Lease a Bike\u2019s Wout van Aert, who is having a horrendous Giro, was leading the team\u2019s sprinter Olav Kooij towards the front of the peloton in preparation for the bunch sprint. But instead he suddenly took off on his own after Alpecin-Deceuninck\u2019s Jensen Plowright, who had taken a 50-meter lead. Because it was too far for a sprint, Kooij did not follow, preferring to wait until the sprint began in earnest.<\/p>\n<p>It was kicked off by Alpecin-Deceuninck\u2019s lead-out train in support of Kaden Groves. Kooij followed along the barrier and looked to have a good chance of catching the Australian when he was impeded, not once but twice, the second time with an elbow thrust, by Matteo Moschetti (Q36.5). The upshot was that Groves won the stage, Kooij finished tenth and Moschetti was relegated to last.<\/p>\n<p>This wasn\u2019t a Grand Tour stage; it was a disaster movie, with more unexpected twists and turns than the streets of Naples. At the end, Pedersen still led the GC by 17 seconds over Rogli\u010d, with his Lidl-Trek teammate and primary lead-out rider Mathias Vacek in third, at 24 seconds. And he also led the points classification by 141 points to 55 for Kooij.<\/p>\n<p>The first week of this Giro definitely belonged to Pedersen, who also won Wednesday\u2019s stage 5, for his third victory in the race. But Vacek also owned a fair share of the week, especially after his leader\u2019s stage 5 victory. What the 22-year-old Czech did in the finale of that stage was a masterpiece of gamesmanship and lead-out riding.<\/p>\n<p>Vacek took control of the peloton with about 4km left to ride, about halfway up the last and steepest (average gradient of 8.6%) of several uncategorized climbs in the last 8km of the stage. When Rogli\u010d took off on a half-hearted breakaway, it was Vacek who took up the chase and collared the Slovenian. And when Pedersen was dropped on that final climb with 2km left to race, Vacek controlled the pace of the peloton, allowing his leader to join him at the front. Finally, when the sprint kicked off, Vacek took his leader to the perfect spot from which to launch his winning sprint, just edging out Kooij, who can\u2019t seem to catch a break.<\/p>\n<p>On Friday\u2019s stage 7, the attention finally turns to the GC riders. The 168km course from Castel di Sangro to Tagliacozzo includes three tough categorized climbs and a summit finish on the Category 1 climb to Tagliocozzo (11.9km @ 5.6%, with ramps of up to 10.3%).<\/p>\n","protected":false},"excerpt":{"rendered":"<p>The weather rained on Mads Pedersen\u2019s Giro d\u2019Italia win parade and turned Thursday\u2019s stage 6 of the Giro d\u2019Italia into [&hellip;]<\/p>\n","protected":false},"author":99,"featured_media":198582,"comment_status":"closed","ping_status":"open","sticky":false,"template":"","format":"standard","meta":{"footnotes":""},"categories":[329],"tags":[8268,402,7350,3559,6654,1221],"global-categories":[3366],"class_list":["post-198581","post","type-post","status-publish","format-standard","has-post-thumbnail","hentry","category-road-cycling","tag-2025-giro","tag-giro-ditalia","tag-kaden-groves","tag-mads-pedersen","tag-mathias-vacek","tag-primoz-roglic","global-categories-cycling"],"yoast_head":"<!-- This site is optimized with the Yoast SEO Premium plugin v25.3 (Yoast SEO v25.9) - https:\/\/yoast.com\/wordpress\/plugins\/seo\/ -->\n<title>Pedersen Leads Giro d&#039;Italia&#039;s GC Ahead of First Mountain Stage<\/title>\n<meta name=\"description\" content=\"The weather rained on Mads Pedersen\u2019s Giro d\u2019Italia win parade and turned Thursday\u2019s stage 6 of the Giro d\u2019Italia into a disaster movie when more than two\" \/>\n<meta name=\"robots\" content=\"index, follow, max-snippet:-1, max-image-preview:large, max-video-preview:-1\" \/>\n<link rel=\"canonical\" href=\"https:\/\/www.welovecycling.com\/wide\/2025\/05\/16\/pedersen-survives-giros-disaster-movie-to-lead-gc-ahead-of-first-mountain-stage\/\" \/>\n<meta property=\"og:locale\" content=\"en_US\" \/>\n<meta property=\"og:type\" content=\"article\" \/>\n<meta property=\"og:title\" content=\"Pedersen Survives Giro\u2019s \u2018Disaster Movie\u2019 to Lead GC Ahead of First Mountain Stage\" \/>\n<meta property=\"og:description\" content=\"The weather rained on Mads Pedersen\u2019s Giro d\u2019Italia win parade and turned Thursday\u2019s stage 6 of the Giro d\u2019Italia into a disaster movie when more than two\" \/>\n<meta property=\"og:url\" content=\"https:\/\/www.welovecycling.com\/wide\/2025\/05\/16\/pedersen-survives-giros-disaster-movie-to-lead-gc-ahead-of-first-mountain-stage\/\" \/>\n<meta property=\"og:site_name\" content=\"\u0160koda We Love Cycling\" \/>\n<meta property=\"article:published_time\" content=\"2025-05-16T12:35:52+00:00\" \/>\n<meta property=\"og:image\" content=\"https:\/\/d2p6e6u75xmxt8.cloudfront.net\/2\/2025\/05\/Mads-Pedersen-Giro-profimedia-0999847746-CVR.webp\" \/>\n\t<meta property=\"og:image:width\" content=\"990\" \/>\n\t<meta property=\"og:image:height\" content=\"660\" \/>\n\t<meta property=\"og:image:type\" content=\"image\/webp\" \/>\n<meta name=\"author\" content=\"tereza\" \/>\n<meta name=\"twitter:card\" content=\"summary_large_image\" \/>\n<meta name=\"twitter:label1\" content=\"Written by\" \/>\n\t<meta name=\"twitter:data1\" content=\"Siegfried Mortkowitz\" \/>\n\t<meta name=\"twitter:label2\" content=\"Est. reading time\" \/>\n\t<meta name=\"twitter:data2\" content=\"3\" \/>\n<script type=\"application\/ld+json\" class=\"yoast-schema-graph\">{\"@context\":\"https:\/\/schema.org\",\"@graph\":[{\"@type\":\"WebPage\",\"@id\":\"https:\/\/www.welovecycling.com\/wide\/2025\/05\/16\/pedersen-survives-giros-disaster-movie-to-lead-gc-ahead-of-first-mountain-stage\/\",\"url\":\"https:\/\/www.welovecycling.com\/wide\/2025\/05\/16\/pedersen-survives-giros-disaster-movie-to-lead-gc-ahead-of-first-mountain-stage\/\",\"name\":\"Pedersen Leads Giro d'Italia's GC Ahead of First Mountain Stage\",\"isPartOf\":{\"@id\":\"https:\/\/www.welovecycling.com\/wide\/#website\"},\"primaryImageOfPage\":{\"@id\":\"https:\/\/www.welovecycling.com\/wide\/2025\/05\/16\/pedersen-survives-giros-disaster-movie-to-lead-gc-ahead-of-first-mountain-stage\/#primaryimage\"},\"image\":{\"@id\":\"https:\/\/www.welovecycling.com\/wide\/2025\/05\/16\/pedersen-survives-giros-disaster-movie-to-lead-gc-ahead-of-first-mountain-stage\/#primaryimage\"},\"thumbnailUrl\":\"https:\/\/d2p6e6u75xmxt8.cloudfront.net\/2\/2025\/05\/Mads-Pedersen-Giro-profimedia-0999847746-CVR.webp\",\"datePublished\":\"2025-05-16T12:35:52+00:00\",\"author\":{\"@id\":\"https:\/\/www.welovecycling.com\/wide\/#\/schema\/person\/50f01ecd18718d2333cf72e823c4f926\"},\"description\":\"The weather rained on Mads Pedersen\u2019s Giro d\u2019Italia win parade and turned Thursday\u2019s stage 6 of the Giro d\u2019Italia into a disaster movie when more than two\",\"breadcrumb\":{\"@id\":\"https:\/\/www.welovecycling.com\/wide\/2025\/05\/16\/pedersen-survives-giros-disaster-movie-to-lead-gc-ahead-of-first-mountain-stage\/#breadcrumb\"},\"inLanguage\":\"en-US\",\"potentialAction\":[{\"@type\":\"ReadAction\",\"target\":[\"https:\/\/www.welovecycling.com\/wide\/2025\/05\/16\/pedersen-survives-giros-disaster-movie-to-lead-gc-ahead-of-first-mountain-stage\/\"]}]},{\"@type\":\"ImageObject\",\"inLanguage\":\"en-US\",\"@id\":\"https:\/\/www.welovecycling.com\/wide\/2025\/05\/16\/pedersen-survives-giros-disaster-movie-to-lead-gc-ahead-of-first-mountain-stage\/#primaryimage\",\"url\":\"https:\/\/d2p6e6u75xmxt8.cloudfront.net\/2\/2025\/05\/Mads-Pedersen-Giro-profimedia-0999847746-CVR.webp\",\"contentUrl\":\"https:\/\/d2p6e6u75xmxt8.cloudfront.net\/2\/2025\/05\/Mads-Pedersen-Giro-profimedia-0999847746-CVR.webp\",\"width\":990,\"height\":660,\"caption\":\"Mads Pedersen\"},{\"@type\":\"BreadcrumbList\",\"@id\":\"https:\/\/www.welovecycling.com\/wide\/2025\/05\/16\/pedersen-survives-giros-disaster-movie-to-lead-gc-ahead-of-first-mountain-stage\/#breadcrumb\",\"itemListElement\":[{\"@type\":\"ListItem\",\"position\":1,\"name\":\"Home\",\"item\":\"https:\/\/www.welovecycling.com\/wide\/\"},{\"@type\":\"ListItem\",\"position\":2,\"name\":\"Pedersen Survives Giro\u2019s \u2018Disaster Movie\u2019 to Lead GC Ahead of First Mountain Stage\"}]},{\"@type\":\"WebSite\",\"@id\":\"https:\/\/www.welovecycling.com\/wide\/#website\",\"url\":\"https:\/\/www.welovecycling.com\/wide\/\",\"name\":\"\u0160koda We Love Cycling\",\"description\":\"\u0160koda We Love Cycling magazine\",\"alternateName\":\"\u0160koda WLC\",\"potentialAction\":[{\"@type\":\"SearchAction\",\"target\":{\"@type\":\"EntryPoint\",\"urlTemplate\":\"https:\/\/www.welovecycling.com\/wide\/?s={search_term_string}\"},\"query-input\":{\"@type\":\"PropertyValueSpecification\",\"valueRequired\":true,\"valueName\":\"search_term_string\"}}],\"inLanguage\":\"en-US\"},{\"@type\":\"Person\",\"@id\":\"https:\/\/www.welovecycling.com\/wide\/#\/schema\/person\/50f01ecd18718d2333cf72e823c4f926\",\"name\":\"tereza\",\"image\":{\"@type\":\"ImageObject\",\"inLanguage\":\"en-US\",\"@id\":\"https:\/\/www.welovecycling.com\/wide\/#\/schema\/person\/image\/\",\"url\":\"https:\/\/secure.gravatar.com\/avatar\/1f9eb71be33845f0afabce3791bc1c58ecdb0a25c62964987e5dbcf7a20d2ec7?s=96&d=mm&r=g\",\"contentUrl\":\"https:\/\/secure.gravatar.com\/avatar\/1f9eb71be33845f0afabce3791bc1c58ecdb0a25c62964987e5dbcf7a20d2ec7?s=96&d=mm&r=g\",\"caption\":\"tereza\"},\"url\":\"https:\/\/www.welovecycling.com\/wide\/author\/tereza\/\"}]}<\/script>\n<!-- \/ Yoast SEO Premium plugin. -->","yoast_head_json":{"title":"Pedersen Leads Giro d'Italia's GC Ahead of First Mountain Stage","description":"The weather rained on Mads Pedersen\u2019s Giro d\u2019Italia win parade and turned Thursday\u2019s stage 6 of the Giro d\u2019Italia into a disaster movie when more than two","robots":{"index":"index","follow":"follow","max-snippet":"max-snippet:-1","max-image-preview":"max-image-preview:large","max-video-preview":"max-video-preview:-1"},"canonical":"https:\/\/www.welovecycling.com\/wide\/2025\/05\/16\/pedersen-survives-giros-disaster-movie-to-lead-gc-ahead-of-first-mountain-stage\/","og_locale":"en_US","og_type":"article","og_title":"Pedersen Survives Giro\u2019s \u2018Disaster Movie\u2019 to Lead GC Ahead of First Mountain Stage","og_description":"The weather rained on Mads Pedersen\u2019s Giro d\u2019Italia win parade and turned Thursday\u2019s stage 6 of the Giro d\u2019Italia into a disaster movie when more than two","og_url":"https:\/\/www.welovecycling.com\/wide\/2025\/05\/16\/pedersen-survives-giros-disaster-movie-to-lead-gc-ahead-of-first-mountain-stage\/","og_site_name":"\u0160koda We Love Cycling","article_published_time":"2025-05-16T12:35:52+00:00","og_image":[{"width":990,"height":660,"url":"https:\/\/d2p6e6u75xmxt8.cloudfront.net\/2\/2025\/05\/Mads-Pedersen-Giro-profimedia-0999847746-CVR.webp","type":"image\/webp"}],"author":"tereza","twitter_card":"summary_large_image","twitter_misc":{"Written by":"Siegfried Mortkowitz","Est. reading time":"3"},"schema":{"@context":"https:\/\/schema.org","@graph":[{"@type":"WebPage","@id":"https:\/\/www.welovecycling.com\/wide\/2025\/05\/16\/pedersen-survives-giros-disaster-movie-to-lead-gc-ahead-of-first-mountain-stage\/","url":"https:\/\/www.welovecycling.com\/wide\/2025\/05\/16\/pedersen-survives-giros-disaster-movie-to-lead-gc-ahead-of-first-mountain-stage\/","name":"Pedersen Leads Giro d'Italia's GC Ahead of First Mountain Stage","isPartOf":{"@id":"https:\/\/www.welovecycling.com\/wide\/#website"},"primaryImageOfPage":{"@id":"https:\/\/www.welovecycling.com\/wide\/2025\/05\/16\/pedersen-survives-giros-disaster-movie-to-lead-gc-ahead-of-first-mountain-stage\/#primaryimage"},"image":{"@id":"https:\/\/www.welovecycling.com\/wide\/2025\/05\/16\/pedersen-survives-giros-disaster-movie-to-lead-gc-ahead-of-first-mountain-stage\/#primaryimage"},"thumbnailUrl":"https:\/\/d2p6e6u75xmxt8.cloudfront.net\/2\/2025\/05\/Mads-Pedersen-Giro-profimedia-0999847746-CVR.webp","datePublished":"2025-05-16T12:35:52+00:00","author":{"@id":"https:\/\/www.welovecycling.com\/wide\/#\/schema\/person\/50f01ecd18718d2333cf72e823c4f926"},"description":"The weather rained on Mads Pedersen\u2019s Giro d\u2019Italia win parade and turned Thursday\u2019s stage 6 of the Giro d\u2019Italia into a disaster movie when more than two","breadcrumb":{"@id":"https:\/\/www.welovecycling.com\/wide\/2025\/05\/16\/pedersen-survives-giros-disaster-movie-to-lead-gc-ahead-of-first-mountain-stage\/#breadcrumb"},"inLanguage":"en-US","potentialAction":[{"@type":"ReadAction","target":["https:\/\/www.welovecycling.com\/wide\/2025\/05\/16\/pedersen-survives-giros-disaster-movie-to-lead-gc-ahead-of-first-mountain-stage\/"]}]},{"@type":"ImageObject","inLanguage":"en-US","@id":"https:\/\/www.welovecycling.com\/wide\/2025\/05\/16\/pedersen-survives-giros-disaster-movie-to-lead-gc-ahead-of-first-mountain-stage\/#primaryimage","url":"https:\/\/d2p6e6u75xmxt8.cloudfront.net\/2\/2025\/05\/Mads-Pedersen-Giro-profimedia-0999847746-CVR.webp","contentUrl":"https:\/\/d2p6e6u75xmxt8.cloudfront.net\/2\/2025\/05\/Mads-Pedersen-Giro-profimedia-0999847746-CVR.webp","width":990,"height":660,"caption":"Mads Pedersen"},{"@type":"BreadcrumbList","@id":"https:\/\/www.welovecycling.com\/wide\/2025\/05\/16\/pedersen-survives-giros-disaster-movie-to-lead-gc-ahead-of-first-mountain-stage\/#breadcrumb","itemListElement":[{"@type":"ListItem","position":1,"name":"Home","item":"https:\/\/www.welovecycling.com\/wide\/"},{"@type":"ListItem","position":2,"name":"Pedersen Survives Giro\u2019s \u2018Disaster Movie\u2019 to Lead GC Ahead of First Mountain Stage"}]},{"@type":"WebSite","@id":"https:\/\/www.welovecycling.com\/wide\/#website","url":"https:\/\/www.welovecycling.com\/wide\/","name":"\u0160koda We Love Cycling","description":"\u0160koda We Love Cycling magazine","alternateName":"\u0160koda WLC","potentialAction":[{"@type":"SearchAction","target":{"@type":"EntryPoint","urlTemplate":"https:\/\/www.welovecycling.com\/wide\/?s={search_term_string}"},"query-input":{"@type":"PropertyValueSpecification","valueRequired":true,"valueName":"search_term_string"}}],"inLanguage":"en-US"},{"@type":"Person","@id":"https:\/\/www.welovecycling.com\/wide\/#\/schema\/person\/50f01ecd18718d2333cf72e823c4f926","name":"tereza","image":{"@type":"ImageObject","inLanguage":"en-US","@id":"https:\/\/www.welovecycling.com\/wide\/#\/schema\/person\/image\/","url":"https:\/\/secure.gravatar.com\/avatar\/1f9eb71be33845f0afabce3791bc1c58ecdb0a25c62964987e5dbcf7a20d2ec7?s=96&d=mm&r=g","contentUrl":"https:\/\/secure.gravatar.com\/avatar\/1f9eb71be33845f0afabce3791bc1c58ecdb0a25c62964987e5dbcf7a20d2ec7?s=96&d=mm&r=g","caption":"tereza"},"url":"https:\/\/www.welovecycling.com\/wide\/author\/tereza\/"}]}},"_links":{"self":[{"href":"https:\/\/www.welovecycling.com\/wide\/wp-json\/wp\/v2\/posts\/198581","targetHints":{"allow":["GET"]}}],"collection":[{"href":"https:\/\/www.welovecycling.com\/wide\/wp-json\/wp\/v2\/posts"}],"about":[{"href":"https:\/\/www.welovecycling.com\/wide\/wp-json\/wp\/v2\/types\/post"}],"author":[{"embeddable":true,"href":"https:\/\/www.welovecycling.com\/wide\/wp-json\/wp\/v2\/users\/99"}],"replies":[{"embeddable":true,"href":"https:\/\/www.welovecycling.com\/wide\/wp-json\/wp\/v2\/comments?post=198581"}],"version-history":[{"count":1,"href":"https:\/\/www.welovecycling.com\/wide\/wp-json\/wp\/v2\/posts\/198581\/revisions"}],"predecessor-version":[{"id":198583,"href":"https:\/\/www.welovecycling.com\/wide\/wp-json\/wp\/v2\/posts\/198581\/revisions\/198583"}],"wp:featuredmedia":[{"embeddable":true,"href":"https:\/\/www.welovecycling.com\/wide\/wp-json\/wp\/v2\/media\/198582"}],"wp:attachment":[{"href":"https:\/\/www.welovecycling.com\/wide\/wp-json\/wp\/v2\/media?parent=198581"}],"wp:term":[{"taxonomy":"category","embeddable":true,"href":"https:\/\/www.welovecycling.com\/wide\/wp-json\/wp\/v2\/categories?post=198581"},{"taxonomy":"post_tag","embeddable":true,"href":"https:\/\/www.welovecycling.com\/wide\/wp-json\/wp\/v2\/tags?post=198581"},{"taxonomy":"global-categories","embeddable":true,"href":"https:\/\/www.welovecycling.com\/wide\/wp-json\/wp\/v2\/global-categories?post=198581"}],"curies":[{"name":"wp","href":"https:\/\/api.w.org\/{rel}","templated":true}]}}