{"id":198558,"date":"2025-05-14T12:48:47","date_gmt":"2025-05-14T12:48:47","guid":{"rendered":"https:\/\/www.welovecycling.com\/wide\/?p=198558"},"modified":"2025-05-14T12:48:47","modified_gmt":"2025-05-14T12:48:47","slug":"mads-pedersen-the-unlikely-superstar","status":"publish","type":"post","link":"https:\/\/www.welovecycling.com\/wide\/2025\/05\/14\/mads-pedersen-the-unlikely-superstar\/","title":{"rendered":"Mads Pedersen: The Unlikely Superstar"},"content":{"rendered":"<p><strong>This has so far been a great year for Lidl-Trek\u2019s Mads Pedersen, and it just keeps getting better and better. The 29-year-old Dane, who won the road race world championship in 2019, has always had a solid reputation as an excellent sprinter and one-day racer, but this year he has joined the ranks of the elite and is widely regarded as one of the best cyclists in the world.<\/strong><\/p>\n<p><!--more--><\/p>\n<p>The spotlight fell on him because of his stellar performances in the spring Classics, when he rode against Tadej Poga\u010dar, Mathieu van der Poel and Wout van Aert in six races, won one (Gent-Wevelgem) and finished on the podium in three (the Tour of Flanders, Paris-Roubaix and the E3 Saxo Classic). He has now won two of the first four stages of the Giro d\u2019Italia, which brings the number of his Grand Tour stage wins to eight, and leads in both the GC and the points classification.<\/p>\n<h2><strong>One of the world\u2019s best riders<\/strong><\/h2>\n<p>According to the respected Dutch publication <em>cyclinguptodate.com<\/em>, Pedersen\u2019s performances this year have pushed him into the \u2018BigSix\u2019 of world cycling, riders \u201cwho win the big 3-week races and the great classics.\u201d According to the <a href=\"https:\/\/cyclinguptodate.com\/cycling\/analysis-mads-pedersen-kicks-wout-van-aert-out-of-the-big-6-of-cycling\">publication<\/a>, that elite group includes Poga\u010dar, van der Poel, two-time Tour champion Jonas Vingegaard, double Olympic champion Remco Evenepoel, and 2025 Giro favourite Primo\u017e Rogli\u010d \u2013 but no longer van Aert, who has been replaced in that elite group by Pedersen. As <em>cyclinguptodate.com<\/em> concluded, \u201cMads Pedersen is, as of today, a better cyclist than Wout van Aert.\u201d<\/p>\n<p>This is a matter of opinion, of course, as the Belgian has been struggling to recover his form after a year in which he crashed in spring and in the Vuelta, sustaining serious injuries in both incidents. What\u2019s not contentious is that Pedersen has become a superstar, though without the fanfare usually associated with that status. But, as <em>cyclinguptodate<\/em>\u2019s article illustrates, the Dane is no longer just another team leader in the bunch. As <em>Rouleur<\/em> put it: \u201cTake Tadej Poga\u010dar and Mathieu van der Poel out of the frame\u2026 and Pedersen is the best cyclist in the world at the moment.\u201d<\/p>\n<p>One big reason Pedersen remained out of the spotlight for years, despite his successes in Grand Tour stages and world championships, was, I believe, his down-to-earth personality. He\u2019s not flashy, so he didn\u2019t attract TV cameras, and he doesn\u2019t explode on the road. Rather, he digs, battles, persists, rarely tires and is usually there at the finish, whether it\u2019s a flat course or one like Sunday\u2019s stage 3 of the Giro, with a significant climb in it, the category 2 ascent to the Qafa e Llogaras\u00eb, or Llogorase Pass (10.5 km @ 7.5%).<\/p>\n<blockquote class=\"instagram-media\" style=\"background: #FFF; border: 0; border-radius: 3px; box-shadow: 0 0 1px 0 rgba(0,0,0,0.5),0 1px 10px 0 rgba(0,0,0,0.15); margin: 1px; max-width: 540px; min-width: 326px; padding: 0; width: calc(100% - 2px);\" data-instgrm-captioned=\"\" data-instgrm-permalink=\"https:\/\/www.instagram.com\/p\/DJmvRINO9tf\/?utm_source=ig_embed&amp;utm_campaign=loading\" data-instgrm-version=\"14\">\n<div style=\"padding: 16px;\">\n<p>&nbsp;<\/p>\n<div style=\"display: flex; flex-direction: row; align-items: center;\">\n<div style=\"background-color: #f4f4f4; border-radius: 50%; flex-grow: 0; height: 40px; margin-right: 14px; width: 40px;\"><\/div>\n<div style=\"display: flex; flex-direction: column; flex-grow: 1; justify-content: center;\">\n<div style=\"background-color: #f4f4f4; border-radius: 4px; flex-grow: 0; height: 14px; margin-bottom: 6px; width: 100px;\"><\/div>\n<div style=\"background-color: #f4f4f4; border-radius: 4px; flex-grow: 0; height: 14px; width: 60px;\"><\/div>\n<\/div>\n<\/div>\n<div style=\"padding: 19% 0;\"><\/div>\n<div style=\"display: block; height: 50px; margin: 0 auto 12px; width: 50px;\"><\/div>\n<div style=\"padding-top: 8px;\">\n<div style=\"color: #3897f0; font-family: Arial,sans-serif; font-size: 14px; font-style: normal; font-weight: 550; line-height: 18px;\">View this post on Instagram<\/div>\n<\/div>\n<div style=\"padding: 12.5% 0;\"><\/div>\n<div style=\"display: flex; flex-direction: row; margin-bottom: 14px; align-items: center;\">\n<div>\n<div style=\"background-color: #f4f4f4; border-radius: 50%; height: 12.5px; width: 12.5px; transform: translateX(0px) translateY(7px);\"><\/div>\n<div style=\"background-color: #f4f4f4; height: 12.5px; transform: rotate(-45deg) translateX(3px) translateY(1px); width: 12.5px; flex-grow: 0; margin-right: 14px; margin-left: 2px;\"><\/div>\n<div style=\"background-color: #f4f4f4; border-radius: 50%; height: 12.5px; width: 12.5px; transform: translateX(9px) translateY(-18px);\"><\/div>\n<\/div>\n<div style=\"margin-left: 8px;\">\n<div style=\"background-color: #f4f4f4; border-radius: 50%; flex-grow: 0; height: 20px; width: 20px;\"><\/div>\n<div style=\"width: 0; height: 0; border-top: 2px solid transparent; border-left: 6px solid #f4f4f4; border-bottom: 2px solid transparent; transform: translateX(16px) translateY(-4px) rotate(30deg);\"><\/div>\n<\/div>\n<div style=\"margin-left: auto;\">\n<div style=\"width: 0px; border-top: 8px solid #F4F4F4; border-right: 8px solid transparent; transform: translateY(16px);\"><\/div>\n<div style=\"background-color: #f4f4f4; flex-grow: 0; height: 12px; width: 16px; transform: translateY(-4px);\"><\/div>\n<div style=\"width: 0; height: 0; border-top: 8px solid #F4F4F4; border-left: 8px solid transparent; transform: translateY(-4px) translateX(8px);\"><\/div>\n<\/div>\n<\/div>\n<div style=\"display: flex; flex-direction: column; flex-grow: 1; justify-content: center; margin-bottom: 24px;\">\n<div style=\"background-color: #f4f4f4; border-radius: 4px; flex-grow: 0; height: 14px; margin-bottom: 6px; width: 224px;\"><\/div>\n<div style=\"background-color: #f4f4f4; border-radius: 4px; flex-grow: 0; height: 14px; width: 144px;\"><\/div>\n<\/div>\n<p>&nbsp;<\/p>\n<p style=\"color: #c9c8cd; font-family: Arial,sans-serif; font-size: 14px; line-height: 17px; margin-bottom: 0; margin-top: 8px; overflow: hidden; padding: 8px 0 7px; text-align: center; text-overflow: ellipsis; white-space: nowrap;\"><a style=\"color: #c9c8cd; font-family: Arial,sans-serif; font-size: 14px; font-style: normal; font-weight: normal; line-height: 17px; text-decoration: none;\" href=\"https:\/\/www.instagram.com\/p\/DJmvRINO9tf\/?utm_source=ig_embed&amp;utm_campaign=loading\" target=\"_blank\" rel=\"noopener\">A post shared by Lidl-Trek (@lidltrek)<\/a><\/p>\n<\/div>\n<\/blockquote>\n<h2><script async src=\"\/\/www.instagram.com\/embed.js\"><\/script>\u00a0<strong>A sprinter with climbing chops <\/strong><\/h2>\n<p>What sets Pedersen apart from other sprinters is his climbing ability. On the Llogaras\u00eb climb, which was too steep and long for <a href=\"https:\/\/www.welovecycling.com\/wide\/2025\/03\/06\/has-wout-van-aert-lost-the-heart-for-racing\/\" target=\"_blank\" rel=\"noopener\">van Aert<\/a> and Alpecin-Deceunick\u2019s Kaden Groves, Pedersen never looked like struggling. And when he took off in the final 100 meters after another excellent lead-out by the young Czech Mathias Vacek, he easily held off the very good Corbin Strong to retake the race leader\u2019s <em>maglia rosa<\/em> (pink jersey) from Rogli\u010d (Red Bull\u2013BORA\u2013hansgrohe).<\/p>\n<p>Uncharacteristically, Pedersen had doubts about his ability to stay the course on the climb. \u201cI was in doubt\u2026 I thought I would be on the limit.\u201d The fact is that with all the racing he has done this year\u00a0\u2013 before the Classics, he won the green jersey and a stage in Paris-Nice and the GC and green jersey in the Tour de la Provence \u2013 he doesn\u2019t seem to have reached his limits yet. He has found both the best form of his life and apparently endless resources to maintain that form.<\/p>\n<p>\u201cYou guys [in the media] say this every time a rider performs well in a long period that they\u2019re in the shape of their life,\u201d he said. \u201cI\u2019m in really good shape, and we managed to carry it on from the Classics to now, so I can\u2019t complain. What I want to say also is that we have to take into account that these stages fit me really well \u2013 they\u2019re suited for me and are easier to show what I\u2019m good at. If we had started with one flat sprint and I finished fifth, maybe we wouldn\u2019t have talked about my shape, and it would have looked completely different, but these three days in Albania have suited me really well.\u201d<\/p>\n<h2><strong>Also, a good guy<\/strong><\/h2>\n<p>Yes, he\u2019s modest as well, and it\u2019s an authentic modesty; he may actually not know how good a rider he is. What\u2019s also authentic is the respect and dedication he receives from his teammates, who go all in for him, as they have so far in the Giro, because they know he goes all in for them, and he always acknowledges their contributions to his success. First on Sunday, he praised the team\u2019s GC hope Giulio Ciccone, saying: \u201cCiccone has ambitions somewhere else in the race, but he was there to help me [on the climb]. That shows his character. He committed to the team and to helping me. I can&#8217;t wait to get to the mountains and give something back to Cicco.\u201d<\/p>\n<p>Then he noted Vacek\u2019s stellar lead-out work: \u201cVacek is absolutely amazing; this kid has a big future. He showed it again today [Sunday] what he\u2019s able to do, and we have to watch out that we don\u2019t put a lock on this guy. He can win a lot of bike races, I tell you, and I will do everything I can to make it possible for him to win a stage. He was there for me throughout all of the Classics, and he is a machine. I\u2019m so proud that this guy is able to ride for me.\u201d<\/p>\n<p>It&#8217;s no wonder his teammates support him wholeheartedly and that he is now attracting the kind of attention he deserves. In a world of overhype and glitz, Pedersen is a refreshingly straightforward superstar \u2013 and an easy one to root for.<\/p>\n<p>However, he ran into some bad luck on Tuesday\u2019s stage 4 when he was held up by a crash in front of him, which brought down one of his lead-out riders, S\u00f8ren Kragh Andersen, with about 22 km left to race. He then had to catch up with the peloton and slowly work his way to the front to be in position for the sprint, all of which cost energy. As a result, Pedersen finished fourth in the sprint, which was won by Casper van Uden (Picnic PostNL). But he retained the lead in the GC, 7 seconds ahead of Rogli\u010d, with Vacek still in third, at 14 seconds. And he still leads in the points classification, 83 points to 52 for Olav Kooij (Visma\u2013 Lease a Bike), who finished second on Tuesday.<\/p>\n","protected":false},"excerpt":{"rendered":"<p>This has so far been a great year for Lidl-Trek\u2019s Mads Pedersen, and it just keeps getting better and better. [&hellip;]<\/p>\n","protected":false},"author":99,"featured_media":198559,"comment_status":"closed","ping_status":"open","sticky":false,"template":"","format":"standard","meta":{"footnotes":""},"categories":[329],"tags":[402,3939,3559,2363],"global-categories":[3366],"class_list":["post-198558","post","type-post","status-publish","format-standard","has-post-thumbnail","hentry","category-road-cycling","tag-giro-ditalia","tag-giulio-ciccone","tag-mads-pedersen","tag-soren-kragh-andersen","global-categories-cycling"],"yoast_head":"<!-- This site is optimized with the Yoast SEO Premium plugin v25.3 (Yoast SEO v25.9) - https:\/\/yoast.com\/wordpress\/plugins\/seo\/ -->\n<title>Mads Pedersen: The Unlikely Superstar - \u0160koda We Love Cycling<\/title>\n<meta name=\"description\" content=\"This has so far been a great year for Lidl-Trek\u2019s Mads Pedersen, and it just keeps getting better and better. The 29-year-old Dane, who won the road race\" \/>\n<meta name=\"robots\" content=\"index, follow, max-snippet:-1, max-image-preview:large, max-video-preview:-1\" \/>\n<link rel=\"canonical\" href=\"https:\/\/www.welovecycling.com\/wide\/2025\/05\/14\/mads-pedersen-the-unlikely-superstar\/\" \/>\n<meta property=\"og:locale\" content=\"en_US\" \/>\n<meta property=\"og:type\" content=\"article\" \/>\n<meta property=\"og:title\" content=\"Mads Pedersen: The Unlikely Superstar\" \/>\n<meta property=\"og:description\" content=\"This has so far been a great year for Lidl-Trek\u2019s Mads Pedersen, and it just keeps getting better and better. The 29-year-old Dane, who won the road race\" \/>\n<meta property=\"og:url\" content=\"https:\/\/www.welovecycling.com\/wide\/2025\/05\/14\/mads-pedersen-the-unlikely-superstar\/\" \/>\n<meta property=\"og:site_name\" content=\"\u0160koda We Love Cycling\" \/>\n<meta property=\"article:published_time\" content=\"2025-05-14T12:48:47+00:00\" \/>\n<meta property=\"og:image\" content=\"https:\/\/d2p6e6u75xmxt8.cloudfront.net\/2\/2025\/05\/Mads-Pedersen-profimedia-0998667950-CVR.webp\" \/>\n\t<meta property=\"og:image:width\" content=\"990\" \/>\n\t<meta property=\"og:image:height\" content=\"660\" \/>\n\t<meta property=\"og:image:type\" content=\"image\/webp\" \/>\n<meta name=\"author\" content=\"tereza\" \/>\n<meta name=\"twitter:card\" content=\"summary_large_image\" \/>\n<meta name=\"twitter:label1\" content=\"Written by\" \/>\n\t<meta name=\"twitter:data1\" content=\"Siegfried Mortkowitz\" \/>\n\t<meta name=\"twitter:label2\" content=\"Est. reading time\" \/>\n\t<meta name=\"twitter:data2\" content=\"3\" \/>\n<script type=\"application\/ld+json\" class=\"yoast-schema-graph\">{\"@context\":\"https:\/\/schema.org\",\"@graph\":[{\"@type\":\"WebPage\",\"@id\":\"https:\/\/www.welovecycling.com\/wide\/2025\/05\/14\/mads-pedersen-the-unlikely-superstar\/\",\"url\":\"https:\/\/www.welovecycling.com\/wide\/2025\/05\/14\/mads-pedersen-the-unlikely-superstar\/\",\"name\":\"Mads Pedersen: The Unlikely Superstar - \u0160koda We Love Cycling\",\"isPartOf\":{\"@id\":\"https:\/\/www.welovecycling.com\/wide\/#website\"},\"primaryImageOfPage\":{\"@id\":\"https:\/\/www.welovecycling.com\/wide\/2025\/05\/14\/mads-pedersen-the-unlikely-superstar\/#primaryimage\"},\"image\":{\"@id\":\"https:\/\/www.welovecycling.com\/wide\/2025\/05\/14\/mads-pedersen-the-unlikely-superstar\/#primaryimage\"},\"thumbnailUrl\":\"https:\/\/d2p6e6u75xmxt8.cloudfront.net\/2\/2025\/05\/Mads-Pedersen-profimedia-0998667950-CVR.webp\",\"datePublished\":\"2025-05-14T12:48:47+00:00\",\"author\":{\"@id\":\"https:\/\/www.welovecycling.com\/wide\/#\/schema\/person\/50f01ecd18718d2333cf72e823c4f926\"},\"description\":\"This has so far been a great year for Lidl-Trek\u2019s Mads Pedersen, and it just keeps getting better and better. The 29-year-old Dane, who won the road race\",\"breadcrumb\":{\"@id\":\"https:\/\/www.welovecycling.com\/wide\/2025\/05\/14\/mads-pedersen-the-unlikely-superstar\/#breadcrumb\"},\"inLanguage\":\"en-US\",\"potentialAction\":[{\"@type\":\"ReadAction\",\"target\":[\"https:\/\/www.welovecycling.com\/wide\/2025\/05\/14\/mads-pedersen-the-unlikely-superstar\/\"]}]},{\"@type\":\"ImageObject\",\"inLanguage\":\"en-US\",\"@id\":\"https:\/\/www.welovecycling.com\/wide\/2025\/05\/14\/mads-pedersen-the-unlikely-superstar\/#primaryimage\",\"url\":\"https:\/\/d2p6e6u75xmxt8.cloudfront.net\/2\/2025\/05\/Mads-Pedersen-profimedia-0998667950-CVR.webp\",\"contentUrl\":\"https:\/\/d2p6e6u75xmxt8.cloudfront.net\/2\/2025\/05\/Mads-Pedersen-profimedia-0998667950-CVR.webp\",\"width\":990,\"height\":660,\"caption\":\"Mads Pedersen\"},{\"@type\":\"BreadcrumbList\",\"@id\":\"https:\/\/www.welovecycling.com\/wide\/2025\/05\/14\/mads-pedersen-the-unlikely-superstar\/#breadcrumb\",\"itemListElement\":[{\"@type\":\"ListItem\",\"position\":1,\"name\":\"Home\",\"item\":\"https:\/\/www.welovecycling.com\/wide\/\"},{\"@type\":\"ListItem\",\"position\":2,\"name\":\"Mads Pedersen: The Unlikely Superstar\"}]},{\"@type\":\"WebSite\",\"@id\":\"https:\/\/www.welovecycling.com\/wide\/#website\",\"url\":\"https:\/\/www.welovecycling.com\/wide\/\",\"name\":\"\u0160koda We Love Cycling\",\"description\":\"\u0160koda We Love Cycling magazine\",\"alternateName\":\"\u0160koda WLC\",\"potentialAction\":[{\"@type\":\"SearchAction\",\"target\":{\"@type\":\"EntryPoint\",\"urlTemplate\":\"https:\/\/www.welovecycling.com\/wide\/?s={search_term_string}\"},\"query-input\":{\"@type\":\"PropertyValueSpecification\",\"valueRequired\":true,\"valueName\":\"search_term_string\"}}],\"inLanguage\":\"en-US\"},{\"@type\":\"Person\",\"@id\":\"https:\/\/www.welovecycling.com\/wide\/#\/schema\/person\/50f01ecd18718d2333cf72e823c4f926\",\"name\":\"tereza\",\"image\":{\"@type\":\"ImageObject\",\"inLanguage\":\"en-US\",\"@id\":\"https:\/\/www.welovecycling.com\/wide\/#\/schema\/person\/image\/\",\"url\":\"https:\/\/secure.gravatar.com\/avatar\/1f9eb71be33845f0afabce3791bc1c58ecdb0a25c62964987e5dbcf7a20d2ec7?s=96&d=mm&r=g\",\"contentUrl\":\"https:\/\/secure.gravatar.com\/avatar\/1f9eb71be33845f0afabce3791bc1c58ecdb0a25c62964987e5dbcf7a20d2ec7?s=96&d=mm&r=g\",\"caption\":\"tereza\"},\"url\":\"https:\/\/www.welovecycling.com\/wide\/author\/tereza\/\"}]}<\/script>\n<!-- \/ Yoast SEO Premium plugin. -->","yoast_head_json":{"title":"Mads Pedersen: The Unlikely Superstar - \u0160koda We Love Cycling","description":"This has so far been a great year for Lidl-Trek\u2019s Mads Pedersen, and it just keeps getting better and better. The 29-year-old Dane, who won the road race","robots":{"index":"index","follow":"follow","max-snippet":"max-snippet:-1","max-image-preview":"max-image-preview:large","max-video-preview":"max-video-preview:-1"},"canonical":"https:\/\/www.welovecycling.com\/wide\/2025\/05\/14\/mads-pedersen-the-unlikely-superstar\/","og_locale":"en_US","og_type":"article","og_title":"Mads Pedersen: The Unlikely Superstar","og_description":"This has so far been a great year for Lidl-Trek\u2019s Mads Pedersen, and it just keeps getting better and better. The 29-year-old Dane, who won the road race","og_url":"https:\/\/www.welovecycling.com\/wide\/2025\/05\/14\/mads-pedersen-the-unlikely-superstar\/","og_site_name":"\u0160koda We Love Cycling","article_published_time":"2025-05-14T12:48:47+00:00","og_image":[{"width":990,"height":660,"url":"https:\/\/d2p6e6u75xmxt8.cloudfront.net\/2\/2025\/05\/Mads-Pedersen-profimedia-0998667950-CVR.webp","type":"image\/webp"}],"author":"tereza","twitter_card":"summary_large_image","twitter_misc":{"Written by":"Siegfried Mortkowitz","Est. reading time":"3"},"schema":{"@context":"https:\/\/schema.org","@graph":[{"@type":"WebPage","@id":"https:\/\/www.welovecycling.com\/wide\/2025\/05\/14\/mads-pedersen-the-unlikely-superstar\/","url":"https:\/\/www.welovecycling.com\/wide\/2025\/05\/14\/mads-pedersen-the-unlikely-superstar\/","name":"Mads Pedersen: The Unlikely Superstar - \u0160koda We Love Cycling","isPartOf":{"@id":"https:\/\/www.welovecycling.com\/wide\/#website"},"primaryImageOfPage":{"@id":"https:\/\/www.welovecycling.com\/wide\/2025\/05\/14\/mads-pedersen-the-unlikely-superstar\/#primaryimage"},"image":{"@id":"https:\/\/www.welovecycling.com\/wide\/2025\/05\/14\/mads-pedersen-the-unlikely-superstar\/#primaryimage"},"thumbnailUrl":"https:\/\/d2p6e6u75xmxt8.cloudfront.net\/2\/2025\/05\/Mads-Pedersen-profimedia-0998667950-CVR.webp","datePublished":"2025-05-14T12:48:47+00:00","author":{"@id":"https:\/\/www.welovecycling.com\/wide\/#\/schema\/person\/50f01ecd18718d2333cf72e823c4f926"},"description":"This has so far been a great year for Lidl-Trek\u2019s Mads Pedersen, and it just keeps getting better and better. The 29-year-old Dane, who won the road race","breadcrumb":{"@id":"https:\/\/www.welovecycling.com\/wide\/2025\/05\/14\/mads-pedersen-the-unlikely-superstar\/#breadcrumb"},"inLanguage":"en-US","potentialAction":[{"@type":"ReadAction","target":["https:\/\/www.welovecycling.com\/wide\/2025\/05\/14\/mads-pedersen-the-unlikely-superstar\/"]}]},{"@type":"ImageObject","inLanguage":"en-US","@id":"https:\/\/www.welovecycling.com\/wide\/2025\/05\/14\/mads-pedersen-the-unlikely-superstar\/#primaryimage","url":"https:\/\/d2p6e6u75xmxt8.cloudfront.net\/2\/2025\/05\/Mads-Pedersen-profimedia-0998667950-CVR.webp","contentUrl":"https:\/\/d2p6e6u75xmxt8.cloudfront.net\/2\/2025\/05\/Mads-Pedersen-profimedia-0998667950-CVR.webp","width":990,"height":660,"caption":"Mads Pedersen"},{"@type":"BreadcrumbList","@id":"https:\/\/www.welovecycling.com\/wide\/2025\/05\/14\/mads-pedersen-the-unlikely-superstar\/#breadcrumb","itemListElement":[{"@type":"ListItem","position":1,"name":"Home","item":"https:\/\/www.welovecycling.com\/wide\/"},{"@type":"ListItem","position":2,"name":"Mads Pedersen: The Unlikely Superstar"}]},{"@type":"WebSite","@id":"https:\/\/www.welovecycling.com\/wide\/#website","url":"https:\/\/www.welovecycling.com\/wide\/","name":"\u0160koda We Love Cycling","description":"\u0160koda We Love Cycling magazine","alternateName":"\u0160koda WLC","potentialAction":[{"@type":"SearchAction","target":{"@type":"EntryPoint","urlTemplate":"https:\/\/www.welovecycling.com\/wide\/?s={search_term_string}"},"query-input":{"@type":"PropertyValueSpecification","valueRequired":true,"valueName":"search_term_string"}}],"inLanguage":"en-US"},{"@type":"Person","@id":"https:\/\/www.welovecycling.com\/wide\/#\/schema\/person\/50f01ecd18718d2333cf72e823c4f926","name":"tereza","image":{"@type":"ImageObject","inLanguage":"en-US","@id":"https:\/\/www.welovecycling.com\/wide\/#\/schema\/person\/image\/","url":"https:\/\/secure.gravatar.com\/avatar\/1f9eb71be33845f0afabce3791bc1c58ecdb0a25c62964987e5dbcf7a20d2ec7?s=96&d=mm&r=g","contentUrl":"https:\/\/secure.gravatar.com\/avatar\/1f9eb71be33845f0afabce3791bc1c58ecdb0a25c62964987e5dbcf7a20d2ec7?s=96&d=mm&r=g","caption":"tereza"},"url":"https:\/\/www.welovecycling.com\/wide\/author\/tereza\/"}]}},"_links":{"self":[{"href":"https:\/\/www.welovecycling.com\/wide\/wp-json\/wp\/v2\/posts\/198558","targetHints":{"allow":["GET"]}}],"collection":[{"href":"https:\/\/www.welovecycling.com\/wide\/wp-json\/wp\/v2\/posts"}],"about":[{"href":"https:\/\/www.welovecycling.com\/wide\/wp-json\/wp\/v2\/types\/post"}],"author":[{"embeddable":true,"href":"https:\/\/www.welovecycling.com\/wide\/wp-json\/wp\/v2\/users\/99"}],"replies":[{"embeddable":true,"href":"https:\/\/www.welovecycling.com\/wide\/wp-json\/wp\/v2\/comments?post=198558"}],"version-history":[{"count":1,"href":"https:\/\/www.welovecycling.com\/wide\/wp-json\/wp\/v2\/posts\/198558\/revisions"}],"predecessor-version":[{"id":198560,"href":"https:\/\/www.welovecycling.com\/wide\/wp-json\/wp\/v2\/posts\/198558\/revisions\/198560"}],"wp:featuredmedia":[{"embeddable":true,"href":"https:\/\/www.welovecycling.com\/wide\/wp-json\/wp\/v2\/media\/198559"}],"wp:attachment":[{"href":"https:\/\/www.welovecycling.com\/wide\/wp-json\/wp\/v2\/media?parent=198558"}],"wp:term":[{"taxonomy":"category","embeddable":true,"href":"https:\/\/www.welovecycling.com\/wide\/wp-json\/wp\/v2\/categories?post=198558"},{"taxonomy":"post_tag","embeddable":true,"href":"https:\/\/www.welovecycling.com\/wide\/wp-json\/wp\/v2\/tags?post=198558"},{"taxonomy":"global-categories","embeddable":true,"href":"https:\/\/www.welovecycling.com\/wide\/wp-json\/wp\/v2\/global-categories?post=198558"}],"curies":[{"name":"wp","href":"https:\/\/api.w.org\/{rel}","templated":true}]}}